{"id":3492,"date":"2019-07-13T16:00:58","date_gmt":"2019-07-13T19:00:58","guid":{"rendered":"https:\/\/marcelolopes.jor.br\/?p=3492"},"modified":"2019-07-13T14:35:06","modified_gmt":"2019-07-13T17:35:06","slug":"carreta-tomba-na-serra-da-vileta-em-leopoldina-e-motorista-fica-ferido","status":"publish","type":"post","link":"https:\/\/marcelolopes.jor.br\/site\/2019\/07\/13\/carreta-tomba-na-serra-da-vileta-em-leopoldina-e-motorista-fica-ferido\/","title":{"rendered":"Carreta tomba na Serra da Vileta em Leopoldina e motorista fica ferido"},"content":{"rendered":"<p style=\"text-align: justify;\">Uma carreta tombou no final da madrugada deste s\u00e1bado, 13 de julho, na Serra da Vileta, em Leopoldina. De acordo com a Pol\u00edcia Rodovi\u00e1ria Federal, o motorista foi socorrido e encaminhado ao Pronto-Socorro de Leopoldina. As causas do acidente ser\u00e3o investigadas.<!--more--><\/p>\n<p style=\"text-align: justify;\">O fato aconteceu na altura do Km 774 e envolveu uma Scania R440 que seguia carregada com 25 toneladas de sacolas pl\u00e1sticas para Natal, capital do Rio Grande do Norte. Segundo a PRF, o motorista teve ferimentos leves e foi encaminhado pelos pr\u00f3prios agentes para o Pronto-Socorro Municipal da Casa de Caridade Leopoldinense.<\/p>\n<p><img loading=\"lazy\" decoding=\"async\" class=\"aligncenter wp-image-3495\" src=\"https:\/\/marcelolopes.jor.br\/site\/wp-content\/uploads\/2019\/07\/422aa496cc154edf9eca36152d193781-300x175.jpg\" alt=\"\" width=\"400\" height=\"233\" srcset=\"https:\/\/marcelolopes.jor.br\/site\/wp-content\/uploads\/2019\/07\/422aa496cc154edf9eca36152d193781-300x175.jpg 300w, https:\/\/marcelolopes.jor.br\/site\/wp-content\/uploads\/2019\/07\/422aa496cc154edf9eca36152d193781-768x447.jpg 768w, https:\/\/marcelolopes.jor.br\/site\/wp-content\/uploads\/2019\/07\/422aa496cc154edf9eca36152d193781.jpg 892w\" sizes=\"auto, (max-width: 400px) 100vw, 400px\" \/><\/p>\n<p><img loading=\"lazy\" decoding=\"async\" class=\"aligncenter wp-image-3496\" src=\"https:\/\/marcelolopes.jor.br\/site\/wp-content\/uploads\/2019\/07\/88dc8396cc7e4e978a7109b92b7fbc73-300x175.jpg\" alt=\"\" width=\"400\" height=\"233\" srcset=\"https:\/\/marcelolopes.jor.br\/site\/wp-content\/uploads\/2019\/07\/88dc8396cc7e4e978a7109b92b7fbc73-300x175.jpg 300w, https:\/\/marcelolopes.jor.br\/site\/wp-content\/uploads\/2019\/07\/88dc8396cc7e4e978a7109b92b7fbc73-768x448.jpg 768w, https:\/\/marcelolopes.jor.br\/site\/wp-content\/uploads\/2019\/07\/88dc8396cc7e4e978a7109b92b7fbc73.jpg 891w\" sizes=\"auto, (max-width: 400px) 100vw, 400px\" \/><\/p>\n<p style=\"text-align: justify;\">Como o ve\u00edculo tombou no acostamento, o tr\u00e2nsito n\u00e3o foi interditado e n\u00e3o houve queda de carga na pista.<\/p>\n<p><em>Fonte e fotos: O Vigilante Online<\/em><\/p>\n<div class=\"bmryz69f74d41a47b4\" ><br><\/div><style type=\"text\/css\">\r\n@media screen and (min-width: 1201px) {\r\n.bmryz69f74d41a47b4 {\r\ndisplay: block;\r\n}\r\n}\r\n@media screen and (min-width: 993px) and (max-width: 1200px) {\r\n.bmryz69f74d41a47b4 {\r\ndisplay: block;\r\n}\r\n}\r\n@media screen and (min-width: 769px) and (max-width: 992px) {\r\n.bmryz69f74d41a47b4 {\r\ndisplay: block;\r\n}\r\n}\r\n@media screen and (min-width: 768px) and (max-width: 768px) {\r\n.bmryz69f74d41a47b4 {\r\ndisplay: block;\r\n}\r\n}\r\n@media screen and (max-width: 767px) {\r\n.bmryz69f74d41a47b4 {\r\ndisplay: block;\r\n}\r\n}\r\n<\/style>\r\n<div class=\"spfin69f74d41ab31a\" ><div id=\"div_destino\"><\/div>\r\n<script src=\"https:\/\/cdn.snsrsv.com\/sdk.js\"><\/script>\r\n<script >\r\n      new sdk(\"464030C30061EA8BE065000000000001\") \r\n          .appendTo(\"div_destino\")\r\n          .disableStyle(true) \r\n          .setCacheBusterMacro(\"%%CACHEBUSTER%%\")\r\n          .setSize(\"800\",\"214\")\r\n          .setClickMacro(\"%%CLICK_URL_ESC%%\") \r\n          .setReferrerUrlMacro(\"%%REFERRER_URL_ESC%%\") \r\n          .start(); \r\n<\/script><\/div><style type=\"text\/css\">\r\n@media screen and (min-width: 1201px) {\r\n.spfin69f74d41ab31a {\r\ndisplay: block;\r\n}\r\n}\r\n@media screen and (min-width: 993px) and (max-width: 1200px) {\r\n.spfin69f74d41ab31a {\r\ndisplay: block;\r\n}\r\n}\r\n@media screen and (min-width: 769px) and (max-width: 992px) {\r\n.spfin69f74d41ab31a {\r\ndisplay: block;\r\n}\r\n}\r\n@media screen and (min-width: 768px) and (max-width: 768px) {\r\n.spfin69f74d41ab31a {\r\ndisplay: block;\r\n}\r\n}\r\n@media screen and (max-width: 767px) {\r\n.spfin69f74d41ab31a {\r\ndisplay: block;\r\n}\r\n}\r\n<\/style>\r\n","protected":false},"excerpt":{"rendered":"<p>Uma carreta tombou no final da madrugada deste s\u00e1bado, 13 de julho, na Serra da Vileta, em Leopoldina. De acordo com a Pol\u00edcia Rodovi\u00e1ria Federal, o motorista foi socorrido e encaminhado ao Pronto-Socorro de Leopoldina. As causas do acidente ser\u00e3o<\/p>\n<p class=\"link-more\"><a class=\"more-link\" href=\"https:\/\/marcelolopes.jor.br\/site\/2019\/07\/13\/carreta-tomba-na-serra-da-vileta-em-leopoldina-e-motorista-fica-ferido\/\">Leia mais <span class=\"screen-reader-text\">Carreta tomba na Serra da Vileta em Leopoldina e motorista fica ferido<\/span><\/a><\/p>\n","protected":false},"author":2,"featured_media":3494,"comment_status":"open","ping_status":"open","sticky":false,"template":"","format":"standard","meta":{"footnotes":""},"categories":[1],"tags":[124,142,140,764],"class_list":["post-3492","post","type-post","status-publish","format-standard","has-post-thumbnail","hentry","category-noticias","tag-acidente","tag-br-116","tag-carreta","tag-serra-da-vileta","thumb-below-title"],"yoast_head":"<!-- This site is optimized with the Yoast SEO plugin v27.4 - https:\/\/yoast.com\/product\/yoast-seo-wordpress\/ -->\n<title>Carreta tomba na Serra da Vileta em Leopoldina e motorista fica ferido | Marcelo Lopes<\/title>\n<meta name=\"robots\" content=\"index, follow, max-snippet:-1, max-image-preview:large, max-video-preview:-1\" \/>\n<link rel=\"canonical\" href=\"https:\/\/marcelolopes.jor.br\/site\/2019\/07\/13\/carreta-tomba-na-serra-da-vileta-em-leopoldina-e-motorista-fica-ferido\/\" \/>\n<meta property=\"og:locale\" content=\"pt_BR\" \/>\n<meta property=\"og:type\" content=\"article\" \/>\n<meta property=\"og:title\" content=\"Carreta tomba na Serra da Vileta em Leopoldina e motorista fica ferido | Marcelo Lopes\" \/>\n<meta property=\"og:description\" content=\"Uma carreta tombou no final da madrugada deste s\u00e1bado, 13 de julho, na Serra da Vileta, em Leopoldina. De acordo com a Pol\u00edcia Rodovi\u00e1ria Federal, o motorista foi socorrido e encaminhado ao Pronto-Socorro de Leopoldina. As causas do acidente ser\u00e3oLeia mais Carreta tomba na Serra da Vileta em Leopoldina e motorista fica ferido\" \/>\n<meta property=\"og:url\" content=\"https:\/\/marcelolopes.jor.br\/site\/2019\/07\/13\/carreta-tomba-na-serra-da-vileta-em-leopoldina-e-motorista-fica-ferido\/\" \/>\n<meta property=\"og:site_name\" content=\"Marcelo Lopes\" \/>\n<meta property=\"article:publisher\" content=\"https:\/\/www.facebook.com\/sitedomarcelolopes\" \/>\n<meta property=\"article:published_time\" content=\"2019-07-13T19:00:58+00:00\" \/>\n<meta property=\"og:image\" content=\"https:\/\/marcelolopes.jor.br\/site\/wp-content\/uploads\/2019\/07\/452d6de051d9432e8d773a8a17b88285.jpg\" \/>\n\t<meta property=\"og:image:width\" content=\"895\" \/>\n\t<meta property=\"og:image:height\" content=\"484\" \/>\n\t<meta property=\"og:image:type\" content=\"image\/jpeg\" \/>\n<meta name=\"author\" content=\"Marcelo Lopes\" \/>\n<meta name=\"twitter:card\" content=\"summary_large_image\" \/>\n<meta name=\"twitter:label1\" content=\"Escrito por\" \/>\n\t<meta name=\"twitter:data1\" content=\"Marcelo Lopes\" \/>\n\t<meta name=\"twitter:label2\" content=\"Est. tempo de leitura\" \/>\n\t<meta name=\"twitter:data2\" content=\"1 minuto\" \/>\n<script type=\"application\/ld+json\" class=\"yoast-schema-graph\">{\"@context\":\"https:\\\/\\\/schema.org\",\"@graph\":[{\"@type\":\"NewsArticle\",\"@id\":\"https:\\\/\\\/marcelolopes.jor.br\\\/site\\\/2019\\\/07\\\/13\\\/carreta-tomba-na-serra-da-vileta-em-leopoldina-e-motorista-fica-ferido\\\/#article\",\"isPartOf\":{\"@id\":\"https:\\\/\\\/marcelolopes.jor.br\\\/site\\\/2019\\\/07\\\/13\\\/carreta-tomba-na-serra-da-vileta-em-leopoldina-e-motorista-fica-ferido\\\/\"},\"author\":{\"name\":\"Marcelo Lopes\",\"@id\":\"https:\\\/\\\/marcelolopes.jor.br\\\/site\\\/#\\\/schema\\\/person\\\/3e7216a35c34d8fdf952b31da3d1f89f\"},\"headline\":\"Carreta tomba na Serra da Vileta em Leopoldina e motorista fica ferido\",\"datePublished\":\"2019-07-13T19:00:58+00:00\",\"mainEntityOfPage\":{\"@id\":\"https:\\\/\\\/marcelolopes.jor.br\\\/site\\\/2019\\\/07\\\/13\\\/carreta-tomba-na-serra-da-vileta-em-leopoldina-e-motorista-fica-ferido\\\/\"},\"wordCount\":138,\"commentCount\":0,\"publisher\":{\"@id\":\"https:\\\/\\\/marcelolopes.jor.br\\\/site\\\/#organization\"},\"image\":{\"@id\":\"https:\\\/\\\/marcelolopes.jor.br\\\/site\\\/2019\\\/07\\\/13\\\/carreta-tomba-na-serra-da-vileta-em-leopoldina-e-motorista-fica-ferido\\\/#primaryimage\"},\"thumbnailUrl\":\"https:\\\/\\\/marcelolopes.jor.br\\\/site\\\/wp-content\\\/uploads\\\/2019\\\/07\\\/452d6de051d9432e8d773a8a17b88285.jpg\",\"keywords\":[\"acidente\",\"BR-116\",\"carreta\",\"Serra da Vileta\"],\"articleSection\":[\"Not\u00edcias\"],\"inLanguage\":\"pt-BR\",\"potentialAction\":[{\"@type\":\"CommentAction\",\"name\":\"Comment\",\"target\":[\"https:\\\/\\\/marcelolopes.jor.br\\\/site\\\/2019\\\/07\\\/13\\\/carreta-tomba-na-serra-da-vileta-em-leopoldina-e-motorista-fica-ferido\\\/#respond\"]}]},{\"@type\":\"WebPage\",\"@id\":\"https:\\\/\\\/marcelolopes.jor.br\\\/site\\\/2019\\\/07\\\/13\\\/carreta-tomba-na-serra-da-vileta-em-leopoldina-e-motorista-fica-ferido\\\/\",\"url\":\"https:\\\/\\\/marcelolopes.jor.br\\\/site\\\/2019\\\/07\\\/13\\\/carreta-tomba-na-serra-da-vileta-em-leopoldina-e-motorista-fica-ferido\\\/\",\"name\":\"Carreta tomba na Serra da Vileta em Leopoldina e motorista fica ferido | Marcelo Lopes\",\"isPartOf\":{\"@id\":\"https:\\\/\\\/marcelolopes.jor.br\\\/site\\\/#website\"},\"primaryImageOfPage\":{\"@id\":\"https:\\\/\\\/marcelolopes.jor.br\\\/site\\\/2019\\\/07\\\/13\\\/carreta-tomba-na-serra-da-vileta-em-leopoldina-e-motorista-fica-ferido\\\/#primaryimage\"},\"image\":{\"@id\":\"https:\\\/\\\/marcelolopes.jor.br\\\/site\\\/2019\\\/07\\\/13\\\/carreta-tomba-na-serra-da-vileta-em-leopoldina-e-motorista-fica-ferido\\\/#primaryimage\"},\"thumbnailUrl\":\"https:\\\/\\\/marcelolopes.jor.br\\\/site\\\/wp-content\\\/uploads\\\/2019\\\/07\\\/452d6de051d9432e8d773a8a17b88285.jpg\",\"datePublished\":\"2019-07-13T19:00:58+00:00\",\"breadcrumb\":{\"@id\":\"https:\\\/\\\/marcelolopes.jor.br\\\/site\\\/2019\\\/07\\\/13\\\/carreta-tomba-na-serra-da-vileta-em-leopoldina-e-motorista-fica-ferido\\\/#breadcrumb\"},\"inLanguage\":\"pt-BR\",\"potentialAction\":[{\"@type\":\"ReadAction\",\"target\":[\"https:\\\/\\\/marcelolopes.jor.br\\\/site\\\/2019\\\/07\\\/13\\\/carreta-tomba-na-serra-da-vileta-em-leopoldina-e-motorista-fica-ferido\\\/\"]}]},{\"@type\":\"ImageObject\",\"inLanguage\":\"pt-BR\",\"@id\":\"https:\\\/\\\/marcelolopes.jor.br\\\/site\\\/2019\\\/07\\\/13\\\/carreta-tomba-na-serra-da-vileta-em-leopoldina-e-motorista-fica-ferido\\\/#primaryimage\",\"url\":\"https:\\\/\\\/marcelolopes.jor.br\\\/site\\\/wp-content\\\/uploads\\\/2019\\\/07\\\/452d6de051d9432e8d773a8a17b88285.jpg\",\"contentUrl\":\"https:\\\/\\\/marcelolopes.jor.br\\\/site\\\/wp-content\\\/uploads\\\/2019\\\/07\\\/452d6de051d9432e8d773a8a17b88285.jpg\",\"width\":895,\"height\":484},{\"@type\":\"BreadcrumbList\",\"@id\":\"https:\\\/\\\/marcelolopes.jor.br\\\/site\\\/2019\\\/07\\\/13\\\/carreta-tomba-na-serra-da-vileta-em-leopoldina-e-motorista-fica-ferido\\\/#breadcrumb\",\"itemListElement\":[{\"@type\":\"ListItem\",\"position\":1,\"name\":\"Home\",\"item\":\"https:\\\/\\\/marcelolopes.jor.br\\\/site\\\/\"},{\"@type\":\"ListItem\",\"position\":2,\"name\":\"Carreta tomba na Serra da Vileta em Leopoldina e motorista fica ferido\"}]},{\"@type\":\"WebSite\",\"@id\":\"https:\\\/\\\/marcelolopes.jor.br\\\/site\\\/#website\",\"url\":\"https:\\\/\\\/marcelolopes.jor.br\\\/site\\\/\",\"name\":\"Marcelo Lopes\",\"description\":\"Not\u00edcias de Cataguases e Regi\u00e3o\",\"publisher\":{\"@id\":\"https:\\\/\\\/marcelolopes.jor.br\\\/site\\\/#organization\"},\"potentialAction\":[{\"@type\":\"SearchAction\",\"target\":{\"@type\":\"EntryPoint\",\"urlTemplate\":\"https:\\\/\\\/marcelolopes.jor.br\\\/site\\\/?s={search_term_string}\"},\"query-input\":{\"@type\":\"PropertyValueSpecification\",\"valueRequired\":true,\"valueName\":\"search_term_string\"}}],\"inLanguage\":\"pt-BR\"},{\"@type\":\"Organization\",\"@id\":\"https:\\\/\\\/marcelolopes.jor.br\\\/site\\\/#organization\",\"name\":\"Site do Marcelo Lopes\",\"url\":\"https:\\\/\\\/marcelolopes.jor.br\\\/site\\\/\",\"logo\":{\"@type\":\"ImageObject\",\"inLanguage\":\"pt-BR\",\"@id\":\"https:\\\/\\\/marcelolopes.jor.br\\\/site\\\/#\\\/schema\\\/logo\\\/image\\\/\",\"url\":\"https:\\\/\\\/marcelolopes.jor.br\\\/site\\\/wp-content\\\/uploads\\\/2024\\\/11\\\/logo-1.png\",\"contentUrl\":\"https:\\\/\\\/marcelolopes.jor.br\\\/site\\\/wp-content\\\/uploads\\\/2024\\\/11\\\/logo-1.png\",\"width\":475,\"height\":80,\"caption\":\"Site do Marcelo Lopes\"},\"image\":{\"@id\":\"https:\\\/\\\/marcelolopes.jor.br\\\/site\\\/#\\\/schema\\\/logo\\\/image\\\/\"},\"sameAs\":[\"https:\\\/\\\/www.facebook.com\\\/sitedomarcelolopes\",\"https:\\\/\\\/www.instagram.com\\\/sitedomarcelolopes\\\/\",\"https:\\\/\\\/www.linkedin.com\\\/company\\\/site-do-marcelo-lopes\\\/\",\"https:\\\/\\\/www.youtube.com\\\/user\\\/marcelolopes957\"]},{\"@type\":\"Person\",\"@id\":\"https:\\\/\\\/marcelolopes.jor.br\\\/site\\\/#\\\/schema\\\/person\\\/3e7216a35c34d8fdf952b31da3d1f89f\",\"name\":\"Marcelo Lopes\",\"sameAs\":[\"http:\\\/\\\/www.marcelolopes.jor.br\"],\"url\":\"https:\\\/\\\/marcelolopes.jor.br\\\/site\\\/author\\\/marcelo\\\/\"}]}<\/script>\n<!-- \/ Yoast SEO plugin. -->","yoast_head_json":{"title":"Carreta tomba na Serra da Vileta em Leopoldina e motorista fica ferido | Marcelo Lopes","robots":{"index":"index","follow":"follow","max-snippet":"max-snippet:-1","max-image-preview":"max-image-preview:large","max-video-preview":"max-video-preview:-1"},"canonical":"https:\/\/marcelolopes.jor.br\/site\/2019\/07\/13\/carreta-tomba-na-serra-da-vileta-em-leopoldina-e-motorista-fica-ferido\/","og_locale":"pt_BR","og_type":"article","og_title":"Carreta tomba na Serra da Vileta em Leopoldina e motorista fica ferido | Marcelo Lopes","og_description":"Uma carreta tombou no final da madrugada deste s\u00e1bado, 13 de julho, na Serra da Vileta, em Leopoldina. De acordo com a Pol\u00edcia Rodovi\u00e1ria Federal, o motorista foi socorrido e encaminhado ao Pronto-Socorro de Leopoldina. As causas do acidente ser\u00e3oLeia mais Carreta tomba na Serra da Vileta em Leopoldina e motorista fica ferido","og_url":"https:\/\/marcelolopes.jor.br\/site\/2019\/07\/13\/carreta-tomba-na-serra-da-vileta-em-leopoldina-e-motorista-fica-ferido\/","og_site_name":"Marcelo Lopes","article_publisher":"https:\/\/www.facebook.com\/sitedomarcelolopes","article_published_time":"2019-07-13T19:00:58+00:00","og_image":[{"width":895,"height":484,"url":"https:\/\/marcelolopes.jor.br\/site\/wp-content\/uploads\/2019\/07\/452d6de051d9432e8d773a8a17b88285.jpg","type":"image\/jpeg"}],"author":"Marcelo Lopes","twitter_card":"summary_large_image","twitter_misc":{"Escrito por":"Marcelo Lopes","Est. tempo de leitura":"1 minuto"},"schema":{"@context":"https:\/\/schema.org","@graph":[{"@type":"NewsArticle","@id":"https:\/\/marcelolopes.jor.br\/site\/2019\/07\/13\/carreta-tomba-na-serra-da-vileta-em-leopoldina-e-motorista-fica-ferido\/#article","isPartOf":{"@id":"https:\/\/marcelolopes.jor.br\/site\/2019\/07\/13\/carreta-tomba-na-serra-da-vileta-em-leopoldina-e-motorista-fica-ferido\/"},"author":{"name":"Marcelo Lopes","@id":"https:\/\/marcelolopes.jor.br\/site\/#\/schema\/person\/3e7216a35c34d8fdf952b31da3d1f89f"},"headline":"Carreta tomba na Serra da Vileta em Leopoldina e motorista fica ferido","datePublished":"2019-07-13T19:00:58+00:00","mainEntityOfPage":{"@id":"https:\/\/marcelolopes.jor.br\/site\/2019\/07\/13\/carreta-tomba-na-serra-da-vileta-em-leopoldina-e-motorista-fica-ferido\/"},"wordCount":138,"commentCount":0,"publisher":{"@id":"https:\/\/marcelolopes.jor.br\/site\/#organization"},"image":{"@id":"https:\/\/marcelolopes.jor.br\/site\/2019\/07\/13\/carreta-tomba-na-serra-da-vileta-em-leopoldina-e-motorista-fica-ferido\/#primaryimage"},"thumbnailUrl":"https:\/\/marcelolopes.jor.br\/site\/wp-content\/uploads\/2019\/07\/452d6de051d9432e8d773a8a17b88285.jpg","keywords":["acidente","BR-116","carreta","Serra da Vileta"],"articleSection":["Not\u00edcias"],"inLanguage":"pt-BR","potentialAction":[{"@type":"CommentAction","name":"Comment","target":["https:\/\/marcelolopes.jor.br\/site\/2019\/07\/13\/carreta-tomba-na-serra-da-vileta-em-leopoldina-e-motorista-fica-ferido\/#respond"]}]},{"@type":"WebPage","@id":"https:\/\/marcelolopes.jor.br\/site\/2019\/07\/13\/carreta-tomba-na-serra-da-vileta-em-leopoldina-e-motorista-fica-ferido\/","url":"https:\/\/marcelolopes.jor.br\/site\/2019\/07\/13\/carreta-tomba-na-serra-da-vileta-em-leopoldina-e-motorista-fica-ferido\/","name":"Carreta tomba na Serra da Vileta em Leopoldina e motorista fica ferido | Marcelo Lopes","isPartOf":{"@id":"https:\/\/marcelolopes.jor.br\/site\/#website"},"primaryImageOfPage":{"@id":"https:\/\/marcelolopes.jor.br\/site\/2019\/07\/13\/carreta-tomba-na-serra-da-vileta-em-leopoldina-e-motorista-fica-ferido\/#primaryimage"},"image":{"@id":"https:\/\/marcelolopes.jor.br\/site\/2019\/07\/13\/carreta-tomba-na-serra-da-vileta-em-leopoldina-e-motorista-fica-ferido\/#primaryimage"},"thumbnailUrl":"https:\/\/marcelolopes.jor.br\/site\/wp-content\/uploads\/2019\/07\/452d6de051d9432e8d773a8a17b88285.jpg","datePublished":"2019-07-13T19:00:58+00:00","breadcrumb":{"@id":"https:\/\/marcelolopes.jor.br\/site\/2019\/07\/13\/carreta-tomba-na-serra-da-vileta-em-leopoldina-e-motorista-fica-ferido\/#breadcrumb"},"inLanguage":"pt-BR","potentialAction":[{"@type":"ReadAction","target":["https:\/\/marcelolopes.jor.br\/site\/2019\/07\/13\/carreta-tomba-na-serra-da-vileta-em-leopoldina-e-motorista-fica-ferido\/"]}]},{"@type":"ImageObject","inLanguage":"pt-BR","@id":"https:\/\/marcelolopes.jor.br\/site\/2019\/07\/13\/carreta-tomba-na-serra-da-vileta-em-leopoldina-e-motorista-fica-ferido\/#primaryimage","url":"https:\/\/marcelolopes.jor.br\/site\/wp-content\/uploads\/2019\/07\/452d6de051d9432e8d773a8a17b88285.jpg","contentUrl":"https:\/\/marcelolopes.jor.br\/site\/wp-content\/uploads\/2019\/07\/452d6de051d9432e8d773a8a17b88285.jpg","width":895,"height":484},{"@type":"BreadcrumbList","@id":"https:\/\/marcelolopes.jor.br\/site\/2019\/07\/13\/carreta-tomba-na-serra-da-vileta-em-leopoldina-e-motorista-fica-ferido\/#breadcrumb","itemListElement":[{"@type":"ListItem","position":1,"name":"Home","item":"https:\/\/marcelolopes.jor.br\/site\/"},{"@type":"ListItem","position":2,"name":"Carreta tomba na Serra da Vileta em Leopoldina e motorista fica ferido"}]},{"@type":"WebSite","@id":"https:\/\/marcelolopes.jor.br\/site\/#website","url":"https:\/\/marcelolopes.jor.br\/site\/","name":"Marcelo Lopes","description":"Not\u00edcias de Cataguases e Regi\u00e3o","publisher":{"@id":"https:\/\/marcelolopes.jor.br\/site\/#organization"},"potentialAction":[{"@type":"SearchAction","target":{"@type":"EntryPoint","urlTemplate":"https:\/\/marcelolopes.jor.br\/site\/?s={search_term_string}"},"query-input":{"@type":"PropertyValueSpecification","valueRequired":true,"valueName":"search_term_string"}}],"inLanguage":"pt-BR"},{"@type":"Organization","@id":"https:\/\/marcelolopes.jor.br\/site\/#organization","name":"Site do Marcelo Lopes","url":"https:\/\/marcelolopes.jor.br\/site\/","logo":{"@type":"ImageObject","inLanguage":"pt-BR","@id":"https:\/\/marcelolopes.jor.br\/site\/#\/schema\/logo\/image\/","url":"https:\/\/marcelolopes.jor.br\/site\/wp-content\/uploads\/2024\/11\/logo-1.png","contentUrl":"https:\/\/marcelolopes.jor.br\/site\/wp-content\/uploads\/2024\/11\/logo-1.png","width":475,"height":80,"caption":"Site do Marcelo Lopes"},"image":{"@id":"https:\/\/marcelolopes.jor.br\/site\/#\/schema\/logo\/image\/"},"sameAs":["https:\/\/www.facebook.com\/sitedomarcelolopes","https:\/\/www.instagram.com\/sitedomarcelolopes\/","https:\/\/www.linkedin.com\/company\/site-do-marcelo-lopes\/","https:\/\/www.youtube.com\/user\/marcelolopes957"]},{"@type":"Person","@id":"https:\/\/marcelolopes.jor.br\/site\/#\/schema\/person\/3e7216a35c34d8fdf952b31da3d1f89f","name":"Marcelo Lopes","sameAs":["http:\/\/www.marcelolopes.jor.br"],"url":"https:\/\/marcelolopes.jor.br\/site\/author\/marcelo\/"}]}},"wps_subtitle":"Ve\u00edculo carregava 25 toneladas de sacolas pl\u00e1sticas para capital do Rio Grande do Norte.","_links":{"self":[{"href":"https:\/\/marcelolopes.jor.br\/site\/wp-json\/wp\/v2\/posts\/3492","targetHints":{"allow":["GET"]}}],"collection":[{"href":"https:\/\/marcelolopes.jor.br\/site\/wp-json\/wp\/v2\/posts"}],"about":[{"href":"https:\/\/marcelolopes.jor.br\/site\/wp-json\/wp\/v2\/types\/post"}],"author":[{"embeddable":true,"href":"https:\/\/marcelolopes.jor.br\/site\/wp-json\/wp\/v2\/users\/2"}],"replies":[{"embeddable":true,"href":"https:\/\/marcelolopes.jor.br\/site\/wp-json\/wp\/v2\/comments?post=3492"}],"version-history":[{"count":0,"href":"https:\/\/marcelolopes.jor.br\/site\/wp-json\/wp\/v2\/posts\/3492\/revisions"}],"wp:featuredmedia":[{"embeddable":true,"href":"https:\/\/marcelolopes.jor.br\/site\/wp-json\/wp\/v2\/media\/3494"}],"wp:attachment":[{"href":"https:\/\/marcelolopes.jor.br\/site\/wp-json\/wp\/v2\/media?parent=3492"}],"wp:term":[{"taxonomy":"category","embeddable":true,"href":"https:\/\/marcelolopes.jor.br\/site\/wp-json\/wp\/v2\/categories?post=3492"},{"taxonomy":"post_tag","embeddable":true,"href":"https:\/\/marcelolopes.jor.br\/site\/wp-json\/wp\/v2\/tags?post=3492"}],"curies":[{"name":"wp","href":"https:\/\/api.w.org\/{rel}","templated":true}]}}