{"id":34867,"date":"2022-07-31T19:00:22","date_gmt":"2022-07-31T22:00:22","guid":{"rendered":"https:\/\/marcelolopes.jor.br\/?p=34867"},"modified":"2022-07-31T18:10:08","modified_gmt":"2022-07-31T21:10:08","slug":"censo-2022-comeca-em-cataguases-nesta-segunda-feira-1o","status":"publish","type":"post","link":"https:\/\/marcelolopes.jor.br\/site\/2022\/07\/31\/censo-2022-comeca-em-cataguases-nesta-segunda-feira-1o\/","title":{"rendered":"Censo 2022 come\u00e7a em Cataguases nesta segunda-feira, 1\u00ba"},"content":{"rendered":"<p style=\"text-align: justify;\">O Censo 2022 come\u00e7a em Cataguases amanh\u00e3, 1\u00ba de agosto. A informa\u00e7\u00e3o \u00e9 do Instituto Brasileiro de Geografia e Estat\u00edstica (IBGE) que dar\u00e1 in\u00edcio \u00e0 coleta dos dados demogr\u00e1ficos em Cataguases e em todas as cidades da Zona da Mata.<!--more--><\/p>\n<p style=\"text-align: justify;\">De acordo com o <a href=\"http:\/\/www.ibge.gov.br\"><strong><span style=\"color: #800000;\">IBGE<\/span><\/strong><\/a>, o levantamento deveria ter sido realizado em 2020, mas foi adiado por causa da pandemia de Covid-19. A pesquisa \u00e9 feita de 10 em 10 anos.<\/p>\n<p style=\"text-align: justify;\">Confira abaixo mais informa\u00e7\u00f5es sobre o Censo 2022 e tire suas d\u00favidas sobre o assunto.<\/p>\n<h4 style=\"text-align: justify;\">Papel do Censo<\/h4>\n<p style=\"text-align: justify;\">O Censo coleta dados da popula\u00e7\u00e3o e permite tra\u00e7ar um retrato abrangente do pa\u00eds. Al\u00e9m da contagem populacional, a pesquisa traz informa\u00e7\u00f5es sobre condi\u00e7\u00f5es de vida, emprego, renda, acesso a saneamento, sa\u00fade e escolaridade, entre outros.<\/p>\n<h6 style=\"text-align: justify;\">Veja algumas das pol\u00edticas p\u00fablicas baseadas no Censo:<\/h6>\n<p style=\"text-align: justify;\"><strong><span style=\"color: #008000;\">\u21d2<\/span><\/strong> calibragem da democracia representativa, atrav\u00e9s da contagem populacional (defini\u00e7\u00e3o do n\u00famero de deputados federais e estaduais e de vereadores);<br \/>\n<strong><span style=\"color: #008000;\">\u21d2<\/span><\/strong> determina\u00e7\u00e3o dos p\u00fablicos-alvo de pol\u00edticas p\u00fablicas federais, estaduais e municipais;<br \/>\n<strong><span style=\"color: #008000;\">\u21d2<\/span><\/strong> detalhamento da popula\u00e7\u00e3o em risco para campanhas de vacina\u00e7\u00e3o;<br \/>\n<strong><span style=\"color: #008000;\">\u21d2<\/span><\/strong> ajustes nas pol\u00edticas para supera\u00e7\u00e3o e recupera\u00e7\u00e3o p\u00f3s-pandemia;<br \/>\n<strong><span style=\"color: #008000;\">\u21d2<\/span><\/strong> distribui\u00e7\u00e3o das transfer\u00eancias da Uni\u00e3o para estados e munic\u00edpios, com impacto significativo nos or\u00e7amentos p\u00fablicos (segundo o IBGE, em 2019, 65% do montante total transferido da Uni\u00e3o para estados e munic\u00edpios consideraram dados de popula\u00e7\u00e3o);<br \/>\n<strong><span style=\"color: #008000;\">\u21d2<\/span><\/strong> transfer\u00eancias e recursos para a administra\u00e7\u00e3o do Bolsa Fam\u00edlia;<br \/>\n<strong><span style=\"color: #008000;\">\u21d2<\/span><\/strong> identifica\u00e7\u00e3o de \u00e1reas de investimento priorit\u00e1rio em sa\u00fade, educa\u00e7\u00e3o, habita\u00e7\u00e3o, transportes, energia, programas de assist\u00eancia a crian\u00e7as, jovens e idosos.<\/p>\n<h4 style=\"text-align: justify;\">Como tirar d\u00favidas?<\/h4>\n<p style=\"text-align: justify;\">O Censo 2022 ter\u00e1 uma central telef\u00f4nica exclusiva para esclarecer as d\u00favidas da popula\u00e7\u00e3o durante a coleta domiciliar.<\/p>\n<p style=\"text-align: justify;\">De acordo com o IBGE, o Centro de Apoio ao Censo (CAC), dispon\u00edvel via 0800-721-8181, ter\u00e1 180 agentes censit\u00e1rios para auxiliar a sociedade a preencher o question\u00e1rio via internet ou telefone.<\/p>\n<p style=\"text-align: justify;\">O hor\u00e1rio de funcionamento do CAC ser\u00e1 das 8h \u00e0s 21h30, todos os dias da semana, de domingo a domingo.<\/p>\n<h4 style=\"text-align: justify;\">Como preencher o question\u00e1rio?<\/h4>\n<p style=\"text-align: justify;\">Assim como no Censo de 2010, tamb\u00e9m no Censo 2022 os moradores poder\u00e3o escolher a op\u00e7\u00e3o de preenchimento do question\u00e1rio via internet.<\/p>\n<p style=\"text-align: justify;\">Ap\u00f3s uma visita inicial obrigat\u00f3ria, na qual o recenseador tamb\u00e9m registrar\u00e1 as coordenadas de cada endere\u00e7o, o morador poder\u00e1 fazer a escolha pelo autopreenchimento via internet. A partir da\u00ed, ser\u00e1 gerado um e-ticket, com prazo de validade de 7 dias.<\/p>\n<h4 style=\"text-align: justify;\">Como confirmar a identidade dos trabalhadores do IBGE?<\/h4>\n<p style=\"text-align: justify;\">A popula\u00e7\u00e3o pode confirmar a identidade dos recenseadores e dos agentes de pesquisa do IBGE tamb\u00e9m pelo <strong><span style=\"color: #008000;\">0800-721-8181<\/span><\/strong> ou diretamente pelo site <strong><span style=\"color: #008000;\">&#8220;Respondendo ao IBGE&#8221;<\/span><\/strong>.<\/p>\n<p style=\"text-align: justify;\"><strong>LEIA TAMB\u00c9M<\/strong><br \/>\n<strong><span style=\"color: #800000;\">IBGE divulga o resultado do concurso para o Censo 2022<\/span><\/strong><br \/>\n<a href=\"https:\/\/marcelolopes.jor.br\/2022\/01\/30\/ibge-anuncia-que-censo-2022-comecara-em-1o-de-agosto\/\"><strong><span style=\"color: #800000;\">IBGE anuncia que Censo 2022 come\u00e7ar\u00e1 em 1\u00ba de agosto<\/span><\/strong><\/a><\/p>\n<p>Fonte: g1 Zona da Mata | Foto: Prefeitura de Praia Grande<\/p>\n<div class=\"wtvsl69f710fb50ad0\" ><br><\/div><style type=\"text\/css\">\r\n@media screen and (min-width: 1201px) {\r\n.wtvsl69f710fb50ad0 {\r\ndisplay: block;\r\n}\r\n}\r\n@media screen and (min-width: 993px) and (max-width: 1200px) {\r\n.wtvsl69f710fb50ad0 {\r\ndisplay: block;\r\n}\r\n}\r\n@media screen and (min-width: 769px) and (max-width: 992px) {\r\n.wtvsl69f710fb50ad0 {\r\ndisplay: block;\r\n}\r\n}\r\n@media screen and (min-width: 768px) and (max-width: 768px) {\r\n.wtvsl69f710fb50ad0 {\r\ndisplay: block;\r\n}\r\n}\r\n@media screen and (max-width: 767px) {\r\n.wtvsl69f710fb50ad0 {\r\ndisplay: block;\r\n}\r\n}\r\n<\/style>\r\n<div class=\"eahkv69f710fb56da6\" ><div id=\"div_destino\"><\/div>\r\n<script src=\"https:\/\/cdn.snsrsv.com\/sdk.js\"><\/script>\r\n<script >\r\n      new sdk(\"464030C30061EA8BE065000000000001\") \r\n          .appendTo(\"div_destino\")\r\n          .disableStyle(true) \r\n          .setCacheBusterMacro(\"%%CACHEBUSTER%%\")\r\n          .setSize(\"800\",\"214\")\r\n          .setClickMacro(\"%%CLICK_URL_ESC%%\") \r\n          .setReferrerUrlMacro(\"%%REFERRER_URL_ESC%%\") \r\n          .start(); \r\n<\/script><\/div><style type=\"text\/css\">\r\n@media screen and (min-width: 1201px) {\r\n.eahkv69f710fb56da6 {\r\ndisplay: block;\r\n}\r\n}\r\n@media screen and (min-width: 993px) and (max-width: 1200px) {\r\n.eahkv69f710fb56da6 {\r\ndisplay: block;\r\n}\r\n}\r\n@media screen and (min-width: 769px) and (max-width: 992px) {\r\n.eahkv69f710fb56da6 {\r\ndisplay: block;\r\n}\r\n}\r\n@media screen and (min-width: 768px) and (max-width: 768px) {\r\n.eahkv69f710fb56da6 {\r\ndisplay: block;\r\n}\r\n}\r\n@media screen and (max-width: 767px) {\r\n.eahkv69f710fb56da6 {\r\ndisplay: block;\r\n}\r\n}\r\n<\/style>\r\n","protected":false},"excerpt":{"rendered":"<p>O Censo 2022 come\u00e7a em Cataguases amanh\u00e3, 1\u00ba de agosto. A informa\u00e7\u00e3o \u00e9 do Instituto Brasileiro de Geografia e Estat\u00edstica (IBGE) que dar\u00e1 in\u00edcio \u00e0 coleta dos dados demogr\u00e1ficos em Cataguases e em todas as cidades da Zona da Mata.<\/p>\n","protected":false},"author":2,"featured_media":34868,"comment_status":"open","ping_status":"open","sticky":false,"template":"","format":"standard","meta":{"footnotes":""},"categories":[1],"tags":[5272,6091,311,6406],"class_list":["post-34867","post","type-post","status-publish","format-standard","has-post-thumbnail","hentry","category-noticias","tag-censo-2022","tag-censo-ibge","tag-ibge","tag-inicio-do-censo","thumb-below-title"],"yoast_head":"<!-- This site is optimized with the Yoast SEO plugin v27.4 - https:\/\/yoast.com\/product\/yoast-seo-wordpress\/ -->\n<title>Censo 2022 come\u00e7a em Cataguases nesta segunda-feira, 1\u00ba<\/title>\n<meta name=\"description\" content=\"Censo 2022 come\u00e7a em Cataguases nesta segunda-feira, 1\u00ba. Saiba como identificar um trabalhador do IBGE e outras informa\u00e7\u00f5es.\" \/>\n<meta name=\"robots\" content=\"index, follow, max-snippet:-1, max-image-preview:large, max-video-preview:-1\" \/>\n<link rel=\"canonical\" href=\"https:\/\/marcelolopes.jor.br\/site\/2022\/07\/31\/censo-2022-comeca-em-cataguases-nesta-segunda-feira-1o\/\" \/>\n<meta property=\"og:locale\" content=\"pt_BR\" \/>\n<meta property=\"og:type\" content=\"article\" \/>\n<meta property=\"og:title\" content=\"Censo 2022 come\u00e7a em Cataguases nesta segunda-feira, 1\u00ba\" \/>\n<meta property=\"og:description\" content=\"Censo 2022 come\u00e7a em Cataguases nesta segunda-feira, 1\u00ba. Saiba como identificar um trabalhador do IBGE e outras informa\u00e7\u00f5es.\" \/>\n<meta property=\"og:url\" content=\"https:\/\/marcelolopes.jor.br\/site\/2022\/07\/31\/censo-2022-comeca-em-cataguases-nesta-segunda-feira-1o\/\" \/>\n<meta property=\"og:site_name\" content=\"Marcelo Lopes\" \/>\n<meta property=\"article:publisher\" content=\"https:\/\/www.facebook.com\/sitedomarcelolopes\" \/>\n<meta property=\"article:published_time\" content=\"2022-07-31T22:00:22+00:00\" \/>\n<meta property=\"og:image\" content=\"https:\/\/marcelolopes.jor.br\/site\/wp-content\/uploads\/2022\/07\/ibge-inicia-pesquisa-do-censo-2022-em-praia-grande.jpg\" \/>\n\t<meta property=\"og:image:width\" content=\"1000\" \/>\n\t<meta property=\"og:image:height\" content=\"604\" \/>\n\t<meta property=\"og:image:type\" content=\"image\/jpeg\" \/>\n<meta name=\"author\" content=\"Marcelo Lopes\" \/>\n<meta name=\"twitter:card\" content=\"summary_large_image\" \/>\n<meta name=\"twitter:label1\" content=\"Escrito por\" \/>\n\t<meta name=\"twitter:data1\" content=\"Marcelo Lopes\" \/>\n\t<meta name=\"twitter:label2\" content=\"Est. tempo de leitura\" \/>\n\t<meta name=\"twitter:data2\" content=\"2 minutos\" \/>\n<script type=\"application\/ld+json\" class=\"yoast-schema-graph\">{\"@context\":\"https:\\\/\\\/schema.org\",\"@graph\":[{\"@type\":\"NewsArticle\",\"@id\":\"https:\\\/\\\/marcelolopes.jor.br\\\/site\\\/2022\\\/07\\\/31\\\/censo-2022-comeca-em-cataguases-nesta-segunda-feira-1o\\\/#article\",\"isPartOf\":{\"@id\":\"https:\\\/\\\/marcelolopes.jor.br\\\/site\\\/2022\\\/07\\\/31\\\/censo-2022-comeca-em-cataguases-nesta-segunda-feira-1o\\\/\"},\"author\":{\"name\":\"Marcelo Lopes\",\"@id\":\"https:\\\/\\\/marcelolopes.jor.br\\\/site\\\/#\\\/schema\\\/person\\\/3e7216a35c34d8fdf952b31da3d1f89f\"},\"headline\":\"Censo 2022 come\u00e7a em Cataguases nesta segunda-feira, 1\u00ba\",\"datePublished\":\"2022-07-31T22:00:22+00:00\",\"mainEntityOfPage\":{\"@id\":\"https:\\\/\\\/marcelolopes.jor.br\\\/site\\\/2022\\\/07\\\/31\\\/censo-2022-comeca-em-cataguases-nesta-segunda-feira-1o\\\/\"},\"wordCount\":505,\"commentCount\":0,\"publisher\":{\"@id\":\"https:\\\/\\\/marcelolopes.jor.br\\\/site\\\/#organization\"},\"image\":{\"@id\":\"https:\\\/\\\/marcelolopes.jor.br\\\/site\\\/2022\\\/07\\\/31\\\/censo-2022-comeca-em-cataguases-nesta-segunda-feira-1o\\\/#primaryimage\"},\"thumbnailUrl\":\"https:\\\/\\\/marcelolopes.jor.br\\\/site\\\/wp-content\\\/uploads\\\/2022\\\/07\\\/ibge-inicia-pesquisa-do-censo-2022-em-praia-grande.jpg\",\"keywords\":[\"Censo 2022\",\"Censo IBGE\",\"IBGE\",\"in\u00edcio do Censo\"],\"articleSection\":[\"Not\u00edcias\"],\"inLanguage\":\"pt-BR\",\"potentialAction\":[{\"@type\":\"CommentAction\",\"name\":\"Comment\",\"target\":[\"https:\\\/\\\/marcelolopes.jor.br\\\/site\\\/2022\\\/07\\\/31\\\/censo-2022-comeca-em-cataguases-nesta-segunda-feira-1o\\\/#respond\"]}]},{\"@type\":\"WebPage\",\"@id\":\"https:\\\/\\\/marcelolopes.jor.br\\\/site\\\/2022\\\/07\\\/31\\\/censo-2022-comeca-em-cataguases-nesta-segunda-feira-1o\\\/\",\"url\":\"https:\\\/\\\/marcelolopes.jor.br\\\/site\\\/2022\\\/07\\\/31\\\/censo-2022-comeca-em-cataguases-nesta-segunda-feira-1o\\\/\",\"name\":\"Censo 2022 come\u00e7a em Cataguases nesta segunda-feira, 1\u00ba\",\"isPartOf\":{\"@id\":\"https:\\\/\\\/marcelolopes.jor.br\\\/site\\\/#website\"},\"primaryImageOfPage\":{\"@id\":\"https:\\\/\\\/marcelolopes.jor.br\\\/site\\\/2022\\\/07\\\/31\\\/censo-2022-comeca-em-cataguases-nesta-segunda-feira-1o\\\/#primaryimage\"},\"image\":{\"@id\":\"https:\\\/\\\/marcelolopes.jor.br\\\/site\\\/2022\\\/07\\\/31\\\/censo-2022-comeca-em-cataguases-nesta-segunda-feira-1o\\\/#primaryimage\"},\"thumbnailUrl\":\"https:\\\/\\\/marcelolopes.jor.br\\\/site\\\/wp-content\\\/uploads\\\/2022\\\/07\\\/ibge-inicia-pesquisa-do-censo-2022-em-praia-grande.jpg\",\"datePublished\":\"2022-07-31T22:00:22+00:00\",\"description\":\"Censo 2022 come\u00e7a em Cataguases nesta segunda-feira, 1\u00ba. Saiba como identificar um trabalhador do IBGE e outras informa\u00e7\u00f5es.\",\"breadcrumb\":{\"@id\":\"https:\\\/\\\/marcelolopes.jor.br\\\/site\\\/2022\\\/07\\\/31\\\/censo-2022-comeca-em-cataguases-nesta-segunda-feira-1o\\\/#breadcrumb\"},\"inLanguage\":\"pt-BR\",\"potentialAction\":[{\"@type\":\"ReadAction\",\"target\":[\"https:\\\/\\\/marcelolopes.jor.br\\\/site\\\/2022\\\/07\\\/31\\\/censo-2022-comeca-em-cataguases-nesta-segunda-feira-1o\\\/\"]}]},{\"@type\":\"ImageObject\",\"inLanguage\":\"pt-BR\",\"@id\":\"https:\\\/\\\/marcelolopes.jor.br\\\/site\\\/2022\\\/07\\\/31\\\/censo-2022-comeca-em-cataguases-nesta-segunda-feira-1o\\\/#primaryimage\",\"url\":\"https:\\\/\\\/marcelolopes.jor.br\\\/site\\\/wp-content\\\/uploads\\\/2022\\\/07\\\/ibge-inicia-pesquisa-do-censo-2022-em-praia-grande.jpg\",\"contentUrl\":\"https:\\\/\\\/marcelolopes.jor.br\\\/site\\\/wp-content\\\/uploads\\\/2022\\\/07\\\/ibge-inicia-pesquisa-do-censo-2022-em-praia-grande.jpg\",\"width\":1000,\"height\":604,\"caption\":\"Censo 2022 come\u00e7a em\"},{\"@type\":\"BreadcrumbList\",\"@id\":\"https:\\\/\\\/marcelolopes.jor.br\\\/site\\\/2022\\\/07\\\/31\\\/censo-2022-comeca-em-cataguases-nesta-segunda-feira-1o\\\/#breadcrumb\",\"itemListElement\":[{\"@type\":\"ListItem\",\"position\":1,\"name\":\"Home\",\"item\":\"https:\\\/\\\/marcelolopes.jor.br\\\/site\\\/\"},{\"@type\":\"ListItem\",\"position\":2,\"name\":\"Censo 2022 come\u00e7a em Cataguases nesta segunda-feira, 1\u00ba\"}]},{\"@type\":\"WebSite\",\"@id\":\"https:\\\/\\\/marcelolopes.jor.br\\\/site\\\/#website\",\"url\":\"https:\\\/\\\/marcelolopes.jor.br\\\/site\\\/\",\"name\":\"Marcelo Lopes\",\"description\":\"Not\u00edcias de Cataguases e Regi\u00e3o\",\"publisher\":{\"@id\":\"https:\\\/\\\/marcelolopes.jor.br\\\/site\\\/#organization\"},\"potentialAction\":[{\"@type\":\"SearchAction\",\"target\":{\"@type\":\"EntryPoint\",\"urlTemplate\":\"https:\\\/\\\/marcelolopes.jor.br\\\/site\\\/?s={search_term_string}\"},\"query-input\":{\"@type\":\"PropertyValueSpecification\",\"valueRequired\":true,\"valueName\":\"search_term_string\"}}],\"inLanguage\":\"pt-BR\"},{\"@type\":\"Organization\",\"@id\":\"https:\\\/\\\/marcelolopes.jor.br\\\/site\\\/#organization\",\"name\":\"Site do Marcelo Lopes\",\"url\":\"https:\\\/\\\/marcelolopes.jor.br\\\/site\\\/\",\"logo\":{\"@type\":\"ImageObject\",\"inLanguage\":\"pt-BR\",\"@id\":\"https:\\\/\\\/marcelolopes.jor.br\\\/site\\\/#\\\/schema\\\/logo\\\/image\\\/\",\"url\":\"https:\\\/\\\/marcelolopes.jor.br\\\/site\\\/wp-content\\\/uploads\\\/2024\\\/11\\\/logo-1.png\",\"contentUrl\":\"https:\\\/\\\/marcelolopes.jor.br\\\/site\\\/wp-content\\\/uploads\\\/2024\\\/11\\\/logo-1.png\",\"width\":475,\"height\":80,\"caption\":\"Site do Marcelo Lopes\"},\"image\":{\"@id\":\"https:\\\/\\\/marcelolopes.jor.br\\\/site\\\/#\\\/schema\\\/logo\\\/image\\\/\"},\"sameAs\":[\"https:\\\/\\\/www.facebook.com\\\/sitedomarcelolopes\",\"https:\\\/\\\/www.instagram.com\\\/sitedomarcelolopes\\\/\",\"https:\\\/\\\/www.linkedin.com\\\/company\\\/site-do-marcelo-lopes\\\/\",\"https:\\\/\\\/www.youtube.com\\\/user\\\/marcelolopes957\"]},{\"@type\":\"Person\",\"@id\":\"https:\\\/\\\/marcelolopes.jor.br\\\/site\\\/#\\\/schema\\\/person\\\/3e7216a35c34d8fdf952b31da3d1f89f\",\"name\":\"Marcelo Lopes\",\"sameAs\":[\"http:\\\/\\\/www.marcelolopes.jor.br\"],\"url\":\"https:\\\/\\\/marcelolopes.jor.br\\\/site\\\/author\\\/marcelo\\\/\"}]}<\/script>\n<!-- \/ Yoast SEO plugin. -->","yoast_head_json":{"title":"Censo 2022 come\u00e7a em Cataguases nesta segunda-feira, 1\u00ba","description":"Censo 2022 come\u00e7a em Cataguases nesta segunda-feira, 1\u00ba. Saiba como identificar um trabalhador do IBGE e outras informa\u00e7\u00f5es.","robots":{"index":"index","follow":"follow","max-snippet":"max-snippet:-1","max-image-preview":"max-image-preview:large","max-video-preview":"max-video-preview:-1"},"canonical":"https:\/\/marcelolopes.jor.br\/site\/2022\/07\/31\/censo-2022-comeca-em-cataguases-nesta-segunda-feira-1o\/","og_locale":"pt_BR","og_type":"article","og_title":"Censo 2022 come\u00e7a em Cataguases nesta segunda-feira, 1\u00ba","og_description":"Censo 2022 come\u00e7a em Cataguases nesta segunda-feira, 1\u00ba. Saiba como identificar um trabalhador do IBGE e outras informa\u00e7\u00f5es.","og_url":"https:\/\/marcelolopes.jor.br\/site\/2022\/07\/31\/censo-2022-comeca-em-cataguases-nesta-segunda-feira-1o\/","og_site_name":"Marcelo Lopes","article_publisher":"https:\/\/www.facebook.com\/sitedomarcelolopes","article_published_time":"2022-07-31T22:00:22+00:00","og_image":[{"width":1000,"height":604,"url":"https:\/\/marcelolopes.jor.br\/site\/wp-content\/uploads\/2022\/07\/ibge-inicia-pesquisa-do-censo-2022-em-praia-grande.jpg","type":"image\/jpeg"}],"author":"Marcelo Lopes","twitter_card":"summary_large_image","twitter_misc":{"Escrito por":"Marcelo Lopes","Est. tempo de leitura":"2 minutos"},"schema":{"@context":"https:\/\/schema.org","@graph":[{"@type":"NewsArticle","@id":"https:\/\/marcelolopes.jor.br\/site\/2022\/07\/31\/censo-2022-comeca-em-cataguases-nesta-segunda-feira-1o\/#article","isPartOf":{"@id":"https:\/\/marcelolopes.jor.br\/site\/2022\/07\/31\/censo-2022-comeca-em-cataguases-nesta-segunda-feira-1o\/"},"author":{"name":"Marcelo Lopes","@id":"https:\/\/marcelolopes.jor.br\/site\/#\/schema\/person\/3e7216a35c34d8fdf952b31da3d1f89f"},"headline":"Censo 2022 come\u00e7a em Cataguases nesta segunda-feira, 1\u00ba","datePublished":"2022-07-31T22:00:22+00:00","mainEntityOfPage":{"@id":"https:\/\/marcelolopes.jor.br\/site\/2022\/07\/31\/censo-2022-comeca-em-cataguases-nesta-segunda-feira-1o\/"},"wordCount":505,"commentCount":0,"publisher":{"@id":"https:\/\/marcelolopes.jor.br\/site\/#organization"},"image":{"@id":"https:\/\/marcelolopes.jor.br\/site\/2022\/07\/31\/censo-2022-comeca-em-cataguases-nesta-segunda-feira-1o\/#primaryimage"},"thumbnailUrl":"https:\/\/marcelolopes.jor.br\/site\/wp-content\/uploads\/2022\/07\/ibge-inicia-pesquisa-do-censo-2022-em-praia-grande.jpg","keywords":["Censo 2022","Censo IBGE","IBGE","in\u00edcio do Censo"],"articleSection":["Not\u00edcias"],"inLanguage":"pt-BR","potentialAction":[{"@type":"CommentAction","name":"Comment","target":["https:\/\/marcelolopes.jor.br\/site\/2022\/07\/31\/censo-2022-comeca-em-cataguases-nesta-segunda-feira-1o\/#respond"]}]},{"@type":"WebPage","@id":"https:\/\/marcelolopes.jor.br\/site\/2022\/07\/31\/censo-2022-comeca-em-cataguases-nesta-segunda-feira-1o\/","url":"https:\/\/marcelolopes.jor.br\/site\/2022\/07\/31\/censo-2022-comeca-em-cataguases-nesta-segunda-feira-1o\/","name":"Censo 2022 come\u00e7a em Cataguases nesta segunda-feira, 1\u00ba","isPartOf":{"@id":"https:\/\/marcelolopes.jor.br\/site\/#website"},"primaryImageOfPage":{"@id":"https:\/\/marcelolopes.jor.br\/site\/2022\/07\/31\/censo-2022-comeca-em-cataguases-nesta-segunda-feira-1o\/#primaryimage"},"image":{"@id":"https:\/\/marcelolopes.jor.br\/site\/2022\/07\/31\/censo-2022-comeca-em-cataguases-nesta-segunda-feira-1o\/#primaryimage"},"thumbnailUrl":"https:\/\/marcelolopes.jor.br\/site\/wp-content\/uploads\/2022\/07\/ibge-inicia-pesquisa-do-censo-2022-em-praia-grande.jpg","datePublished":"2022-07-31T22:00:22+00:00","description":"Censo 2022 come\u00e7a em Cataguases nesta segunda-feira, 1\u00ba. Saiba como identificar um trabalhador do IBGE e outras informa\u00e7\u00f5es.","breadcrumb":{"@id":"https:\/\/marcelolopes.jor.br\/site\/2022\/07\/31\/censo-2022-comeca-em-cataguases-nesta-segunda-feira-1o\/#breadcrumb"},"inLanguage":"pt-BR","potentialAction":[{"@type":"ReadAction","target":["https:\/\/marcelolopes.jor.br\/site\/2022\/07\/31\/censo-2022-comeca-em-cataguases-nesta-segunda-feira-1o\/"]}]},{"@type":"ImageObject","inLanguage":"pt-BR","@id":"https:\/\/marcelolopes.jor.br\/site\/2022\/07\/31\/censo-2022-comeca-em-cataguases-nesta-segunda-feira-1o\/#primaryimage","url":"https:\/\/marcelolopes.jor.br\/site\/wp-content\/uploads\/2022\/07\/ibge-inicia-pesquisa-do-censo-2022-em-praia-grande.jpg","contentUrl":"https:\/\/marcelolopes.jor.br\/site\/wp-content\/uploads\/2022\/07\/ibge-inicia-pesquisa-do-censo-2022-em-praia-grande.jpg","width":1000,"height":604,"caption":"Censo 2022 come\u00e7a em"},{"@type":"BreadcrumbList","@id":"https:\/\/marcelolopes.jor.br\/site\/2022\/07\/31\/censo-2022-comeca-em-cataguases-nesta-segunda-feira-1o\/#breadcrumb","itemListElement":[{"@type":"ListItem","position":1,"name":"Home","item":"https:\/\/marcelolopes.jor.br\/site\/"},{"@type":"ListItem","position":2,"name":"Censo 2022 come\u00e7a em Cataguases nesta segunda-feira, 1\u00ba"}]},{"@type":"WebSite","@id":"https:\/\/marcelolopes.jor.br\/site\/#website","url":"https:\/\/marcelolopes.jor.br\/site\/","name":"Marcelo Lopes","description":"Not\u00edcias de Cataguases e Regi\u00e3o","publisher":{"@id":"https:\/\/marcelolopes.jor.br\/site\/#organization"},"potentialAction":[{"@type":"SearchAction","target":{"@type":"EntryPoint","urlTemplate":"https:\/\/marcelolopes.jor.br\/site\/?s={search_term_string}"},"query-input":{"@type":"PropertyValueSpecification","valueRequired":true,"valueName":"search_term_string"}}],"inLanguage":"pt-BR"},{"@type":"Organization","@id":"https:\/\/marcelolopes.jor.br\/site\/#organization","name":"Site do Marcelo Lopes","url":"https:\/\/marcelolopes.jor.br\/site\/","logo":{"@type":"ImageObject","inLanguage":"pt-BR","@id":"https:\/\/marcelolopes.jor.br\/site\/#\/schema\/logo\/image\/","url":"https:\/\/marcelolopes.jor.br\/site\/wp-content\/uploads\/2024\/11\/logo-1.png","contentUrl":"https:\/\/marcelolopes.jor.br\/site\/wp-content\/uploads\/2024\/11\/logo-1.png","width":475,"height":80,"caption":"Site do Marcelo Lopes"},"image":{"@id":"https:\/\/marcelolopes.jor.br\/site\/#\/schema\/logo\/image\/"},"sameAs":["https:\/\/www.facebook.com\/sitedomarcelolopes","https:\/\/www.instagram.com\/sitedomarcelolopes\/","https:\/\/www.linkedin.com\/company\/site-do-marcelo-lopes\/","https:\/\/www.youtube.com\/user\/marcelolopes957"]},{"@type":"Person","@id":"https:\/\/marcelolopes.jor.br\/site\/#\/schema\/person\/3e7216a35c34d8fdf952b31da3d1f89f","name":"Marcelo Lopes","sameAs":["http:\/\/www.marcelolopes.jor.br"],"url":"https:\/\/marcelolopes.jor.br\/site\/author\/marcelo\/"}]}},"wps_subtitle":"Saiba como identificar um trabalhador do IBGE e outras informa\u00e7\u00f5es.","_links":{"self":[{"href":"https:\/\/marcelolopes.jor.br\/site\/wp-json\/wp\/v2\/posts\/34867","targetHints":{"allow":["GET"]}}],"collection":[{"href":"https:\/\/marcelolopes.jor.br\/site\/wp-json\/wp\/v2\/posts"}],"about":[{"href":"https:\/\/marcelolopes.jor.br\/site\/wp-json\/wp\/v2\/types\/post"}],"author":[{"embeddable":true,"href":"https:\/\/marcelolopes.jor.br\/site\/wp-json\/wp\/v2\/users\/2"}],"replies":[{"embeddable":true,"href":"https:\/\/marcelolopes.jor.br\/site\/wp-json\/wp\/v2\/comments?post=34867"}],"version-history":[{"count":0,"href":"https:\/\/marcelolopes.jor.br\/site\/wp-json\/wp\/v2\/posts\/34867\/revisions"}],"wp:featuredmedia":[{"embeddable":true,"href":"https:\/\/marcelolopes.jor.br\/site\/wp-json\/wp\/v2\/media\/34868"}],"wp:attachment":[{"href":"https:\/\/marcelolopes.jor.br\/site\/wp-json\/wp\/v2\/media?parent=34867"}],"wp:term":[{"taxonomy":"category","embeddable":true,"href":"https:\/\/marcelolopes.jor.br\/site\/wp-json\/wp\/v2\/categories?post=34867"},{"taxonomy":"post_tag","embeddable":true,"href":"https:\/\/marcelolopes.jor.br\/site\/wp-json\/wp\/v2\/tags?post=34867"}],"curies":[{"name":"wp","href":"https:\/\/api.w.org\/{rel}","templated":true}]}}