{"id":34861,"date":"2022-08-01T07:00:10","date_gmt":"2022-08-01T10:00:10","guid":{"rendered":"https:\/\/marcelolopes.jor.br\/?p=34861"},"modified":"2022-07-31T13:32:26","modified_gmt":"2022-07-31T16:32:26","slug":"exposicao-de-astolfo-dutra-tera-show-com-o-sertanejo-ze-felipe","status":"publish","type":"post","link":"https:\/\/marcelolopes.jor.br\/site\/2022\/08\/01\/exposicao-de-astolfo-dutra-tera-show-com-o-sertanejo-ze-felipe\/","title":{"rendered":"Exposi\u00e7\u00e3o de Astolfo Dutra ter\u00e1 show com o sertanejo Z\u00e9 Felipe"},"content":{"rendered":"<p style=\"text-align: justify;\">A Exposi\u00e7\u00e3o de Astolfo Dutra ter\u00e1 v\u00e1rios shows nesta sua edi\u00e7\u00e3o de 2022. Ap\u00f3s retornar em 2019 e ser suspensa por causa da Covid-19 nos dois anos seguintes, a festa mais popular daquela cidade est\u00e1 de volta com v\u00e1rios shows, tendo como atra\u00e7\u00e3o principal o sertanejo Z\u00e9 Felipe. Com expectativa de bater novo recorde de p\u00fablico, que tem entrada gratuita, este ano, por\u00e9m, quem quiser ajudar a combater a fome doando um quilo de alimento n\u00e3o perec\u00edvel no dia da abertura, 11 de agosto. o evento \u00e9 organizado pela <a href=\"http:\/\/www.astolfodutra.mg.gov.br\"><strong><span style=\"color: #800000;\">Prefeitura de Astolfo Dutra<\/span><\/strong><\/a> por meio da Secretaria de Cultura, Esportes e Turismo.<!--more--><\/p>\n<p style=\"text-align: justify;\">Entusiasmado com a festa, o prefeito Bruno Ribeiro, diz que o evento deste ano volta &#8220;com for\u00e7a total e uma programa\u00e7\u00e3o caprichada que vai agradar todo o tipo de p\u00fablico&#8221;, diz. Segundo ele, tudo foi pensado para que depois do per\u00edodo mais grave dessa pandemia, &#8220;todos possam se divertir e matar a saudade de nossa festa, porque al\u00e9m dos shows, todos os visitantes ser\u00e3o muito bem recebidos pelo nosso povo que \u00e9 muito acolhedor&#8221;, afirmou. Para Bruno o evento deste ano tem um significado especial, &#8220;de supera\u00e7\u00e3o &#8211; explica &#8211; devido ao per\u00edodo dif\u00edcil enfrentado nesta fase aguda da pandemia&#8221;, conta ele que \u00e9 profissional da \u00e1rea de sa\u00fade.<\/p>\n<p style=\"text-align: justify;\">A programa\u00e7\u00e3o da Expo 2022 de Astolfo Dutra come\u00e7a \u00e0s 20h do dia 11 de agosto, quinta-feira, no Parque de Exposi\u00e7\u00f5es, com a apresenta\u00e7\u00e3o doe DJ Leandro Lopes, tendo Four Boys em seguida. A abertura oficial acontece \u00e0s 22 horas e vai contar com a presen\u00e7a de autoridades de cidades vizinhas e demais convidados. Logo ap\u00f3s, \u00e0s 23 horas, o cantor sertanejo Z\u00e9 Felipe, dono dos sucessos &#8220;Malvada&#8221; e &#8220;Bandido&#8221;, entre outros, faz o seu t\u00e3o aguardado show. No dia seguinte, \u00e0s 21h30min, o DJ L\u00e9o Peres se apresenta e encerra a noite show com a dupla Denis e Cristiano.<\/p>\n<p style=\"text-align: justify;\">No s\u00e1bado, 13, tr\u00eas shows v\u00e3o movimentar o p\u00fablico. A abertura da noite ser\u00e1 com o grupo Samba a La Carte, que vai preparar o p\u00fablico para a apresenta\u00e7\u00e3o do consagrado DJ Morango. Encerra a programa\u00e7\u00e3o do dia o show com a Bandahalls. J\u00e1 as atra\u00e7\u00f5es de domingo, come\u00e7am ao meio dia, com apresenta\u00e7\u00e3o da Copa de Marcha de Hipismo. \u00c0s 16h30min, \u00e9 a vez do show da Kombi do Forr\u00f3, tendo na sequ\u00eancia, as 18h, o show com O Quarteto da Lua e, para encerrar a festa, show com Mazim Mendon\u00e7a.<\/p>\n<p style=\"text-align: justify;\"><strong>LEIA TAMB\u00c9M<\/strong><br \/>\n<a href=\"https:\/\/marcelolopes.jor.br\/2019\/08\/14\/astolfo-dutra-realiza-exposicao-com-show-de-biquini-cavadao\/\"><strong><span style=\"color: #800000;\">Astolfo Dutra realiza exposi\u00e7\u00e3o com show de Biqu\u00edni Cavad\u00e3o<\/span><\/strong><\/a><br \/>\n<a href=\"https:\/\/marcelolopes.jor.br\/2019\/08\/18\/biquini-cavadao-leva-dez-mil-pessoas-ao-parque-de-exposicoes-de-astolfo-dutra\/\"><strong><span style=\"color: #800000;\">Biqu\u00edni Cavad\u00e3o leva dez mil pessoas ao Parque de Exposi\u00e7\u00f5es de Astolfo Dutra<\/span><\/strong><\/a><\/p>\n<p><img loading=\"lazy\" decoding=\"async\" class=\"aligncenter wp-image-34863\" src=\"https:\/\/marcelolopes.jor.br\/site\/wp-content\/uploads\/2022\/07\/Cartaz-expo-212x300.jpeg\" alt=\"Exposi\u00e7\u00e3o de Astolfo Dutra\" width=\"500\" height=\"708\" srcset=\"https:\/\/marcelolopes.jor.br\/site\/wp-content\/uploads\/2022\/07\/Cartaz-expo-212x300.jpeg 212w, https:\/\/marcelolopes.jor.br\/site\/wp-content\/uploads\/2022\/07\/Cartaz-expo-723x1024.jpeg 723w, https:\/\/marcelolopes.jor.br\/site\/wp-content\/uploads\/2022\/07\/Cartaz-expo-768x1087.jpeg 768w, https:\/\/marcelolopes.jor.br\/site\/wp-content\/uploads\/2022\/07\/Cartaz-expo-848x1200.jpeg 848w, https:\/\/marcelolopes.jor.br\/site\/wp-content\/uploads\/2022\/07\/Cartaz-expo.jpeg 904w\" sizes=\"auto, (max-width: 500px) 100vw, 500px\" \/><\/p>\n<div class=\"gsulf69f72835b7be8\" ><br><\/div><style type=\"text\/css\">\r\n@media screen and (min-width: 1201px) {\r\n.gsulf69f72835b7be8 {\r\ndisplay: block;\r\n}\r\n}\r\n@media screen and (min-width: 993px) and (max-width: 1200px) {\r\n.gsulf69f72835b7be8 {\r\ndisplay: block;\r\n}\r\n}\r\n@media screen and (min-width: 769px) and (max-width: 992px) {\r\n.gsulf69f72835b7be8 {\r\ndisplay: block;\r\n}\r\n}\r\n@media screen and (min-width: 768px) and (max-width: 768px) {\r\n.gsulf69f72835b7be8 {\r\ndisplay: block;\r\n}\r\n}\r\n@media screen and (max-width: 767px) {\r\n.gsulf69f72835b7be8 {\r\ndisplay: block;\r\n}\r\n}\r\n<\/style>\r\n<div class=\"sqgsk69f72835bd987\" ><div id=\"div_destino\"><\/div>\r\n<script src=\"https:\/\/cdn.snsrsv.com\/sdk.js\"><\/script>\r\n<script >\r\n      new sdk(\"464030C30061EA8BE065000000000001\") \r\n          .appendTo(\"div_destino\")\r\n          .disableStyle(true) \r\n          .setCacheBusterMacro(\"%%CACHEBUSTER%%\")\r\n          .setSize(\"800\",\"214\")\r\n          .setClickMacro(\"%%CLICK_URL_ESC%%\") \r\n          .setReferrerUrlMacro(\"%%REFERRER_URL_ESC%%\") \r\n          .start(); \r\n<\/script><\/div><style type=\"text\/css\">\r\n@media screen and (min-width: 1201px) {\r\n.sqgsk69f72835bd987 {\r\ndisplay: block;\r\n}\r\n}\r\n@media screen and (min-width: 993px) and (max-width: 1200px) {\r\n.sqgsk69f72835bd987 {\r\ndisplay: block;\r\n}\r\n}\r\n@media screen and (min-width: 769px) and (max-width: 992px) {\r\n.sqgsk69f72835bd987 {\r\ndisplay: block;\r\n}\r\n}\r\n@media screen and (min-width: 768px) and (max-width: 768px) {\r\n.sqgsk69f72835bd987 {\r\ndisplay: block;\r\n}\r\n}\r\n@media screen and (max-width: 767px) {\r\n.sqgsk69f72835bd987 {\r\ndisplay: block;\r\n}\r\n}\r\n<\/style>\r\n","protected":false},"excerpt":{"rendered":"<p>A Exposi\u00e7\u00e3o de Astolfo Dutra ter\u00e1 v\u00e1rios shows nesta sua edi\u00e7\u00e3o de 2022. Ap\u00f3s retornar em 2019 e ser suspensa por causa da Covid-19 nos dois anos seguintes, a festa mais popular daquela cidade est\u00e1 de volta com v\u00e1rios shows,<\/p>\n<p class=\"link-more\"><a class=\"more-link\" href=\"https:\/\/marcelolopes.jor.br\/site\/2022\/08\/01\/exposicao-de-astolfo-dutra-tera-show-com-o-sertanejo-ze-felipe\/\">Leia mais <span class=\"screen-reader-text\">Exposi\u00e7\u00e3o de Astolfo Dutra ter\u00e1 show com o sertanejo Z\u00e9 Felipe<\/span><\/a><\/p>\n","protected":false},"author":2,"featured_media":34862,"comment_status":"open","ping_status":"open","sticky":false,"template":"","format":"standard","meta":{"footnotes":""},"categories":[1],"tags":[1035,1000,6405,5340,6404],"class_list":["post-34861","post","type-post","status-publish","format-standard","has-post-thumbnail","hentry","category-noticias","tag-expo-astolfo-dutra","tag-parque-de-exposicoes","tag-prefeito-bruno-ribeiro","tag-prefeitura-de-astolfo-dutra","tag-show-com-ze-felipe","thumb-below-title"],"yoast_head":"<!-- This site is optimized with the Yoast SEO plugin v27.4 - https:\/\/yoast.com\/product\/yoast-seo-wordpress\/ -->\n<title>Exposi\u00e7\u00e3o de Astolfo Dutra ter\u00e1 show com o sertanejo Z\u00e9 Felipe<\/title>\n<meta name=\"description\" content=\"Exposi\u00e7\u00e3o de Astolfo Dutra ter\u00e1 show com o sertanejo Z\u00e9 Felipe. Evento vai acontecer de 11 a 14 de agosto com entrada franca.\" \/>\n<meta name=\"robots\" content=\"index, follow, max-snippet:-1, max-image-preview:large, max-video-preview:-1\" \/>\n<link rel=\"canonical\" href=\"https:\/\/marcelolopes.jor.br\/site\/2022\/08\/01\/exposicao-de-astolfo-dutra-tera-show-com-o-sertanejo-ze-felipe\/\" \/>\n<meta property=\"og:locale\" content=\"pt_BR\" \/>\n<meta property=\"og:type\" content=\"article\" \/>\n<meta property=\"og:title\" content=\"Exposi\u00e7\u00e3o de Astolfo Dutra ter\u00e1 show com o sertanejo Z\u00e9 Felipe\" \/>\n<meta property=\"og:description\" content=\"Exposi\u00e7\u00e3o de Astolfo Dutra ter\u00e1 show com o sertanejo Z\u00e9 Felipe. Evento vai acontecer de 11 a 14 de agosto com entrada franca.\" \/>\n<meta property=\"og:url\" content=\"https:\/\/marcelolopes.jor.br\/site\/2022\/08\/01\/exposicao-de-astolfo-dutra-tera-show-com-o-sertanejo-ze-felipe\/\" \/>\n<meta property=\"og:site_name\" content=\"Marcelo Lopes\" \/>\n<meta property=\"article:publisher\" content=\"https:\/\/www.facebook.com\/sitedomarcelolopes\" \/>\n<meta property=\"article:published_time\" content=\"2022-08-01T10:00:10+00:00\" \/>\n<meta property=\"og:image\" content=\"https:\/\/marcelolopes.jor.br\/site\/wp-content\/uploads\/2022\/07\/Expo-AStolfo.jpg\" \/>\n\t<meta property=\"og:image:width\" content=\"800\" \/>\n\t<meta property=\"og:image:height\" content=\"498\" \/>\n\t<meta property=\"og:image:type\" content=\"image\/jpeg\" \/>\n<meta name=\"author\" content=\"Marcelo Lopes\" \/>\n<meta name=\"twitter:card\" content=\"summary_large_image\" \/>\n<meta name=\"twitter:label1\" content=\"Escrito por\" \/>\n\t<meta name=\"twitter:data1\" content=\"Marcelo Lopes\" \/>\n\t<meta name=\"twitter:label2\" content=\"Est. tempo de leitura\" \/>\n\t<meta name=\"twitter:data2\" content=\"2 minutos\" \/>\n<script type=\"application\/ld+json\" class=\"yoast-schema-graph\">{\"@context\":\"https:\\\/\\\/schema.org\",\"@graph\":[{\"@type\":\"NewsArticle\",\"@id\":\"https:\\\/\\\/marcelolopes.jor.br\\\/site\\\/2022\\\/08\\\/01\\\/exposicao-de-astolfo-dutra-tera-show-com-o-sertanejo-ze-felipe\\\/#article\",\"isPartOf\":{\"@id\":\"https:\\\/\\\/marcelolopes.jor.br\\\/site\\\/2022\\\/08\\\/01\\\/exposicao-de-astolfo-dutra-tera-show-com-o-sertanejo-ze-felipe\\\/\"},\"author\":{\"name\":\"Marcelo Lopes\",\"@id\":\"https:\\\/\\\/marcelolopes.jor.br\\\/site\\\/#\\\/schema\\\/person\\\/3e7216a35c34d8fdf952b31da3d1f89f\"},\"headline\":\"Exposi\u00e7\u00e3o de Astolfo Dutra ter\u00e1 show com o sertanejo Z\u00e9 Felipe\",\"datePublished\":\"2022-08-01T10:00:10+00:00\",\"mainEntityOfPage\":{\"@id\":\"https:\\\/\\\/marcelolopes.jor.br\\\/site\\\/2022\\\/08\\\/01\\\/exposicao-de-astolfo-dutra-tera-show-com-o-sertanejo-ze-felipe\\\/\"},\"wordCount\":476,\"commentCount\":0,\"publisher\":{\"@id\":\"https:\\\/\\\/marcelolopes.jor.br\\\/site\\\/#organization\"},\"image\":{\"@id\":\"https:\\\/\\\/marcelolopes.jor.br\\\/site\\\/2022\\\/08\\\/01\\\/exposicao-de-astolfo-dutra-tera-show-com-o-sertanejo-ze-felipe\\\/#primaryimage\"},\"thumbnailUrl\":\"https:\\\/\\\/marcelolopes.jor.br\\\/site\\\/wp-content\\\/uploads\\\/2022\\\/07\\\/Expo-AStolfo.jpg\",\"keywords\":[\"Expo Astolfo Dutra\",\"Parque de Exposi\u00e7\u00f5es\",\"prefeito Bruno Ribeiro\",\"Prefeitura de Astolfo Dutra\",\"show com Z\u00e9 Felipe\"],\"articleSection\":[\"Not\u00edcias\"],\"inLanguage\":\"pt-BR\",\"potentialAction\":[{\"@type\":\"CommentAction\",\"name\":\"Comment\",\"target\":[\"https:\\\/\\\/marcelolopes.jor.br\\\/site\\\/2022\\\/08\\\/01\\\/exposicao-de-astolfo-dutra-tera-show-com-o-sertanejo-ze-felipe\\\/#respond\"]}]},{\"@type\":\"WebPage\",\"@id\":\"https:\\\/\\\/marcelolopes.jor.br\\\/site\\\/2022\\\/08\\\/01\\\/exposicao-de-astolfo-dutra-tera-show-com-o-sertanejo-ze-felipe\\\/\",\"url\":\"https:\\\/\\\/marcelolopes.jor.br\\\/site\\\/2022\\\/08\\\/01\\\/exposicao-de-astolfo-dutra-tera-show-com-o-sertanejo-ze-felipe\\\/\",\"name\":\"Exposi\u00e7\u00e3o de Astolfo Dutra ter\u00e1 show com o sertanejo Z\u00e9 Felipe\",\"isPartOf\":{\"@id\":\"https:\\\/\\\/marcelolopes.jor.br\\\/site\\\/#website\"},\"primaryImageOfPage\":{\"@id\":\"https:\\\/\\\/marcelolopes.jor.br\\\/site\\\/2022\\\/08\\\/01\\\/exposicao-de-astolfo-dutra-tera-show-com-o-sertanejo-ze-felipe\\\/#primaryimage\"},\"image\":{\"@id\":\"https:\\\/\\\/marcelolopes.jor.br\\\/site\\\/2022\\\/08\\\/01\\\/exposicao-de-astolfo-dutra-tera-show-com-o-sertanejo-ze-felipe\\\/#primaryimage\"},\"thumbnailUrl\":\"https:\\\/\\\/marcelolopes.jor.br\\\/site\\\/wp-content\\\/uploads\\\/2022\\\/07\\\/Expo-AStolfo.jpg\",\"datePublished\":\"2022-08-01T10:00:10+00:00\",\"description\":\"Exposi\u00e7\u00e3o de Astolfo Dutra ter\u00e1 show com o sertanejo Z\u00e9 Felipe. Evento vai acontecer de 11 a 14 de agosto com entrada franca.\",\"breadcrumb\":{\"@id\":\"https:\\\/\\\/marcelolopes.jor.br\\\/site\\\/2022\\\/08\\\/01\\\/exposicao-de-astolfo-dutra-tera-show-com-o-sertanejo-ze-felipe\\\/#breadcrumb\"},\"inLanguage\":\"pt-BR\",\"potentialAction\":[{\"@type\":\"ReadAction\",\"target\":[\"https:\\\/\\\/marcelolopes.jor.br\\\/site\\\/2022\\\/08\\\/01\\\/exposicao-de-astolfo-dutra-tera-show-com-o-sertanejo-ze-felipe\\\/\"]}]},{\"@type\":\"ImageObject\",\"inLanguage\":\"pt-BR\",\"@id\":\"https:\\\/\\\/marcelolopes.jor.br\\\/site\\\/2022\\\/08\\\/01\\\/exposicao-de-astolfo-dutra-tera-show-com-o-sertanejo-ze-felipe\\\/#primaryimage\",\"url\":\"https:\\\/\\\/marcelolopes.jor.br\\\/site\\\/wp-content\\\/uploads\\\/2022\\\/07\\\/Expo-AStolfo.jpg\",\"contentUrl\":\"https:\\\/\\\/marcelolopes.jor.br\\\/site\\\/wp-content\\\/uploads\\\/2022\\\/07\\\/Expo-AStolfo.jpg\",\"width\":800,\"height\":498,\"caption\":\"Exposi\u00e7\u00e3o de Astolfo Dutra\"},{\"@type\":\"BreadcrumbList\",\"@id\":\"https:\\\/\\\/marcelolopes.jor.br\\\/site\\\/2022\\\/08\\\/01\\\/exposicao-de-astolfo-dutra-tera-show-com-o-sertanejo-ze-felipe\\\/#breadcrumb\",\"itemListElement\":[{\"@type\":\"ListItem\",\"position\":1,\"name\":\"Home\",\"item\":\"https:\\\/\\\/marcelolopes.jor.br\\\/site\\\/\"},{\"@type\":\"ListItem\",\"position\":2,\"name\":\"Exposi\u00e7\u00e3o de Astolfo Dutra ter\u00e1 show com o sertanejo Z\u00e9 Felipe\"}]},{\"@type\":\"WebSite\",\"@id\":\"https:\\\/\\\/marcelolopes.jor.br\\\/site\\\/#website\",\"url\":\"https:\\\/\\\/marcelolopes.jor.br\\\/site\\\/\",\"name\":\"Marcelo Lopes\",\"description\":\"Not\u00edcias de Cataguases e Regi\u00e3o\",\"publisher\":{\"@id\":\"https:\\\/\\\/marcelolopes.jor.br\\\/site\\\/#organization\"},\"potentialAction\":[{\"@type\":\"SearchAction\",\"target\":{\"@type\":\"EntryPoint\",\"urlTemplate\":\"https:\\\/\\\/marcelolopes.jor.br\\\/site\\\/?s={search_term_string}\"},\"query-input\":{\"@type\":\"PropertyValueSpecification\",\"valueRequired\":true,\"valueName\":\"search_term_string\"}}],\"inLanguage\":\"pt-BR\"},{\"@type\":\"Organization\",\"@id\":\"https:\\\/\\\/marcelolopes.jor.br\\\/site\\\/#organization\",\"name\":\"Site do Marcelo Lopes\",\"url\":\"https:\\\/\\\/marcelolopes.jor.br\\\/site\\\/\",\"logo\":{\"@type\":\"ImageObject\",\"inLanguage\":\"pt-BR\",\"@id\":\"https:\\\/\\\/marcelolopes.jor.br\\\/site\\\/#\\\/schema\\\/logo\\\/image\\\/\",\"url\":\"https:\\\/\\\/marcelolopes.jor.br\\\/site\\\/wp-content\\\/uploads\\\/2024\\\/11\\\/logo-1.png\",\"contentUrl\":\"https:\\\/\\\/marcelolopes.jor.br\\\/site\\\/wp-content\\\/uploads\\\/2024\\\/11\\\/logo-1.png\",\"width\":475,\"height\":80,\"caption\":\"Site do Marcelo Lopes\"},\"image\":{\"@id\":\"https:\\\/\\\/marcelolopes.jor.br\\\/site\\\/#\\\/schema\\\/logo\\\/image\\\/\"},\"sameAs\":[\"https:\\\/\\\/www.facebook.com\\\/sitedomarcelolopes\",\"https:\\\/\\\/www.instagram.com\\\/sitedomarcelolopes\\\/\",\"https:\\\/\\\/www.linkedin.com\\\/company\\\/site-do-marcelo-lopes\\\/\",\"https:\\\/\\\/www.youtube.com\\\/user\\\/marcelolopes957\"]},{\"@type\":\"Person\",\"@id\":\"https:\\\/\\\/marcelolopes.jor.br\\\/site\\\/#\\\/schema\\\/person\\\/3e7216a35c34d8fdf952b31da3d1f89f\",\"name\":\"Marcelo Lopes\",\"sameAs\":[\"http:\\\/\\\/www.marcelolopes.jor.br\"],\"url\":\"https:\\\/\\\/marcelolopes.jor.br\\\/site\\\/author\\\/marcelo\\\/\"}]}<\/script>\n<!-- \/ Yoast SEO plugin. -->","yoast_head_json":{"title":"Exposi\u00e7\u00e3o de Astolfo Dutra ter\u00e1 show com o sertanejo Z\u00e9 Felipe","description":"Exposi\u00e7\u00e3o de Astolfo Dutra ter\u00e1 show com o sertanejo Z\u00e9 Felipe. Evento vai acontecer de 11 a 14 de agosto com entrada franca.","robots":{"index":"index","follow":"follow","max-snippet":"max-snippet:-1","max-image-preview":"max-image-preview:large","max-video-preview":"max-video-preview:-1"},"canonical":"https:\/\/marcelolopes.jor.br\/site\/2022\/08\/01\/exposicao-de-astolfo-dutra-tera-show-com-o-sertanejo-ze-felipe\/","og_locale":"pt_BR","og_type":"article","og_title":"Exposi\u00e7\u00e3o de Astolfo Dutra ter\u00e1 show com o sertanejo Z\u00e9 Felipe","og_description":"Exposi\u00e7\u00e3o de Astolfo Dutra ter\u00e1 show com o sertanejo Z\u00e9 Felipe. Evento vai acontecer de 11 a 14 de agosto com entrada franca.","og_url":"https:\/\/marcelolopes.jor.br\/site\/2022\/08\/01\/exposicao-de-astolfo-dutra-tera-show-com-o-sertanejo-ze-felipe\/","og_site_name":"Marcelo Lopes","article_publisher":"https:\/\/www.facebook.com\/sitedomarcelolopes","article_published_time":"2022-08-01T10:00:10+00:00","og_image":[{"width":800,"height":498,"url":"https:\/\/marcelolopes.jor.br\/site\/wp-content\/uploads\/2022\/07\/Expo-AStolfo.jpg","type":"image\/jpeg"}],"author":"Marcelo Lopes","twitter_card":"summary_large_image","twitter_misc":{"Escrito por":"Marcelo Lopes","Est. tempo de leitura":"2 minutos"},"schema":{"@context":"https:\/\/schema.org","@graph":[{"@type":"NewsArticle","@id":"https:\/\/marcelolopes.jor.br\/site\/2022\/08\/01\/exposicao-de-astolfo-dutra-tera-show-com-o-sertanejo-ze-felipe\/#article","isPartOf":{"@id":"https:\/\/marcelolopes.jor.br\/site\/2022\/08\/01\/exposicao-de-astolfo-dutra-tera-show-com-o-sertanejo-ze-felipe\/"},"author":{"name":"Marcelo Lopes","@id":"https:\/\/marcelolopes.jor.br\/site\/#\/schema\/person\/3e7216a35c34d8fdf952b31da3d1f89f"},"headline":"Exposi\u00e7\u00e3o de Astolfo Dutra ter\u00e1 show com o sertanejo Z\u00e9 Felipe","datePublished":"2022-08-01T10:00:10+00:00","mainEntityOfPage":{"@id":"https:\/\/marcelolopes.jor.br\/site\/2022\/08\/01\/exposicao-de-astolfo-dutra-tera-show-com-o-sertanejo-ze-felipe\/"},"wordCount":476,"commentCount":0,"publisher":{"@id":"https:\/\/marcelolopes.jor.br\/site\/#organization"},"image":{"@id":"https:\/\/marcelolopes.jor.br\/site\/2022\/08\/01\/exposicao-de-astolfo-dutra-tera-show-com-o-sertanejo-ze-felipe\/#primaryimage"},"thumbnailUrl":"https:\/\/marcelolopes.jor.br\/site\/wp-content\/uploads\/2022\/07\/Expo-AStolfo.jpg","keywords":["Expo Astolfo Dutra","Parque de Exposi\u00e7\u00f5es","prefeito Bruno Ribeiro","Prefeitura de Astolfo Dutra","show com Z\u00e9 Felipe"],"articleSection":["Not\u00edcias"],"inLanguage":"pt-BR","potentialAction":[{"@type":"CommentAction","name":"Comment","target":["https:\/\/marcelolopes.jor.br\/site\/2022\/08\/01\/exposicao-de-astolfo-dutra-tera-show-com-o-sertanejo-ze-felipe\/#respond"]}]},{"@type":"WebPage","@id":"https:\/\/marcelolopes.jor.br\/site\/2022\/08\/01\/exposicao-de-astolfo-dutra-tera-show-com-o-sertanejo-ze-felipe\/","url":"https:\/\/marcelolopes.jor.br\/site\/2022\/08\/01\/exposicao-de-astolfo-dutra-tera-show-com-o-sertanejo-ze-felipe\/","name":"Exposi\u00e7\u00e3o de Astolfo Dutra ter\u00e1 show com o sertanejo Z\u00e9 Felipe","isPartOf":{"@id":"https:\/\/marcelolopes.jor.br\/site\/#website"},"primaryImageOfPage":{"@id":"https:\/\/marcelolopes.jor.br\/site\/2022\/08\/01\/exposicao-de-astolfo-dutra-tera-show-com-o-sertanejo-ze-felipe\/#primaryimage"},"image":{"@id":"https:\/\/marcelolopes.jor.br\/site\/2022\/08\/01\/exposicao-de-astolfo-dutra-tera-show-com-o-sertanejo-ze-felipe\/#primaryimage"},"thumbnailUrl":"https:\/\/marcelolopes.jor.br\/site\/wp-content\/uploads\/2022\/07\/Expo-AStolfo.jpg","datePublished":"2022-08-01T10:00:10+00:00","description":"Exposi\u00e7\u00e3o de Astolfo Dutra ter\u00e1 show com o sertanejo Z\u00e9 Felipe. Evento vai acontecer de 11 a 14 de agosto com entrada franca.","breadcrumb":{"@id":"https:\/\/marcelolopes.jor.br\/site\/2022\/08\/01\/exposicao-de-astolfo-dutra-tera-show-com-o-sertanejo-ze-felipe\/#breadcrumb"},"inLanguage":"pt-BR","potentialAction":[{"@type":"ReadAction","target":["https:\/\/marcelolopes.jor.br\/site\/2022\/08\/01\/exposicao-de-astolfo-dutra-tera-show-com-o-sertanejo-ze-felipe\/"]}]},{"@type":"ImageObject","inLanguage":"pt-BR","@id":"https:\/\/marcelolopes.jor.br\/site\/2022\/08\/01\/exposicao-de-astolfo-dutra-tera-show-com-o-sertanejo-ze-felipe\/#primaryimage","url":"https:\/\/marcelolopes.jor.br\/site\/wp-content\/uploads\/2022\/07\/Expo-AStolfo.jpg","contentUrl":"https:\/\/marcelolopes.jor.br\/site\/wp-content\/uploads\/2022\/07\/Expo-AStolfo.jpg","width":800,"height":498,"caption":"Exposi\u00e7\u00e3o de Astolfo Dutra"},{"@type":"BreadcrumbList","@id":"https:\/\/marcelolopes.jor.br\/site\/2022\/08\/01\/exposicao-de-astolfo-dutra-tera-show-com-o-sertanejo-ze-felipe\/#breadcrumb","itemListElement":[{"@type":"ListItem","position":1,"name":"Home","item":"https:\/\/marcelolopes.jor.br\/site\/"},{"@type":"ListItem","position":2,"name":"Exposi\u00e7\u00e3o de Astolfo Dutra ter\u00e1 show com o sertanejo Z\u00e9 Felipe"}]},{"@type":"WebSite","@id":"https:\/\/marcelolopes.jor.br\/site\/#website","url":"https:\/\/marcelolopes.jor.br\/site\/","name":"Marcelo Lopes","description":"Not\u00edcias de Cataguases e Regi\u00e3o","publisher":{"@id":"https:\/\/marcelolopes.jor.br\/site\/#organization"},"potentialAction":[{"@type":"SearchAction","target":{"@type":"EntryPoint","urlTemplate":"https:\/\/marcelolopes.jor.br\/site\/?s={search_term_string}"},"query-input":{"@type":"PropertyValueSpecification","valueRequired":true,"valueName":"search_term_string"}}],"inLanguage":"pt-BR"},{"@type":"Organization","@id":"https:\/\/marcelolopes.jor.br\/site\/#organization","name":"Site do Marcelo Lopes","url":"https:\/\/marcelolopes.jor.br\/site\/","logo":{"@type":"ImageObject","inLanguage":"pt-BR","@id":"https:\/\/marcelolopes.jor.br\/site\/#\/schema\/logo\/image\/","url":"https:\/\/marcelolopes.jor.br\/site\/wp-content\/uploads\/2024\/11\/logo-1.png","contentUrl":"https:\/\/marcelolopes.jor.br\/site\/wp-content\/uploads\/2024\/11\/logo-1.png","width":475,"height":80,"caption":"Site do Marcelo Lopes"},"image":{"@id":"https:\/\/marcelolopes.jor.br\/site\/#\/schema\/logo\/image\/"},"sameAs":["https:\/\/www.facebook.com\/sitedomarcelolopes","https:\/\/www.instagram.com\/sitedomarcelolopes\/","https:\/\/www.linkedin.com\/company\/site-do-marcelo-lopes\/","https:\/\/www.youtube.com\/user\/marcelolopes957"]},{"@type":"Person","@id":"https:\/\/marcelolopes.jor.br\/site\/#\/schema\/person\/3e7216a35c34d8fdf952b31da3d1f89f","name":"Marcelo Lopes","sameAs":["http:\/\/www.marcelolopes.jor.br"],"url":"https:\/\/marcelolopes.jor.br\/site\/author\/marcelo\/"}]}},"wps_subtitle":"Evento vai acontecer de 11 a 14 de agosto com entrada franca.","_links":{"self":[{"href":"https:\/\/marcelolopes.jor.br\/site\/wp-json\/wp\/v2\/posts\/34861","targetHints":{"allow":["GET"]}}],"collection":[{"href":"https:\/\/marcelolopes.jor.br\/site\/wp-json\/wp\/v2\/posts"}],"about":[{"href":"https:\/\/marcelolopes.jor.br\/site\/wp-json\/wp\/v2\/types\/post"}],"author":[{"embeddable":true,"href":"https:\/\/marcelolopes.jor.br\/site\/wp-json\/wp\/v2\/users\/2"}],"replies":[{"embeddable":true,"href":"https:\/\/marcelolopes.jor.br\/site\/wp-json\/wp\/v2\/comments?post=34861"}],"version-history":[{"count":0,"href":"https:\/\/marcelolopes.jor.br\/site\/wp-json\/wp\/v2\/posts\/34861\/revisions"}],"wp:featuredmedia":[{"embeddable":true,"href":"https:\/\/marcelolopes.jor.br\/site\/wp-json\/wp\/v2\/media\/34862"}],"wp:attachment":[{"href":"https:\/\/marcelolopes.jor.br\/site\/wp-json\/wp\/v2\/media?parent=34861"}],"wp:term":[{"taxonomy":"category","embeddable":true,"href":"https:\/\/marcelolopes.jor.br\/site\/wp-json\/wp\/v2\/categories?post=34861"},{"taxonomy":"post_tag","embeddable":true,"href":"https:\/\/marcelolopes.jor.br\/site\/wp-json\/wp\/v2\/tags?post=34861"}],"curies":[{"name":"wp","href":"https:\/\/api.w.org\/{rel}","templated":true}]}}