{"id":34770,"date":"2022-07-27T12:30:49","date_gmt":"2022-07-27T15:30:49","guid":{"rendered":"https:\/\/marcelolopes.jor.br\/?p=34770"},"modified":"2022-07-27T10:30:29","modified_gmt":"2022-07-27T13:30:29","slug":"jose-eduardo-junqueira-e-candidato-a-deputado-federal-por-leopoldina","status":"publish","type":"post","link":"https:\/\/marcelolopes.jor.br\/site\/2022\/07\/27\/jose-eduardo-junqueira-e-candidato-a-deputado-federal-por-leopoldina\/","title":{"rendered":"Jos\u00e9 Eduardo Junqueira \u00e9 candidato a deputado federal por Leopoldina"},"content":{"rendered":"<p style=\"text-align: justify;\">O advogado Jos\u00e9 Eduardo Junqueira \u00e9 candidato a deputado federal por Leopoldina. Seu nome foi confirmado na conven\u00e7\u00e3o do Uni\u00e3o Brasil realizada no \u00faltimo s\u00e1bado, 25 de julho, na Assembleia Legislativa de Minas Gerais. Ele conta com o apoio do atual prefeito, Pedro Junqueira.<!--more--><\/p>\n<p style=\"text-align: justify;\">No evento tamb\u00e9m ficou definido que o Uni\u00e3o Brasil n\u00e3o ter\u00e1 candidato pr\u00f3prio ao Executivo mineiro e os nomes apoiados ser\u00e3o anunciados at\u00e9 15 de agosto, data limite para o registro das candidaturas.<\/p>\n<p style=\"text-align: justify;\">Natural de Leopoldina, Jos\u00e9 Eduardo Junqueira, 45 anos, \u00e9 casado e pai de dois filhos. Formou-me em Direito na PUC-RJ, possui Mestrado e Doutorado em Direito Civil pela UERJ e tamb\u00e9m \u00e9 produtor rural. Desde que se lan\u00e7ou pr\u00e9-candidato, ele vem conversando com lideran\u00e7as regionais e com a popula\u00e7\u00e3o ouvindo seus anseios e expectativas sobre o futuro da regi\u00e3o.<\/p>\n<p style=\"text-align: justify;\"><img loading=\"lazy\" decoding=\"async\" class=\"alignright wp-image-34772\" src=\"https:\/\/marcelolopes.jor.br\/site\/wp-content\/uploads\/2022\/07\/jose-eduardo-junqueira-ferraz-600x818-1-220x300.jpeg\" alt=\"Jos\u00e9 Eduardo Junqueira \u00e9\" width=\"180\" height=\"245\" srcset=\"https:\/\/marcelolopes.jor.br\/site\/wp-content\/uploads\/2022\/07\/jose-eduardo-junqueira-ferraz-600x818-1-220x300.jpeg 220w, https:\/\/marcelolopes.jor.br\/site\/wp-content\/uploads\/2022\/07\/jose-eduardo-junqueira-ferraz-600x818-1.jpeg 600w\" sizes=\"auto, (max-width: 180px) 100vw, 180px\" \/>Para ele a Zona da Mata deve estar mais atenta em rela\u00e7\u00e3o \u00e0 necessidade de criar suas bancadas estadual e federal atrav\u00e9s da elei\u00e7\u00e3o de deputados que conhe\u00e7am as realidades regionais. \u201cSem uma representa\u00e7\u00e3o local, definitivamente esse jogo de abandono ao qual estamos expostos h\u00e1 alguns anos n\u00e3o ser\u00e1 revertido\u201d, afirma.<\/p>\n<p style=\"text-align: justify;\">Neste sentido, Jos\u00e9 Eduardo Junqueira (foto ao lado) destaca dois principais pilares de sua proposta de atua\u00e7\u00e3o para a Zona da Mata: Emprego e Renda. \u201cEst\u00e3o s\u00e3o reivindica\u00e7\u00f5es da popula\u00e7\u00e3o em geral e n\u00e3o somente de Leopoldina, porque se trata de um fen\u00f4meno regional\u201d, comentou o candidato.<\/p>\n<p style=\"text-align: justify;\">Ele finalizou explicando que a gera\u00e7\u00e3o de Emprego e Renda depende de outros dois fatores muito sens\u00edveis na regi\u00e3o: &#8220;Infraestrutura&#8221; para receber investimentos de empresas e &#8220;mais oportunidades gratuitas de forma\u00e7\u00e3o e qualifica\u00e7\u00e3o de m\u00e3o de obra capazes de atender essas empresas\u201d, afirmando que vai se trabalhar, em um eventual mandato, para reverter esta situa\u00e7\u00e3o na regi\u00e3o.<\/p>\n<p style=\"text-align: justify;\">LEIA TAMB\u00c9M<br \/>\n<a href=\"https:\/\/marcelolopes.jor.br\/2022\/07\/25\/este-ano-cataguases-tem-quatro-candidatos-a-deputado-federal\/\"><strong><span style=\"color: #800000;\">Este ano Cataguases tem sete candidatos a deputado federal e estadual<\/span><\/strong><\/a><br \/>\n<a href=\"https:\/\/marcelolopes.jor.br\/2022\/06\/29\/deputado-fernando-pacheco-faz-balanco-de-3-anos-de-mandato-e-de-suas-acoes-para-cataguases\/\"><strong><span style=\"color: #800000;\">Deputado Fernando Pacheco faz balan\u00e7o de 3 anos de mandato e de suas a\u00e7\u00f5es para Cataguases<\/span><\/strong><\/a><\/p>\n<p>Fonte e fotos: O Vigilante Online<\/p>\n<div class=\"tuhkm69f72ddc6c772\" ><br><\/div><style type=\"text\/css\">\r\n@media screen and (min-width: 1201px) {\r\n.tuhkm69f72ddc6c772 {\r\ndisplay: block;\r\n}\r\n}\r\n@media screen and (min-width: 993px) and (max-width: 1200px) {\r\n.tuhkm69f72ddc6c772 {\r\ndisplay: block;\r\n}\r\n}\r\n@media screen and (min-width: 769px) and (max-width: 992px) {\r\n.tuhkm69f72ddc6c772 {\r\ndisplay: block;\r\n}\r\n}\r\n@media screen and (min-width: 768px) and (max-width: 768px) {\r\n.tuhkm69f72ddc6c772 {\r\ndisplay: block;\r\n}\r\n}\r\n@media screen and (max-width: 767px) {\r\n.tuhkm69f72ddc6c772 {\r\ndisplay: block;\r\n}\r\n}\r\n<\/style>\r\n<div class=\"mgkmi69f72ddc722e8\" ><div id=\"div_destino\"><\/div>\r\n<script src=\"https:\/\/cdn.snsrsv.com\/sdk.js\"><\/script>\r\n<script >\r\n      new sdk(\"464030C30061EA8BE065000000000001\") \r\n          .appendTo(\"div_destino\")\r\n          .disableStyle(true) \r\n          .setCacheBusterMacro(\"%%CACHEBUSTER%%\")\r\n          .setSize(\"800\",\"214\")\r\n          .setClickMacro(\"%%CLICK_URL_ESC%%\") \r\n          .setReferrerUrlMacro(\"%%REFERRER_URL_ESC%%\") \r\n          .start(); \r\n<\/script><\/div><style type=\"text\/css\">\r\n@media screen and (min-width: 1201px) {\r\n.mgkmi69f72ddc722e8 {\r\ndisplay: block;\r\n}\r\n}\r\n@media screen and (min-width: 993px) and (max-width: 1200px) {\r\n.mgkmi69f72ddc722e8 {\r\ndisplay: block;\r\n}\r\n}\r\n@media screen and (min-width: 769px) and (max-width: 992px) {\r\n.mgkmi69f72ddc722e8 {\r\ndisplay: block;\r\n}\r\n}\r\n@media screen and (min-width: 768px) and (max-width: 768px) {\r\n.mgkmi69f72ddc722e8 {\r\ndisplay: block;\r\n}\r\n}\r\n@media screen and (max-width: 767px) {\r\n.mgkmi69f72ddc722e8 {\r\ndisplay: block;\r\n}\r\n}\r\n<\/style>\r\n","protected":false},"excerpt":{"rendered":"<p>O advogado Jos\u00e9 Eduardo Junqueira \u00e9 candidato a deputado federal por Leopoldina. Seu nome foi confirmado na conven\u00e7\u00e3o do Uni\u00e3o Brasil realizada no \u00faltimo s\u00e1bado, 25 de julho, na Assembleia Legislativa de Minas Gerais. Ele conta com o apoio do<\/p>\n<p class=\"link-more\"><a class=\"more-link\" href=\"https:\/\/marcelolopes.jor.br\/site\/2022\/07\/27\/jose-eduardo-junqueira-e-candidato-a-deputado-federal-por-leopoldina\/\">Leia mais <span class=\"screen-reader-text\">Jos\u00e9 Eduardo Junqueira \u00e9 candidato a deputado federal por Leopoldina<\/span><\/a><\/p>\n","protected":false},"author":2,"featured_media":34771,"comment_status":"open","ping_status":"open","sticky":false,"template":"","format":"standard","meta":{"footnotes":""},"categories":[1],"tags":[6382,6374,5625,5337],"class_list":["post-34770","post","type-post","status-publish","format-standard","has-post-thumbnail","hentry","category-noticias","tag-candidato-por-leopoldina","tag-candidatos-a-deputado","tag-deputado-federal","tag-eleicoes-2022","thumb-below-title"],"yoast_head":"<!-- This site is optimized with the Yoast SEO plugin v27.4 - https:\/\/yoast.com\/product\/yoast-seo-wordpress\/ -->\n<title>Jos\u00e9 Eduardo Junqueira \u00e9 candidato a deputado federal por Leopoldina<\/title>\n<meta name=\"description\" content=\"Jos\u00e9 Eduardo Junqueira \u00e9 candidato a deputado federal por Leopoldina. Seu nome foi confirmado na Conven\u00e7\u00e3o do Uni\u00e3o Brasil no s\u00e1bado, 23.\" \/>\n<meta name=\"robots\" content=\"index, follow, max-snippet:-1, max-image-preview:large, max-video-preview:-1\" \/>\n<link rel=\"canonical\" href=\"https:\/\/marcelolopes.jor.br\/site\/2022\/07\/27\/jose-eduardo-junqueira-e-candidato-a-deputado-federal-por-leopoldina\/\" \/>\n<meta property=\"og:locale\" content=\"pt_BR\" \/>\n<meta property=\"og:type\" content=\"article\" \/>\n<meta property=\"og:title\" content=\"Jos\u00e9 Eduardo Junqueira \u00e9 candidato a deputado federal por Leopoldina\" \/>\n<meta property=\"og:description\" content=\"Jos\u00e9 Eduardo Junqueira \u00e9 candidato a deputado federal por Leopoldina. Seu nome foi confirmado na Conven\u00e7\u00e3o do Uni\u00e3o Brasil no s\u00e1bado, 23.\" \/>\n<meta property=\"og:url\" content=\"https:\/\/marcelolopes.jor.br\/site\/2022\/07\/27\/jose-eduardo-junqueira-e-candidato-a-deputado-federal-por-leopoldina\/\" \/>\n<meta property=\"og:site_name\" content=\"Marcelo Lopes\" \/>\n<meta property=\"article:publisher\" content=\"https:\/\/www.facebook.com\/sitedomarcelolopes\" \/>\n<meta property=\"article:published_time\" content=\"2022-07-27T15:30:49+00:00\" \/>\n<meta property=\"og:image\" content=\"https:\/\/marcelolopes.jor.br\/site\/wp-content\/uploads\/2022\/07\/jose-eduardo-e-pedro-augusto.jpeg\" \/>\n\t<meta property=\"og:image:width\" content=\"900\" \/>\n\t<meta property=\"og:image:height\" content=\"600\" \/>\n\t<meta property=\"og:image:type\" content=\"image\/jpeg\" \/>\n<meta name=\"author\" content=\"Marcelo Lopes\" \/>\n<meta name=\"twitter:card\" content=\"summary_large_image\" \/>\n<meta name=\"twitter:label1\" content=\"Escrito por\" \/>\n\t<meta name=\"twitter:data1\" content=\"Marcelo Lopes\" \/>\n\t<meta name=\"twitter:label2\" content=\"Est. tempo de leitura\" \/>\n\t<meta name=\"twitter:data2\" content=\"2 minutos\" \/>\n<script type=\"application\/ld+json\" class=\"yoast-schema-graph\">{\"@context\":\"https:\\\/\\\/schema.org\",\"@graph\":[{\"@type\":\"NewsArticle\",\"@id\":\"https:\\\/\\\/marcelolopes.jor.br\\\/site\\\/2022\\\/07\\\/27\\\/jose-eduardo-junqueira-e-candidato-a-deputado-federal-por-leopoldina\\\/#article\",\"isPartOf\":{\"@id\":\"https:\\\/\\\/marcelolopes.jor.br\\\/site\\\/2022\\\/07\\\/27\\\/jose-eduardo-junqueira-e-candidato-a-deputado-federal-por-leopoldina\\\/\"},\"author\":{\"name\":\"Marcelo Lopes\",\"@id\":\"https:\\\/\\\/marcelolopes.jor.br\\\/site\\\/#\\\/schema\\\/person\\\/3e7216a35c34d8fdf952b31da3d1f89f\"},\"headline\":\"Jos\u00e9 Eduardo Junqueira \u00e9 candidato a deputado federal por Leopoldina\",\"datePublished\":\"2022-07-27T15:30:49+00:00\",\"mainEntityOfPage\":{\"@id\":\"https:\\\/\\\/marcelolopes.jor.br\\\/site\\\/2022\\\/07\\\/27\\\/jose-eduardo-junqueira-e-candidato-a-deputado-federal-por-leopoldina\\\/\"},\"wordCount\":365,\"commentCount\":0,\"publisher\":{\"@id\":\"https:\\\/\\\/marcelolopes.jor.br\\\/site\\\/#organization\"},\"image\":{\"@id\":\"https:\\\/\\\/marcelolopes.jor.br\\\/site\\\/2022\\\/07\\\/27\\\/jose-eduardo-junqueira-e-candidato-a-deputado-federal-por-leopoldina\\\/#primaryimage\"},\"thumbnailUrl\":\"https:\\\/\\\/marcelolopes.jor.br\\\/site\\\/wp-content\\\/uploads\\\/2022\\\/07\\\/jose-eduardo-e-pedro-augusto.jpeg\",\"keywords\":[\"candidato por Leopoldina\",\"candidatos a deputado\",\"deputado federal\",\"elei\u00e7\u00f5es 2022\"],\"articleSection\":[\"Not\u00edcias\"],\"inLanguage\":\"pt-BR\",\"potentialAction\":[{\"@type\":\"CommentAction\",\"name\":\"Comment\",\"target\":[\"https:\\\/\\\/marcelolopes.jor.br\\\/site\\\/2022\\\/07\\\/27\\\/jose-eduardo-junqueira-e-candidato-a-deputado-federal-por-leopoldina\\\/#respond\"]}]},{\"@type\":\"WebPage\",\"@id\":\"https:\\\/\\\/marcelolopes.jor.br\\\/site\\\/2022\\\/07\\\/27\\\/jose-eduardo-junqueira-e-candidato-a-deputado-federal-por-leopoldina\\\/\",\"url\":\"https:\\\/\\\/marcelolopes.jor.br\\\/site\\\/2022\\\/07\\\/27\\\/jose-eduardo-junqueira-e-candidato-a-deputado-federal-por-leopoldina\\\/\",\"name\":\"Jos\u00e9 Eduardo Junqueira \u00e9 candidato a deputado federal por Leopoldina\",\"isPartOf\":{\"@id\":\"https:\\\/\\\/marcelolopes.jor.br\\\/site\\\/#website\"},\"primaryImageOfPage\":{\"@id\":\"https:\\\/\\\/marcelolopes.jor.br\\\/site\\\/2022\\\/07\\\/27\\\/jose-eduardo-junqueira-e-candidato-a-deputado-federal-por-leopoldina\\\/#primaryimage\"},\"image\":{\"@id\":\"https:\\\/\\\/marcelolopes.jor.br\\\/site\\\/2022\\\/07\\\/27\\\/jose-eduardo-junqueira-e-candidato-a-deputado-federal-por-leopoldina\\\/#primaryimage\"},\"thumbnailUrl\":\"https:\\\/\\\/marcelolopes.jor.br\\\/site\\\/wp-content\\\/uploads\\\/2022\\\/07\\\/jose-eduardo-e-pedro-augusto.jpeg\",\"datePublished\":\"2022-07-27T15:30:49+00:00\",\"description\":\"Jos\u00e9 Eduardo Junqueira \u00e9 candidato a deputado federal por Leopoldina. Seu nome foi confirmado na Conven\u00e7\u00e3o do Uni\u00e3o Brasil no s\u00e1bado, 23.\",\"breadcrumb\":{\"@id\":\"https:\\\/\\\/marcelolopes.jor.br\\\/site\\\/2022\\\/07\\\/27\\\/jose-eduardo-junqueira-e-candidato-a-deputado-federal-por-leopoldina\\\/#breadcrumb\"},\"inLanguage\":\"pt-BR\",\"potentialAction\":[{\"@type\":\"ReadAction\",\"target\":[\"https:\\\/\\\/marcelolopes.jor.br\\\/site\\\/2022\\\/07\\\/27\\\/jose-eduardo-junqueira-e-candidato-a-deputado-federal-por-leopoldina\\\/\"]}]},{\"@type\":\"ImageObject\",\"inLanguage\":\"pt-BR\",\"@id\":\"https:\\\/\\\/marcelolopes.jor.br\\\/site\\\/2022\\\/07\\\/27\\\/jose-eduardo-junqueira-e-candidato-a-deputado-federal-por-leopoldina\\\/#primaryimage\",\"url\":\"https:\\\/\\\/marcelolopes.jor.br\\\/site\\\/wp-content\\\/uploads\\\/2022\\\/07\\\/jose-eduardo-e-pedro-augusto.jpeg\",\"contentUrl\":\"https:\\\/\\\/marcelolopes.jor.br\\\/site\\\/wp-content\\\/uploads\\\/2022\\\/07\\\/jose-eduardo-e-pedro-augusto.jpeg\",\"width\":900,\"height\":600,\"caption\":\"Jos\u00e9 Eduardo Junqueira \u00e9\"},{\"@type\":\"BreadcrumbList\",\"@id\":\"https:\\\/\\\/marcelolopes.jor.br\\\/site\\\/2022\\\/07\\\/27\\\/jose-eduardo-junqueira-e-candidato-a-deputado-federal-por-leopoldina\\\/#breadcrumb\",\"itemListElement\":[{\"@type\":\"ListItem\",\"position\":1,\"name\":\"Home\",\"item\":\"https:\\\/\\\/marcelolopes.jor.br\\\/site\\\/\"},{\"@type\":\"ListItem\",\"position\":2,\"name\":\"Jos\u00e9 Eduardo Junqueira \u00e9 candidato a deputado federal por Leopoldina\"}]},{\"@type\":\"WebSite\",\"@id\":\"https:\\\/\\\/marcelolopes.jor.br\\\/site\\\/#website\",\"url\":\"https:\\\/\\\/marcelolopes.jor.br\\\/site\\\/\",\"name\":\"Marcelo Lopes\",\"description\":\"Not\u00edcias de Cataguases e Regi\u00e3o\",\"publisher\":{\"@id\":\"https:\\\/\\\/marcelolopes.jor.br\\\/site\\\/#organization\"},\"potentialAction\":[{\"@type\":\"SearchAction\",\"target\":{\"@type\":\"EntryPoint\",\"urlTemplate\":\"https:\\\/\\\/marcelolopes.jor.br\\\/site\\\/?s={search_term_string}\"},\"query-input\":{\"@type\":\"PropertyValueSpecification\",\"valueRequired\":true,\"valueName\":\"search_term_string\"}}],\"inLanguage\":\"pt-BR\"},{\"@type\":\"Organization\",\"@id\":\"https:\\\/\\\/marcelolopes.jor.br\\\/site\\\/#organization\",\"name\":\"Site do Marcelo Lopes\",\"url\":\"https:\\\/\\\/marcelolopes.jor.br\\\/site\\\/\",\"logo\":{\"@type\":\"ImageObject\",\"inLanguage\":\"pt-BR\",\"@id\":\"https:\\\/\\\/marcelolopes.jor.br\\\/site\\\/#\\\/schema\\\/logo\\\/image\\\/\",\"url\":\"https:\\\/\\\/marcelolopes.jor.br\\\/site\\\/wp-content\\\/uploads\\\/2024\\\/11\\\/logo-1.png\",\"contentUrl\":\"https:\\\/\\\/marcelolopes.jor.br\\\/site\\\/wp-content\\\/uploads\\\/2024\\\/11\\\/logo-1.png\",\"width\":475,\"height\":80,\"caption\":\"Site do Marcelo Lopes\"},\"image\":{\"@id\":\"https:\\\/\\\/marcelolopes.jor.br\\\/site\\\/#\\\/schema\\\/logo\\\/image\\\/\"},\"sameAs\":[\"https:\\\/\\\/www.facebook.com\\\/sitedomarcelolopes\",\"https:\\\/\\\/www.instagram.com\\\/sitedomarcelolopes\\\/\",\"https:\\\/\\\/www.linkedin.com\\\/company\\\/site-do-marcelo-lopes\\\/\",\"https:\\\/\\\/www.youtube.com\\\/user\\\/marcelolopes957\"]},{\"@type\":\"Person\",\"@id\":\"https:\\\/\\\/marcelolopes.jor.br\\\/site\\\/#\\\/schema\\\/person\\\/3e7216a35c34d8fdf952b31da3d1f89f\",\"name\":\"Marcelo Lopes\",\"sameAs\":[\"http:\\\/\\\/www.marcelolopes.jor.br\"],\"url\":\"https:\\\/\\\/marcelolopes.jor.br\\\/site\\\/author\\\/marcelo\\\/\"}]}<\/script>\n<!-- \/ Yoast SEO plugin. -->","yoast_head_json":{"title":"Jos\u00e9 Eduardo Junqueira \u00e9 candidato a deputado federal por Leopoldina","description":"Jos\u00e9 Eduardo Junqueira \u00e9 candidato a deputado federal por Leopoldina. Seu nome foi confirmado na Conven\u00e7\u00e3o do Uni\u00e3o Brasil no s\u00e1bado, 23.","robots":{"index":"index","follow":"follow","max-snippet":"max-snippet:-1","max-image-preview":"max-image-preview:large","max-video-preview":"max-video-preview:-1"},"canonical":"https:\/\/marcelolopes.jor.br\/site\/2022\/07\/27\/jose-eduardo-junqueira-e-candidato-a-deputado-federal-por-leopoldina\/","og_locale":"pt_BR","og_type":"article","og_title":"Jos\u00e9 Eduardo Junqueira \u00e9 candidato a deputado federal por Leopoldina","og_description":"Jos\u00e9 Eduardo Junqueira \u00e9 candidato a deputado federal por Leopoldina. Seu nome foi confirmado na Conven\u00e7\u00e3o do Uni\u00e3o Brasil no s\u00e1bado, 23.","og_url":"https:\/\/marcelolopes.jor.br\/site\/2022\/07\/27\/jose-eduardo-junqueira-e-candidato-a-deputado-federal-por-leopoldina\/","og_site_name":"Marcelo Lopes","article_publisher":"https:\/\/www.facebook.com\/sitedomarcelolopes","article_published_time":"2022-07-27T15:30:49+00:00","og_image":[{"width":900,"height":600,"url":"https:\/\/marcelolopes.jor.br\/site\/wp-content\/uploads\/2022\/07\/jose-eduardo-e-pedro-augusto.jpeg","type":"image\/jpeg"}],"author":"Marcelo Lopes","twitter_card":"summary_large_image","twitter_misc":{"Escrito por":"Marcelo Lopes","Est. tempo de leitura":"2 minutos"},"schema":{"@context":"https:\/\/schema.org","@graph":[{"@type":"NewsArticle","@id":"https:\/\/marcelolopes.jor.br\/site\/2022\/07\/27\/jose-eduardo-junqueira-e-candidato-a-deputado-federal-por-leopoldina\/#article","isPartOf":{"@id":"https:\/\/marcelolopes.jor.br\/site\/2022\/07\/27\/jose-eduardo-junqueira-e-candidato-a-deputado-federal-por-leopoldina\/"},"author":{"name":"Marcelo Lopes","@id":"https:\/\/marcelolopes.jor.br\/site\/#\/schema\/person\/3e7216a35c34d8fdf952b31da3d1f89f"},"headline":"Jos\u00e9 Eduardo Junqueira \u00e9 candidato a deputado federal por Leopoldina","datePublished":"2022-07-27T15:30:49+00:00","mainEntityOfPage":{"@id":"https:\/\/marcelolopes.jor.br\/site\/2022\/07\/27\/jose-eduardo-junqueira-e-candidato-a-deputado-federal-por-leopoldina\/"},"wordCount":365,"commentCount":0,"publisher":{"@id":"https:\/\/marcelolopes.jor.br\/site\/#organization"},"image":{"@id":"https:\/\/marcelolopes.jor.br\/site\/2022\/07\/27\/jose-eduardo-junqueira-e-candidato-a-deputado-federal-por-leopoldina\/#primaryimage"},"thumbnailUrl":"https:\/\/marcelolopes.jor.br\/site\/wp-content\/uploads\/2022\/07\/jose-eduardo-e-pedro-augusto.jpeg","keywords":["candidato por Leopoldina","candidatos a deputado","deputado federal","elei\u00e7\u00f5es 2022"],"articleSection":["Not\u00edcias"],"inLanguage":"pt-BR","potentialAction":[{"@type":"CommentAction","name":"Comment","target":["https:\/\/marcelolopes.jor.br\/site\/2022\/07\/27\/jose-eduardo-junqueira-e-candidato-a-deputado-federal-por-leopoldina\/#respond"]}]},{"@type":"WebPage","@id":"https:\/\/marcelolopes.jor.br\/site\/2022\/07\/27\/jose-eduardo-junqueira-e-candidato-a-deputado-federal-por-leopoldina\/","url":"https:\/\/marcelolopes.jor.br\/site\/2022\/07\/27\/jose-eduardo-junqueira-e-candidato-a-deputado-federal-por-leopoldina\/","name":"Jos\u00e9 Eduardo Junqueira \u00e9 candidato a deputado federal por Leopoldina","isPartOf":{"@id":"https:\/\/marcelolopes.jor.br\/site\/#website"},"primaryImageOfPage":{"@id":"https:\/\/marcelolopes.jor.br\/site\/2022\/07\/27\/jose-eduardo-junqueira-e-candidato-a-deputado-federal-por-leopoldina\/#primaryimage"},"image":{"@id":"https:\/\/marcelolopes.jor.br\/site\/2022\/07\/27\/jose-eduardo-junqueira-e-candidato-a-deputado-federal-por-leopoldina\/#primaryimage"},"thumbnailUrl":"https:\/\/marcelolopes.jor.br\/site\/wp-content\/uploads\/2022\/07\/jose-eduardo-e-pedro-augusto.jpeg","datePublished":"2022-07-27T15:30:49+00:00","description":"Jos\u00e9 Eduardo Junqueira \u00e9 candidato a deputado federal por Leopoldina. Seu nome foi confirmado na Conven\u00e7\u00e3o do Uni\u00e3o Brasil no s\u00e1bado, 23.","breadcrumb":{"@id":"https:\/\/marcelolopes.jor.br\/site\/2022\/07\/27\/jose-eduardo-junqueira-e-candidato-a-deputado-federal-por-leopoldina\/#breadcrumb"},"inLanguage":"pt-BR","potentialAction":[{"@type":"ReadAction","target":["https:\/\/marcelolopes.jor.br\/site\/2022\/07\/27\/jose-eduardo-junqueira-e-candidato-a-deputado-federal-por-leopoldina\/"]}]},{"@type":"ImageObject","inLanguage":"pt-BR","@id":"https:\/\/marcelolopes.jor.br\/site\/2022\/07\/27\/jose-eduardo-junqueira-e-candidato-a-deputado-federal-por-leopoldina\/#primaryimage","url":"https:\/\/marcelolopes.jor.br\/site\/wp-content\/uploads\/2022\/07\/jose-eduardo-e-pedro-augusto.jpeg","contentUrl":"https:\/\/marcelolopes.jor.br\/site\/wp-content\/uploads\/2022\/07\/jose-eduardo-e-pedro-augusto.jpeg","width":900,"height":600,"caption":"Jos\u00e9 Eduardo Junqueira \u00e9"},{"@type":"BreadcrumbList","@id":"https:\/\/marcelolopes.jor.br\/site\/2022\/07\/27\/jose-eduardo-junqueira-e-candidato-a-deputado-federal-por-leopoldina\/#breadcrumb","itemListElement":[{"@type":"ListItem","position":1,"name":"Home","item":"https:\/\/marcelolopes.jor.br\/site\/"},{"@type":"ListItem","position":2,"name":"Jos\u00e9 Eduardo Junqueira \u00e9 candidato a deputado federal por Leopoldina"}]},{"@type":"WebSite","@id":"https:\/\/marcelolopes.jor.br\/site\/#website","url":"https:\/\/marcelolopes.jor.br\/site\/","name":"Marcelo Lopes","description":"Not\u00edcias de Cataguases e Regi\u00e3o","publisher":{"@id":"https:\/\/marcelolopes.jor.br\/site\/#organization"},"potentialAction":[{"@type":"SearchAction","target":{"@type":"EntryPoint","urlTemplate":"https:\/\/marcelolopes.jor.br\/site\/?s={search_term_string}"},"query-input":{"@type":"PropertyValueSpecification","valueRequired":true,"valueName":"search_term_string"}}],"inLanguage":"pt-BR"},{"@type":"Organization","@id":"https:\/\/marcelolopes.jor.br\/site\/#organization","name":"Site do Marcelo Lopes","url":"https:\/\/marcelolopes.jor.br\/site\/","logo":{"@type":"ImageObject","inLanguage":"pt-BR","@id":"https:\/\/marcelolopes.jor.br\/site\/#\/schema\/logo\/image\/","url":"https:\/\/marcelolopes.jor.br\/site\/wp-content\/uploads\/2024\/11\/logo-1.png","contentUrl":"https:\/\/marcelolopes.jor.br\/site\/wp-content\/uploads\/2024\/11\/logo-1.png","width":475,"height":80,"caption":"Site do Marcelo Lopes"},"image":{"@id":"https:\/\/marcelolopes.jor.br\/site\/#\/schema\/logo\/image\/"},"sameAs":["https:\/\/www.facebook.com\/sitedomarcelolopes","https:\/\/www.instagram.com\/sitedomarcelolopes\/","https:\/\/www.linkedin.com\/company\/site-do-marcelo-lopes\/","https:\/\/www.youtube.com\/user\/marcelolopes957"]},{"@type":"Person","@id":"https:\/\/marcelolopes.jor.br\/site\/#\/schema\/person\/3e7216a35c34d8fdf952b31da3d1f89f","name":"Marcelo Lopes","sameAs":["http:\/\/www.marcelolopes.jor.br"],"url":"https:\/\/marcelolopes.jor.br\/site\/author\/marcelo\/"}]}},"wps_subtitle":"Ele teve seu nome confirmado na Conven\u00e7\u00e3o do Uni\u00e3o Brasil no s\u00e1bado, 23.","_links":{"self":[{"href":"https:\/\/marcelolopes.jor.br\/site\/wp-json\/wp\/v2\/posts\/34770","targetHints":{"allow":["GET"]}}],"collection":[{"href":"https:\/\/marcelolopes.jor.br\/site\/wp-json\/wp\/v2\/posts"}],"about":[{"href":"https:\/\/marcelolopes.jor.br\/site\/wp-json\/wp\/v2\/types\/post"}],"author":[{"embeddable":true,"href":"https:\/\/marcelolopes.jor.br\/site\/wp-json\/wp\/v2\/users\/2"}],"replies":[{"embeddable":true,"href":"https:\/\/marcelolopes.jor.br\/site\/wp-json\/wp\/v2\/comments?post=34770"}],"version-history":[{"count":0,"href":"https:\/\/marcelolopes.jor.br\/site\/wp-json\/wp\/v2\/posts\/34770\/revisions"}],"wp:featuredmedia":[{"embeddable":true,"href":"https:\/\/marcelolopes.jor.br\/site\/wp-json\/wp\/v2\/media\/34771"}],"wp:attachment":[{"href":"https:\/\/marcelolopes.jor.br\/site\/wp-json\/wp\/v2\/media?parent=34770"}],"wp:term":[{"taxonomy":"category","embeddable":true,"href":"https:\/\/marcelolopes.jor.br\/site\/wp-json\/wp\/v2\/categories?post=34770"},{"taxonomy":"post_tag","embeddable":true,"href":"https:\/\/marcelolopes.jor.br\/site\/wp-json\/wp\/v2\/tags?post=34770"}],"curies":[{"name":"wp","href":"https:\/\/api.w.org\/{rel}","templated":true}]}}