{"id":34588,"date":"2022-07-19T12:00:59","date_gmt":"2022-07-19T15:00:59","guid":{"rendered":"https:\/\/marcelolopes.jor.br\/?p=34588"},"modified":"2022-07-19T08:51:33","modified_gmt":"2022-07-19T11:51:33","slug":"itamarati-de-minas-inaugura-portico-no-principal-acesso-a-cidade","status":"publish","type":"post","link":"https:\/\/marcelolopes.jor.br\/site\/2022\/07\/19\/itamarati-de-minas-inaugura-portico-no-principal-acesso-a-cidade\/","title":{"rendered":"Itamarati de Minas inaugura p\u00f3rtico no principal acesso \u00e0 cidade"},"content":{"rendered":"<p style=\"text-align: justify;\">A Prefeitura de Itamarati de Minas entregou na noite de s\u00e1bado, 16 de julho, o novo p\u00f3rtico constru\u00eddo na entrada principal da cidade, localizado na Avenida Ricardo Zanela, cuja impon\u00eancia j\u00e1 o torna um dos cart\u00f5es postais do munic\u00edpio, conforme salientou o prefeito Hamilton de Moura Filho.<!--more--><\/p>\n<p style=\"text-align: justify;\">A obra, que comp\u00f5e uma s\u00e9rie de investimentos com recursos pr\u00f3prios em projetos de qualifica\u00e7\u00e3o de espa\u00e7os p\u00fablicos, recebeu o nome de P\u00f3rtico Zefelson Alves Duarte, em homenagem ao filho ilustre da cidade, empres\u00e1rio pioneiro na explora\u00e7\u00e3o da bauxita em Itamarati de Minas, colaborador nas quest\u00f5es pol\u00edticas local, incentivador do esporte e pai de fam\u00edlia.<\/p>\n<p style=\"text-align: justify;\">A cerim\u00f4nia de inaugura\u00e7\u00e3o contou com a presen\u00e7a do prefeito Hamilton de Moura Filho, secret\u00e1rios municipais e vereadores, e familiares do homenageado representados por sua esposa, Vera Nilce Moreira Duarte e os filhos Guilherme, J\u00e9ferson e Cl\u00e1udia.<\/p>\n<p style=\"text-align: justify;\">O projeto do P\u00f3rtico na entrada principal de <a href=\"http:\/\/www.itamaratideminas.mg.gov.br\"><strong><span style=\"color: #800000;\">Itamarati de Minas<\/span><\/strong><\/a>, tamb\u00e9m levou benfeitorias no seu entorno como a amplia\u00e7\u00e3o e melhoria na pista de pedestres, constru\u00e7\u00e3o de uma ciclovia e dos trevos entre a Avenida Ricardo Zanela e a Rua Geraldo Ferraz &#8211; que tamb\u00e9m recebeu cal\u00e7amento em paralelep\u00edpedo -, e Rua Jo\u00e3o Il\u00eddio de Ara\u00fajo Vieira, al\u00e9m de implanta\u00e7\u00e3o de ilumina\u00e7\u00e3o p\u00fablica e obras de paisagismo.<\/p>\n<p style=\"text-align: justify;\"><strong>LEIA TAMB\u00c9M<\/strong><br \/>\n<a href=\"https:\/\/marcelolopes.jor.br\/2022\/07\/05\/itamarati-de-minas-vai-ganhar-centro-de-assistencia-social\/\"><strong><span style=\"color: #800000;\">Itamarati de Minas vai ganhar Centro de Assist\u00eancia Social<\/span><\/strong><\/a><br \/>\n<a href=\"https:\/\/marcelolopes.jor.br\/2022\/05\/15\/estrada-que-liga-itamarati-de-minas-a-descoberto-pode-ser-asfaltada\/\"><strong><span style=\"color: #800000;\">Estrada que liga Itamarati de Minas a Descoberto pode ser asfaltada<\/span><\/strong><\/a><\/p>\n<p><img loading=\"lazy\" decoding=\"async\" class=\"aligncenter wp-image-34590\" src=\"https:\/\/marcelolopes.jor.br\/site\/wp-content\/uploads\/2022\/07\/Portico2-300x225.jpeg\" alt=\"Itamarati de Minas inaugura p\u00f3rtico\" width=\"700\" height=\"526\" srcset=\"https:\/\/marcelolopes.jor.br\/site\/wp-content\/uploads\/2022\/07\/Portico2-300x225.jpeg 300w, https:\/\/marcelolopes.jor.br\/site\/wp-content\/uploads\/2022\/07\/Portico2-1024x769.jpeg 1024w, https:\/\/marcelolopes.jor.br\/site\/wp-content\/uploads\/2022\/07\/Portico2-768x577.jpeg 768w, https:\/\/marcelolopes.jor.br\/site\/wp-content\/uploads\/2022\/07\/Portico2-1200x901.jpeg 1200w, https:\/\/marcelolopes.jor.br\/site\/wp-content\/uploads\/2022\/07\/Portico2-320x240.jpeg 320w, https:\/\/marcelolopes.jor.br\/site\/wp-content\/uploads\/2022\/07\/Portico2.jpeg 1280w\" sizes=\"auto, (max-width: 700px) 100vw, 700px\" \/> <img loading=\"lazy\" decoding=\"async\" class=\"aligncenter wp-image-34589\" src=\"https:\/\/marcelolopes.jor.br\/site\/wp-content\/uploads\/2022\/07\/Portico1-300x225.jpeg\" alt=\"Itamarati de Minas inaugura p\u00f3rtico\" width=\"700\" height=\"526\" srcset=\"https:\/\/marcelolopes.jor.br\/site\/wp-content\/uploads\/2022\/07\/Portico1-300x225.jpeg 300w, https:\/\/marcelolopes.jor.br\/site\/wp-content\/uploads\/2022\/07\/Portico1-1024x769.jpeg 1024w, https:\/\/marcelolopes.jor.br\/site\/wp-content\/uploads\/2022\/07\/Portico1-768x577.jpeg 768w, https:\/\/marcelolopes.jor.br\/site\/wp-content\/uploads\/2022\/07\/Portico1-1200x901.jpeg 1200w, https:\/\/marcelolopes.jor.br\/site\/wp-content\/uploads\/2022\/07\/Portico1-320x240.jpeg 320w, https:\/\/marcelolopes.jor.br\/site\/wp-content\/uploads\/2022\/07\/Portico1.jpeg 1280w\" sizes=\"auto, (max-width: 700px) 100vw, 700px\" \/><\/p>\n<p>Fonte e fotos: Prefeitura de Itamarati de Minas<\/p>\n<div class=\"rhgak69f727f11c96e\" ><br><\/div><style type=\"text\/css\">\r\n@media screen and (min-width: 1201px) {\r\n.rhgak69f727f11c96e {\r\ndisplay: block;\r\n}\r\n}\r\n@media screen and (min-width: 993px) and (max-width: 1200px) {\r\n.rhgak69f727f11c96e {\r\ndisplay: block;\r\n}\r\n}\r\n@media screen and (min-width: 769px) and (max-width: 992px) {\r\n.rhgak69f727f11c96e {\r\ndisplay: block;\r\n}\r\n}\r\n@media screen and (min-width: 768px) and (max-width: 768px) {\r\n.rhgak69f727f11c96e {\r\ndisplay: block;\r\n}\r\n}\r\n@media screen and (max-width: 767px) {\r\n.rhgak69f727f11c96e {\r\ndisplay: block;\r\n}\r\n}\r\n<\/style>\r\n<div class=\"yctgx69f727f121db2\" ><div id=\"div_destino\"><\/div>\r\n<script src=\"https:\/\/cdn.snsrsv.com\/sdk.js\"><\/script>\r\n<script >\r\n      new sdk(\"464030C30061EA8BE065000000000001\") \r\n          .appendTo(\"div_destino\")\r\n          .disableStyle(true) \r\n          .setCacheBusterMacro(\"%%CACHEBUSTER%%\")\r\n          .setSize(\"800\",\"214\")\r\n          .setClickMacro(\"%%CLICK_URL_ESC%%\") \r\n          .setReferrerUrlMacro(\"%%REFERRER_URL_ESC%%\") \r\n          .start(); \r\n<\/script><\/div><style type=\"text\/css\">\r\n@media screen and (min-width: 1201px) {\r\n.yctgx69f727f121db2 {\r\ndisplay: block;\r\n}\r\n}\r\n@media screen and (min-width: 993px) and (max-width: 1200px) {\r\n.yctgx69f727f121db2 {\r\ndisplay: block;\r\n}\r\n}\r\n@media screen and (min-width: 769px) and (max-width: 992px) {\r\n.yctgx69f727f121db2 {\r\ndisplay: block;\r\n}\r\n}\r\n@media screen and (min-width: 768px) and (max-width: 768px) {\r\n.yctgx69f727f121db2 {\r\ndisplay: block;\r\n}\r\n}\r\n@media screen and (max-width: 767px) {\r\n.yctgx69f727f121db2 {\r\ndisplay: block;\r\n}\r\n}\r\n<\/style>\r\n","protected":false},"excerpt":{"rendered":"<p>A Prefeitura de Itamarati de Minas entregou na noite de s\u00e1bado, 16 de julho, o novo p\u00f3rtico constru\u00eddo na entrada principal da cidade, localizado na Avenida Ricardo Zanela, cuja impon\u00eancia j\u00e1 o torna um dos cart\u00f5es postais do munic\u00edpio, conforme<\/p>\n<p class=\"link-more\"><a class=\"more-link\" href=\"https:\/\/marcelolopes.jor.br\/site\/2022\/07\/19\/itamarati-de-minas-inaugura-portico-no-principal-acesso-a-cidade\/\">Leia mais <span class=\"screen-reader-text\">Itamarati de Minas inaugura p\u00f3rtico no principal acesso \u00e0 cidade<\/span><\/a><\/p>\n","protected":false},"author":2,"featured_media":34592,"comment_status":"open","ping_status":"open","sticky":false,"template":"","format":"standard","meta":{"footnotes":""},"categories":[1],"tags":[6333,401,6332,5939],"class_list":["post-34588","post","type-post","status-publish","format-standard","has-post-thumbnail","hentry","category-noticias","tag-inauguracao-do-portico","tag-itamarati-de-minas","tag-portico","tag-prefeitura-de-itamarati-de-minas","thumb-below-title"],"yoast_head":"<!-- This site is optimized with the Yoast SEO plugin v27.4 - https:\/\/yoast.com\/product\/yoast-seo-wordpress\/ -->\n<title>Itamarati de Minas inaugura p\u00f3rtico no principal acesso \u00e0 cidade<\/title>\n<meta name=\"description\" content=\"Itamarati de Minas inaugura p\u00f3rtico no principal acesso \u00e0 cidade. Sua constru\u00e7\u00e3o tamb\u00e9m levou benfeitorias para o seu entorno.\" \/>\n<meta name=\"robots\" content=\"index, follow, max-snippet:-1, max-image-preview:large, max-video-preview:-1\" \/>\n<link rel=\"canonical\" href=\"https:\/\/marcelolopes.jor.br\/site\/2022\/07\/19\/itamarati-de-minas-inaugura-portico-no-principal-acesso-a-cidade\/\" \/>\n<meta property=\"og:locale\" content=\"pt_BR\" \/>\n<meta property=\"og:type\" content=\"article\" \/>\n<meta property=\"og:title\" content=\"Itamarati de Minas inaugura p\u00f3rtico no principal acesso \u00e0 cidade\" \/>\n<meta property=\"og:description\" content=\"Itamarati de Minas inaugura p\u00f3rtico no principal acesso \u00e0 cidade. Sua constru\u00e7\u00e3o tamb\u00e9m levou benfeitorias para o seu entorno.\" \/>\n<meta property=\"og:url\" content=\"https:\/\/marcelolopes.jor.br\/site\/2022\/07\/19\/itamarati-de-minas-inaugura-portico-no-principal-acesso-a-cidade\/\" \/>\n<meta property=\"og:site_name\" content=\"Marcelo Lopes\" \/>\n<meta property=\"article:publisher\" content=\"https:\/\/www.facebook.com\/sitedomarcelolopes\" \/>\n<meta property=\"article:published_time\" content=\"2022-07-19T15:00:59+00:00\" \/>\n<meta property=\"og:image\" content=\"https:\/\/marcelolopes.jor.br\/site\/wp-content\/uploads\/2022\/07\/Portico3.jpeg\" \/>\n\t<meta property=\"og:image:width\" content=\"800\" \/>\n\t<meta property=\"og:image:height\" content=\"515\" \/>\n\t<meta property=\"og:image:type\" content=\"image\/jpeg\" \/>\n<meta name=\"author\" content=\"Marcelo Lopes\" \/>\n<meta name=\"twitter:card\" content=\"summary_large_image\" \/>\n<meta name=\"twitter:label1\" content=\"Escrito por\" \/>\n\t<meta name=\"twitter:data1\" content=\"Marcelo Lopes\" \/>\n\t<meta name=\"twitter:label2\" content=\"Est. tempo de leitura\" \/>\n\t<meta name=\"twitter:data2\" content=\"1 minuto\" \/>\n<script type=\"application\/ld+json\" class=\"yoast-schema-graph\">{\"@context\":\"https:\\\/\\\/schema.org\",\"@graph\":[{\"@type\":\"NewsArticle\",\"@id\":\"https:\\\/\\\/marcelolopes.jor.br\\\/site\\\/2022\\\/07\\\/19\\\/itamarati-de-minas-inaugura-portico-no-principal-acesso-a-cidade\\\/#article\",\"isPartOf\":{\"@id\":\"https:\\\/\\\/marcelolopes.jor.br\\\/site\\\/2022\\\/07\\\/19\\\/itamarati-de-minas-inaugura-portico-no-principal-acesso-a-cidade\\\/\"},\"author\":{\"name\":\"Marcelo Lopes\",\"@id\":\"https:\\\/\\\/marcelolopes.jor.br\\\/site\\\/#\\\/schema\\\/person\\\/3e7216a35c34d8fdf952b31da3d1f89f\"},\"headline\":\"Itamarati de Minas inaugura p\u00f3rtico no principal acesso \u00e0 cidade\",\"datePublished\":\"2022-07-19T15:00:59+00:00\",\"mainEntityOfPage\":{\"@id\":\"https:\\\/\\\/marcelolopes.jor.br\\\/site\\\/2022\\\/07\\\/19\\\/itamarati-de-minas-inaugura-portico-no-principal-acesso-a-cidade\\\/\"},\"wordCount\":286,\"commentCount\":0,\"publisher\":{\"@id\":\"https:\\\/\\\/marcelolopes.jor.br\\\/site\\\/#organization\"},\"image\":{\"@id\":\"https:\\\/\\\/marcelolopes.jor.br\\\/site\\\/2022\\\/07\\\/19\\\/itamarati-de-minas-inaugura-portico-no-principal-acesso-a-cidade\\\/#primaryimage\"},\"thumbnailUrl\":\"https:\\\/\\\/marcelolopes.jor.br\\\/site\\\/wp-content\\\/uploads\\\/2022\\\/07\\\/Portico3.jpeg\",\"keywords\":[\"inaugura\u00e7\u00e3o do P\u00f3rtico\",\"Itamarati de Minas\",\"p\u00f3rtico\",\"Prefeitura de Itamarati de Minas\"],\"articleSection\":[\"Not\u00edcias\"],\"inLanguage\":\"pt-BR\",\"potentialAction\":[{\"@type\":\"CommentAction\",\"name\":\"Comment\",\"target\":[\"https:\\\/\\\/marcelolopes.jor.br\\\/site\\\/2022\\\/07\\\/19\\\/itamarati-de-minas-inaugura-portico-no-principal-acesso-a-cidade\\\/#respond\"]}]},{\"@type\":\"WebPage\",\"@id\":\"https:\\\/\\\/marcelolopes.jor.br\\\/site\\\/2022\\\/07\\\/19\\\/itamarati-de-minas-inaugura-portico-no-principal-acesso-a-cidade\\\/\",\"url\":\"https:\\\/\\\/marcelolopes.jor.br\\\/site\\\/2022\\\/07\\\/19\\\/itamarati-de-minas-inaugura-portico-no-principal-acesso-a-cidade\\\/\",\"name\":\"Itamarati de Minas inaugura p\u00f3rtico no principal acesso \u00e0 cidade\",\"isPartOf\":{\"@id\":\"https:\\\/\\\/marcelolopes.jor.br\\\/site\\\/#website\"},\"primaryImageOfPage\":{\"@id\":\"https:\\\/\\\/marcelolopes.jor.br\\\/site\\\/2022\\\/07\\\/19\\\/itamarati-de-minas-inaugura-portico-no-principal-acesso-a-cidade\\\/#primaryimage\"},\"image\":{\"@id\":\"https:\\\/\\\/marcelolopes.jor.br\\\/site\\\/2022\\\/07\\\/19\\\/itamarati-de-minas-inaugura-portico-no-principal-acesso-a-cidade\\\/#primaryimage\"},\"thumbnailUrl\":\"https:\\\/\\\/marcelolopes.jor.br\\\/site\\\/wp-content\\\/uploads\\\/2022\\\/07\\\/Portico3.jpeg\",\"datePublished\":\"2022-07-19T15:00:59+00:00\",\"description\":\"Itamarati de Minas inaugura p\u00f3rtico no principal acesso \u00e0 cidade. Sua constru\u00e7\u00e3o tamb\u00e9m levou benfeitorias para o seu entorno.\",\"breadcrumb\":{\"@id\":\"https:\\\/\\\/marcelolopes.jor.br\\\/site\\\/2022\\\/07\\\/19\\\/itamarati-de-minas-inaugura-portico-no-principal-acesso-a-cidade\\\/#breadcrumb\"},\"inLanguage\":\"pt-BR\",\"potentialAction\":[{\"@type\":\"ReadAction\",\"target\":[\"https:\\\/\\\/marcelolopes.jor.br\\\/site\\\/2022\\\/07\\\/19\\\/itamarati-de-minas-inaugura-portico-no-principal-acesso-a-cidade\\\/\"]}]},{\"@type\":\"ImageObject\",\"inLanguage\":\"pt-BR\",\"@id\":\"https:\\\/\\\/marcelolopes.jor.br\\\/site\\\/2022\\\/07\\\/19\\\/itamarati-de-minas-inaugura-portico-no-principal-acesso-a-cidade\\\/#primaryimage\",\"url\":\"https:\\\/\\\/marcelolopes.jor.br\\\/site\\\/wp-content\\\/uploads\\\/2022\\\/07\\\/Portico3.jpeg\",\"contentUrl\":\"https:\\\/\\\/marcelolopes.jor.br\\\/site\\\/wp-content\\\/uploads\\\/2022\\\/07\\\/Portico3.jpeg\",\"width\":800,\"height\":515,\"caption\":\"Itamarati de Minas inaugura p\u00f3rtico\"},{\"@type\":\"BreadcrumbList\",\"@id\":\"https:\\\/\\\/marcelolopes.jor.br\\\/site\\\/2022\\\/07\\\/19\\\/itamarati-de-minas-inaugura-portico-no-principal-acesso-a-cidade\\\/#breadcrumb\",\"itemListElement\":[{\"@type\":\"ListItem\",\"position\":1,\"name\":\"Home\",\"item\":\"https:\\\/\\\/marcelolopes.jor.br\\\/site\\\/\"},{\"@type\":\"ListItem\",\"position\":2,\"name\":\"Itamarati de Minas inaugura p\u00f3rtico no principal acesso \u00e0 cidade\"}]},{\"@type\":\"WebSite\",\"@id\":\"https:\\\/\\\/marcelolopes.jor.br\\\/site\\\/#website\",\"url\":\"https:\\\/\\\/marcelolopes.jor.br\\\/site\\\/\",\"name\":\"Marcelo Lopes\",\"description\":\"Not\u00edcias de Cataguases e Regi\u00e3o\",\"publisher\":{\"@id\":\"https:\\\/\\\/marcelolopes.jor.br\\\/site\\\/#organization\"},\"potentialAction\":[{\"@type\":\"SearchAction\",\"target\":{\"@type\":\"EntryPoint\",\"urlTemplate\":\"https:\\\/\\\/marcelolopes.jor.br\\\/site\\\/?s={search_term_string}\"},\"query-input\":{\"@type\":\"PropertyValueSpecification\",\"valueRequired\":true,\"valueName\":\"search_term_string\"}}],\"inLanguage\":\"pt-BR\"},{\"@type\":\"Organization\",\"@id\":\"https:\\\/\\\/marcelolopes.jor.br\\\/site\\\/#organization\",\"name\":\"Site do Marcelo Lopes\",\"url\":\"https:\\\/\\\/marcelolopes.jor.br\\\/site\\\/\",\"logo\":{\"@type\":\"ImageObject\",\"inLanguage\":\"pt-BR\",\"@id\":\"https:\\\/\\\/marcelolopes.jor.br\\\/site\\\/#\\\/schema\\\/logo\\\/image\\\/\",\"url\":\"https:\\\/\\\/marcelolopes.jor.br\\\/site\\\/wp-content\\\/uploads\\\/2024\\\/11\\\/logo-1.png\",\"contentUrl\":\"https:\\\/\\\/marcelolopes.jor.br\\\/site\\\/wp-content\\\/uploads\\\/2024\\\/11\\\/logo-1.png\",\"width\":475,\"height\":80,\"caption\":\"Site do Marcelo Lopes\"},\"image\":{\"@id\":\"https:\\\/\\\/marcelolopes.jor.br\\\/site\\\/#\\\/schema\\\/logo\\\/image\\\/\"},\"sameAs\":[\"https:\\\/\\\/www.facebook.com\\\/sitedomarcelolopes\",\"https:\\\/\\\/www.instagram.com\\\/sitedomarcelolopes\\\/\",\"https:\\\/\\\/www.linkedin.com\\\/company\\\/site-do-marcelo-lopes\\\/\",\"https:\\\/\\\/www.youtube.com\\\/user\\\/marcelolopes957\"]},{\"@type\":\"Person\",\"@id\":\"https:\\\/\\\/marcelolopes.jor.br\\\/site\\\/#\\\/schema\\\/person\\\/3e7216a35c34d8fdf952b31da3d1f89f\",\"name\":\"Marcelo Lopes\",\"sameAs\":[\"http:\\\/\\\/www.marcelolopes.jor.br\"],\"url\":\"https:\\\/\\\/marcelolopes.jor.br\\\/site\\\/author\\\/marcelo\\\/\"}]}<\/script>\n<!-- \/ Yoast SEO plugin. -->","yoast_head_json":{"title":"Itamarati de Minas inaugura p\u00f3rtico no principal acesso \u00e0 cidade","description":"Itamarati de Minas inaugura p\u00f3rtico no principal acesso \u00e0 cidade. Sua constru\u00e7\u00e3o tamb\u00e9m levou benfeitorias para o seu entorno.","robots":{"index":"index","follow":"follow","max-snippet":"max-snippet:-1","max-image-preview":"max-image-preview:large","max-video-preview":"max-video-preview:-1"},"canonical":"https:\/\/marcelolopes.jor.br\/site\/2022\/07\/19\/itamarati-de-minas-inaugura-portico-no-principal-acesso-a-cidade\/","og_locale":"pt_BR","og_type":"article","og_title":"Itamarati de Minas inaugura p\u00f3rtico no principal acesso \u00e0 cidade","og_description":"Itamarati de Minas inaugura p\u00f3rtico no principal acesso \u00e0 cidade. Sua constru\u00e7\u00e3o tamb\u00e9m levou benfeitorias para o seu entorno.","og_url":"https:\/\/marcelolopes.jor.br\/site\/2022\/07\/19\/itamarati-de-minas-inaugura-portico-no-principal-acesso-a-cidade\/","og_site_name":"Marcelo Lopes","article_publisher":"https:\/\/www.facebook.com\/sitedomarcelolopes","article_published_time":"2022-07-19T15:00:59+00:00","og_image":[{"width":800,"height":515,"url":"https:\/\/marcelolopes.jor.br\/site\/wp-content\/uploads\/2022\/07\/Portico3.jpeg","type":"image\/jpeg"}],"author":"Marcelo Lopes","twitter_card":"summary_large_image","twitter_misc":{"Escrito por":"Marcelo Lopes","Est. tempo de leitura":"1 minuto"},"schema":{"@context":"https:\/\/schema.org","@graph":[{"@type":"NewsArticle","@id":"https:\/\/marcelolopes.jor.br\/site\/2022\/07\/19\/itamarati-de-minas-inaugura-portico-no-principal-acesso-a-cidade\/#article","isPartOf":{"@id":"https:\/\/marcelolopes.jor.br\/site\/2022\/07\/19\/itamarati-de-minas-inaugura-portico-no-principal-acesso-a-cidade\/"},"author":{"name":"Marcelo Lopes","@id":"https:\/\/marcelolopes.jor.br\/site\/#\/schema\/person\/3e7216a35c34d8fdf952b31da3d1f89f"},"headline":"Itamarati de Minas inaugura p\u00f3rtico no principal acesso \u00e0 cidade","datePublished":"2022-07-19T15:00:59+00:00","mainEntityOfPage":{"@id":"https:\/\/marcelolopes.jor.br\/site\/2022\/07\/19\/itamarati-de-minas-inaugura-portico-no-principal-acesso-a-cidade\/"},"wordCount":286,"commentCount":0,"publisher":{"@id":"https:\/\/marcelolopes.jor.br\/site\/#organization"},"image":{"@id":"https:\/\/marcelolopes.jor.br\/site\/2022\/07\/19\/itamarati-de-minas-inaugura-portico-no-principal-acesso-a-cidade\/#primaryimage"},"thumbnailUrl":"https:\/\/marcelolopes.jor.br\/site\/wp-content\/uploads\/2022\/07\/Portico3.jpeg","keywords":["inaugura\u00e7\u00e3o do P\u00f3rtico","Itamarati de Minas","p\u00f3rtico","Prefeitura de Itamarati de Minas"],"articleSection":["Not\u00edcias"],"inLanguage":"pt-BR","potentialAction":[{"@type":"CommentAction","name":"Comment","target":["https:\/\/marcelolopes.jor.br\/site\/2022\/07\/19\/itamarati-de-minas-inaugura-portico-no-principal-acesso-a-cidade\/#respond"]}]},{"@type":"WebPage","@id":"https:\/\/marcelolopes.jor.br\/site\/2022\/07\/19\/itamarati-de-minas-inaugura-portico-no-principal-acesso-a-cidade\/","url":"https:\/\/marcelolopes.jor.br\/site\/2022\/07\/19\/itamarati-de-minas-inaugura-portico-no-principal-acesso-a-cidade\/","name":"Itamarati de Minas inaugura p\u00f3rtico no principal acesso \u00e0 cidade","isPartOf":{"@id":"https:\/\/marcelolopes.jor.br\/site\/#website"},"primaryImageOfPage":{"@id":"https:\/\/marcelolopes.jor.br\/site\/2022\/07\/19\/itamarati-de-minas-inaugura-portico-no-principal-acesso-a-cidade\/#primaryimage"},"image":{"@id":"https:\/\/marcelolopes.jor.br\/site\/2022\/07\/19\/itamarati-de-minas-inaugura-portico-no-principal-acesso-a-cidade\/#primaryimage"},"thumbnailUrl":"https:\/\/marcelolopes.jor.br\/site\/wp-content\/uploads\/2022\/07\/Portico3.jpeg","datePublished":"2022-07-19T15:00:59+00:00","description":"Itamarati de Minas inaugura p\u00f3rtico no principal acesso \u00e0 cidade. Sua constru\u00e7\u00e3o tamb\u00e9m levou benfeitorias para o seu entorno.","breadcrumb":{"@id":"https:\/\/marcelolopes.jor.br\/site\/2022\/07\/19\/itamarati-de-minas-inaugura-portico-no-principal-acesso-a-cidade\/#breadcrumb"},"inLanguage":"pt-BR","potentialAction":[{"@type":"ReadAction","target":["https:\/\/marcelolopes.jor.br\/site\/2022\/07\/19\/itamarati-de-minas-inaugura-portico-no-principal-acesso-a-cidade\/"]}]},{"@type":"ImageObject","inLanguage":"pt-BR","@id":"https:\/\/marcelolopes.jor.br\/site\/2022\/07\/19\/itamarati-de-minas-inaugura-portico-no-principal-acesso-a-cidade\/#primaryimage","url":"https:\/\/marcelolopes.jor.br\/site\/wp-content\/uploads\/2022\/07\/Portico3.jpeg","contentUrl":"https:\/\/marcelolopes.jor.br\/site\/wp-content\/uploads\/2022\/07\/Portico3.jpeg","width":800,"height":515,"caption":"Itamarati de Minas inaugura p\u00f3rtico"},{"@type":"BreadcrumbList","@id":"https:\/\/marcelolopes.jor.br\/site\/2022\/07\/19\/itamarati-de-minas-inaugura-portico-no-principal-acesso-a-cidade\/#breadcrumb","itemListElement":[{"@type":"ListItem","position":1,"name":"Home","item":"https:\/\/marcelolopes.jor.br\/site\/"},{"@type":"ListItem","position":2,"name":"Itamarati de Minas inaugura p\u00f3rtico no principal acesso \u00e0 cidade"}]},{"@type":"WebSite","@id":"https:\/\/marcelolopes.jor.br\/site\/#website","url":"https:\/\/marcelolopes.jor.br\/site\/","name":"Marcelo Lopes","description":"Not\u00edcias de Cataguases e Regi\u00e3o","publisher":{"@id":"https:\/\/marcelolopes.jor.br\/site\/#organization"},"potentialAction":[{"@type":"SearchAction","target":{"@type":"EntryPoint","urlTemplate":"https:\/\/marcelolopes.jor.br\/site\/?s={search_term_string}"},"query-input":{"@type":"PropertyValueSpecification","valueRequired":true,"valueName":"search_term_string"}}],"inLanguage":"pt-BR"},{"@type":"Organization","@id":"https:\/\/marcelolopes.jor.br\/site\/#organization","name":"Site do Marcelo Lopes","url":"https:\/\/marcelolopes.jor.br\/site\/","logo":{"@type":"ImageObject","inLanguage":"pt-BR","@id":"https:\/\/marcelolopes.jor.br\/site\/#\/schema\/logo\/image\/","url":"https:\/\/marcelolopes.jor.br\/site\/wp-content\/uploads\/2024\/11\/logo-1.png","contentUrl":"https:\/\/marcelolopes.jor.br\/site\/wp-content\/uploads\/2024\/11\/logo-1.png","width":475,"height":80,"caption":"Site do Marcelo Lopes"},"image":{"@id":"https:\/\/marcelolopes.jor.br\/site\/#\/schema\/logo\/image\/"},"sameAs":["https:\/\/www.facebook.com\/sitedomarcelolopes","https:\/\/www.instagram.com\/sitedomarcelolopes\/","https:\/\/www.linkedin.com\/company\/site-do-marcelo-lopes\/","https:\/\/www.youtube.com\/user\/marcelolopes957"]},{"@type":"Person","@id":"https:\/\/marcelolopes.jor.br\/site\/#\/schema\/person\/3e7216a35c34d8fdf952b31da3d1f89f","name":"Marcelo Lopes","sameAs":["http:\/\/www.marcelolopes.jor.br"],"url":"https:\/\/marcelolopes.jor.br\/site\/author\/marcelo\/"}]}},"wps_subtitle":"A constru\u00e7\u00e3o do p\u00f3rtico tamb\u00e9m levou benfeitorias para o seu entorno.","_links":{"self":[{"href":"https:\/\/marcelolopes.jor.br\/site\/wp-json\/wp\/v2\/posts\/34588","targetHints":{"allow":["GET"]}}],"collection":[{"href":"https:\/\/marcelolopes.jor.br\/site\/wp-json\/wp\/v2\/posts"}],"about":[{"href":"https:\/\/marcelolopes.jor.br\/site\/wp-json\/wp\/v2\/types\/post"}],"author":[{"embeddable":true,"href":"https:\/\/marcelolopes.jor.br\/site\/wp-json\/wp\/v2\/users\/2"}],"replies":[{"embeddable":true,"href":"https:\/\/marcelolopes.jor.br\/site\/wp-json\/wp\/v2\/comments?post=34588"}],"version-history":[{"count":0,"href":"https:\/\/marcelolopes.jor.br\/site\/wp-json\/wp\/v2\/posts\/34588\/revisions"}],"wp:featuredmedia":[{"embeddable":true,"href":"https:\/\/marcelolopes.jor.br\/site\/wp-json\/wp\/v2\/media\/34592"}],"wp:attachment":[{"href":"https:\/\/marcelolopes.jor.br\/site\/wp-json\/wp\/v2\/media?parent=34588"}],"wp:term":[{"taxonomy":"category","embeddable":true,"href":"https:\/\/marcelolopes.jor.br\/site\/wp-json\/wp\/v2\/categories?post=34588"},{"taxonomy":"post_tag","embeddable":true,"href":"https:\/\/marcelolopes.jor.br\/site\/wp-json\/wp\/v2\/tags?post=34588"}],"curies":[{"name":"wp","href":"https:\/\/api.w.org\/{rel}","templated":true}]}}