{"id":34486,"date":"2022-07-13T13:16:41","date_gmt":"2022-07-13T16:16:41","guid":{"rendered":"https:\/\/marcelolopes.jor.br\/?p=34486"},"modified":"2022-07-13T13:16:41","modified_gmt":"2022-07-13T16:16:41","slug":"festival-de-viola-de-piacatuba-divulga-cancoes-selecionadas","status":"publish","type":"post","link":"https:\/\/marcelolopes.jor.br\/site\/2022\/07\/13\/festival-de-viola-de-piacatuba-divulga-cancoes-selecionadas\/","title":{"rendered":"Festival de Viola de Piacatuba divulga can\u00e7\u00f5es selecionadas"},"content":{"rendered":"<p style=\"text-align: justify;\">A 17\u00aa edi\u00e7\u00e3o do Festival de Viola de Piacatuba e Gastronomia, que ser\u00e1 realizada entre os dias 27 e 31 de julho, j\u00e1 selecionou as 20 m\u00fasicas que ir\u00e3o disputar a etapa final do Concurso Regional e Nacional de Viola, que este ano distribuir\u00e1 R$ 28 mil em premia\u00e7\u00f5es.<!--more--><\/p>\n<p style=\"text-align: justify;\">O m\u00fasico, cantor e compositor cataguasense, Eduardo Henriques (foto acima), \u00e9 um dos selecionados com a can\u00e7\u00e3o &#8220;Piacatuba&#8221; e vai participar na categoria Regional. As mostras ser\u00e3o apresentadas no pr\u00f3ximo dia 29 de julho, quando ser\u00e3o escolhidas as can\u00e7\u00f5es premiadas nos tr\u00eas primeiros lugares das categorias regional e nacional, al\u00e9m do melhor violeiro.<\/p>\n<p><strong>CATEGORIA REGIONAL<\/strong><\/p>\n<p>\ud83d\udccdFeito a m\u00e3o (Anderson Guimar\u00e3es, de Juiz de fora- MG)<\/p>\n<p>\ud83d\udccd\u00c1gua de Choro (Fabr\u00edcio Manca de Souza, de Leopoldina-MG)<\/p>\n<p>\ud83d\udccd Sou Minas Gerais (Lu\u00eds Wagner de Paula)<\/p>\n<p>\ud83d\udccd Canoa Kamayur\u00e1 (Romero Franco Machado Reis, de Ub\u00e1 &#8211; MG)<\/p>\n<p>\ud83d\udccdNossa Senhora dos Humilhados (Gustavo Duarte ,de Juiz de Fora \u2013 MG)<\/p>\n<p>\ud83d\udccdAl\u00e9m de um mar (Marco Antonio Bouquard, de Al\u00e9m Paraiba-MG)<\/p>\n<p>\ud83d\udccdNascer, viver e morrer por Minas Gerais (Delcio Campos, de Leopoldina &#8211; MG)<\/p>\n<p>\ud83d\udccdO Brasil e a viola (Jos\u00e9 Deusdet Dias de Itapiru\u00e7u, de Palma-MG)<\/p>\n<p>\ud83d\udccdSonho da terra (Vinicius Sousa Beghine)<\/p>\n<p>\ud83d\udccdPiacatuba (Leonardo Coelho Pontes e Eduardo de Oliveira Henriques, de Cataguases \u2013 MG)<\/p>\n<p><strong>CATEGORIA NACIONAL<\/strong><\/p>\n<p>\ud83d\udccdEmbolada sertaneja (Valmir Ribeiro de Carvalho, Bilora de Contagem -MG)<\/p>\n<p>\ud83d\udccdCasa de Santo (C\u00edcero Gon\u00e7alves dos Santos, de S\u00e3o Paulo &#8211; SP)<\/p>\n<p>\ud83d\udccdGar\u00e7a Branca (Jos\u00e9 Roberto Corr\u00eaa Ribeiro, de Taquara\u00e7u de Minas &#8211; MG)<\/p>\n<p>\ud83d\udccdPagode Soberano (Aparecido Moreira dos Santos (Cido Santos), de Alto Piquiri \u2013 PR)<\/p>\n<p>\ud83d\udccdSangue Caipira (Matheus Aparecido Felipe, de S\u00e3o Luiz do Paraitinga &#8211; SP)<\/p>\n<p>\ud83d\udccdDesafio de Viola (Bernardo Diniz, do Rio de Janeiro)<\/p>\n<p>\ud83d\udccdViola e Cora\u00e7\u00e3o (Diorgem Ferreira Ramos J\u00fanior, de Governador Valadares)<\/p>\n<p>\ud83d\udccdCasa aberta (Val\u00e9ria de C\u00e1ssia Pisauro Lima, de Campinas-SP)<\/p>\n<p>\ud83d\udccdMeu sert\u00e3o (Ronaldo Tobias dos Santos, de Montes Claros &#8211; MG)<\/p>\n<p>\ud83d\udccdA Flor que quero ter (Ramon Rozado, de Vi\u00e7osa-MG)<\/p>\n<p><strong>LEIA TAMB\u00c9M<\/strong><br \/>\n<a href=\"https:\/\/marcelolopes.jor.br\/2022\/06\/28\/festival-de-viola-em-piacatuba-tem-inscricoes-prorrogadas-ate-1o-de-julho\/\"><strong><span style=\"color: #800000;\">Festival de Viola em Piacatuba tem inscri\u00e7\u00f5es prorrogadas at\u00e9 1\u00ba de julho<\/span><\/strong><\/a><br \/>\n<a href=\"https:\/\/marcelolopes.jor.br\/2022\/06\/26\/a-gastronomia-e-uma-das-atracoes-do-festival-de-viola-de-piacatuba\/\"><strong><span style=\"color: #800000;\">A gastronomia \u00e9 uma das atra\u00e7\u00f5es do Festival de Viola de Piacatuba<\/span><\/strong><\/a><\/p>\n<p>Fonte: Festival de Viola de Piacatuba | Foto: Eduardo Henriques<\/p>\n<div class=\"cvaen69f74d411fbb4\" ><br><\/div><style type=\"text\/css\">\r\n@media screen and (min-width: 1201px) {\r\n.cvaen69f74d411fbb4 {\r\ndisplay: block;\r\n}\r\n}\r\n@media screen and (min-width: 993px) and (max-width: 1200px) {\r\n.cvaen69f74d411fbb4 {\r\ndisplay: block;\r\n}\r\n}\r\n@media screen and (min-width: 769px) and (max-width: 992px) {\r\n.cvaen69f74d411fbb4 {\r\ndisplay: block;\r\n}\r\n}\r\n@media screen and (min-width: 768px) and (max-width: 768px) {\r\n.cvaen69f74d411fbb4 {\r\ndisplay: block;\r\n}\r\n}\r\n@media screen and (max-width: 767px) {\r\n.cvaen69f74d411fbb4 {\r\ndisplay: block;\r\n}\r\n}\r\n<\/style>\r\n<div class=\"bwwkl69f74d41250f3\" ><div id=\"div_destino\"><\/div>\r\n<script src=\"https:\/\/cdn.snsrsv.com\/sdk.js\"><\/script>\r\n<script >\r\n      new sdk(\"464030C30061EA8BE065000000000001\") \r\n          .appendTo(\"div_destino\")\r\n          .disableStyle(true) \r\n          .setCacheBusterMacro(\"%%CACHEBUSTER%%\")\r\n          .setSize(\"800\",\"214\")\r\n          .setClickMacro(\"%%CLICK_URL_ESC%%\") \r\n          .setReferrerUrlMacro(\"%%REFERRER_URL_ESC%%\") \r\n          .start(); \r\n<\/script><\/div><style type=\"text\/css\">\r\n@media screen and (min-width: 1201px) {\r\n.bwwkl69f74d41250f3 {\r\ndisplay: block;\r\n}\r\n}\r\n@media screen and (min-width: 993px) and (max-width: 1200px) {\r\n.bwwkl69f74d41250f3 {\r\ndisplay: block;\r\n}\r\n}\r\n@media screen and (min-width: 769px) and (max-width: 992px) {\r\n.bwwkl69f74d41250f3 {\r\ndisplay: block;\r\n}\r\n}\r\n@media screen and (min-width: 768px) and (max-width: 768px) {\r\n.bwwkl69f74d41250f3 {\r\ndisplay: block;\r\n}\r\n}\r\n@media screen and (max-width: 767px) {\r\n.bwwkl69f74d41250f3 {\r\ndisplay: block;\r\n}\r\n}\r\n<\/style>\r\n","protected":false},"excerpt":{"rendered":"<p>A 17\u00aa edi\u00e7\u00e3o do Festival de Viola de Piacatuba e Gastronomia, que ser\u00e1 realizada entre os dias 27 e 31 de julho, j\u00e1 selecionou as 20 m\u00fasicas que ir\u00e3o disputar a etapa final do Concurso Regional e Nacional de Viola,<\/p>\n<p class=\"link-more\"><a class=\"more-link\" href=\"https:\/\/marcelolopes.jor.br\/site\/2022\/07\/13\/festival-de-viola-de-piacatuba-divulga-cancoes-selecionadas\/\">Leia mais <span class=\"screen-reader-text\">Festival de Viola de Piacatuba divulga can\u00e7\u00f5es selecionadas<\/span><\/a><\/p>\n","protected":false},"author":2,"featured_media":34487,"comment_status":"open","ping_status":"open","sticky":false,"template":"","format":"standard","meta":{"footnotes":""},"categories":[1],"tags":[6163,497,6301,117],"class_list":["post-34486","post","type-post","status-publish","format-standard","has-post-thumbnail","hentry","category-noticias","tag-festival-de-gastronomia","tag-festival-de-viola","tag-musica-regional","tag-piacatuba","thumb-below-title"],"yoast_head":"<!-- This site is optimized with the Yoast SEO plugin v27.4 - https:\/\/yoast.com\/product\/yoast-seo-wordpress\/ -->\n<title>Festival de Viola de Piacatuba divulga can\u00e7\u00f5es selecionadas<\/title>\n<meta name=\"description\" content=\"Festival de Viola de Piacatuba divulga can\u00e7\u00f5es selecionadas. Edi\u00e7\u00e3o deste ano vai distribuir R$ 28 mil em premia\u00e7\u00f5es.\" \/>\n<meta name=\"robots\" content=\"index, follow, max-snippet:-1, max-image-preview:large, max-video-preview:-1\" \/>\n<link rel=\"canonical\" href=\"https:\/\/marcelolopes.jor.br\/site\/2022\/07\/13\/festival-de-viola-de-piacatuba-divulga-cancoes-selecionadas\/\" \/>\n<meta property=\"og:locale\" content=\"pt_BR\" \/>\n<meta property=\"og:type\" content=\"article\" \/>\n<meta property=\"og:title\" content=\"Festival de Viola de Piacatuba divulga can\u00e7\u00f5es selecionadas\" \/>\n<meta property=\"og:description\" content=\"Festival de Viola de Piacatuba divulga can\u00e7\u00f5es selecionadas. Edi\u00e7\u00e3o deste ano vai distribuir R$ 28 mil em premia\u00e7\u00f5es.\" \/>\n<meta property=\"og:url\" content=\"https:\/\/marcelolopes.jor.br\/site\/2022\/07\/13\/festival-de-viola-de-piacatuba-divulga-cancoes-selecionadas\/\" \/>\n<meta property=\"og:site_name\" content=\"Marcelo Lopes\" \/>\n<meta property=\"article:publisher\" content=\"https:\/\/www.facebook.com\/sitedomarcelolopes\" \/>\n<meta property=\"article:published_time\" content=\"2022-07-13T16:16:41+00:00\" \/>\n<meta property=\"og:image\" content=\"https:\/\/marcelolopes.jor.br\/site\/wp-content\/uploads\/2022\/07\/Festival.jpg\" \/>\n\t<meta property=\"og:image:width\" content=\"800\" \/>\n\t<meta property=\"og:image:height\" content=\"479\" \/>\n\t<meta property=\"og:image:type\" content=\"image\/jpeg\" \/>\n<meta name=\"author\" content=\"Marcelo Lopes\" \/>\n<meta name=\"twitter:card\" content=\"summary_large_image\" \/>\n<meta name=\"twitter:label1\" content=\"Escrito por\" \/>\n\t<meta name=\"twitter:data1\" content=\"Marcelo Lopes\" \/>\n\t<meta name=\"twitter:label2\" content=\"Est. tempo de leitura\" \/>\n\t<meta name=\"twitter:data2\" content=\"2 minutos\" \/>\n<script type=\"application\/ld+json\" class=\"yoast-schema-graph\">{\"@context\":\"https:\\\/\\\/schema.org\",\"@graph\":[{\"@type\":\"NewsArticle\",\"@id\":\"https:\\\/\\\/marcelolopes.jor.br\\\/site\\\/2022\\\/07\\\/13\\\/festival-de-viola-de-piacatuba-divulga-cancoes-selecionadas\\\/#article\",\"isPartOf\":{\"@id\":\"https:\\\/\\\/marcelolopes.jor.br\\\/site\\\/2022\\\/07\\\/13\\\/festival-de-viola-de-piacatuba-divulga-cancoes-selecionadas\\\/\"},\"author\":{\"name\":\"Marcelo Lopes\",\"@id\":\"https:\\\/\\\/marcelolopes.jor.br\\\/site\\\/#\\\/schema\\\/person\\\/3e7216a35c34d8fdf952b31da3d1f89f\"},\"headline\":\"Festival de Viola de Piacatuba divulga can\u00e7\u00f5es selecionadas\",\"datePublished\":\"2022-07-13T16:16:41+00:00\",\"mainEntityOfPage\":{\"@id\":\"https:\\\/\\\/marcelolopes.jor.br\\\/site\\\/2022\\\/07\\\/13\\\/festival-de-viola-de-piacatuba-divulga-cancoes-selecionadas\\\/\"},\"wordCount\":382,\"commentCount\":0,\"publisher\":{\"@id\":\"https:\\\/\\\/marcelolopes.jor.br\\\/site\\\/#organization\"},\"image\":{\"@id\":\"https:\\\/\\\/marcelolopes.jor.br\\\/site\\\/2022\\\/07\\\/13\\\/festival-de-viola-de-piacatuba-divulga-cancoes-selecionadas\\\/#primaryimage\"},\"thumbnailUrl\":\"https:\\\/\\\/marcelolopes.jor.br\\\/site\\\/wp-content\\\/uploads\\\/2022\\\/07\\\/Festival.jpg\",\"keywords\":[\"festival de gastronomia\",\"Festival de Viola\",\"m\u00fasica regional\",\"Piacatuba\"],\"articleSection\":[\"Not\u00edcias\"],\"inLanguage\":\"pt-BR\",\"potentialAction\":[{\"@type\":\"CommentAction\",\"name\":\"Comment\",\"target\":[\"https:\\\/\\\/marcelolopes.jor.br\\\/site\\\/2022\\\/07\\\/13\\\/festival-de-viola-de-piacatuba-divulga-cancoes-selecionadas\\\/#respond\"]}]},{\"@type\":\"WebPage\",\"@id\":\"https:\\\/\\\/marcelolopes.jor.br\\\/site\\\/2022\\\/07\\\/13\\\/festival-de-viola-de-piacatuba-divulga-cancoes-selecionadas\\\/\",\"url\":\"https:\\\/\\\/marcelolopes.jor.br\\\/site\\\/2022\\\/07\\\/13\\\/festival-de-viola-de-piacatuba-divulga-cancoes-selecionadas\\\/\",\"name\":\"Festival de Viola de Piacatuba divulga can\u00e7\u00f5es selecionadas\",\"isPartOf\":{\"@id\":\"https:\\\/\\\/marcelolopes.jor.br\\\/site\\\/#website\"},\"primaryImageOfPage\":{\"@id\":\"https:\\\/\\\/marcelolopes.jor.br\\\/site\\\/2022\\\/07\\\/13\\\/festival-de-viola-de-piacatuba-divulga-cancoes-selecionadas\\\/#primaryimage\"},\"image\":{\"@id\":\"https:\\\/\\\/marcelolopes.jor.br\\\/site\\\/2022\\\/07\\\/13\\\/festival-de-viola-de-piacatuba-divulga-cancoes-selecionadas\\\/#primaryimage\"},\"thumbnailUrl\":\"https:\\\/\\\/marcelolopes.jor.br\\\/site\\\/wp-content\\\/uploads\\\/2022\\\/07\\\/Festival.jpg\",\"datePublished\":\"2022-07-13T16:16:41+00:00\",\"description\":\"Festival de Viola de Piacatuba divulga can\u00e7\u00f5es selecionadas. Edi\u00e7\u00e3o deste ano vai distribuir R$ 28 mil em premia\u00e7\u00f5es.\",\"breadcrumb\":{\"@id\":\"https:\\\/\\\/marcelolopes.jor.br\\\/site\\\/2022\\\/07\\\/13\\\/festival-de-viola-de-piacatuba-divulga-cancoes-selecionadas\\\/#breadcrumb\"},\"inLanguage\":\"pt-BR\",\"potentialAction\":[{\"@type\":\"ReadAction\",\"target\":[\"https:\\\/\\\/marcelolopes.jor.br\\\/site\\\/2022\\\/07\\\/13\\\/festival-de-viola-de-piacatuba-divulga-cancoes-selecionadas\\\/\"]}]},{\"@type\":\"ImageObject\",\"inLanguage\":\"pt-BR\",\"@id\":\"https:\\\/\\\/marcelolopes.jor.br\\\/site\\\/2022\\\/07\\\/13\\\/festival-de-viola-de-piacatuba-divulga-cancoes-selecionadas\\\/#primaryimage\",\"url\":\"https:\\\/\\\/marcelolopes.jor.br\\\/site\\\/wp-content\\\/uploads\\\/2022\\\/07\\\/Festival.jpg\",\"contentUrl\":\"https:\\\/\\\/marcelolopes.jor.br\\\/site\\\/wp-content\\\/uploads\\\/2022\\\/07\\\/Festival.jpg\",\"width\":800,\"height\":479,\"caption\":\"Festival de Viola de Piacatuba\"},{\"@type\":\"BreadcrumbList\",\"@id\":\"https:\\\/\\\/marcelolopes.jor.br\\\/site\\\/2022\\\/07\\\/13\\\/festival-de-viola-de-piacatuba-divulga-cancoes-selecionadas\\\/#breadcrumb\",\"itemListElement\":[{\"@type\":\"ListItem\",\"position\":1,\"name\":\"Home\",\"item\":\"https:\\\/\\\/marcelolopes.jor.br\\\/site\\\/\"},{\"@type\":\"ListItem\",\"position\":2,\"name\":\"Festival de Viola de Piacatuba divulga can\u00e7\u00f5es selecionadas\"}]},{\"@type\":\"WebSite\",\"@id\":\"https:\\\/\\\/marcelolopes.jor.br\\\/site\\\/#website\",\"url\":\"https:\\\/\\\/marcelolopes.jor.br\\\/site\\\/\",\"name\":\"Marcelo Lopes\",\"description\":\"Not\u00edcias de Cataguases e Regi\u00e3o\",\"publisher\":{\"@id\":\"https:\\\/\\\/marcelolopes.jor.br\\\/site\\\/#organization\"},\"potentialAction\":[{\"@type\":\"SearchAction\",\"target\":{\"@type\":\"EntryPoint\",\"urlTemplate\":\"https:\\\/\\\/marcelolopes.jor.br\\\/site\\\/?s={search_term_string}\"},\"query-input\":{\"@type\":\"PropertyValueSpecification\",\"valueRequired\":true,\"valueName\":\"search_term_string\"}}],\"inLanguage\":\"pt-BR\"},{\"@type\":\"Organization\",\"@id\":\"https:\\\/\\\/marcelolopes.jor.br\\\/site\\\/#organization\",\"name\":\"Site do Marcelo Lopes\",\"url\":\"https:\\\/\\\/marcelolopes.jor.br\\\/site\\\/\",\"logo\":{\"@type\":\"ImageObject\",\"inLanguage\":\"pt-BR\",\"@id\":\"https:\\\/\\\/marcelolopes.jor.br\\\/site\\\/#\\\/schema\\\/logo\\\/image\\\/\",\"url\":\"https:\\\/\\\/marcelolopes.jor.br\\\/site\\\/wp-content\\\/uploads\\\/2024\\\/11\\\/logo-1.png\",\"contentUrl\":\"https:\\\/\\\/marcelolopes.jor.br\\\/site\\\/wp-content\\\/uploads\\\/2024\\\/11\\\/logo-1.png\",\"width\":475,\"height\":80,\"caption\":\"Site do Marcelo Lopes\"},\"image\":{\"@id\":\"https:\\\/\\\/marcelolopes.jor.br\\\/site\\\/#\\\/schema\\\/logo\\\/image\\\/\"},\"sameAs\":[\"https:\\\/\\\/www.facebook.com\\\/sitedomarcelolopes\",\"https:\\\/\\\/www.instagram.com\\\/sitedomarcelolopes\\\/\",\"https:\\\/\\\/www.linkedin.com\\\/company\\\/site-do-marcelo-lopes\\\/\",\"https:\\\/\\\/www.youtube.com\\\/user\\\/marcelolopes957\"]},{\"@type\":\"Person\",\"@id\":\"https:\\\/\\\/marcelolopes.jor.br\\\/site\\\/#\\\/schema\\\/person\\\/3e7216a35c34d8fdf952b31da3d1f89f\",\"name\":\"Marcelo Lopes\",\"sameAs\":[\"http:\\\/\\\/www.marcelolopes.jor.br\"],\"url\":\"https:\\\/\\\/marcelolopes.jor.br\\\/site\\\/author\\\/marcelo\\\/\"}]}<\/script>\n<!-- \/ Yoast SEO plugin. -->","yoast_head_json":{"title":"Festival de Viola de Piacatuba divulga can\u00e7\u00f5es selecionadas","description":"Festival de Viola de Piacatuba divulga can\u00e7\u00f5es selecionadas. Edi\u00e7\u00e3o deste ano vai distribuir R$ 28 mil em premia\u00e7\u00f5es.","robots":{"index":"index","follow":"follow","max-snippet":"max-snippet:-1","max-image-preview":"max-image-preview:large","max-video-preview":"max-video-preview:-1"},"canonical":"https:\/\/marcelolopes.jor.br\/site\/2022\/07\/13\/festival-de-viola-de-piacatuba-divulga-cancoes-selecionadas\/","og_locale":"pt_BR","og_type":"article","og_title":"Festival de Viola de Piacatuba divulga can\u00e7\u00f5es selecionadas","og_description":"Festival de Viola de Piacatuba divulga can\u00e7\u00f5es selecionadas. Edi\u00e7\u00e3o deste ano vai distribuir R$ 28 mil em premia\u00e7\u00f5es.","og_url":"https:\/\/marcelolopes.jor.br\/site\/2022\/07\/13\/festival-de-viola-de-piacatuba-divulga-cancoes-selecionadas\/","og_site_name":"Marcelo Lopes","article_publisher":"https:\/\/www.facebook.com\/sitedomarcelolopes","article_published_time":"2022-07-13T16:16:41+00:00","og_image":[{"width":800,"height":479,"url":"https:\/\/marcelolopes.jor.br\/site\/wp-content\/uploads\/2022\/07\/Festival.jpg","type":"image\/jpeg"}],"author":"Marcelo Lopes","twitter_card":"summary_large_image","twitter_misc":{"Escrito por":"Marcelo Lopes","Est. tempo de leitura":"2 minutos"},"schema":{"@context":"https:\/\/schema.org","@graph":[{"@type":"NewsArticle","@id":"https:\/\/marcelolopes.jor.br\/site\/2022\/07\/13\/festival-de-viola-de-piacatuba-divulga-cancoes-selecionadas\/#article","isPartOf":{"@id":"https:\/\/marcelolopes.jor.br\/site\/2022\/07\/13\/festival-de-viola-de-piacatuba-divulga-cancoes-selecionadas\/"},"author":{"name":"Marcelo Lopes","@id":"https:\/\/marcelolopes.jor.br\/site\/#\/schema\/person\/3e7216a35c34d8fdf952b31da3d1f89f"},"headline":"Festival de Viola de Piacatuba divulga can\u00e7\u00f5es selecionadas","datePublished":"2022-07-13T16:16:41+00:00","mainEntityOfPage":{"@id":"https:\/\/marcelolopes.jor.br\/site\/2022\/07\/13\/festival-de-viola-de-piacatuba-divulga-cancoes-selecionadas\/"},"wordCount":382,"commentCount":0,"publisher":{"@id":"https:\/\/marcelolopes.jor.br\/site\/#organization"},"image":{"@id":"https:\/\/marcelolopes.jor.br\/site\/2022\/07\/13\/festival-de-viola-de-piacatuba-divulga-cancoes-selecionadas\/#primaryimage"},"thumbnailUrl":"https:\/\/marcelolopes.jor.br\/site\/wp-content\/uploads\/2022\/07\/Festival.jpg","keywords":["festival de gastronomia","Festival de Viola","m\u00fasica regional","Piacatuba"],"articleSection":["Not\u00edcias"],"inLanguage":"pt-BR","potentialAction":[{"@type":"CommentAction","name":"Comment","target":["https:\/\/marcelolopes.jor.br\/site\/2022\/07\/13\/festival-de-viola-de-piacatuba-divulga-cancoes-selecionadas\/#respond"]}]},{"@type":"WebPage","@id":"https:\/\/marcelolopes.jor.br\/site\/2022\/07\/13\/festival-de-viola-de-piacatuba-divulga-cancoes-selecionadas\/","url":"https:\/\/marcelolopes.jor.br\/site\/2022\/07\/13\/festival-de-viola-de-piacatuba-divulga-cancoes-selecionadas\/","name":"Festival de Viola de Piacatuba divulga can\u00e7\u00f5es selecionadas","isPartOf":{"@id":"https:\/\/marcelolopes.jor.br\/site\/#website"},"primaryImageOfPage":{"@id":"https:\/\/marcelolopes.jor.br\/site\/2022\/07\/13\/festival-de-viola-de-piacatuba-divulga-cancoes-selecionadas\/#primaryimage"},"image":{"@id":"https:\/\/marcelolopes.jor.br\/site\/2022\/07\/13\/festival-de-viola-de-piacatuba-divulga-cancoes-selecionadas\/#primaryimage"},"thumbnailUrl":"https:\/\/marcelolopes.jor.br\/site\/wp-content\/uploads\/2022\/07\/Festival.jpg","datePublished":"2022-07-13T16:16:41+00:00","description":"Festival de Viola de Piacatuba divulga can\u00e7\u00f5es selecionadas. Edi\u00e7\u00e3o deste ano vai distribuir R$ 28 mil em premia\u00e7\u00f5es.","breadcrumb":{"@id":"https:\/\/marcelolopes.jor.br\/site\/2022\/07\/13\/festival-de-viola-de-piacatuba-divulga-cancoes-selecionadas\/#breadcrumb"},"inLanguage":"pt-BR","potentialAction":[{"@type":"ReadAction","target":["https:\/\/marcelolopes.jor.br\/site\/2022\/07\/13\/festival-de-viola-de-piacatuba-divulga-cancoes-selecionadas\/"]}]},{"@type":"ImageObject","inLanguage":"pt-BR","@id":"https:\/\/marcelolopes.jor.br\/site\/2022\/07\/13\/festival-de-viola-de-piacatuba-divulga-cancoes-selecionadas\/#primaryimage","url":"https:\/\/marcelolopes.jor.br\/site\/wp-content\/uploads\/2022\/07\/Festival.jpg","contentUrl":"https:\/\/marcelolopes.jor.br\/site\/wp-content\/uploads\/2022\/07\/Festival.jpg","width":800,"height":479,"caption":"Festival de Viola de Piacatuba"},{"@type":"BreadcrumbList","@id":"https:\/\/marcelolopes.jor.br\/site\/2022\/07\/13\/festival-de-viola-de-piacatuba-divulga-cancoes-selecionadas\/#breadcrumb","itemListElement":[{"@type":"ListItem","position":1,"name":"Home","item":"https:\/\/marcelolopes.jor.br\/site\/"},{"@type":"ListItem","position":2,"name":"Festival de Viola de Piacatuba divulga can\u00e7\u00f5es selecionadas"}]},{"@type":"WebSite","@id":"https:\/\/marcelolopes.jor.br\/site\/#website","url":"https:\/\/marcelolopes.jor.br\/site\/","name":"Marcelo Lopes","description":"Not\u00edcias de Cataguases e Regi\u00e3o","publisher":{"@id":"https:\/\/marcelolopes.jor.br\/site\/#organization"},"potentialAction":[{"@type":"SearchAction","target":{"@type":"EntryPoint","urlTemplate":"https:\/\/marcelolopes.jor.br\/site\/?s={search_term_string}"},"query-input":{"@type":"PropertyValueSpecification","valueRequired":true,"valueName":"search_term_string"}}],"inLanguage":"pt-BR"},{"@type":"Organization","@id":"https:\/\/marcelolopes.jor.br\/site\/#organization","name":"Site do Marcelo Lopes","url":"https:\/\/marcelolopes.jor.br\/site\/","logo":{"@type":"ImageObject","inLanguage":"pt-BR","@id":"https:\/\/marcelolopes.jor.br\/site\/#\/schema\/logo\/image\/","url":"https:\/\/marcelolopes.jor.br\/site\/wp-content\/uploads\/2024\/11\/logo-1.png","contentUrl":"https:\/\/marcelolopes.jor.br\/site\/wp-content\/uploads\/2024\/11\/logo-1.png","width":475,"height":80,"caption":"Site do Marcelo Lopes"},"image":{"@id":"https:\/\/marcelolopes.jor.br\/site\/#\/schema\/logo\/image\/"},"sameAs":["https:\/\/www.facebook.com\/sitedomarcelolopes","https:\/\/www.instagram.com\/sitedomarcelolopes\/","https:\/\/www.linkedin.com\/company\/site-do-marcelo-lopes\/","https:\/\/www.youtube.com\/user\/marcelolopes957"]},{"@type":"Person","@id":"https:\/\/marcelolopes.jor.br\/site\/#\/schema\/person\/3e7216a35c34d8fdf952b31da3d1f89f","name":"Marcelo Lopes","sameAs":["http:\/\/www.marcelolopes.jor.br"],"url":"https:\/\/marcelolopes.jor.br\/site\/author\/marcelo\/"}]}},"wps_subtitle":"Edi\u00e7\u00e3o deste ano vai distribuir R$ 28 mil em premia\u00e7\u00f5es.","_links":{"self":[{"href":"https:\/\/marcelolopes.jor.br\/site\/wp-json\/wp\/v2\/posts\/34486","targetHints":{"allow":["GET"]}}],"collection":[{"href":"https:\/\/marcelolopes.jor.br\/site\/wp-json\/wp\/v2\/posts"}],"about":[{"href":"https:\/\/marcelolopes.jor.br\/site\/wp-json\/wp\/v2\/types\/post"}],"author":[{"embeddable":true,"href":"https:\/\/marcelolopes.jor.br\/site\/wp-json\/wp\/v2\/users\/2"}],"replies":[{"embeddable":true,"href":"https:\/\/marcelolopes.jor.br\/site\/wp-json\/wp\/v2\/comments?post=34486"}],"version-history":[{"count":0,"href":"https:\/\/marcelolopes.jor.br\/site\/wp-json\/wp\/v2\/posts\/34486\/revisions"}],"wp:featuredmedia":[{"embeddable":true,"href":"https:\/\/marcelolopes.jor.br\/site\/wp-json\/wp\/v2\/media\/34487"}],"wp:attachment":[{"href":"https:\/\/marcelolopes.jor.br\/site\/wp-json\/wp\/v2\/media?parent=34486"}],"wp:term":[{"taxonomy":"category","embeddable":true,"href":"https:\/\/marcelolopes.jor.br\/site\/wp-json\/wp\/v2\/categories?post=34486"},{"taxonomy":"post_tag","embeddable":true,"href":"https:\/\/marcelolopes.jor.br\/site\/wp-json\/wp\/v2\/tags?post=34486"}],"curies":[{"name":"wp","href":"https:\/\/api.w.org\/{rel}","templated":true}]}}