{"id":34341,"date":"2022-07-05T10:00:07","date_gmt":"2022-07-05T13:00:07","guid":{"rendered":"https:\/\/marcelolopes.jor.br\/?p=34341"},"modified":"2022-07-05T09:39:17","modified_gmt":"2022-07-05T12:39:17","slug":"bombeiros-e-defesa-civil-resgatam-cadela-em-penhasco-no-bairro-carijos","status":"publish","type":"post","link":"https:\/\/marcelolopes.jor.br\/site\/2022\/07\/05\/bombeiros-e-defesa-civil-resgatam-cadela-em-penhasco-no-bairro-carijos\/","title":{"rendered":"Bombeiros e Defesa Civil resgatam cadela em penhasco no Bairro Carij\u00f3s"},"content":{"rendered":"<p style=\"text-align: justify;\">Uma guarni\u00e7\u00e3o do Posto Avan\u00e7ado do Corpo de Bombeiros Militar de Cataguases e equipe da Defesa Civil do munic\u00edpio realizaram na tarde desta segunda-feira, 4 de julho, o resgate de uma cachorra que &#8211; aparentemente &#8211; vive na rua e estava presa em um penhasco de pedra de dif\u00edcil acesso no Bairro Carij\u00f3s. Os pr\u00f3prios moradores a localizaram ap\u00f3s ouvirem seus latidos e acionaram as equipes de salvamento.<!--more--><\/p>\n<p style=\"text-align: justify;\"><img loading=\"lazy\" decoding=\"async\" class=\"aligncenter wp-image-34343 size-full\" src=\"https:\/\/marcelolopes.jor.br\/site\/wp-content\/uploads\/2022\/07\/resgate-cadela.jpg\" alt=\"Bombeiros e Defesa Civil resgatam\" width=\"700\" height=\"447\" srcset=\"https:\/\/marcelolopes.jor.br\/site\/wp-content\/uploads\/2022\/07\/resgate-cadela.jpg 700w, https:\/\/marcelolopes.jor.br\/site\/wp-content\/uploads\/2022\/07\/resgate-cadela-300x192.jpg 300w\" sizes=\"auto, (max-width: 700px) 100vw, 700px\" \/>Conforme informou o Corpo de Bombeiros, a opera\u00e7\u00e3o teve in\u00edcio por volta das 15 horas, ap\u00f3s uma testemunha acionar aquela corpora\u00e7\u00e3o (que contou com o apoio da Defesa Civil) dizendo estar ouvindo o latido do animal desde o \u00faltimo dia 30 de junho. Antes, por\u00e9m, esta mesma pessoa, juntamente com outros moradores, fizeram buscas pela regi\u00e3o a fim de localizar o animal. Ap\u00f3s encontr\u00e1-lo chamaram as equipes para efetuarem o resgate.<\/p>\n<p style=\"text-align: justify;\">Por se tratar de um local de dif\u00edcil acesso, os Bombeiros fizeram o reconhecimento da \u00e1rea com o apoio da Defesa Civil que j\u00e1 conhece o local. Em seguida, utilizando t\u00e9cnicas de rapel e de montanhismo, conseguiram chegar at\u00e9 a cachorra, que estava em um buraco. Ela foi colocada em uma esp\u00e9cie de mochila e desceu nas costas de um bombeiro militar, sendo solta posteriormente em seguran\u00e7a e sem ferimentos.<\/p>\n<p style=\"text-align: justify;\">Ainda segundo o registro dos Bombeiros, toda a opera\u00e7\u00e3o durou duas horas e meia de trabalho e foi acompanhada com apreens\u00e3o por v\u00e1rios moradores. Quando viram que a miss\u00e3o havia sido conclu\u00edda com sucesso, um misto de al\u00edvio e alegria tomou conta do ambiente. O p\u00fablico presente tamb\u00e9m reconheceu o esfor\u00e7o dos Bombeiros e Defesa Civil que receberam diversos agradecimentos.<\/p>\n<p><img loading=\"lazy\" decoding=\"async\" class=\"aligncenter wp-image-34345 size-full\" src=\"https:\/\/marcelolopes.jor.br\/site\/wp-content\/uploads\/2022\/07\/Resgate-cadela3.jpg\" alt=\"Bombeiros e Defesa Civil resgatam\" width=\"700\" height=\"429\" srcset=\"https:\/\/marcelolopes.jor.br\/site\/wp-content\/uploads\/2022\/07\/Resgate-cadela3.jpg 700w, https:\/\/marcelolopes.jor.br\/site\/wp-content\/uploads\/2022\/07\/Resgate-cadela3-300x184.jpg 300w, https:\/\/marcelolopes.jor.br\/site\/wp-content\/uploads\/2022\/07\/Resgate-cadela3-640x392.jpg 640w\" sizes=\"auto, (max-width: 700px) 100vw, 700px\" \/> <img loading=\"lazy\" decoding=\"async\" class=\"aligncenter wp-image-34346 size-full\" src=\"https:\/\/marcelolopes.jor.br\/site\/wp-content\/uploads\/2022\/07\/resgate-cadela4.jpg\" alt=\"Bombeiros e Defesa Civil resgatam\" width=\"500\" height=\"701\" srcset=\"https:\/\/marcelolopes.jor.br\/site\/wp-content\/uploads\/2022\/07\/resgate-cadela4.jpg 500w, https:\/\/marcelolopes.jor.br\/site\/wp-content\/uploads\/2022\/07\/resgate-cadela4-214x300.jpg 214w\" sizes=\"auto, (max-width: 500px) 100vw, 500px\" \/><\/p>\n<p style=\"text-align: justify;\"><strong>LEIA TAMB\u00c9M<\/strong><br \/>\n<a href=\"https:\/\/marcelolopes.jor.br\/2022\/03\/05\/corpo-de-bombeiros-resgata-ciclista-que-se-perdeu-proximo-a-aracati\/\"><strong><span style=\"color: #800000;\">Corpo de Bombeiros resgata ciclista que se perdeu pr\u00f3ximo a Aracati<\/span><\/strong><\/a><br \/>\n<a href=\"https:\/\/marcelolopes.jor.br\/2022\/01\/25\/bombeiros-resgatam-filhote-de-gato-em-tubulacao-de-residencia\/\"><strong><span style=\"color: #800000;\">Bombeiros resgatam filhote de gato em tubula\u00e7\u00e3o de resid\u00eancia<\/span><\/strong><\/a><\/p>\n<p>Assista aqui o resgate da cadela<\/p>\n<div style=\"width: 640px;\" class=\"wp-video\"><video class=\"wp-video-shortcode\" id=\"video-34341-1\" width=\"640\" height=\"352\" preload=\"metadata\" controls=\"controls\"><source type=\"video\/mp4\" src=\"https:\/\/marcelolopes.jor.br\/site\/wp-content\/uploads\/2022\/07\/resgate-da-cadela.mp4?_=1\" \/><a href=\"https:\/\/marcelolopes.jor.br\/site\/wp-content\/uploads\/2022\/07\/resgate-da-cadela.mp4\">https:\/\/marcelolopes.jor.br\/site\/wp-content\/uploads\/2022\/07\/resgate-da-cadela.mp4<\/a><\/video><\/div>\n<p>Fotos: Corpo de Bombeiros &#8211; Divulga\u00e7\u00e3o<\/p>\n<div class=\"ypgax69f5f9cdb52e0\" ><br><\/div><style type=\"text\/css\">\r\n@media screen and (min-width: 1201px) {\r\n.ypgax69f5f9cdb52e0 {\r\ndisplay: block;\r\n}\r\n}\r\n@media screen and (min-width: 993px) and (max-width: 1200px) {\r\n.ypgax69f5f9cdb52e0 {\r\ndisplay: block;\r\n}\r\n}\r\n@media screen and (min-width: 769px) and (max-width: 992px) {\r\n.ypgax69f5f9cdb52e0 {\r\ndisplay: block;\r\n}\r\n}\r\n@media screen and (min-width: 768px) and (max-width: 768px) {\r\n.ypgax69f5f9cdb52e0 {\r\ndisplay: block;\r\n}\r\n}\r\n@media screen and (max-width: 767px) {\r\n.ypgax69f5f9cdb52e0 {\r\ndisplay: block;\r\n}\r\n}\r\n<\/style>\r\n<div class=\"caqbo69f5f9cdbadd9\" ><div id=\"div_destino\"><\/div>\r\n<script src=\"https:\/\/cdn.snsrsv.com\/sdk.js\"><\/script>\r\n<script >\r\n      new sdk(\"464030C30061EA8BE065000000000001\") \r\n          .appendTo(\"div_destino\")\r\n          .disableStyle(true) \r\n          .setCacheBusterMacro(\"%%CACHEBUSTER%%\")\r\n          .setSize(\"800\",\"214\")\r\n          .setClickMacro(\"%%CLICK_URL_ESC%%\") \r\n          .setReferrerUrlMacro(\"%%REFERRER_URL_ESC%%\") \r\n          .start(); \r\n<\/script><\/div><style type=\"text\/css\">\r\n@media screen and (min-width: 1201px) {\r\n.caqbo69f5f9cdbadd9 {\r\ndisplay: block;\r\n}\r\n}\r\n@media screen and (min-width: 993px) and (max-width: 1200px) {\r\n.caqbo69f5f9cdbadd9 {\r\ndisplay: block;\r\n}\r\n}\r\n@media screen and (min-width: 769px) and (max-width: 992px) {\r\n.caqbo69f5f9cdbadd9 {\r\ndisplay: block;\r\n}\r\n}\r\n@media screen and (min-width: 768px) and (max-width: 768px) {\r\n.caqbo69f5f9cdbadd9 {\r\ndisplay: block;\r\n}\r\n}\r\n@media screen and (max-width: 767px) {\r\n.caqbo69f5f9cdbadd9 {\r\ndisplay: block;\r\n}\r\n}\r\n<\/style>\r\n","protected":false},"excerpt":{"rendered":"<p>Uma guarni\u00e7\u00e3o do Posto Avan\u00e7ado do Corpo de Bombeiros Militar de Cataguases e equipe da Defesa Civil do munic\u00edpio realizaram na tarde desta segunda-feira, 4 de julho, o resgate de uma cachorra que &#8211; aparentemente &#8211; vive na rua e<\/p>\n<p class=\"link-more\"><a class=\"more-link\" href=\"https:\/\/marcelolopes.jor.br\/site\/2022\/07\/05\/bombeiros-e-defesa-civil-resgatam-cadela-em-penhasco-no-bairro-carijos\/\">Leia mais <span class=\"screen-reader-text\">Bombeiros e Defesa Civil resgatam cadela em penhasco no Bairro Carij\u00f3s<\/span><\/a><\/p>\n","protected":false},"author":2,"featured_media":34344,"comment_status":"open","ping_status":"open","sticky":false,"template":"","format":"standard","meta":{"footnotes":""},"categories":[1],"tags":[6268,924,6267,6001,5406],"class_list":["post-34341","post","type-post","status-publish","format-standard","has-post-thumbnail","hentry","category-noticias","tag-cadela-perdida","tag-defesa-civil","tag-penhasco","tag-posto-avancado-do-corpo-de-bombeiros","tag-resgate-de-animal","thumb-below-title"],"yoast_head":"<!-- This site is optimized with the Yoast SEO plugin v27.4 - https:\/\/yoast.com\/product\/yoast-seo-wordpress\/ -->\n<title>Bombeiros e Defesa Civil resgatam cadela em penhasco no Bairro Carij\u00f3s<\/title>\n<meta name=\"description\" content=\"Bombeiros e Defesa Civil resgatam cadela em penhasco no Bairro Carij\u00f3s. Moradores que assistiam ao resgate reconheceram o esfor\u00e7o da equipe.\" \/>\n<meta name=\"robots\" content=\"index, follow, max-snippet:-1, max-image-preview:large, max-video-preview:-1\" \/>\n<link rel=\"canonical\" href=\"https:\/\/marcelolopes.jor.br\/site\/2022\/07\/05\/bombeiros-e-defesa-civil-resgatam-cadela-em-penhasco-no-bairro-carijos\/\" \/>\n<meta property=\"og:locale\" content=\"pt_BR\" \/>\n<meta property=\"og:type\" content=\"article\" \/>\n<meta property=\"og:title\" content=\"Bombeiros e Defesa Civil resgatam cadela em penhasco no Bairro Carij\u00f3s\" \/>\n<meta property=\"og:description\" content=\"Bombeiros e Defesa Civil resgatam cadela em penhasco no Bairro Carij\u00f3s. Moradores que assistiam ao resgate reconheceram o esfor\u00e7o da equipe.\" \/>\n<meta property=\"og:url\" content=\"https:\/\/marcelolopes.jor.br\/site\/2022\/07\/05\/bombeiros-e-defesa-civil-resgatam-cadela-em-penhasco-no-bairro-carijos\/\" \/>\n<meta property=\"og:site_name\" content=\"Marcelo Lopes\" \/>\n<meta property=\"article:publisher\" content=\"https:\/\/www.facebook.com\/sitedomarcelolopes\" \/>\n<meta property=\"article:published_time\" content=\"2022-07-05T13:00:07+00:00\" \/>\n<meta property=\"og:image\" content=\"https:\/\/marcelolopes.jor.br\/site\/wp-content\/uploads\/2022\/07\/Resgate-cadela2.jpg\" \/>\n\t<meta property=\"og:image:width\" content=\"800\" \/>\n\t<meta property=\"og:image:height\" content=\"528\" \/>\n\t<meta property=\"og:image:type\" content=\"image\/jpeg\" \/>\n<meta name=\"author\" content=\"Marcelo Lopes\" \/>\n<meta name=\"twitter:card\" content=\"summary_large_image\" \/>\n<meta name=\"twitter:label1\" content=\"Escrito por\" \/>\n\t<meta name=\"twitter:data1\" content=\"Marcelo Lopes\" \/>\n\t<meta name=\"twitter:label2\" content=\"Est. tempo de leitura\" \/>\n\t<meta name=\"twitter:data2\" content=\"2 minutos\" \/>\n<script type=\"application\/ld+json\" class=\"yoast-schema-graph\">{\"@context\":\"https:\\\/\\\/schema.org\",\"@graph\":[{\"@type\":\"NewsArticle\",\"@id\":\"https:\\\/\\\/marcelolopes.jor.br\\\/site\\\/2022\\\/07\\\/05\\\/bombeiros-e-defesa-civil-resgatam-cadela-em-penhasco-no-bairro-carijos\\\/#article\",\"isPartOf\":{\"@id\":\"https:\\\/\\\/marcelolopes.jor.br\\\/site\\\/2022\\\/07\\\/05\\\/bombeiros-e-defesa-civil-resgatam-cadela-em-penhasco-no-bairro-carijos\\\/\"},\"author\":{\"name\":\"Marcelo Lopes\",\"@id\":\"https:\\\/\\\/marcelolopes.jor.br\\\/site\\\/#\\\/schema\\\/person\\\/3e7216a35c34d8fdf952b31da3d1f89f\"},\"headline\":\"Bombeiros e Defesa Civil resgatam cadela em penhasco no Bairro Carij\u00f3s\",\"datePublished\":\"2022-07-05T13:00:07+00:00\",\"mainEntityOfPage\":{\"@id\":\"https:\\\/\\\/marcelolopes.jor.br\\\/site\\\/2022\\\/07\\\/05\\\/bombeiros-e-defesa-civil-resgatam-cadela-em-penhasco-no-bairro-carijos\\\/\"},\"wordCount\":359,\"commentCount\":0,\"publisher\":{\"@id\":\"https:\\\/\\\/marcelolopes.jor.br\\\/site\\\/#organization\"},\"image\":{\"@id\":\"https:\\\/\\\/marcelolopes.jor.br\\\/site\\\/2022\\\/07\\\/05\\\/bombeiros-e-defesa-civil-resgatam-cadela-em-penhasco-no-bairro-carijos\\\/#primaryimage\"},\"thumbnailUrl\":\"https:\\\/\\\/marcelolopes.jor.br\\\/site\\\/wp-content\\\/uploads\\\/2022\\\/07\\\/Resgate-cadela2.jpg\",\"keywords\":[\"cadela perdida\",\"Defesa Civil\",\"penhasco\",\"Posto Avan\u00e7ado do Corpo de Bombeiros\",\"resgate de animal\"],\"articleSection\":[\"Not\u00edcias\"],\"inLanguage\":\"pt-BR\",\"potentialAction\":[{\"@type\":\"CommentAction\",\"name\":\"Comment\",\"target\":[\"https:\\\/\\\/marcelolopes.jor.br\\\/site\\\/2022\\\/07\\\/05\\\/bombeiros-e-defesa-civil-resgatam-cadela-em-penhasco-no-bairro-carijos\\\/#respond\"]}]},{\"@type\":\"WebPage\",\"@id\":\"https:\\\/\\\/marcelolopes.jor.br\\\/site\\\/2022\\\/07\\\/05\\\/bombeiros-e-defesa-civil-resgatam-cadela-em-penhasco-no-bairro-carijos\\\/\",\"url\":\"https:\\\/\\\/marcelolopes.jor.br\\\/site\\\/2022\\\/07\\\/05\\\/bombeiros-e-defesa-civil-resgatam-cadela-em-penhasco-no-bairro-carijos\\\/\",\"name\":\"Bombeiros e Defesa Civil resgatam cadela em penhasco no Bairro Carij\u00f3s\",\"isPartOf\":{\"@id\":\"https:\\\/\\\/marcelolopes.jor.br\\\/site\\\/#website\"},\"primaryImageOfPage\":{\"@id\":\"https:\\\/\\\/marcelolopes.jor.br\\\/site\\\/2022\\\/07\\\/05\\\/bombeiros-e-defesa-civil-resgatam-cadela-em-penhasco-no-bairro-carijos\\\/#primaryimage\"},\"image\":{\"@id\":\"https:\\\/\\\/marcelolopes.jor.br\\\/site\\\/2022\\\/07\\\/05\\\/bombeiros-e-defesa-civil-resgatam-cadela-em-penhasco-no-bairro-carijos\\\/#primaryimage\"},\"thumbnailUrl\":\"https:\\\/\\\/marcelolopes.jor.br\\\/site\\\/wp-content\\\/uploads\\\/2022\\\/07\\\/Resgate-cadela2.jpg\",\"datePublished\":\"2022-07-05T13:00:07+00:00\",\"description\":\"Bombeiros e Defesa Civil resgatam cadela em penhasco no Bairro Carij\u00f3s. Moradores que assistiam ao resgate reconheceram o esfor\u00e7o da equipe.\",\"breadcrumb\":{\"@id\":\"https:\\\/\\\/marcelolopes.jor.br\\\/site\\\/2022\\\/07\\\/05\\\/bombeiros-e-defesa-civil-resgatam-cadela-em-penhasco-no-bairro-carijos\\\/#breadcrumb\"},\"inLanguage\":\"pt-BR\",\"potentialAction\":[{\"@type\":\"ReadAction\",\"target\":[\"https:\\\/\\\/marcelolopes.jor.br\\\/site\\\/2022\\\/07\\\/05\\\/bombeiros-e-defesa-civil-resgatam-cadela-em-penhasco-no-bairro-carijos\\\/\"]}]},{\"@type\":\"ImageObject\",\"inLanguage\":\"pt-BR\",\"@id\":\"https:\\\/\\\/marcelolopes.jor.br\\\/site\\\/2022\\\/07\\\/05\\\/bombeiros-e-defesa-civil-resgatam-cadela-em-penhasco-no-bairro-carijos\\\/#primaryimage\",\"url\":\"https:\\\/\\\/marcelolopes.jor.br\\\/site\\\/wp-content\\\/uploads\\\/2022\\\/07\\\/Resgate-cadela2.jpg\",\"contentUrl\":\"https:\\\/\\\/marcelolopes.jor.br\\\/site\\\/wp-content\\\/uploads\\\/2022\\\/07\\\/Resgate-cadela2.jpg\",\"width\":800,\"height\":528,\"caption\":\"Bombeiros e Defesa Civil resgatam\"},{\"@type\":\"BreadcrumbList\",\"@id\":\"https:\\\/\\\/marcelolopes.jor.br\\\/site\\\/2022\\\/07\\\/05\\\/bombeiros-e-defesa-civil-resgatam-cadela-em-penhasco-no-bairro-carijos\\\/#breadcrumb\",\"itemListElement\":[{\"@type\":\"ListItem\",\"position\":1,\"name\":\"Home\",\"item\":\"https:\\\/\\\/marcelolopes.jor.br\\\/site\\\/\"},{\"@type\":\"ListItem\",\"position\":2,\"name\":\"Bombeiros e Defesa Civil resgatam cadela em penhasco no Bairro Carij\u00f3s\"}]},{\"@type\":\"WebSite\",\"@id\":\"https:\\\/\\\/marcelolopes.jor.br\\\/site\\\/#website\",\"url\":\"https:\\\/\\\/marcelolopes.jor.br\\\/site\\\/\",\"name\":\"Marcelo Lopes\",\"description\":\"Not\u00edcias de Cataguases e Regi\u00e3o\",\"publisher\":{\"@id\":\"https:\\\/\\\/marcelolopes.jor.br\\\/site\\\/#organization\"},\"potentialAction\":[{\"@type\":\"SearchAction\",\"target\":{\"@type\":\"EntryPoint\",\"urlTemplate\":\"https:\\\/\\\/marcelolopes.jor.br\\\/site\\\/?s={search_term_string}\"},\"query-input\":{\"@type\":\"PropertyValueSpecification\",\"valueRequired\":true,\"valueName\":\"search_term_string\"}}],\"inLanguage\":\"pt-BR\"},{\"@type\":\"Organization\",\"@id\":\"https:\\\/\\\/marcelolopes.jor.br\\\/site\\\/#organization\",\"name\":\"Site do Marcelo Lopes\",\"url\":\"https:\\\/\\\/marcelolopes.jor.br\\\/site\\\/\",\"logo\":{\"@type\":\"ImageObject\",\"inLanguage\":\"pt-BR\",\"@id\":\"https:\\\/\\\/marcelolopes.jor.br\\\/site\\\/#\\\/schema\\\/logo\\\/image\\\/\",\"url\":\"https:\\\/\\\/marcelolopes.jor.br\\\/site\\\/wp-content\\\/uploads\\\/2024\\\/11\\\/logo-1.png\",\"contentUrl\":\"https:\\\/\\\/marcelolopes.jor.br\\\/site\\\/wp-content\\\/uploads\\\/2024\\\/11\\\/logo-1.png\",\"width\":475,\"height\":80,\"caption\":\"Site do Marcelo Lopes\"},\"image\":{\"@id\":\"https:\\\/\\\/marcelolopes.jor.br\\\/site\\\/#\\\/schema\\\/logo\\\/image\\\/\"},\"sameAs\":[\"https:\\\/\\\/www.facebook.com\\\/sitedomarcelolopes\",\"https:\\\/\\\/www.instagram.com\\\/sitedomarcelolopes\\\/\",\"https:\\\/\\\/www.linkedin.com\\\/company\\\/site-do-marcelo-lopes\\\/\",\"https:\\\/\\\/www.youtube.com\\\/user\\\/marcelolopes957\"]},{\"@type\":\"Person\",\"@id\":\"https:\\\/\\\/marcelolopes.jor.br\\\/site\\\/#\\\/schema\\\/person\\\/3e7216a35c34d8fdf952b31da3d1f89f\",\"name\":\"Marcelo Lopes\",\"sameAs\":[\"http:\\\/\\\/www.marcelolopes.jor.br\"],\"url\":\"https:\\\/\\\/marcelolopes.jor.br\\\/site\\\/author\\\/marcelo\\\/\"}]}<\/script>\n<!-- \/ Yoast SEO plugin. -->","yoast_head_json":{"title":"Bombeiros e Defesa Civil resgatam cadela em penhasco no Bairro Carij\u00f3s","description":"Bombeiros e Defesa Civil resgatam cadela em penhasco no Bairro Carij\u00f3s. Moradores que assistiam ao resgate reconheceram o esfor\u00e7o da equipe.","robots":{"index":"index","follow":"follow","max-snippet":"max-snippet:-1","max-image-preview":"max-image-preview:large","max-video-preview":"max-video-preview:-1"},"canonical":"https:\/\/marcelolopes.jor.br\/site\/2022\/07\/05\/bombeiros-e-defesa-civil-resgatam-cadela-em-penhasco-no-bairro-carijos\/","og_locale":"pt_BR","og_type":"article","og_title":"Bombeiros e Defesa Civil resgatam cadela em penhasco no Bairro Carij\u00f3s","og_description":"Bombeiros e Defesa Civil resgatam cadela em penhasco no Bairro Carij\u00f3s. Moradores que assistiam ao resgate reconheceram o esfor\u00e7o da equipe.","og_url":"https:\/\/marcelolopes.jor.br\/site\/2022\/07\/05\/bombeiros-e-defesa-civil-resgatam-cadela-em-penhasco-no-bairro-carijos\/","og_site_name":"Marcelo Lopes","article_publisher":"https:\/\/www.facebook.com\/sitedomarcelolopes","article_published_time":"2022-07-05T13:00:07+00:00","og_image":[{"width":800,"height":528,"url":"https:\/\/marcelolopes.jor.br\/site\/wp-content\/uploads\/2022\/07\/Resgate-cadela2.jpg","type":"image\/jpeg"}],"author":"Marcelo Lopes","twitter_card":"summary_large_image","twitter_misc":{"Escrito por":"Marcelo Lopes","Est. tempo de leitura":"2 minutos"},"schema":{"@context":"https:\/\/schema.org","@graph":[{"@type":"NewsArticle","@id":"https:\/\/marcelolopes.jor.br\/site\/2022\/07\/05\/bombeiros-e-defesa-civil-resgatam-cadela-em-penhasco-no-bairro-carijos\/#article","isPartOf":{"@id":"https:\/\/marcelolopes.jor.br\/site\/2022\/07\/05\/bombeiros-e-defesa-civil-resgatam-cadela-em-penhasco-no-bairro-carijos\/"},"author":{"name":"Marcelo Lopes","@id":"https:\/\/marcelolopes.jor.br\/site\/#\/schema\/person\/3e7216a35c34d8fdf952b31da3d1f89f"},"headline":"Bombeiros e Defesa Civil resgatam cadela em penhasco no Bairro Carij\u00f3s","datePublished":"2022-07-05T13:00:07+00:00","mainEntityOfPage":{"@id":"https:\/\/marcelolopes.jor.br\/site\/2022\/07\/05\/bombeiros-e-defesa-civil-resgatam-cadela-em-penhasco-no-bairro-carijos\/"},"wordCount":359,"commentCount":0,"publisher":{"@id":"https:\/\/marcelolopes.jor.br\/site\/#organization"},"image":{"@id":"https:\/\/marcelolopes.jor.br\/site\/2022\/07\/05\/bombeiros-e-defesa-civil-resgatam-cadela-em-penhasco-no-bairro-carijos\/#primaryimage"},"thumbnailUrl":"https:\/\/marcelolopes.jor.br\/site\/wp-content\/uploads\/2022\/07\/Resgate-cadela2.jpg","keywords":["cadela perdida","Defesa Civil","penhasco","Posto Avan\u00e7ado do Corpo de Bombeiros","resgate de animal"],"articleSection":["Not\u00edcias"],"inLanguage":"pt-BR","potentialAction":[{"@type":"CommentAction","name":"Comment","target":["https:\/\/marcelolopes.jor.br\/site\/2022\/07\/05\/bombeiros-e-defesa-civil-resgatam-cadela-em-penhasco-no-bairro-carijos\/#respond"]}]},{"@type":"WebPage","@id":"https:\/\/marcelolopes.jor.br\/site\/2022\/07\/05\/bombeiros-e-defesa-civil-resgatam-cadela-em-penhasco-no-bairro-carijos\/","url":"https:\/\/marcelolopes.jor.br\/site\/2022\/07\/05\/bombeiros-e-defesa-civil-resgatam-cadela-em-penhasco-no-bairro-carijos\/","name":"Bombeiros e Defesa Civil resgatam cadela em penhasco no Bairro Carij\u00f3s","isPartOf":{"@id":"https:\/\/marcelolopes.jor.br\/site\/#website"},"primaryImageOfPage":{"@id":"https:\/\/marcelolopes.jor.br\/site\/2022\/07\/05\/bombeiros-e-defesa-civil-resgatam-cadela-em-penhasco-no-bairro-carijos\/#primaryimage"},"image":{"@id":"https:\/\/marcelolopes.jor.br\/site\/2022\/07\/05\/bombeiros-e-defesa-civil-resgatam-cadela-em-penhasco-no-bairro-carijos\/#primaryimage"},"thumbnailUrl":"https:\/\/marcelolopes.jor.br\/site\/wp-content\/uploads\/2022\/07\/Resgate-cadela2.jpg","datePublished":"2022-07-05T13:00:07+00:00","description":"Bombeiros e Defesa Civil resgatam cadela em penhasco no Bairro Carij\u00f3s. Moradores que assistiam ao resgate reconheceram o esfor\u00e7o da equipe.","breadcrumb":{"@id":"https:\/\/marcelolopes.jor.br\/site\/2022\/07\/05\/bombeiros-e-defesa-civil-resgatam-cadela-em-penhasco-no-bairro-carijos\/#breadcrumb"},"inLanguage":"pt-BR","potentialAction":[{"@type":"ReadAction","target":["https:\/\/marcelolopes.jor.br\/site\/2022\/07\/05\/bombeiros-e-defesa-civil-resgatam-cadela-em-penhasco-no-bairro-carijos\/"]}]},{"@type":"ImageObject","inLanguage":"pt-BR","@id":"https:\/\/marcelolopes.jor.br\/site\/2022\/07\/05\/bombeiros-e-defesa-civil-resgatam-cadela-em-penhasco-no-bairro-carijos\/#primaryimage","url":"https:\/\/marcelolopes.jor.br\/site\/wp-content\/uploads\/2022\/07\/Resgate-cadela2.jpg","contentUrl":"https:\/\/marcelolopes.jor.br\/site\/wp-content\/uploads\/2022\/07\/Resgate-cadela2.jpg","width":800,"height":528,"caption":"Bombeiros e Defesa Civil resgatam"},{"@type":"BreadcrumbList","@id":"https:\/\/marcelolopes.jor.br\/site\/2022\/07\/05\/bombeiros-e-defesa-civil-resgatam-cadela-em-penhasco-no-bairro-carijos\/#breadcrumb","itemListElement":[{"@type":"ListItem","position":1,"name":"Home","item":"https:\/\/marcelolopes.jor.br\/site\/"},{"@type":"ListItem","position":2,"name":"Bombeiros e Defesa Civil resgatam cadela em penhasco no Bairro Carij\u00f3s"}]},{"@type":"WebSite","@id":"https:\/\/marcelolopes.jor.br\/site\/#website","url":"https:\/\/marcelolopes.jor.br\/site\/","name":"Marcelo Lopes","description":"Not\u00edcias de Cataguases e Regi\u00e3o","publisher":{"@id":"https:\/\/marcelolopes.jor.br\/site\/#organization"},"potentialAction":[{"@type":"SearchAction","target":{"@type":"EntryPoint","urlTemplate":"https:\/\/marcelolopes.jor.br\/site\/?s={search_term_string}"},"query-input":{"@type":"PropertyValueSpecification","valueRequired":true,"valueName":"search_term_string"}}],"inLanguage":"pt-BR"},{"@type":"Organization","@id":"https:\/\/marcelolopes.jor.br\/site\/#organization","name":"Site do Marcelo Lopes","url":"https:\/\/marcelolopes.jor.br\/site\/","logo":{"@type":"ImageObject","inLanguage":"pt-BR","@id":"https:\/\/marcelolopes.jor.br\/site\/#\/schema\/logo\/image\/","url":"https:\/\/marcelolopes.jor.br\/site\/wp-content\/uploads\/2024\/11\/logo-1.png","contentUrl":"https:\/\/marcelolopes.jor.br\/site\/wp-content\/uploads\/2024\/11\/logo-1.png","width":475,"height":80,"caption":"Site do Marcelo Lopes"},"image":{"@id":"https:\/\/marcelolopes.jor.br\/site\/#\/schema\/logo\/image\/"},"sameAs":["https:\/\/www.facebook.com\/sitedomarcelolopes","https:\/\/www.instagram.com\/sitedomarcelolopes\/","https:\/\/www.linkedin.com\/company\/site-do-marcelo-lopes\/","https:\/\/www.youtube.com\/user\/marcelolopes957"]},{"@type":"Person","@id":"https:\/\/marcelolopes.jor.br\/site\/#\/schema\/person\/3e7216a35c34d8fdf952b31da3d1f89f","name":"Marcelo Lopes","sameAs":["http:\/\/www.marcelolopes.jor.br"],"url":"https:\/\/marcelolopes.jor.br\/site\/author\/marcelo\/"}]}},"wps_subtitle":"Moradores que assistiam ao resgate reconheceram o esfor\u00e7o da equipe.","_links":{"self":[{"href":"https:\/\/marcelolopes.jor.br\/site\/wp-json\/wp\/v2\/posts\/34341","targetHints":{"allow":["GET"]}}],"collection":[{"href":"https:\/\/marcelolopes.jor.br\/site\/wp-json\/wp\/v2\/posts"}],"about":[{"href":"https:\/\/marcelolopes.jor.br\/site\/wp-json\/wp\/v2\/types\/post"}],"author":[{"embeddable":true,"href":"https:\/\/marcelolopes.jor.br\/site\/wp-json\/wp\/v2\/users\/2"}],"replies":[{"embeddable":true,"href":"https:\/\/marcelolopes.jor.br\/site\/wp-json\/wp\/v2\/comments?post=34341"}],"version-history":[{"count":0,"href":"https:\/\/marcelolopes.jor.br\/site\/wp-json\/wp\/v2\/posts\/34341\/revisions"}],"wp:featuredmedia":[{"embeddable":true,"href":"https:\/\/marcelolopes.jor.br\/site\/wp-json\/wp\/v2\/media\/34344"}],"wp:attachment":[{"href":"https:\/\/marcelolopes.jor.br\/site\/wp-json\/wp\/v2\/media?parent=34341"}],"wp:term":[{"taxonomy":"category","embeddable":true,"href":"https:\/\/marcelolopes.jor.br\/site\/wp-json\/wp\/v2\/categories?post=34341"},{"taxonomy":"post_tag","embeddable":true,"href":"https:\/\/marcelolopes.jor.br\/site\/wp-json\/wp\/v2\/tags?post=34341"}],"curies":[{"name":"wp","href":"https:\/\/api.w.org\/{rel}","templated":true}]}}