{"id":34160,"date":"2022-06-27T18:59:16","date_gmt":"2022-06-27T21:59:16","guid":{"rendered":"https:\/\/marcelolopes.jor.br\/?p=34160"},"modified":"2022-06-27T18:59:56","modified_gmt":"2022-06-27T21:59:56","slug":"carro-roubado-bate-em-dois-veiculos-enquanto-e-perseguido-pela-pm","status":"publish","type":"post","link":"https:\/\/marcelolopes.jor.br\/site\/2022\/06\/27\/carro-roubado-bate-em-dois-veiculos-enquanto-e-perseguido-pela-pm\/","title":{"rendered":"Carro roubado bate em dois ve\u00edculos enquanto \u00e9 perseguido pela PM"},"content":{"rendered":"<p style=\"text-align: justify;\">Dois homens foram presos no final da manh\u00e3 desta segunda-feira, 27 de junho, pela Pol\u00edcia Militar, na Rua Mauricio Carrara, Vila Tereza, em Cataguases. Eles residem em Muria\u00e9 e estavam em um Chevrolet Classic, cinza, em alta velocidade, sendo perseguidos pela PM quando bateu em um Chevrolet Cobalt, cujo motorista de 47 anos nada sofreu, e em uma motocicleta que vinham em sentido oposto.<!--more--><\/p>\n<p style=\"text-align: justify;\">O condutor da moto, de 27 anos, ficou ferido. Duas mulheres tamb\u00e9m estavam no Classic e uma delas, de 19 anos, conforme relato dos policiais, chegou a ficar semi-inconsciente, foi levada ao Pronto-Socorro do Hospital de Cataguases onde foi atendida. A outra, m\u00e3e dela, de 34 anos, nada sofreu.<\/p>\n<p style=\"text-align: justify;\">Uma den\u00fancia an\u00f4nima, feita pelo telefone 190, informou que o condutor do Classic estava no Bairro S\u00e3o Marcos tentando vender o ve\u00edculo que seria roubado. As equipes policiais se deslocaram at\u00e9 l\u00e1 e depararam com o autom\u00f3vel suspeito j\u00e1 no Bairro S\u00e3o Cristov\u00e3o. Ap\u00f3s desobedecer a ordem de parada, o motorista acelerou e seguiu em alta velocidade at\u00e9 a Vila Tereza quando, ao fazer a curva para entrar na Rua Mauricio Carrara, invadiu a contram\u00e3o e bateu nos dois ve\u00edculos que vinham em sentido contr\u00e1rio. No trajeto um deles jogou para fora do ve\u00edculo um simulacro de pistola que foi apreendida pelos militares.<\/p>\n<p><img loading=\"lazy\" decoding=\"async\" class=\"aligncenter wp-image-34162 size-full\" src=\"https:\/\/marcelolopes.jor.br\/site\/wp-content\/uploads\/2022\/06\/Acidente2.jpg\" alt=\"Carro roubado bate em\" width=\"700\" height=\"436\" srcset=\"https:\/\/marcelolopes.jor.br\/site\/wp-content\/uploads\/2022\/06\/Acidente2.jpg 700w, https:\/\/marcelolopes.jor.br\/site\/wp-content\/uploads\/2022\/06\/Acidente2-300x187.jpg 300w\" sizes=\"auto, (max-width: 700px) 100vw, 700px\" \/> <img loading=\"lazy\" decoding=\"async\" class=\"aligncenter wp-image-34163 size-full\" src=\"https:\/\/marcelolopes.jor.br\/site\/wp-content\/uploads\/2022\/06\/Moto1.jpg\" alt=\"Carro roubado bate em\" width=\"700\" height=\"461\" srcset=\"https:\/\/marcelolopes.jor.br\/site\/wp-content\/uploads\/2022\/06\/Moto1.jpg 700w, https:\/\/marcelolopes.jor.br\/site\/wp-content\/uploads\/2022\/06\/Moto1-300x198.jpg 300w\" sizes=\"auto, (max-width: 700px) 100vw, 700px\" \/><\/p>\n<p style=\"text-align: justify;\">O motorista do Classic, de 37 anos e seu comparsa, de 24, teriam roubado o ve\u00edculo em Muria\u00e9, recentemente. Na noite deste domingo, 26, segundo relato do pr\u00f3prio condutor, ele saiu de l\u00e1, convidou as duas mulheres para fazer um programa e tamb\u00e9m o colega e vieram para Cataguases. Ele disse ainda ter usado drogas e bebido durante a noite, juntamente com seu comparsa que, conforme apurou a PM, o ajudou a roubar o carro anteriormente. Os dois foram presos. A mulher mais nova recuperou-se e foi liberada do hospital. Ela e sua m\u00e3e que ouviram o relato dos autores, foram arroladas como testemunhas. O motociclista, atingido pelo Classic segue internado com traumatismo craniano no Hospital de Cataguases e n\u00e3o h\u00e1 informa\u00e7\u00f5es sobre seu estado de sa\u00fade.<\/p>\n<p style=\"text-align: justify;\"><strong>LEIA TAMB\u00c9M:<br \/>\n<a href=\"https:\/\/marcelolopes.jor.br\/2022\/06\/11\/policia-militar-prende-seis-pessoas-em-cataguases-em-apenas-um-dia\/\"><span style=\"color: #800000;\">Pol\u00edcia Militar prende seis pessoas em Cataguases em apenas um dia<\/span><\/a><\/strong><\/p>\n<p><a href=\"https:\/\/marcelolopes.jor.br\/2021\/10\/08\/pm-de-cataguases-desbarata-quadrilha-que-da-golpes-com-cheques-falsos\/\"><strong><span style=\"color: #800000;\">PM de Cataguases desbarata quadrilha que d\u00e1 golpes com cheques falsos<\/span><\/strong><\/a><\/p>\n<div class=\"amoiw69f72312abf93\" ><br><\/div><style type=\"text\/css\">\r\n@media screen and (min-width: 1201px) {\r\n.amoiw69f72312abf93 {\r\ndisplay: block;\r\n}\r\n}\r\n@media screen and (min-width: 993px) and (max-width: 1200px) {\r\n.amoiw69f72312abf93 {\r\ndisplay: block;\r\n}\r\n}\r\n@media screen and (min-width: 769px) and (max-width: 992px) {\r\n.amoiw69f72312abf93 {\r\ndisplay: block;\r\n}\r\n}\r\n@media screen and (min-width: 768px) and (max-width: 768px) {\r\n.amoiw69f72312abf93 {\r\ndisplay: block;\r\n}\r\n}\r\n@media screen and (max-width: 767px) {\r\n.amoiw69f72312abf93 {\r\ndisplay: block;\r\n}\r\n}\r\n<\/style>\r\n<div class=\"prspa69f72312b19b1\" ><div id=\"div_destino\"><\/div>\r\n<script src=\"https:\/\/cdn.snsrsv.com\/sdk.js\"><\/script>\r\n<script >\r\n      new sdk(\"464030C30061EA8BE065000000000001\") \r\n          .appendTo(\"div_destino\")\r\n          .disableStyle(true) \r\n          .setCacheBusterMacro(\"%%CACHEBUSTER%%\")\r\n          .setSize(\"800\",\"214\")\r\n          .setClickMacro(\"%%CLICK_URL_ESC%%\") \r\n          .setReferrerUrlMacro(\"%%REFERRER_URL_ESC%%\") \r\n          .start(); \r\n<\/script><\/div><style type=\"text\/css\">\r\n@media screen and (min-width: 1201px) {\r\n.prspa69f72312b19b1 {\r\ndisplay: block;\r\n}\r\n}\r\n@media screen and (min-width: 993px) and (max-width: 1200px) {\r\n.prspa69f72312b19b1 {\r\ndisplay: block;\r\n}\r\n}\r\n@media screen and (min-width: 769px) and (max-width: 992px) {\r\n.prspa69f72312b19b1 {\r\ndisplay: block;\r\n}\r\n}\r\n@media screen and (min-width: 768px) and (max-width: 768px) {\r\n.prspa69f72312b19b1 {\r\ndisplay: block;\r\n}\r\n}\r\n@media screen and (max-width: 767px) {\r\n.prspa69f72312b19b1 {\r\ndisplay: block;\r\n}\r\n}\r\n<\/style>\r\n","protected":false},"excerpt":{"rendered":"<p>Dois homens foram presos no final da manh\u00e3 desta segunda-feira, 27 de junho, pela Pol\u00edcia Militar, na Rua Mauricio Carrara, Vila Tereza, em Cataguases. Eles residem em Muria\u00e9 e estavam em um Chevrolet Classic, cinza, em alta velocidade, sendo perseguidos<\/p>\n<p class=\"link-more\"><a class=\"more-link\" href=\"https:\/\/marcelolopes.jor.br\/site\/2022\/06\/27\/carro-roubado-bate-em-dois-veiculos-enquanto-e-perseguido-pela-pm\/\">Leia mais <span class=\"screen-reader-text\">Carro roubado bate em dois ve\u00edculos enquanto \u00e9 perseguido pela PM<\/span><\/a><\/p>\n","protected":false},"author":2,"featured_media":34161,"comment_status":"open","ping_status":"open","sticky":false,"template":"","format":"standard","meta":{"footnotes":""},"categories":[1],"tags":[124,6206,955,1104],"class_list":["post-34160","post","type-post","status-publish","format-standard","has-post-thumbnail","hentry","category-noticias","tag-acidente","tag-carro-em-fuga","tag-carro-roubado","tag-perseguicao-policial","thumb-below-title"],"yoast_head":"<!-- This site is optimized with the Yoast SEO plugin v27.4 - https:\/\/yoast.com\/product\/yoast-seo-wordpress\/ -->\n<title>Carro roubado bate em dois ve\u00edculos enquanto \u00e9 perseguido pela PM<\/title>\n<meta name=\"description\" content=\"Carro roubado bate em dois ve\u00edculos enquanto \u00e9 perseguido pela PM. Dois homens foram presos e duas pessoas ficaram feridas.\" \/>\n<meta name=\"robots\" content=\"index, follow, max-snippet:-1, max-image-preview:large, max-video-preview:-1\" \/>\n<link rel=\"canonical\" href=\"https:\/\/marcelolopes.jor.br\/site\/2022\/06\/27\/carro-roubado-bate-em-dois-veiculos-enquanto-e-perseguido-pela-pm\/\" \/>\n<meta property=\"og:locale\" content=\"pt_BR\" \/>\n<meta property=\"og:type\" content=\"article\" \/>\n<meta property=\"og:title\" content=\"Carro roubado bate em dois ve\u00edculos enquanto \u00e9 perseguido pela PM\" \/>\n<meta property=\"og:description\" content=\"Carro roubado bate em dois ve\u00edculos enquanto \u00e9 perseguido pela PM. Dois homens foram presos e duas pessoas ficaram feridas.\" \/>\n<meta property=\"og:url\" content=\"https:\/\/marcelolopes.jor.br\/site\/2022\/06\/27\/carro-roubado-bate-em-dois-veiculos-enquanto-e-perseguido-pela-pm\/\" \/>\n<meta property=\"og:site_name\" content=\"Marcelo Lopes\" \/>\n<meta property=\"article:publisher\" content=\"https:\/\/www.facebook.com\/sitedomarcelolopes\" \/>\n<meta property=\"article:published_time\" content=\"2022-06-27T21:59:16+00:00\" \/>\n<meta property=\"article:modified_time\" content=\"2022-06-27T21:59:56+00:00\" \/>\n<meta property=\"og:image\" content=\"https:\/\/marcelolopes.jor.br\/site\/wp-content\/uploads\/2022\/06\/Acidente1.jpg\" \/>\n\t<meta property=\"og:image:width\" content=\"800\" \/>\n\t<meta property=\"og:image:height\" content=\"473\" \/>\n\t<meta property=\"og:image:type\" content=\"image\/jpeg\" \/>\n<meta name=\"author\" content=\"Marcelo Lopes\" \/>\n<meta name=\"twitter:card\" content=\"summary_large_image\" \/>\n<meta name=\"twitter:label1\" content=\"Escrito por\" \/>\n\t<meta name=\"twitter:data1\" content=\"Marcelo Lopes\" \/>\n\t<meta name=\"twitter:label2\" content=\"Est. tempo de leitura\" \/>\n\t<meta name=\"twitter:data2\" content=\"2 minutos\" \/>\n<script type=\"application\/ld+json\" class=\"yoast-schema-graph\">{\"@context\":\"https:\\\/\\\/schema.org\",\"@graph\":[{\"@type\":\"NewsArticle\",\"@id\":\"https:\\\/\\\/marcelolopes.jor.br\\\/site\\\/2022\\\/06\\\/27\\\/carro-roubado-bate-em-dois-veiculos-enquanto-e-perseguido-pela-pm\\\/#article\",\"isPartOf\":{\"@id\":\"https:\\\/\\\/marcelolopes.jor.br\\\/site\\\/2022\\\/06\\\/27\\\/carro-roubado-bate-em-dois-veiculos-enquanto-e-perseguido-pela-pm\\\/\"},\"author\":{\"name\":\"Marcelo Lopes\",\"@id\":\"https:\\\/\\\/marcelolopes.jor.br\\\/site\\\/#\\\/schema\\\/person\\\/3e7216a35c34d8fdf952b31da3d1f89f\"},\"headline\":\"Carro roubado bate em dois ve\u00edculos enquanto \u00e9 perseguido pela PM\",\"datePublished\":\"2022-06-27T21:59:16+00:00\",\"dateModified\":\"2022-06-27T21:59:56+00:00\",\"mainEntityOfPage\":{\"@id\":\"https:\\\/\\\/marcelolopes.jor.br\\\/site\\\/2022\\\/06\\\/27\\\/carro-roubado-bate-em-dois-veiculos-enquanto-e-perseguido-pela-pm\\\/\"},\"wordCount\":393,\"commentCount\":0,\"publisher\":{\"@id\":\"https:\\\/\\\/marcelolopes.jor.br\\\/site\\\/#organization\"},\"image\":{\"@id\":\"https:\\\/\\\/marcelolopes.jor.br\\\/site\\\/2022\\\/06\\\/27\\\/carro-roubado-bate-em-dois-veiculos-enquanto-e-perseguido-pela-pm\\\/#primaryimage\"},\"thumbnailUrl\":\"https:\\\/\\\/marcelolopes.jor.br\\\/site\\\/wp-content\\\/uploads\\\/2022\\\/06\\\/Acidente1.jpg\",\"keywords\":[\"acidente\",\"carro em fuga\",\"carro roubado\",\"persegui\u00e7\u00e3o policial\"],\"articleSection\":[\"Not\u00edcias\"],\"inLanguage\":\"pt-BR\",\"potentialAction\":[{\"@type\":\"CommentAction\",\"name\":\"Comment\",\"target\":[\"https:\\\/\\\/marcelolopes.jor.br\\\/site\\\/2022\\\/06\\\/27\\\/carro-roubado-bate-em-dois-veiculos-enquanto-e-perseguido-pela-pm\\\/#respond\"]}]},{\"@type\":\"WebPage\",\"@id\":\"https:\\\/\\\/marcelolopes.jor.br\\\/site\\\/2022\\\/06\\\/27\\\/carro-roubado-bate-em-dois-veiculos-enquanto-e-perseguido-pela-pm\\\/\",\"url\":\"https:\\\/\\\/marcelolopes.jor.br\\\/site\\\/2022\\\/06\\\/27\\\/carro-roubado-bate-em-dois-veiculos-enquanto-e-perseguido-pela-pm\\\/\",\"name\":\"Carro roubado bate em dois ve\u00edculos enquanto \u00e9 perseguido pela PM\",\"isPartOf\":{\"@id\":\"https:\\\/\\\/marcelolopes.jor.br\\\/site\\\/#website\"},\"primaryImageOfPage\":{\"@id\":\"https:\\\/\\\/marcelolopes.jor.br\\\/site\\\/2022\\\/06\\\/27\\\/carro-roubado-bate-em-dois-veiculos-enquanto-e-perseguido-pela-pm\\\/#primaryimage\"},\"image\":{\"@id\":\"https:\\\/\\\/marcelolopes.jor.br\\\/site\\\/2022\\\/06\\\/27\\\/carro-roubado-bate-em-dois-veiculos-enquanto-e-perseguido-pela-pm\\\/#primaryimage\"},\"thumbnailUrl\":\"https:\\\/\\\/marcelolopes.jor.br\\\/site\\\/wp-content\\\/uploads\\\/2022\\\/06\\\/Acidente1.jpg\",\"datePublished\":\"2022-06-27T21:59:16+00:00\",\"dateModified\":\"2022-06-27T21:59:56+00:00\",\"description\":\"Carro roubado bate em dois ve\u00edculos enquanto \u00e9 perseguido pela PM. Dois homens foram presos e duas pessoas ficaram feridas.\",\"breadcrumb\":{\"@id\":\"https:\\\/\\\/marcelolopes.jor.br\\\/site\\\/2022\\\/06\\\/27\\\/carro-roubado-bate-em-dois-veiculos-enquanto-e-perseguido-pela-pm\\\/#breadcrumb\"},\"inLanguage\":\"pt-BR\",\"potentialAction\":[{\"@type\":\"ReadAction\",\"target\":[\"https:\\\/\\\/marcelolopes.jor.br\\\/site\\\/2022\\\/06\\\/27\\\/carro-roubado-bate-em-dois-veiculos-enquanto-e-perseguido-pela-pm\\\/\"]}]},{\"@type\":\"ImageObject\",\"inLanguage\":\"pt-BR\",\"@id\":\"https:\\\/\\\/marcelolopes.jor.br\\\/site\\\/2022\\\/06\\\/27\\\/carro-roubado-bate-em-dois-veiculos-enquanto-e-perseguido-pela-pm\\\/#primaryimage\",\"url\":\"https:\\\/\\\/marcelolopes.jor.br\\\/site\\\/wp-content\\\/uploads\\\/2022\\\/06\\\/Acidente1.jpg\",\"contentUrl\":\"https:\\\/\\\/marcelolopes.jor.br\\\/site\\\/wp-content\\\/uploads\\\/2022\\\/06\\\/Acidente1.jpg\",\"width\":800,\"height\":473,\"caption\":\"Carro roubado bate em\"},{\"@type\":\"BreadcrumbList\",\"@id\":\"https:\\\/\\\/marcelolopes.jor.br\\\/site\\\/2022\\\/06\\\/27\\\/carro-roubado-bate-em-dois-veiculos-enquanto-e-perseguido-pela-pm\\\/#breadcrumb\",\"itemListElement\":[{\"@type\":\"ListItem\",\"position\":1,\"name\":\"Home\",\"item\":\"https:\\\/\\\/marcelolopes.jor.br\\\/site\\\/\"},{\"@type\":\"ListItem\",\"position\":2,\"name\":\"Carro roubado bate em dois ve\u00edculos enquanto \u00e9 perseguido pela PM\"}]},{\"@type\":\"WebSite\",\"@id\":\"https:\\\/\\\/marcelolopes.jor.br\\\/site\\\/#website\",\"url\":\"https:\\\/\\\/marcelolopes.jor.br\\\/site\\\/\",\"name\":\"Marcelo Lopes\",\"description\":\"Not\u00edcias de Cataguases e Regi\u00e3o\",\"publisher\":{\"@id\":\"https:\\\/\\\/marcelolopes.jor.br\\\/site\\\/#organization\"},\"potentialAction\":[{\"@type\":\"SearchAction\",\"target\":{\"@type\":\"EntryPoint\",\"urlTemplate\":\"https:\\\/\\\/marcelolopes.jor.br\\\/site\\\/?s={search_term_string}\"},\"query-input\":{\"@type\":\"PropertyValueSpecification\",\"valueRequired\":true,\"valueName\":\"search_term_string\"}}],\"inLanguage\":\"pt-BR\"},{\"@type\":\"Organization\",\"@id\":\"https:\\\/\\\/marcelolopes.jor.br\\\/site\\\/#organization\",\"name\":\"Site do Marcelo Lopes\",\"url\":\"https:\\\/\\\/marcelolopes.jor.br\\\/site\\\/\",\"logo\":{\"@type\":\"ImageObject\",\"inLanguage\":\"pt-BR\",\"@id\":\"https:\\\/\\\/marcelolopes.jor.br\\\/site\\\/#\\\/schema\\\/logo\\\/image\\\/\",\"url\":\"https:\\\/\\\/marcelolopes.jor.br\\\/site\\\/wp-content\\\/uploads\\\/2024\\\/11\\\/logo-1.png\",\"contentUrl\":\"https:\\\/\\\/marcelolopes.jor.br\\\/site\\\/wp-content\\\/uploads\\\/2024\\\/11\\\/logo-1.png\",\"width\":475,\"height\":80,\"caption\":\"Site do Marcelo Lopes\"},\"image\":{\"@id\":\"https:\\\/\\\/marcelolopes.jor.br\\\/site\\\/#\\\/schema\\\/logo\\\/image\\\/\"},\"sameAs\":[\"https:\\\/\\\/www.facebook.com\\\/sitedomarcelolopes\",\"https:\\\/\\\/www.instagram.com\\\/sitedomarcelolopes\\\/\",\"https:\\\/\\\/www.linkedin.com\\\/company\\\/site-do-marcelo-lopes\\\/\",\"https:\\\/\\\/www.youtube.com\\\/user\\\/marcelolopes957\"]},{\"@type\":\"Person\",\"@id\":\"https:\\\/\\\/marcelolopes.jor.br\\\/site\\\/#\\\/schema\\\/person\\\/3e7216a35c34d8fdf952b31da3d1f89f\",\"name\":\"Marcelo Lopes\",\"sameAs\":[\"http:\\\/\\\/www.marcelolopes.jor.br\"],\"url\":\"https:\\\/\\\/marcelolopes.jor.br\\\/site\\\/author\\\/marcelo\\\/\"}]}<\/script>\n<!-- \/ Yoast SEO plugin. -->","yoast_head_json":{"title":"Carro roubado bate em dois ve\u00edculos enquanto \u00e9 perseguido pela PM","description":"Carro roubado bate em dois ve\u00edculos enquanto \u00e9 perseguido pela PM. Dois homens foram presos e duas pessoas ficaram feridas.","robots":{"index":"index","follow":"follow","max-snippet":"max-snippet:-1","max-image-preview":"max-image-preview:large","max-video-preview":"max-video-preview:-1"},"canonical":"https:\/\/marcelolopes.jor.br\/site\/2022\/06\/27\/carro-roubado-bate-em-dois-veiculos-enquanto-e-perseguido-pela-pm\/","og_locale":"pt_BR","og_type":"article","og_title":"Carro roubado bate em dois ve\u00edculos enquanto \u00e9 perseguido pela PM","og_description":"Carro roubado bate em dois ve\u00edculos enquanto \u00e9 perseguido pela PM. Dois homens foram presos e duas pessoas ficaram feridas.","og_url":"https:\/\/marcelolopes.jor.br\/site\/2022\/06\/27\/carro-roubado-bate-em-dois-veiculos-enquanto-e-perseguido-pela-pm\/","og_site_name":"Marcelo Lopes","article_publisher":"https:\/\/www.facebook.com\/sitedomarcelolopes","article_published_time":"2022-06-27T21:59:16+00:00","article_modified_time":"2022-06-27T21:59:56+00:00","og_image":[{"width":800,"height":473,"url":"https:\/\/marcelolopes.jor.br\/site\/wp-content\/uploads\/2022\/06\/Acidente1.jpg","type":"image\/jpeg"}],"author":"Marcelo Lopes","twitter_card":"summary_large_image","twitter_misc":{"Escrito por":"Marcelo Lopes","Est. tempo de leitura":"2 minutos"},"schema":{"@context":"https:\/\/schema.org","@graph":[{"@type":"NewsArticle","@id":"https:\/\/marcelolopes.jor.br\/site\/2022\/06\/27\/carro-roubado-bate-em-dois-veiculos-enquanto-e-perseguido-pela-pm\/#article","isPartOf":{"@id":"https:\/\/marcelolopes.jor.br\/site\/2022\/06\/27\/carro-roubado-bate-em-dois-veiculos-enquanto-e-perseguido-pela-pm\/"},"author":{"name":"Marcelo Lopes","@id":"https:\/\/marcelolopes.jor.br\/site\/#\/schema\/person\/3e7216a35c34d8fdf952b31da3d1f89f"},"headline":"Carro roubado bate em dois ve\u00edculos enquanto \u00e9 perseguido pela PM","datePublished":"2022-06-27T21:59:16+00:00","dateModified":"2022-06-27T21:59:56+00:00","mainEntityOfPage":{"@id":"https:\/\/marcelolopes.jor.br\/site\/2022\/06\/27\/carro-roubado-bate-em-dois-veiculos-enquanto-e-perseguido-pela-pm\/"},"wordCount":393,"commentCount":0,"publisher":{"@id":"https:\/\/marcelolopes.jor.br\/site\/#organization"},"image":{"@id":"https:\/\/marcelolopes.jor.br\/site\/2022\/06\/27\/carro-roubado-bate-em-dois-veiculos-enquanto-e-perseguido-pela-pm\/#primaryimage"},"thumbnailUrl":"https:\/\/marcelolopes.jor.br\/site\/wp-content\/uploads\/2022\/06\/Acidente1.jpg","keywords":["acidente","carro em fuga","carro roubado","persegui\u00e7\u00e3o policial"],"articleSection":["Not\u00edcias"],"inLanguage":"pt-BR","potentialAction":[{"@type":"CommentAction","name":"Comment","target":["https:\/\/marcelolopes.jor.br\/site\/2022\/06\/27\/carro-roubado-bate-em-dois-veiculos-enquanto-e-perseguido-pela-pm\/#respond"]}]},{"@type":"WebPage","@id":"https:\/\/marcelolopes.jor.br\/site\/2022\/06\/27\/carro-roubado-bate-em-dois-veiculos-enquanto-e-perseguido-pela-pm\/","url":"https:\/\/marcelolopes.jor.br\/site\/2022\/06\/27\/carro-roubado-bate-em-dois-veiculos-enquanto-e-perseguido-pela-pm\/","name":"Carro roubado bate em dois ve\u00edculos enquanto \u00e9 perseguido pela PM","isPartOf":{"@id":"https:\/\/marcelolopes.jor.br\/site\/#website"},"primaryImageOfPage":{"@id":"https:\/\/marcelolopes.jor.br\/site\/2022\/06\/27\/carro-roubado-bate-em-dois-veiculos-enquanto-e-perseguido-pela-pm\/#primaryimage"},"image":{"@id":"https:\/\/marcelolopes.jor.br\/site\/2022\/06\/27\/carro-roubado-bate-em-dois-veiculos-enquanto-e-perseguido-pela-pm\/#primaryimage"},"thumbnailUrl":"https:\/\/marcelolopes.jor.br\/site\/wp-content\/uploads\/2022\/06\/Acidente1.jpg","datePublished":"2022-06-27T21:59:16+00:00","dateModified":"2022-06-27T21:59:56+00:00","description":"Carro roubado bate em dois ve\u00edculos enquanto \u00e9 perseguido pela PM. Dois homens foram presos e duas pessoas ficaram feridas.","breadcrumb":{"@id":"https:\/\/marcelolopes.jor.br\/site\/2022\/06\/27\/carro-roubado-bate-em-dois-veiculos-enquanto-e-perseguido-pela-pm\/#breadcrumb"},"inLanguage":"pt-BR","potentialAction":[{"@type":"ReadAction","target":["https:\/\/marcelolopes.jor.br\/site\/2022\/06\/27\/carro-roubado-bate-em-dois-veiculos-enquanto-e-perseguido-pela-pm\/"]}]},{"@type":"ImageObject","inLanguage":"pt-BR","@id":"https:\/\/marcelolopes.jor.br\/site\/2022\/06\/27\/carro-roubado-bate-em-dois-veiculos-enquanto-e-perseguido-pela-pm\/#primaryimage","url":"https:\/\/marcelolopes.jor.br\/site\/wp-content\/uploads\/2022\/06\/Acidente1.jpg","contentUrl":"https:\/\/marcelolopes.jor.br\/site\/wp-content\/uploads\/2022\/06\/Acidente1.jpg","width":800,"height":473,"caption":"Carro roubado bate em"},{"@type":"BreadcrumbList","@id":"https:\/\/marcelolopes.jor.br\/site\/2022\/06\/27\/carro-roubado-bate-em-dois-veiculos-enquanto-e-perseguido-pela-pm\/#breadcrumb","itemListElement":[{"@type":"ListItem","position":1,"name":"Home","item":"https:\/\/marcelolopes.jor.br\/site\/"},{"@type":"ListItem","position":2,"name":"Carro roubado bate em dois ve\u00edculos enquanto \u00e9 perseguido pela PM"}]},{"@type":"WebSite","@id":"https:\/\/marcelolopes.jor.br\/site\/#website","url":"https:\/\/marcelolopes.jor.br\/site\/","name":"Marcelo Lopes","description":"Not\u00edcias de Cataguases e Regi\u00e3o","publisher":{"@id":"https:\/\/marcelolopes.jor.br\/site\/#organization"},"potentialAction":[{"@type":"SearchAction","target":{"@type":"EntryPoint","urlTemplate":"https:\/\/marcelolopes.jor.br\/site\/?s={search_term_string}"},"query-input":{"@type":"PropertyValueSpecification","valueRequired":true,"valueName":"search_term_string"}}],"inLanguage":"pt-BR"},{"@type":"Organization","@id":"https:\/\/marcelolopes.jor.br\/site\/#organization","name":"Site do Marcelo Lopes","url":"https:\/\/marcelolopes.jor.br\/site\/","logo":{"@type":"ImageObject","inLanguage":"pt-BR","@id":"https:\/\/marcelolopes.jor.br\/site\/#\/schema\/logo\/image\/","url":"https:\/\/marcelolopes.jor.br\/site\/wp-content\/uploads\/2024\/11\/logo-1.png","contentUrl":"https:\/\/marcelolopes.jor.br\/site\/wp-content\/uploads\/2024\/11\/logo-1.png","width":475,"height":80,"caption":"Site do Marcelo Lopes"},"image":{"@id":"https:\/\/marcelolopes.jor.br\/site\/#\/schema\/logo\/image\/"},"sameAs":["https:\/\/www.facebook.com\/sitedomarcelolopes","https:\/\/www.instagram.com\/sitedomarcelolopes\/","https:\/\/www.linkedin.com\/company\/site-do-marcelo-lopes\/","https:\/\/www.youtube.com\/user\/marcelolopes957"]},{"@type":"Person","@id":"https:\/\/marcelolopes.jor.br\/site\/#\/schema\/person\/3e7216a35c34d8fdf952b31da3d1f89f","name":"Marcelo Lopes","sameAs":["http:\/\/www.marcelolopes.jor.br"],"url":"https:\/\/marcelolopes.jor.br\/site\/author\/marcelo\/"}]}},"wps_subtitle":"Dois homens foram presos e duas pessoas ficaram feridas na colis\u00e3o.","_links":{"self":[{"href":"https:\/\/marcelolopes.jor.br\/site\/wp-json\/wp\/v2\/posts\/34160","targetHints":{"allow":["GET"]}}],"collection":[{"href":"https:\/\/marcelolopes.jor.br\/site\/wp-json\/wp\/v2\/posts"}],"about":[{"href":"https:\/\/marcelolopes.jor.br\/site\/wp-json\/wp\/v2\/types\/post"}],"author":[{"embeddable":true,"href":"https:\/\/marcelolopes.jor.br\/site\/wp-json\/wp\/v2\/users\/2"}],"replies":[{"embeddable":true,"href":"https:\/\/marcelolopes.jor.br\/site\/wp-json\/wp\/v2\/comments?post=34160"}],"version-history":[{"count":0,"href":"https:\/\/marcelolopes.jor.br\/site\/wp-json\/wp\/v2\/posts\/34160\/revisions"}],"wp:featuredmedia":[{"embeddable":true,"href":"https:\/\/marcelolopes.jor.br\/site\/wp-json\/wp\/v2\/media\/34161"}],"wp:attachment":[{"href":"https:\/\/marcelolopes.jor.br\/site\/wp-json\/wp\/v2\/media?parent=34160"}],"wp:term":[{"taxonomy":"category","embeddable":true,"href":"https:\/\/marcelolopes.jor.br\/site\/wp-json\/wp\/v2\/categories?post=34160"},{"taxonomy":"post_tag","embeddable":true,"href":"https:\/\/marcelolopes.jor.br\/site\/wp-json\/wp\/v2\/tags?post=34160"}],"curies":[{"name":"wp","href":"https:\/\/api.w.org\/{rel}","templated":true}]}}