{"id":34121,"date":"2022-06-25T20:00:17","date_gmt":"2022-06-25T23:00:17","guid":{"rendered":"https:\/\/marcelolopes.jor.br\/?p=34121"},"modified":"2022-06-25T21:55:51","modified_gmt":"2022-06-26T00:55:51","slug":"associacao-de-mulheres-rurais-inaugura-foodtruck","status":"publish","type":"post","link":"https:\/\/marcelolopes.jor.br\/site\/2022\/06\/25\/associacao-de-mulheres-rurais-inaugura-foodtruck\/","title":{"rendered":"Associa\u00e7\u00e3o de Mulheres Rurais inaugura foodtruck"},"content":{"rendered":"<p style=\"text-align: justify;\">A Associa\u00e7\u00e3o de Mulheres Rurais de Cataguases inaugurou no final da tarde deste s\u00e1bado, 25 de junho, em Sereno, distrito de Cataguases, o seu foodtruck &#8220;Quitandas Sobre Rodas&#8221;, realizando assim, um sonho antigo daquela entidade. A iniciativa junta-se \u00e0 Cantina Rural, em funcionamento no Mercado do Produtor, e \u00e0 Cozinha Industrial, que aguarda apenas alguns detalhes para come\u00e7ar a funcionar tamb\u00e9m naquele distrito. O diretor da Emater-MG em Cataguases, Celso de Oliveira, e o vereador Vin\u00edcius Machado, participaram do evento.<!--more--><\/p>\n<p style=\"text-align: justify;\"><img loading=\"lazy\" decoding=\"async\" class=\"aligncenter wp-image-34122\" src=\"https:\/\/marcelolopes.jor.br\/site\/wp-content\/uploads\/2022\/06\/5368D03D-9F85-41B5-A217-CFA0F687F425-300x169.jpeg\" alt=\"Associa\u00e7\u00e3o de Mulheres Rurais\" width=\"700\" height=\"394\" srcset=\"https:\/\/marcelolopes.jor.br\/site\/wp-content\/uploads\/2022\/06\/5368D03D-9F85-41B5-A217-CFA0F687F425-300x169.jpeg 300w, https:\/\/marcelolopes.jor.br\/site\/wp-content\/uploads\/2022\/06\/5368D03D-9F85-41B5-A217-CFA0F687F425-1024x576.jpeg 1024w, https:\/\/marcelolopes.jor.br\/site\/wp-content\/uploads\/2022\/06\/5368D03D-9F85-41B5-A217-CFA0F687F425-768x432.jpeg 768w, https:\/\/marcelolopes.jor.br\/site\/wp-content\/uploads\/2022\/06\/5368D03D-9F85-41B5-A217-CFA0F687F425-1536x864.jpeg 1536w, https:\/\/marcelolopes.jor.br\/site\/wp-content\/uploads\/2022\/06\/5368D03D-9F85-41B5-A217-CFA0F687F425-2048x1152.jpeg 2048w, https:\/\/marcelolopes.jor.br\/site\/wp-content\/uploads\/2022\/06\/5368D03D-9F85-41B5-A217-CFA0F687F425-1200x675.jpeg 1200w\" sizes=\"auto, (max-width: 700px) 100vw, 700px\" \/>Conforme informou Oneide Aparecida Ferreira, que trabalha na Emater-MG, junto a Associa\u00e7\u00e3o de Mulheres Rurais, e elaborou o projeto envolvendo o foodtruck, a cantina (que come\u00e7ou a funcionarem 2020) e a cozinha industrial, a partir dos anseios daquela entidade, revelou. &#8220;O foodtruck demorou a se tornar realidade, mesmo depois de termos conseguido os recursos junto a Funda\u00e7\u00e3o Banco do Brasil&#8221;, contou. A Associa\u00e7\u00e3o, explicou Oneide, ap\u00f3s comprar o ve\u00edculo, &#8220;o enviou a S\u00e3o Paulo para ser adaptado e ainda enfrentou problemas legais para sua libera\u00e7\u00e3o.&#8221;<\/p>\n<p style=\"text-align: justify;\">A Cozinha Industrial vai funcionar em um im\u00f3vel tamb\u00e9m situado em Sereno, que foi escolhido por ter o espa\u00e7o que a Associa\u00e7\u00e3o de Mulheres Rurais necessita, aliado \u00e0 facilidade de escoamento da produ\u00e7\u00e3o, j\u00e1 que aquele distrito \u00e9 servido por estrada asfaltada, disse a extensionistas da Emater. Enquanto isso a Cantina no Mercado do Produtor segue comercializando diversos produtos e fazendo sucesso com a feijoada, servida aos s\u00e1bados, a partir das 11 horas, acrescenta Oneide.<\/p>\n<p style=\"text-align: justify;\">O Foodtruck, agora inaugurado, vai vender a produ\u00e7\u00e3o das Mulheres Rurais, como salgados (pastel tradicional e o de angu), bolos, biscoitos, e quitandas em geral podendo tamb\u00e9m comercializar outros produtos, de acordo com a necessidade do mercado, &#8220;sempre buscando preservar e resgatar a culin\u00e1ria da regi\u00e3o, com produtos de qualidade&#8221;, destaca Oneide. O ve\u00edculo, inicialmente, vai circular pela cidade, mas dever\u00e1 se fixar pr\u00f3ximo ao F\u00f3rum de Cataguases.<\/p>\n<p><img loading=\"lazy\" decoding=\"async\" class=\"aligncenter wp-image-34124\" src=\"https:\/\/marcelolopes.jor.br\/site\/wp-content\/uploads\/2022\/06\/B60BB2BE-BC71-40B6-AB63-2706FAA7D91A-300x169.jpeg\" alt=\"Associa\u00e7\u00e3o de Mulheres Rurais \" width=\"700\" height=\"394\" srcset=\"https:\/\/marcelolopes.jor.br\/site\/wp-content\/uploads\/2022\/06\/B60BB2BE-BC71-40B6-AB63-2706FAA7D91A-300x169.jpeg 300w, https:\/\/marcelolopes.jor.br\/site\/wp-content\/uploads\/2022\/06\/B60BB2BE-BC71-40B6-AB63-2706FAA7D91A-1024x576.jpeg 1024w, https:\/\/marcelolopes.jor.br\/site\/wp-content\/uploads\/2022\/06\/B60BB2BE-BC71-40B6-AB63-2706FAA7D91A-768x432.jpeg 768w, https:\/\/marcelolopes.jor.br\/site\/wp-content\/uploads\/2022\/06\/B60BB2BE-BC71-40B6-AB63-2706FAA7D91A-1536x864.jpeg 1536w, https:\/\/marcelolopes.jor.br\/site\/wp-content\/uploads\/2022\/06\/B60BB2BE-BC71-40B6-AB63-2706FAA7D91A-2048x1152.jpeg 2048w, https:\/\/marcelolopes.jor.br\/site\/wp-content\/uploads\/2022\/06\/B60BB2BE-BC71-40B6-AB63-2706FAA7D91A-1200x675.jpeg 1200w\" sizes=\"auto, (max-width: 700px) 100vw, 700px\" \/><\/p>\n<p><b><img loading=\"lazy\" decoding=\"async\" class=\"aligncenter wp-image-34125\" src=\"https:\/\/marcelolopes.jor.br\/site\/wp-content\/uploads\/2022\/06\/08E3563B-9E0D-4642-ABE9-D757D6BB0CEA-300x169.jpeg\" alt=\"\" width=\"700\" height=\"394\" srcset=\"https:\/\/marcelolopes.jor.br\/site\/wp-content\/uploads\/2022\/06\/08E3563B-9E0D-4642-ABE9-D757D6BB0CEA-300x169.jpeg 300w, https:\/\/marcelolopes.jor.br\/site\/wp-content\/uploads\/2022\/06\/08E3563B-9E0D-4642-ABE9-D757D6BB0CEA-1024x576.jpeg 1024w, https:\/\/marcelolopes.jor.br\/site\/wp-content\/uploads\/2022\/06\/08E3563B-9E0D-4642-ABE9-D757D6BB0CEA-768x432.jpeg 768w, https:\/\/marcelolopes.jor.br\/site\/wp-content\/uploads\/2022\/06\/08E3563B-9E0D-4642-ABE9-D757D6BB0CEA-1536x864.jpeg 1536w, https:\/\/marcelolopes.jor.br\/site\/wp-content\/uploads\/2022\/06\/08E3563B-9E0D-4642-ABE9-D757D6BB0CEA-2048x1152.jpeg 2048w, https:\/\/marcelolopes.jor.br\/site\/wp-content\/uploads\/2022\/06\/08E3563B-9E0D-4642-ABE9-D757D6BB0CEA-1200x675.jpeg 1200w\" sizes=\"auto, (max-width: 700px) 100vw, 700px\" \/>LEIA TAMB\u00c9M<\/b><br \/>\n<a href=\"https:\/\/marcelolopes.jor.br\/2021\/11\/10\/comerciantes-do-mercado-do-produtor-participam-de-capacitacao\/\"><strong><span style=\"color: #800000;\">Comerciantes do Mercado do Produtor participam de capacita\u00e7\u00e3o<\/span><\/strong><\/a><\/p>\n<div class=\"ihlpb69f5db4e48997\" ><br><\/div><style type=\"text\/css\">\r\n@media screen and (min-width: 1201px) {\r\n.ihlpb69f5db4e48997 {\r\ndisplay: block;\r\n}\r\n}\r\n@media screen and (min-width: 993px) and (max-width: 1200px) {\r\n.ihlpb69f5db4e48997 {\r\ndisplay: block;\r\n}\r\n}\r\n@media screen and (min-width: 769px) and (max-width: 992px) {\r\n.ihlpb69f5db4e48997 {\r\ndisplay: block;\r\n}\r\n}\r\n@media screen and (min-width: 768px) and (max-width: 768px) {\r\n.ihlpb69f5db4e48997 {\r\ndisplay: block;\r\n}\r\n}\r\n@media screen and (max-width: 767px) {\r\n.ihlpb69f5db4e48997 {\r\ndisplay: block;\r\n}\r\n}\r\n<\/style>\r\n<div class=\"tavko69f5db4e4ec91\" ><div id=\"div_destino\"><\/div>\r\n<script src=\"https:\/\/cdn.snsrsv.com\/sdk.js\"><\/script>\r\n<script >\r\n      new sdk(\"464030C30061EA8BE065000000000001\") \r\n          .appendTo(\"div_destino\")\r\n          .disableStyle(true) \r\n          .setCacheBusterMacro(\"%%CACHEBUSTER%%\")\r\n          .setSize(\"800\",\"214\")\r\n          .setClickMacro(\"%%CLICK_URL_ESC%%\") \r\n          .setReferrerUrlMacro(\"%%REFERRER_URL_ESC%%\") \r\n          .start(); \r\n<\/script><\/div><style type=\"text\/css\">\r\n@media screen and (min-width: 1201px) {\r\n.tavko69f5db4e4ec91 {\r\ndisplay: block;\r\n}\r\n}\r\n@media screen and (min-width: 993px) and (max-width: 1200px) {\r\n.tavko69f5db4e4ec91 {\r\ndisplay: block;\r\n}\r\n}\r\n@media screen and (min-width: 769px) and (max-width: 992px) {\r\n.tavko69f5db4e4ec91 {\r\ndisplay: block;\r\n}\r\n}\r\n@media screen and (min-width: 768px) and (max-width: 768px) {\r\n.tavko69f5db4e4ec91 {\r\ndisplay: block;\r\n}\r\n}\r\n@media screen and (max-width: 767px) {\r\n.tavko69f5db4e4ec91 {\r\ndisplay: block;\r\n}\r\n}\r\n<\/style>\r\n","protected":false},"excerpt":{"rendered":"<p>A Associa\u00e7\u00e3o de Mulheres Rurais de Cataguases inaugurou no final da tarde deste s\u00e1bado, 25 de junho, em Sereno, distrito de Cataguases, o seu foodtruck &#8220;Quitandas Sobre Rodas&#8221;, realizando assim, um sonho antigo daquela entidade. A iniciativa junta-se \u00e0 Cantina<\/p>\n<p class=\"link-more\"><a class=\"more-link\" href=\"https:\/\/marcelolopes.jor.br\/site\/2022\/06\/25\/associacao-de-mulheres-rurais-inaugura-foodtruck\/\">Leia mais <span class=\"screen-reader-text\">Associa\u00e7\u00e3o de Mulheres Rurais inaugura foodtruck<\/span><\/a><\/p>\n","protected":false},"author":2,"featured_media":34123,"comment_status":"open","ping_status":"open","sticky":false,"template":"","format":"standard","meta":{"footnotes":""},"categories":[1],"tags":[416,6197,6196,85],"class_list":["post-34121","post","type-post","status-publish","format-standard","has-post-thumbnail","hentry","category-noticias","tag-emater-mg","tag-foodtruck","tag-mulheres-rurais","tag-sereno","thumb-below-title"],"yoast_head":"<!-- This site is optimized with the Yoast SEO plugin v27.4 - https:\/\/yoast.com\/product\/yoast-seo-wordpress\/ -->\n<title>Associa\u00e7\u00e3o de Mulheres Rurais inaugura foodtruck | Marcelo Lopes<\/title>\n<meta name=\"description\" content=\"Associa\u00e7\u00e3o de Mulheres Rurais inaugura foodtruck. Ve\u00edculo vai comercializar os produtos por elas produzidos.\" \/>\n<meta name=\"robots\" content=\"index, follow, max-snippet:-1, max-image-preview:large, max-video-preview:-1\" \/>\n<link rel=\"canonical\" href=\"https:\/\/marcelolopes.jor.br\/site\/2022\/06\/25\/associacao-de-mulheres-rurais-inaugura-foodtruck\/\" \/>\n<meta property=\"og:locale\" content=\"pt_BR\" \/>\n<meta property=\"og:type\" content=\"article\" \/>\n<meta property=\"og:title\" content=\"Associa\u00e7\u00e3o de Mulheres Rurais inaugura foodtruck | Marcelo Lopes\" \/>\n<meta property=\"og:description\" content=\"Associa\u00e7\u00e3o de Mulheres Rurais inaugura foodtruck. Ve\u00edculo vai comercializar os produtos por elas produzidos.\" \/>\n<meta property=\"og:url\" content=\"https:\/\/marcelolopes.jor.br\/site\/2022\/06\/25\/associacao-de-mulheres-rurais-inaugura-foodtruck\/\" \/>\n<meta property=\"og:site_name\" content=\"Marcelo Lopes\" \/>\n<meta property=\"article:publisher\" content=\"https:\/\/www.facebook.com\/sitedomarcelolopes\" \/>\n<meta property=\"article:published_time\" content=\"2022-06-25T23:00:17+00:00\" \/>\n<meta property=\"article:modified_time\" content=\"2022-06-26T00:55:51+00:00\" \/>\n<meta property=\"og:image\" content=\"https:\/\/marcelolopes.jor.br\/site\/wp-content\/uploads\/2022\/06\/EE1A6C86-9AAC-4B8C-9A28-E20750BA6332-scaled.jpeg\" \/>\n\t<meta property=\"og:image:width\" content=\"2560\" \/>\n\t<meta property=\"og:image:height\" content=\"1440\" \/>\n\t<meta property=\"og:image:type\" content=\"image\/jpeg\" \/>\n<meta name=\"author\" content=\"Marcelo Lopes\" \/>\n<meta name=\"twitter:card\" content=\"summary_large_image\" \/>\n<meta name=\"twitter:label1\" content=\"Escrito por\" \/>\n\t<meta name=\"twitter:data1\" content=\"Marcelo Lopes\" \/>\n\t<meta name=\"twitter:label2\" content=\"Est. tempo de leitura\" \/>\n\t<meta name=\"twitter:data2\" content=\"2 minutos\" \/>\n<script type=\"application\/ld+json\" class=\"yoast-schema-graph\">{\"@context\":\"https:\\\/\\\/schema.org\",\"@graph\":[{\"@type\":\"NewsArticle\",\"@id\":\"https:\\\/\\\/marcelolopes.jor.br\\\/site\\\/2022\\\/06\\\/25\\\/associacao-de-mulheres-rurais-inaugura-foodtruck\\\/#article\",\"isPartOf\":{\"@id\":\"https:\\\/\\\/marcelolopes.jor.br\\\/site\\\/2022\\\/06\\\/25\\\/associacao-de-mulheres-rurais-inaugura-foodtruck\\\/\"},\"author\":{\"name\":\"Marcelo Lopes\",\"@id\":\"https:\\\/\\\/marcelolopes.jor.br\\\/site\\\/#\\\/schema\\\/person\\\/3e7216a35c34d8fdf952b31da3d1f89f\"},\"headline\":\"Associa\u00e7\u00e3o de Mulheres Rurais inaugura foodtruck\",\"datePublished\":\"2022-06-25T23:00:17+00:00\",\"dateModified\":\"2022-06-26T00:55:51+00:00\",\"mainEntityOfPage\":{\"@id\":\"https:\\\/\\\/marcelolopes.jor.br\\\/site\\\/2022\\\/06\\\/25\\\/associacao-de-mulheres-rurais-inaugura-foodtruck\\\/\"},\"wordCount\":346,\"commentCount\":0,\"publisher\":{\"@id\":\"https:\\\/\\\/marcelolopes.jor.br\\\/site\\\/#organization\"},\"image\":{\"@id\":\"https:\\\/\\\/marcelolopes.jor.br\\\/site\\\/2022\\\/06\\\/25\\\/associacao-de-mulheres-rurais-inaugura-foodtruck\\\/#primaryimage\"},\"thumbnailUrl\":\"https:\\\/\\\/marcelolopes.jor.br\\\/site\\\/wp-content\\\/uploads\\\/2022\\\/06\\\/EE1A6C86-9AAC-4B8C-9A28-E20750BA6332-scaled.jpeg\",\"keywords\":[\"Emater-MG\",\"foodtruck\",\"Mulheres rurais\",\"Sereno\"],\"articleSection\":[\"Not\u00edcias\"],\"inLanguage\":\"pt-BR\",\"potentialAction\":[{\"@type\":\"CommentAction\",\"name\":\"Comment\",\"target\":[\"https:\\\/\\\/marcelolopes.jor.br\\\/site\\\/2022\\\/06\\\/25\\\/associacao-de-mulheres-rurais-inaugura-foodtruck\\\/#respond\"]}]},{\"@type\":\"WebPage\",\"@id\":\"https:\\\/\\\/marcelolopes.jor.br\\\/site\\\/2022\\\/06\\\/25\\\/associacao-de-mulheres-rurais-inaugura-foodtruck\\\/\",\"url\":\"https:\\\/\\\/marcelolopes.jor.br\\\/site\\\/2022\\\/06\\\/25\\\/associacao-de-mulheres-rurais-inaugura-foodtruck\\\/\",\"name\":\"Associa\u00e7\u00e3o de Mulheres Rurais inaugura foodtruck | Marcelo Lopes\",\"isPartOf\":{\"@id\":\"https:\\\/\\\/marcelolopes.jor.br\\\/site\\\/#website\"},\"primaryImageOfPage\":{\"@id\":\"https:\\\/\\\/marcelolopes.jor.br\\\/site\\\/2022\\\/06\\\/25\\\/associacao-de-mulheres-rurais-inaugura-foodtruck\\\/#primaryimage\"},\"image\":{\"@id\":\"https:\\\/\\\/marcelolopes.jor.br\\\/site\\\/2022\\\/06\\\/25\\\/associacao-de-mulheres-rurais-inaugura-foodtruck\\\/#primaryimage\"},\"thumbnailUrl\":\"https:\\\/\\\/marcelolopes.jor.br\\\/site\\\/wp-content\\\/uploads\\\/2022\\\/06\\\/EE1A6C86-9AAC-4B8C-9A28-E20750BA6332-scaled.jpeg\",\"datePublished\":\"2022-06-25T23:00:17+00:00\",\"dateModified\":\"2022-06-26T00:55:51+00:00\",\"description\":\"Associa\u00e7\u00e3o de Mulheres Rurais inaugura foodtruck. Ve\u00edculo vai comercializar os produtos por elas produzidos.\",\"breadcrumb\":{\"@id\":\"https:\\\/\\\/marcelolopes.jor.br\\\/site\\\/2022\\\/06\\\/25\\\/associacao-de-mulheres-rurais-inaugura-foodtruck\\\/#breadcrumb\"},\"inLanguage\":\"pt-BR\",\"potentialAction\":[{\"@type\":\"ReadAction\",\"target\":[\"https:\\\/\\\/marcelolopes.jor.br\\\/site\\\/2022\\\/06\\\/25\\\/associacao-de-mulheres-rurais-inaugura-foodtruck\\\/\"]}]},{\"@type\":\"ImageObject\",\"inLanguage\":\"pt-BR\",\"@id\":\"https:\\\/\\\/marcelolopes.jor.br\\\/site\\\/2022\\\/06\\\/25\\\/associacao-de-mulheres-rurais-inaugura-foodtruck\\\/#primaryimage\",\"url\":\"https:\\\/\\\/marcelolopes.jor.br\\\/site\\\/wp-content\\\/uploads\\\/2022\\\/06\\\/EE1A6C86-9AAC-4B8C-9A28-E20750BA6332-scaled.jpeg\",\"contentUrl\":\"https:\\\/\\\/marcelolopes.jor.br\\\/site\\\/wp-content\\\/uploads\\\/2022\\\/06\\\/EE1A6C86-9AAC-4B8C-9A28-E20750BA6332-scaled.jpeg\",\"width\":2560,\"height\":1440},{\"@type\":\"BreadcrumbList\",\"@id\":\"https:\\\/\\\/marcelolopes.jor.br\\\/site\\\/2022\\\/06\\\/25\\\/associacao-de-mulheres-rurais-inaugura-foodtruck\\\/#breadcrumb\",\"itemListElement\":[{\"@type\":\"ListItem\",\"position\":1,\"name\":\"Home\",\"item\":\"https:\\\/\\\/marcelolopes.jor.br\\\/site\\\/\"},{\"@type\":\"ListItem\",\"position\":2,\"name\":\"Associa\u00e7\u00e3o de Mulheres Rurais inaugura foodtruck\"}]},{\"@type\":\"WebSite\",\"@id\":\"https:\\\/\\\/marcelolopes.jor.br\\\/site\\\/#website\",\"url\":\"https:\\\/\\\/marcelolopes.jor.br\\\/site\\\/\",\"name\":\"Marcelo Lopes\",\"description\":\"Not\u00edcias de Cataguases e Regi\u00e3o\",\"publisher\":{\"@id\":\"https:\\\/\\\/marcelolopes.jor.br\\\/site\\\/#organization\"},\"potentialAction\":[{\"@type\":\"SearchAction\",\"target\":{\"@type\":\"EntryPoint\",\"urlTemplate\":\"https:\\\/\\\/marcelolopes.jor.br\\\/site\\\/?s={search_term_string}\"},\"query-input\":{\"@type\":\"PropertyValueSpecification\",\"valueRequired\":true,\"valueName\":\"search_term_string\"}}],\"inLanguage\":\"pt-BR\"},{\"@type\":\"Organization\",\"@id\":\"https:\\\/\\\/marcelolopes.jor.br\\\/site\\\/#organization\",\"name\":\"Site do Marcelo Lopes\",\"url\":\"https:\\\/\\\/marcelolopes.jor.br\\\/site\\\/\",\"logo\":{\"@type\":\"ImageObject\",\"inLanguage\":\"pt-BR\",\"@id\":\"https:\\\/\\\/marcelolopes.jor.br\\\/site\\\/#\\\/schema\\\/logo\\\/image\\\/\",\"url\":\"https:\\\/\\\/marcelolopes.jor.br\\\/site\\\/wp-content\\\/uploads\\\/2024\\\/11\\\/logo-1.png\",\"contentUrl\":\"https:\\\/\\\/marcelolopes.jor.br\\\/site\\\/wp-content\\\/uploads\\\/2024\\\/11\\\/logo-1.png\",\"width\":475,\"height\":80,\"caption\":\"Site do Marcelo Lopes\"},\"image\":{\"@id\":\"https:\\\/\\\/marcelolopes.jor.br\\\/site\\\/#\\\/schema\\\/logo\\\/image\\\/\"},\"sameAs\":[\"https:\\\/\\\/www.facebook.com\\\/sitedomarcelolopes\",\"https:\\\/\\\/www.instagram.com\\\/sitedomarcelolopes\\\/\",\"https:\\\/\\\/www.linkedin.com\\\/company\\\/site-do-marcelo-lopes\\\/\",\"https:\\\/\\\/www.youtube.com\\\/user\\\/marcelolopes957\"]},{\"@type\":\"Person\",\"@id\":\"https:\\\/\\\/marcelolopes.jor.br\\\/site\\\/#\\\/schema\\\/person\\\/3e7216a35c34d8fdf952b31da3d1f89f\",\"name\":\"Marcelo Lopes\",\"sameAs\":[\"http:\\\/\\\/www.marcelolopes.jor.br\"],\"url\":\"https:\\\/\\\/marcelolopes.jor.br\\\/site\\\/author\\\/marcelo\\\/\"}]}<\/script>\n<!-- \/ Yoast SEO plugin. -->","yoast_head_json":{"title":"Associa\u00e7\u00e3o de Mulheres Rurais inaugura foodtruck | Marcelo Lopes","description":"Associa\u00e7\u00e3o de Mulheres Rurais inaugura foodtruck. Ve\u00edculo vai comercializar os produtos por elas produzidos.","robots":{"index":"index","follow":"follow","max-snippet":"max-snippet:-1","max-image-preview":"max-image-preview:large","max-video-preview":"max-video-preview:-1"},"canonical":"https:\/\/marcelolopes.jor.br\/site\/2022\/06\/25\/associacao-de-mulheres-rurais-inaugura-foodtruck\/","og_locale":"pt_BR","og_type":"article","og_title":"Associa\u00e7\u00e3o de Mulheres Rurais inaugura foodtruck | Marcelo Lopes","og_description":"Associa\u00e7\u00e3o de Mulheres Rurais inaugura foodtruck. Ve\u00edculo vai comercializar os produtos por elas produzidos.","og_url":"https:\/\/marcelolopes.jor.br\/site\/2022\/06\/25\/associacao-de-mulheres-rurais-inaugura-foodtruck\/","og_site_name":"Marcelo Lopes","article_publisher":"https:\/\/www.facebook.com\/sitedomarcelolopes","article_published_time":"2022-06-25T23:00:17+00:00","article_modified_time":"2022-06-26T00:55:51+00:00","og_image":[{"width":2560,"height":1440,"url":"https:\/\/marcelolopes.jor.br\/site\/wp-content\/uploads\/2022\/06\/EE1A6C86-9AAC-4B8C-9A28-E20750BA6332-scaled.jpeg","type":"image\/jpeg"}],"author":"Marcelo Lopes","twitter_card":"summary_large_image","twitter_misc":{"Escrito por":"Marcelo Lopes","Est. tempo de leitura":"2 minutos"},"schema":{"@context":"https:\/\/schema.org","@graph":[{"@type":"NewsArticle","@id":"https:\/\/marcelolopes.jor.br\/site\/2022\/06\/25\/associacao-de-mulheres-rurais-inaugura-foodtruck\/#article","isPartOf":{"@id":"https:\/\/marcelolopes.jor.br\/site\/2022\/06\/25\/associacao-de-mulheres-rurais-inaugura-foodtruck\/"},"author":{"name":"Marcelo Lopes","@id":"https:\/\/marcelolopes.jor.br\/site\/#\/schema\/person\/3e7216a35c34d8fdf952b31da3d1f89f"},"headline":"Associa\u00e7\u00e3o de Mulheres Rurais inaugura foodtruck","datePublished":"2022-06-25T23:00:17+00:00","dateModified":"2022-06-26T00:55:51+00:00","mainEntityOfPage":{"@id":"https:\/\/marcelolopes.jor.br\/site\/2022\/06\/25\/associacao-de-mulheres-rurais-inaugura-foodtruck\/"},"wordCount":346,"commentCount":0,"publisher":{"@id":"https:\/\/marcelolopes.jor.br\/site\/#organization"},"image":{"@id":"https:\/\/marcelolopes.jor.br\/site\/2022\/06\/25\/associacao-de-mulheres-rurais-inaugura-foodtruck\/#primaryimage"},"thumbnailUrl":"https:\/\/marcelolopes.jor.br\/site\/wp-content\/uploads\/2022\/06\/EE1A6C86-9AAC-4B8C-9A28-E20750BA6332-scaled.jpeg","keywords":["Emater-MG","foodtruck","Mulheres rurais","Sereno"],"articleSection":["Not\u00edcias"],"inLanguage":"pt-BR","potentialAction":[{"@type":"CommentAction","name":"Comment","target":["https:\/\/marcelolopes.jor.br\/site\/2022\/06\/25\/associacao-de-mulheres-rurais-inaugura-foodtruck\/#respond"]}]},{"@type":"WebPage","@id":"https:\/\/marcelolopes.jor.br\/site\/2022\/06\/25\/associacao-de-mulheres-rurais-inaugura-foodtruck\/","url":"https:\/\/marcelolopes.jor.br\/site\/2022\/06\/25\/associacao-de-mulheres-rurais-inaugura-foodtruck\/","name":"Associa\u00e7\u00e3o de Mulheres Rurais inaugura foodtruck | Marcelo Lopes","isPartOf":{"@id":"https:\/\/marcelolopes.jor.br\/site\/#website"},"primaryImageOfPage":{"@id":"https:\/\/marcelolopes.jor.br\/site\/2022\/06\/25\/associacao-de-mulheres-rurais-inaugura-foodtruck\/#primaryimage"},"image":{"@id":"https:\/\/marcelolopes.jor.br\/site\/2022\/06\/25\/associacao-de-mulheres-rurais-inaugura-foodtruck\/#primaryimage"},"thumbnailUrl":"https:\/\/marcelolopes.jor.br\/site\/wp-content\/uploads\/2022\/06\/EE1A6C86-9AAC-4B8C-9A28-E20750BA6332-scaled.jpeg","datePublished":"2022-06-25T23:00:17+00:00","dateModified":"2022-06-26T00:55:51+00:00","description":"Associa\u00e7\u00e3o de Mulheres Rurais inaugura foodtruck. Ve\u00edculo vai comercializar os produtos por elas produzidos.","breadcrumb":{"@id":"https:\/\/marcelolopes.jor.br\/site\/2022\/06\/25\/associacao-de-mulheres-rurais-inaugura-foodtruck\/#breadcrumb"},"inLanguage":"pt-BR","potentialAction":[{"@type":"ReadAction","target":["https:\/\/marcelolopes.jor.br\/site\/2022\/06\/25\/associacao-de-mulheres-rurais-inaugura-foodtruck\/"]}]},{"@type":"ImageObject","inLanguage":"pt-BR","@id":"https:\/\/marcelolopes.jor.br\/site\/2022\/06\/25\/associacao-de-mulheres-rurais-inaugura-foodtruck\/#primaryimage","url":"https:\/\/marcelolopes.jor.br\/site\/wp-content\/uploads\/2022\/06\/EE1A6C86-9AAC-4B8C-9A28-E20750BA6332-scaled.jpeg","contentUrl":"https:\/\/marcelolopes.jor.br\/site\/wp-content\/uploads\/2022\/06\/EE1A6C86-9AAC-4B8C-9A28-E20750BA6332-scaled.jpeg","width":2560,"height":1440},{"@type":"BreadcrumbList","@id":"https:\/\/marcelolopes.jor.br\/site\/2022\/06\/25\/associacao-de-mulheres-rurais-inaugura-foodtruck\/#breadcrumb","itemListElement":[{"@type":"ListItem","position":1,"name":"Home","item":"https:\/\/marcelolopes.jor.br\/site\/"},{"@type":"ListItem","position":2,"name":"Associa\u00e7\u00e3o de Mulheres Rurais inaugura foodtruck"}]},{"@type":"WebSite","@id":"https:\/\/marcelolopes.jor.br\/site\/#website","url":"https:\/\/marcelolopes.jor.br\/site\/","name":"Marcelo Lopes","description":"Not\u00edcias de Cataguases e Regi\u00e3o","publisher":{"@id":"https:\/\/marcelolopes.jor.br\/site\/#organization"},"potentialAction":[{"@type":"SearchAction","target":{"@type":"EntryPoint","urlTemplate":"https:\/\/marcelolopes.jor.br\/site\/?s={search_term_string}"},"query-input":{"@type":"PropertyValueSpecification","valueRequired":true,"valueName":"search_term_string"}}],"inLanguage":"pt-BR"},{"@type":"Organization","@id":"https:\/\/marcelolopes.jor.br\/site\/#organization","name":"Site do Marcelo Lopes","url":"https:\/\/marcelolopes.jor.br\/site\/","logo":{"@type":"ImageObject","inLanguage":"pt-BR","@id":"https:\/\/marcelolopes.jor.br\/site\/#\/schema\/logo\/image\/","url":"https:\/\/marcelolopes.jor.br\/site\/wp-content\/uploads\/2024\/11\/logo-1.png","contentUrl":"https:\/\/marcelolopes.jor.br\/site\/wp-content\/uploads\/2024\/11\/logo-1.png","width":475,"height":80,"caption":"Site do Marcelo Lopes"},"image":{"@id":"https:\/\/marcelolopes.jor.br\/site\/#\/schema\/logo\/image\/"},"sameAs":["https:\/\/www.facebook.com\/sitedomarcelolopes","https:\/\/www.instagram.com\/sitedomarcelolopes\/","https:\/\/www.linkedin.com\/company\/site-do-marcelo-lopes\/","https:\/\/www.youtube.com\/user\/marcelolopes957"]},{"@type":"Person","@id":"https:\/\/marcelolopes.jor.br\/site\/#\/schema\/person\/3e7216a35c34d8fdf952b31da3d1f89f","name":"Marcelo Lopes","sameAs":["http:\/\/www.marcelolopes.jor.br"],"url":"https:\/\/marcelolopes.jor.br\/site\/author\/marcelo\/"}]}},"wps_subtitle":"Ve\u00edculo vai comercializar os produtos por elas produzidos.","_links":{"self":[{"href":"https:\/\/marcelolopes.jor.br\/site\/wp-json\/wp\/v2\/posts\/34121","targetHints":{"allow":["GET"]}}],"collection":[{"href":"https:\/\/marcelolopes.jor.br\/site\/wp-json\/wp\/v2\/posts"}],"about":[{"href":"https:\/\/marcelolopes.jor.br\/site\/wp-json\/wp\/v2\/types\/post"}],"author":[{"embeddable":true,"href":"https:\/\/marcelolopes.jor.br\/site\/wp-json\/wp\/v2\/users\/2"}],"replies":[{"embeddable":true,"href":"https:\/\/marcelolopes.jor.br\/site\/wp-json\/wp\/v2\/comments?post=34121"}],"version-history":[{"count":0,"href":"https:\/\/marcelolopes.jor.br\/site\/wp-json\/wp\/v2\/posts\/34121\/revisions"}],"wp:featuredmedia":[{"embeddable":true,"href":"https:\/\/marcelolopes.jor.br\/site\/wp-json\/wp\/v2\/media\/34123"}],"wp:attachment":[{"href":"https:\/\/marcelolopes.jor.br\/site\/wp-json\/wp\/v2\/media?parent=34121"}],"wp:term":[{"taxonomy":"category","embeddable":true,"href":"https:\/\/marcelolopes.jor.br\/site\/wp-json\/wp\/v2\/categories?post=34121"},{"taxonomy":"post_tag","embeddable":true,"href":"https:\/\/marcelolopes.jor.br\/site\/wp-json\/wp\/v2\/tags?post=34121"}],"curies":[{"name":"wp","href":"https:\/\/api.w.org\/{rel}","templated":true}]}}