{"id":34062,"date":"2022-06-23T21:00:39","date_gmt":"2022-06-24T00:00:39","guid":{"rendered":"https:\/\/marcelolopes.jor.br\/?p=34062"},"modified":"2022-06-23T18:17:40","modified_gmt":"2022-06-23T21:17:40","slug":"leopoldina-contrata-professores-para-atender-alunos-com-necessidades-especiais","status":"publish","type":"post","link":"https:\/\/marcelolopes.jor.br\/site\/2022\/06\/23\/leopoldina-contrata-professores-para-atender-alunos-com-necessidades-especiais\/","title":{"rendered":"Leopoldina contrata professores para atender alunos com necessidades especiais"},"content":{"rendered":"<p style=\"text-align: justify;\">A Prefeitura de Leopoldina anunciou no \u00faltimo dia 22 de junho, a contrata\u00e7\u00e3o de 35 professores licenciados em Educa\u00e7\u00e3o Especial que v\u00e3o atender alunos com necessidades especiais da Rede Municipal de Ensino. O prefeito Pedro Augusto Junqueira Ferraz e sua esposa, M\u00e1rcia Ananias Junqueira Ferraz, esteve na sede da Secretaria Municipal de Educa\u00e7\u00e3o, participando do primeiro encontro realizado com os profissionais.<!--more--><br \/>\n&#8220;Vamos oferecer um ensino de qualidade para todos com a\u00e7\u00f5es inclusivas para nossos alunos. Com a chegada dos professores da educa\u00e7\u00e3o especial vamos aproximar os alunos, de forma que aprendam a lidar com o diferente exercendo empatia e esp\u00edrito de colabora\u00e7\u00e3o&#8221;, destacou o prefeito. De acordo com a Secretaria de Educa\u00e7\u00e3o, a Rede Municipal de Ensino tem atualmente 72 crian\u00e7as com necessidades educacionais espec\u00edficas. O objetivo \u00e9 atender toda a demanda da cidade.<\/p>\n<p style=\"text-align: justify;\">&#8211; Demos um passo significativo para atender a Lei Brasileira de Inclus\u00e3o. Com a iniciativa estamos seguindo em passos largos para tornar a cidade um modelo regional no quesito qualidade de ensino atrelado \u00e0 inclus\u00e3o. Leopoldina vai garantir e oferecer forma\u00e7\u00e3o b\u00e1sica de qualidade amplamente&#8221;, pontuou a psicopedagoga Elo\u00edsa Fialho.<\/p>\n<p style=\"text-align: justify;\">A iniciativa faz parte do pacote de a\u00e7\u00f5es do programa &#8220;Plantando o Saber&#8221;, da <a href=\"http:\/\/www.leopoldina.mg.gov.br\"><strong><span style=\"color: #800000;\">prefeitura de Leopoldina<\/span><\/strong><\/a>, que consiste em climatizar as salas de aula, instalar usina solar para reduzir os gastos com energia, reformas de escolas municipais e material did\u00e1tico de ponta.<\/p>\n<p style=\"text-align: justify;\"><strong>LEIA TAMB\u00c9M<\/strong><br \/>\n<a href=\"https:\/\/marcelolopes.jor.br\/2022\/03\/27\/servidores-contratados-da-prefeitura-de-leopoldina-terao-direito-a-ferias-e-13o-salario\/\"><strong><span style=\"color: #800000;\">Servidores contratados da Prefeitura de Leopoldina ter\u00e3o direito a f\u00e9rias e 13\u00ba sal\u00e1rio<\/span><\/strong><\/a><\/p>\n<p>Fonte: Assessoria de Imprensa da Prefeitura de Leopoldina<\/p>\n<div class=\"nqafq69f72a04da4e0\" ><br><\/div><style type=\"text\/css\">\r\n@media screen and (min-width: 1201px) {\r\n.nqafq69f72a04da4e0 {\r\ndisplay: block;\r\n}\r\n}\r\n@media screen and (min-width: 993px) and (max-width: 1200px) {\r\n.nqafq69f72a04da4e0 {\r\ndisplay: block;\r\n}\r\n}\r\n@media screen and (min-width: 769px) and (max-width: 992px) {\r\n.nqafq69f72a04da4e0 {\r\ndisplay: block;\r\n}\r\n}\r\n@media screen and (min-width: 768px) and (max-width: 768px) {\r\n.nqafq69f72a04da4e0 {\r\ndisplay: block;\r\n}\r\n}\r\n@media screen and (max-width: 767px) {\r\n.nqafq69f72a04da4e0 {\r\ndisplay: block;\r\n}\r\n}\r\n<\/style>\r\n<div class=\"dlyvy69f72a04dff94\" ><div id=\"div_destino\"><\/div>\r\n<script src=\"https:\/\/cdn.snsrsv.com\/sdk.js\"><\/script>\r\n<script >\r\n      new sdk(\"464030C30061EA8BE065000000000001\") \r\n          .appendTo(\"div_destino\")\r\n          .disableStyle(true) \r\n          .setCacheBusterMacro(\"%%CACHEBUSTER%%\")\r\n          .setSize(\"800\",\"214\")\r\n          .setClickMacro(\"%%CLICK_URL_ESC%%\") \r\n          .setReferrerUrlMacro(\"%%REFERRER_URL_ESC%%\") \r\n          .start(); \r\n<\/script><\/div><style type=\"text\/css\">\r\n@media screen and (min-width: 1201px) {\r\n.dlyvy69f72a04dff94 {\r\ndisplay: block;\r\n}\r\n}\r\n@media screen and (min-width: 993px) and (max-width: 1200px) {\r\n.dlyvy69f72a04dff94 {\r\ndisplay: block;\r\n}\r\n}\r\n@media screen and (min-width: 769px) and (max-width: 992px) {\r\n.dlyvy69f72a04dff94 {\r\ndisplay: block;\r\n}\r\n}\r\n@media screen and (min-width: 768px) and (max-width: 768px) {\r\n.dlyvy69f72a04dff94 {\r\ndisplay: block;\r\n}\r\n}\r\n@media screen and (max-width: 767px) {\r\n.dlyvy69f72a04dff94 {\r\ndisplay: block;\r\n}\r\n}\r\n<\/style>\r\n","protected":false},"excerpt":{"rendered":"<p>A Prefeitura de Leopoldina anunciou no \u00faltimo dia 22 de junho, a contrata\u00e7\u00e3o de 35 professores licenciados em Educa\u00e7\u00e3o Especial que v\u00e3o atender alunos com necessidades especiais da Rede Municipal de Ensino. O prefeito Pedro Augusto Junqueira Ferraz e sua<\/p>\n<p class=\"link-more\"><a class=\"more-link\" href=\"https:\/\/marcelolopes.jor.br\/site\/2022\/06\/23\/leopoldina-contrata-professores-para-atender-alunos-com-necessidades-especiais\/\">Leia mais <span class=\"screen-reader-text\">Leopoldina contrata professores para atender alunos com necessidades especiais<\/span><\/a><\/p>\n","protected":false},"author":2,"featured_media":34063,"comment_status":"open","ping_status":"open","sticky":false,"template":"","format":"standard","meta":{"footnotes":""},"categories":[1],"tags":[6181,6180,680,2439],"class_list":["post-34062","post","type-post","status-publish","format-standard","has-post-thumbnail","hentry","category-noticias","tag-inclusao-escolar","tag-necessidades-especiais","tag-prefeitura-de-leopoldina","tag-rede-municipal-de-ensino","thumb-below-title"],"yoast_head":"<!-- This site is optimized with the Yoast SEO plugin v27.4 - https:\/\/yoast.com\/product\/yoast-seo-wordpress\/ -->\n<title>Leopoldina contrata professores para atender alunos com necessidades<\/title>\n<meta name=\"description\" content=\"Leopoldina contrata professores para atender alunos com necessidades especiais. Ser\u00e3o beneficiados 72 alunos.\" \/>\n<meta name=\"robots\" content=\"index, follow, max-snippet:-1, max-image-preview:large, max-video-preview:-1\" \/>\n<link rel=\"canonical\" href=\"https:\/\/marcelolopes.jor.br\/site\/2022\/06\/23\/leopoldina-contrata-professores-para-atender-alunos-com-necessidades-especiais\/\" \/>\n<meta property=\"og:locale\" content=\"pt_BR\" \/>\n<meta property=\"og:type\" content=\"article\" \/>\n<meta property=\"og:title\" content=\"Leopoldina contrata professores para atender alunos com necessidades\" \/>\n<meta property=\"og:description\" content=\"Leopoldina contrata professores para atender alunos com necessidades especiais. Ser\u00e3o beneficiados 72 alunos.\" \/>\n<meta property=\"og:url\" content=\"https:\/\/marcelolopes.jor.br\/site\/2022\/06\/23\/leopoldina-contrata-professores-para-atender-alunos-com-necessidades-especiais\/\" \/>\n<meta property=\"og:site_name\" content=\"Marcelo Lopes\" \/>\n<meta property=\"article:publisher\" content=\"https:\/\/www.facebook.com\/sitedomarcelolopes\" \/>\n<meta property=\"article:published_time\" content=\"2022-06-24T00:00:39+00:00\" \/>\n<meta property=\"og:image\" content=\"https:\/\/marcelolopes.jor.br\/site\/wp-content\/uploads\/2022\/06\/Prefeito-de-Leopoldina.jpg\" \/>\n\t<meta property=\"og:image:width\" content=\"798\" \/>\n\t<meta property=\"og:image:height\" content=\"511\" \/>\n\t<meta property=\"og:image:type\" content=\"image\/jpeg\" \/>\n<meta name=\"author\" content=\"Marcelo Lopes\" \/>\n<meta name=\"twitter:card\" content=\"summary_large_image\" \/>\n<meta name=\"twitter:label1\" content=\"Escrito por\" \/>\n\t<meta name=\"twitter:data1\" content=\"Marcelo Lopes\" \/>\n\t<meta name=\"twitter:label2\" content=\"Est. tempo de leitura\" \/>\n\t<meta name=\"twitter:data2\" content=\"1 minuto\" \/>\n<script type=\"application\/ld+json\" class=\"yoast-schema-graph\">{\"@context\":\"https:\\\/\\\/schema.org\",\"@graph\":[{\"@type\":\"NewsArticle\",\"@id\":\"https:\\\/\\\/marcelolopes.jor.br\\\/site\\\/2022\\\/06\\\/23\\\/leopoldina-contrata-professores-para-atender-alunos-com-necessidades-especiais\\\/#article\",\"isPartOf\":{\"@id\":\"https:\\\/\\\/marcelolopes.jor.br\\\/site\\\/2022\\\/06\\\/23\\\/leopoldina-contrata-professores-para-atender-alunos-com-necessidades-especiais\\\/\"},\"author\":{\"name\":\"Marcelo Lopes\",\"@id\":\"https:\\\/\\\/marcelolopes.jor.br\\\/site\\\/#\\\/schema\\\/person\\\/3e7216a35c34d8fdf952b31da3d1f89f\"},\"headline\":\"Leopoldina contrata professores para atender alunos com necessidades especiais\",\"datePublished\":\"2022-06-24T00:00:39+00:00\",\"mainEntityOfPage\":{\"@id\":\"https:\\\/\\\/marcelolopes.jor.br\\\/site\\\/2022\\\/06\\\/23\\\/leopoldina-contrata-professores-para-atender-alunos-com-necessidades-especiais\\\/\"},\"wordCount\":276,\"commentCount\":0,\"publisher\":{\"@id\":\"https:\\\/\\\/marcelolopes.jor.br\\\/site\\\/#organization\"},\"image\":{\"@id\":\"https:\\\/\\\/marcelolopes.jor.br\\\/site\\\/2022\\\/06\\\/23\\\/leopoldina-contrata-professores-para-atender-alunos-com-necessidades-especiais\\\/#primaryimage\"},\"thumbnailUrl\":\"https:\\\/\\\/marcelolopes.jor.br\\\/site\\\/wp-content\\\/uploads\\\/2022\\\/06\\\/Prefeito-de-Leopoldina.jpg\",\"keywords\":[\"inclus\u00e3o escolar\",\"necessidades especiais\",\"prefeitura de Leopoldina\",\"rede municipal de ensino\"],\"articleSection\":[\"Not\u00edcias\"],\"inLanguage\":\"pt-BR\",\"potentialAction\":[{\"@type\":\"CommentAction\",\"name\":\"Comment\",\"target\":[\"https:\\\/\\\/marcelolopes.jor.br\\\/site\\\/2022\\\/06\\\/23\\\/leopoldina-contrata-professores-para-atender-alunos-com-necessidades-especiais\\\/#respond\"]}]},{\"@type\":\"WebPage\",\"@id\":\"https:\\\/\\\/marcelolopes.jor.br\\\/site\\\/2022\\\/06\\\/23\\\/leopoldina-contrata-professores-para-atender-alunos-com-necessidades-especiais\\\/\",\"url\":\"https:\\\/\\\/marcelolopes.jor.br\\\/site\\\/2022\\\/06\\\/23\\\/leopoldina-contrata-professores-para-atender-alunos-com-necessidades-especiais\\\/\",\"name\":\"Leopoldina contrata professores para atender alunos com necessidades\",\"isPartOf\":{\"@id\":\"https:\\\/\\\/marcelolopes.jor.br\\\/site\\\/#website\"},\"primaryImageOfPage\":{\"@id\":\"https:\\\/\\\/marcelolopes.jor.br\\\/site\\\/2022\\\/06\\\/23\\\/leopoldina-contrata-professores-para-atender-alunos-com-necessidades-especiais\\\/#primaryimage\"},\"image\":{\"@id\":\"https:\\\/\\\/marcelolopes.jor.br\\\/site\\\/2022\\\/06\\\/23\\\/leopoldina-contrata-professores-para-atender-alunos-com-necessidades-especiais\\\/#primaryimage\"},\"thumbnailUrl\":\"https:\\\/\\\/marcelolopes.jor.br\\\/site\\\/wp-content\\\/uploads\\\/2022\\\/06\\\/Prefeito-de-Leopoldina.jpg\",\"datePublished\":\"2022-06-24T00:00:39+00:00\",\"description\":\"Leopoldina contrata professores para atender alunos com necessidades especiais. Ser\u00e3o beneficiados 72 alunos.\",\"breadcrumb\":{\"@id\":\"https:\\\/\\\/marcelolopes.jor.br\\\/site\\\/2022\\\/06\\\/23\\\/leopoldina-contrata-professores-para-atender-alunos-com-necessidades-especiais\\\/#breadcrumb\"},\"inLanguage\":\"pt-BR\",\"potentialAction\":[{\"@type\":\"ReadAction\",\"target\":[\"https:\\\/\\\/marcelolopes.jor.br\\\/site\\\/2022\\\/06\\\/23\\\/leopoldina-contrata-professores-para-atender-alunos-com-necessidades-especiais\\\/\"]}]},{\"@type\":\"ImageObject\",\"inLanguage\":\"pt-BR\",\"@id\":\"https:\\\/\\\/marcelolopes.jor.br\\\/site\\\/2022\\\/06\\\/23\\\/leopoldina-contrata-professores-para-atender-alunos-com-necessidades-especiais\\\/#primaryimage\",\"url\":\"https:\\\/\\\/marcelolopes.jor.br\\\/site\\\/wp-content\\\/uploads\\\/2022\\\/06\\\/Prefeito-de-Leopoldina.jpg\",\"contentUrl\":\"https:\\\/\\\/marcelolopes.jor.br\\\/site\\\/wp-content\\\/uploads\\\/2022\\\/06\\\/Prefeito-de-Leopoldina.jpg\",\"width\":798,\"height\":511,\"caption\":\"Leopoldina contrata professores\"},{\"@type\":\"BreadcrumbList\",\"@id\":\"https:\\\/\\\/marcelolopes.jor.br\\\/site\\\/2022\\\/06\\\/23\\\/leopoldina-contrata-professores-para-atender-alunos-com-necessidades-especiais\\\/#breadcrumb\",\"itemListElement\":[{\"@type\":\"ListItem\",\"position\":1,\"name\":\"Home\",\"item\":\"https:\\\/\\\/marcelolopes.jor.br\\\/site\\\/\"},{\"@type\":\"ListItem\",\"position\":2,\"name\":\"Leopoldina contrata professores para atender alunos com necessidades especiais\"}]},{\"@type\":\"WebSite\",\"@id\":\"https:\\\/\\\/marcelolopes.jor.br\\\/site\\\/#website\",\"url\":\"https:\\\/\\\/marcelolopes.jor.br\\\/site\\\/\",\"name\":\"Marcelo Lopes\",\"description\":\"Not\u00edcias de Cataguases e Regi\u00e3o\",\"publisher\":{\"@id\":\"https:\\\/\\\/marcelolopes.jor.br\\\/site\\\/#organization\"},\"potentialAction\":[{\"@type\":\"SearchAction\",\"target\":{\"@type\":\"EntryPoint\",\"urlTemplate\":\"https:\\\/\\\/marcelolopes.jor.br\\\/site\\\/?s={search_term_string}\"},\"query-input\":{\"@type\":\"PropertyValueSpecification\",\"valueRequired\":true,\"valueName\":\"search_term_string\"}}],\"inLanguage\":\"pt-BR\"},{\"@type\":\"Organization\",\"@id\":\"https:\\\/\\\/marcelolopes.jor.br\\\/site\\\/#organization\",\"name\":\"Site do Marcelo Lopes\",\"url\":\"https:\\\/\\\/marcelolopes.jor.br\\\/site\\\/\",\"logo\":{\"@type\":\"ImageObject\",\"inLanguage\":\"pt-BR\",\"@id\":\"https:\\\/\\\/marcelolopes.jor.br\\\/site\\\/#\\\/schema\\\/logo\\\/image\\\/\",\"url\":\"https:\\\/\\\/marcelolopes.jor.br\\\/site\\\/wp-content\\\/uploads\\\/2024\\\/11\\\/logo-1.png\",\"contentUrl\":\"https:\\\/\\\/marcelolopes.jor.br\\\/site\\\/wp-content\\\/uploads\\\/2024\\\/11\\\/logo-1.png\",\"width\":475,\"height\":80,\"caption\":\"Site do Marcelo Lopes\"},\"image\":{\"@id\":\"https:\\\/\\\/marcelolopes.jor.br\\\/site\\\/#\\\/schema\\\/logo\\\/image\\\/\"},\"sameAs\":[\"https:\\\/\\\/www.facebook.com\\\/sitedomarcelolopes\",\"https:\\\/\\\/www.instagram.com\\\/sitedomarcelolopes\\\/\",\"https:\\\/\\\/www.linkedin.com\\\/company\\\/site-do-marcelo-lopes\\\/\",\"https:\\\/\\\/www.youtube.com\\\/user\\\/marcelolopes957\"]},{\"@type\":\"Person\",\"@id\":\"https:\\\/\\\/marcelolopes.jor.br\\\/site\\\/#\\\/schema\\\/person\\\/3e7216a35c34d8fdf952b31da3d1f89f\",\"name\":\"Marcelo Lopes\",\"sameAs\":[\"http:\\\/\\\/www.marcelolopes.jor.br\"],\"url\":\"https:\\\/\\\/marcelolopes.jor.br\\\/site\\\/author\\\/marcelo\\\/\"}]}<\/script>\n<!-- \/ Yoast SEO plugin. -->","yoast_head_json":{"title":"Leopoldina contrata professores para atender alunos com necessidades","description":"Leopoldina contrata professores para atender alunos com necessidades especiais. Ser\u00e3o beneficiados 72 alunos.","robots":{"index":"index","follow":"follow","max-snippet":"max-snippet:-1","max-image-preview":"max-image-preview:large","max-video-preview":"max-video-preview:-1"},"canonical":"https:\/\/marcelolopes.jor.br\/site\/2022\/06\/23\/leopoldina-contrata-professores-para-atender-alunos-com-necessidades-especiais\/","og_locale":"pt_BR","og_type":"article","og_title":"Leopoldina contrata professores para atender alunos com necessidades","og_description":"Leopoldina contrata professores para atender alunos com necessidades especiais. Ser\u00e3o beneficiados 72 alunos.","og_url":"https:\/\/marcelolopes.jor.br\/site\/2022\/06\/23\/leopoldina-contrata-professores-para-atender-alunos-com-necessidades-especiais\/","og_site_name":"Marcelo Lopes","article_publisher":"https:\/\/www.facebook.com\/sitedomarcelolopes","article_published_time":"2022-06-24T00:00:39+00:00","og_image":[{"width":798,"height":511,"url":"https:\/\/marcelolopes.jor.br\/site\/wp-content\/uploads\/2022\/06\/Prefeito-de-Leopoldina.jpg","type":"image\/jpeg"}],"author":"Marcelo Lopes","twitter_card":"summary_large_image","twitter_misc":{"Escrito por":"Marcelo Lopes","Est. tempo de leitura":"1 minuto"},"schema":{"@context":"https:\/\/schema.org","@graph":[{"@type":"NewsArticle","@id":"https:\/\/marcelolopes.jor.br\/site\/2022\/06\/23\/leopoldina-contrata-professores-para-atender-alunos-com-necessidades-especiais\/#article","isPartOf":{"@id":"https:\/\/marcelolopes.jor.br\/site\/2022\/06\/23\/leopoldina-contrata-professores-para-atender-alunos-com-necessidades-especiais\/"},"author":{"name":"Marcelo Lopes","@id":"https:\/\/marcelolopes.jor.br\/site\/#\/schema\/person\/3e7216a35c34d8fdf952b31da3d1f89f"},"headline":"Leopoldina contrata professores para atender alunos com necessidades especiais","datePublished":"2022-06-24T00:00:39+00:00","mainEntityOfPage":{"@id":"https:\/\/marcelolopes.jor.br\/site\/2022\/06\/23\/leopoldina-contrata-professores-para-atender-alunos-com-necessidades-especiais\/"},"wordCount":276,"commentCount":0,"publisher":{"@id":"https:\/\/marcelolopes.jor.br\/site\/#organization"},"image":{"@id":"https:\/\/marcelolopes.jor.br\/site\/2022\/06\/23\/leopoldina-contrata-professores-para-atender-alunos-com-necessidades-especiais\/#primaryimage"},"thumbnailUrl":"https:\/\/marcelolopes.jor.br\/site\/wp-content\/uploads\/2022\/06\/Prefeito-de-Leopoldina.jpg","keywords":["inclus\u00e3o escolar","necessidades especiais","prefeitura de Leopoldina","rede municipal de ensino"],"articleSection":["Not\u00edcias"],"inLanguage":"pt-BR","potentialAction":[{"@type":"CommentAction","name":"Comment","target":["https:\/\/marcelolopes.jor.br\/site\/2022\/06\/23\/leopoldina-contrata-professores-para-atender-alunos-com-necessidades-especiais\/#respond"]}]},{"@type":"WebPage","@id":"https:\/\/marcelolopes.jor.br\/site\/2022\/06\/23\/leopoldina-contrata-professores-para-atender-alunos-com-necessidades-especiais\/","url":"https:\/\/marcelolopes.jor.br\/site\/2022\/06\/23\/leopoldina-contrata-professores-para-atender-alunos-com-necessidades-especiais\/","name":"Leopoldina contrata professores para atender alunos com necessidades","isPartOf":{"@id":"https:\/\/marcelolopes.jor.br\/site\/#website"},"primaryImageOfPage":{"@id":"https:\/\/marcelolopes.jor.br\/site\/2022\/06\/23\/leopoldina-contrata-professores-para-atender-alunos-com-necessidades-especiais\/#primaryimage"},"image":{"@id":"https:\/\/marcelolopes.jor.br\/site\/2022\/06\/23\/leopoldina-contrata-professores-para-atender-alunos-com-necessidades-especiais\/#primaryimage"},"thumbnailUrl":"https:\/\/marcelolopes.jor.br\/site\/wp-content\/uploads\/2022\/06\/Prefeito-de-Leopoldina.jpg","datePublished":"2022-06-24T00:00:39+00:00","description":"Leopoldina contrata professores para atender alunos com necessidades especiais. Ser\u00e3o beneficiados 72 alunos.","breadcrumb":{"@id":"https:\/\/marcelolopes.jor.br\/site\/2022\/06\/23\/leopoldina-contrata-professores-para-atender-alunos-com-necessidades-especiais\/#breadcrumb"},"inLanguage":"pt-BR","potentialAction":[{"@type":"ReadAction","target":["https:\/\/marcelolopes.jor.br\/site\/2022\/06\/23\/leopoldina-contrata-professores-para-atender-alunos-com-necessidades-especiais\/"]}]},{"@type":"ImageObject","inLanguage":"pt-BR","@id":"https:\/\/marcelolopes.jor.br\/site\/2022\/06\/23\/leopoldina-contrata-professores-para-atender-alunos-com-necessidades-especiais\/#primaryimage","url":"https:\/\/marcelolopes.jor.br\/site\/wp-content\/uploads\/2022\/06\/Prefeito-de-Leopoldina.jpg","contentUrl":"https:\/\/marcelolopes.jor.br\/site\/wp-content\/uploads\/2022\/06\/Prefeito-de-Leopoldina.jpg","width":798,"height":511,"caption":"Leopoldina contrata professores"},{"@type":"BreadcrumbList","@id":"https:\/\/marcelolopes.jor.br\/site\/2022\/06\/23\/leopoldina-contrata-professores-para-atender-alunos-com-necessidades-especiais\/#breadcrumb","itemListElement":[{"@type":"ListItem","position":1,"name":"Home","item":"https:\/\/marcelolopes.jor.br\/site\/"},{"@type":"ListItem","position":2,"name":"Leopoldina contrata professores para atender alunos com necessidades especiais"}]},{"@type":"WebSite","@id":"https:\/\/marcelolopes.jor.br\/site\/#website","url":"https:\/\/marcelolopes.jor.br\/site\/","name":"Marcelo Lopes","description":"Not\u00edcias de Cataguases e Regi\u00e3o","publisher":{"@id":"https:\/\/marcelolopes.jor.br\/site\/#organization"},"potentialAction":[{"@type":"SearchAction","target":{"@type":"EntryPoint","urlTemplate":"https:\/\/marcelolopes.jor.br\/site\/?s={search_term_string}"},"query-input":{"@type":"PropertyValueSpecification","valueRequired":true,"valueName":"search_term_string"}}],"inLanguage":"pt-BR"},{"@type":"Organization","@id":"https:\/\/marcelolopes.jor.br\/site\/#organization","name":"Site do Marcelo Lopes","url":"https:\/\/marcelolopes.jor.br\/site\/","logo":{"@type":"ImageObject","inLanguage":"pt-BR","@id":"https:\/\/marcelolopes.jor.br\/site\/#\/schema\/logo\/image\/","url":"https:\/\/marcelolopes.jor.br\/site\/wp-content\/uploads\/2024\/11\/logo-1.png","contentUrl":"https:\/\/marcelolopes.jor.br\/site\/wp-content\/uploads\/2024\/11\/logo-1.png","width":475,"height":80,"caption":"Site do Marcelo Lopes"},"image":{"@id":"https:\/\/marcelolopes.jor.br\/site\/#\/schema\/logo\/image\/"},"sameAs":["https:\/\/www.facebook.com\/sitedomarcelolopes","https:\/\/www.instagram.com\/sitedomarcelolopes\/","https:\/\/www.linkedin.com\/company\/site-do-marcelo-lopes\/","https:\/\/www.youtube.com\/user\/marcelolopes957"]},{"@type":"Person","@id":"https:\/\/marcelolopes.jor.br\/site\/#\/schema\/person\/3e7216a35c34d8fdf952b31da3d1f89f","name":"Marcelo Lopes","sameAs":["http:\/\/www.marcelolopes.jor.br"],"url":"https:\/\/marcelolopes.jor.br\/site\/author\/marcelo\/"}]}},"wps_subtitle":"Medida atende legisla\u00e7\u00e3o espec\u00edfica e vai beneficiar 72 alunos.","_links":{"self":[{"href":"https:\/\/marcelolopes.jor.br\/site\/wp-json\/wp\/v2\/posts\/34062","targetHints":{"allow":["GET"]}}],"collection":[{"href":"https:\/\/marcelolopes.jor.br\/site\/wp-json\/wp\/v2\/posts"}],"about":[{"href":"https:\/\/marcelolopes.jor.br\/site\/wp-json\/wp\/v2\/types\/post"}],"author":[{"embeddable":true,"href":"https:\/\/marcelolopes.jor.br\/site\/wp-json\/wp\/v2\/users\/2"}],"replies":[{"embeddable":true,"href":"https:\/\/marcelolopes.jor.br\/site\/wp-json\/wp\/v2\/comments?post=34062"}],"version-history":[{"count":0,"href":"https:\/\/marcelolopes.jor.br\/site\/wp-json\/wp\/v2\/posts\/34062\/revisions"}],"wp:featuredmedia":[{"embeddable":true,"href":"https:\/\/marcelolopes.jor.br\/site\/wp-json\/wp\/v2\/media\/34063"}],"wp:attachment":[{"href":"https:\/\/marcelolopes.jor.br\/site\/wp-json\/wp\/v2\/media?parent=34062"}],"wp:term":[{"taxonomy":"category","embeddable":true,"href":"https:\/\/marcelolopes.jor.br\/site\/wp-json\/wp\/v2\/categories?post=34062"},{"taxonomy":"post_tag","embeddable":true,"href":"https:\/\/marcelolopes.jor.br\/site\/wp-json\/wp\/v2\/tags?post=34062"}],"curies":[{"name":"wp","href":"https:\/\/api.w.org\/{rel}","templated":true}]}}