{"id":3399,"date":"2019-07-10T20:00:15","date_gmt":"2019-07-10T23:00:15","guid":{"rendered":"https:\/\/marcelolopes.jor.br\/?p=3399"},"modified":"2019-07-10T17:15:04","modified_gmt":"2019-07-10T20:15:04","slug":"filme-produzido-em-cataguases-participa-de-mostra-em-cambuquira","status":"publish","type":"post","link":"https:\/\/marcelolopes.jor.br\/site\/2019\/07\/10\/filme-produzido-em-cataguases-participa-de-mostra-em-cambuquira\/","title":{"rendered":"Filme produzido em Cataguases participa de Mostra em Cambuquira"},"content":{"rendered":"<p style=\"text-align: justify;\">O curta-metragem \u201cSanta\u201d, produzido por Marco Andrade foi selecionado e far\u00e1 parte da programa\u00e7\u00e3o da Mostra Audiovisual de Cambuquira \u2013 MOSCA. O evento, que recebeu mais de 1400 inscri\u00e7\u00f5es de filmes esse ano, exibir\u00e1 entre os dias 10 e 14 de julho, no Antigo Cinema da cidade de Cambuquira (MG), 98 produ\u00e7\u00f5es nacionais e internacionais, para o p\u00fablico infantil, jovem e adulto.<!--more--><\/p>\n<p style=\"text-align: justify;\">Santa \u00e9 uma fic\u00e7\u00e3o, que narra hist\u00f3ria de uma mulher transexual, que luta contra a mineradora que destruiu a cachoeira local com os rejeitos de bauxita, mas que se apaixona pelo supervisor da mineradora. O filme ser\u00e1 exibido na programa\u00e7\u00e3o da Mostra Mineira, uma das novidades dessa 12\u00ba edi\u00e7\u00e3o da MOSCA.<\/p>\n<p style=\"text-align: justify;\">Al\u00e9m das sess\u00f5es de cinema, o evento conta com oficinas, apresenta\u00e7\u00f5es musicais, observa\u00e7\u00e3o do c\u00e9u, clubinho da MOSCA (recrea\u00e7\u00e3o com o p\u00fablico infantil) e debate com os diretores presentes, ap\u00f3s as sess\u00f5es. A programa\u00e7\u00e3o do evento pode ser conferida atrav\u00e9s do site <a href=\"http:\/\/mostramosca.com.br\">mostramosca.com.br<\/a> ou nas redes sociais.<\/p>\n<p><em>Fonte e foto: Mostra Audiovisual de Cambuquira &#8211; MOSCA<\/em>.<\/p>\n<div class=\"iqoca69f7478e6ee35\" ><br><\/div><style type=\"text\/css\">\r\n@media screen and (min-width: 1201px) {\r\n.iqoca69f7478e6ee35 {\r\ndisplay: block;\r\n}\r\n}\r\n@media screen and (min-width: 993px) and (max-width: 1200px) {\r\n.iqoca69f7478e6ee35 {\r\ndisplay: block;\r\n}\r\n}\r\n@media screen and (min-width: 769px) and (max-width: 992px) {\r\n.iqoca69f7478e6ee35 {\r\ndisplay: block;\r\n}\r\n}\r\n@media screen and (min-width: 768px) and (max-width: 768px) {\r\n.iqoca69f7478e6ee35 {\r\ndisplay: block;\r\n}\r\n}\r\n@media screen and (max-width: 767px) {\r\n.iqoca69f7478e6ee35 {\r\ndisplay: block;\r\n}\r\n}\r\n<\/style>\r\n<div class=\"sufvr69f7478e75108\" ><div id=\"div_destino\"><\/div>\r\n<script src=\"https:\/\/cdn.snsrsv.com\/sdk.js\"><\/script>\r\n<script >\r\n      new sdk(\"464030C30061EA8BE065000000000001\") \r\n          .appendTo(\"div_destino\")\r\n          .disableStyle(true) \r\n          .setCacheBusterMacro(\"%%CACHEBUSTER%%\")\r\n          .setSize(\"800\",\"214\")\r\n          .setClickMacro(\"%%CLICK_URL_ESC%%\") \r\n          .setReferrerUrlMacro(\"%%REFERRER_URL_ESC%%\") \r\n          .start(); \r\n<\/script><\/div><style type=\"text\/css\">\r\n@media screen and (min-width: 1201px) {\r\n.sufvr69f7478e75108 {\r\ndisplay: block;\r\n}\r\n}\r\n@media screen and (min-width: 993px) and (max-width: 1200px) {\r\n.sufvr69f7478e75108 {\r\ndisplay: block;\r\n}\r\n}\r\n@media screen and (min-width: 769px) and (max-width: 992px) {\r\n.sufvr69f7478e75108 {\r\ndisplay: block;\r\n}\r\n}\r\n@media screen and (min-width: 768px) and (max-width: 768px) {\r\n.sufvr69f7478e75108 {\r\ndisplay: block;\r\n}\r\n}\r\n@media screen and (max-width: 767px) {\r\n.sufvr69f7478e75108 {\r\ndisplay: block;\r\n}\r\n}\r\n<\/style>\r\n","protected":false},"excerpt":{"rendered":"<p>O curta-metragem \u201cSanta\u201d, produzido por Marco Andrade foi selecionado e far\u00e1 parte da programa\u00e7\u00e3o da Mostra Audiovisual de Cambuquira \u2013 MOSCA. O evento, que recebeu mais de 1400 inscri\u00e7\u00f5es de filmes esse ano, exibir\u00e1 entre os dias 10 e 14<\/p>\n<p class=\"link-more\"><a class=\"more-link\" href=\"https:\/\/marcelolopes.jor.br\/site\/2019\/07\/10\/filme-produzido-em-cataguases-participa-de-mostra-em-cambuquira\/\">Leia mais <span class=\"screen-reader-text\">Filme produzido em Cataguases participa de Mostra em Cambuquira<\/span><\/a><\/p>\n","protected":false},"author":2,"featured_media":3401,"comment_status":"open","ping_status":"open","sticky":false,"template":"","format":"standard","meta":{"footnotes":""},"categories":[1],"tags":[748,749,750,747],"class_list":["post-3399","post","type-post","status-publish","format-standard","has-post-thumbnail","hentry","category-noticias","tag-curta-metragem","tag-filme","tag-mosca","tag-santa","thumb-below-title"],"yoast_head":"<!-- This site is optimized with the Yoast SEO plugin v27.4 - https:\/\/yoast.com\/product\/yoast-seo-wordpress\/ -->\n<title>Filme produzido em Cataguases participa de Mostra em Cambuquira | Marcelo Lopes<\/title>\n<meta name=\"robots\" content=\"index, follow, max-snippet:-1, max-image-preview:large, max-video-preview:-1\" \/>\n<link rel=\"canonical\" href=\"https:\/\/marcelolopes.jor.br\/site\/2019\/07\/10\/filme-produzido-em-cataguases-participa-de-mostra-em-cambuquira\/\" \/>\n<meta property=\"og:locale\" content=\"pt_BR\" \/>\n<meta property=\"og:type\" content=\"article\" \/>\n<meta property=\"og:title\" content=\"Filme produzido em Cataguases participa de Mostra em Cambuquira | Marcelo Lopes\" \/>\n<meta property=\"og:description\" content=\"O curta-metragem \u201cSanta\u201d, produzido por Marco Andrade foi selecionado e far\u00e1 parte da programa\u00e7\u00e3o da Mostra Audiovisual de Cambuquira \u2013 MOSCA. O evento, que recebeu mais de 1400 inscri\u00e7\u00f5es de filmes esse ano, exibir\u00e1 entre os dias 10 e 14Leia mais Filme produzido em Cataguases participa de Mostra em Cambuquira\" \/>\n<meta property=\"og:url\" content=\"https:\/\/marcelolopes.jor.br\/site\/2019\/07\/10\/filme-produzido-em-cataguases-participa-de-mostra-em-cambuquira\/\" \/>\n<meta property=\"og:site_name\" content=\"Marcelo Lopes\" \/>\n<meta property=\"article:publisher\" content=\"https:\/\/www.facebook.com\/sitedomarcelolopes\" \/>\n<meta property=\"article:published_time\" content=\"2019-07-10T23:00:15+00:00\" \/>\n<meta property=\"og:image\" content=\"https:\/\/marcelolopes.jor.br\/site\/wp-content\/uploads\/2019\/07\/Santa1.jpg\" \/>\n\t<meta property=\"og:image:width\" content=\"921\" \/>\n\t<meta property=\"og:image:height\" content=\"600\" \/>\n\t<meta property=\"og:image:type\" content=\"image\/jpeg\" \/>\n<meta name=\"author\" content=\"Marcelo Lopes\" \/>\n<meta name=\"twitter:card\" content=\"summary_large_image\" \/>\n<meta name=\"twitter:label1\" content=\"Escrito por\" \/>\n\t<meta name=\"twitter:data1\" content=\"Marcelo Lopes\" \/>\n\t<meta name=\"twitter:label2\" content=\"Est. tempo de leitura\" \/>\n\t<meta name=\"twitter:data2\" content=\"1 minuto\" \/>\n<script type=\"application\/ld+json\" class=\"yoast-schema-graph\">{\"@context\":\"https:\\\/\\\/schema.org\",\"@graph\":[{\"@type\":\"NewsArticle\",\"@id\":\"https:\\\/\\\/marcelolopes.jor.br\\\/site\\\/2019\\\/07\\\/10\\\/filme-produzido-em-cataguases-participa-de-mostra-em-cambuquira\\\/#article\",\"isPartOf\":{\"@id\":\"https:\\\/\\\/marcelolopes.jor.br\\\/site\\\/2019\\\/07\\\/10\\\/filme-produzido-em-cataguases-participa-de-mostra-em-cambuquira\\\/\"},\"author\":{\"name\":\"Marcelo Lopes\",\"@id\":\"https:\\\/\\\/marcelolopes.jor.br\\\/site\\\/#\\\/schema\\\/person\\\/3e7216a35c34d8fdf952b31da3d1f89f\"},\"headline\":\"Filme produzido em Cataguases participa de Mostra em Cambuquira\",\"datePublished\":\"2019-07-10T23:00:15+00:00\",\"mainEntityOfPage\":{\"@id\":\"https:\\\/\\\/marcelolopes.jor.br\\\/site\\\/2019\\\/07\\\/10\\\/filme-produzido-em-cataguases-participa-de-mostra-em-cambuquira\\\/\"},\"wordCount\":192,\"commentCount\":0,\"publisher\":{\"@id\":\"https:\\\/\\\/marcelolopes.jor.br\\\/site\\\/#organization\"},\"image\":{\"@id\":\"https:\\\/\\\/marcelolopes.jor.br\\\/site\\\/2019\\\/07\\\/10\\\/filme-produzido-em-cataguases-participa-de-mostra-em-cambuquira\\\/#primaryimage\"},\"thumbnailUrl\":\"https:\\\/\\\/marcelolopes.jor.br\\\/site\\\/wp-content\\\/uploads\\\/2019\\\/07\\\/Santa1.jpg\",\"keywords\":[\"curta-metragem\",\"filme\",\"Mosca\",\"Santa\"],\"articleSection\":[\"Not\u00edcias\"],\"inLanguage\":\"pt-BR\",\"potentialAction\":[{\"@type\":\"CommentAction\",\"name\":\"Comment\",\"target\":[\"https:\\\/\\\/marcelolopes.jor.br\\\/site\\\/2019\\\/07\\\/10\\\/filme-produzido-em-cataguases-participa-de-mostra-em-cambuquira\\\/#respond\"]}]},{\"@type\":\"WebPage\",\"@id\":\"https:\\\/\\\/marcelolopes.jor.br\\\/site\\\/2019\\\/07\\\/10\\\/filme-produzido-em-cataguases-participa-de-mostra-em-cambuquira\\\/\",\"url\":\"https:\\\/\\\/marcelolopes.jor.br\\\/site\\\/2019\\\/07\\\/10\\\/filme-produzido-em-cataguases-participa-de-mostra-em-cambuquira\\\/\",\"name\":\"Filme produzido em Cataguases participa de Mostra em Cambuquira | Marcelo Lopes\",\"isPartOf\":{\"@id\":\"https:\\\/\\\/marcelolopes.jor.br\\\/site\\\/#website\"},\"primaryImageOfPage\":{\"@id\":\"https:\\\/\\\/marcelolopes.jor.br\\\/site\\\/2019\\\/07\\\/10\\\/filme-produzido-em-cataguases-participa-de-mostra-em-cambuquira\\\/#primaryimage\"},\"image\":{\"@id\":\"https:\\\/\\\/marcelolopes.jor.br\\\/site\\\/2019\\\/07\\\/10\\\/filme-produzido-em-cataguases-participa-de-mostra-em-cambuquira\\\/#primaryimage\"},\"thumbnailUrl\":\"https:\\\/\\\/marcelolopes.jor.br\\\/site\\\/wp-content\\\/uploads\\\/2019\\\/07\\\/Santa1.jpg\",\"datePublished\":\"2019-07-10T23:00:15+00:00\",\"breadcrumb\":{\"@id\":\"https:\\\/\\\/marcelolopes.jor.br\\\/site\\\/2019\\\/07\\\/10\\\/filme-produzido-em-cataguases-participa-de-mostra-em-cambuquira\\\/#breadcrumb\"},\"inLanguage\":\"pt-BR\",\"potentialAction\":[{\"@type\":\"ReadAction\",\"target\":[\"https:\\\/\\\/marcelolopes.jor.br\\\/site\\\/2019\\\/07\\\/10\\\/filme-produzido-em-cataguases-participa-de-mostra-em-cambuquira\\\/\"]}]},{\"@type\":\"ImageObject\",\"inLanguage\":\"pt-BR\",\"@id\":\"https:\\\/\\\/marcelolopes.jor.br\\\/site\\\/2019\\\/07\\\/10\\\/filme-produzido-em-cataguases-participa-de-mostra-em-cambuquira\\\/#primaryimage\",\"url\":\"https:\\\/\\\/marcelolopes.jor.br\\\/site\\\/wp-content\\\/uploads\\\/2019\\\/07\\\/Santa1.jpg\",\"contentUrl\":\"https:\\\/\\\/marcelolopes.jor.br\\\/site\\\/wp-content\\\/uploads\\\/2019\\\/07\\\/Santa1.jpg\",\"width\":921,\"height\":600},{\"@type\":\"BreadcrumbList\",\"@id\":\"https:\\\/\\\/marcelolopes.jor.br\\\/site\\\/2019\\\/07\\\/10\\\/filme-produzido-em-cataguases-participa-de-mostra-em-cambuquira\\\/#breadcrumb\",\"itemListElement\":[{\"@type\":\"ListItem\",\"position\":1,\"name\":\"Home\",\"item\":\"https:\\\/\\\/marcelolopes.jor.br\\\/site\\\/\"},{\"@type\":\"ListItem\",\"position\":2,\"name\":\"Filme produzido em Cataguases participa de Mostra em Cambuquira\"}]},{\"@type\":\"WebSite\",\"@id\":\"https:\\\/\\\/marcelolopes.jor.br\\\/site\\\/#website\",\"url\":\"https:\\\/\\\/marcelolopes.jor.br\\\/site\\\/\",\"name\":\"Marcelo Lopes\",\"description\":\"Not\u00edcias de Cataguases e Regi\u00e3o\",\"publisher\":{\"@id\":\"https:\\\/\\\/marcelolopes.jor.br\\\/site\\\/#organization\"},\"potentialAction\":[{\"@type\":\"SearchAction\",\"target\":{\"@type\":\"EntryPoint\",\"urlTemplate\":\"https:\\\/\\\/marcelolopes.jor.br\\\/site\\\/?s={search_term_string}\"},\"query-input\":{\"@type\":\"PropertyValueSpecification\",\"valueRequired\":true,\"valueName\":\"search_term_string\"}}],\"inLanguage\":\"pt-BR\"},{\"@type\":\"Organization\",\"@id\":\"https:\\\/\\\/marcelolopes.jor.br\\\/site\\\/#organization\",\"name\":\"Site do Marcelo Lopes\",\"url\":\"https:\\\/\\\/marcelolopes.jor.br\\\/site\\\/\",\"logo\":{\"@type\":\"ImageObject\",\"inLanguage\":\"pt-BR\",\"@id\":\"https:\\\/\\\/marcelolopes.jor.br\\\/site\\\/#\\\/schema\\\/logo\\\/image\\\/\",\"url\":\"https:\\\/\\\/marcelolopes.jor.br\\\/site\\\/wp-content\\\/uploads\\\/2024\\\/11\\\/logo-1.png\",\"contentUrl\":\"https:\\\/\\\/marcelolopes.jor.br\\\/site\\\/wp-content\\\/uploads\\\/2024\\\/11\\\/logo-1.png\",\"width\":475,\"height\":80,\"caption\":\"Site do Marcelo Lopes\"},\"image\":{\"@id\":\"https:\\\/\\\/marcelolopes.jor.br\\\/site\\\/#\\\/schema\\\/logo\\\/image\\\/\"},\"sameAs\":[\"https:\\\/\\\/www.facebook.com\\\/sitedomarcelolopes\",\"https:\\\/\\\/www.instagram.com\\\/sitedomarcelolopes\\\/\",\"https:\\\/\\\/www.linkedin.com\\\/company\\\/site-do-marcelo-lopes\\\/\",\"https:\\\/\\\/www.youtube.com\\\/user\\\/marcelolopes957\"]},{\"@type\":\"Person\",\"@id\":\"https:\\\/\\\/marcelolopes.jor.br\\\/site\\\/#\\\/schema\\\/person\\\/3e7216a35c34d8fdf952b31da3d1f89f\",\"name\":\"Marcelo Lopes\",\"sameAs\":[\"http:\\\/\\\/www.marcelolopes.jor.br\"],\"url\":\"https:\\\/\\\/marcelolopes.jor.br\\\/site\\\/author\\\/marcelo\\\/\"}]}<\/script>\n<!-- \/ Yoast SEO plugin. -->","yoast_head_json":{"title":"Filme produzido em Cataguases participa de Mostra em Cambuquira | Marcelo Lopes","robots":{"index":"index","follow":"follow","max-snippet":"max-snippet:-1","max-image-preview":"max-image-preview:large","max-video-preview":"max-video-preview:-1"},"canonical":"https:\/\/marcelolopes.jor.br\/site\/2019\/07\/10\/filme-produzido-em-cataguases-participa-de-mostra-em-cambuquira\/","og_locale":"pt_BR","og_type":"article","og_title":"Filme produzido em Cataguases participa de Mostra em Cambuquira | Marcelo Lopes","og_description":"O curta-metragem \u201cSanta\u201d, produzido por Marco Andrade foi selecionado e far\u00e1 parte da programa\u00e7\u00e3o da Mostra Audiovisual de Cambuquira \u2013 MOSCA. O evento, que recebeu mais de 1400 inscri\u00e7\u00f5es de filmes esse ano, exibir\u00e1 entre os dias 10 e 14Leia mais Filme produzido em Cataguases participa de Mostra em Cambuquira","og_url":"https:\/\/marcelolopes.jor.br\/site\/2019\/07\/10\/filme-produzido-em-cataguases-participa-de-mostra-em-cambuquira\/","og_site_name":"Marcelo Lopes","article_publisher":"https:\/\/www.facebook.com\/sitedomarcelolopes","article_published_time":"2019-07-10T23:00:15+00:00","og_image":[{"width":921,"height":600,"url":"https:\/\/marcelolopes.jor.br\/site\/wp-content\/uploads\/2019\/07\/Santa1.jpg","type":"image\/jpeg"}],"author":"Marcelo Lopes","twitter_card":"summary_large_image","twitter_misc":{"Escrito por":"Marcelo Lopes","Est. tempo de leitura":"1 minuto"},"schema":{"@context":"https:\/\/schema.org","@graph":[{"@type":"NewsArticle","@id":"https:\/\/marcelolopes.jor.br\/site\/2019\/07\/10\/filme-produzido-em-cataguases-participa-de-mostra-em-cambuquira\/#article","isPartOf":{"@id":"https:\/\/marcelolopes.jor.br\/site\/2019\/07\/10\/filme-produzido-em-cataguases-participa-de-mostra-em-cambuquira\/"},"author":{"name":"Marcelo Lopes","@id":"https:\/\/marcelolopes.jor.br\/site\/#\/schema\/person\/3e7216a35c34d8fdf952b31da3d1f89f"},"headline":"Filme produzido em Cataguases participa de Mostra em Cambuquira","datePublished":"2019-07-10T23:00:15+00:00","mainEntityOfPage":{"@id":"https:\/\/marcelolopes.jor.br\/site\/2019\/07\/10\/filme-produzido-em-cataguases-participa-de-mostra-em-cambuquira\/"},"wordCount":192,"commentCount":0,"publisher":{"@id":"https:\/\/marcelolopes.jor.br\/site\/#organization"},"image":{"@id":"https:\/\/marcelolopes.jor.br\/site\/2019\/07\/10\/filme-produzido-em-cataguases-participa-de-mostra-em-cambuquira\/#primaryimage"},"thumbnailUrl":"https:\/\/marcelolopes.jor.br\/site\/wp-content\/uploads\/2019\/07\/Santa1.jpg","keywords":["curta-metragem","filme","Mosca","Santa"],"articleSection":["Not\u00edcias"],"inLanguage":"pt-BR","potentialAction":[{"@type":"CommentAction","name":"Comment","target":["https:\/\/marcelolopes.jor.br\/site\/2019\/07\/10\/filme-produzido-em-cataguases-participa-de-mostra-em-cambuquira\/#respond"]}]},{"@type":"WebPage","@id":"https:\/\/marcelolopes.jor.br\/site\/2019\/07\/10\/filme-produzido-em-cataguases-participa-de-mostra-em-cambuquira\/","url":"https:\/\/marcelolopes.jor.br\/site\/2019\/07\/10\/filme-produzido-em-cataguases-participa-de-mostra-em-cambuquira\/","name":"Filme produzido em Cataguases participa de Mostra em Cambuquira | Marcelo Lopes","isPartOf":{"@id":"https:\/\/marcelolopes.jor.br\/site\/#website"},"primaryImageOfPage":{"@id":"https:\/\/marcelolopes.jor.br\/site\/2019\/07\/10\/filme-produzido-em-cataguases-participa-de-mostra-em-cambuquira\/#primaryimage"},"image":{"@id":"https:\/\/marcelolopes.jor.br\/site\/2019\/07\/10\/filme-produzido-em-cataguases-participa-de-mostra-em-cambuquira\/#primaryimage"},"thumbnailUrl":"https:\/\/marcelolopes.jor.br\/site\/wp-content\/uploads\/2019\/07\/Santa1.jpg","datePublished":"2019-07-10T23:00:15+00:00","breadcrumb":{"@id":"https:\/\/marcelolopes.jor.br\/site\/2019\/07\/10\/filme-produzido-em-cataguases-participa-de-mostra-em-cambuquira\/#breadcrumb"},"inLanguage":"pt-BR","potentialAction":[{"@type":"ReadAction","target":["https:\/\/marcelolopes.jor.br\/site\/2019\/07\/10\/filme-produzido-em-cataguases-participa-de-mostra-em-cambuquira\/"]}]},{"@type":"ImageObject","inLanguage":"pt-BR","@id":"https:\/\/marcelolopes.jor.br\/site\/2019\/07\/10\/filme-produzido-em-cataguases-participa-de-mostra-em-cambuquira\/#primaryimage","url":"https:\/\/marcelolopes.jor.br\/site\/wp-content\/uploads\/2019\/07\/Santa1.jpg","contentUrl":"https:\/\/marcelolopes.jor.br\/site\/wp-content\/uploads\/2019\/07\/Santa1.jpg","width":921,"height":600},{"@type":"BreadcrumbList","@id":"https:\/\/marcelolopes.jor.br\/site\/2019\/07\/10\/filme-produzido-em-cataguases-participa-de-mostra-em-cambuquira\/#breadcrumb","itemListElement":[{"@type":"ListItem","position":1,"name":"Home","item":"https:\/\/marcelolopes.jor.br\/site\/"},{"@type":"ListItem","position":2,"name":"Filme produzido em Cataguases participa de Mostra em Cambuquira"}]},{"@type":"WebSite","@id":"https:\/\/marcelolopes.jor.br\/site\/#website","url":"https:\/\/marcelolopes.jor.br\/site\/","name":"Marcelo Lopes","description":"Not\u00edcias de Cataguases e Regi\u00e3o","publisher":{"@id":"https:\/\/marcelolopes.jor.br\/site\/#organization"},"potentialAction":[{"@type":"SearchAction","target":{"@type":"EntryPoint","urlTemplate":"https:\/\/marcelolopes.jor.br\/site\/?s={search_term_string}"},"query-input":{"@type":"PropertyValueSpecification","valueRequired":true,"valueName":"search_term_string"}}],"inLanguage":"pt-BR"},{"@type":"Organization","@id":"https:\/\/marcelolopes.jor.br\/site\/#organization","name":"Site do Marcelo Lopes","url":"https:\/\/marcelolopes.jor.br\/site\/","logo":{"@type":"ImageObject","inLanguage":"pt-BR","@id":"https:\/\/marcelolopes.jor.br\/site\/#\/schema\/logo\/image\/","url":"https:\/\/marcelolopes.jor.br\/site\/wp-content\/uploads\/2024\/11\/logo-1.png","contentUrl":"https:\/\/marcelolopes.jor.br\/site\/wp-content\/uploads\/2024\/11\/logo-1.png","width":475,"height":80,"caption":"Site do Marcelo Lopes"},"image":{"@id":"https:\/\/marcelolopes.jor.br\/site\/#\/schema\/logo\/image\/"},"sameAs":["https:\/\/www.facebook.com\/sitedomarcelolopes","https:\/\/www.instagram.com\/sitedomarcelolopes\/","https:\/\/www.linkedin.com\/company\/site-do-marcelo-lopes\/","https:\/\/www.youtube.com\/user\/marcelolopes957"]},{"@type":"Person","@id":"https:\/\/marcelolopes.jor.br\/site\/#\/schema\/person\/3e7216a35c34d8fdf952b31da3d1f89f","name":"Marcelo Lopes","sameAs":["http:\/\/www.marcelolopes.jor.br"],"url":"https:\/\/marcelolopes.jor.br\/site\/author\/marcelo\/"}]}},"wps_subtitle":"O filme \"Santa\", do diretor cataguasense, Marco Andrade, foi selecionado entre 1400 concorrentes.","_links":{"self":[{"href":"https:\/\/marcelolopes.jor.br\/site\/wp-json\/wp\/v2\/posts\/3399","targetHints":{"allow":["GET"]}}],"collection":[{"href":"https:\/\/marcelolopes.jor.br\/site\/wp-json\/wp\/v2\/posts"}],"about":[{"href":"https:\/\/marcelolopes.jor.br\/site\/wp-json\/wp\/v2\/types\/post"}],"author":[{"embeddable":true,"href":"https:\/\/marcelolopes.jor.br\/site\/wp-json\/wp\/v2\/users\/2"}],"replies":[{"embeddable":true,"href":"https:\/\/marcelolopes.jor.br\/site\/wp-json\/wp\/v2\/comments?post=3399"}],"version-history":[{"count":0,"href":"https:\/\/marcelolopes.jor.br\/site\/wp-json\/wp\/v2\/posts\/3399\/revisions"}],"wp:featuredmedia":[{"embeddable":true,"href":"https:\/\/marcelolopes.jor.br\/site\/wp-json\/wp\/v2\/media\/3401"}],"wp:attachment":[{"href":"https:\/\/marcelolopes.jor.br\/site\/wp-json\/wp\/v2\/media?parent=3399"}],"wp:term":[{"taxonomy":"category","embeddable":true,"href":"https:\/\/marcelolopes.jor.br\/site\/wp-json\/wp\/v2\/categories?post=3399"},{"taxonomy":"post_tag","embeddable":true,"href":"https:\/\/marcelolopes.jor.br\/site\/wp-json\/wp\/v2\/tags?post=3399"}],"curies":[{"name":"wp","href":"https:\/\/api.w.org\/{rel}","templated":true}]}}