{"id":3387,"date":"2019-07-11T07:00:55","date_gmt":"2019-07-11T10:00:55","guid":{"rendered":"https:\/\/marcelolopes.jor.br\/?p=3387"},"modified":"2019-07-10T15:03:47","modified_gmt":"2019-07-10T18:03:47","slug":"curso-de-ciencias-contabeis-da-fic-alia-teoria-e-pratica","status":"publish","type":"post","link":"https:\/\/marcelolopes.jor.br\/site\/2019\/07\/11\/curso-de-ciencias-contabeis-da-fic-alia-teoria-e-pratica\/","title":{"rendered":"Curso de Ci\u00eancias Cont\u00e1beis da FIC alia teoria e pr\u00e1tica"},"content":{"rendered":"<p style=\"text-align: justify;\">A FIC &#8211; Faculdades Integradas de Cataguases &#8211; est\u00e1 com inscri\u00e7\u00f5es abertas para o seu vestibular de segundo semestre, inclusive para o curso de Ci\u00eancias Cont\u00e1beis. Os interessados podem acessar o site da institui\u00e7\u00e3o (<a href=\"http:\/\/www.vestibular.unis.edu.br)\">www.vestibular.unis.edu.br)<\/a> e agendar sua prova. A Fic recebeu nota 4 do MEC e \u00e9 uma das melhores faculdades do Brasil de acordo com a revista Exame.<!--more--><\/p>\n<p style=\"text-align: justify;\">O curso de Ci\u00eancias Cont\u00e1beis da FIC trouxe para Cataguases uma proposta inovadora, com base no conceito do contador empreendedor que utiliza as tecnologias para execu\u00e7\u00e3o de suas tarefas de forma \u00e1gil e inteligente com uma performance voltada para a gest\u00e3o dos neg\u00f3cios. A f\u00f3rmula \u00e9 possuir diferenciais competitivos com laborat\u00f3rios de ensino usando metodologias ativas e tecnologia de ponta, softwares usados no mercado e \u00eanfase ao uso das ferramentas do governo eletr\u00f4nico, al\u00e9m de um corpo docente altamente capacitado. A explica\u00e7\u00e3o \u00e9 do professor mestre, Jesusimar de Oliveira Dornelas, coordenador do curso.<\/p>\n<p style=\"text-align: justify;\">Ao ingressar no Curso de Ci\u00eancias Cont\u00e1beis, o aluno vai conhecer o sistema de Nota Fiscal Eletr\u00f4nica e a sequ\u00eancia dos speds usados para informar ao governo toda sequ\u00eancia de opera\u00e7\u00f5es das empresas, bem como a todas as disciplinas e diretrizes sugeridas pelo Conselho Federal de Contabilidade, acrescenta Jesusimar. Outro ponto positivo para os alunos do curso, conforme lembra aquele professor, \u00e9 que este curso foi o primeiro na regi\u00e3o a implantar &#8211; em parceria com a Receita Federal &#8211; o N\u00facleo de Apoio Fiscal, onde os alunos monitorados por um professor auxiliam pessoas que necessitam de servi\u00e7os junto aos \u00f3rg\u00e3os do governo.<\/p>\n<p style=\"text-align: justify;\"><img loading=\"lazy\" decoding=\"async\" class=\"aligncenter wp-image-3391 size-medium\" src=\"https:\/\/marcelolopes.jor.br\/site\/wp-content\/uploads\/2019\/07\/WhatsApp-Image-2019-06-26-at-11.06.37-PM-1-300x203.jpeg\" alt=\"\" width=\"300\" height=\"203\" srcset=\"https:\/\/marcelolopes.jor.br\/site\/wp-content\/uploads\/2019\/07\/WhatsApp-Image-2019-06-26-at-11.06.37-PM-1-300x203.jpeg 300w, https:\/\/marcelolopes.jor.br\/site\/wp-content\/uploads\/2019\/07\/WhatsApp-Image-2019-06-26-at-11.06.37-PM-1.jpeg 746w\" sizes=\"auto, (max-width: 300px) 100vw, 300px\" \/>Inaugurado no final de 2018, as atividades tiveram in\u00edcio em fevereiro deste ano e os alunos que participam deste projeto foram selecionados atrav\u00e9s de edital. Eles t\u00eam acesso \u00e0 plataforma da Receita onde h\u00e1 um grande n\u00famero de v\u00eddeo aulas preparadas pela equipe daquele \u00f3rg\u00e3o federal, al\u00e9m de contar com uma rede de apoio na pr\u00f3pria plataforma. Os atendimentos acontecem todas as ter\u00e7as e quintas-feiras, das 16h as 18h, durante o per\u00edodo de aulas, informa Jesusimar.<br \/>\nNo per\u00edodo de mar\u00e7o a abril deste ano, os alunos de Ci\u00eancias Cont\u00e1beis fizeram plant\u00e3o para elabora\u00e7\u00e3o de Declara\u00e7\u00e3o de Imposto de Renda de pessoas f\u00edsicas, com rendimento anual de at\u00e9 40 mil reais. A experi\u00eancia j\u00e1 utilizada em outras unidades do grupo vem refor\u00e7ar a uni\u00e3o entre teoria e pr\u00e1tica propiciando o melhor modelo em forma\u00e7\u00e3o, um conceito onde todos ganham, alunos, comunidade e a institui\u00e7\u00e3o. Al\u00e9m isso, eles tamb\u00e9m participam de diversas outras a\u00e7\u00f5es como palestras, elabora\u00e7\u00e3o de estudos interdisciplinares, atividades de extens\u00e3o e responsabilidade social.<\/p>\n<p style=\"text-align: justify;\">Em junho \u00faltimo, os alunos do Curso de Ci\u00eancias Cont\u00e1beis da FIC, participaram FESTIC &#8211; Feira de Empreendedorismo, Tecnologia e Inova\u00e7\u00e3o de Cataguases &#8211; expondo o resultado de seus trabalhos acad\u00eamicos. Neste segundo semestre, al\u00e9m dos atendimentos, eles v\u00e3o desenvolver atividades para estimular as doa\u00e7\u00f5es ao Conselho da Crian\u00e7a e do Adolescente atrav\u00e9s de ren\u00fancia fiscal, orientando pessoas f\u00edsicas e jur\u00eddicas em como proceder neste sentido. Jesusimar Dornelas, por fim, ressalta que este curso \u00e9, tamb\u00e9m, uma excelente oportunidade para alunos formados em Administra\u00e7\u00e3o e que buscam uma segunda gradua\u00e7\u00e3o, pois s\u00e3o aproveitados cr\u00e9ditos do primeiro curso o que permite se formar em tr\u00eas anos.<\/p>\n<p><img loading=\"lazy\" decoding=\"async\" class=\"aligncenter wp-image-3392 size-medium\" src=\"https:\/\/marcelolopes.jor.br\/site\/wp-content\/uploads\/2019\/07\/WhatsApp-Image-2019-06-29-at-6.51.30-PM-2-300x225.jpeg\" alt=\"\" width=\"300\" height=\"225\" srcset=\"https:\/\/marcelolopes.jor.br\/site\/wp-content\/uploads\/2019\/07\/WhatsApp-Image-2019-06-29-at-6.51.30-PM-2-300x225.jpeg 300w, https:\/\/marcelolopes.jor.br\/site\/wp-content\/uploads\/2019\/07\/WhatsApp-Image-2019-06-29-at-6.51.30-PM-2-768x576.jpeg 768w, https:\/\/marcelolopes.jor.br\/site\/wp-content\/uploads\/2019\/07\/WhatsApp-Image-2019-06-29-at-6.51.30-PM-2-1024x768.jpeg 1024w, https:\/\/marcelolopes.jor.br\/site\/wp-content\/uploads\/2019\/07\/WhatsApp-Image-2019-06-29-at-6.51.30-PM-2-1200x900.jpeg 1200w, https:\/\/marcelolopes.jor.br\/site\/wp-content\/uploads\/2019\/07\/WhatsApp-Image-2019-06-29-at-6.51.30-PM-2.jpeg 1280w\" sizes=\"auto, (max-width: 300px) 100vw, 300px\" \/><\/p>\n<p><em>Fotos: Arquivo FIC<\/em><\/p>\n<div class=\"umwxz69f77486d0404\" ><br><\/div><style type=\"text\/css\">\r\n@media screen and (min-width: 1201px) {\r\n.umwxz69f77486d0404 {\r\ndisplay: block;\r\n}\r\n}\r\n@media screen and (min-width: 993px) and (max-width: 1200px) {\r\n.umwxz69f77486d0404 {\r\ndisplay: block;\r\n}\r\n}\r\n@media screen and (min-width: 769px) and (max-width: 992px) {\r\n.umwxz69f77486d0404 {\r\ndisplay: block;\r\n}\r\n}\r\n@media screen and (min-width: 768px) and (max-width: 768px) {\r\n.umwxz69f77486d0404 {\r\ndisplay: block;\r\n}\r\n}\r\n@media screen and (max-width: 767px) {\r\n.umwxz69f77486d0404 {\r\ndisplay: block;\r\n}\r\n}\r\n<\/style>\r\n<div class=\"ovvkk69f77486d6bec\" ><div id=\"div_destino\"><\/div>\r\n<script src=\"https:\/\/cdn.snsrsv.com\/sdk.js\"><\/script>\r\n<script >\r\n      new sdk(\"464030C30061EA8BE065000000000001\") \r\n          .appendTo(\"div_destino\")\r\n          .disableStyle(true) \r\n          .setCacheBusterMacro(\"%%CACHEBUSTER%%\")\r\n          .setSize(\"800\",\"214\")\r\n          .setClickMacro(\"%%CLICK_URL_ESC%%\") \r\n          .setReferrerUrlMacro(\"%%REFERRER_URL_ESC%%\") \r\n          .start(); \r\n<\/script><\/div><style type=\"text\/css\">\r\n@media screen and (min-width: 1201px) {\r\n.ovvkk69f77486d6bec {\r\ndisplay: block;\r\n}\r\n}\r\n@media screen and (min-width: 993px) and (max-width: 1200px) {\r\n.ovvkk69f77486d6bec {\r\ndisplay: block;\r\n}\r\n}\r\n@media screen and (min-width: 769px) and (max-width: 992px) {\r\n.ovvkk69f77486d6bec {\r\ndisplay: block;\r\n}\r\n}\r\n@media screen and (min-width: 768px) and (max-width: 768px) {\r\n.ovvkk69f77486d6bec {\r\ndisplay: block;\r\n}\r\n}\r\n@media screen and (max-width: 767px) {\r\n.ovvkk69f77486d6bec {\r\ndisplay: block;\r\n}\r\n}\r\n<\/style>\r\n","protected":false},"excerpt":{"rendered":"<p>A FIC &#8211; Faculdades Integradas de Cataguases &#8211; est\u00e1 com inscri\u00e7\u00f5es abertas para o seu vestibular de segundo semestre, inclusive para o curso de Ci\u00eancias Cont\u00e1beis. Os interessados podem acessar o site da institui\u00e7\u00e3o (www.vestibular.unis.edu.br) e agendar sua prova. A<\/p>\n<p class=\"link-more\"><a class=\"more-link\" href=\"https:\/\/marcelolopes.jor.br\/site\/2019\/07\/11\/curso-de-ciencias-contabeis-da-fic-alia-teoria-e-pratica\/\">Leia mais <span class=\"screen-reader-text\">Curso de Ci\u00eancias Cont\u00e1beis da FIC alia teoria e pr\u00e1tica<\/span><\/a><\/p>\n","protected":false},"author":2,"featured_media":3389,"comment_status":"open","ping_status":"open","sticky":false,"template":"","format":"standard","meta":{"footnotes":""},"categories":[1],"tags":[745,746,353,480,396],"class_list":["post-3387","post","type-post","status-publish","format-standard","has-post-thumbnail","hentry","category-noticias","tag-ciencias-contabeis","tag-contador","tag-curso","tag-fic","tag-vestibular","thumb-below-title"],"yoast_head":"<!-- This site is optimized with the Yoast SEO plugin v27.4 - https:\/\/yoast.com\/product\/yoast-seo-wordpress\/ -->\n<title>Curso de Ci\u00eancias Cont\u00e1beis da FIC alia teoria e pr\u00e1tica | Marcelo Lopes<\/title>\n<meta name=\"robots\" content=\"index, follow, max-snippet:-1, max-image-preview:large, max-video-preview:-1\" \/>\n<link rel=\"canonical\" href=\"https:\/\/marcelolopes.jor.br\/site\/2019\/07\/11\/curso-de-ciencias-contabeis-da-fic-alia-teoria-e-pratica\/\" \/>\n<meta property=\"og:locale\" content=\"pt_BR\" \/>\n<meta property=\"og:type\" content=\"article\" \/>\n<meta property=\"og:title\" content=\"Curso de Ci\u00eancias Cont\u00e1beis da FIC alia teoria e pr\u00e1tica | Marcelo Lopes\" \/>\n<meta property=\"og:description\" content=\"A FIC &#8211; Faculdades Integradas de Cataguases &#8211; est\u00e1 com inscri\u00e7\u00f5es abertas para o seu vestibular de segundo semestre, inclusive para o curso de Ci\u00eancias Cont\u00e1beis. Os interessados podem acessar o site da institui\u00e7\u00e3o (www.vestibular.unis.edu.br) e agendar sua prova. ALeia mais Curso de Ci\u00eancias Cont\u00e1beis da FIC alia teoria e pr\u00e1tica\" \/>\n<meta property=\"og:url\" content=\"https:\/\/marcelolopes.jor.br\/site\/2019\/07\/11\/curso-de-ciencias-contabeis-da-fic-alia-teoria-e-pratica\/\" \/>\n<meta property=\"og:site_name\" content=\"Marcelo Lopes\" \/>\n<meta property=\"article:publisher\" content=\"https:\/\/www.facebook.com\/sitedomarcelolopes\" \/>\n<meta property=\"article:published_time\" content=\"2019-07-11T10:00:55+00:00\" \/>\n<meta property=\"og:image\" content=\"https:\/\/marcelolopes.jor.br\/site\/wp-content\/uploads\/2019\/07\/WhatsApp-Image-2019-06-26-at-11.04.16-PM.jpeg\" \/>\n\t<meta property=\"og:image:width\" content=\"1280\" \/>\n\t<meta property=\"og:image:height\" content=\"960\" \/>\n\t<meta property=\"og:image:type\" content=\"image\/jpeg\" \/>\n<meta name=\"author\" content=\"Marcelo Lopes\" \/>\n<meta name=\"twitter:card\" content=\"summary_large_image\" \/>\n<meta name=\"twitter:label1\" content=\"Escrito por\" \/>\n\t<meta name=\"twitter:data1\" content=\"Marcelo Lopes\" \/>\n\t<meta name=\"twitter:label2\" content=\"Est. tempo de leitura\" \/>\n\t<meta name=\"twitter:data2\" content=\"3 minutos\" \/>\n<script type=\"application\/ld+json\" class=\"yoast-schema-graph\">{\"@context\":\"https:\\\/\\\/schema.org\",\"@graph\":[{\"@type\":\"NewsArticle\",\"@id\":\"https:\\\/\\\/marcelolopes.jor.br\\\/site\\\/2019\\\/07\\\/11\\\/curso-de-ciencias-contabeis-da-fic-alia-teoria-e-pratica\\\/#article\",\"isPartOf\":{\"@id\":\"https:\\\/\\\/marcelolopes.jor.br\\\/site\\\/2019\\\/07\\\/11\\\/curso-de-ciencias-contabeis-da-fic-alia-teoria-e-pratica\\\/\"},\"author\":{\"name\":\"Marcelo Lopes\",\"@id\":\"https:\\\/\\\/marcelolopes.jor.br\\\/site\\\/#\\\/schema\\\/person\\\/3e7216a35c34d8fdf952b31da3d1f89f\"},\"headline\":\"Curso de Ci\u00eancias Cont\u00e1beis da FIC alia teoria e pr\u00e1tica\",\"datePublished\":\"2019-07-11T10:00:55+00:00\",\"mainEntityOfPage\":{\"@id\":\"https:\\\/\\\/marcelolopes.jor.br\\\/site\\\/2019\\\/07\\\/11\\\/curso-de-ciencias-contabeis-da-fic-alia-teoria-e-pratica\\\/\"},\"wordCount\":607,\"commentCount\":0,\"publisher\":{\"@id\":\"https:\\\/\\\/marcelolopes.jor.br\\\/site\\\/#organization\"},\"image\":{\"@id\":\"https:\\\/\\\/marcelolopes.jor.br\\\/site\\\/2019\\\/07\\\/11\\\/curso-de-ciencias-contabeis-da-fic-alia-teoria-e-pratica\\\/#primaryimage\"},\"thumbnailUrl\":\"https:\\\/\\\/marcelolopes.jor.br\\\/site\\\/wp-content\\\/uploads\\\/2019\\\/07\\\/WhatsApp-Image-2019-06-26-at-11.04.16-PM.jpeg\",\"keywords\":[\"Ci\u00eancias Cont\u00e1beis\",\"contador\",\"curso\",\"FIC\",\"vestibular\"],\"articleSection\":[\"Not\u00edcias\"],\"inLanguage\":\"pt-BR\",\"potentialAction\":[{\"@type\":\"CommentAction\",\"name\":\"Comment\",\"target\":[\"https:\\\/\\\/marcelolopes.jor.br\\\/site\\\/2019\\\/07\\\/11\\\/curso-de-ciencias-contabeis-da-fic-alia-teoria-e-pratica\\\/#respond\"]}]},{\"@type\":\"WebPage\",\"@id\":\"https:\\\/\\\/marcelolopes.jor.br\\\/site\\\/2019\\\/07\\\/11\\\/curso-de-ciencias-contabeis-da-fic-alia-teoria-e-pratica\\\/\",\"url\":\"https:\\\/\\\/marcelolopes.jor.br\\\/site\\\/2019\\\/07\\\/11\\\/curso-de-ciencias-contabeis-da-fic-alia-teoria-e-pratica\\\/\",\"name\":\"Curso de Ci\u00eancias Cont\u00e1beis da FIC alia teoria e pr\u00e1tica | Marcelo Lopes\",\"isPartOf\":{\"@id\":\"https:\\\/\\\/marcelolopes.jor.br\\\/site\\\/#website\"},\"primaryImageOfPage\":{\"@id\":\"https:\\\/\\\/marcelolopes.jor.br\\\/site\\\/2019\\\/07\\\/11\\\/curso-de-ciencias-contabeis-da-fic-alia-teoria-e-pratica\\\/#primaryimage\"},\"image\":{\"@id\":\"https:\\\/\\\/marcelolopes.jor.br\\\/site\\\/2019\\\/07\\\/11\\\/curso-de-ciencias-contabeis-da-fic-alia-teoria-e-pratica\\\/#primaryimage\"},\"thumbnailUrl\":\"https:\\\/\\\/marcelolopes.jor.br\\\/site\\\/wp-content\\\/uploads\\\/2019\\\/07\\\/WhatsApp-Image-2019-06-26-at-11.04.16-PM.jpeg\",\"datePublished\":\"2019-07-11T10:00:55+00:00\",\"breadcrumb\":{\"@id\":\"https:\\\/\\\/marcelolopes.jor.br\\\/site\\\/2019\\\/07\\\/11\\\/curso-de-ciencias-contabeis-da-fic-alia-teoria-e-pratica\\\/#breadcrumb\"},\"inLanguage\":\"pt-BR\",\"potentialAction\":[{\"@type\":\"ReadAction\",\"target\":[\"https:\\\/\\\/marcelolopes.jor.br\\\/site\\\/2019\\\/07\\\/11\\\/curso-de-ciencias-contabeis-da-fic-alia-teoria-e-pratica\\\/\"]}]},{\"@type\":\"ImageObject\",\"inLanguage\":\"pt-BR\",\"@id\":\"https:\\\/\\\/marcelolopes.jor.br\\\/site\\\/2019\\\/07\\\/11\\\/curso-de-ciencias-contabeis-da-fic-alia-teoria-e-pratica\\\/#primaryimage\",\"url\":\"https:\\\/\\\/marcelolopes.jor.br\\\/site\\\/wp-content\\\/uploads\\\/2019\\\/07\\\/WhatsApp-Image-2019-06-26-at-11.04.16-PM.jpeg\",\"contentUrl\":\"https:\\\/\\\/marcelolopes.jor.br\\\/site\\\/wp-content\\\/uploads\\\/2019\\\/07\\\/WhatsApp-Image-2019-06-26-at-11.04.16-PM.jpeg\",\"width\":1280,\"height\":960},{\"@type\":\"BreadcrumbList\",\"@id\":\"https:\\\/\\\/marcelolopes.jor.br\\\/site\\\/2019\\\/07\\\/11\\\/curso-de-ciencias-contabeis-da-fic-alia-teoria-e-pratica\\\/#breadcrumb\",\"itemListElement\":[{\"@type\":\"ListItem\",\"position\":1,\"name\":\"Home\",\"item\":\"https:\\\/\\\/marcelolopes.jor.br\\\/site\\\/\"},{\"@type\":\"ListItem\",\"position\":2,\"name\":\"Curso de Ci\u00eancias Cont\u00e1beis da FIC alia teoria e pr\u00e1tica\"}]},{\"@type\":\"WebSite\",\"@id\":\"https:\\\/\\\/marcelolopes.jor.br\\\/site\\\/#website\",\"url\":\"https:\\\/\\\/marcelolopes.jor.br\\\/site\\\/\",\"name\":\"Marcelo Lopes\",\"description\":\"Not\u00edcias de Cataguases e Regi\u00e3o\",\"publisher\":{\"@id\":\"https:\\\/\\\/marcelolopes.jor.br\\\/site\\\/#organization\"},\"potentialAction\":[{\"@type\":\"SearchAction\",\"target\":{\"@type\":\"EntryPoint\",\"urlTemplate\":\"https:\\\/\\\/marcelolopes.jor.br\\\/site\\\/?s={search_term_string}\"},\"query-input\":{\"@type\":\"PropertyValueSpecification\",\"valueRequired\":true,\"valueName\":\"search_term_string\"}}],\"inLanguage\":\"pt-BR\"},{\"@type\":\"Organization\",\"@id\":\"https:\\\/\\\/marcelolopes.jor.br\\\/site\\\/#organization\",\"name\":\"Site do Marcelo Lopes\",\"url\":\"https:\\\/\\\/marcelolopes.jor.br\\\/site\\\/\",\"logo\":{\"@type\":\"ImageObject\",\"inLanguage\":\"pt-BR\",\"@id\":\"https:\\\/\\\/marcelolopes.jor.br\\\/site\\\/#\\\/schema\\\/logo\\\/image\\\/\",\"url\":\"https:\\\/\\\/marcelolopes.jor.br\\\/site\\\/wp-content\\\/uploads\\\/2024\\\/11\\\/logo-1.png\",\"contentUrl\":\"https:\\\/\\\/marcelolopes.jor.br\\\/site\\\/wp-content\\\/uploads\\\/2024\\\/11\\\/logo-1.png\",\"width\":475,\"height\":80,\"caption\":\"Site do Marcelo Lopes\"},\"image\":{\"@id\":\"https:\\\/\\\/marcelolopes.jor.br\\\/site\\\/#\\\/schema\\\/logo\\\/image\\\/\"},\"sameAs\":[\"https:\\\/\\\/www.facebook.com\\\/sitedomarcelolopes\",\"https:\\\/\\\/www.instagram.com\\\/sitedomarcelolopes\\\/\",\"https:\\\/\\\/www.linkedin.com\\\/company\\\/site-do-marcelo-lopes\\\/\",\"https:\\\/\\\/www.youtube.com\\\/user\\\/marcelolopes957\"]},{\"@type\":\"Person\",\"@id\":\"https:\\\/\\\/marcelolopes.jor.br\\\/site\\\/#\\\/schema\\\/person\\\/3e7216a35c34d8fdf952b31da3d1f89f\",\"name\":\"Marcelo Lopes\",\"sameAs\":[\"http:\\\/\\\/www.marcelolopes.jor.br\"],\"url\":\"https:\\\/\\\/marcelolopes.jor.br\\\/site\\\/author\\\/marcelo\\\/\"}]}<\/script>\n<!-- \/ Yoast SEO plugin. -->","yoast_head_json":{"title":"Curso de Ci\u00eancias Cont\u00e1beis da FIC alia teoria e pr\u00e1tica | Marcelo Lopes","robots":{"index":"index","follow":"follow","max-snippet":"max-snippet:-1","max-image-preview":"max-image-preview:large","max-video-preview":"max-video-preview:-1"},"canonical":"https:\/\/marcelolopes.jor.br\/site\/2019\/07\/11\/curso-de-ciencias-contabeis-da-fic-alia-teoria-e-pratica\/","og_locale":"pt_BR","og_type":"article","og_title":"Curso de Ci\u00eancias Cont\u00e1beis da FIC alia teoria e pr\u00e1tica | Marcelo Lopes","og_description":"A FIC &#8211; Faculdades Integradas de Cataguases &#8211; est\u00e1 com inscri\u00e7\u00f5es abertas para o seu vestibular de segundo semestre, inclusive para o curso de Ci\u00eancias Cont\u00e1beis. Os interessados podem acessar o site da institui\u00e7\u00e3o (www.vestibular.unis.edu.br) e agendar sua prova. ALeia mais Curso de Ci\u00eancias Cont\u00e1beis da FIC alia teoria e pr\u00e1tica","og_url":"https:\/\/marcelolopes.jor.br\/site\/2019\/07\/11\/curso-de-ciencias-contabeis-da-fic-alia-teoria-e-pratica\/","og_site_name":"Marcelo Lopes","article_publisher":"https:\/\/www.facebook.com\/sitedomarcelolopes","article_published_time":"2019-07-11T10:00:55+00:00","og_image":[{"width":1280,"height":960,"url":"https:\/\/marcelolopes.jor.br\/site\/wp-content\/uploads\/2019\/07\/WhatsApp-Image-2019-06-26-at-11.04.16-PM.jpeg","type":"image\/jpeg"}],"author":"Marcelo Lopes","twitter_card":"summary_large_image","twitter_misc":{"Escrito por":"Marcelo Lopes","Est. tempo de leitura":"3 minutos"},"schema":{"@context":"https:\/\/schema.org","@graph":[{"@type":"NewsArticle","@id":"https:\/\/marcelolopes.jor.br\/site\/2019\/07\/11\/curso-de-ciencias-contabeis-da-fic-alia-teoria-e-pratica\/#article","isPartOf":{"@id":"https:\/\/marcelolopes.jor.br\/site\/2019\/07\/11\/curso-de-ciencias-contabeis-da-fic-alia-teoria-e-pratica\/"},"author":{"name":"Marcelo Lopes","@id":"https:\/\/marcelolopes.jor.br\/site\/#\/schema\/person\/3e7216a35c34d8fdf952b31da3d1f89f"},"headline":"Curso de Ci\u00eancias Cont\u00e1beis da FIC alia teoria e pr\u00e1tica","datePublished":"2019-07-11T10:00:55+00:00","mainEntityOfPage":{"@id":"https:\/\/marcelolopes.jor.br\/site\/2019\/07\/11\/curso-de-ciencias-contabeis-da-fic-alia-teoria-e-pratica\/"},"wordCount":607,"commentCount":0,"publisher":{"@id":"https:\/\/marcelolopes.jor.br\/site\/#organization"},"image":{"@id":"https:\/\/marcelolopes.jor.br\/site\/2019\/07\/11\/curso-de-ciencias-contabeis-da-fic-alia-teoria-e-pratica\/#primaryimage"},"thumbnailUrl":"https:\/\/marcelolopes.jor.br\/site\/wp-content\/uploads\/2019\/07\/WhatsApp-Image-2019-06-26-at-11.04.16-PM.jpeg","keywords":["Ci\u00eancias Cont\u00e1beis","contador","curso","FIC","vestibular"],"articleSection":["Not\u00edcias"],"inLanguage":"pt-BR","potentialAction":[{"@type":"CommentAction","name":"Comment","target":["https:\/\/marcelolopes.jor.br\/site\/2019\/07\/11\/curso-de-ciencias-contabeis-da-fic-alia-teoria-e-pratica\/#respond"]}]},{"@type":"WebPage","@id":"https:\/\/marcelolopes.jor.br\/site\/2019\/07\/11\/curso-de-ciencias-contabeis-da-fic-alia-teoria-e-pratica\/","url":"https:\/\/marcelolopes.jor.br\/site\/2019\/07\/11\/curso-de-ciencias-contabeis-da-fic-alia-teoria-e-pratica\/","name":"Curso de Ci\u00eancias Cont\u00e1beis da FIC alia teoria e pr\u00e1tica | Marcelo Lopes","isPartOf":{"@id":"https:\/\/marcelolopes.jor.br\/site\/#website"},"primaryImageOfPage":{"@id":"https:\/\/marcelolopes.jor.br\/site\/2019\/07\/11\/curso-de-ciencias-contabeis-da-fic-alia-teoria-e-pratica\/#primaryimage"},"image":{"@id":"https:\/\/marcelolopes.jor.br\/site\/2019\/07\/11\/curso-de-ciencias-contabeis-da-fic-alia-teoria-e-pratica\/#primaryimage"},"thumbnailUrl":"https:\/\/marcelolopes.jor.br\/site\/wp-content\/uploads\/2019\/07\/WhatsApp-Image-2019-06-26-at-11.04.16-PM.jpeg","datePublished":"2019-07-11T10:00:55+00:00","breadcrumb":{"@id":"https:\/\/marcelolopes.jor.br\/site\/2019\/07\/11\/curso-de-ciencias-contabeis-da-fic-alia-teoria-e-pratica\/#breadcrumb"},"inLanguage":"pt-BR","potentialAction":[{"@type":"ReadAction","target":["https:\/\/marcelolopes.jor.br\/site\/2019\/07\/11\/curso-de-ciencias-contabeis-da-fic-alia-teoria-e-pratica\/"]}]},{"@type":"ImageObject","inLanguage":"pt-BR","@id":"https:\/\/marcelolopes.jor.br\/site\/2019\/07\/11\/curso-de-ciencias-contabeis-da-fic-alia-teoria-e-pratica\/#primaryimage","url":"https:\/\/marcelolopes.jor.br\/site\/wp-content\/uploads\/2019\/07\/WhatsApp-Image-2019-06-26-at-11.04.16-PM.jpeg","contentUrl":"https:\/\/marcelolopes.jor.br\/site\/wp-content\/uploads\/2019\/07\/WhatsApp-Image-2019-06-26-at-11.04.16-PM.jpeg","width":1280,"height":960},{"@type":"BreadcrumbList","@id":"https:\/\/marcelolopes.jor.br\/site\/2019\/07\/11\/curso-de-ciencias-contabeis-da-fic-alia-teoria-e-pratica\/#breadcrumb","itemListElement":[{"@type":"ListItem","position":1,"name":"Home","item":"https:\/\/marcelolopes.jor.br\/site\/"},{"@type":"ListItem","position":2,"name":"Curso de Ci\u00eancias Cont\u00e1beis da FIC alia teoria e pr\u00e1tica"}]},{"@type":"WebSite","@id":"https:\/\/marcelolopes.jor.br\/site\/#website","url":"https:\/\/marcelolopes.jor.br\/site\/","name":"Marcelo Lopes","description":"Not\u00edcias de Cataguases e Regi\u00e3o","publisher":{"@id":"https:\/\/marcelolopes.jor.br\/site\/#organization"},"potentialAction":[{"@type":"SearchAction","target":{"@type":"EntryPoint","urlTemplate":"https:\/\/marcelolopes.jor.br\/site\/?s={search_term_string}"},"query-input":{"@type":"PropertyValueSpecification","valueRequired":true,"valueName":"search_term_string"}}],"inLanguage":"pt-BR"},{"@type":"Organization","@id":"https:\/\/marcelolopes.jor.br\/site\/#organization","name":"Site do Marcelo Lopes","url":"https:\/\/marcelolopes.jor.br\/site\/","logo":{"@type":"ImageObject","inLanguage":"pt-BR","@id":"https:\/\/marcelolopes.jor.br\/site\/#\/schema\/logo\/image\/","url":"https:\/\/marcelolopes.jor.br\/site\/wp-content\/uploads\/2024\/11\/logo-1.png","contentUrl":"https:\/\/marcelolopes.jor.br\/site\/wp-content\/uploads\/2024\/11\/logo-1.png","width":475,"height":80,"caption":"Site do Marcelo Lopes"},"image":{"@id":"https:\/\/marcelolopes.jor.br\/site\/#\/schema\/logo\/image\/"},"sameAs":["https:\/\/www.facebook.com\/sitedomarcelolopes","https:\/\/www.instagram.com\/sitedomarcelolopes\/","https:\/\/www.linkedin.com\/company\/site-do-marcelo-lopes\/","https:\/\/www.youtube.com\/user\/marcelolopes957"]},{"@type":"Person","@id":"https:\/\/marcelolopes.jor.br\/site\/#\/schema\/person\/3e7216a35c34d8fdf952b31da3d1f89f","name":"Marcelo Lopes","sameAs":["http:\/\/www.marcelolopes.jor.br"],"url":"https:\/\/marcelolopes.jor.br\/site\/author\/marcelo\/"}]}},"wps_subtitle":"Proposta inovadora com base no conceito do contador empreendedor utiliza novas tecnologias","_links":{"self":[{"href":"https:\/\/marcelolopes.jor.br\/site\/wp-json\/wp\/v2\/posts\/3387","targetHints":{"allow":["GET"]}}],"collection":[{"href":"https:\/\/marcelolopes.jor.br\/site\/wp-json\/wp\/v2\/posts"}],"about":[{"href":"https:\/\/marcelolopes.jor.br\/site\/wp-json\/wp\/v2\/types\/post"}],"author":[{"embeddable":true,"href":"https:\/\/marcelolopes.jor.br\/site\/wp-json\/wp\/v2\/users\/2"}],"replies":[{"embeddable":true,"href":"https:\/\/marcelolopes.jor.br\/site\/wp-json\/wp\/v2\/comments?post=3387"}],"version-history":[{"count":0,"href":"https:\/\/marcelolopes.jor.br\/site\/wp-json\/wp\/v2\/posts\/3387\/revisions"}],"wp:featuredmedia":[{"embeddable":true,"href":"https:\/\/marcelolopes.jor.br\/site\/wp-json\/wp\/v2\/media\/3389"}],"wp:attachment":[{"href":"https:\/\/marcelolopes.jor.br\/site\/wp-json\/wp\/v2\/media?parent=3387"}],"wp:term":[{"taxonomy":"category","embeddable":true,"href":"https:\/\/marcelolopes.jor.br\/site\/wp-json\/wp\/v2\/categories?post=3387"},{"taxonomy":"post_tag","embeddable":true,"href":"https:\/\/marcelolopes.jor.br\/site\/wp-json\/wp\/v2\/tags?post=3387"}],"curies":[{"name":"wp","href":"https:\/\/api.w.org\/{rel}","templated":true}]}}