{"id":33747,"date":"2022-06-10T19:50:39","date_gmt":"2022-06-10T22:50:39","guid":{"rendered":"https:\/\/marcelolopes.jor.br\/?p=33747"},"modified":"2022-06-10T19:58:34","modified_gmt":"2022-06-10T22:58:34","slug":"suspeito-de-furtos-em-residencias-e-preso-pelas-policias-civil-e-militar","status":"publish","type":"post","link":"https:\/\/marcelolopes.jor.br\/site\/2022\/06\/10\/suspeito-de-furtos-em-residencias-e-preso-pelas-policias-civil-e-militar\/","title":{"rendered":"Suspeito de furtos em resid\u00eancias \u00e9 preso pelas Pol\u00edcias Civil e Militar"},"content":{"rendered":"<p style=\"text-align: justify;\">Uma opera\u00e7\u00e3o conjunta das Pol\u00edcias Civil e Militar prendeu na manh\u00e3 desta sexta-feira, 10 de junho, na Vila Reis, um homem de 30 anos de idade, identificado pelas iniciais J.M.G.D. Ele \u00e9 suspeito de ser um dos principais autores de furto a resid\u00eancias em Cataguases. Durante o cerco policial o suspeito tentou fugir, mas foi detido pelos policiais.<!--more--><\/p>\n<p style=\"text-align: justify;\">De acordo com informa\u00e7\u00f5es do delegado de Pol\u00edcia Civil respons\u00e1vel pelo caso, Marcelo Manna, o indiv\u00edduo \u00e9 investigado por &#8220;diversos furtos em resid\u00eancia e sempre agia de madrugada onde ficava perambulando pelas ruas da cidade \u00e0 procura do im\u00f3vel que possibilitasse a sua entrada&#8221;, explicou. Ainda conforme Marcelo Manna, &#8220;em um dos casos, o homem escalou aproximadamente sete metros da fachada de um pr\u00e9dio e adentrou clandestinamente no local pela janela da sala. L\u00e1 dentro, subtraiu dinheiro e um tablet&#8221;, contou.<\/p>\n<p style=\"text-align: justify;\">Este furto foi registrado pelas c\u00e2meras do circuito interno de seguran\u00e7a instaladas no edif\u00edcio, acrescentou o delegado, o que proporcionou o reconhecimento do investigado. Marcelo Manna disse, tamb\u00e9m, que o suspeito ostenta &#8220;in\u00fameras passagens por crimes contra o patrim\u00f4nio, sendo preso em v\u00e1rias outras ocasi\u00f5es pelo mesmo delito, inclusive com duas condena\u00e7\u00f5es pelo crime de furto.&#8221;<\/p>\n<p style=\"text-align: justify;\">Ap\u00f3s os procedimentos administrativos o homem foi encaminhado ao pres\u00eddio de Cataguases onde encontra-se \u00e0 disposi\u00e7\u00e3o da justi\u00e7a. Participaram da sua pris\u00e3o os Investigadores Leonardo Pessanha e Jo\u00e3o Ant\u00f4nio Paes Siervi e os Policiais Militares, C\u00e1ssio de Souza Ramos e \u00cdtalo M\u00e1rcio Gomes.<\/p>\n<p><strong>NOT\u00cdCIAS RELACIONADAS<\/strong><\/p>\n<p><a href=\"https:\/\/marcelolopes.jor.br\/2022\/06\/08\/policia-civil-prende-tres-suspeitos-de-homicidio-em-cataguases\/\"><strong><span style=\"color: #800000;\">Pol\u00edcia Civil prende tr\u00eas suspeitos de homic\u00eddio em Cataguases<\/span><\/strong><\/a><\/p>\n<p><a href=\"https:\/\/marcelolopes.jor.br\/2022\/04\/07\/adolescentes-sao-apreendidos-e-um-rapaz-e-preso-em-operacao-das-policiais-civil-e-militar\/\"><strong><span style=\"color: #800000;\">Adolescentes s\u00e3o apreendidos e rapaz \u00e9 preso em opera\u00e7\u00e3o das policiais Civil e Militar<\/span><\/strong><\/a><\/p>\n<p><a href=\"https:\/\/marcelolopes.jor.br\/2021\/04\/14\/policias-militar-e-civil-fazem-operacao-conjunta-em-astolfo-dutra\/\"><strong><span style=\"color: #800000;\">Pol\u00edcias Militar e Civil fazem opera\u00e7\u00e3o conjunta em Astolfo Dutra<\/span><\/strong><\/a><\/p>\n<div class=\"dnncd69f5db8ddec3b\" ><br><\/div><style type=\"text\/css\">\r\n@media screen and (min-width: 1201px) {\r\n.dnncd69f5db8ddec3b {\r\ndisplay: block;\r\n}\r\n}\r\n@media screen and (min-width: 993px) and (max-width: 1200px) {\r\n.dnncd69f5db8ddec3b {\r\ndisplay: block;\r\n}\r\n}\r\n@media screen and (min-width: 769px) and (max-width: 992px) {\r\n.dnncd69f5db8ddec3b {\r\ndisplay: block;\r\n}\r\n}\r\n@media screen and (min-width: 768px) and (max-width: 768px) {\r\n.dnncd69f5db8ddec3b {\r\ndisplay: block;\r\n}\r\n}\r\n@media screen and (max-width: 767px) {\r\n.dnncd69f5db8ddec3b {\r\ndisplay: block;\r\n}\r\n}\r\n<\/style>\r\n<div class=\"ewjpe69f5db8de5a55\" ><div id=\"div_destino\"><\/div>\r\n<script src=\"https:\/\/cdn.snsrsv.com\/sdk.js\"><\/script>\r\n<script >\r\n      new sdk(\"464030C30061EA8BE065000000000001\") \r\n          .appendTo(\"div_destino\")\r\n          .disableStyle(true) \r\n          .setCacheBusterMacro(\"%%CACHEBUSTER%%\")\r\n          .setSize(\"800\",\"214\")\r\n          .setClickMacro(\"%%CLICK_URL_ESC%%\") \r\n          .setReferrerUrlMacro(\"%%REFERRER_URL_ESC%%\") \r\n          .start(); \r\n<\/script><\/div><style type=\"text\/css\">\r\n@media screen and (min-width: 1201px) {\r\n.ewjpe69f5db8de5a55 {\r\ndisplay: block;\r\n}\r\n}\r\n@media screen and (min-width: 993px) and (max-width: 1200px) {\r\n.ewjpe69f5db8de5a55 {\r\ndisplay: block;\r\n}\r\n}\r\n@media screen and (min-width: 769px) and (max-width: 992px) {\r\n.ewjpe69f5db8de5a55 {\r\ndisplay: block;\r\n}\r\n}\r\n@media screen and (min-width: 768px) and (max-width: 768px) {\r\n.ewjpe69f5db8de5a55 {\r\ndisplay: block;\r\n}\r\n}\r\n@media screen and (max-width: 767px) {\r\n.ewjpe69f5db8de5a55 {\r\ndisplay: block;\r\n}\r\n}\r\n<\/style>\r\n","protected":false},"excerpt":{"rendered":"<p>Uma opera\u00e7\u00e3o conjunta das Pol\u00edcias Civil e Militar prendeu na manh\u00e3 desta sexta-feira, 10 de junho, na Vila Reis, um homem de 30 anos de idade, identificado pelas iniciais J.M.G.D. Ele \u00e9 suspeito de ser um dos principais autores de<\/p>\n<p class=\"link-more\"><a class=\"more-link\" href=\"https:\/\/marcelolopes.jor.br\/site\/2022\/06\/10\/suspeito-de-furtos-em-residencias-e-preso-pelas-policias-civil-e-militar\/\">Leia mais <span class=\"screen-reader-text\">Suspeito de furtos em resid\u00eancias \u00e9 preso pelas Pol\u00edcias Civil e Militar<\/span><\/a><\/p>\n","protected":false},"author":2,"featured_media":16307,"comment_status":"open","ping_status":"open","sticky":false,"template":"","format":"standard","meta":{"footnotes":""},"categories":[1],"tags":[3880,942,6094,5446],"class_list":["post-33747","post","type-post","status-publish","format-standard","has-post-thumbnail","hentry","category-noticias","tag-operacao-conjunta","tag-operacao-policial","tag-pm-e-pc","tag-policias-civil-e-militar","thumb-below-title"],"yoast_head":"<!-- This site is optimized with the Yoast SEO plugin v27.4 - https:\/\/yoast.com\/product\/yoast-seo-wordpress\/ -->\n<title>Suspeito de furtos em resid\u00eancias \u00e9 preso pelas Pol\u00edcias Civil e Militar<\/title>\n<meta name=\"description\" content=\"Suspeito de furtos em resid\u00eancias \u00e9 preso pelas pol\u00edcias Civil e Militar na Vila Reis na manh\u00e3 desta sexta-feira, 10 de junho.\" \/>\n<meta name=\"robots\" content=\"index, follow, max-snippet:-1, max-image-preview:large, max-video-preview:-1\" \/>\n<link rel=\"canonical\" href=\"https:\/\/marcelolopes.jor.br\/site\/2022\/06\/10\/suspeito-de-furtos-em-residencias-e-preso-pelas-policias-civil-e-militar\/\" \/>\n<meta property=\"og:locale\" content=\"pt_BR\" \/>\n<meta property=\"og:type\" content=\"article\" \/>\n<meta property=\"og:title\" content=\"Suspeito de furtos em resid\u00eancias \u00e9 preso pelas Pol\u00edcias Civil e Militar\" \/>\n<meta property=\"og:description\" content=\"Suspeito de furtos em resid\u00eancias \u00e9 preso pelas pol\u00edcias Civil e Militar na Vila Reis na manh\u00e3 desta sexta-feira, 10 de junho.\" \/>\n<meta property=\"og:url\" content=\"https:\/\/marcelolopes.jor.br\/site\/2022\/06\/10\/suspeito-de-furtos-em-residencias-e-preso-pelas-policias-civil-e-militar\/\" \/>\n<meta property=\"og:site_name\" content=\"Marcelo Lopes\" \/>\n<meta property=\"article:publisher\" content=\"https:\/\/www.facebook.com\/sitedomarcelolopes\" \/>\n<meta property=\"article:published_time\" content=\"2022-06-10T22:50:39+00:00\" \/>\n<meta property=\"article:modified_time\" content=\"2022-06-10T22:58:34+00:00\" \/>\n<meta property=\"og:image\" content=\"https:\/\/marcelolopes.jor.br\/site\/wp-content\/uploads\/2020\/08\/Delegacia1.jpg\" \/>\n\t<meta property=\"og:image:width\" content=\"800\" \/>\n\t<meta property=\"og:image:height\" content=\"600\" \/>\n\t<meta property=\"og:image:type\" content=\"image\/jpeg\" \/>\n<meta name=\"author\" content=\"Marcelo Lopes\" \/>\n<meta name=\"twitter:card\" content=\"summary_large_image\" \/>\n<meta name=\"twitter:label1\" content=\"Escrito por\" \/>\n\t<meta name=\"twitter:data1\" content=\"Marcelo Lopes\" \/>\n\t<meta name=\"twitter:label2\" content=\"Est. tempo de leitura\" \/>\n\t<meta name=\"twitter:data2\" content=\"2 minutos\" \/>\n<script type=\"application\/ld+json\" class=\"yoast-schema-graph\">{\"@context\":\"https:\\\/\\\/schema.org\",\"@graph\":[{\"@type\":\"NewsArticle\",\"@id\":\"https:\\\/\\\/marcelolopes.jor.br\\\/site\\\/2022\\\/06\\\/10\\\/suspeito-de-furtos-em-residencias-e-preso-pelas-policias-civil-e-militar\\\/#article\",\"isPartOf\":{\"@id\":\"https:\\\/\\\/marcelolopes.jor.br\\\/site\\\/2022\\\/06\\\/10\\\/suspeito-de-furtos-em-residencias-e-preso-pelas-policias-civil-e-militar\\\/\"},\"author\":{\"name\":\"Marcelo Lopes\",\"@id\":\"https:\\\/\\\/marcelolopes.jor.br\\\/site\\\/#\\\/schema\\\/person\\\/3e7216a35c34d8fdf952b31da3d1f89f\"},\"headline\":\"Suspeito de furtos em resid\u00eancias \u00e9 preso pelas Pol\u00edcias Civil e Militar\",\"datePublished\":\"2022-06-10T22:50:39+00:00\",\"dateModified\":\"2022-06-10T22:58:34+00:00\",\"mainEntityOfPage\":{\"@id\":\"https:\\\/\\\/marcelolopes.jor.br\\\/site\\\/2022\\\/06\\\/10\\\/suspeito-de-furtos-em-residencias-e-preso-pelas-policias-civil-e-militar\\\/\"},\"wordCount\":318,\"commentCount\":0,\"publisher\":{\"@id\":\"https:\\\/\\\/marcelolopes.jor.br\\\/site\\\/#organization\"},\"image\":{\"@id\":\"https:\\\/\\\/marcelolopes.jor.br\\\/site\\\/2022\\\/06\\\/10\\\/suspeito-de-furtos-em-residencias-e-preso-pelas-policias-civil-e-militar\\\/#primaryimage\"},\"thumbnailUrl\":\"https:\\\/\\\/marcelolopes.jor.br\\\/site\\\/wp-content\\\/uploads\\\/2020\\\/08\\\/Delegacia1.jpg\",\"keywords\":[\"opera\u00e7\u00e3o conjunta\",\"opera\u00e7\u00e3o policial\",\"PM e PC\",\"Pol\u00edcias Civil e Militar\"],\"articleSection\":[\"Not\u00edcias\"],\"inLanguage\":\"pt-BR\",\"potentialAction\":[{\"@type\":\"CommentAction\",\"name\":\"Comment\",\"target\":[\"https:\\\/\\\/marcelolopes.jor.br\\\/site\\\/2022\\\/06\\\/10\\\/suspeito-de-furtos-em-residencias-e-preso-pelas-policias-civil-e-militar\\\/#respond\"]}]},{\"@type\":\"WebPage\",\"@id\":\"https:\\\/\\\/marcelolopes.jor.br\\\/site\\\/2022\\\/06\\\/10\\\/suspeito-de-furtos-em-residencias-e-preso-pelas-policias-civil-e-militar\\\/\",\"url\":\"https:\\\/\\\/marcelolopes.jor.br\\\/site\\\/2022\\\/06\\\/10\\\/suspeito-de-furtos-em-residencias-e-preso-pelas-policias-civil-e-militar\\\/\",\"name\":\"Suspeito de furtos em resid\u00eancias \u00e9 preso pelas Pol\u00edcias Civil e Militar\",\"isPartOf\":{\"@id\":\"https:\\\/\\\/marcelolopes.jor.br\\\/site\\\/#website\"},\"primaryImageOfPage\":{\"@id\":\"https:\\\/\\\/marcelolopes.jor.br\\\/site\\\/2022\\\/06\\\/10\\\/suspeito-de-furtos-em-residencias-e-preso-pelas-policias-civil-e-militar\\\/#primaryimage\"},\"image\":{\"@id\":\"https:\\\/\\\/marcelolopes.jor.br\\\/site\\\/2022\\\/06\\\/10\\\/suspeito-de-furtos-em-residencias-e-preso-pelas-policias-civil-e-militar\\\/#primaryimage\"},\"thumbnailUrl\":\"https:\\\/\\\/marcelolopes.jor.br\\\/site\\\/wp-content\\\/uploads\\\/2020\\\/08\\\/Delegacia1.jpg\",\"datePublished\":\"2022-06-10T22:50:39+00:00\",\"dateModified\":\"2022-06-10T22:58:34+00:00\",\"description\":\"Suspeito de furtos em resid\u00eancias \u00e9 preso pelas pol\u00edcias Civil e Militar na Vila Reis na manh\u00e3 desta sexta-feira, 10 de junho.\",\"breadcrumb\":{\"@id\":\"https:\\\/\\\/marcelolopes.jor.br\\\/site\\\/2022\\\/06\\\/10\\\/suspeito-de-furtos-em-residencias-e-preso-pelas-policias-civil-e-militar\\\/#breadcrumb\"},\"inLanguage\":\"pt-BR\",\"potentialAction\":[{\"@type\":\"ReadAction\",\"target\":[\"https:\\\/\\\/marcelolopes.jor.br\\\/site\\\/2022\\\/06\\\/10\\\/suspeito-de-furtos-em-residencias-e-preso-pelas-policias-civil-e-militar\\\/\"]}]},{\"@type\":\"ImageObject\",\"inLanguage\":\"pt-BR\",\"@id\":\"https:\\\/\\\/marcelolopes.jor.br\\\/site\\\/2022\\\/06\\\/10\\\/suspeito-de-furtos-em-residencias-e-preso-pelas-policias-civil-e-militar\\\/#primaryimage\",\"url\":\"https:\\\/\\\/marcelolopes.jor.br\\\/site\\\/wp-content\\\/uploads\\\/2020\\\/08\\\/Delegacia1.jpg\",\"contentUrl\":\"https:\\\/\\\/marcelolopes.jor.br\\\/site\\\/wp-content\\\/uploads\\\/2020\\\/08\\\/Delegacia1.jpg\",\"width\":800,\"height\":600,\"caption\":\"suspeito de furtos em resid\u00eancias\"},{\"@type\":\"BreadcrumbList\",\"@id\":\"https:\\\/\\\/marcelolopes.jor.br\\\/site\\\/2022\\\/06\\\/10\\\/suspeito-de-furtos-em-residencias-e-preso-pelas-policias-civil-e-militar\\\/#breadcrumb\",\"itemListElement\":[{\"@type\":\"ListItem\",\"position\":1,\"name\":\"Home\",\"item\":\"https:\\\/\\\/marcelolopes.jor.br\\\/site\\\/\"},{\"@type\":\"ListItem\",\"position\":2,\"name\":\"Suspeito de furtos em resid\u00eancias \u00e9 preso pelas Pol\u00edcias Civil e Militar\"}]},{\"@type\":\"WebSite\",\"@id\":\"https:\\\/\\\/marcelolopes.jor.br\\\/site\\\/#website\",\"url\":\"https:\\\/\\\/marcelolopes.jor.br\\\/site\\\/\",\"name\":\"Marcelo Lopes\",\"description\":\"Not\u00edcias de Cataguases e Regi\u00e3o\",\"publisher\":{\"@id\":\"https:\\\/\\\/marcelolopes.jor.br\\\/site\\\/#organization\"},\"potentialAction\":[{\"@type\":\"SearchAction\",\"target\":{\"@type\":\"EntryPoint\",\"urlTemplate\":\"https:\\\/\\\/marcelolopes.jor.br\\\/site\\\/?s={search_term_string}\"},\"query-input\":{\"@type\":\"PropertyValueSpecification\",\"valueRequired\":true,\"valueName\":\"search_term_string\"}}],\"inLanguage\":\"pt-BR\"},{\"@type\":\"Organization\",\"@id\":\"https:\\\/\\\/marcelolopes.jor.br\\\/site\\\/#organization\",\"name\":\"Site do Marcelo Lopes\",\"url\":\"https:\\\/\\\/marcelolopes.jor.br\\\/site\\\/\",\"logo\":{\"@type\":\"ImageObject\",\"inLanguage\":\"pt-BR\",\"@id\":\"https:\\\/\\\/marcelolopes.jor.br\\\/site\\\/#\\\/schema\\\/logo\\\/image\\\/\",\"url\":\"https:\\\/\\\/marcelolopes.jor.br\\\/site\\\/wp-content\\\/uploads\\\/2024\\\/11\\\/logo-1.png\",\"contentUrl\":\"https:\\\/\\\/marcelolopes.jor.br\\\/site\\\/wp-content\\\/uploads\\\/2024\\\/11\\\/logo-1.png\",\"width\":475,\"height\":80,\"caption\":\"Site do Marcelo Lopes\"},\"image\":{\"@id\":\"https:\\\/\\\/marcelolopes.jor.br\\\/site\\\/#\\\/schema\\\/logo\\\/image\\\/\"},\"sameAs\":[\"https:\\\/\\\/www.facebook.com\\\/sitedomarcelolopes\",\"https:\\\/\\\/www.instagram.com\\\/sitedomarcelolopes\\\/\",\"https:\\\/\\\/www.linkedin.com\\\/company\\\/site-do-marcelo-lopes\\\/\",\"https:\\\/\\\/www.youtube.com\\\/user\\\/marcelolopes957\"]},{\"@type\":\"Person\",\"@id\":\"https:\\\/\\\/marcelolopes.jor.br\\\/site\\\/#\\\/schema\\\/person\\\/3e7216a35c34d8fdf952b31da3d1f89f\",\"name\":\"Marcelo Lopes\",\"sameAs\":[\"http:\\\/\\\/www.marcelolopes.jor.br\"],\"url\":\"https:\\\/\\\/marcelolopes.jor.br\\\/site\\\/author\\\/marcelo\\\/\"}]}<\/script>\n<!-- \/ Yoast SEO plugin. -->","yoast_head_json":{"title":"Suspeito de furtos em resid\u00eancias \u00e9 preso pelas Pol\u00edcias Civil e Militar","description":"Suspeito de furtos em resid\u00eancias \u00e9 preso pelas pol\u00edcias Civil e Militar na Vila Reis na manh\u00e3 desta sexta-feira, 10 de junho.","robots":{"index":"index","follow":"follow","max-snippet":"max-snippet:-1","max-image-preview":"max-image-preview:large","max-video-preview":"max-video-preview:-1"},"canonical":"https:\/\/marcelolopes.jor.br\/site\/2022\/06\/10\/suspeito-de-furtos-em-residencias-e-preso-pelas-policias-civil-e-militar\/","og_locale":"pt_BR","og_type":"article","og_title":"Suspeito de furtos em resid\u00eancias \u00e9 preso pelas Pol\u00edcias Civil e Militar","og_description":"Suspeito de furtos em resid\u00eancias \u00e9 preso pelas pol\u00edcias Civil e Militar na Vila Reis na manh\u00e3 desta sexta-feira, 10 de junho.","og_url":"https:\/\/marcelolopes.jor.br\/site\/2022\/06\/10\/suspeito-de-furtos-em-residencias-e-preso-pelas-policias-civil-e-militar\/","og_site_name":"Marcelo Lopes","article_publisher":"https:\/\/www.facebook.com\/sitedomarcelolopes","article_published_time":"2022-06-10T22:50:39+00:00","article_modified_time":"2022-06-10T22:58:34+00:00","og_image":[{"width":800,"height":600,"url":"https:\/\/marcelolopes.jor.br\/site\/wp-content\/uploads\/2020\/08\/Delegacia1.jpg","type":"image\/jpeg"}],"author":"Marcelo Lopes","twitter_card":"summary_large_image","twitter_misc":{"Escrito por":"Marcelo Lopes","Est. tempo de leitura":"2 minutos"},"schema":{"@context":"https:\/\/schema.org","@graph":[{"@type":"NewsArticle","@id":"https:\/\/marcelolopes.jor.br\/site\/2022\/06\/10\/suspeito-de-furtos-em-residencias-e-preso-pelas-policias-civil-e-militar\/#article","isPartOf":{"@id":"https:\/\/marcelolopes.jor.br\/site\/2022\/06\/10\/suspeito-de-furtos-em-residencias-e-preso-pelas-policias-civil-e-militar\/"},"author":{"name":"Marcelo Lopes","@id":"https:\/\/marcelolopes.jor.br\/site\/#\/schema\/person\/3e7216a35c34d8fdf952b31da3d1f89f"},"headline":"Suspeito de furtos em resid\u00eancias \u00e9 preso pelas Pol\u00edcias Civil e Militar","datePublished":"2022-06-10T22:50:39+00:00","dateModified":"2022-06-10T22:58:34+00:00","mainEntityOfPage":{"@id":"https:\/\/marcelolopes.jor.br\/site\/2022\/06\/10\/suspeito-de-furtos-em-residencias-e-preso-pelas-policias-civil-e-militar\/"},"wordCount":318,"commentCount":0,"publisher":{"@id":"https:\/\/marcelolopes.jor.br\/site\/#organization"},"image":{"@id":"https:\/\/marcelolopes.jor.br\/site\/2022\/06\/10\/suspeito-de-furtos-em-residencias-e-preso-pelas-policias-civil-e-militar\/#primaryimage"},"thumbnailUrl":"https:\/\/marcelolopes.jor.br\/site\/wp-content\/uploads\/2020\/08\/Delegacia1.jpg","keywords":["opera\u00e7\u00e3o conjunta","opera\u00e7\u00e3o policial","PM e PC","Pol\u00edcias Civil e Militar"],"articleSection":["Not\u00edcias"],"inLanguage":"pt-BR","potentialAction":[{"@type":"CommentAction","name":"Comment","target":["https:\/\/marcelolopes.jor.br\/site\/2022\/06\/10\/suspeito-de-furtos-em-residencias-e-preso-pelas-policias-civil-e-militar\/#respond"]}]},{"@type":"WebPage","@id":"https:\/\/marcelolopes.jor.br\/site\/2022\/06\/10\/suspeito-de-furtos-em-residencias-e-preso-pelas-policias-civil-e-militar\/","url":"https:\/\/marcelolopes.jor.br\/site\/2022\/06\/10\/suspeito-de-furtos-em-residencias-e-preso-pelas-policias-civil-e-militar\/","name":"Suspeito de furtos em resid\u00eancias \u00e9 preso pelas Pol\u00edcias Civil e Militar","isPartOf":{"@id":"https:\/\/marcelolopes.jor.br\/site\/#website"},"primaryImageOfPage":{"@id":"https:\/\/marcelolopes.jor.br\/site\/2022\/06\/10\/suspeito-de-furtos-em-residencias-e-preso-pelas-policias-civil-e-militar\/#primaryimage"},"image":{"@id":"https:\/\/marcelolopes.jor.br\/site\/2022\/06\/10\/suspeito-de-furtos-em-residencias-e-preso-pelas-policias-civil-e-militar\/#primaryimage"},"thumbnailUrl":"https:\/\/marcelolopes.jor.br\/site\/wp-content\/uploads\/2020\/08\/Delegacia1.jpg","datePublished":"2022-06-10T22:50:39+00:00","dateModified":"2022-06-10T22:58:34+00:00","description":"Suspeito de furtos em resid\u00eancias \u00e9 preso pelas pol\u00edcias Civil e Militar na Vila Reis na manh\u00e3 desta sexta-feira, 10 de junho.","breadcrumb":{"@id":"https:\/\/marcelolopes.jor.br\/site\/2022\/06\/10\/suspeito-de-furtos-em-residencias-e-preso-pelas-policias-civil-e-militar\/#breadcrumb"},"inLanguage":"pt-BR","potentialAction":[{"@type":"ReadAction","target":["https:\/\/marcelolopes.jor.br\/site\/2022\/06\/10\/suspeito-de-furtos-em-residencias-e-preso-pelas-policias-civil-e-militar\/"]}]},{"@type":"ImageObject","inLanguage":"pt-BR","@id":"https:\/\/marcelolopes.jor.br\/site\/2022\/06\/10\/suspeito-de-furtos-em-residencias-e-preso-pelas-policias-civil-e-militar\/#primaryimage","url":"https:\/\/marcelolopes.jor.br\/site\/wp-content\/uploads\/2020\/08\/Delegacia1.jpg","contentUrl":"https:\/\/marcelolopes.jor.br\/site\/wp-content\/uploads\/2020\/08\/Delegacia1.jpg","width":800,"height":600,"caption":"suspeito de furtos em resid\u00eancias"},{"@type":"BreadcrumbList","@id":"https:\/\/marcelolopes.jor.br\/site\/2022\/06\/10\/suspeito-de-furtos-em-residencias-e-preso-pelas-policias-civil-e-militar\/#breadcrumb","itemListElement":[{"@type":"ListItem","position":1,"name":"Home","item":"https:\/\/marcelolopes.jor.br\/site\/"},{"@type":"ListItem","position":2,"name":"Suspeito de furtos em resid\u00eancias \u00e9 preso pelas Pol\u00edcias Civil e Militar"}]},{"@type":"WebSite","@id":"https:\/\/marcelolopes.jor.br\/site\/#website","url":"https:\/\/marcelolopes.jor.br\/site\/","name":"Marcelo Lopes","description":"Not\u00edcias de Cataguases e Regi\u00e3o","publisher":{"@id":"https:\/\/marcelolopes.jor.br\/site\/#organization"},"potentialAction":[{"@type":"SearchAction","target":{"@type":"EntryPoint","urlTemplate":"https:\/\/marcelolopes.jor.br\/site\/?s={search_term_string}"},"query-input":{"@type":"PropertyValueSpecification","valueRequired":true,"valueName":"search_term_string"}}],"inLanguage":"pt-BR"},{"@type":"Organization","@id":"https:\/\/marcelolopes.jor.br\/site\/#organization","name":"Site do Marcelo Lopes","url":"https:\/\/marcelolopes.jor.br\/site\/","logo":{"@type":"ImageObject","inLanguage":"pt-BR","@id":"https:\/\/marcelolopes.jor.br\/site\/#\/schema\/logo\/image\/","url":"https:\/\/marcelolopes.jor.br\/site\/wp-content\/uploads\/2024\/11\/logo-1.png","contentUrl":"https:\/\/marcelolopes.jor.br\/site\/wp-content\/uploads\/2024\/11\/logo-1.png","width":475,"height":80,"caption":"Site do Marcelo Lopes"},"image":{"@id":"https:\/\/marcelolopes.jor.br\/site\/#\/schema\/logo\/image\/"},"sameAs":["https:\/\/www.facebook.com\/sitedomarcelolopes","https:\/\/www.instagram.com\/sitedomarcelolopes\/","https:\/\/www.linkedin.com\/company\/site-do-marcelo-lopes\/","https:\/\/www.youtube.com\/user\/marcelolopes957"]},{"@type":"Person","@id":"https:\/\/marcelolopes.jor.br\/site\/#\/schema\/person\/3e7216a35c34d8fdf952b31da3d1f89f","name":"Marcelo Lopes","sameAs":["http:\/\/www.marcelolopes.jor.br"],"url":"https:\/\/marcelolopes.jor.br\/site\/author\/marcelo\/"}]}},"wps_subtitle":"Ele chegou a escalar um pr\u00e9dio de cerca de sete metros para entrar no im\u00f3vel.","_links":{"self":[{"href":"https:\/\/marcelolopes.jor.br\/site\/wp-json\/wp\/v2\/posts\/33747","targetHints":{"allow":["GET"]}}],"collection":[{"href":"https:\/\/marcelolopes.jor.br\/site\/wp-json\/wp\/v2\/posts"}],"about":[{"href":"https:\/\/marcelolopes.jor.br\/site\/wp-json\/wp\/v2\/types\/post"}],"author":[{"embeddable":true,"href":"https:\/\/marcelolopes.jor.br\/site\/wp-json\/wp\/v2\/users\/2"}],"replies":[{"embeddable":true,"href":"https:\/\/marcelolopes.jor.br\/site\/wp-json\/wp\/v2\/comments?post=33747"}],"version-history":[{"count":0,"href":"https:\/\/marcelolopes.jor.br\/site\/wp-json\/wp\/v2\/posts\/33747\/revisions"}],"wp:featuredmedia":[{"embeddable":true,"href":"https:\/\/marcelolopes.jor.br\/site\/wp-json\/wp\/v2\/media\/16307"}],"wp:attachment":[{"href":"https:\/\/marcelolopes.jor.br\/site\/wp-json\/wp\/v2\/media?parent=33747"}],"wp:term":[{"taxonomy":"category","embeddable":true,"href":"https:\/\/marcelolopes.jor.br\/site\/wp-json\/wp\/v2\/categories?post=33747"},{"taxonomy":"post_tag","embeddable":true,"href":"https:\/\/marcelolopes.jor.br\/site\/wp-json\/wp\/v2\/tags?post=33747"}],"curies":[{"name":"wp","href":"https:\/\/api.w.org\/{rel}","templated":true}]}}