{"id":33526,"date":"2022-06-02T12:00:36","date_gmt":"2022-06-02T15:00:36","guid":{"rendered":"https:\/\/marcelolopes.jor.br\/?p=33526"},"modified":"2022-06-02T09:41:13","modified_gmt":"2022-06-02T12:41:13","slug":"audiencia-publica-mostra-pros-e-contras-sobre-a-ampliacao-no-horario-do-comercio","status":"publish","type":"post","link":"https:\/\/marcelolopes.jor.br\/site\/2022\/06\/02\/audiencia-publica-mostra-pros-e-contras-sobre-a-ampliacao-no-horario-do-comercio\/","title":{"rendered":"Audi\u00eancia P\u00fablica mostra pr\u00f3s e contras sobre a amplia\u00e7\u00e3o no hor\u00e1rio do com\u00e9rcio"},"content":{"rendered":"<p style=\"text-align: justify;\">A C\u00e2mara Municipal de Cataguases realizou na noite desta quarta-feira, 1\u00ba de junho, Audi\u00eancia P\u00fablica para discutir sobre a amplia\u00e7\u00e3o do hor\u00e1rio de funcionamento do com\u00e9rcio local. A iniciativa atendeu proposi\u00e7\u00e3o feita pelo vereador Silvio Romero (Podemos), a partir de projeto de lei a este respeito, apresentado pelo vereador Professor Jeferson (PSL), permitindo que o setor funcione at\u00e9 \u00e0s 22 horas, conforme a demanda.<!--more--><\/p>\n<p style=\"text-align: justify;\"><img loading=\"lazy\" decoding=\"async\" class=\"aligncenter wp-image-33528\" src=\"https:\/\/marcelolopes.jor.br\/site\/wp-content\/uploads\/2022\/06\/IMG_2846-Grande-300x169.jpeg\" alt=\"Hor\u00e1rio de funcionamento do com\u00e9rcio\" width=\"700\" height=\"394\" srcset=\"https:\/\/marcelolopes.jor.br\/site\/wp-content\/uploads\/2022\/06\/IMG_2846-Grande-300x169.jpeg 300w, https:\/\/marcelolopes.jor.br\/site\/wp-content\/uploads\/2022\/06\/IMG_2846-Grande-1024x576.jpeg 1024w, https:\/\/marcelolopes.jor.br\/site\/wp-content\/uploads\/2022\/06\/IMG_2846-Grande-768x432.jpeg 768w, https:\/\/marcelolopes.jor.br\/site\/wp-content\/uploads\/2022\/06\/IMG_2846-Grande-1200x675.jpeg 1200w, https:\/\/marcelolopes.jor.br\/site\/wp-content\/uploads\/2022\/06\/IMG_2846-Grande.jpeg 1280w\" sizes=\"auto, (max-width: 700px) 100vw, 700px\" \/>Amplamente divulgado, o evento no entanto, n\u00e3o teve a ades\u00e3o do povo como esperava o Legislativo Municipal que contratou at\u00e9 uma equipe de seguran\u00e7a privada, de Juiz de Fora. O fato, in\u00e9dito na <a href=\"https:\/\/cmcataguases.com.br\"><strong><span style=\"color: #993366;\">C\u00e2mara Municipal<\/span><\/strong><\/a>, mereceu cr\u00edticas variadas daqueles que l\u00e1 compareceram e passaram por uma r\u00edgida revista pessoal. A professora Ma\u00edsa Fernandes, ex-candidata a vice-prefeita pelo PSOL, registrou sua indigna\u00e7\u00e3o: &#8220;Eu fui vistoriada, minha bolsa foi vistoriada como seu eu fosse uma pessoa perigosa para esta Casa.&#8221;(&#8230;) E \u00e9 assim que serei recebida daqui pra frente nesta Casa? Eu gostaria que n\u00e3o fosse assim&#8221;, completou.<\/p>\n<p style=\"text-align: justify;\"><img loading=\"lazy\" decoding=\"async\" class=\"alignleft wp-image-33529\" src=\"https:\/\/marcelolopes.jor.br\/site\/wp-content\/uploads\/2022\/06\/Iennaco.jpg\" alt=\"hor\u00e1rio de funcionamento do com\u00e9rcio\" width=\"180\" height=\"264\" \/>Ao contr\u00e1rio do que muitos imaginam, audi\u00eancias p\u00fablicas n\u00e3o s\u00e3o deliberativas, mas sim, instrumento para ampliar o debate e o conhecimento sobre um tema relevante que vai afetar a vida da comunidade. No caso, a amplia\u00e7\u00e3o do hor\u00e1rio de funcionamento do com\u00e9rcio. Neste sentido, o presidente da Audi\u00eancia, Silvio Romero, trouxe para o evento diversas autoridades em Direito do Trabalho, como o Desembargador aposentado do Tribunal Regional do Trabalho, Luis Ant\u00f4nio Iennaco (foto ao lado), e o Gerente Regional do Trabalho em Juiz de Fora, S\u00e9rgio Nagasawa, al\u00e9m de advogados, empres\u00e1rios e representantes dos trabalhadores.<\/p>\n<p style=\"text-align: justify;\">Com a realiza\u00e7\u00e3o da Audi\u00eancia P\u00fablica, o projeto de lei que prev\u00ea a amplia\u00e7\u00e3o do hor\u00e1rio de funcionamento do com\u00e9rcio em Cataguases poder\u00e1 ser levado \u00e0 vota\u00e7\u00e3o j\u00e1 a partir da sess\u00e3o ordin\u00e1ria da pr\u00f3xima semana, dependendo exclusivamente do presidente daquela Casa, vereador Felipe Ramos (Podemos), uma vez que \u00e9 prerrogativa dele definir a pauta das sess\u00f5es. O evento desta quarta-feira deixou claro que o novo hor\u00e1rio do com\u00e9rcio &#8211; caso seja aprovado &#8211; n\u00e3o ser\u00e1 implantado de uma hora para outra, e ser\u00e1 facultativo. Por outro lado trouxe outras preocupa\u00e7\u00f5es ao debate como seguran\u00e7a p\u00fablica e transporte coletivo que, agora, devem pesar sobre o voto dos vereadores.<\/p>\n<p style=\"text-align: justify;\"><strong>NOT\u00cdCIAS RELACIONADAS<\/strong><\/p>\n<p><a href=\"https:\/\/marcelolopes.jor.br\/2022\/03\/09\/audiencia-publica-discute-o-plano-municipal-de-gestao-integrada-de-residuos-solidos\/\"><strong><span style=\"color: #993366;\">Audi\u00eancia P\u00fablica discute o Plano Municipal de Gest\u00e3o Integrada de Res\u00edduos S\u00f3lidos<\/span><\/strong><\/a><\/p>\n<p><a href=\"https:\/\/marcelolopes.jor.br\/2021\/09\/14\/uamc-promove-audiencia-publica-sobre-a-revitalizacao-da-ferrovia-na-regiao\/\"><strong><span style=\"color: #993366;\">UAMC promove Audi\u00eancia P\u00fablica sobre a revitaliza\u00e7\u00e3o da ferrovia na regi\u00e3o<\/span><\/strong><\/a><\/p>\n<p><a href=\"https:\/\/marcelolopes.jor.br\/2020\/12\/04\/audiencia-publica-debate-necessidades-da-escola-tecnica-municipal-joana-darc\/\"><strong><span style=\"color: #993366;\">Audi\u00eancia P\u00fablica debate necessidades da Escola T\u00e9cnica Municipal Joana D`Arc<\/span><\/strong><\/a><\/p>\n<p><img loading=\"lazy\" decoding=\"async\" class=\"aligncenter wp-image-33530\" src=\"https:\/\/marcelolopes.jor.br\/site\/wp-content\/uploads\/2022\/06\/IMG_2851-Grande-300x169.jpeg\" alt=\"\" width=\"700\" height=\"394\" srcset=\"https:\/\/marcelolopes.jor.br\/site\/wp-content\/uploads\/2022\/06\/IMG_2851-Grande-300x169.jpeg 300w, https:\/\/marcelolopes.jor.br\/site\/wp-content\/uploads\/2022\/06\/IMG_2851-Grande-1024x576.jpeg 1024w, https:\/\/marcelolopes.jor.br\/site\/wp-content\/uploads\/2022\/06\/IMG_2851-Grande-768x432.jpeg 768w, https:\/\/marcelolopes.jor.br\/site\/wp-content\/uploads\/2022\/06\/IMG_2851-Grande-1200x675.jpeg 1200w, https:\/\/marcelolopes.jor.br\/site\/wp-content\/uploads\/2022\/06\/IMG_2851-Grande.jpeg 1280w\" sizes=\"auto, (max-width: 700px) 100vw, 700px\" \/> <img loading=\"lazy\" decoding=\"async\" class=\"aligncenter wp-image-33531\" src=\"https:\/\/marcelolopes.jor.br\/site\/wp-content\/uploads\/2022\/06\/IMG_2852-Grande-300x169.jpeg\" alt=\"\" width=\"700\" height=\"394\" srcset=\"https:\/\/marcelolopes.jor.br\/site\/wp-content\/uploads\/2022\/06\/IMG_2852-Grande-300x169.jpeg 300w, https:\/\/marcelolopes.jor.br\/site\/wp-content\/uploads\/2022\/06\/IMG_2852-Grande-1024x576.jpeg 1024w, https:\/\/marcelolopes.jor.br\/site\/wp-content\/uploads\/2022\/06\/IMG_2852-Grande-768x432.jpeg 768w, https:\/\/marcelolopes.jor.br\/site\/wp-content\/uploads\/2022\/06\/IMG_2852-Grande-1200x675.jpeg 1200w, https:\/\/marcelolopes.jor.br\/site\/wp-content\/uploads\/2022\/06\/IMG_2852-Grande.jpeg 1280w\" sizes=\"auto, (max-width: 700px) 100vw, 700px\" \/> <img loading=\"lazy\" decoding=\"async\" class=\"aligncenter wp-image-33532\" src=\"https:\/\/marcelolopes.jor.br\/site\/wp-content\/uploads\/2022\/06\/IMG_2857-Grande-300x169.jpeg\" alt=\"\" width=\"700\" height=\"394\" srcset=\"https:\/\/marcelolopes.jor.br\/site\/wp-content\/uploads\/2022\/06\/IMG_2857-Grande-300x169.jpeg 300w, https:\/\/marcelolopes.jor.br\/site\/wp-content\/uploads\/2022\/06\/IMG_2857-Grande-1024x576.jpeg 1024w, https:\/\/marcelolopes.jor.br\/site\/wp-content\/uploads\/2022\/06\/IMG_2857-Grande-768x432.jpeg 768w, https:\/\/marcelolopes.jor.br\/site\/wp-content\/uploads\/2022\/06\/IMG_2857-Grande-1200x675.jpeg 1200w, https:\/\/marcelolopes.jor.br\/site\/wp-content\/uploads\/2022\/06\/IMG_2857-Grande.jpeg 1280w\" sizes=\"auto, (max-width: 700px) 100vw, 700px\" \/> <img loading=\"lazy\" decoding=\"async\" class=\"aligncenter wp-image-33533\" src=\"https:\/\/marcelolopes.jor.br\/site\/wp-content\/uploads\/2022\/06\/IMG_2860-Grande-300x169.jpeg\" alt=\"\" width=\"700\" height=\"394\" srcset=\"https:\/\/marcelolopes.jor.br\/site\/wp-content\/uploads\/2022\/06\/IMG_2860-Grande-300x169.jpeg 300w, https:\/\/marcelolopes.jor.br\/site\/wp-content\/uploads\/2022\/06\/IMG_2860-Grande-1024x576.jpeg 1024w, https:\/\/marcelolopes.jor.br\/site\/wp-content\/uploads\/2022\/06\/IMG_2860-Grande-768x432.jpeg 768w, https:\/\/marcelolopes.jor.br\/site\/wp-content\/uploads\/2022\/06\/IMG_2860-Grande-1200x675.jpeg 1200w, https:\/\/marcelolopes.jor.br\/site\/wp-content\/uploads\/2022\/06\/IMG_2860-Grande.jpeg 1280w\" sizes=\"auto, (max-width: 700px) 100vw, 700px\" \/> <img loading=\"lazy\" decoding=\"async\" class=\"aligncenter wp-image-33534\" src=\"https:\/\/marcelolopes.jor.br\/site\/wp-content\/uploads\/2022\/06\/IMG_2858-Grande-300x169.jpeg\" alt=\"\" width=\"700\" height=\"394\" srcset=\"https:\/\/marcelolopes.jor.br\/site\/wp-content\/uploads\/2022\/06\/IMG_2858-Grande-300x169.jpeg 300w, https:\/\/marcelolopes.jor.br\/site\/wp-content\/uploads\/2022\/06\/IMG_2858-Grande-1024x576.jpeg 1024w, https:\/\/marcelolopes.jor.br\/site\/wp-content\/uploads\/2022\/06\/IMG_2858-Grande-768x432.jpeg 768w, https:\/\/marcelolopes.jor.br\/site\/wp-content\/uploads\/2022\/06\/IMG_2858-Grande-1200x675.jpeg 1200w, https:\/\/marcelolopes.jor.br\/site\/wp-content\/uploads\/2022\/06\/IMG_2858-Grande.jpeg 1280w\" sizes=\"auto, (max-width: 700px) 100vw, 700px\" \/><\/p>\n<div class=\"whlqb69f5ce2f7a69e\" ><br><\/div><style type=\"text\/css\">\r\n@media screen and (min-width: 1201px) {\r\n.whlqb69f5ce2f7a69e {\r\ndisplay: block;\r\n}\r\n}\r\n@media screen and (min-width: 993px) and (max-width: 1200px) {\r\n.whlqb69f5ce2f7a69e {\r\ndisplay: block;\r\n}\r\n}\r\n@media screen and (min-width: 769px) and (max-width: 992px) {\r\n.whlqb69f5ce2f7a69e {\r\ndisplay: block;\r\n}\r\n}\r\n@media screen and (min-width: 768px) and (max-width: 768px) {\r\n.whlqb69f5ce2f7a69e {\r\ndisplay: block;\r\n}\r\n}\r\n@media screen and (max-width: 767px) {\r\n.whlqb69f5ce2f7a69e {\r\ndisplay: block;\r\n}\r\n}\r\n<\/style>\r\n<div class=\"vhsqw69f5ce2f816cd\" ><div id=\"div_destino\"><\/div>\r\n<script src=\"https:\/\/cdn.snsrsv.com\/sdk.js\"><\/script>\r\n<script >\r\n      new sdk(\"464030C30061EA8BE065000000000001\") \r\n          .appendTo(\"div_destino\")\r\n          .disableStyle(true) \r\n          .setCacheBusterMacro(\"%%CACHEBUSTER%%\")\r\n          .setSize(\"800\",\"214\")\r\n          .setClickMacro(\"%%CLICK_URL_ESC%%\") \r\n          .setReferrerUrlMacro(\"%%REFERRER_URL_ESC%%\") \r\n          .start(); \r\n<\/script><\/div><style type=\"text\/css\">\r\n@media screen and (min-width: 1201px) {\r\n.vhsqw69f5ce2f816cd {\r\ndisplay: block;\r\n}\r\n}\r\n@media screen and (min-width: 993px) and (max-width: 1200px) {\r\n.vhsqw69f5ce2f816cd {\r\ndisplay: block;\r\n}\r\n}\r\n@media screen and (min-width: 769px) and (max-width: 992px) {\r\n.vhsqw69f5ce2f816cd {\r\ndisplay: block;\r\n}\r\n}\r\n@media screen and (min-width: 768px) and (max-width: 768px) {\r\n.vhsqw69f5ce2f816cd {\r\ndisplay: block;\r\n}\r\n}\r\n@media screen and (max-width: 767px) {\r\n.vhsqw69f5ce2f816cd {\r\ndisplay: block;\r\n}\r\n}\r\n<\/style>\r\n","protected":false},"excerpt":{"rendered":"<p>A C\u00e2mara Municipal de Cataguases realizou na noite desta quarta-feira, 1\u00ba de junho, Audi\u00eancia P\u00fablica para discutir sobre a amplia\u00e7\u00e3o do hor\u00e1rio de funcionamento do com\u00e9rcio local. A iniciativa atendeu proposi\u00e7\u00e3o feita pelo vereador Silvio Romero (Podemos), a partir de<\/p>\n<p class=\"link-more\"><a class=\"more-link\" href=\"https:\/\/marcelolopes.jor.br\/site\/2022\/06\/02\/audiencia-publica-mostra-pros-e-contras-sobre-a-ampliacao-no-horario-do-comercio\/\">Leia mais <span class=\"screen-reader-text\">Audi\u00eancia P\u00fablica mostra pr\u00f3s e contras sobre a amplia\u00e7\u00e3o no hor\u00e1rio do com\u00e9rcio<\/span><\/a><\/p>\n","protected":false},"author":2,"featured_media":33527,"comment_status":"open","ping_status":"open","sticky":false,"template":"","format":"standard","meta":{"footnotes":""},"categories":[1],"tags":[623,5324,6027,3520,3623,6044],"class_list":["post-33526","post","type-post","status-publish","format-standard","has-post-thumbnail","hentry","category-noticias","tag-audiencia-publica","tag-camara-municipal-de-cataguases","tag-funcionamento-do-comercio","tag-horario-do-comercio","tag-sindicato-do-comercio","tag-sindicato-dos-trabalhadores-no-comercio","thumb-below-title"],"yoast_head":"<!-- This site is optimized with the Yoast SEO plugin v27.4 - https:\/\/yoast.com\/product\/yoast-seo-wordpress\/ -->\n<title>Audi\u00eancia P\u00fablica mostra pr\u00f3s e contras sobre a amplia\u00e7\u00e3o no hor\u00e1rio<\/title>\n<meta name=\"description\" content=\"Audi\u00eancia P\u00fablica mostra pr\u00f3s e contras sobre a amplia\u00e7\u00e3o no hor\u00e1rio do com\u00e9rcio. evento teve forte esquema de seguran\u00e7a.\" \/>\n<meta name=\"robots\" content=\"index, follow, max-snippet:-1, max-image-preview:large, max-video-preview:-1\" \/>\n<link rel=\"canonical\" href=\"https:\/\/marcelolopes.jor.br\/site\/2022\/06\/02\/audiencia-publica-mostra-pros-e-contras-sobre-a-ampliacao-no-horario-do-comercio\/\" \/>\n<meta property=\"og:locale\" content=\"pt_BR\" \/>\n<meta property=\"og:type\" content=\"article\" \/>\n<meta property=\"og:title\" content=\"Audi\u00eancia P\u00fablica mostra pr\u00f3s e contras sobre a amplia\u00e7\u00e3o no hor\u00e1rio\" \/>\n<meta property=\"og:description\" content=\"Audi\u00eancia P\u00fablica mostra pr\u00f3s e contras sobre a amplia\u00e7\u00e3o no hor\u00e1rio do com\u00e9rcio. evento teve forte esquema de seguran\u00e7a.\" \/>\n<meta property=\"og:url\" content=\"https:\/\/marcelolopes.jor.br\/site\/2022\/06\/02\/audiencia-publica-mostra-pros-e-contras-sobre-a-ampliacao-no-horario-do-comercio\/\" \/>\n<meta property=\"og:site_name\" content=\"Marcelo Lopes\" \/>\n<meta property=\"article:publisher\" content=\"https:\/\/www.facebook.com\/sitedomarcelolopes\" \/>\n<meta property=\"article:published_time\" content=\"2022-06-02T15:00:36+00:00\" \/>\n<meta property=\"og:image\" content=\"https:\/\/marcelolopes.jor.br\/site\/wp-content\/uploads\/2022\/06\/IMG_2842-Grande.jpeg\" \/>\n\t<meta property=\"og:image:width\" content=\"1280\" \/>\n\t<meta property=\"og:image:height\" content=\"720\" \/>\n\t<meta property=\"og:image:type\" content=\"image\/jpeg\" \/>\n<meta name=\"author\" content=\"Marcelo Lopes\" \/>\n<meta name=\"twitter:card\" content=\"summary_large_image\" \/>\n<meta name=\"twitter:label1\" content=\"Escrito por\" \/>\n\t<meta name=\"twitter:data1\" content=\"Marcelo Lopes\" \/>\n\t<meta name=\"twitter:label2\" content=\"Est. tempo de leitura\" \/>\n\t<meta name=\"twitter:data2\" content=\"2 minutos\" \/>\n<script type=\"application\/ld+json\" class=\"yoast-schema-graph\">{\"@context\":\"https:\\\/\\\/schema.org\",\"@graph\":[{\"@type\":\"NewsArticle\",\"@id\":\"https:\\\/\\\/marcelolopes.jor.br\\\/site\\\/2022\\\/06\\\/02\\\/audiencia-publica-mostra-pros-e-contras-sobre-a-ampliacao-no-horario-do-comercio\\\/#article\",\"isPartOf\":{\"@id\":\"https:\\\/\\\/marcelolopes.jor.br\\\/site\\\/2022\\\/06\\\/02\\\/audiencia-publica-mostra-pros-e-contras-sobre-a-ampliacao-no-horario-do-comercio\\\/\"},\"author\":{\"name\":\"Marcelo Lopes\",\"@id\":\"https:\\\/\\\/marcelolopes.jor.br\\\/site\\\/#\\\/schema\\\/person\\\/3e7216a35c34d8fdf952b31da3d1f89f\"},\"headline\":\"Audi\u00eancia P\u00fablica mostra pr\u00f3s e contras sobre a amplia\u00e7\u00e3o no hor\u00e1rio do com\u00e9rcio\",\"datePublished\":\"2022-06-02T15:00:36+00:00\",\"mainEntityOfPage\":{\"@id\":\"https:\\\/\\\/marcelolopes.jor.br\\\/site\\\/2022\\\/06\\\/02\\\/audiencia-publica-mostra-pros-e-contras-sobre-a-ampliacao-no-horario-do-comercio\\\/\"},\"wordCount\":473,\"commentCount\":0,\"publisher\":{\"@id\":\"https:\\\/\\\/marcelolopes.jor.br\\\/site\\\/#organization\"},\"image\":{\"@id\":\"https:\\\/\\\/marcelolopes.jor.br\\\/site\\\/2022\\\/06\\\/02\\\/audiencia-publica-mostra-pros-e-contras-sobre-a-ampliacao-no-horario-do-comercio\\\/#primaryimage\"},\"thumbnailUrl\":\"https:\\\/\\\/marcelolopes.jor.br\\\/site\\\/wp-content\\\/uploads\\\/2022\\\/06\\\/IMG_2842-Grande.jpeg\",\"keywords\":[\"audi\u00eancia p\u00fablica\",\"C\u00e2mara Municipal de Cataguases\",\"funcionamento do com\u00e9rcio\",\"hor\u00e1rio do com\u00e9rcio\",\"Sindicato do Com\u00e9rcio\",\"Sindicato dos Trabalhadores no Com\u00e9rcio\"],\"articleSection\":[\"Not\u00edcias\"],\"inLanguage\":\"pt-BR\",\"potentialAction\":[{\"@type\":\"CommentAction\",\"name\":\"Comment\",\"target\":[\"https:\\\/\\\/marcelolopes.jor.br\\\/site\\\/2022\\\/06\\\/02\\\/audiencia-publica-mostra-pros-e-contras-sobre-a-ampliacao-no-horario-do-comercio\\\/#respond\"]}]},{\"@type\":\"WebPage\",\"@id\":\"https:\\\/\\\/marcelolopes.jor.br\\\/site\\\/2022\\\/06\\\/02\\\/audiencia-publica-mostra-pros-e-contras-sobre-a-ampliacao-no-horario-do-comercio\\\/\",\"url\":\"https:\\\/\\\/marcelolopes.jor.br\\\/site\\\/2022\\\/06\\\/02\\\/audiencia-publica-mostra-pros-e-contras-sobre-a-ampliacao-no-horario-do-comercio\\\/\",\"name\":\"Audi\u00eancia P\u00fablica mostra pr\u00f3s e contras sobre a amplia\u00e7\u00e3o no hor\u00e1rio\",\"isPartOf\":{\"@id\":\"https:\\\/\\\/marcelolopes.jor.br\\\/site\\\/#website\"},\"primaryImageOfPage\":{\"@id\":\"https:\\\/\\\/marcelolopes.jor.br\\\/site\\\/2022\\\/06\\\/02\\\/audiencia-publica-mostra-pros-e-contras-sobre-a-ampliacao-no-horario-do-comercio\\\/#primaryimage\"},\"image\":{\"@id\":\"https:\\\/\\\/marcelolopes.jor.br\\\/site\\\/2022\\\/06\\\/02\\\/audiencia-publica-mostra-pros-e-contras-sobre-a-ampliacao-no-horario-do-comercio\\\/#primaryimage\"},\"thumbnailUrl\":\"https:\\\/\\\/marcelolopes.jor.br\\\/site\\\/wp-content\\\/uploads\\\/2022\\\/06\\\/IMG_2842-Grande.jpeg\",\"datePublished\":\"2022-06-02T15:00:36+00:00\",\"description\":\"Audi\u00eancia P\u00fablica mostra pr\u00f3s e contras sobre a amplia\u00e7\u00e3o no hor\u00e1rio do com\u00e9rcio. evento teve forte esquema de seguran\u00e7a.\",\"breadcrumb\":{\"@id\":\"https:\\\/\\\/marcelolopes.jor.br\\\/site\\\/2022\\\/06\\\/02\\\/audiencia-publica-mostra-pros-e-contras-sobre-a-ampliacao-no-horario-do-comercio\\\/#breadcrumb\"},\"inLanguage\":\"pt-BR\",\"potentialAction\":[{\"@type\":\"ReadAction\",\"target\":[\"https:\\\/\\\/marcelolopes.jor.br\\\/site\\\/2022\\\/06\\\/02\\\/audiencia-publica-mostra-pros-e-contras-sobre-a-ampliacao-no-horario-do-comercio\\\/\"]}]},{\"@type\":\"ImageObject\",\"inLanguage\":\"pt-BR\",\"@id\":\"https:\\\/\\\/marcelolopes.jor.br\\\/site\\\/2022\\\/06\\\/02\\\/audiencia-publica-mostra-pros-e-contras-sobre-a-ampliacao-no-horario-do-comercio\\\/#primaryimage\",\"url\":\"https:\\\/\\\/marcelolopes.jor.br\\\/site\\\/wp-content\\\/uploads\\\/2022\\\/06\\\/IMG_2842-Grande.jpeg\",\"contentUrl\":\"https:\\\/\\\/marcelolopes.jor.br\\\/site\\\/wp-content\\\/uploads\\\/2022\\\/06\\\/IMG_2842-Grande.jpeg\",\"width\":1280,\"height\":720,\"caption\":\"Hor\u00e1rio de funcionamento do com\u00e9rcio\"},{\"@type\":\"BreadcrumbList\",\"@id\":\"https:\\\/\\\/marcelolopes.jor.br\\\/site\\\/2022\\\/06\\\/02\\\/audiencia-publica-mostra-pros-e-contras-sobre-a-ampliacao-no-horario-do-comercio\\\/#breadcrumb\",\"itemListElement\":[{\"@type\":\"ListItem\",\"position\":1,\"name\":\"Home\",\"item\":\"https:\\\/\\\/marcelolopes.jor.br\\\/site\\\/\"},{\"@type\":\"ListItem\",\"position\":2,\"name\":\"Audi\u00eancia P\u00fablica mostra pr\u00f3s e contras sobre a amplia\u00e7\u00e3o no hor\u00e1rio do com\u00e9rcio\"}]},{\"@type\":\"WebSite\",\"@id\":\"https:\\\/\\\/marcelolopes.jor.br\\\/site\\\/#website\",\"url\":\"https:\\\/\\\/marcelolopes.jor.br\\\/site\\\/\",\"name\":\"Marcelo Lopes\",\"description\":\"Not\u00edcias de Cataguases e Regi\u00e3o\",\"publisher\":{\"@id\":\"https:\\\/\\\/marcelolopes.jor.br\\\/site\\\/#organization\"},\"potentialAction\":[{\"@type\":\"SearchAction\",\"target\":{\"@type\":\"EntryPoint\",\"urlTemplate\":\"https:\\\/\\\/marcelolopes.jor.br\\\/site\\\/?s={search_term_string}\"},\"query-input\":{\"@type\":\"PropertyValueSpecification\",\"valueRequired\":true,\"valueName\":\"search_term_string\"}}],\"inLanguage\":\"pt-BR\"},{\"@type\":\"Organization\",\"@id\":\"https:\\\/\\\/marcelolopes.jor.br\\\/site\\\/#organization\",\"name\":\"Site do Marcelo Lopes\",\"url\":\"https:\\\/\\\/marcelolopes.jor.br\\\/site\\\/\",\"logo\":{\"@type\":\"ImageObject\",\"inLanguage\":\"pt-BR\",\"@id\":\"https:\\\/\\\/marcelolopes.jor.br\\\/site\\\/#\\\/schema\\\/logo\\\/image\\\/\",\"url\":\"https:\\\/\\\/marcelolopes.jor.br\\\/site\\\/wp-content\\\/uploads\\\/2024\\\/11\\\/logo-1.png\",\"contentUrl\":\"https:\\\/\\\/marcelolopes.jor.br\\\/site\\\/wp-content\\\/uploads\\\/2024\\\/11\\\/logo-1.png\",\"width\":475,\"height\":80,\"caption\":\"Site do Marcelo Lopes\"},\"image\":{\"@id\":\"https:\\\/\\\/marcelolopes.jor.br\\\/site\\\/#\\\/schema\\\/logo\\\/image\\\/\"},\"sameAs\":[\"https:\\\/\\\/www.facebook.com\\\/sitedomarcelolopes\",\"https:\\\/\\\/www.instagram.com\\\/sitedomarcelolopes\\\/\",\"https:\\\/\\\/www.linkedin.com\\\/company\\\/site-do-marcelo-lopes\\\/\",\"https:\\\/\\\/www.youtube.com\\\/user\\\/marcelolopes957\"]},{\"@type\":\"Person\",\"@id\":\"https:\\\/\\\/marcelolopes.jor.br\\\/site\\\/#\\\/schema\\\/person\\\/3e7216a35c34d8fdf952b31da3d1f89f\",\"name\":\"Marcelo Lopes\",\"sameAs\":[\"http:\\\/\\\/www.marcelolopes.jor.br\"],\"url\":\"https:\\\/\\\/marcelolopes.jor.br\\\/site\\\/author\\\/marcelo\\\/\"}]}<\/script>\n<!-- \/ Yoast SEO plugin. -->","yoast_head_json":{"title":"Audi\u00eancia P\u00fablica mostra pr\u00f3s e contras sobre a amplia\u00e7\u00e3o no hor\u00e1rio","description":"Audi\u00eancia P\u00fablica mostra pr\u00f3s e contras sobre a amplia\u00e7\u00e3o no hor\u00e1rio do com\u00e9rcio. evento teve forte esquema de seguran\u00e7a.","robots":{"index":"index","follow":"follow","max-snippet":"max-snippet:-1","max-image-preview":"max-image-preview:large","max-video-preview":"max-video-preview:-1"},"canonical":"https:\/\/marcelolopes.jor.br\/site\/2022\/06\/02\/audiencia-publica-mostra-pros-e-contras-sobre-a-ampliacao-no-horario-do-comercio\/","og_locale":"pt_BR","og_type":"article","og_title":"Audi\u00eancia P\u00fablica mostra pr\u00f3s e contras sobre a amplia\u00e7\u00e3o no hor\u00e1rio","og_description":"Audi\u00eancia P\u00fablica mostra pr\u00f3s e contras sobre a amplia\u00e7\u00e3o no hor\u00e1rio do com\u00e9rcio. evento teve forte esquema de seguran\u00e7a.","og_url":"https:\/\/marcelolopes.jor.br\/site\/2022\/06\/02\/audiencia-publica-mostra-pros-e-contras-sobre-a-ampliacao-no-horario-do-comercio\/","og_site_name":"Marcelo Lopes","article_publisher":"https:\/\/www.facebook.com\/sitedomarcelolopes","article_published_time":"2022-06-02T15:00:36+00:00","og_image":[{"width":1280,"height":720,"url":"https:\/\/marcelolopes.jor.br\/site\/wp-content\/uploads\/2022\/06\/IMG_2842-Grande.jpeg","type":"image\/jpeg"}],"author":"Marcelo Lopes","twitter_card":"summary_large_image","twitter_misc":{"Escrito por":"Marcelo Lopes","Est. tempo de leitura":"2 minutos"},"schema":{"@context":"https:\/\/schema.org","@graph":[{"@type":"NewsArticle","@id":"https:\/\/marcelolopes.jor.br\/site\/2022\/06\/02\/audiencia-publica-mostra-pros-e-contras-sobre-a-ampliacao-no-horario-do-comercio\/#article","isPartOf":{"@id":"https:\/\/marcelolopes.jor.br\/site\/2022\/06\/02\/audiencia-publica-mostra-pros-e-contras-sobre-a-ampliacao-no-horario-do-comercio\/"},"author":{"name":"Marcelo Lopes","@id":"https:\/\/marcelolopes.jor.br\/site\/#\/schema\/person\/3e7216a35c34d8fdf952b31da3d1f89f"},"headline":"Audi\u00eancia P\u00fablica mostra pr\u00f3s e contras sobre a amplia\u00e7\u00e3o no hor\u00e1rio do com\u00e9rcio","datePublished":"2022-06-02T15:00:36+00:00","mainEntityOfPage":{"@id":"https:\/\/marcelolopes.jor.br\/site\/2022\/06\/02\/audiencia-publica-mostra-pros-e-contras-sobre-a-ampliacao-no-horario-do-comercio\/"},"wordCount":473,"commentCount":0,"publisher":{"@id":"https:\/\/marcelolopes.jor.br\/site\/#organization"},"image":{"@id":"https:\/\/marcelolopes.jor.br\/site\/2022\/06\/02\/audiencia-publica-mostra-pros-e-contras-sobre-a-ampliacao-no-horario-do-comercio\/#primaryimage"},"thumbnailUrl":"https:\/\/marcelolopes.jor.br\/site\/wp-content\/uploads\/2022\/06\/IMG_2842-Grande.jpeg","keywords":["audi\u00eancia p\u00fablica","C\u00e2mara Municipal de Cataguases","funcionamento do com\u00e9rcio","hor\u00e1rio do com\u00e9rcio","Sindicato do Com\u00e9rcio","Sindicato dos Trabalhadores no Com\u00e9rcio"],"articleSection":["Not\u00edcias"],"inLanguage":"pt-BR","potentialAction":[{"@type":"CommentAction","name":"Comment","target":["https:\/\/marcelolopes.jor.br\/site\/2022\/06\/02\/audiencia-publica-mostra-pros-e-contras-sobre-a-ampliacao-no-horario-do-comercio\/#respond"]}]},{"@type":"WebPage","@id":"https:\/\/marcelolopes.jor.br\/site\/2022\/06\/02\/audiencia-publica-mostra-pros-e-contras-sobre-a-ampliacao-no-horario-do-comercio\/","url":"https:\/\/marcelolopes.jor.br\/site\/2022\/06\/02\/audiencia-publica-mostra-pros-e-contras-sobre-a-ampliacao-no-horario-do-comercio\/","name":"Audi\u00eancia P\u00fablica mostra pr\u00f3s e contras sobre a amplia\u00e7\u00e3o no hor\u00e1rio","isPartOf":{"@id":"https:\/\/marcelolopes.jor.br\/site\/#website"},"primaryImageOfPage":{"@id":"https:\/\/marcelolopes.jor.br\/site\/2022\/06\/02\/audiencia-publica-mostra-pros-e-contras-sobre-a-ampliacao-no-horario-do-comercio\/#primaryimage"},"image":{"@id":"https:\/\/marcelolopes.jor.br\/site\/2022\/06\/02\/audiencia-publica-mostra-pros-e-contras-sobre-a-ampliacao-no-horario-do-comercio\/#primaryimage"},"thumbnailUrl":"https:\/\/marcelolopes.jor.br\/site\/wp-content\/uploads\/2022\/06\/IMG_2842-Grande.jpeg","datePublished":"2022-06-02T15:00:36+00:00","description":"Audi\u00eancia P\u00fablica mostra pr\u00f3s e contras sobre a amplia\u00e7\u00e3o no hor\u00e1rio do com\u00e9rcio. evento teve forte esquema de seguran\u00e7a.","breadcrumb":{"@id":"https:\/\/marcelolopes.jor.br\/site\/2022\/06\/02\/audiencia-publica-mostra-pros-e-contras-sobre-a-ampliacao-no-horario-do-comercio\/#breadcrumb"},"inLanguage":"pt-BR","potentialAction":[{"@type":"ReadAction","target":["https:\/\/marcelolopes.jor.br\/site\/2022\/06\/02\/audiencia-publica-mostra-pros-e-contras-sobre-a-ampliacao-no-horario-do-comercio\/"]}]},{"@type":"ImageObject","inLanguage":"pt-BR","@id":"https:\/\/marcelolopes.jor.br\/site\/2022\/06\/02\/audiencia-publica-mostra-pros-e-contras-sobre-a-ampliacao-no-horario-do-comercio\/#primaryimage","url":"https:\/\/marcelolopes.jor.br\/site\/wp-content\/uploads\/2022\/06\/IMG_2842-Grande.jpeg","contentUrl":"https:\/\/marcelolopes.jor.br\/site\/wp-content\/uploads\/2022\/06\/IMG_2842-Grande.jpeg","width":1280,"height":720,"caption":"Hor\u00e1rio de funcionamento do com\u00e9rcio"},{"@type":"BreadcrumbList","@id":"https:\/\/marcelolopes.jor.br\/site\/2022\/06\/02\/audiencia-publica-mostra-pros-e-contras-sobre-a-ampliacao-no-horario-do-comercio\/#breadcrumb","itemListElement":[{"@type":"ListItem","position":1,"name":"Home","item":"https:\/\/marcelolopes.jor.br\/site\/"},{"@type":"ListItem","position":2,"name":"Audi\u00eancia P\u00fablica mostra pr\u00f3s e contras sobre a amplia\u00e7\u00e3o no hor\u00e1rio do com\u00e9rcio"}]},{"@type":"WebSite","@id":"https:\/\/marcelolopes.jor.br\/site\/#website","url":"https:\/\/marcelolopes.jor.br\/site\/","name":"Marcelo Lopes","description":"Not\u00edcias de Cataguases e Regi\u00e3o","publisher":{"@id":"https:\/\/marcelolopes.jor.br\/site\/#organization"},"potentialAction":[{"@type":"SearchAction","target":{"@type":"EntryPoint","urlTemplate":"https:\/\/marcelolopes.jor.br\/site\/?s={search_term_string}"},"query-input":{"@type":"PropertyValueSpecification","valueRequired":true,"valueName":"search_term_string"}}],"inLanguage":"pt-BR"},{"@type":"Organization","@id":"https:\/\/marcelolopes.jor.br\/site\/#organization","name":"Site do Marcelo Lopes","url":"https:\/\/marcelolopes.jor.br\/site\/","logo":{"@type":"ImageObject","inLanguage":"pt-BR","@id":"https:\/\/marcelolopes.jor.br\/site\/#\/schema\/logo\/image\/","url":"https:\/\/marcelolopes.jor.br\/site\/wp-content\/uploads\/2024\/11\/logo-1.png","contentUrl":"https:\/\/marcelolopes.jor.br\/site\/wp-content\/uploads\/2024\/11\/logo-1.png","width":475,"height":80,"caption":"Site do Marcelo Lopes"},"image":{"@id":"https:\/\/marcelolopes.jor.br\/site\/#\/schema\/logo\/image\/"},"sameAs":["https:\/\/www.facebook.com\/sitedomarcelolopes","https:\/\/www.instagram.com\/sitedomarcelolopes\/","https:\/\/www.linkedin.com\/company\/site-do-marcelo-lopes\/","https:\/\/www.youtube.com\/user\/marcelolopes957"]},{"@type":"Person","@id":"https:\/\/marcelolopes.jor.br\/site\/#\/schema\/person\/3e7216a35c34d8fdf952b31da3d1f89f","name":"Marcelo Lopes","sameAs":["http:\/\/www.marcelolopes.jor.br"],"url":"https:\/\/marcelolopes.jor.br\/site\/author\/marcelo\/"}]}},"wps_subtitle":"Evento foi marcado por conceitos de Direito Trabalhista e forte seguran\u00e7a.","_links":{"self":[{"href":"https:\/\/marcelolopes.jor.br\/site\/wp-json\/wp\/v2\/posts\/33526","targetHints":{"allow":["GET"]}}],"collection":[{"href":"https:\/\/marcelolopes.jor.br\/site\/wp-json\/wp\/v2\/posts"}],"about":[{"href":"https:\/\/marcelolopes.jor.br\/site\/wp-json\/wp\/v2\/types\/post"}],"author":[{"embeddable":true,"href":"https:\/\/marcelolopes.jor.br\/site\/wp-json\/wp\/v2\/users\/2"}],"replies":[{"embeddable":true,"href":"https:\/\/marcelolopes.jor.br\/site\/wp-json\/wp\/v2\/comments?post=33526"}],"version-history":[{"count":0,"href":"https:\/\/marcelolopes.jor.br\/site\/wp-json\/wp\/v2\/posts\/33526\/revisions"}],"wp:featuredmedia":[{"embeddable":true,"href":"https:\/\/marcelolopes.jor.br\/site\/wp-json\/wp\/v2\/media\/33527"}],"wp:attachment":[{"href":"https:\/\/marcelolopes.jor.br\/site\/wp-json\/wp\/v2\/media?parent=33526"}],"wp:term":[{"taxonomy":"category","embeddable":true,"href":"https:\/\/marcelolopes.jor.br\/site\/wp-json\/wp\/v2\/categories?post=33526"},{"taxonomy":"post_tag","embeddable":true,"href":"https:\/\/marcelolopes.jor.br\/site\/wp-json\/wp\/v2\/tags?post=33526"}],"curies":[{"name":"wp","href":"https:\/\/api.w.org\/{rel}","templated":true}]}}