{"id":33515,"date":"2022-06-02T07:00:29","date_gmt":"2022-06-02T10:00:29","guid":{"rendered":"https:\/\/marcelolopes.jor.br\/?p=33515"},"modified":"2022-06-01T14:57:18","modified_gmt":"2022-06-01T17:57:18","slug":"taxa-de-licenciamento-de-veiculos-fica-mais-barata-em-minas","status":"publish","type":"post","link":"https:\/\/marcelolopes.jor.br\/site\/2022\/06\/02\/taxa-de-licenciamento-de-veiculos-fica-mais-barata-em-minas\/","title":{"rendered":"Taxa de Licenciamento de ve\u00edculos fica mais barata em Minas"},"content":{"rendered":"<p style=\"text-align: justify;\">O governador Romeu Zema sancionou a Lei 24.112, publicada no Di\u00e1rio Oficial do \u00faltimo dia 31 de maio, que reduz o valor da Taxa de Renova\u00e7\u00e3o do Licenciamento Anual de Ve\u00edculo (TRLAV). De acordo com o texto, a partir de 2023, a TRLAV deixar\u00e1 de ser calculada pela Unidade Fiscal do Estado de Minas Gerais (Ufemg) e passar\u00e1 a ser definida pela divis\u00e3o do valor do or\u00e7amento fiscal do Departamento de Tr\u00e2nsito de Minas Gerais (Detran-MG) pelo n\u00famero de ve\u00edculos da frota do Estado.<!--more--><\/p>\n<p style=\"text-align: justify;\">A expectativa \u00e9 que haja uma queda significativa do valor pago pelos propriet\u00e1rios de ve\u00edculos, mas o real impacto no bolso dos contribuintes e na arrecada\u00e7\u00e3o do Estado somente ser\u00e1 conhecido ap\u00f3s a regulamenta\u00e7\u00e3o da lei pela <a href=\"http:\/\/www.fazenda.mg.gov.br\/\"><strong><span style=\"color: #993366;\">Secretaria de Estado de Fazenda<\/span><\/strong><\/a> (SEF).<\/p>\n<p style=\"text-align: justify;\">A lei determina ainda que o valor da taxa seja divulgado em dezembro do ano anterior \u00e0 cobran\u00e7a. J\u00e1 a data de vencimento dever\u00e1 ser ap\u00f3s 30 dias contados da divulga\u00e7\u00e3o do valor.<\/p>\n<p style=\"text-align: justify;\"><strong>NOT\u00cdCIAS RELACIONADAS<\/strong><\/p>\n<p><a href=\"https:\/\/marcelolopes.jor.br\/2021\/04\/15\/governo-de-minas-unifica-atendimento-on-line-sobre-ipva-e-taxa-de-licenciamento\/\"><strong><span style=\"color: #993366;\">Governo de Minas unifica atendimento on-line sobre IPVA e Taxa de Licenciamento<\/span><\/strong><\/a><\/p>\n<p><a href=\"https:\/\/marcelolopes.jor.br\/2021\/11\/18\/projeto-de-lei-que-tramita-na-almg-quer-extinguir-taxa-do-crlv\/\"><strong><span style=\"color: #993366;\">Projeto de Lei que tramita na ALMG quer extinguir taxa do CRLV<\/span><\/strong><\/a><\/p>\n<p><a href=\"https:\/\/marcelolopes.jor.br\/2021\/07\/22\/contribuinte-podera-regularizar-debitos-de-ipva-e-taxas-estaduais-com-desconto\/\"><strong><span style=\"color: #993366;\">Contribuinte poder\u00e1 regularizar d\u00e9bitos de IPVA e taxas estaduais com desconto<\/span><\/strong><\/a><\/p>\n<p>Fonte: Ag\u00eancia Minas | Foto:<\/p>\n<div class=\"iiuqd69f5e464e911d\" ><br><\/div><style type=\"text\/css\">\r\n@media screen and (min-width: 1201px) {\r\n.iiuqd69f5e464e911d {\r\ndisplay: block;\r\n}\r\n}\r\n@media screen and (min-width: 993px) and (max-width: 1200px) {\r\n.iiuqd69f5e464e911d {\r\ndisplay: block;\r\n}\r\n}\r\n@media screen and (min-width: 769px) and (max-width: 992px) {\r\n.iiuqd69f5e464e911d {\r\ndisplay: block;\r\n}\r\n}\r\n@media screen and (min-width: 768px) and (max-width: 768px) {\r\n.iiuqd69f5e464e911d {\r\ndisplay: block;\r\n}\r\n}\r\n@media screen and (max-width: 767px) {\r\n.iiuqd69f5e464e911d {\r\ndisplay: block;\r\n}\r\n}\r\n<\/style>\r\n<div class=\"rqujx69f5e464eeb5e\" ><div id=\"div_destino\"><\/div>\r\n<script src=\"https:\/\/cdn.snsrsv.com\/sdk.js\"><\/script>\r\n<script >\r\n      new sdk(\"464030C30061EA8BE065000000000001\") \r\n          .appendTo(\"div_destino\")\r\n          .disableStyle(true) \r\n          .setCacheBusterMacro(\"%%CACHEBUSTER%%\")\r\n          .setSize(\"800\",\"214\")\r\n          .setClickMacro(\"%%CLICK_URL_ESC%%\") \r\n          .setReferrerUrlMacro(\"%%REFERRER_URL_ESC%%\") \r\n          .start(); \r\n<\/script><\/div><style type=\"text\/css\">\r\n@media screen and (min-width: 1201px) {\r\n.rqujx69f5e464eeb5e {\r\ndisplay: block;\r\n}\r\n}\r\n@media screen and (min-width: 993px) and (max-width: 1200px) {\r\n.rqujx69f5e464eeb5e {\r\ndisplay: block;\r\n}\r\n}\r\n@media screen and (min-width: 769px) and (max-width: 992px) {\r\n.rqujx69f5e464eeb5e {\r\ndisplay: block;\r\n}\r\n}\r\n@media screen and (min-width: 768px) and (max-width: 768px) {\r\n.rqujx69f5e464eeb5e {\r\ndisplay: block;\r\n}\r\n}\r\n@media screen and (max-width: 767px) {\r\n.rqujx69f5e464eeb5e {\r\ndisplay: block;\r\n}\r\n}\r\n<\/style>\r\n","protected":false},"excerpt":{"rendered":"<p>O governador Romeu Zema sancionou a Lei 24.112, publicada no Di\u00e1rio Oficial do \u00faltimo dia 31 de maio, que reduz o valor da Taxa de Renova\u00e7\u00e3o do Licenciamento Anual de Ve\u00edculo (TRLAV). De acordo com o texto, a partir de<\/p>\n<p class=\"link-more\"><a class=\"more-link\" href=\"https:\/\/marcelolopes.jor.br\/site\/2022\/06\/02\/taxa-de-licenciamento-de-veiculos-fica-mais-barata-em-minas\/\">Leia mais <span class=\"screen-reader-text\">Taxa de Licenciamento de ve\u00edculos fica mais barata em Minas<\/span><\/a><\/p>\n","protected":false},"author":2,"featured_media":33516,"comment_status":"open","ping_status":"open","sticky":false,"template":"","format":"standard","meta":{"footnotes":""},"categories":[1],"tags":[1969,933,6040,3913,547],"class_list":["post-33515","post","type-post","status-publish","format-standard","has-post-thumbnail","hentry","category-noticias","tag-detran-mg","tag-governo-de-minas","tag-reducao-no-valor-da-taxa-de-licenciamento","tag-taxa-de-licenciamento","tag-veiculos","thumb-below-title"],"yoast_head":"<!-- This site is optimized with the Yoast SEO plugin v27.4 - https:\/\/yoast.com\/product\/yoast-seo-wordpress\/ -->\n<title>Taxa de Licenciamento de ve\u00edculos fica mais barata em Minas<\/title>\n<meta name=\"description\" content=\"Taxa de Licenciamento de ve\u00edculos fica mais barata em Minas e a expectativa \u00e9 de uma queda significativa em seu valor.\" \/>\n<meta name=\"robots\" content=\"index, follow, max-snippet:-1, max-image-preview:large, max-video-preview:-1\" \/>\n<link rel=\"canonical\" href=\"https:\/\/marcelolopes.jor.br\/site\/2022\/06\/02\/taxa-de-licenciamento-de-veiculos-fica-mais-barata-em-minas\/\" \/>\n<meta property=\"og:locale\" content=\"pt_BR\" \/>\n<meta property=\"og:type\" content=\"article\" \/>\n<meta property=\"og:title\" content=\"Taxa de Licenciamento de ve\u00edculos fica mais barata em Minas\" \/>\n<meta property=\"og:description\" content=\"Taxa de Licenciamento de ve\u00edculos fica mais barata em Minas e a expectativa \u00e9 de uma queda significativa em seu valor.\" \/>\n<meta property=\"og:url\" content=\"https:\/\/marcelolopes.jor.br\/site\/2022\/06\/02\/taxa-de-licenciamento-de-veiculos-fica-mais-barata-em-minas\/\" \/>\n<meta property=\"og:site_name\" content=\"Marcelo Lopes\" \/>\n<meta property=\"article:publisher\" content=\"https:\/\/www.facebook.com\/sitedomarcelolopes\" \/>\n<meta property=\"article:published_time\" content=\"2022-06-02T10:00:29+00:00\" \/>\n<meta property=\"og:image\" content=\"https:\/\/marcelolopes.jor.br\/site\/wp-content\/uploads\/2022\/06\/Transito1.jpg\" \/>\n\t<meta property=\"og:image:width\" content=\"800\" \/>\n\t<meta property=\"og:image:height\" content=\"540\" \/>\n\t<meta property=\"og:image:type\" content=\"image\/jpeg\" \/>\n<meta name=\"author\" content=\"Marcelo Lopes\" \/>\n<meta name=\"twitter:card\" content=\"summary_large_image\" \/>\n<meta name=\"twitter:label1\" content=\"Escrito por\" \/>\n\t<meta name=\"twitter:data1\" content=\"Marcelo Lopes\" \/>\n\t<meta name=\"twitter:label2\" content=\"Est. tempo de leitura\" \/>\n\t<meta name=\"twitter:data2\" content=\"1 minuto\" \/>\n<script type=\"application\/ld+json\" class=\"yoast-schema-graph\">{\"@context\":\"https:\\\/\\\/schema.org\",\"@graph\":[{\"@type\":\"NewsArticle\",\"@id\":\"https:\\\/\\\/marcelolopes.jor.br\\\/site\\\/2022\\\/06\\\/02\\\/taxa-de-licenciamento-de-veiculos-fica-mais-barata-em-minas\\\/#article\",\"isPartOf\":{\"@id\":\"https:\\\/\\\/marcelolopes.jor.br\\\/site\\\/2022\\\/06\\\/02\\\/taxa-de-licenciamento-de-veiculos-fica-mais-barata-em-minas\\\/\"},\"author\":{\"name\":\"Marcelo Lopes\",\"@id\":\"https:\\\/\\\/marcelolopes.jor.br\\\/site\\\/#\\\/schema\\\/person\\\/3e7216a35c34d8fdf952b31da3d1f89f\"},\"headline\":\"Taxa de Licenciamento de ve\u00edculos fica mais barata em Minas\",\"datePublished\":\"2022-06-02T10:00:29+00:00\",\"mainEntityOfPage\":{\"@id\":\"https:\\\/\\\/marcelolopes.jor.br\\\/site\\\/2022\\\/06\\\/02\\\/taxa-de-licenciamento-de-veiculos-fica-mais-barata-em-minas\\\/\"},\"wordCount\":225,\"commentCount\":0,\"publisher\":{\"@id\":\"https:\\\/\\\/marcelolopes.jor.br\\\/site\\\/#organization\"},\"image\":{\"@id\":\"https:\\\/\\\/marcelolopes.jor.br\\\/site\\\/2022\\\/06\\\/02\\\/taxa-de-licenciamento-de-veiculos-fica-mais-barata-em-minas\\\/#primaryimage\"},\"thumbnailUrl\":\"https:\\\/\\\/marcelolopes.jor.br\\\/site\\\/wp-content\\\/uploads\\\/2022\\\/06\\\/Transito1.jpg\",\"keywords\":[\"detran-mg\",\"governo de Minas\",\"redu\u00e7\u00e3o no valor da Taxa de Licenciamento\",\"Taxa de licenciamento\",\"ve\u00edculos\"],\"articleSection\":[\"Not\u00edcias\"],\"inLanguage\":\"pt-BR\",\"potentialAction\":[{\"@type\":\"CommentAction\",\"name\":\"Comment\",\"target\":[\"https:\\\/\\\/marcelolopes.jor.br\\\/site\\\/2022\\\/06\\\/02\\\/taxa-de-licenciamento-de-veiculos-fica-mais-barata-em-minas\\\/#respond\"]}]},{\"@type\":\"WebPage\",\"@id\":\"https:\\\/\\\/marcelolopes.jor.br\\\/site\\\/2022\\\/06\\\/02\\\/taxa-de-licenciamento-de-veiculos-fica-mais-barata-em-minas\\\/\",\"url\":\"https:\\\/\\\/marcelolopes.jor.br\\\/site\\\/2022\\\/06\\\/02\\\/taxa-de-licenciamento-de-veiculos-fica-mais-barata-em-minas\\\/\",\"name\":\"Taxa de Licenciamento de ve\u00edculos fica mais barata em Minas\",\"isPartOf\":{\"@id\":\"https:\\\/\\\/marcelolopes.jor.br\\\/site\\\/#website\"},\"primaryImageOfPage\":{\"@id\":\"https:\\\/\\\/marcelolopes.jor.br\\\/site\\\/2022\\\/06\\\/02\\\/taxa-de-licenciamento-de-veiculos-fica-mais-barata-em-minas\\\/#primaryimage\"},\"image\":{\"@id\":\"https:\\\/\\\/marcelolopes.jor.br\\\/site\\\/2022\\\/06\\\/02\\\/taxa-de-licenciamento-de-veiculos-fica-mais-barata-em-minas\\\/#primaryimage\"},\"thumbnailUrl\":\"https:\\\/\\\/marcelolopes.jor.br\\\/site\\\/wp-content\\\/uploads\\\/2022\\\/06\\\/Transito1.jpg\",\"datePublished\":\"2022-06-02T10:00:29+00:00\",\"description\":\"Taxa de Licenciamento de ve\u00edculos fica mais barata em Minas e a expectativa \u00e9 de uma queda significativa em seu valor.\",\"breadcrumb\":{\"@id\":\"https:\\\/\\\/marcelolopes.jor.br\\\/site\\\/2022\\\/06\\\/02\\\/taxa-de-licenciamento-de-veiculos-fica-mais-barata-em-minas\\\/#breadcrumb\"},\"inLanguage\":\"pt-BR\",\"potentialAction\":[{\"@type\":\"ReadAction\",\"target\":[\"https:\\\/\\\/marcelolopes.jor.br\\\/site\\\/2022\\\/06\\\/02\\\/taxa-de-licenciamento-de-veiculos-fica-mais-barata-em-minas\\\/\"]}]},{\"@type\":\"ImageObject\",\"inLanguage\":\"pt-BR\",\"@id\":\"https:\\\/\\\/marcelolopes.jor.br\\\/site\\\/2022\\\/06\\\/02\\\/taxa-de-licenciamento-de-veiculos-fica-mais-barata-em-minas\\\/#primaryimage\",\"url\":\"https:\\\/\\\/marcelolopes.jor.br\\\/site\\\/wp-content\\\/uploads\\\/2022\\\/06\\\/Transito1.jpg\",\"contentUrl\":\"https:\\\/\\\/marcelolopes.jor.br\\\/site\\\/wp-content\\\/uploads\\\/2022\\\/06\\\/Transito1.jpg\",\"width\":800,\"height\":540,\"caption\":\"Taxa de Licenciamento mais barata\"},{\"@type\":\"BreadcrumbList\",\"@id\":\"https:\\\/\\\/marcelolopes.jor.br\\\/site\\\/2022\\\/06\\\/02\\\/taxa-de-licenciamento-de-veiculos-fica-mais-barata-em-minas\\\/#breadcrumb\",\"itemListElement\":[{\"@type\":\"ListItem\",\"position\":1,\"name\":\"Home\",\"item\":\"https:\\\/\\\/marcelolopes.jor.br\\\/site\\\/\"},{\"@type\":\"ListItem\",\"position\":2,\"name\":\"Taxa de Licenciamento de ve\u00edculos fica mais barata em Minas\"}]},{\"@type\":\"WebSite\",\"@id\":\"https:\\\/\\\/marcelolopes.jor.br\\\/site\\\/#website\",\"url\":\"https:\\\/\\\/marcelolopes.jor.br\\\/site\\\/\",\"name\":\"Marcelo Lopes\",\"description\":\"Not\u00edcias de Cataguases e Regi\u00e3o\",\"publisher\":{\"@id\":\"https:\\\/\\\/marcelolopes.jor.br\\\/site\\\/#organization\"},\"potentialAction\":[{\"@type\":\"SearchAction\",\"target\":{\"@type\":\"EntryPoint\",\"urlTemplate\":\"https:\\\/\\\/marcelolopes.jor.br\\\/site\\\/?s={search_term_string}\"},\"query-input\":{\"@type\":\"PropertyValueSpecification\",\"valueRequired\":true,\"valueName\":\"search_term_string\"}}],\"inLanguage\":\"pt-BR\"},{\"@type\":\"Organization\",\"@id\":\"https:\\\/\\\/marcelolopes.jor.br\\\/site\\\/#organization\",\"name\":\"Site do Marcelo Lopes\",\"url\":\"https:\\\/\\\/marcelolopes.jor.br\\\/site\\\/\",\"logo\":{\"@type\":\"ImageObject\",\"inLanguage\":\"pt-BR\",\"@id\":\"https:\\\/\\\/marcelolopes.jor.br\\\/site\\\/#\\\/schema\\\/logo\\\/image\\\/\",\"url\":\"https:\\\/\\\/marcelolopes.jor.br\\\/site\\\/wp-content\\\/uploads\\\/2024\\\/11\\\/logo-1.png\",\"contentUrl\":\"https:\\\/\\\/marcelolopes.jor.br\\\/site\\\/wp-content\\\/uploads\\\/2024\\\/11\\\/logo-1.png\",\"width\":475,\"height\":80,\"caption\":\"Site do Marcelo Lopes\"},\"image\":{\"@id\":\"https:\\\/\\\/marcelolopes.jor.br\\\/site\\\/#\\\/schema\\\/logo\\\/image\\\/\"},\"sameAs\":[\"https:\\\/\\\/www.facebook.com\\\/sitedomarcelolopes\",\"https:\\\/\\\/www.instagram.com\\\/sitedomarcelolopes\\\/\",\"https:\\\/\\\/www.linkedin.com\\\/company\\\/site-do-marcelo-lopes\\\/\",\"https:\\\/\\\/www.youtube.com\\\/user\\\/marcelolopes957\"]},{\"@type\":\"Person\",\"@id\":\"https:\\\/\\\/marcelolopes.jor.br\\\/site\\\/#\\\/schema\\\/person\\\/3e7216a35c34d8fdf952b31da3d1f89f\",\"name\":\"Marcelo Lopes\",\"sameAs\":[\"http:\\\/\\\/www.marcelolopes.jor.br\"],\"url\":\"https:\\\/\\\/marcelolopes.jor.br\\\/site\\\/author\\\/marcelo\\\/\"}]}<\/script>\n<!-- \/ Yoast SEO plugin. -->","yoast_head_json":{"title":"Taxa de Licenciamento de ve\u00edculos fica mais barata em Minas","description":"Taxa de Licenciamento de ve\u00edculos fica mais barata em Minas e a expectativa \u00e9 de uma queda significativa em seu valor.","robots":{"index":"index","follow":"follow","max-snippet":"max-snippet:-1","max-image-preview":"max-image-preview:large","max-video-preview":"max-video-preview:-1"},"canonical":"https:\/\/marcelolopes.jor.br\/site\/2022\/06\/02\/taxa-de-licenciamento-de-veiculos-fica-mais-barata-em-minas\/","og_locale":"pt_BR","og_type":"article","og_title":"Taxa de Licenciamento de ve\u00edculos fica mais barata em Minas","og_description":"Taxa de Licenciamento de ve\u00edculos fica mais barata em Minas e a expectativa \u00e9 de uma queda significativa em seu valor.","og_url":"https:\/\/marcelolopes.jor.br\/site\/2022\/06\/02\/taxa-de-licenciamento-de-veiculos-fica-mais-barata-em-minas\/","og_site_name":"Marcelo Lopes","article_publisher":"https:\/\/www.facebook.com\/sitedomarcelolopes","article_published_time":"2022-06-02T10:00:29+00:00","og_image":[{"width":800,"height":540,"url":"https:\/\/marcelolopes.jor.br\/site\/wp-content\/uploads\/2022\/06\/Transito1.jpg","type":"image\/jpeg"}],"author":"Marcelo Lopes","twitter_card":"summary_large_image","twitter_misc":{"Escrito por":"Marcelo Lopes","Est. tempo de leitura":"1 minuto"},"schema":{"@context":"https:\/\/schema.org","@graph":[{"@type":"NewsArticle","@id":"https:\/\/marcelolopes.jor.br\/site\/2022\/06\/02\/taxa-de-licenciamento-de-veiculos-fica-mais-barata-em-minas\/#article","isPartOf":{"@id":"https:\/\/marcelolopes.jor.br\/site\/2022\/06\/02\/taxa-de-licenciamento-de-veiculos-fica-mais-barata-em-minas\/"},"author":{"name":"Marcelo Lopes","@id":"https:\/\/marcelolopes.jor.br\/site\/#\/schema\/person\/3e7216a35c34d8fdf952b31da3d1f89f"},"headline":"Taxa de Licenciamento de ve\u00edculos fica mais barata em Minas","datePublished":"2022-06-02T10:00:29+00:00","mainEntityOfPage":{"@id":"https:\/\/marcelolopes.jor.br\/site\/2022\/06\/02\/taxa-de-licenciamento-de-veiculos-fica-mais-barata-em-minas\/"},"wordCount":225,"commentCount":0,"publisher":{"@id":"https:\/\/marcelolopes.jor.br\/site\/#organization"},"image":{"@id":"https:\/\/marcelolopes.jor.br\/site\/2022\/06\/02\/taxa-de-licenciamento-de-veiculos-fica-mais-barata-em-minas\/#primaryimage"},"thumbnailUrl":"https:\/\/marcelolopes.jor.br\/site\/wp-content\/uploads\/2022\/06\/Transito1.jpg","keywords":["detran-mg","governo de Minas","redu\u00e7\u00e3o no valor da Taxa de Licenciamento","Taxa de licenciamento","ve\u00edculos"],"articleSection":["Not\u00edcias"],"inLanguage":"pt-BR","potentialAction":[{"@type":"CommentAction","name":"Comment","target":["https:\/\/marcelolopes.jor.br\/site\/2022\/06\/02\/taxa-de-licenciamento-de-veiculos-fica-mais-barata-em-minas\/#respond"]}]},{"@type":"WebPage","@id":"https:\/\/marcelolopes.jor.br\/site\/2022\/06\/02\/taxa-de-licenciamento-de-veiculos-fica-mais-barata-em-minas\/","url":"https:\/\/marcelolopes.jor.br\/site\/2022\/06\/02\/taxa-de-licenciamento-de-veiculos-fica-mais-barata-em-minas\/","name":"Taxa de Licenciamento de ve\u00edculos fica mais barata em Minas","isPartOf":{"@id":"https:\/\/marcelolopes.jor.br\/site\/#website"},"primaryImageOfPage":{"@id":"https:\/\/marcelolopes.jor.br\/site\/2022\/06\/02\/taxa-de-licenciamento-de-veiculos-fica-mais-barata-em-minas\/#primaryimage"},"image":{"@id":"https:\/\/marcelolopes.jor.br\/site\/2022\/06\/02\/taxa-de-licenciamento-de-veiculos-fica-mais-barata-em-minas\/#primaryimage"},"thumbnailUrl":"https:\/\/marcelolopes.jor.br\/site\/wp-content\/uploads\/2022\/06\/Transito1.jpg","datePublished":"2022-06-02T10:00:29+00:00","description":"Taxa de Licenciamento de ve\u00edculos fica mais barata em Minas e a expectativa \u00e9 de uma queda significativa em seu valor.","breadcrumb":{"@id":"https:\/\/marcelolopes.jor.br\/site\/2022\/06\/02\/taxa-de-licenciamento-de-veiculos-fica-mais-barata-em-minas\/#breadcrumb"},"inLanguage":"pt-BR","potentialAction":[{"@type":"ReadAction","target":["https:\/\/marcelolopes.jor.br\/site\/2022\/06\/02\/taxa-de-licenciamento-de-veiculos-fica-mais-barata-em-minas\/"]}]},{"@type":"ImageObject","inLanguage":"pt-BR","@id":"https:\/\/marcelolopes.jor.br\/site\/2022\/06\/02\/taxa-de-licenciamento-de-veiculos-fica-mais-barata-em-minas\/#primaryimage","url":"https:\/\/marcelolopes.jor.br\/site\/wp-content\/uploads\/2022\/06\/Transito1.jpg","contentUrl":"https:\/\/marcelolopes.jor.br\/site\/wp-content\/uploads\/2022\/06\/Transito1.jpg","width":800,"height":540,"caption":"Taxa de Licenciamento mais barata"},{"@type":"BreadcrumbList","@id":"https:\/\/marcelolopes.jor.br\/site\/2022\/06\/02\/taxa-de-licenciamento-de-veiculos-fica-mais-barata-em-minas\/#breadcrumb","itemListElement":[{"@type":"ListItem","position":1,"name":"Home","item":"https:\/\/marcelolopes.jor.br\/site\/"},{"@type":"ListItem","position":2,"name":"Taxa de Licenciamento de ve\u00edculos fica mais barata em Minas"}]},{"@type":"WebSite","@id":"https:\/\/marcelolopes.jor.br\/site\/#website","url":"https:\/\/marcelolopes.jor.br\/site\/","name":"Marcelo Lopes","description":"Not\u00edcias de Cataguases e Regi\u00e3o","publisher":{"@id":"https:\/\/marcelolopes.jor.br\/site\/#organization"},"potentialAction":[{"@type":"SearchAction","target":{"@type":"EntryPoint","urlTemplate":"https:\/\/marcelolopes.jor.br\/site\/?s={search_term_string}"},"query-input":{"@type":"PropertyValueSpecification","valueRequired":true,"valueName":"search_term_string"}}],"inLanguage":"pt-BR"},{"@type":"Organization","@id":"https:\/\/marcelolopes.jor.br\/site\/#organization","name":"Site do Marcelo Lopes","url":"https:\/\/marcelolopes.jor.br\/site\/","logo":{"@type":"ImageObject","inLanguage":"pt-BR","@id":"https:\/\/marcelolopes.jor.br\/site\/#\/schema\/logo\/image\/","url":"https:\/\/marcelolopes.jor.br\/site\/wp-content\/uploads\/2024\/11\/logo-1.png","contentUrl":"https:\/\/marcelolopes.jor.br\/site\/wp-content\/uploads\/2024\/11\/logo-1.png","width":475,"height":80,"caption":"Site do Marcelo Lopes"},"image":{"@id":"https:\/\/marcelolopes.jor.br\/site\/#\/schema\/logo\/image\/"},"sameAs":["https:\/\/www.facebook.com\/sitedomarcelolopes","https:\/\/www.instagram.com\/sitedomarcelolopes\/","https:\/\/www.linkedin.com\/company\/site-do-marcelo-lopes\/","https:\/\/www.youtube.com\/user\/marcelolopes957"]},{"@type":"Person","@id":"https:\/\/marcelolopes.jor.br\/site\/#\/schema\/person\/3e7216a35c34d8fdf952b31da3d1f89f","name":"Marcelo Lopes","sameAs":["http:\/\/www.marcelolopes.jor.br"],"url":"https:\/\/marcelolopes.jor.br\/site\/author\/marcelo\/"}]}},"wps_subtitle":"A expectativa \u00e9 de que haja uma queda significativa em seu valor.","_links":{"self":[{"href":"https:\/\/marcelolopes.jor.br\/site\/wp-json\/wp\/v2\/posts\/33515","targetHints":{"allow":["GET"]}}],"collection":[{"href":"https:\/\/marcelolopes.jor.br\/site\/wp-json\/wp\/v2\/posts"}],"about":[{"href":"https:\/\/marcelolopes.jor.br\/site\/wp-json\/wp\/v2\/types\/post"}],"author":[{"embeddable":true,"href":"https:\/\/marcelolopes.jor.br\/site\/wp-json\/wp\/v2\/users\/2"}],"replies":[{"embeddable":true,"href":"https:\/\/marcelolopes.jor.br\/site\/wp-json\/wp\/v2\/comments?post=33515"}],"version-history":[{"count":0,"href":"https:\/\/marcelolopes.jor.br\/site\/wp-json\/wp\/v2\/posts\/33515\/revisions"}],"wp:featuredmedia":[{"embeddable":true,"href":"https:\/\/marcelolopes.jor.br\/site\/wp-json\/wp\/v2\/media\/33516"}],"wp:attachment":[{"href":"https:\/\/marcelolopes.jor.br\/site\/wp-json\/wp\/v2\/media?parent=33515"}],"wp:term":[{"taxonomy":"category","embeddable":true,"href":"https:\/\/marcelolopes.jor.br\/site\/wp-json\/wp\/v2\/categories?post=33515"},{"taxonomy":"post_tag","embeddable":true,"href":"https:\/\/marcelolopes.jor.br\/site\/wp-json\/wp\/v2\/tags?post=33515"}],"curies":[{"name":"wp","href":"https:\/\/api.w.org\/{rel}","templated":true}]}}