{"id":33503,"date":"2022-06-01T10:49:39","date_gmt":"2022-06-01T13:49:39","guid":{"rendered":"https:\/\/marcelolopes.jor.br\/?p=33503"},"modified":"2022-06-01T10:49:39","modified_gmt":"2022-06-01T13:49:39","slug":"crlv-2021-sera-obrigatorio-em-minas-a-partir-de-hoje-dia-1o","status":"publish","type":"post","link":"https:\/\/marcelolopes.jor.br\/site\/2022\/06\/01\/crlv-2021-sera-obrigatorio-em-minas-a-partir-de-hoje-dia-1o\/","title":{"rendered":"CRLV 2021 ser\u00e1 obrigat\u00f3rio em Minas a partir de hoje, dia 1\u00ba"},"content":{"rendered":"<p style=\"text-align: justify;\">Propriet\u00e1rios de ve\u00edculos registrados em Minas Gerais devem ficar atentos ao prazo de exig\u00eancia do Certificado de Registro e Licenciamento de Ve\u00edculo (CRLV). A partir desta quarta-feira, 1\u00ba de junho, o CRLV referente ao ano de 2021, ser\u00e1 o documento v\u00e1lido para comprovar a regularidade do ve\u00edculo durante as fiscaliza\u00e7\u00f5es de tr\u00e2nsito.<!--more--><\/p>\n<p style=\"text-align: justify;\">O diretor do <a href=\"https:\/\/detran.mg.gov.br\"><strong><span style=\"color: #993366;\">Detran-MG<\/span><\/strong><\/a>, delegado Eurico da Cunha Neto, explica que durante as abordagens ao condutor, o agente de tr\u00e2nsito observar\u00e1 a regularidade dos documentos obrigat\u00f3rios. \u201c\u00c9 importante estar com a habilita\u00e7\u00e3o v\u00e1lida e com o CRLV referente ao ano de 2021, em formato digital ou impresso em papel comum, sendo desnecess\u00e1rio apresentar comprovantes de pagamento dos tributos\u201d, afirma.<\/p>\n<p style=\"text-align: justify;\">De acordo com o artigo 230 do C\u00f3digo de Tr\u00e2nsito Brasileiro (CTB), conduzir um ve\u00edculo que n\u00e3o esteja registrado e devidamente licenciado \u00e9 considerada uma infra\u00e7\u00e3o grav\u00edssima, que resulta em sete pontos na habilita\u00e7\u00e3o, multa no valor de R$ 293,47 e remo\u00e7\u00e3o do ve\u00edculo para p\u00e1tio credenciado at\u00e9 a regulariza\u00e7\u00e3o.<\/p>\n<p style=\"text-align: justify;\">O porte do CRLV poder\u00e1 ser dispensado, caso o agente tenha condi\u00e7\u00f5es de consultar o sistema do Detran-MG para verificar se o ve\u00edculo est\u00e1 licenciado.<\/p>\n<p style=\"text-align: justify;\">Em caso de d\u00favida sobre a regularidade do CRLV, o propriet\u00e1rio de ve\u00edculo poder\u00e1 acessar este site, onde tamb\u00e9m \u00e9 poss\u00edvel verificar se h\u00e1 d\u00e9bitos e emitir as guias para pagamento do Imposto de Propriedade de Ve\u00edculos Automotores (IPVA), seguro obrigat\u00f3rio (DPVAT), Taxa de Renova\u00e7\u00e3o do Licenciamento Anual do Ve\u00edculo (TRLAV) e eventuais multas.<\/p>\n<p style=\"text-align: justify;\">A exig\u00eancia do CRLV 2022 ser\u00e1 definida pelo Detran-MG e as datas ser\u00e3o divulgadas no segundo semestre.<\/p>\n<p style=\"text-align: justify;\"><strong>NOT\u00cdCIAS RELACIONADAS<\/strong><\/p>\n<p><a href=\"https:\/\/marcelolopes.jor.br\/2022\/06\/01\/novo-modelo-da-cnh-comeca-a-valer-nesta-quarta-feira-1o-de-junho\/\"><strong><span style=\"color: #993366;\">Novo modelo da CNH come\u00e7a a valer nesta quarta-feira, 1\u00ba de junho<\/span><\/strong><\/a><\/p>\n<p><a href=\"https:\/\/marcelolopes.jor.br\/2021\/06\/27\/detran-mg-suspende-exigencia-do-crlv-2020-ate-o-fim-de-2021\/\"><strong><span style=\"color: #993366;\">Detran-MG suspende exig\u00eancia do CRLV 2020 at\u00e9 o fim de 2021<\/span><\/strong><\/a><\/p>\n<p><a href=\"https:\/\/marcelolopes.jor.br\/2020\/10\/07\/voce-ja-pode-imprimir-o-crlv-de-seu-veiculo\/\"><strong><span style=\"color: #993366;\">Voc\u00ea j\u00e1 pode imprimir o CRLV de seu ve\u00edculo<\/span><\/strong><\/a><\/p>\n<p>Fonte: Ag\u00eancia Minas | Foto: Thiago Ventura &#8211; CEC<\/p>\n<div class=\"kgkte6a950afb59885\" ><br><\/div><style type=\"text\/css\">\r\n@media screen and (min-width: 1201px) {\r\n.kgkte6a950afb59885 {\r\ndisplay: block;\r\n}\r\n}\r\n@media screen and (min-width: 993px) and (max-width: 1200px) {\r\n.kgkte6a950afb59885 {\r\ndisplay: block;\r\n}\r\n}\r\n@media screen and (min-width: 769px) and (max-width: 992px) {\r\n.kgkte6a950afb59885 {\r\ndisplay: block;\r\n}\r\n}\r\n@media screen and (min-width: 768px) and (max-width: 768px) {\r\n.kgkte6a950afb59885 {\r\ndisplay: block;\r\n}\r\n}\r\n@media screen and (max-width: 767px) {\r\n.kgkte6a950afb59885 {\r\ndisplay: block;\r\n}\r\n}\r\n<\/style>\r\n<div class=\"wyulw6a950afb5f7db\" ><div id=\"div_destino\"><\/div>\r\n<script src=\"https:\/\/cdn.snsrsv.com\/sdk.js\"><\/script>\r\n<script >\r\n      new sdk(\"464030C30061EA8BE065000000000001\") \r\n          .appendTo(\"div_destino\")\r\n          .disableStyle(true) \r\n          .setCacheBusterMacro(\"%%CACHEBUSTER%%\")\r\n          .setSize(\"800\",\"214\")\r\n          .setClickMacro(\"%%CLICK_URL_ESC%%\") \r\n          .setReferrerUrlMacro(\"%%REFERRER_URL_ESC%%\") \r\n          .start(); \r\n<\/script><\/div><style type=\"text\/css\">\r\n@media screen and (min-width: 1201px) {\r\n.wyulw6a950afb5f7db {\r\ndisplay: block;\r\n}\r\n}\r\n@media screen and (min-width: 993px) and (max-width: 1200px) {\r\n.wyulw6a950afb5f7db {\r\ndisplay: block;\r\n}\r\n}\r\n@media screen and (min-width: 769px) and (max-width: 992px) {\r\n.wyulw6a950afb5f7db {\r\ndisplay: block;\r\n}\r\n}\r\n@media screen and (min-width: 768px) and (max-width: 768px) {\r\n.wyulw6a950afb5f7db {\r\ndisplay: block;\r\n}\r\n}\r\n@media screen and (max-width: 767px) {\r\n.wyulw6a950afb5f7db {\r\ndisplay: block;\r\n}\r\n}\r\n<\/style>\r\n","protected":false},"excerpt":{"rendered":"<p>Propriet\u00e1rios de ve\u00edculos registrados em Minas Gerais devem ficar atentos ao prazo de exig\u00eancia do Certificado de Registro e Licenciamento de Ve\u00edculo (CRLV). A partir desta quarta-feira, 1\u00ba de junho, o CRLV referente ao ano de 2021, ser\u00e1 o documento<\/p>\n<p class=\"link-more\"><a class=\"more-link\" href=\"https:\/\/marcelolopes.jor.br\/site\/2022\/06\/01\/crlv-2021-sera-obrigatorio-em-minas-a-partir-de-hoje-dia-1o\/\">Leia mais <span class=\"screen-reader-text\">CRLV 2021 ser\u00e1 obrigat\u00f3rio em Minas a partir de hoje, dia 1\u00ba<\/span><\/a><\/p>\n","protected":false},"author":2,"featured_media":33504,"comment_status":"open","ping_status":"open","sticky":false,"template":"","format":"standard","meta":{"footnotes":""},"categories":[1],"tags":[4271,1969,2690,781,857],"class_list":["post-33503","post","type-post","status-publish","format-standard","has-post-thumbnail","hentry","category-noticias","tag-crlv-2021","tag-detran-mg","tag-documento-do-veiculo","tag-ipva","tag-motorista","thumb-below-title"],"yoast_head":"<!-- This site is optimized with the Yoast SEO plugin v28.3 - https:\/\/yoast.com\/product\/yoast-seo-wordpress\/ -->\n<title>CRLV 2021 ser\u00e1 obrigat\u00f3rio em Minas a partir de hoje, dia 1\u00ba<\/title>\n<meta name=\"description\" content=\"CRLV 2021 ser\u00e1 obrigat\u00f3rio em Minas a partir de hoje, dia 1\u00ba. Documento pode ser apresentado em formato digital ou impresso.\" \/>\n<meta name=\"robots\" content=\"index, follow, max-snippet:-1, max-image-preview:large, max-video-preview:-1\" \/>\n<link rel=\"canonical\" href=\"https:\/\/marcelolopes.jor.br\/site\/2022\/06\/01\/crlv-2021-sera-obrigatorio-em-minas-a-partir-de-hoje-dia-1o\/\" \/>\n<meta property=\"og:locale\" content=\"pt_BR\" \/>\n<meta property=\"og:type\" content=\"article\" \/>\n<meta property=\"og:title\" content=\"CRLV 2021 ser\u00e1 obrigat\u00f3rio em Minas a partir de hoje, dia 1\u00ba\" \/>\n<meta property=\"og:description\" content=\"CRLV 2021 ser\u00e1 obrigat\u00f3rio em Minas a partir de hoje, dia 1\u00ba. Documento pode ser apresentado em formato digital ou impresso.\" \/>\n<meta property=\"og:url\" content=\"https:\/\/marcelolopes.jor.br\/site\/2022\/06\/01\/crlv-2021-sera-obrigatorio-em-minas-a-partir-de-hoje-dia-1o\/\" \/>\n<meta property=\"og:site_name\" content=\"Marcelo Lopes\" \/>\n<meta property=\"article:publisher\" content=\"https:\/\/www.facebook.com\/sitedomarcelolopes\" \/>\n<meta property=\"article:published_time\" content=\"2022-06-01T13:49:39+00:00\" \/>\n<meta property=\"og:image\" content=\"https:\/\/marcelolopes.jor.br\/site\/wp-content\/uploads\/2022\/06\/CRLV-2021.jpeg\" \/>\n\t<meta property=\"og:image:width\" content=\"1024\" \/>\n\t<meta property=\"og:image:height\" content=\"625\" \/>\n\t<meta property=\"og:image:type\" content=\"image\/jpeg\" \/>\n<meta name=\"author\" content=\"Marcelo Lopes\" \/>\n<meta name=\"twitter:card\" content=\"summary_large_image\" \/>\n<meta name=\"twitter:label1\" content=\"Escrito por\" \/>\n\t<meta name=\"twitter:data1\" content=\"Marcelo Lopes\" \/>\n\t<meta name=\"twitter:label2\" content=\"Est. tempo de leitura\" \/>\n\t<meta name=\"twitter:data2\" content=\"2 minutos\" \/>\n<script type=\"application\/ld+json\" class=\"yoast-schema-graph\">{\"@context\":\"https:\\\/\\\/schema.org\",\"@graph\":[{\"@type\":\"NewsArticle\",\"@id\":\"https:\\\/\\\/marcelolopes.jor.br\\\/site\\\/2022\\\/06\\\/01\\\/crlv-2021-sera-obrigatorio-em-minas-a-partir-de-hoje-dia-1o\\\/#article\",\"isPartOf\":{\"@id\":\"https:\\\/\\\/marcelolopes.jor.br\\\/site\\\/2022\\\/06\\\/01\\\/crlv-2021-sera-obrigatorio-em-minas-a-partir-de-hoje-dia-1o\\\/\"},\"author\":{\"name\":\"Marcelo Lopes\",\"@id\":\"https:\\\/\\\/marcelolopes.jor.br\\\/site\\\/#\\\/schema\\\/person\\\/3e7216a35c34d8fdf952b31da3d1f89f\"},\"headline\":\"CRLV 2021 ser\u00e1 obrigat\u00f3rio em Minas a partir de hoje, dia 1\u00ba\",\"datePublished\":\"2022-06-01T13:49:39+00:00\",\"mainEntityOfPage\":{\"@id\":\"https:\\\/\\\/marcelolopes.jor.br\\\/site\\\/2022\\\/06\\\/01\\\/crlv-2021-sera-obrigatorio-em-minas-a-partir-de-hoje-dia-1o\\\/\"},\"wordCount\":341,\"commentCount\":0,\"publisher\":{\"@id\":\"https:\\\/\\\/marcelolopes.jor.br\\\/site\\\/#organization\"},\"image\":{\"@id\":\"https:\\\/\\\/marcelolopes.jor.br\\\/site\\\/2022\\\/06\\\/01\\\/crlv-2021-sera-obrigatorio-em-minas-a-partir-de-hoje-dia-1o\\\/#primaryimage\"},\"thumbnailUrl\":\"https:\\\/\\\/marcelolopes.jor.br\\\/site\\\/wp-content\\\/uploads\\\/2022\\\/06\\\/CRLV-2021.jpeg\",\"keywords\":[\"CRLV 2021\",\"detran-mg\",\"documento do ve\u00edculo\",\"IPVA\",\"motorista\"],\"articleSection\":[\"Not\u00edcias\"],\"inLanguage\":\"pt-BR\",\"potentialAction\":[{\"@type\":\"CommentAction\",\"name\":\"Comment\",\"target\":[\"https:\\\/\\\/marcelolopes.jor.br\\\/site\\\/2022\\\/06\\\/01\\\/crlv-2021-sera-obrigatorio-em-minas-a-partir-de-hoje-dia-1o\\\/#respond\"]}]},{\"@type\":\"WebPage\",\"@id\":\"https:\\\/\\\/marcelolopes.jor.br\\\/site\\\/2022\\\/06\\\/01\\\/crlv-2021-sera-obrigatorio-em-minas-a-partir-de-hoje-dia-1o\\\/\",\"url\":\"https:\\\/\\\/marcelolopes.jor.br\\\/site\\\/2022\\\/06\\\/01\\\/crlv-2021-sera-obrigatorio-em-minas-a-partir-de-hoje-dia-1o\\\/\",\"name\":\"CRLV 2021 ser\u00e1 obrigat\u00f3rio em Minas a partir de hoje, dia 1\u00ba\",\"isPartOf\":{\"@id\":\"https:\\\/\\\/marcelolopes.jor.br\\\/site\\\/#website\"},\"primaryImageOfPage\":{\"@id\":\"https:\\\/\\\/marcelolopes.jor.br\\\/site\\\/2022\\\/06\\\/01\\\/crlv-2021-sera-obrigatorio-em-minas-a-partir-de-hoje-dia-1o\\\/#primaryimage\"},\"image\":{\"@id\":\"https:\\\/\\\/marcelolopes.jor.br\\\/site\\\/2022\\\/06\\\/01\\\/crlv-2021-sera-obrigatorio-em-minas-a-partir-de-hoje-dia-1o\\\/#primaryimage\"},\"thumbnailUrl\":\"https:\\\/\\\/marcelolopes.jor.br\\\/site\\\/wp-content\\\/uploads\\\/2022\\\/06\\\/CRLV-2021.jpeg\",\"datePublished\":\"2022-06-01T13:49:39+00:00\",\"description\":\"CRLV 2021 ser\u00e1 obrigat\u00f3rio em Minas a partir de hoje, dia 1\u00ba. Documento pode ser apresentado em formato digital ou impresso.\",\"breadcrumb\":{\"@id\":\"https:\\\/\\\/marcelolopes.jor.br\\\/site\\\/2022\\\/06\\\/01\\\/crlv-2021-sera-obrigatorio-em-minas-a-partir-de-hoje-dia-1o\\\/#breadcrumb\"},\"inLanguage\":\"pt-BR\",\"potentialAction\":[{\"@type\":\"ReadAction\",\"target\":[\"https:\\\/\\\/marcelolopes.jor.br\\\/site\\\/2022\\\/06\\\/01\\\/crlv-2021-sera-obrigatorio-em-minas-a-partir-de-hoje-dia-1o\\\/\"]}]},{\"@type\":\"ImageObject\",\"inLanguage\":\"pt-BR\",\"@id\":\"https:\\\/\\\/marcelolopes.jor.br\\\/site\\\/2022\\\/06\\\/01\\\/crlv-2021-sera-obrigatorio-em-minas-a-partir-de-hoje-dia-1o\\\/#primaryimage\",\"url\":\"https:\\\/\\\/marcelolopes.jor.br\\\/site\\\/wp-content\\\/uploads\\\/2022\\\/06\\\/CRLV-2021.jpeg\",\"contentUrl\":\"https:\\\/\\\/marcelolopes.jor.br\\\/site\\\/wp-content\\\/uploads\\\/2022\\\/06\\\/CRLV-2021.jpeg\",\"width\":1024,\"height\":625,\"caption\":\"CRLV 2021 ser\u00e1 obrigat\u00f3rio\"},{\"@type\":\"BreadcrumbList\",\"@id\":\"https:\\\/\\\/marcelolopes.jor.br\\\/site\\\/2022\\\/06\\\/01\\\/crlv-2021-sera-obrigatorio-em-minas-a-partir-de-hoje-dia-1o\\\/#breadcrumb\",\"itemListElement\":[{\"@type\":\"ListItem\",\"position\":1,\"name\":\"Home\",\"item\":\"https:\\\/\\\/marcelolopes.jor.br\\\/site\\\/\"},{\"@type\":\"ListItem\",\"position\":2,\"name\":\"CRLV 2021 ser\u00e1 obrigat\u00f3rio em Minas a partir de hoje, dia 1\u00ba\"}]},{\"@type\":\"WebSite\",\"@id\":\"https:\\\/\\\/marcelolopes.jor.br\\\/site\\\/#website\",\"url\":\"https:\\\/\\\/marcelolopes.jor.br\\\/site\\\/\",\"name\":\"Marcelo Lopes\",\"description\":\"Not\u00edcias de Cataguases e Regi\u00e3o\",\"publisher\":{\"@id\":\"https:\\\/\\\/marcelolopes.jor.br\\\/site\\\/#organization\"},\"potentialAction\":[{\"@type\":\"SearchAction\",\"target\":{\"@type\":\"EntryPoint\",\"urlTemplate\":\"https:\\\/\\\/marcelolopes.jor.br\\\/site\\\/?s={search_term_string}\"},\"query-input\":{\"@type\":\"PropertyValueSpecification\",\"valueRequired\":true,\"valueName\":\"search_term_string\"}}],\"inLanguage\":\"pt-BR\"},{\"@type\":\"Organization\",\"@id\":\"https:\\\/\\\/marcelolopes.jor.br\\\/site\\\/#organization\",\"name\":\"Site do Marcelo Lopes\",\"url\":\"https:\\\/\\\/marcelolopes.jor.br\\\/site\\\/\",\"logo\":{\"@type\":\"ImageObject\",\"inLanguage\":\"pt-BR\",\"@id\":\"https:\\\/\\\/marcelolopes.jor.br\\\/site\\\/#\\\/schema\\\/logo\\\/image\\\/\",\"url\":\"https:\\\/\\\/marcelolopes.jor.br\\\/site\\\/wp-content\\\/uploads\\\/2026\\\/07\\\/cropped-logo2026.png\",\"contentUrl\":\"https:\\\/\\\/marcelolopes.jor.br\\\/site\\\/wp-content\\\/uploads\\\/2026\\\/07\\\/cropped-logo2026.png\",\"width\":328,\"height\":96,\"caption\":\"Site do Marcelo Lopes\"},\"image\":{\"@id\":\"https:\\\/\\\/marcelolopes.jor.br\\\/site\\\/#\\\/schema\\\/logo\\\/image\\\/\"},\"sameAs\":[\"https:\\\/\\\/www.facebook.com\\\/sitedomarcelolopes\",\"https:\\\/\\\/www.instagram.com\\\/sitedomarcelolopes\\\/\",\"https:\\\/\\\/www.linkedin.com\\\/company\\\/site-do-marcelo-lopes\\\/\",\"https:\\\/\\\/www.youtube.com\\\/user\\\/marcelolopes957\"]},{\"@type\":\"Person\",\"@id\":\"https:\\\/\\\/marcelolopes.jor.br\\\/site\\\/#\\\/schema\\\/person\\\/3e7216a35c34d8fdf952b31da3d1f89f\",\"name\":\"Marcelo Lopes\",\"sameAs\":[\"http:\\\/\\\/www.marcelolopes.jor.br\"],\"url\":\"https:\\\/\\\/marcelolopes.jor.br\\\/site\\\/author\\\/marcelo\\\/\"}]}<\/script>\n<!-- \/ Yoast SEO plugin. -->","yoast_head_json":{"title":"CRLV 2021 ser\u00e1 obrigat\u00f3rio em Minas a partir de hoje, dia 1\u00ba","description":"CRLV 2021 ser\u00e1 obrigat\u00f3rio em Minas a partir de hoje, dia 1\u00ba. Documento pode ser apresentado em formato digital ou impresso.","robots":{"index":"index","follow":"follow","max-snippet":"max-snippet:-1","max-image-preview":"max-image-preview:large","max-video-preview":"max-video-preview:-1"},"canonical":"https:\/\/marcelolopes.jor.br\/site\/2022\/06\/01\/crlv-2021-sera-obrigatorio-em-minas-a-partir-de-hoje-dia-1o\/","og_locale":"pt_BR","og_type":"article","og_title":"CRLV 2021 ser\u00e1 obrigat\u00f3rio em Minas a partir de hoje, dia 1\u00ba","og_description":"CRLV 2021 ser\u00e1 obrigat\u00f3rio em Minas a partir de hoje, dia 1\u00ba. Documento pode ser apresentado em formato digital ou impresso.","og_url":"https:\/\/marcelolopes.jor.br\/site\/2022\/06\/01\/crlv-2021-sera-obrigatorio-em-minas-a-partir-de-hoje-dia-1o\/","og_site_name":"Marcelo Lopes","article_publisher":"https:\/\/www.facebook.com\/sitedomarcelolopes","article_published_time":"2022-06-01T13:49:39+00:00","og_image":[{"width":1024,"height":625,"url":"https:\/\/marcelolopes.jor.br\/site\/wp-content\/uploads\/2022\/06\/CRLV-2021.jpeg","type":"image\/jpeg"}],"author":"Marcelo Lopes","twitter_card":"summary_large_image","twitter_misc":{"Escrito por":"Marcelo Lopes","Est. tempo de leitura":"2 minutos"},"schema":{"@context":"https:\/\/schema.org","@graph":[{"@type":"NewsArticle","@id":"https:\/\/marcelolopes.jor.br\/site\/2022\/06\/01\/crlv-2021-sera-obrigatorio-em-minas-a-partir-de-hoje-dia-1o\/#article","isPartOf":{"@id":"https:\/\/marcelolopes.jor.br\/site\/2022\/06\/01\/crlv-2021-sera-obrigatorio-em-minas-a-partir-de-hoje-dia-1o\/"},"author":{"name":"Marcelo Lopes","@id":"https:\/\/marcelolopes.jor.br\/site\/#\/schema\/person\/3e7216a35c34d8fdf952b31da3d1f89f"},"headline":"CRLV 2021 ser\u00e1 obrigat\u00f3rio em Minas a partir de hoje, dia 1\u00ba","datePublished":"2022-06-01T13:49:39+00:00","mainEntityOfPage":{"@id":"https:\/\/marcelolopes.jor.br\/site\/2022\/06\/01\/crlv-2021-sera-obrigatorio-em-minas-a-partir-de-hoje-dia-1o\/"},"wordCount":341,"commentCount":0,"publisher":{"@id":"https:\/\/marcelolopes.jor.br\/site\/#organization"},"image":{"@id":"https:\/\/marcelolopes.jor.br\/site\/2022\/06\/01\/crlv-2021-sera-obrigatorio-em-minas-a-partir-de-hoje-dia-1o\/#primaryimage"},"thumbnailUrl":"https:\/\/marcelolopes.jor.br\/site\/wp-content\/uploads\/2022\/06\/CRLV-2021.jpeg","keywords":["CRLV 2021","detran-mg","documento do ve\u00edculo","IPVA","motorista"],"articleSection":["Not\u00edcias"],"inLanguage":"pt-BR","potentialAction":[{"@type":"CommentAction","name":"Comment","target":["https:\/\/marcelolopes.jor.br\/site\/2022\/06\/01\/crlv-2021-sera-obrigatorio-em-minas-a-partir-de-hoje-dia-1o\/#respond"]}]},{"@type":"WebPage","@id":"https:\/\/marcelolopes.jor.br\/site\/2022\/06\/01\/crlv-2021-sera-obrigatorio-em-minas-a-partir-de-hoje-dia-1o\/","url":"https:\/\/marcelolopes.jor.br\/site\/2022\/06\/01\/crlv-2021-sera-obrigatorio-em-minas-a-partir-de-hoje-dia-1o\/","name":"CRLV 2021 ser\u00e1 obrigat\u00f3rio em Minas a partir de hoje, dia 1\u00ba","isPartOf":{"@id":"https:\/\/marcelolopes.jor.br\/site\/#website"},"primaryImageOfPage":{"@id":"https:\/\/marcelolopes.jor.br\/site\/2022\/06\/01\/crlv-2021-sera-obrigatorio-em-minas-a-partir-de-hoje-dia-1o\/#primaryimage"},"image":{"@id":"https:\/\/marcelolopes.jor.br\/site\/2022\/06\/01\/crlv-2021-sera-obrigatorio-em-minas-a-partir-de-hoje-dia-1o\/#primaryimage"},"thumbnailUrl":"https:\/\/marcelolopes.jor.br\/site\/wp-content\/uploads\/2022\/06\/CRLV-2021.jpeg","datePublished":"2022-06-01T13:49:39+00:00","description":"CRLV 2021 ser\u00e1 obrigat\u00f3rio em Minas a partir de hoje, dia 1\u00ba. Documento pode ser apresentado em formato digital ou impresso.","breadcrumb":{"@id":"https:\/\/marcelolopes.jor.br\/site\/2022\/06\/01\/crlv-2021-sera-obrigatorio-em-minas-a-partir-de-hoje-dia-1o\/#breadcrumb"},"inLanguage":"pt-BR","potentialAction":[{"@type":"ReadAction","target":["https:\/\/marcelolopes.jor.br\/site\/2022\/06\/01\/crlv-2021-sera-obrigatorio-em-minas-a-partir-de-hoje-dia-1o\/"]}]},{"@type":"ImageObject","inLanguage":"pt-BR","@id":"https:\/\/marcelolopes.jor.br\/site\/2022\/06\/01\/crlv-2021-sera-obrigatorio-em-minas-a-partir-de-hoje-dia-1o\/#primaryimage","url":"https:\/\/marcelolopes.jor.br\/site\/wp-content\/uploads\/2022\/06\/CRLV-2021.jpeg","contentUrl":"https:\/\/marcelolopes.jor.br\/site\/wp-content\/uploads\/2022\/06\/CRLV-2021.jpeg","width":1024,"height":625,"caption":"CRLV 2021 ser\u00e1 obrigat\u00f3rio"},{"@type":"BreadcrumbList","@id":"https:\/\/marcelolopes.jor.br\/site\/2022\/06\/01\/crlv-2021-sera-obrigatorio-em-minas-a-partir-de-hoje-dia-1o\/#breadcrumb","itemListElement":[{"@type":"ListItem","position":1,"name":"Home","item":"https:\/\/marcelolopes.jor.br\/site\/"},{"@type":"ListItem","position":2,"name":"CRLV 2021 ser\u00e1 obrigat\u00f3rio em Minas a partir de hoje, dia 1\u00ba"}]},{"@type":"WebSite","@id":"https:\/\/marcelolopes.jor.br\/site\/#website","url":"https:\/\/marcelolopes.jor.br\/site\/","name":"Marcelo Lopes","description":"Not\u00edcias de Cataguases e Regi\u00e3o","publisher":{"@id":"https:\/\/marcelolopes.jor.br\/site\/#organization"},"potentialAction":[{"@type":"SearchAction","target":{"@type":"EntryPoint","urlTemplate":"https:\/\/marcelolopes.jor.br\/site\/?s={search_term_string}"},"query-input":{"@type":"PropertyValueSpecification","valueRequired":true,"valueName":"search_term_string"}}],"inLanguage":"pt-BR"},{"@type":"Organization","@id":"https:\/\/marcelolopes.jor.br\/site\/#organization","name":"Site do Marcelo Lopes","url":"https:\/\/marcelolopes.jor.br\/site\/","logo":{"@type":"ImageObject","inLanguage":"pt-BR","@id":"https:\/\/marcelolopes.jor.br\/site\/#\/schema\/logo\/image\/","url":"https:\/\/marcelolopes.jor.br\/site\/wp-content\/uploads\/2026\/07\/cropped-logo2026.png","contentUrl":"https:\/\/marcelolopes.jor.br\/site\/wp-content\/uploads\/2026\/07\/cropped-logo2026.png","width":328,"height":96,"caption":"Site do Marcelo Lopes"},"image":{"@id":"https:\/\/marcelolopes.jor.br\/site\/#\/schema\/logo\/image\/"},"sameAs":["https:\/\/www.facebook.com\/sitedomarcelolopes","https:\/\/www.instagram.com\/sitedomarcelolopes\/","https:\/\/www.linkedin.com\/company\/site-do-marcelo-lopes\/","https:\/\/www.youtube.com\/user\/marcelolopes957"]},{"@type":"Person","@id":"https:\/\/marcelolopes.jor.br\/site\/#\/schema\/person\/3e7216a35c34d8fdf952b31da3d1f89f","name":"Marcelo Lopes","sameAs":["http:\/\/www.marcelolopes.jor.br"],"url":"https:\/\/marcelolopes.jor.br\/site\/author\/marcelo\/"}]}},"wps_subtitle":"Documento pode ser apresentado em formato digital ou impresso em papel comum.","_links":{"self":[{"href":"https:\/\/marcelolopes.jor.br\/site\/wp-json\/wp\/v2\/posts\/33503","targetHints":{"allow":["GET"]}}],"collection":[{"href":"https:\/\/marcelolopes.jor.br\/site\/wp-json\/wp\/v2\/posts"}],"about":[{"href":"https:\/\/marcelolopes.jor.br\/site\/wp-json\/wp\/v2\/types\/post"}],"author":[{"embeddable":true,"href":"https:\/\/marcelolopes.jor.br\/site\/wp-json\/wp\/v2\/users\/2"}],"replies":[{"embeddable":true,"href":"https:\/\/marcelolopes.jor.br\/site\/wp-json\/wp\/v2\/comments?post=33503"}],"version-history":[{"count":0,"href":"https:\/\/marcelolopes.jor.br\/site\/wp-json\/wp\/v2\/posts\/33503\/revisions"}],"wp:featuredmedia":[{"embeddable":true,"href":"https:\/\/marcelolopes.jor.br\/site\/wp-json\/wp\/v2\/media\/33504"}],"wp:attachment":[{"href":"https:\/\/marcelolopes.jor.br\/site\/wp-json\/wp\/v2\/media?parent=33503"}],"wp:term":[{"taxonomy":"category","embeddable":true,"href":"https:\/\/marcelolopes.jor.br\/site\/wp-json\/wp\/v2\/categories?post=33503"},{"taxonomy":"post_tag","embeddable":true,"href":"https:\/\/marcelolopes.jor.br\/site\/wp-json\/wp\/v2\/tags?post=33503"}],"curies":[{"name":"wp","href":"https:\/\/api.w.org\/{rel}","templated":true}]}}