{"id":3350,"date":"2019-07-08T20:00:40","date_gmt":"2019-07-08T23:00:40","guid":{"rendered":"https:\/\/marcelolopes.jor.br\/?p=3350"},"modified":"2019-07-09T16:13:20","modified_gmt":"2019-07-09T19:13:20","slug":"promotor-do-meio-ambiente-vistoria-represa-da-bauminas-em-mirai","status":"publish","type":"post","link":"https:\/\/marcelolopes.jor.br\/site\/2019\/07\/08\/promotor-do-meio-ambiente-vistoria-represa-da-bauminas-em-mirai\/","title":{"rendered":"Promotor do Meio Ambiente vistoria represa da Bauminas em Mira\u00ed"},"content":{"rendered":"<p style=\"text-align: justify;\">O Promotor de Justi\u00e7a Gustavo Garcia Ara\u00fajo, da Curadoria do Meio Ambiente e Inf\u00e2ncia e Juventude das Comarcas de Cataguases e de Mira\u00ed, esteve no \u00faltimo dia 03 de julho, vistoriando a Barragem Bom Jardim, de rejeitos de bauxita, pertencente ao Grupo Bauminas. A barragem fica em Mira\u00ed, e outra da mesma empresa, rompeu em 2007 causando um grave acidente ambiental naquela cidade, atingindo milhares de pessoas.<!--more--><\/p>\n<p style=\"text-align: justify;\"><img loading=\"lazy\" decoding=\"async\" class=\"aligncenter wp-image-3353\" src=\"https:\/\/marcelolopes.jor.br\/site\/wp-content\/uploads\/2019\/07\/Barragem1-300x225.jpg\" alt=\"\" width=\"400\" height=\"300\" srcset=\"https:\/\/marcelolopes.jor.br\/site\/wp-content\/uploads\/2019\/07\/Barragem1-300x225.jpg 300w, https:\/\/marcelolopes.jor.br\/site\/wp-content\/uploads\/2019\/07\/Barragem1-768x576.jpg 768w, https:\/\/marcelolopes.jor.br\/site\/wp-content\/uploads\/2019\/07\/Barragem1.jpg 800w\" sizes=\"auto, (max-width: 400px) 100vw, 400px\" \/>Este ano ap\u00f3s o acidente ocorrido em Brumadinho\/MG, a popula\u00e7\u00e3o de Mira\u00ed e regi\u00e3o ficou apreensiva com boatos de risco na Barragem Bom Jardim, podendo repetir o acidente ocorrido h\u00e1 12 anos, afetando rios de v\u00e1rios munic\u00edpios da regi\u00e3o. Diante desta possibilidade aquele promotor realizou vistoria no local no dia 03, acompanhado de Luiz Ant\u00f4nio Vieira Vilani, Supervisor de Minera\u00e7\u00e3o; Ant\u00f4nio Marcos Amaral, Encarregado de Produ\u00e7\u00e3o; Fernando Ant\u00f4nio Elias, Encarregado da Barragem e de Alfredo Mucci Daniel \u2013 Engenheiro Ge\u00f3logo Respons\u00e1vel pela Barragem.<\/p>\n<p style=\"text-align: justify;\">Os t\u00e9cnicos da empresa tamb\u00e9m apresentaram ao Promotor a planilha di\u00e1ria de Controle das Instrumenta\u00e7\u00f5es da Barragem Bom Jardim com n\u00fameros que revelam o seu estado de normalidade. Ap\u00f3s a visita chegou-se \u00e0s seguintes conclus\u00f5es: O reservat\u00f3rio hoje est\u00e1 com o n\u00edvel 6,5 metros abaixo do normal; A Bauminas n\u00e3o joga rejeito na Barragem Bom Jardim desde fevereiro de 2019 e ela encontra-se em fase de descomissionamento. A Bauminas afirmou estar muito tranquila quanto \u00e0 estabilidade da Barragem Bom Jardim e mesmo assim continua a realizar todas as a\u00e7\u00f5es conforme exig\u00eancias legais. Para completar, o DAM Break apresentado no Plano de Seguran\u00e7a de Barragem foi elaborado pela ANA (Ag\u00eancia Nacional de \u00c1guas) e a empresa est\u00e1 tranquila no que tange os estudos.<\/p>\n<p style=\"text-align: justify;\"><img loading=\"lazy\" decoding=\"async\" class=\"aligncenter wp-image-3354\" src=\"https:\/\/marcelolopes.jor.br\/site\/wp-content\/uploads\/2019\/07\/Barragem5-300x185.jpg\" alt=\"\" width=\"400\" height=\"247\" srcset=\"https:\/\/marcelolopes.jor.br\/site\/wp-content\/uploads\/2019\/07\/Barragem5-300x185.jpg 300w, https:\/\/marcelolopes.jor.br\/site\/wp-content\/uploads\/2019\/07\/Barragem5.jpg 730w\" sizes=\"auto, (max-width: 400px) 100vw, 400px\" \/>Gustavo Garcia Ara\u00fajo disse ter ficado &#8220;muito satisfeito&#8221; com a apresenta\u00e7\u00e3o gr\u00e1fica e t\u00e9cnica feita pelo engenheiro ge\u00f3logo Alfredo Mucci, ressaltando que &#8220;ap\u00f3s o descomissionamento da barragem, a descaracteriza\u00e7\u00e3o seria um passo importante para o meio ambiente.&#8221; Segundo o respons\u00e1vel pela empresa, a pol\u00edtica atual da Bauminas \u00e9 evitar barramentos que possam causar risco de dano \u00e0 popula\u00e7\u00e3o circunvizinha. O promotor ressaltou tamb\u00e9m que o desastre de 2007, &#8220;serviu de li\u00e7\u00e3o, e tudo foi recuperado pela empresa, que cumpriu todos os acordos feitos com os Minist\u00e9rios P\u00fablicos Federal e Estadual e junto \u00e0 popula\u00e7\u00e3o atingida&#8221;, disse Gustavo.<\/p>\n<p><em>Fonte e fotos: 5\u00ba Promotoria de Justi\u00e7a da Comarca de Cataguases &#8211; Curadoria do Meio Ambiente, Inf\u00e2ncia e Juventude.<\/em><\/p>\n<div class=\"uyizc69f748002048e\" ><br><\/div><style type=\"text\/css\">\r\n@media screen and (min-width: 1201px) {\r\n.uyizc69f748002048e {\r\ndisplay: block;\r\n}\r\n}\r\n@media screen and (min-width: 993px) and (max-width: 1200px) {\r\n.uyizc69f748002048e {\r\ndisplay: block;\r\n}\r\n}\r\n@media screen and (min-width: 769px) and (max-width: 992px) {\r\n.uyizc69f748002048e {\r\ndisplay: block;\r\n}\r\n}\r\n@media screen and (min-width: 768px) and (max-width: 768px) {\r\n.uyizc69f748002048e {\r\ndisplay: block;\r\n}\r\n}\r\n@media screen and (max-width: 767px) {\r\n.uyizc69f748002048e {\r\ndisplay: block;\r\n}\r\n}\r\n<\/style>\r\n<div class=\"fmtzj69f7480028153\" ><div id=\"div_destino\"><\/div>\r\n<script src=\"https:\/\/cdn.snsrsv.com\/sdk.js\"><\/script>\r\n<script >\r\n      new sdk(\"464030C30061EA8BE065000000000001\") \r\n          .appendTo(\"div_destino\")\r\n          .disableStyle(true) \r\n          .setCacheBusterMacro(\"%%CACHEBUSTER%%\")\r\n          .setSize(\"800\",\"214\")\r\n          .setClickMacro(\"%%CLICK_URL_ESC%%\") \r\n          .setReferrerUrlMacro(\"%%REFERRER_URL_ESC%%\") \r\n          .start(); \r\n<\/script><\/div><style type=\"text\/css\">\r\n@media screen and (min-width: 1201px) {\r\n.fmtzj69f7480028153 {\r\ndisplay: block;\r\n}\r\n}\r\n@media screen and (min-width: 993px) and (max-width: 1200px) {\r\n.fmtzj69f7480028153 {\r\ndisplay: block;\r\n}\r\n}\r\n@media screen and (min-width: 769px) and (max-width: 992px) {\r\n.fmtzj69f7480028153 {\r\ndisplay: block;\r\n}\r\n}\r\n@media screen and (min-width: 768px) and (max-width: 768px) {\r\n.fmtzj69f7480028153 {\r\ndisplay: block;\r\n}\r\n}\r\n@media screen and (max-width: 767px) {\r\n.fmtzj69f7480028153 {\r\ndisplay: block;\r\n}\r\n}\r\n<\/style>\r\n","protected":false},"excerpt":{"rendered":"<p>O Promotor de Justi\u00e7a Gustavo Garcia Ara\u00fajo, da Curadoria do Meio Ambiente e Inf\u00e2ncia e Juventude das Comarcas de Cataguases e de Mira\u00ed, esteve no \u00faltimo dia 03 de julho, vistoriando a Barragem Bom Jardim, de rejeitos de bauxita, pertencente<\/p>\n<p class=\"link-more\"><a class=\"more-link\" href=\"https:\/\/marcelolopes.jor.br\/site\/2019\/07\/08\/promotor-do-meio-ambiente-vistoria-represa-da-bauminas-em-mirai\/\">Leia mais <span class=\"screen-reader-text\">Promotor do Meio Ambiente vistoria represa da Bauminas em Mira\u00ed<\/span><\/a><\/p>\n","protected":false},"author":2,"featured_media":3352,"comment_status":"open","ping_status":"open","sticky":false,"template":"","format":"standard","meta":{"footnotes":""},"categories":[1],"tags":[733,183,732,734],"class_list":["post-3350","post","type-post","status-publish","format-standard","has-post-thumbnail","hentry","category-noticias","tag-bauminas","tag-meio-ambiente","tag-promotor-de-justica","tag-represa","thumb-below-title"],"yoast_head":"<!-- This site is optimized with the Yoast SEO plugin v27.4 - https:\/\/yoast.com\/product\/yoast-seo-wordpress\/ -->\n<title>Promotor do Meio Ambiente vistoria represa da Bauminas em Mira\u00ed | Marcelo Lopes<\/title>\n<meta name=\"robots\" content=\"index, follow, max-snippet:-1, max-image-preview:large, max-video-preview:-1\" \/>\n<link rel=\"canonical\" href=\"https:\/\/marcelolopes.jor.br\/site\/2019\/07\/08\/promotor-do-meio-ambiente-vistoria-represa-da-bauminas-em-mirai\/\" \/>\n<meta property=\"og:locale\" content=\"pt_BR\" \/>\n<meta property=\"og:type\" content=\"article\" \/>\n<meta property=\"og:title\" content=\"Promotor do Meio Ambiente vistoria represa da Bauminas em Mira\u00ed | Marcelo Lopes\" \/>\n<meta property=\"og:description\" content=\"O Promotor de Justi\u00e7a Gustavo Garcia Ara\u00fajo, da Curadoria do Meio Ambiente e Inf\u00e2ncia e Juventude das Comarcas de Cataguases e de Mira\u00ed, esteve no \u00faltimo dia 03 de julho, vistoriando a Barragem Bom Jardim, de rejeitos de bauxita, pertencenteLeia mais Promotor do Meio Ambiente vistoria represa da Bauminas em Mira\u00ed\" \/>\n<meta property=\"og:url\" content=\"https:\/\/marcelolopes.jor.br\/site\/2019\/07\/08\/promotor-do-meio-ambiente-vistoria-represa-da-bauminas-em-mirai\/\" \/>\n<meta property=\"og:site_name\" content=\"Marcelo Lopes\" \/>\n<meta property=\"article:publisher\" content=\"https:\/\/www.facebook.com\/sitedomarcelolopes\" \/>\n<meta property=\"article:published_time\" content=\"2019-07-08T23:00:40+00:00\" \/>\n<meta property=\"article:modified_time\" content=\"2019-07-09T19:13:20+00:00\" \/>\n<meta property=\"og:image\" content=\"https:\/\/marcelolopes.jor.br\/site\/wp-content\/uploads\/2019\/07\/Barragem2.jpg\" \/>\n\t<meta property=\"og:image:width\" content=\"637\" \/>\n\t<meta property=\"og:image:height\" content=\"450\" \/>\n\t<meta property=\"og:image:type\" content=\"image\/jpeg\" \/>\n<meta name=\"author\" content=\"Marcelo Lopes\" \/>\n<meta name=\"twitter:card\" content=\"summary_large_image\" \/>\n<meta name=\"twitter:label1\" content=\"Escrito por\" \/>\n\t<meta name=\"twitter:data1\" content=\"Marcelo Lopes\" \/>\n\t<meta name=\"twitter:label2\" content=\"Est. tempo de leitura\" \/>\n\t<meta name=\"twitter:data2\" content=\"2 minutos\" \/>\n<script type=\"application\/ld+json\" class=\"yoast-schema-graph\">{\"@context\":\"https:\\\/\\\/schema.org\",\"@graph\":[{\"@type\":\"NewsArticle\",\"@id\":\"https:\\\/\\\/marcelolopes.jor.br\\\/site\\\/2019\\\/07\\\/08\\\/promotor-do-meio-ambiente-vistoria-represa-da-bauminas-em-mirai\\\/#article\",\"isPartOf\":{\"@id\":\"https:\\\/\\\/marcelolopes.jor.br\\\/site\\\/2019\\\/07\\\/08\\\/promotor-do-meio-ambiente-vistoria-represa-da-bauminas-em-mirai\\\/\"},\"author\":{\"name\":\"Marcelo Lopes\",\"@id\":\"https:\\\/\\\/marcelolopes.jor.br\\\/site\\\/#\\\/schema\\\/person\\\/3e7216a35c34d8fdf952b31da3d1f89f\"},\"headline\":\"Promotor do Meio Ambiente vistoria represa da Bauminas em Mira\u00ed\",\"datePublished\":\"2019-07-08T23:00:40+00:00\",\"dateModified\":\"2019-07-09T19:13:20+00:00\",\"mainEntityOfPage\":{\"@id\":\"https:\\\/\\\/marcelolopes.jor.br\\\/site\\\/2019\\\/07\\\/08\\\/promotor-do-meio-ambiente-vistoria-represa-da-bauminas-em-mirai\\\/\"},\"wordCount\":433,\"commentCount\":0,\"publisher\":{\"@id\":\"https:\\\/\\\/marcelolopes.jor.br\\\/site\\\/#organization\"},\"image\":{\"@id\":\"https:\\\/\\\/marcelolopes.jor.br\\\/site\\\/2019\\\/07\\\/08\\\/promotor-do-meio-ambiente-vistoria-represa-da-bauminas-em-mirai\\\/#primaryimage\"},\"thumbnailUrl\":\"https:\\\/\\\/marcelolopes.jor.br\\\/site\\\/wp-content\\\/uploads\\\/2019\\\/07\\\/Barragem2.jpg\",\"keywords\":[\"Bauminas\",\"Meio Ambiente\",\"Promotor de Justi\u00e7a\",\"represa\"],\"articleSection\":[\"Not\u00edcias\"],\"inLanguage\":\"pt-BR\",\"potentialAction\":[{\"@type\":\"CommentAction\",\"name\":\"Comment\",\"target\":[\"https:\\\/\\\/marcelolopes.jor.br\\\/site\\\/2019\\\/07\\\/08\\\/promotor-do-meio-ambiente-vistoria-represa-da-bauminas-em-mirai\\\/#respond\"]}]},{\"@type\":\"WebPage\",\"@id\":\"https:\\\/\\\/marcelolopes.jor.br\\\/site\\\/2019\\\/07\\\/08\\\/promotor-do-meio-ambiente-vistoria-represa-da-bauminas-em-mirai\\\/\",\"url\":\"https:\\\/\\\/marcelolopes.jor.br\\\/site\\\/2019\\\/07\\\/08\\\/promotor-do-meio-ambiente-vistoria-represa-da-bauminas-em-mirai\\\/\",\"name\":\"Promotor do Meio Ambiente vistoria represa da Bauminas em Mira\u00ed | Marcelo Lopes\",\"isPartOf\":{\"@id\":\"https:\\\/\\\/marcelolopes.jor.br\\\/site\\\/#website\"},\"primaryImageOfPage\":{\"@id\":\"https:\\\/\\\/marcelolopes.jor.br\\\/site\\\/2019\\\/07\\\/08\\\/promotor-do-meio-ambiente-vistoria-represa-da-bauminas-em-mirai\\\/#primaryimage\"},\"image\":{\"@id\":\"https:\\\/\\\/marcelolopes.jor.br\\\/site\\\/2019\\\/07\\\/08\\\/promotor-do-meio-ambiente-vistoria-represa-da-bauminas-em-mirai\\\/#primaryimage\"},\"thumbnailUrl\":\"https:\\\/\\\/marcelolopes.jor.br\\\/site\\\/wp-content\\\/uploads\\\/2019\\\/07\\\/Barragem2.jpg\",\"datePublished\":\"2019-07-08T23:00:40+00:00\",\"dateModified\":\"2019-07-09T19:13:20+00:00\",\"breadcrumb\":{\"@id\":\"https:\\\/\\\/marcelolopes.jor.br\\\/site\\\/2019\\\/07\\\/08\\\/promotor-do-meio-ambiente-vistoria-represa-da-bauminas-em-mirai\\\/#breadcrumb\"},\"inLanguage\":\"pt-BR\",\"potentialAction\":[{\"@type\":\"ReadAction\",\"target\":[\"https:\\\/\\\/marcelolopes.jor.br\\\/site\\\/2019\\\/07\\\/08\\\/promotor-do-meio-ambiente-vistoria-represa-da-bauminas-em-mirai\\\/\"]}]},{\"@type\":\"ImageObject\",\"inLanguage\":\"pt-BR\",\"@id\":\"https:\\\/\\\/marcelolopes.jor.br\\\/site\\\/2019\\\/07\\\/08\\\/promotor-do-meio-ambiente-vistoria-represa-da-bauminas-em-mirai\\\/#primaryimage\",\"url\":\"https:\\\/\\\/marcelolopes.jor.br\\\/site\\\/wp-content\\\/uploads\\\/2019\\\/07\\\/Barragem2.jpg\",\"contentUrl\":\"https:\\\/\\\/marcelolopes.jor.br\\\/site\\\/wp-content\\\/uploads\\\/2019\\\/07\\\/Barragem2.jpg\",\"width\":637,\"height\":450},{\"@type\":\"BreadcrumbList\",\"@id\":\"https:\\\/\\\/marcelolopes.jor.br\\\/site\\\/2019\\\/07\\\/08\\\/promotor-do-meio-ambiente-vistoria-represa-da-bauminas-em-mirai\\\/#breadcrumb\",\"itemListElement\":[{\"@type\":\"ListItem\",\"position\":1,\"name\":\"Home\",\"item\":\"https:\\\/\\\/marcelolopes.jor.br\\\/site\\\/\"},{\"@type\":\"ListItem\",\"position\":2,\"name\":\"Promotor do Meio Ambiente vistoria represa da Bauminas em Mira\u00ed\"}]},{\"@type\":\"WebSite\",\"@id\":\"https:\\\/\\\/marcelolopes.jor.br\\\/site\\\/#website\",\"url\":\"https:\\\/\\\/marcelolopes.jor.br\\\/site\\\/\",\"name\":\"Marcelo Lopes\",\"description\":\"Not\u00edcias de Cataguases e Regi\u00e3o\",\"publisher\":{\"@id\":\"https:\\\/\\\/marcelolopes.jor.br\\\/site\\\/#organization\"},\"potentialAction\":[{\"@type\":\"SearchAction\",\"target\":{\"@type\":\"EntryPoint\",\"urlTemplate\":\"https:\\\/\\\/marcelolopes.jor.br\\\/site\\\/?s={search_term_string}\"},\"query-input\":{\"@type\":\"PropertyValueSpecification\",\"valueRequired\":true,\"valueName\":\"search_term_string\"}}],\"inLanguage\":\"pt-BR\"},{\"@type\":\"Organization\",\"@id\":\"https:\\\/\\\/marcelolopes.jor.br\\\/site\\\/#organization\",\"name\":\"Site do Marcelo Lopes\",\"url\":\"https:\\\/\\\/marcelolopes.jor.br\\\/site\\\/\",\"logo\":{\"@type\":\"ImageObject\",\"inLanguage\":\"pt-BR\",\"@id\":\"https:\\\/\\\/marcelolopes.jor.br\\\/site\\\/#\\\/schema\\\/logo\\\/image\\\/\",\"url\":\"https:\\\/\\\/marcelolopes.jor.br\\\/site\\\/wp-content\\\/uploads\\\/2024\\\/11\\\/logo-1.png\",\"contentUrl\":\"https:\\\/\\\/marcelolopes.jor.br\\\/site\\\/wp-content\\\/uploads\\\/2024\\\/11\\\/logo-1.png\",\"width\":475,\"height\":80,\"caption\":\"Site do Marcelo Lopes\"},\"image\":{\"@id\":\"https:\\\/\\\/marcelolopes.jor.br\\\/site\\\/#\\\/schema\\\/logo\\\/image\\\/\"},\"sameAs\":[\"https:\\\/\\\/www.facebook.com\\\/sitedomarcelolopes\",\"https:\\\/\\\/www.instagram.com\\\/sitedomarcelolopes\\\/\",\"https:\\\/\\\/www.linkedin.com\\\/company\\\/site-do-marcelo-lopes\\\/\",\"https:\\\/\\\/www.youtube.com\\\/user\\\/marcelolopes957\"]},{\"@type\":\"Person\",\"@id\":\"https:\\\/\\\/marcelolopes.jor.br\\\/site\\\/#\\\/schema\\\/person\\\/3e7216a35c34d8fdf952b31da3d1f89f\",\"name\":\"Marcelo Lopes\",\"sameAs\":[\"http:\\\/\\\/www.marcelolopes.jor.br\"],\"url\":\"https:\\\/\\\/marcelolopes.jor.br\\\/site\\\/author\\\/marcelo\\\/\"}]}<\/script>\n<!-- \/ Yoast SEO plugin. -->","yoast_head_json":{"title":"Promotor do Meio Ambiente vistoria represa da Bauminas em Mira\u00ed | Marcelo Lopes","robots":{"index":"index","follow":"follow","max-snippet":"max-snippet:-1","max-image-preview":"max-image-preview:large","max-video-preview":"max-video-preview:-1"},"canonical":"https:\/\/marcelolopes.jor.br\/site\/2019\/07\/08\/promotor-do-meio-ambiente-vistoria-represa-da-bauminas-em-mirai\/","og_locale":"pt_BR","og_type":"article","og_title":"Promotor do Meio Ambiente vistoria represa da Bauminas em Mira\u00ed | Marcelo Lopes","og_description":"O Promotor de Justi\u00e7a Gustavo Garcia Ara\u00fajo, da Curadoria do Meio Ambiente e Inf\u00e2ncia e Juventude das Comarcas de Cataguases e de Mira\u00ed, esteve no \u00faltimo dia 03 de julho, vistoriando a Barragem Bom Jardim, de rejeitos de bauxita, pertencenteLeia mais Promotor do Meio Ambiente vistoria represa da Bauminas em Mira\u00ed","og_url":"https:\/\/marcelolopes.jor.br\/site\/2019\/07\/08\/promotor-do-meio-ambiente-vistoria-represa-da-bauminas-em-mirai\/","og_site_name":"Marcelo Lopes","article_publisher":"https:\/\/www.facebook.com\/sitedomarcelolopes","article_published_time":"2019-07-08T23:00:40+00:00","article_modified_time":"2019-07-09T19:13:20+00:00","og_image":[{"width":637,"height":450,"url":"https:\/\/marcelolopes.jor.br\/site\/wp-content\/uploads\/2019\/07\/Barragem2.jpg","type":"image\/jpeg"}],"author":"Marcelo Lopes","twitter_card":"summary_large_image","twitter_misc":{"Escrito por":"Marcelo Lopes","Est. tempo de leitura":"2 minutos"},"schema":{"@context":"https:\/\/schema.org","@graph":[{"@type":"NewsArticle","@id":"https:\/\/marcelolopes.jor.br\/site\/2019\/07\/08\/promotor-do-meio-ambiente-vistoria-represa-da-bauminas-em-mirai\/#article","isPartOf":{"@id":"https:\/\/marcelolopes.jor.br\/site\/2019\/07\/08\/promotor-do-meio-ambiente-vistoria-represa-da-bauminas-em-mirai\/"},"author":{"name":"Marcelo Lopes","@id":"https:\/\/marcelolopes.jor.br\/site\/#\/schema\/person\/3e7216a35c34d8fdf952b31da3d1f89f"},"headline":"Promotor do Meio Ambiente vistoria represa da Bauminas em Mira\u00ed","datePublished":"2019-07-08T23:00:40+00:00","dateModified":"2019-07-09T19:13:20+00:00","mainEntityOfPage":{"@id":"https:\/\/marcelolopes.jor.br\/site\/2019\/07\/08\/promotor-do-meio-ambiente-vistoria-represa-da-bauminas-em-mirai\/"},"wordCount":433,"commentCount":0,"publisher":{"@id":"https:\/\/marcelolopes.jor.br\/site\/#organization"},"image":{"@id":"https:\/\/marcelolopes.jor.br\/site\/2019\/07\/08\/promotor-do-meio-ambiente-vistoria-represa-da-bauminas-em-mirai\/#primaryimage"},"thumbnailUrl":"https:\/\/marcelolopes.jor.br\/site\/wp-content\/uploads\/2019\/07\/Barragem2.jpg","keywords":["Bauminas","Meio Ambiente","Promotor de Justi\u00e7a","represa"],"articleSection":["Not\u00edcias"],"inLanguage":"pt-BR","potentialAction":[{"@type":"CommentAction","name":"Comment","target":["https:\/\/marcelolopes.jor.br\/site\/2019\/07\/08\/promotor-do-meio-ambiente-vistoria-represa-da-bauminas-em-mirai\/#respond"]}]},{"@type":"WebPage","@id":"https:\/\/marcelolopes.jor.br\/site\/2019\/07\/08\/promotor-do-meio-ambiente-vistoria-represa-da-bauminas-em-mirai\/","url":"https:\/\/marcelolopes.jor.br\/site\/2019\/07\/08\/promotor-do-meio-ambiente-vistoria-represa-da-bauminas-em-mirai\/","name":"Promotor do Meio Ambiente vistoria represa da Bauminas em Mira\u00ed | Marcelo Lopes","isPartOf":{"@id":"https:\/\/marcelolopes.jor.br\/site\/#website"},"primaryImageOfPage":{"@id":"https:\/\/marcelolopes.jor.br\/site\/2019\/07\/08\/promotor-do-meio-ambiente-vistoria-represa-da-bauminas-em-mirai\/#primaryimage"},"image":{"@id":"https:\/\/marcelolopes.jor.br\/site\/2019\/07\/08\/promotor-do-meio-ambiente-vistoria-represa-da-bauminas-em-mirai\/#primaryimage"},"thumbnailUrl":"https:\/\/marcelolopes.jor.br\/site\/wp-content\/uploads\/2019\/07\/Barragem2.jpg","datePublished":"2019-07-08T23:00:40+00:00","dateModified":"2019-07-09T19:13:20+00:00","breadcrumb":{"@id":"https:\/\/marcelolopes.jor.br\/site\/2019\/07\/08\/promotor-do-meio-ambiente-vistoria-represa-da-bauminas-em-mirai\/#breadcrumb"},"inLanguage":"pt-BR","potentialAction":[{"@type":"ReadAction","target":["https:\/\/marcelolopes.jor.br\/site\/2019\/07\/08\/promotor-do-meio-ambiente-vistoria-represa-da-bauminas-em-mirai\/"]}]},{"@type":"ImageObject","inLanguage":"pt-BR","@id":"https:\/\/marcelolopes.jor.br\/site\/2019\/07\/08\/promotor-do-meio-ambiente-vistoria-represa-da-bauminas-em-mirai\/#primaryimage","url":"https:\/\/marcelolopes.jor.br\/site\/wp-content\/uploads\/2019\/07\/Barragem2.jpg","contentUrl":"https:\/\/marcelolopes.jor.br\/site\/wp-content\/uploads\/2019\/07\/Barragem2.jpg","width":637,"height":450},{"@type":"BreadcrumbList","@id":"https:\/\/marcelolopes.jor.br\/site\/2019\/07\/08\/promotor-do-meio-ambiente-vistoria-represa-da-bauminas-em-mirai\/#breadcrumb","itemListElement":[{"@type":"ListItem","position":1,"name":"Home","item":"https:\/\/marcelolopes.jor.br\/site\/"},{"@type":"ListItem","position":2,"name":"Promotor do Meio Ambiente vistoria represa da Bauminas em Mira\u00ed"}]},{"@type":"WebSite","@id":"https:\/\/marcelolopes.jor.br\/site\/#website","url":"https:\/\/marcelolopes.jor.br\/site\/","name":"Marcelo Lopes","description":"Not\u00edcias de Cataguases e Regi\u00e3o","publisher":{"@id":"https:\/\/marcelolopes.jor.br\/site\/#organization"},"potentialAction":[{"@type":"SearchAction","target":{"@type":"EntryPoint","urlTemplate":"https:\/\/marcelolopes.jor.br\/site\/?s={search_term_string}"},"query-input":{"@type":"PropertyValueSpecification","valueRequired":true,"valueName":"search_term_string"}}],"inLanguage":"pt-BR"},{"@type":"Organization","@id":"https:\/\/marcelolopes.jor.br\/site\/#organization","name":"Site do Marcelo Lopes","url":"https:\/\/marcelolopes.jor.br\/site\/","logo":{"@type":"ImageObject","inLanguage":"pt-BR","@id":"https:\/\/marcelolopes.jor.br\/site\/#\/schema\/logo\/image\/","url":"https:\/\/marcelolopes.jor.br\/site\/wp-content\/uploads\/2024\/11\/logo-1.png","contentUrl":"https:\/\/marcelolopes.jor.br\/site\/wp-content\/uploads\/2024\/11\/logo-1.png","width":475,"height":80,"caption":"Site do Marcelo Lopes"},"image":{"@id":"https:\/\/marcelolopes.jor.br\/site\/#\/schema\/logo\/image\/"},"sameAs":["https:\/\/www.facebook.com\/sitedomarcelolopes","https:\/\/www.instagram.com\/sitedomarcelolopes\/","https:\/\/www.linkedin.com\/company\/site-do-marcelo-lopes\/","https:\/\/www.youtube.com\/user\/marcelolopes957"]},{"@type":"Person","@id":"https:\/\/marcelolopes.jor.br\/site\/#\/schema\/person\/3e7216a35c34d8fdf952b31da3d1f89f","name":"Marcelo Lopes","sameAs":["http:\/\/www.marcelolopes.jor.br"],"url":"https:\/\/marcelolopes.jor.br\/site\/author\/marcelo\/"}]}},"wps_subtitle":"Ele disse que a empresa cumpriu todos os compromissos assumidos ap\u00f3s o acidente de 2007.","_links":{"self":[{"href":"https:\/\/marcelolopes.jor.br\/site\/wp-json\/wp\/v2\/posts\/3350","targetHints":{"allow":["GET"]}}],"collection":[{"href":"https:\/\/marcelolopes.jor.br\/site\/wp-json\/wp\/v2\/posts"}],"about":[{"href":"https:\/\/marcelolopes.jor.br\/site\/wp-json\/wp\/v2\/types\/post"}],"author":[{"embeddable":true,"href":"https:\/\/marcelolopes.jor.br\/site\/wp-json\/wp\/v2\/users\/2"}],"replies":[{"embeddable":true,"href":"https:\/\/marcelolopes.jor.br\/site\/wp-json\/wp\/v2\/comments?post=3350"}],"version-history":[{"count":0,"href":"https:\/\/marcelolopes.jor.br\/site\/wp-json\/wp\/v2\/posts\/3350\/revisions"}],"wp:featuredmedia":[{"embeddable":true,"href":"https:\/\/marcelolopes.jor.br\/site\/wp-json\/wp\/v2\/media\/3352"}],"wp:attachment":[{"href":"https:\/\/marcelolopes.jor.br\/site\/wp-json\/wp\/v2\/media?parent=3350"}],"wp:term":[{"taxonomy":"category","embeddable":true,"href":"https:\/\/marcelolopes.jor.br\/site\/wp-json\/wp\/v2\/categories?post=3350"},{"taxonomy":"post_tag","embeddable":true,"href":"https:\/\/marcelolopes.jor.br\/site\/wp-json\/wp\/v2\/tags?post=3350"}],"curies":[{"name":"wp","href":"https:\/\/api.w.org\/{rel}","templated":true}]}}