{"id":33481,"date":"2022-05-31T20:00:10","date_gmt":"2022-05-31T23:00:10","guid":{"rendered":"https:\/\/marcelolopes.jor.br\/?p=33481"},"modified":"2022-05-31T19:05:46","modified_gmt":"2022-05-31T22:05:46","slug":"deputado-estadual-fernando-pacheco-destina-mais-r-6-milhoes-para-sua-regiao","status":"publish","type":"post","link":"https:\/\/marcelolopes.jor.br\/site\/2022\/05\/31\/deputado-estadual-fernando-pacheco-destina-mais-r-6-milhoes-para-sua-regiao\/","title":{"rendered":"Deputado estadual Fernando Pacheco destina mais R$ 6 milh\u00f5es para sua regi\u00e3o"},"content":{"rendered":"<p style=\"text-align: justify;\">Nesta semana, o deputado estadual Fernando Pacheco confirmou o pagamento de R$ 6.277.000,00 de suas emendas de transfer\u00eancia especial para 15 cidades da regi\u00e3o: Al\u00e9m Para\u00edba, Astolfo Dutra, Cataguases, Dona Euz\u00e9bia, Guidoval, Guiricema, Itamarati de Minas, Juiz de Fora, Laranjal, Miradouro, Palma, Recreio, Santana de Cataguases, S\u00e3o Jo\u00e3o Nepomuceno e S\u00e3o Sebasti\u00e3o da Vargem Alegre (veja quadro ao final desta mat\u00e9ria com os valores para cada munic\u00edpio). Os recursos foram pagos pelo Estado nos \u00faltimos dias e j\u00e1 est\u00e3o dispon\u00edveis para que os prefeitos iniciem os processos para sua utiliza\u00e7\u00e3o.<!--more--><\/p>\n<p style=\"text-align: justify;\"><img loading=\"lazy\" decoding=\"async\" class=\"aligncenter wp-image-33483\" src=\"https:\/\/marcelolopes.jor.br\/site\/wp-content\/uploads\/2022\/05\/WhatsApp-Image-2022-05-31-at-18.54.45-300x200.jpeg\" alt=\"emendas para munic\u00edpios da regi\u00e3o\" width=\"700\" height=\"466\" srcset=\"https:\/\/marcelolopes.jor.br\/site\/wp-content\/uploads\/2022\/05\/WhatsApp-Image-2022-05-31-at-18.54.45-300x200.jpeg 300w, https:\/\/marcelolopes.jor.br\/site\/wp-content\/uploads\/2022\/05\/WhatsApp-Image-2022-05-31-at-18.54.45-1024x682.jpeg 1024w, https:\/\/marcelolopes.jor.br\/site\/wp-content\/uploads\/2022\/05\/WhatsApp-Image-2022-05-31-at-18.54.45-768x512.jpeg 768w, https:\/\/marcelolopes.jor.br\/site\/wp-content\/uploads\/2022\/05\/WhatsApp-Image-2022-05-31-at-18.54.45-1200x800.jpeg 1200w, https:\/\/marcelolopes.jor.br\/site\/wp-content\/uploads\/2022\/05\/WhatsApp-Image-2022-05-31-at-18.54.45.jpeg 1280w\" sizes=\"auto, (max-width: 700px) 100vw, 700px\" \/>Transfer\u00eancia especial \u00e9 uma forma de enviar recursos diretamente para os munic\u00edpios investirem nas necessidades, tendo a liberdade para aplicar em qualquer tipo de investimento, por exemplo: para execu\u00e7\u00e3o de obras e reformas, aquisi\u00e7\u00e3o de carros, caminh\u00f5es e tratores, entre outros. Desta forma, as prefeituras poder\u00e3o realmente fazer a diferen\u00e7a na vida dos munic\u00edpios, melhorando a qualidade de vida de sua popula\u00e7\u00e3o.<\/p>\n<p style=\"text-align: justify;\">Segundo o deputado Fernando Pacheco, esses recursos foram indicados depois de conversas com todas as cidades. \u201cNossa equipe est\u00e1 sempre em contato com os munic\u00edpios de nossa regi\u00e3o, eu sempre visito e me comunico com prefeitos, vereadores e lideran\u00e7as para definir aonde vamos destinar as emendas. Agora, com esse dinheiro j\u00e1 nas contas das cidades, esperamos que possamos fazer melhorias para nossa gente do interior\u201d, disse o deputado.<\/p>\n<p style=\"text-align: justify;\">Com o dinheiro dispon\u00edvel, os munic\u00edpios far\u00e3o as tramita\u00e7\u00f5es legais para fazerem os investimentos, como os processos de licita\u00e7\u00e3o. Durante os 3 anos de seu mandato, o deputado Fernando Pacheco j\u00e1 destinou mais de 36 milh\u00f5es de recursos de suas emendas para a regi\u00e3o da Zona da Mata, al\u00e9m de outros intermediados no Governo Estadual e Federal, sempre na busca pelo desenvolvimento do interior, grande bandeira do mandato do parlamentar na <a href=\"http:\/\/www.almg.gov.br\"><strong><span style=\"color: #993366;\">Assembleia Legislativa de Minas<\/span><\/strong><\/a>.<\/p>\n<p><img loading=\"lazy\" decoding=\"async\" class=\"aligncenter wp-image-33484\" src=\"https:\/\/marcelolopes.jor.br\/site\/wp-content\/uploads\/2022\/05\/WhatsApp-Image-2022-05-31-at-16.18.48-300x246.jpeg\" alt=\"\" width=\"700\" height=\"574\" srcset=\"https:\/\/marcelolopes.jor.br\/site\/wp-content\/uploads\/2022\/05\/WhatsApp-Image-2022-05-31-at-16.18.48-300x246.jpeg 300w, https:\/\/marcelolopes.jor.br\/site\/wp-content\/uploads\/2022\/05\/WhatsApp-Image-2022-05-31-at-16.18.48.jpeg 729w\" sizes=\"auto, (max-width: 700px) 100vw, 700px\" \/><\/p>\n<p style=\"text-align: justify;\"><strong>NOT\u00cdCIAS RELACIONADAS<\/strong><\/p>\n<p><a href=\"https:\/\/marcelolopes.jor.br\/2022\/05\/27\/veiculos-adquiridos-com-recursos-do-deputado-fernando-pacheco-chegam-a-cataguases\/\"><strong><span style=\"color: #993366;\">Ve\u00edculos adquiridos com recursos do Deputado Fernando Pacheco chegam a Cataguases<\/span><\/strong><\/a><\/p>\n<p><a href=\"https:\/\/marcelolopes.jor.br\/2022\/04\/05\/deputado-fernando-pacheco-entrega-tres-viaturas-a-policia-militar\/\"><strong><span style=\"color: #993366;\">Deputado Fernando Pacheco entrega tr\u00eas viaturas \u00e0 Pol\u00edcia Militar<\/span><\/strong><\/a><\/p>\n<p><a href=\"https:\/\/marcelolopes.jor.br\/2022\/04\/01\/lar-sao-vicente-de-paulo-recebe-recursos-do-deputado-fernando-pacheco\/\"><strong><span style=\"color: #993366;\">Lar S\u00e3o Vicente de Paulo recebe recursos do Deputado Fernando Pacheco<\/span><\/strong><\/a><\/p>\n<div class=\"dkqfv69f5fa3c50459\" ><br><\/div><style type=\"text\/css\">\r\n@media screen and (min-width: 1201px) {\r\n.dkqfv69f5fa3c50459 {\r\ndisplay: block;\r\n}\r\n}\r\n@media screen and (min-width: 993px) and (max-width: 1200px) {\r\n.dkqfv69f5fa3c50459 {\r\ndisplay: block;\r\n}\r\n}\r\n@media screen and (min-width: 769px) and (max-width: 992px) {\r\n.dkqfv69f5fa3c50459 {\r\ndisplay: block;\r\n}\r\n}\r\n@media screen and (min-width: 768px) and (max-width: 768px) {\r\n.dkqfv69f5fa3c50459 {\r\ndisplay: block;\r\n}\r\n}\r\n@media screen and (max-width: 767px) {\r\n.dkqfv69f5fa3c50459 {\r\ndisplay: block;\r\n}\r\n}\r\n<\/style>\r\n<div class=\"wuvmk69f5fa3c5580f\" ><div id=\"div_destino\"><\/div>\r\n<script src=\"https:\/\/cdn.snsrsv.com\/sdk.js\"><\/script>\r\n<script >\r\n      new sdk(\"464030C30061EA8BE065000000000001\") \r\n          .appendTo(\"div_destino\")\r\n          .disableStyle(true) \r\n          .setCacheBusterMacro(\"%%CACHEBUSTER%%\")\r\n          .setSize(\"800\",\"214\")\r\n          .setClickMacro(\"%%CLICK_URL_ESC%%\") \r\n          .setReferrerUrlMacro(\"%%REFERRER_URL_ESC%%\") \r\n          .start(); \r\n<\/script><\/div><style type=\"text\/css\">\r\n@media screen and (min-width: 1201px) {\r\n.wuvmk69f5fa3c5580f {\r\ndisplay: block;\r\n}\r\n}\r\n@media screen and (min-width: 993px) and (max-width: 1200px) {\r\n.wuvmk69f5fa3c5580f {\r\ndisplay: block;\r\n}\r\n}\r\n@media screen and (min-width: 769px) and (max-width: 992px) {\r\n.wuvmk69f5fa3c5580f {\r\ndisplay: block;\r\n}\r\n}\r\n@media screen and (min-width: 768px) and (max-width: 768px) {\r\n.wuvmk69f5fa3c5580f {\r\ndisplay: block;\r\n}\r\n}\r\n@media screen and (max-width: 767px) {\r\n.wuvmk69f5fa3c5580f {\r\ndisplay: block;\r\n}\r\n}\r\n<\/style>\r\n","protected":false},"excerpt":{"rendered":"<p>Nesta semana, o deputado estadual Fernando Pacheco confirmou o pagamento de R$ 6.277.000,00 de suas emendas de transfer\u00eancia especial para 15 cidades da regi\u00e3o: Al\u00e9m Para\u00edba, Astolfo Dutra, Cataguases, Dona Euz\u00e9bia, Guidoval, Guiricema, Itamarati de Minas, Juiz de Fora, Laranjal,<\/p>\n<p class=\"link-more\"><a class=\"more-link\" href=\"https:\/\/marcelolopes.jor.br\/site\/2022\/05\/31\/deputado-estadual-fernando-pacheco-destina-mais-r-6-milhoes-para-sua-regiao\/\">Leia mais <span class=\"screen-reader-text\">Deputado estadual Fernando Pacheco destina mais R$ 6 milh\u00f5es para sua regi\u00e3o<\/span><\/a><\/p>\n","protected":false},"author":2,"featured_media":33482,"comment_status":"open","ping_status":"open","sticky":false,"template":"","format":"standard","meta":{"footnotes":""},"categories":[1],"tags":[173,4530,6035,172],"class_list":["post-33481","post","type-post","status-publish","format-standard","has-post-thumbnail","hentry","category-noticias","tag-deputado-estadual","tag-deputado-fernando-pacheco","tag-emendas-para-os-municipios","tag-fernando-pacheco","thumb-below-title"],"yoast_head":"<!-- This site is optimized with the Yoast SEO plugin v27.4 - https:\/\/yoast.com\/product\/yoast-seo-wordpress\/ -->\n<title>Deputado Estadual Fernando Pacheco destina mais de R$ 6 milh\u00f5es<\/title>\n<meta name=\"description\" content=\"Deputado Estadual Fernando Pacheco destina mais de R$ 6 milh\u00f5es para sua regi\u00e3o. Recursos j\u00e1 est\u00e3o nos cofres dos munic\u00edpios.\" \/>\n<meta name=\"robots\" content=\"index, follow, max-snippet:-1, max-image-preview:large, max-video-preview:-1\" \/>\n<link rel=\"canonical\" href=\"https:\/\/marcelolopes.jor.br\/site\/2022\/05\/31\/deputado-estadual-fernando-pacheco-destina-mais-r-6-milhoes-para-sua-regiao\/\" \/>\n<meta property=\"og:locale\" content=\"pt_BR\" \/>\n<meta property=\"og:type\" content=\"article\" \/>\n<meta property=\"og:title\" content=\"Deputado Estadual Fernando Pacheco destina mais de R$ 6 milh\u00f5es\" \/>\n<meta property=\"og:description\" content=\"Deputado Estadual Fernando Pacheco destina mais de R$ 6 milh\u00f5es para sua regi\u00e3o. Recursos j\u00e1 est\u00e3o nos cofres dos munic\u00edpios.\" \/>\n<meta property=\"og:url\" content=\"https:\/\/marcelolopes.jor.br\/site\/2022\/05\/31\/deputado-estadual-fernando-pacheco-destina-mais-r-6-milhoes-para-sua-regiao\/\" \/>\n<meta property=\"og:site_name\" content=\"Marcelo Lopes\" \/>\n<meta property=\"article:publisher\" content=\"https:\/\/www.facebook.com\/sitedomarcelolopes\" \/>\n<meta property=\"article:published_time\" content=\"2022-05-31T23:00:10+00:00\" \/>\n<meta property=\"og:image\" content=\"https:\/\/marcelolopes.jor.br\/site\/wp-content\/uploads\/2022\/05\/WhatsApp-Image-2022-05-31-at-18.54.46.jpeg\" \/>\n\t<meta property=\"og:image:width\" content=\"1280\" \/>\n\t<meta property=\"og:image:height\" content=\"720\" \/>\n\t<meta property=\"og:image:type\" content=\"image\/jpeg\" \/>\n<meta name=\"author\" content=\"Marcelo Lopes\" \/>\n<meta name=\"twitter:card\" content=\"summary_large_image\" \/>\n<meta name=\"twitter:label1\" content=\"Escrito por\" \/>\n\t<meta name=\"twitter:data1\" content=\"Marcelo Lopes\" \/>\n\t<meta name=\"twitter:label2\" content=\"Est. tempo de leitura\" \/>\n\t<meta name=\"twitter:data2\" content=\"2 minutos\" \/>\n<script type=\"application\/ld+json\" class=\"yoast-schema-graph\">{\"@context\":\"https:\\\/\\\/schema.org\",\"@graph\":[{\"@type\":\"NewsArticle\",\"@id\":\"https:\\\/\\\/marcelolopes.jor.br\\\/site\\\/2022\\\/05\\\/31\\\/deputado-estadual-fernando-pacheco-destina-mais-r-6-milhoes-para-sua-regiao\\\/#article\",\"isPartOf\":{\"@id\":\"https:\\\/\\\/marcelolopes.jor.br\\\/site\\\/2022\\\/05\\\/31\\\/deputado-estadual-fernando-pacheco-destina-mais-r-6-milhoes-para-sua-regiao\\\/\"},\"author\":{\"name\":\"Marcelo Lopes\",\"@id\":\"https:\\\/\\\/marcelolopes.jor.br\\\/site\\\/#\\\/schema\\\/person\\\/3e7216a35c34d8fdf952b31da3d1f89f\"},\"headline\":\"Deputado estadual Fernando Pacheco destina mais R$ 6 milh\u00f5es para sua regi\u00e3o\",\"datePublished\":\"2022-05-31T23:00:10+00:00\",\"mainEntityOfPage\":{\"@id\":\"https:\\\/\\\/marcelolopes.jor.br\\\/site\\\/2022\\\/05\\\/31\\\/deputado-estadual-fernando-pacheco-destina-mais-r-6-milhoes-para-sua-regiao\\\/\"},\"wordCount\":374,\"commentCount\":0,\"publisher\":{\"@id\":\"https:\\\/\\\/marcelolopes.jor.br\\\/site\\\/#organization\"},\"image\":{\"@id\":\"https:\\\/\\\/marcelolopes.jor.br\\\/site\\\/2022\\\/05\\\/31\\\/deputado-estadual-fernando-pacheco-destina-mais-r-6-milhoes-para-sua-regiao\\\/#primaryimage\"},\"thumbnailUrl\":\"https:\\\/\\\/marcelolopes.jor.br\\\/site\\\/wp-content\\\/uploads\\\/2022\\\/05\\\/WhatsApp-Image-2022-05-31-at-18.54.46.jpeg\",\"keywords\":[\"Deputado estadual\",\"deputado Fernando Pacheco\",\"emendas para os munic\u00edpios\",\"Fernando Pacheco\"],\"articleSection\":[\"Not\u00edcias\"],\"inLanguage\":\"pt-BR\",\"potentialAction\":[{\"@type\":\"CommentAction\",\"name\":\"Comment\",\"target\":[\"https:\\\/\\\/marcelolopes.jor.br\\\/site\\\/2022\\\/05\\\/31\\\/deputado-estadual-fernando-pacheco-destina-mais-r-6-milhoes-para-sua-regiao\\\/#respond\"]}]},{\"@type\":\"WebPage\",\"@id\":\"https:\\\/\\\/marcelolopes.jor.br\\\/site\\\/2022\\\/05\\\/31\\\/deputado-estadual-fernando-pacheco-destina-mais-r-6-milhoes-para-sua-regiao\\\/\",\"url\":\"https:\\\/\\\/marcelolopes.jor.br\\\/site\\\/2022\\\/05\\\/31\\\/deputado-estadual-fernando-pacheco-destina-mais-r-6-milhoes-para-sua-regiao\\\/\",\"name\":\"Deputado Estadual Fernando Pacheco destina mais de R$ 6 milh\u00f5es\",\"isPartOf\":{\"@id\":\"https:\\\/\\\/marcelolopes.jor.br\\\/site\\\/#website\"},\"primaryImageOfPage\":{\"@id\":\"https:\\\/\\\/marcelolopes.jor.br\\\/site\\\/2022\\\/05\\\/31\\\/deputado-estadual-fernando-pacheco-destina-mais-r-6-milhoes-para-sua-regiao\\\/#primaryimage\"},\"image\":{\"@id\":\"https:\\\/\\\/marcelolopes.jor.br\\\/site\\\/2022\\\/05\\\/31\\\/deputado-estadual-fernando-pacheco-destina-mais-r-6-milhoes-para-sua-regiao\\\/#primaryimage\"},\"thumbnailUrl\":\"https:\\\/\\\/marcelolopes.jor.br\\\/site\\\/wp-content\\\/uploads\\\/2022\\\/05\\\/WhatsApp-Image-2022-05-31-at-18.54.46.jpeg\",\"datePublished\":\"2022-05-31T23:00:10+00:00\",\"description\":\"Deputado Estadual Fernando Pacheco destina mais de R$ 6 milh\u00f5es para sua regi\u00e3o. Recursos j\u00e1 est\u00e3o nos cofres dos munic\u00edpios.\",\"breadcrumb\":{\"@id\":\"https:\\\/\\\/marcelolopes.jor.br\\\/site\\\/2022\\\/05\\\/31\\\/deputado-estadual-fernando-pacheco-destina-mais-r-6-milhoes-para-sua-regiao\\\/#breadcrumb\"},\"inLanguage\":\"pt-BR\",\"potentialAction\":[{\"@type\":\"ReadAction\",\"target\":[\"https:\\\/\\\/marcelolopes.jor.br\\\/site\\\/2022\\\/05\\\/31\\\/deputado-estadual-fernando-pacheco-destina-mais-r-6-milhoes-para-sua-regiao\\\/\"]}]},{\"@type\":\"ImageObject\",\"inLanguage\":\"pt-BR\",\"@id\":\"https:\\\/\\\/marcelolopes.jor.br\\\/site\\\/2022\\\/05\\\/31\\\/deputado-estadual-fernando-pacheco-destina-mais-r-6-milhoes-para-sua-regiao\\\/#primaryimage\",\"url\":\"https:\\\/\\\/marcelolopes.jor.br\\\/site\\\/wp-content\\\/uploads\\\/2022\\\/05\\\/WhatsApp-Image-2022-05-31-at-18.54.46.jpeg\",\"contentUrl\":\"https:\\\/\\\/marcelolopes.jor.br\\\/site\\\/wp-content\\\/uploads\\\/2022\\\/05\\\/WhatsApp-Image-2022-05-31-at-18.54.46.jpeg\",\"width\":1280,\"height\":720,\"caption\":\"Emendas para munic\u00edpios da regi\u00e3o\"},{\"@type\":\"BreadcrumbList\",\"@id\":\"https:\\\/\\\/marcelolopes.jor.br\\\/site\\\/2022\\\/05\\\/31\\\/deputado-estadual-fernando-pacheco-destina-mais-r-6-milhoes-para-sua-regiao\\\/#breadcrumb\",\"itemListElement\":[{\"@type\":\"ListItem\",\"position\":1,\"name\":\"Home\",\"item\":\"https:\\\/\\\/marcelolopes.jor.br\\\/site\\\/\"},{\"@type\":\"ListItem\",\"position\":2,\"name\":\"Deputado estadual Fernando Pacheco destina mais R$ 6 milh\u00f5es para sua regi\u00e3o\"}]},{\"@type\":\"WebSite\",\"@id\":\"https:\\\/\\\/marcelolopes.jor.br\\\/site\\\/#website\",\"url\":\"https:\\\/\\\/marcelolopes.jor.br\\\/site\\\/\",\"name\":\"Marcelo Lopes\",\"description\":\"Not\u00edcias de Cataguases e Regi\u00e3o\",\"publisher\":{\"@id\":\"https:\\\/\\\/marcelolopes.jor.br\\\/site\\\/#organization\"},\"potentialAction\":[{\"@type\":\"SearchAction\",\"target\":{\"@type\":\"EntryPoint\",\"urlTemplate\":\"https:\\\/\\\/marcelolopes.jor.br\\\/site\\\/?s={search_term_string}\"},\"query-input\":{\"@type\":\"PropertyValueSpecification\",\"valueRequired\":true,\"valueName\":\"search_term_string\"}}],\"inLanguage\":\"pt-BR\"},{\"@type\":\"Organization\",\"@id\":\"https:\\\/\\\/marcelolopes.jor.br\\\/site\\\/#organization\",\"name\":\"Site do Marcelo Lopes\",\"url\":\"https:\\\/\\\/marcelolopes.jor.br\\\/site\\\/\",\"logo\":{\"@type\":\"ImageObject\",\"inLanguage\":\"pt-BR\",\"@id\":\"https:\\\/\\\/marcelolopes.jor.br\\\/site\\\/#\\\/schema\\\/logo\\\/image\\\/\",\"url\":\"https:\\\/\\\/marcelolopes.jor.br\\\/site\\\/wp-content\\\/uploads\\\/2024\\\/11\\\/logo-1.png\",\"contentUrl\":\"https:\\\/\\\/marcelolopes.jor.br\\\/site\\\/wp-content\\\/uploads\\\/2024\\\/11\\\/logo-1.png\",\"width\":475,\"height\":80,\"caption\":\"Site do Marcelo Lopes\"},\"image\":{\"@id\":\"https:\\\/\\\/marcelolopes.jor.br\\\/site\\\/#\\\/schema\\\/logo\\\/image\\\/\"},\"sameAs\":[\"https:\\\/\\\/www.facebook.com\\\/sitedomarcelolopes\",\"https:\\\/\\\/www.instagram.com\\\/sitedomarcelolopes\\\/\",\"https:\\\/\\\/www.linkedin.com\\\/company\\\/site-do-marcelo-lopes\\\/\",\"https:\\\/\\\/www.youtube.com\\\/user\\\/marcelolopes957\"]},{\"@type\":\"Person\",\"@id\":\"https:\\\/\\\/marcelolopes.jor.br\\\/site\\\/#\\\/schema\\\/person\\\/3e7216a35c34d8fdf952b31da3d1f89f\",\"name\":\"Marcelo Lopes\",\"sameAs\":[\"http:\\\/\\\/www.marcelolopes.jor.br\"],\"url\":\"https:\\\/\\\/marcelolopes.jor.br\\\/site\\\/author\\\/marcelo\\\/\"}]}<\/script>\n<!-- \/ Yoast SEO plugin. -->","yoast_head_json":{"title":"Deputado Estadual Fernando Pacheco destina mais de R$ 6 milh\u00f5es","description":"Deputado Estadual Fernando Pacheco destina mais de R$ 6 milh\u00f5es para sua regi\u00e3o. Recursos j\u00e1 est\u00e3o nos cofres dos munic\u00edpios.","robots":{"index":"index","follow":"follow","max-snippet":"max-snippet:-1","max-image-preview":"max-image-preview:large","max-video-preview":"max-video-preview:-1"},"canonical":"https:\/\/marcelolopes.jor.br\/site\/2022\/05\/31\/deputado-estadual-fernando-pacheco-destina-mais-r-6-milhoes-para-sua-regiao\/","og_locale":"pt_BR","og_type":"article","og_title":"Deputado Estadual Fernando Pacheco destina mais de R$ 6 milh\u00f5es","og_description":"Deputado Estadual Fernando Pacheco destina mais de R$ 6 milh\u00f5es para sua regi\u00e3o. Recursos j\u00e1 est\u00e3o nos cofres dos munic\u00edpios.","og_url":"https:\/\/marcelolopes.jor.br\/site\/2022\/05\/31\/deputado-estadual-fernando-pacheco-destina-mais-r-6-milhoes-para-sua-regiao\/","og_site_name":"Marcelo Lopes","article_publisher":"https:\/\/www.facebook.com\/sitedomarcelolopes","article_published_time":"2022-05-31T23:00:10+00:00","og_image":[{"width":1280,"height":720,"url":"https:\/\/marcelolopes.jor.br\/site\/wp-content\/uploads\/2022\/05\/WhatsApp-Image-2022-05-31-at-18.54.46.jpeg","type":"image\/jpeg"}],"author":"Marcelo Lopes","twitter_card":"summary_large_image","twitter_misc":{"Escrito por":"Marcelo Lopes","Est. tempo de leitura":"2 minutos"},"schema":{"@context":"https:\/\/schema.org","@graph":[{"@type":"NewsArticle","@id":"https:\/\/marcelolopes.jor.br\/site\/2022\/05\/31\/deputado-estadual-fernando-pacheco-destina-mais-r-6-milhoes-para-sua-regiao\/#article","isPartOf":{"@id":"https:\/\/marcelolopes.jor.br\/site\/2022\/05\/31\/deputado-estadual-fernando-pacheco-destina-mais-r-6-milhoes-para-sua-regiao\/"},"author":{"name":"Marcelo Lopes","@id":"https:\/\/marcelolopes.jor.br\/site\/#\/schema\/person\/3e7216a35c34d8fdf952b31da3d1f89f"},"headline":"Deputado estadual Fernando Pacheco destina mais R$ 6 milh\u00f5es para sua regi\u00e3o","datePublished":"2022-05-31T23:00:10+00:00","mainEntityOfPage":{"@id":"https:\/\/marcelolopes.jor.br\/site\/2022\/05\/31\/deputado-estadual-fernando-pacheco-destina-mais-r-6-milhoes-para-sua-regiao\/"},"wordCount":374,"commentCount":0,"publisher":{"@id":"https:\/\/marcelolopes.jor.br\/site\/#organization"},"image":{"@id":"https:\/\/marcelolopes.jor.br\/site\/2022\/05\/31\/deputado-estadual-fernando-pacheco-destina-mais-r-6-milhoes-para-sua-regiao\/#primaryimage"},"thumbnailUrl":"https:\/\/marcelolopes.jor.br\/site\/wp-content\/uploads\/2022\/05\/WhatsApp-Image-2022-05-31-at-18.54.46.jpeg","keywords":["Deputado estadual","deputado Fernando Pacheco","emendas para os munic\u00edpios","Fernando Pacheco"],"articleSection":["Not\u00edcias"],"inLanguage":"pt-BR","potentialAction":[{"@type":"CommentAction","name":"Comment","target":["https:\/\/marcelolopes.jor.br\/site\/2022\/05\/31\/deputado-estadual-fernando-pacheco-destina-mais-r-6-milhoes-para-sua-regiao\/#respond"]}]},{"@type":"WebPage","@id":"https:\/\/marcelolopes.jor.br\/site\/2022\/05\/31\/deputado-estadual-fernando-pacheco-destina-mais-r-6-milhoes-para-sua-regiao\/","url":"https:\/\/marcelolopes.jor.br\/site\/2022\/05\/31\/deputado-estadual-fernando-pacheco-destina-mais-r-6-milhoes-para-sua-regiao\/","name":"Deputado Estadual Fernando Pacheco destina mais de R$ 6 milh\u00f5es","isPartOf":{"@id":"https:\/\/marcelolopes.jor.br\/site\/#website"},"primaryImageOfPage":{"@id":"https:\/\/marcelolopes.jor.br\/site\/2022\/05\/31\/deputado-estadual-fernando-pacheco-destina-mais-r-6-milhoes-para-sua-regiao\/#primaryimage"},"image":{"@id":"https:\/\/marcelolopes.jor.br\/site\/2022\/05\/31\/deputado-estadual-fernando-pacheco-destina-mais-r-6-milhoes-para-sua-regiao\/#primaryimage"},"thumbnailUrl":"https:\/\/marcelolopes.jor.br\/site\/wp-content\/uploads\/2022\/05\/WhatsApp-Image-2022-05-31-at-18.54.46.jpeg","datePublished":"2022-05-31T23:00:10+00:00","description":"Deputado Estadual Fernando Pacheco destina mais de R$ 6 milh\u00f5es para sua regi\u00e3o. Recursos j\u00e1 est\u00e3o nos cofres dos munic\u00edpios.","breadcrumb":{"@id":"https:\/\/marcelolopes.jor.br\/site\/2022\/05\/31\/deputado-estadual-fernando-pacheco-destina-mais-r-6-milhoes-para-sua-regiao\/#breadcrumb"},"inLanguage":"pt-BR","potentialAction":[{"@type":"ReadAction","target":["https:\/\/marcelolopes.jor.br\/site\/2022\/05\/31\/deputado-estadual-fernando-pacheco-destina-mais-r-6-milhoes-para-sua-regiao\/"]}]},{"@type":"ImageObject","inLanguage":"pt-BR","@id":"https:\/\/marcelolopes.jor.br\/site\/2022\/05\/31\/deputado-estadual-fernando-pacheco-destina-mais-r-6-milhoes-para-sua-regiao\/#primaryimage","url":"https:\/\/marcelolopes.jor.br\/site\/wp-content\/uploads\/2022\/05\/WhatsApp-Image-2022-05-31-at-18.54.46.jpeg","contentUrl":"https:\/\/marcelolopes.jor.br\/site\/wp-content\/uploads\/2022\/05\/WhatsApp-Image-2022-05-31-at-18.54.46.jpeg","width":1280,"height":720,"caption":"Emendas para munic\u00edpios da regi\u00e3o"},{"@type":"BreadcrumbList","@id":"https:\/\/marcelolopes.jor.br\/site\/2022\/05\/31\/deputado-estadual-fernando-pacheco-destina-mais-r-6-milhoes-para-sua-regiao\/#breadcrumb","itemListElement":[{"@type":"ListItem","position":1,"name":"Home","item":"https:\/\/marcelolopes.jor.br\/site\/"},{"@type":"ListItem","position":2,"name":"Deputado estadual Fernando Pacheco destina mais R$ 6 milh\u00f5es para sua regi\u00e3o"}]},{"@type":"WebSite","@id":"https:\/\/marcelolopes.jor.br\/site\/#website","url":"https:\/\/marcelolopes.jor.br\/site\/","name":"Marcelo Lopes","description":"Not\u00edcias de Cataguases e Regi\u00e3o","publisher":{"@id":"https:\/\/marcelolopes.jor.br\/site\/#organization"},"potentialAction":[{"@type":"SearchAction","target":{"@type":"EntryPoint","urlTemplate":"https:\/\/marcelolopes.jor.br\/site\/?s={search_term_string}"},"query-input":{"@type":"PropertyValueSpecification","valueRequired":true,"valueName":"search_term_string"}}],"inLanguage":"pt-BR"},{"@type":"Organization","@id":"https:\/\/marcelolopes.jor.br\/site\/#organization","name":"Site do Marcelo Lopes","url":"https:\/\/marcelolopes.jor.br\/site\/","logo":{"@type":"ImageObject","inLanguage":"pt-BR","@id":"https:\/\/marcelolopes.jor.br\/site\/#\/schema\/logo\/image\/","url":"https:\/\/marcelolopes.jor.br\/site\/wp-content\/uploads\/2024\/11\/logo-1.png","contentUrl":"https:\/\/marcelolopes.jor.br\/site\/wp-content\/uploads\/2024\/11\/logo-1.png","width":475,"height":80,"caption":"Site do Marcelo Lopes"},"image":{"@id":"https:\/\/marcelolopes.jor.br\/site\/#\/schema\/logo\/image\/"},"sameAs":["https:\/\/www.facebook.com\/sitedomarcelolopes","https:\/\/www.instagram.com\/sitedomarcelolopes\/","https:\/\/www.linkedin.com\/company\/site-do-marcelo-lopes\/","https:\/\/www.youtube.com\/user\/marcelolopes957"]},{"@type":"Person","@id":"https:\/\/marcelolopes.jor.br\/site\/#\/schema\/person\/3e7216a35c34d8fdf952b31da3d1f89f","name":"Marcelo Lopes","sameAs":["http:\/\/www.marcelolopes.jor.br"],"url":"https:\/\/marcelolopes.jor.br\/site\/author\/marcelo\/"}]}},"wps_subtitle":"Recursos j\u00e1 est\u00e3o nos cofres municipais e ser\u00e3o investidos pelas prefeituras o quanto antes.","_links":{"self":[{"href":"https:\/\/marcelolopes.jor.br\/site\/wp-json\/wp\/v2\/posts\/33481","targetHints":{"allow":["GET"]}}],"collection":[{"href":"https:\/\/marcelolopes.jor.br\/site\/wp-json\/wp\/v2\/posts"}],"about":[{"href":"https:\/\/marcelolopes.jor.br\/site\/wp-json\/wp\/v2\/types\/post"}],"author":[{"embeddable":true,"href":"https:\/\/marcelolopes.jor.br\/site\/wp-json\/wp\/v2\/users\/2"}],"replies":[{"embeddable":true,"href":"https:\/\/marcelolopes.jor.br\/site\/wp-json\/wp\/v2\/comments?post=33481"}],"version-history":[{"count":0,"href":"https:\/\/marcelolopes.jor.br\/site\/wp-json\/wp\/v2\/posts\/33481\/revisions"}],"wp:featuredmedia":[{"embeddable":true,"href":"https:\/\/marcelolopes.jor.br\/site\/wp-json\/wp\/v2\/media\/33482"}],"wp:attachment":[{"href":"https:\/\/marcelolopes.jor.br\/site\/wp-json\/wp\/v2\/media?parent=33481"}],"wp:term":[{"taxonomy":"category","embeddable":true,"href":"https:\/\/marcelolopes.jor.br\/site\/wp-json\/wp\/v2\/categories?post=33481"},{"taxonomy":"post_tag","embeddable":true,"href":"https:\/\/marcelolopes.jor.br\/site\/wp-json\/wp\/v2\/tags?post=33481"}],"curies":[{"name":"wp","href":"https:\/\/api.w.org\/{rel}","templated":true}]}}