{"id":33471,"date":"2022-05-31T12:00:27","date_gmt":"2022-05-31T15:00:27","guid":{"rendered":"https:\/\/marcelolopes.jor.br\/?p=33471"},"modified":"2022-05-31T11:02:31","modified_gmt":"2022-05-31T14:02:31","slug":"bandidos-armados-roubam-caminhonete-e-r-30-mil-em-laranjal","status":"publish","type":"post","link":"https:\/\/marcelolopes.jor.br\/site\/2022\/05\/31\/bandidos-armados-roubam-caminhonete-e-r-30-mil-em-laranjal\/","title":{"rendered":"Bandidos armados roubam caminhonete e R$ 30 mil em Laranjal"},"content":{"rendered":"<p style=\"text-align: justify;\">Um homem de 57 anos teve sua caminhonete e mais de R$ 30 mil em dinheiro roubados na noite desta segunda-feira, 30 de maio, em Laranjal.<!--more--><\/p>\n<p style=\"text-align: justify;\">Segundo a Pol\u00edcia Militar, tr\u00eas homens armados abordaram a v\u00edtima e levaram o seu ve\u00edculo. O dinheiro estava no porta-luvas do autom\u00f3vel.<\/p>\n<p style=\"text-align: justify;\">C\u00e2meras de seguran\u00e7a registraram toda a a\u00e7\u00e3o dos bandidos.<\/p>\n<p style=\"text-align: justify;\">Ainda segundo a PM, as imagens foram repassadas \u00e0 Pol\u00edcia Civil de Muria\u00e9 para auxiliar nas investiga\u00e7\u00f5es.<\/p>\n<p style=\"text-align: justify;\">At\u00e9 o fechamento desta mat\u00e9ria, os criminosos n\u00e3o haviam sido localizados.<\/p>\n<p style=\"text-align: justify;\"><strong>NOT\u00cdCIAS RELACIONADAS<\/strong><\/p>\n<p><a href=\"https:\/\/marcelolopes.jor.br\/2021\/11\/19\/carro-com-mais-de-100-quilos-de-maconha-e-apreendido-em-laranjal\/\"><strong><span style=\"color: #993366;\">Carro com mais de 100 quilos de maconha \u00e9 apreendido em Laranjal<\/span><\/strong><\/a><\/p>\n<p><a href=\"https:\/\/marcelolopes.jor.br\/2021\/06\/17\/homem-morre-apos-ser-atropelado-proximo-ao-trevo-de-laranjal\/\"><strong><span style=\"color: #993366;\">Homem morre ap\u00f3s ser atropelado pr\u00f3ximo ao trevo de Laranjal<\/span><\/strong><\/a><\/p>\n<p><a href=\"https:\/\/marcelolopes.jor.br\/2020\/09\/30\/prf-recupera-veiculo-roubado-e-prende-motorista-na-br-116-em-laranjal\/\"><strong><span style=\"color: #993366;\">PRF recupera ve\u00edculo roubado e prende motorista na BR-116 em Laranjal<\/span><\/strong><\/a><\/p>\n<p>Por R\u00e1dio Muria\u00e9 | Foto: O Vigilante Online<\/p>\n<div class=\"ruvbh69f72de17f45c\" ><br><\/div><style type=\"text\/css\">\r\n@media screen and (min-width: 1201px) {\r\n.ruvbh69f72de17f45c {\r\ndisplay: block;\r\n}\r\n}\r\n@media screen and (min-width: 993px) and (max-width: 1200px) {\r\n.ruvbh69f72de17f45c {\r\ndisplay: block;\r\n}\r\n}\r\n@media screen and (min-width: 769px) and (max-width: 992px) {\r\n.ruvbh69f72de17f45c {\r\ndisplay: block;\r\n}\r\n}\r\n@media screen and (min-width: 768px) and (max-width: 768px) {\r\n.ruvbh69f72de17f45c {\r\ndisplay: block;\r\n}\r\n}\r\n@media screen and (max-width: 767px) {\r\n.ruvbh69f72de17f45c {\r\ndisplay: block;\r\n}\r\n}\r\n<\/style>\r\n<div class=\"zaciy69f72de184fb2\" ><div id=\"div_destino\"><\/div>\r\n<script src=\"https:\/\/cdn.snsrsv.com\/sdk.js\"><\/script>\r\n<script >\r\n      new sdk(\"464030C30061EA8BE065000000000001\") \r\n          .appendTo(\"div_destino\")\r\n          .disableStyle(true) \r\n          .setCacheBusterMacro(\"%%CACHEBUSTER%%\")\r\n          .setSize(\"800\",\"214\")\r\n          .setClickMacro(\"%%CLICK_URL_ESC%%\") \r\n          .setReferrerUrlMacro(\"%%REFERRER_URL_ESC%%\") \r\n          .start(); \r\n<\/script><\/div><style type=\"text\/css\">\r\n@media screen and (min-width: 1201px) {\r\n.zaciy69f72de184fb2 {\r\ndisplay: block;\r\n}\r\n}\r\n@media screen and (min-width: 993px) and (max-width: 1200px) {\r\n.zaciy69f72de184fb2 {\r\ndisplay: block;\r\n}\r\n}\r\n@media screen and (min-width: 769px) and (max-width: 992px) {\r\n.zaciy69f72de184fb2 {\r\ndisplay: block;\r\n}\r\n}\r\n@media screen and (min-width: 768px) and (max-width: 768px) {\r\n.zaciy69f72de184fb2 {\r\ndisplay: block;\r\n}\r\n}\r\n@media screen and (max-width: 767px) {\r\n.zaciy69f72de184fb2 {\r\ndisplay: block;\r\n}\r\n}\r\n<\/style>\r\n","protected":false},"excerpt":{"rendered":"<p>Um homem de 57 anos teve sua caminhonete e mais de R$ 30 mil em dinheiro roubados na noite desta segunda-feira, 30 de maio, em Laranjal.<\/p>\n","protected":false},"author":2,"featured_media":33472,"comment_status":"open","ping_status":"open","sticky":false,"template":"","format":"standard","meta":{"footnotes":""},"categories":[1],"tags":[6032,6033,824,187],"class_list":["post-33471","post","type-post","status-publish","format-standard","has-post-thumbnail","hentry","category-noticias","tag-bandidos-armados","tag-cameras-de-seguranca","tag-furto-e-roubo","tag-laranjal","thumb-below-title"],"yoast_head":"<!-- This site is optimized with the Yoast SEO plugin v27.4 - https:\/\/yoast.com\/product\/yoast-seo-wordpress\/ -->\n<title>Bandidos armados roubam caminhonete e R$ 30 mil em Laranjal<\/title>\n<meta name=\"description\" content=\"Bandidos armados roubam caminhonete e a quantia de R$ 30 mil em Laranjal. C\u00e2meras de seguran\u00e7a registraram toda a a\u00e7\u00e3o dos bandidos.\" \/>\n<meta name=\"robots\" content=\"index, follow, max-snippet:-1, max-image-preview:large, max-video-preview:-1\" \/>\n<link rel=\"canonical\" href=\"https:\/\/marcelolopes.jor.br\/site\/2022\/05\/31\/bandidos-armados-roubam-caminhonete-e-r-30-mil-em-laranjal\/\" \/>\n<meta property=\"og:locale\" content=\"pt_BR\" \/>\n<meta property=\"og:type\" content=\"article\" \/>\n<meta property=\"og:title\" content=\"Bandidos armados roubam caminhonete e R$ 30 mil em Laranjal\" \/>\n<meta property=\"og:description\" content=\"Bandidos armados roubam caminhonete e a quantia de R$ 30 mil em Laranjal. C\u00e2meras de seguran\u00e7a registraram toda a a\u00e7\u00e3o dos bandidos.\" \/>\n<meta property=\"og:url\" content=\"https:\/\/marcelolopes.jor.br\/site\/2022\/05\/31\/bandidos-armados-roubam-caminhonete-e-r-30-mil-em-laranjal\/\" \/>\n<meta property=\"og:site_name\" content=\"Marcelo Lopes\" \/>\n<meta property=\"article:publisher\" content=\"https:\/\/www.facebook.com\/sitedomarcelolopes\" \/>\n<meta property=\"article:published_time\" content=\"2022-05-31T15:00:27+00:00\" \/>\n<meta property=\"og:image\" content=\"https:\/\/marcelolopes.jor.br\/site\/wp-content\/uploads\/2022\/05\/PM-LARANJAL-FOTO-JULIO-CABRAL-O-VIGILANTE-ONLINE.jpeg\" \/>\n\t<meta property=\"og:image:width\" content=\"900\" \/>\n\t<meta property=\"og:image:height\" content=\"497\" \/>\n\t<meta property=\"og:image:type\" content=\"image\/jpeg\" \/>\n<meta name=\"author\" content=\"Marcelo Lopes\" \/>\n<meta name=\"twitter:card\" content=\"summary_large_image\" \/>\n<meta name=\"twitter:label1\" content=\"Escrito por\" \/>\n\t<meta name=\"twitter:data1\" content=\"Marcelo Lopes\" \/>\n\t<meta name=\"twitter:label2\" content=\"Est. tempo de leitura\" \/>\n\t<meta name=\"twitter:data2\" content=\"1 minuto\" \/>\n<script type=\"application\/ld+json\" class=\"yoast-schema-graph\">{\"@context\":\"https:\\\/\\\/schema.org\",\"@graph\":[{\"@type\":\"NewsArticle\",\"@id\":\"https:\\\/\\\/marcelolopes.jor.br\\\/site\\\/2022\\\/05\\\/31\\\/bandidos-armados-roubam-caminhonete-e-r-30-mil-em-laranjal\\\/#article\",\"isPartOf\":{\"@id\":\"https:\\\/\\\/marcelolopes.jor.br\\\/site\\\/2022\\\/05\\\/31\\\/bandidos-armados-roubam-caminhonete-e-r-30-mil-em-laranjal\\\/\"},\"author\":{\"name\":\"Marcelo Lopes\",\"@id\":\"https:\\\/\\\/marcelolopes.jor.br\\\/site\\\/#\\\/schema\\\/person\\\/3e7216a35c34d8fdf952b31da3d1f89f\"},\"headline\":\"Bandidos armados roubam caminhonete e R$ 30 mil em Laranjal\",\"datePublished\":\"2022-05-31T15:00:27+00:00\",\"mainEntityOfPage\":{\"@id\":\"https:\\\/\\\/marcelolopes.jor.br\\\/site\\\/2022\\\/05\\\/31\\\/bandidos-armados-roubam-caminhonete-e-r-30-mil-em-laranjal\\\/\"},\"wordCount\":147,\"commentCount\":0,\"publisher\":{\"@id\":\"https:\\\/\\\/marcelolopes.jor.br\\\/site\\\/#organization\"},\"image\":{\"@id\":\"https:\\\/\\\/marcelolopes.jor.br\\\/site\\\/2022\\\/05\\\/31\\\/bandidos-armados-roubam-caminhonete-e-r-30-mil-em-laranjal\\\/#primaryimage\"},\"thumbnailUrl\":\"https:\\\/\\\/marcelolopes.jor.br\\\/site\\\/wp-content\\\/uploads\\\/2022\\\/05\\\/PM-LARANJAL-FOTO-JULIO-CABRAL-O-VIGILANTE-ONLINE.jpeg\",\"keywords\":[\"bandidos armados\",\"c\u00e2meras de seguran\u00e7a\",\"furto e roubo\",\"Laranjal\"],\"articleSection\":[\"Not\u00edcias\"],\"inLanguage\":\"pt-BR\",\"potentialAction\":[{\"@type\":\"CommentAction\",\"name\":\"Comment\",\"target\":[\"https:\\\/\\\/marcelolopes.jor.br\\\/site\\\/2022\\\/05\\\/31\\\/bandidos-armados-roubam-caminhonete-e-r-30-mil-em-laranjal\\\/#respond\"]}]},{\"@type\":\"WebPage\",\"@id\":\"https:\\\/\\\/marcelolopes.jor.br\\\/site\\\/2022\\\/05\\\/31\\\/bandidos-armados-roubam-caminhonete-e-r-30-mil-em-laranjal\\\/\",\"url\":\"https:\\\/\\\/marcelolopes.jor.br\\\/site\\\/2022\\\/05\\\/31\\\/bandidos-armados-roubam-caminhonete-e-r-30-mil-em-laranjal\\\/\",\"name\":\"Bandidos armados roubam caminhonete e R$ 30 mil em Laranjal\",\"isPartOf\":{\"@id\":\"https:\\\/\\\/marcelolopes.jor.br\\\/site\\\/#website\"},\"primaryImageOfPage\":{\"@id\":\"https:\\\/\\\/marcelolopes.jor.br\\\/site\\\/2022\\\/05\\\/31\\\/bandidos-armados-roubam-caminhonete-e-r-30-mil-em-laranjal\\\/#primaryimage\"},\"image\":{\"@id\":\"https:\\\/\\\/marcelolopes.jor.br\\\/site\\\/2022\\\/05\\\/31\\\/bandidos-armados-roubam-caminhonete-e-r-30-mil-em-laranjal\\\/#primaryimage\"},\"thumbnailUrl\":\"https:\\\/\\\/marcelolopes.jor.br\\\/site\\\/wp-content\\\/uploads\\\/2022\\\/05\\\/PM-LARANJAL-FOTO-JULIO-CABRAL-O-VIGILANTE-ONLINE.jpeg\",\"datePublished\":\"2022-05-31T15:00:27+00:00\",\"description\":\"Bandidos armados roubam caminhonete e a quantia de R$ 30 mil em Laranjal. C\u00e2meras de seguran\u00e7a registraram toda a a\u00e7\u00e3o dos bandidos.\",\"breadcrumb\":{\"@id\":\"https:\\\/\\\/marcelolopes.jor.br\\\/site\\\/2022\\\/05\\\/31\\\/bandidos-armados-roubam-caminhonete-e-r-30-mil-em-laranjal\\\/#breadcrumb\"},\"inLanguage\":\"pt-BR\",\"potentialAction\":[{\"@type\":\"ReadAction\",\"target\":[\"https:\\\/\\\/marcelolopes.jor.br\\\/site\\\/2022\\\/05\\\/31\\\/bandidos-armados-roubam-caminhonete-e-r-30-mil-em-laranjal\\\/\"]}]},{\"@type\":\"ImageObject\",\"inLanguage\":\"pt-BR\",\"@id\":\"https:\\\/\\\/marcelolopes.jor.br\\\/site\\\/2022\\\/05\\\/31\\\/bandidos-armados-roubam-caminhonete-e-r-30-mil-em-laranjal\\\/#primaryimage\",\"url\":\"https:\\\/\\\/marcelolopes.jor.br\\\/site\\\/wp-content\\\/uploads\\\/2022\\\/05\\\/PM-LARANJAL-FOTO-JULIO-CABRAL-O-VIGILANTE-ONLINE.jpeg\",\"contentUrl\":\"https:\\\/\\\/marcelolopes.jor.br\\\/site\\\/wp-content\\\/uploads\\\/2022\\\/05\\\/PM-LARANJAL-FOTO-JULIO-CABRAL-O-VIGILANTE-ONLINE.jpeg\",\"width\":900,\"height\":497,\"caption\":\"Bandidos armados em Laranjal\"},{\"@type\":\"BreadcrumbList\",\"@id\":\"https:\\\/\\\/marcelolopes.jor.br\\\/site\\\/2022\\\/05\\\/31\\\/bandidos-armados-roubam-caminhonete-e-r-30-mil-em-laranjal\\\/#breadcrumb\",\"itemListElement\":[{\"@type\":\"ListItem\",\"position\":1,\"name\":\"Home\",\"item\":\"https:\\\/\\\/marcelolopes.jor.br\\\/site\\\/\"},{\"@type\":\"ListItem\",\"position\":2,\"name\":\"Bandidos armados roubam caminhonete e R$ 30 mil em Laranjal\"}]},{\"@type\":\"WebSite\",\"@id\":\"https:\\\/\\\/marcelolopes.jor.br\\\/site\\\/#website\",\"url\":\"https:\\\/\\\/marcelolopes.jor.br\\\/site\\\/\",\"name\":\"Marcelo Lopes\",\"description\":\"Not\u00edcias de Cataguases e Regi\u00e3o\",\"publisher\":{\"@id\":\"https:\\\/\\\/marcelolopes.jor.br\\\/site\\\/#organization\"},\"potentialAction\":[{\"@type\":\"SearchAction\",\"target\":{\"@type\":\"EntryPoint\",\"urlTemplate\":\"https:\\\/\\\/marcelolopes.jor.br\\\/site\\\/?s={search_term_string}\"},\"query-input\":{\"@type\":\"PropertyValueSpecification\",\"valueRequired\":true,\"valueName\":\"search_term_string\"}}],\"inLanguage\":\"pt-BR\"},{\"@type\":\"Organization\",\"@id\":\"https:\\\/\\\/marcelolopes.jor.br\\\/site\\\/#organization\",\"name\":\"Site do Marcelo Lopes\",\"url\":\"https:\\\/\\\/marcelolopes.jor.br\\\/site\\\/\",\"logo\":{\"@type\":\"ImageObject\",\"inLanguage\":\"pt-BR\",\"@id\":\"https:\\\/\\\/marcelolopes.jor.br\\\/site\\\/#\\\/schema\\\/logo\\\/image\\\/\",\"url\":\"https:\\\/\\\/marcelolopes.jor.br\\\/site\\\/wp-content\\\/uploads\\\/2024\\\/11\\\/logo-1.png\",\"contentUrl\":\"https:\\\/\\\/marcelolopes.jor.br\\\/site\\\/wp-content\\\/uploads\\\/2024\\\/11\\\/logo-1.png\",\"width\":475,\"height\":80,\"caption\":\"Site do Marcelo Lopes\"},\"image\":{\"@id\":\"https:\\\/\\\/marcelolopes.jor.br\\\/site\\\/#\\\/schema\\\/logo\\\/image\\\/\"},\"sameAs\":[\"https:\\\/\\\/www.facebook.com\\\/sitedomarcelolopes\",\"https:\\\/\\\/www.instagram.com\\\/sitedomarcelolopes\\\/\",\"https:\\\/\\\/www.linkedin.com\\\/company\\\/site-do-marcelo-lopes\\\/\",\"https:\\\/\\\/www.youtube.com\\\/user\\\/marcelolopes957\"]},{\"@type\":\"Person\",\"@id\":\"https:\\\/\\\/marcelolopes.jor.br\\\/site\\\/#\\\/schema\\\/person\\\/3e7216a35c34d8fdf952b31da3d1f89f\",\"name\":\"Marcelo Lopes\",\"sameAs\":[\"http:\\\/\\\/www.marcelolopes.jor.br\"],\"url\":\"https:\\\/\\\/marcelolopes.jor.br\\\/site\\\/author\\\/marcelo\\\/\"}]}<\/script>\n<!-- \/ Yoast SEO plugin. -->","yoast_head_json":{"title":"Bandidos armados roubam caminhonete e R$ 30 mil em Laranjal","description":"Bandidos armados roubam caminhonete e a quantia de R$ 30 mil em Laranjal. C\u00e2meras de seguran\u00e7a registraram toda a a\u00e7\u00e3o dos bandidos.","robots":{"index":"index","follow":"follow","max-snippet":"max-snippet:-1","max-image-preview":"max-image-preview:large","max-video-preview":"max-video-preview:-1"},"canonical":"https:\/\/marcelolopes.jor.br\/site\/2022\/05\/31\/bandidos-armados-roubam-caminhonete-e-r-30-mil-em-laranjal\/","og_locale":"pt_BR","og_type":"article","og_title":"Bandidos armados roubam caminhonete e R$ 30 mil em Laranjal","og_description":"Bandidos armados roubam caminhonete e a quantia de R$ 30 mil em Laranjal. C\u00e2meras de seguran\u00e7a registraram toda a a\u00e7\u00e3o dos bandidos.","og_url":"https:\/\/marcelolopes.jor.br\/site\/2022\/05\/31\/bandidos-armados-roubam-caminhonete-e-r-30-mil-em-laranjal\/","og_site_name":"Marcelo Lopes","article_publisher":"https:\/\/www.facebook.com\/sitedomarcelolopes","article_published_time":"2022-05-31T15:00:27+00:00","og_image":[{"width":900,"height":497,"url":"https:\/\/marcelolopes.jor.br\/site\/wp-content\/uploads\/2022\/05\/PM-LARANJAL-FOTO-JULIO-CABRAL-O-VIGILANTE-ONLINE.jpeg","type":"image\/jpeg"}],"author":"Marcelo Lopes","twitter_card":"summary_large_image","twitter_misc":{"Escrito por":"Marcelo Lopes","Est. tempo de leitura":"1 minuto"},"schema":{"@context":"https:\/\/schema.org","@graph":[{"@type":"NewsArticle","@id":"https:\/\/marcelolopes.jor.br\/site\/2022\/05\/31\/bandidos-armados-roubam-caminhonete-e-r-30-mil-em-laranjal\/#article","isPartOf":{"@id":"https:\/\/marcelolopes.jor.br\/site\/2022\/05\/31\/bandidos-armados-roubam-caminhonete-e-r-30-mil-em-laranjal\/"},"author":{"name":"Marcelo Lopes","@id":"https:\/\/marcelolopes.jor.br\/site\/#\/schema\/person\/3e7216a35c34d8fdf952b31da3d1f89f"},"headline":"Bandidos armados roubam caminhonete e R$ 30 mil em Laranjal","datePublished":"2022-05-31T15:00:27+00:00","mainEntityOfPage":{"@id":"https:\/\/marcelolopes.jor.br\/site\/2022\/05\/31\/bandidos-armados-roubam-caminhonete-e-r-30-mil-em-laranjal\/"},"wordCount":147,"commentCount":0,"publisher":{"@id":"https:\/\/marcelolopes.jor.br\/site\/#organization"},"image":{"@id":"https:\/\/marcelolopes.jor.br\/site\/2022\/05\/31\/bandidos-armados-roubam-caminhonete-e-r-30-mil-em-laranjal\/#primaryimage"},"thumbnailUrl":"https:\/\/marcelolopes.jor.br\/site\/wp-content\/uploads\/2022\/05\/PM-LARANJAL-FOTO-JULIO-CABRAL-O-VIGILANTE-ONLINE.jpeg","keywords":["bandidos armados","c\u00e2meras de seguran\u00e7a","furto e roubo","Laranjal"],"articleSection":["Not\u00edcias"],"inLanguage":"pt-BR","potentialAction":[{"@type":"CommentAction","name":"Comment","target":["https:\/\/marcelolopes.jor.br\/site\/2022\/05\/31\/bandidos-armados-roubam-caminhonete-e-r-30-mil-em-laranjal\/#respond"]}]},{"@type":"WebPage","@id":"https:\/\/marcelolopes.jor.br\/site\/2022\/05\/31\/bandidos-armados-roubam-caminhonete-e-r-30-mil-em-laranjal\/","url":"https:\/\/marcelolopes.jor.br\/site\/2022\/05\/31\/bandidos-armados-roubam-caminhonete-e-r-30-mil-em-laranjal\/","name":"Bandidos armados roubam caminhonete e R$ 30 mil em Laranjal","isPartOf":{"@id":"https:\/\/marcelolopes.jor.br\/site\/#website"},"primaryImageOfPage":{"@id":"https:\/\/marcelolopes.jor.br\/site\/2022\/05\/31\/bandidos-armados-roubam-caminhonete-e-r-30-mil-em-laranjal\/#primaryimage"},"image":{"@id":"https:\/\/marcelolopes.jor.br\/site\/2022\/05\/31\/bandidos-armados-roubam-caminhonete-e-r-30-mil-em-laranjal\/#primaryimage"},"thumbnailUrl":"https:\/\/marcelolopes.jor.br\/site\/wp-content\/uploads\/2022\/05\/PM-LARANJAL-FOTO-JULIO-CABRAL-O-VIGILANTE-ONLINE.jpeg","datePublished":"2022-05-31T15:00:27+00:00","description":"Bandidos armados roubam caminhonete e a quantia de R$ 30 mil em Laranjal. C\u00e2meras de seguran\u00e7a registraram toda a a\u00e7\u00e3o dos bandidos.","breadcrumb":{"@id":"https:\/\/marcelolopes.jor.br\/site\/2022\/05\/31\/bandidos-armados-roubam-caminhonete-e-r-30-mil-em-laranjal\/#breadcrumb"},"inLanguage":"pt-BR","potentialAction":[{"@type":"ReadAction","target":["https:\/\/marcelolopes.jor.br\/site\/2022\/05\/31\/bandidos-armados-roubam-caminhonete-e-r-30-mil-em-laranjal\/"]}]},{"@type":"ImageObject","inLanguage":"pt-BR","@id":"https:\/\/marcelolopes.jor.br\/site\/2022\/05\/31\/bandidos-armados-roubam-caminhonete-e-r-30-mil-em-laranjal\/#primaryimage","url":"https:\/\/marcelolopes.jor.br\/site\/wp-content\/uploads\/2022\/05\/PM-LARANJAL-FOTO-JULIO-CABRAL-O-VIGILANTE-ONLINE.jpeg","contentUrl":"https:\/\/marcelolopes.jor.br\/site\/wp-content\/uploads\/2022\/05\/PM-LARANJAL-FOTO-JULIO-CABRAL-O-VIGILANTE-ONLINE.jpeg","width":900,"height":497,"caption":"Bandidos armados em Laranjal"},{"@type":"BreadcrumbList","@id":"https:\/\/marcelolopes.jor.br\/site\/2022\/05\/31\/bandidos-armados-roubam-caminhonete-e-r-30-mil-em-laranjal\/#breadcrumb","itemListElement":[{"@type":"ListItem","position":1,"name":"Home","item":"https:\/\/marcelolopes.jor.br\/site\/"},{"@type":"ListItem","position":2,"name":"Bandidos armados roubam caminhonete e R$ 30 mil em Laranjal"}]},{"@type":"WebSite","@id":"https:\/\/marcelolopes.jor.br\/site\/#website","url":"https:\/\/marcelolopes.jor.br\/site\/","name":"Marcelo Lopes","description":"Not\u00edcias de Cataguases e Regi\u00e3o","publisher":{"@id":"https:\/\/marcelolopes.jor.br\/site\/#organization"},"potentialAction":[{"@type":"SearchAction","target":{"@type":"EntryPoint","urlTemplate":"https:\/\/marcelolopes.jor.br\/site\/?s={search_term_string}"},"query-input":{"@type":"PropertyValueSpecification","valueRequired":true,"valueName":"search_term_string"}}],"inLanguage":"pt-BR"},{"@type":"Organization","@id":"https:\/\/marcelolopes.jor.br\/site\/#organization","name":"Site do Marcelo Lopes","url":"https:\/\/marcelolopes.jor.br\/site\/","logo":{"@type":"ImageObject","inLanguage":"pt-BR","@id":"https:\/\/marcelolopes.jor.br\/site\/#\/schema\/logo\/image\/","url":"https:\/\/marcelolopes.jor.br\/site\/wp-content\/uploads\/2024\/11\/logo-1.png","contentUrl":"https:\/\/marcelolopes.jor.br\/site\/wp-content\/uploads\/2024\/11\/logo-1.png","width":475,"height":80,"caption":"Site do Marcelo Lopes"},"image":{"@id":"https:\/\/marcelolopes.jor.br\/site\/#\/schema\/logo\/image\/"},"sameAs":["https:\/\/www.facebook.com\/sitedomarcelolopes","https:\/\/www.instagram.com\/sitedomarcelolopes\/","https:\/\/www.linkedin.com\/company\/site-do-marcelo-lopes\/","https:\/\/www.youtube.com\/user\/marcelolopes957"]},{"@type":"Person","@id":"https:\/\/marcelolopes.jor.br\/site\/#\/schema\/person\/3e7216a35c34d8fdf952b31da3d1f89f","name":"Marcelo Lopes","sameAs":["http:\/\/www.marcelolopes.jor.br"],"url":"https:\/\/marcelolopes.jor.br\/site\/author\/marcelo\/"}]}},"wps_subtitle":"C\u00e2meras de seguran\u00e7a registraram toda a a\u00e7\u00e3o dos bandidos.","_links":{"self":[{"href":"https:\/\/marcelolopes.jor.br\/site\/wp-json\/wp\/v2\/posts\/33471","targetHints":{"allow":["GET"]}}],"collection":[{"href":"https:\/\/marcelolopes.jor.br\/site\/wp-json\/wp\/v2\/posts"}],"about":[{"href":"https:\/\/marcelolopes.jor.br\/site\/wp-json\/wp\/v2\/types\/post"}],"author":[{"embeddable":true,"href":"https:\/\/marcelolopes.jor.br\/site\/wp-json\/wp\/v2\/users\/2"}],"replies":[{"embeddable":true,"href":"https:\/\/marcelolopes.jor.br\/site\/wp-json\/wp\/v2\/comments?post=33471"}],"version-history":[{"count":0,"href":"https:\/\/marcelolopes.jor.br\/site\/wp-json\/wp\/v2\/posts\/33471\/revisions"}],"wp:featuredmedia":[{"embeddable":true,"href":"https:\/\/marcelolopes.jor.br\/site\/wp-json\/wp\/v2\/media\/33472"}],"wp:attachment":[{"href":"https:\/\/marcelolopes.jor.br\/site\/wp-json\/wp\/v2\/media?parent=33471"}],"wp:term":[{"taxonomy":"category","embeddable":true,"href":"https:\/\/marcelolopes.jor.br\/site\/wp-json\/wp\/v2\/categories?post=33471"},{"taxonomy":"post_tag","embeddable":true,"href":"https:\/\/marcelolopes.jor.br\/site\/wp-json\/wp\/v2\/tags?post=33471"}],"curies":[{"name":"wp","href":"https:\/\/api.w.org\/{rel}","templated":true}]}}