{"id":33468,"date":"2022-06-01T07:00:08","date_gmt":"2022-06-01T10:00:08","guid":{"rendered":"https:\/\/marcelolopes.jor.br\/?p=33468"},"modified":"2022-10-17T11:26:33","modified_gmt":"2022-10-17T14:26:33","slug":"novo-modelo-da-cnh-comeca-a-valer-nesta-quarta-feira-1o-de-junho","status":"publish","type":"post","link":"https:\/\/marcelolopes.jor.br\/site\/2022\/06\/01\/novo-modelo-da-cnh-comeca-a-valer-nesta-quarta-feira-1o-de-junho\/","title":{"rendered":"Novo modelo da CNH come\u00e7a a valer nesta quarta-feira, 1\u00ba de junho"},"content":{"rendered":"<p style=\"text-align: justify;\">Quem for tirar a carteira de motorista a partir desta quarta-feira, 1\u00ba de junho, ou renov\u00e1-la, vai receber o documento em seu novo formato &#8211; \u201cmais moderno\u201d &#8211; e poder\u00e1 usar o nome social e da filia\u00e7\u00e3o afetiva do condutor. Al\u00e9m das novas informa\u00e7\u00f5es, o documento tamb\u00e9m sofreu altera\u00e7\u00f5es est\u00e9ticas com a adi\u00e7\u00e3o do amarelo e outros elementos para dificultar fraudes e a sua falsifica\u00e7\u00e3o. A nova CNH traz tamb\u00e9m um QR Code que pode ser utilizado para emitir a vers\u00e3o digital.<!--more--><\/p>\n<p style=\"text-align: justify;\">Segundo a Secretaria Nacional de Tr\u00e2nsito (Senatran), as novidades visam cumprir determina\u00e7\u00f5es legais. A substitui\u00e7\u00e3o do documento n\u00e3o \u00e9 obrigat\u00f3ria e ser\u00e1 implementada gradualmente para as novas habilita\u00e7\u00f5es e, eventualmente, renova\u00e7\u00f5es e segundas vias. O documento tamb\u00e9m poder\u00e1 ser utilizado em terminais de autoatendimento nos aeroportos brasileiros, visto que ser\u00e1 incorporado o c\u00f3digo internacional utilizado nos passaportes.<\/p>\n<p style=\"text-align: justify;\">Segundo a resolu\u00e7\u00e3o publicada, atrav\u00e9s da nova vers\u00e3o da carteira ser\u00e1 poss\u00edvel identificar as categorias de ve\u00edculo que o condutor est\u00e1 apto, al\u00e9m de informa\u00e7\u00f5es sobre atividades remuneradas como motorista e poss\u00edveis restri\u00e7\u00f5es m\u00e9dicas. As mudan\u00e7as estavam previstas desde dezembro de 2021, quando o Conselho Nacional de Tr\u00e2nsito publicou a <a href=\"http:\/\/https\/\/www.in.gov.br\/en\/web\/dou\/-\/resolucao-contran-n-886-de-13-de-dezembro-de-2021-369787920\"><strong><span style=\"color: #993366;\">Resolu\u00e7\u00e3o n\u00ba 886<\/span><\/strong><\/a>, que regulamenta especifica\u00e7\u00f5es, produ\u00e7\u00e3o e expedi\u00e7\u00e3o da CNH.<\/p>\n<p style=\"text-align: justify;\"><strong>NOT\u00cdCIAS RELACIONADAS<\/strong><\/p>\n<p><a href=\"https:\/\/marcelolopes.jor.br\/2021\/02\/18\/com-nova-lei-de-transito-motoristas-podem-ter-desconto-de-40-em-multas\/\"><strong><span style=\"color: #993366;\">Com nova lei de tr\u00e2nsito motoristas podem ter desconto de 40% em multas<\/span><\/strong><\/a><\/p>\n<p><a href=\"https:\/\/marcelolopes.jor.br\/2022\/01\/04\/2022-tera-cnh-nova-e-proprietarios-de-veiculos-nao-vao-pagar-dpvat\/\"><strong><span style=\"color: #993366;\">2022 ter\u00e1 CNH nova e propriet\u00e1rios de ve\u00edculos n\u00e3o v\u00e3o pagar DPVAT<\/span><\/strong><\/a><\/p>\n<p><a href=\"https:\/\/marcelolopes.jor.br\/2021\/04\/04\/novas-leis-de-transito-entram-em-vigor-neste-mes-veja-o-que-muda\/\"><strong><span style=\"color: #993366;\">Novas leis de tr\u00e2nsito entram em vigor neste m\u00eas. Veja o que muda<\/span><\/strong><\/a><\/p>\n<p>Fonte: TecMundo e Ag\u00eancia Brasil | Foto: Minist\u00e9rio da Infraestrutura &#8211; Conselho Nacional de Tr\u00e2nsito<\/p>\n<div class=\"iqtvd6a951cabed693\" ><br><\/div><style type=\"text\/css\">\r\n@media screen and (min-width: 1201px) {\r\n.iqtvd6a951cabed693 {\r\ndisplay: block;\r\n}\r\n}\r\n@media screen and (min-width: 993px) and (max-width: 1200px) {\r\n.iqtvd6a951cabed693 {\r\ndisplay: block;\r\n}\r\n}\r\n@media screen and (min-width: 769px) and (max-width: 992px) {\r\n.iqtvd6a951cabed693 {\r\ndisplay: block;\r\n}\r\n}\r\n@media screen and (min-width: 768px) and (max-width: 768px) {\r\n.iqtvd6a951cabed693 {\r\ndisplay: block;\r\n}\r\n}\r\n@media screen and (max-width: 767px) {\r\n.iqtvd6a951cabed693 {\r\ndisplay: block;\r\n}\r\n}\r\n<\/style>\r\n<div class=\"iblye6a951cabf26ed\" ><div id=\"div_destino\"><\/div>\r\n<script src=\"https:\/\/cdn.snsrsv.com\/sdk.js\"><\/script>\r\n<script >\r\n      new sdk(\"464030C30061EA8BE065000000000001\") \r\n          .appendTo(\"div_destino\")\r\n          .disableStyle(true) \r\n          .setCacheBusterMacro(\"%%CACHEBUSTER%%\")\r\n          .setSize(\"800\",\"214\")\r\n          .setClickMacro(\"%%CLICK_URL_ESC%%\") \r\n          .setReferrerUrlMacro(\"%%REFERRER_URL_ESC%%\") \r\n          .start(); \r\n<\/script><\/div><style type=\"text\/css\">\r\n@media screen and (min-width: 1201px) {\r\n.iblye6a951cabf26ed {\r\ndisplay: block;\r\n}\r\n}\r\n@media screen and (min-width: 993px) and (max-width: 1200px) {\r\n.iblye6a951cabf26ed {\r\ndisplay: block;\r\n}\r\n}\r\n@media screen and (min-width: 769px) and (max-width: 992px) {\r\n.iblye6a951cabf26ed {\r\ndisplay: block;\r\n}\r\n}\r\n@media screen and (min-width: 768px) and (max-width: 768px) {\r\n.iblye6a951cabf26ed {\r\ndisplay: block;\r\n}\r\n}\r\n@media screen and (max-width: 767px) {\r\n.iblye6a951cabf26ed {\r\ndisplay: block;\r\n}\r\n}\r\n<\/style>\r\n","protected":false},"excerpt":{"rendered":"<p>Quem for tirar a carteira de motorista a partir desta quarta-feira, 1\u00ba de junho, ou renov\u00e1-la, vai receber o documento em seu novo formato &#8211; \u201cmais moderno\u201d &#8211; e poder\u00e1 usar o nome social e da filia\u00e7\u00e3o afetiva do condutor.<\/p>\n<p class=\"link-more\"><a class=\"more-link\" href=\"https:\/\/marcelolopes.jor.br\/site\/2022\/06\/01\/novo-modelo-da-cnh-comeca-a-valer-nesta-quarta-feira-1o-de-junho\/\">Leia mais <span class=\"screen-reader-text\">Novo modelo da CNH come\u00e7a a valer nesta quarta-feira, 1\u00ba de junho<\/span><\/a><\/p>\n","protected":false},"author":2,"featured_media":33469,"comment_status":"open","ping_status":"open","sticky":false,"template":"","format":"standard","meta":{"footnotes":""},"categories":[1],"tags":[995,1244,6030,6031],"class_list":["post-33468","post","type-post","status-publish","format-standard","has-post-thumbnail","hentry","category-noticias","tag-carteira-de-motorista","tag-cnh","tag-nova-cnh","tag-novo-documento","thumb-below-title"],"yoast_head":"<!-- This site is optimized with the Yoast SEO plugin v28.3 - https:\/\/yoast.com\/product\/yoast-seo-wordpress\/ -->\n<title>Novo modelo de CNH come\u00e7a a valer nesta quarta-feira, 1\u00ba<\/title>\n<meta name=\"description\" content=\"Novo modelo de CNH come\u00e7a a valer nesta quarta-feira, 1\u00ba de junho, mas a substitui\u00e7\u00e3o do documento n\u00e3o \u00e9 obrigat\u00f3ria e ser\u00e1 gradual.\" \/>\n<meta name=\"robots\" content=\"index, follow, max-snippet:-1, max-image-preview:large, max-video-preview:-1\" \/>\n<link rel=\"canonical\" href=\"https:\/\/marcelolopes.jor.br\/site\/2022\/06\/01\/novo-modelo-da-cnh-comeca-a-valer-nesta-quarta-feira-1o-de-junho\/\" \/>\n<meta property=\"og:locale\" content=\"pt_BR\" \/>\n<meta property=\"og:type\" content=\"article\" \/>\n<meta property=\"og:title\" content=\"Novo modelo de CNH come\u00e7a a valer nesta quarta-feira, 1\u00ba\" \/>\n<meta property=\"og:description\" content=\"Novo modelo de CNH come\u00e7a a valer nesta quarta-feira, 1\u00ba de junho, mas a substitui\u00e7\u00e3o do documento n\u00e3o \u00e9 obrigat\u00f3ria e ser\u00e1 gradual.\" \/>\n<meta property=\"og:url\" content=\"https:\/\/marcelolopes.jor.br\/site\/2022\/06\/01\/novo-modelo-da-cnh-comeca-a-valer-nesta-quarta-feira-1o-de-junho\/\" \/>\n<meta property=\"og:site_name\" content=\"Marcelo Lopes\" \/>\n<meta property=\"article:publisher\" content=\"https:\/\/www.facebook.com\/sitedomarcelolopes\" \/>\n<meta property=\"article:published_time\" content=\"2022-06-01T10:00:08+00:00\" \/>\n<meta property=\"article:modified_time\" content=\"2022-10-17T14:26:33+00:00\" \/>\n<meta property=\"og:image\" content=\"https:\/\/marcelolopes.jor.br\/site\/wp-content\/uploads\/2022\/05\/CNH.jpeg\" \/>\n\t<meta property=\"og:image:width\" content=\"1170\" \/>\n\t<meta property=\"og:image:height\" content=\"700\" \/>\n\t<meta property=\"og:image:type\" content=\"image\/jpeg\" \/>\n<meta name=\"author\" content=\"Marcelo Lopes\" \/>\n<meta name=\"twitter:card\" content=\"summary_large_image\" \/>\n<meta name=\"twitter:label1\" content=\"Escrito por\" \/>\n\t<meta name=\"twitter:data1\" content=\"Marcelo Lopes\" \/>\n\t<meta name=\"twitter:label2\" content=\"Est. tempo de leitura\" \/>\n\t<meta name=\"twitter:data2\" content=\"1 minuto\" \/>\n<script type=\"application\/ld+json\" class=\"yoast-schema-graph\">{\"@context\":\"https:\\\/\\\/schema.org\",\"@graph\":[{\"@type\":\"NewsArticle\",\"@id\":\"https:\\\/\\\/marcelolopes.jor.br\\\/site\\\/2022\\\/06\\\/01\\\/novo-modelo-da-cnh-comeca-a-valer-nesta-quarta-feira-1o-de-junho\\\/#article\",\"isPartOf\":{\"@id\":\"https:\\\/\\\/marcelolopes.jor.br\\\/site\\\/2022\\\/06\\\/01\\\/novo-modelo-da-cnh-comeca-a-valer-nesta-quarta-feira-1o-de-junho\\\/\"},\"author\":{\"name\":\"Marcelo Lopes\",\"@id\":\"https:\\\/\\\/marcelolopes.jor.br\\\/site\\\/#\\\/schema\\\/person\\\/3e7216a35c34d8fdf952b31da3d1f89f\"},\"headline\":\"Novo modelo da CNH come\u00e7a a valer nesta quarta-feira, 1\u00ba de junho\",\"datePublished\":\"2022-06-01T10:00:08+00:00\",\"dateModified\":\"2022-10-17T14:26:33+00:00\",\"mainEntityOfPage\":{\"@id\":\"https:\\\/\\\/marcelolopes.jor.br\\\/site\\\/2022\\\/06\\\/01\\\/novo-modelo-da-cnh-comeca-a-valer-nesta-quarta-feira-1o-de-junho\\\/\"},\"wordCount\":307,\"commentCount\":0,\"publisher\":{\"@id\":\"https:\\\/\\\/marcelolopes.jor.br\\\/site\\\/#organization\"},\"image\":{\"@id\":\"https:\\\/\\\/marcelolopes.jor.br\\\/site\\\/2022\\\/06\\\/01\\\/novo-modelo-da-cnh-comeca-a-valer-nesta-quarta-feira-1o-de-junho\\\/#primaryimage\"},\"thumbnailUrl\":\"https:\\\/\\\/marcelolopes.jor.br\\\/site\\\/wp-content\\\/uploads\\\/2022\\\/05\\\/CNH.jpeg\",\"keywords\":[\"carteira de motorista\",\"CNH\",\"nova CNH\",\"novo documento\"],\"articleSection\":[\"Not\u00edcias\"],\"inLanguage\":\"pt-BR\",\"potentialAction\":[{\"@type\":\"CommentAction\",\"name\":\"Comment\",\"target\":[\"https:\\\/\\\/marcelolopes.jor.br\\\/site\\\/2022\\\/06\\\/01\\\/novo-modelo-da-cnh-comeca-a-valer-nesta-quarta-feira-1o-de-junho\\\/#respond\"]}]},{\"@type\":\"WebPage\",\"@id\":\"https:\\\/\\\/marcelolopes.jor.br\\\/site\\\/2022\\\/06\\\/01\\\/novo-modelo-da-cnh-comeca-a-valer-nesta-quarta-feira-1o-de-junho\\\/\",\"url\":\"https:\\\/\\\/marcelolopes.jor.br\\\/site\\\/2022\\\/06\\\/01\\\/novo-modelo-da-cnh-comeca-a-valer-nesta-quarta-feira-1o-de-junho\\\/\",\"name\":\"Novo modelo de CNH come\u00e7a a valer nesta quarta-feira, 1\u00ba\",\"isPartOf\":{\"@id\":\"https:\\\/\\\/marcelolopes.jor.br\\\/site\\\/#website\"},\"primaryImageOfPage\":{\"@id\":\"https:\\\/\\\/marcelolopes.jor.br\\\/site\\\/2022\\\/06\\\/01\\\/novo-modelo-da-cnh-comeca-a-valer-nesta-quarta-feira-1o-de-junho\\\/#primaryimage\"},\"image\":{\"@id\":\"https:\\\/\\\/marcelolopes.jor.br\\\/site\\\/2022\\\/06\\\/01\\\/novo-modelo-da-cnh-comeca-a-valer-nesta-quarta-feira-1o-de-junho\\\/#primaryimage\"},\"thumbnailUrl\":\"https:\\\/\\\/marcelolopes.jor.br\\\/site\\\/wp-content\\\/uploads\\\/2022\\\/05\\\/CNH.jpeg\",\"datePublished\":\"2022-06-01T10:00:08+00:00\",\"dateModified\":\"2022-10-17T14:26:33+00:00\",\"description\":\"Novo modelo de CNH come\u00e7a a valer nesta quarta-feira, 1\u00ba de junho, mas a substitui\u00e7\u00e3o do documento n\u00e3o \u00e9 obrigat\u00f3ria e ser\u00e1 gradual.\",\"breadcrumb\":{\"@id\":\"https:\\\/\\\/marcelolopes.jor.br\\\/site\\\/2022\\\/06\\\/01\\\/novo-modelo-da-cnh-comeca-a-valer-nesta-quarta-feira-1o-de-junho\\\/#breadcrumb\"},\"inLanguage\":\"pt-BR\",\"potentialAction\":[{\"@type\":\"ReadAction\",\"target\":[\"https:\\\/\\\/marcelolopes.jor.br\\\/site\\\/2022\\\/06\\\/01\\\/novo-modelo-da-cnh-comeca-a-valer-nesta-quarta-feira-1o-de-junho\\\/\"]}]},{\"@type\":\"ImageObject\",\"inLanguage\":\"pt-BR\",\"@id\":\"https:\\\/\\\/marcelolopes.jor.br\\\/site\\\/2022\\\/06\\\/01\\\/novo-modelo-da-cnh-comeca-a-valer-nesta-quarta-feira-1o-de-junho\\\/#primaryimage\",\"url\":\"https:\\\/\\\/marcelolopes.jor.br\\\/site\\\/wp-content\\\/uploads\\\/2022\\\/05\\\/CNH.jpeg\",\"contentUrl\":\"https:\\\/\\\/marcelolopes.jor.br\\\/site\\\/wp-content\\\/uploads\\\/2022\\\/05\\\/CNH.jpeg\",\"width\":1170,\"height\":700,\"caption\":\"novo modelo de CNH\"},{\"@type\":\"BreadcrumbList\",\"@id\":\"https:\\\/\\\/marcelolopes.jor.br\\\/site\\\/2022\\\/06\\\/01\\\/novo-modelo-da-cnh-comeca-a-valer-nesta-quarta-feira-1o-de-junho\\\/#breadcrumb\",\"itemListElement\":[{\"@type\":\"ListItem\",\"position\":1,\"name\":\"Home\",\"item\":\"https:\\\/\\\/marcelolopes.jor.br\\\/site\\\/\"},{\"@type\":\"ListItem\",\"position\":2,\"name\":\"Novo modelo da CNH come\u00e7a a valer nesta quarta-feira, 1\u00ba de junho\"}]},{\"@type\":\"WebSite\",\"@id\":\"https:\\\/\\\/marcelolopes.jor.br\\\/site\\\/#website\",\"url\":\"https:\\\/\\\/marcelolopes.jor.br\\\/site\\\/\",\"name\":\"Marcelo Lopes\",\"description\":\"Not\u00edcias de Cataguases e Regi\u00e3o\",\"publisher\":{\"@id\":\"https:\\\/\\\/marcelolopes.jor.br\\\/site\\\/#organization\"},\"potentialAction\":[{\"@type\":\"SearchAction\",\"target\":{\"@type\":\"EntryPoint\",\"urlTemplate\":\"https:\\\/\\\/marcelolopes.jor.br\\\/site\\\/?s={search_term_string}\"},\"query-input\":{\"@type\":\"PropertyValueSpecification\",\"valueRequired\":true,\"valueName\":\"search_term_string\"}}],\"inLanguage\":\"pt-BR\"},{\"@type\":\"Organization\",\"@id\":\"https:\\\/\\\/marcelolopes.jor.br\\\/site\\\/#organization\",\"name\":\"Site do Marcelo Lopes\",\"url\":\"https:\\\/\\\/marcelolopes.jor.br\\\/site\\\/\",\"logo\":{\"@type\":\"ImageObject\",\"inLanguage\":\"pt-BR\",\"@id\":\"https:\\\/\\\/marcelolopes.jor.br\\\/site\\\/#\\\/schema\\\/logo\\\/image\\\/\",\"url\":\"https:\\\/\\\/marcelolopes.jor.br\\\/site\\\/wp-content\\\/uploads\\\/2026\\\/07\\\/cropped-logo2026.png\",\"contentUrl\":\"https:\\\/\\\/marcelolopes.jor.br\\\/site\\\/wp-content\\\/uploads\\\/2026\\\/07\\\/cropped-logo2026.png\",\"width\":328,\"height\":96,\"caption\":\"Site do Marcelo Lopes\"},\"image\":{\"@id\":\"https:\\\/\\\/marcelolopes.jor.br\\\/site\\\/#\\\/schema\\\/logo\\\/image\\\/\"},\"sameAs\":[\"https:\\\/\\\/www.facebook.com\\\/sitedomarcelolopes\",\"https:\\\/\\\/www.instagram.com\\\/sitedomarcelolopes\\\/\",\"https:\\\/\\\/www.linkedin.com\\\/company\\\/site-do-marcelo-lopes\\\/\",\"https:\\\/\\\/www.youtube.com\\\/user\\\/marcelolopes957\"]},{\"@type\":\"Person\",\"@id\":\"https:\\\/\\\/marcelolopes.jor.br\\\/site\\\/#\\\/schema\\\/person\\\/3e7216a35c34d8fdf952b31da3d1f89f\",\"name\":\"Marcelo Lopes\",\"sameAs\":[\"http:\\\/\\\/www.marcelolopes.jor.br\"],\"url\":\"https:\\\/\\\/marcelolopes.jor.br\\\/site\\\/author\\\/marcelo\\\/\"}]}<\/script>\n<!-- \/ Yoast SEO plugin. -->","yoast_head_json":{"title":"Novo modelo de CNH come\u00e7a a valer nesta quarta-feira, 1\u00ba","description":"Novo modelo de CNH come\u00e7a a valer nesta quarta-feira, 1\u00ba de junho, mas a substitui\u00e7\u00e3o do documento n\u00e3o \u00e9 obrigat\u00f3ria e ser\u00e1 gradual.","robots":{"index":"index","follow":"follow","max-snippet":"max-snippet:-1","max-image-preview":"max-image-preview:large","max-video-preview":"max-video-preview:-1"},"canonical":"https:\/\/marcelolopes.jor.br\/site\/2022\/06\/01\/novo-modelo-da-cnh-comeca-a-valer-nesta-quarta-feira-1o-de-junho\/","og_locale":"pt_BR","og_type":"article","og_title":"Novo modelo de CNH come\u00e7a a valer nesta quarta-feira, 1\u00ba","og_description":"Novo modelo de CNH come\u00e7a a valer nesta quarta-feira, 1\u00ba de junho, mas a substitui\u00e7\u00e3o do documento n\u00e3o \u00e9 obrigat\u00f3ria e ser\u00e1 gradual.","og_url":"https:\/\/marcelolopes.jor.br\/site\/2022\/06\/01\/novo-modelo-da-cnh-comeca-a-valer-nesta-quarta-feira-1o-de-junho\/","og_site_name":"Marcelo Lopes","article_publisher":"https:\/\/www.facebook.com\/sitedomarcelolopes","article_published_time":"2022-06-01T10:00:08+00:00","article_modified_time":"2022-10-17T14:26:33+00:00","og_image":[{"width":1170,"height":700,"url":"https:\/\/marcelolopes.jor.br\/site\/wp-content\/uploads\/2022\/05\/CNH.jpeg","type":"image\/jpeg"}],"author":"Marcelo Lopes","twitter_card":"summary_large_image","twitter_misc":{"Escrito por":"Marcelo Lopes","Est. tempo de leitura":"1 minuto"},"schema":{"@context":"https:\/\/schema.org","@graph":[{"@type":"NewsArticle","@id":"https:\/\/marcelolopes.jor.br\/site\/2022\/06\/01\/novo-modelo-da-cnh-comeca-a-valer-nesta-quarta-feira-1o-de-junho\/#article","isPartOf":{"@id":"https:\/\/marcelolopes.jor.br\/site\/2022\/06\/01\/novo-modelo-da-cnh-comeca-a-valer-nesta-quarta-feira-1o-de-junho\/"},"author":{"name":"Marcelo Lopes","@id":"https:\/\/marcelolopes.jor.br\/site\/#\/schema\/person\/3e7216a35c34d8fdf952b31da3d1f89f"},"headline":"Novo modelo da CNH come\u00e7a a valer nesta quarta-feira, 1\u00ba de junho","datePublished":"2022-06-01T10:00:08+00:00","dateModified":"2022-10-17T14:26:33+00:00","mainEntityOfPage":{"@id":"https:\/\/marcelolopes.jor.br\/site\/2022\/06\/01\/novo-modelo-da-cnh-comeca-a-valer-nesta-quarta-feira-1o-de-junho\/"},"wordCount":307,"commentCount":0,"publisher":{"@id":"https:\/\/marcelolopes.jor.br\/site\/#organization"},"image":{"@id":"https:\/\/marcelolopes.jor.br\/site\/2022\/06\/01\/novo-modelo-da-cnh-comeca-a-valer-nesta-quarta-feira-1o-de-junho\/#primaryimage"},"thumbnailUrl":"https:\/\/marcelolopes.jor.br\/site\/wp-content\/uploads\/2022\/05\/CNH.jpeg","keywords":["carteira de motorista","CNH","nova CNH","novo documento"],"articleSection":["Not\u00edcias"],"inLanguage":"pt-BR","potentialAction":[{"@type":"CommentAction","name":"Comment","target":["https:\/\/marcelolopes.jor.br\/site\/2022\/06\/01\/novo-modelo-da-cnh-comeca-a-valer-nesta-quarta-feira-1o-de-junho\/#respond"]}]},{"@type":"WebPage","@id":"https:\/\/marcelolopes.jor.br\/site\/2022\/06\/01\/novo-modelo-da-cnh-comeca-a-valer-nesta-quarta-feira-1o-de-junho\/","url":"https:\/\/marcelolopes.jor.br\/site\/2022\/06\/01\/novo-modelo-da-cnh-comeca-a-valer-nesta-quarta-feira-1o-de-junho\/","name":"Novo modelo de CNH come\u00e7a a valer nesta quarta-feira, 1\u00ba","isPartOf":{"@id":"https:\/\/marcelolopes.jor.br\/site\/#website"},"primaryImageOfPage":{"@id":"https:\/\/marcelolopes.jor.br\/site\/2022\/06\/01\/novo-modelo-da-cnh-comeca-a-valer-nesta-quarta-feira-1o-de-junho\/#primaryimage"},"image":{"@id":"https:\/\/marcelolopes.jor.br\/site\/2022\/06\/01\/novo-modelo-da-cnh-comeca-a-valer-nesta-quarta-feira-1o-de-junho\/#primaryimage"},"thumbnailUrl":"https:\/\/marcelolopes.jor.br\/site\/wp-content\/uploads\/2022\/05\/CNH.jpeg","datePublished":"2022-06-01T10:00:08+00:00","dateModified":"2022-10-17T14:26:33+00:00","description":"Novo modelo de CNH come\u00e7a a valer nesta quarta-feira, 1\u00ba de junho, mas a substitui\u00e7\u00e3o do documento n\u00e3o \u00e9 obrigat\u00f3ria e ser\u00e1 gradual.","breadcrumb":{"@id":"https:\/\/marcelolopes.jor.br\/site\/2022\/06\/01\/novo-modelo-da-cnh-comeca-a-valer-nesta-quarta-feira-1o-de-junho\/#breadcrumb"},"inLanguage":"pt-BR","potentialAction":[{"@type":"ReadAction","target":["https:\/\/marcelolopes.jor.br\/site\/2022\/06\/01\/novo-modelo-da-cnh-comeca-a-valer-nesta-quarta-feira-1o-de-junho\/"]}]},{"@type":"ImageObject","inLanguage":"pt-BR","@id":"https:\/\/marcelolopes.jor.br\/site\/2022\/06\/01\/novo-modelo-da-cnh-comeca-a-valer-nesta-quarta-feira-1o-de-junho\/#primaryimage","url":"https:\/\/marcelolopes.jor.br\/site\/wp-content\/uploads\/2022\/05\/CNH.jpeg","contentUrl":"https:\/\/marcelolopes.jor.br\/site\/wp-content\/uploads\/2022\/05\/CNH.jpeg","width":1170,"height":700,"caption":"novo modelo de CNH"},{"@type":"BreadcrumbList","@id":"https:\/\/marcelolopes.jor.br\/site\/2022\/06\/01\/novo-modelo-da-cnh-comeca-a-valer-nesta-quarta-feira-1o-de-junho\/#breadcrumb","itemListElement":[{"@type":"ListItem","position":1,"name":"Home","item":"https:\/\/marcelolopes.jor.br\/site\/"},{"@type":"ListItem","position":2,"name":"Novo modelo da CNH come\u00e7a a valer nesta quarta-feira, 1\u00ba de junho"}]},{"@type":"WebSite","@id":"https:\/\/marcelolopes.jor.br\/site\/#website","url":"https:\/\/marcelolopes.jor.br\/site\/","name":"Marcelo Lopes","description":"Not\u00edcias de Cataguases e Regi\u00e3o","publisher":{"@id":"https:\/\/marcelolopes.jor.br\/site\/#organization"},"potentialAction":[{"@type":"SearchAction","target":{"@type":"EntryPoint","urlTemplate":"https:\/\/marcelolopes.jor.br\/site\/?s={search_term_string}"},"query-input":{"@type":"PropertyValueSpecification","valueRequired":true,"valueName":"search_term_string"}}],"inLanguage":"pt-BR"},{"@type":"Organization","@id":"https:\/\/marcelolopes.jor.br\/site\/#organization","name":"Site do Marcelo Lopes","url":"https:\/\/marcelolopes.jor.br\/site\/","logo":{"@type":"ImageObject","inLanguage":"pt-BR","@id":"https:\/\/marcelolopes.jor.br\/site\/#\/schema\/logo\/image\/","url":"https:\/\/marcelolopes.jor.br\/site\/wp-content\/uploads\/2026\/07\/cropped-logo2026.png","contentUrl":"https:\/\/marcelolopes.jor.br\/site\/wp-content\/uploads\/2026\/07\/cropped-logo2026.png","width":328,"height":96,"caption":"Site do Marcelo Lopes"},"image":{"@id":"https:\/\/marcelolopes.jor.br\/site\/#\/schema\/logo\/image\/"},"sameAs":["https:\/\/www.facebook.com\/sitedomarcelolopes","https:\/\/www.instagram.com\/sitedomarcelolopes\/","https:\/\/www.linkedin.com\/company\/site-do-marcelo-lopes\/","https:\/\/www.youtube.com\/user\/marcelolopes957"]},{"@type":"Person","@id":"https:\/\/marcelolopes.jor.br\/site\/#\/schema\/person\/3e7216a35c34d8fdf952b31da3d1f89f","name":"Marcelo Lopes","sameAs":["http:\/\/www.marcelolopes.jor.br"],"url":"https:\/\/marcelolopes.jor.br\/site\/author\/marcelo\/"}]}},"wps_subtitle":"A substitui\u00e7\u00e3o do documento n\u00e3o \u00e9 obrigat\u00f3ria e vai acontecer gradualmente.","_links":{"self":[{"href":"https:\/\/marcelolopes.jor.br\/site\/wp-json\/wp\/v2\/posts\/33468","targetHints":{"allow":["GET"]}}],"collection":[{"href":"https:\/\/marcelolopes.jor.br\/site\/wp-json\/wp\/v2\/posts"}],"about":[{"href":"https:\/\/marcelolopes.jor.br\/site\/wp-json\/wp\/v2\/types\/post"}],"author":[{"embeddable":true,"href":"https:\/\/marcelolopes.jor.br\/site\/wp-json\/wp\/v2\/users\/2"}],"replies":[{"embeddable":true,"href":"https:\/\/marcelolopes.jor.br\/site\/wp-json\/wp\/v2\/comments?post=33468"}],"version-history":[{"count":0,"href":"https:\/\/marcelolopes.jor.br\/site\/wp-json\/wp\/v2\/posts\/33468\/revisions"}],"wp:featuredmedia":[{"embeddable":true,"href":"https:\/\/marcelolopes.jor.br\/site\/wp-json\/wp\/v2\/media\/33469"}],"wp:attachment":[{"href":"https:\/\/marcelolopes.jor.br\/site\/wp-json\/wp\/v2\/media?parent=33468"}],"wp:term":[{"taxonomy":"category","embeddable":true,"href":"https:\/\/marcelolopes.jor.br\/site\/wp-json\/wp\/v2\/categories?post=33468"},{"taxonomy":"post_tag","embeddable":true,"href":"https:\/\/marcelolopes.jor.br\/site\/wp-json\/wp\/v2\/tags?post=33468"}],"curies":[{"name":"wp","href":"https:\/\/api.w.org\/{rel}","templated":true}]}}