{"id":33464,"date":"2022-05-30T20:00:56","date_gmt":"2022-05-30T23:00:56","guid":{"rendered":"https:\/\/marcelolopes.jor.br\/?p=33464"},"modified":"2022-05-30T19:26:07","modified_gmt":"2022-05-30T22:26:07","slug":"carta-esclarece-sobre-possivel-ampliacao-de-funcionamento-do-comercio","status":"publish","type":"post","link":"https:\/\/marcelolopes.jor.br\/site\/2022\/05\/30\/carta-esclarece-sobre-possivel-ampliacao-de-funcionamento-do-comercio\/","title":{"rendered":"Carta esclarece sobre poss\u00edvel amplia\u00e7\u00e3o de funcionamento do com\u00e9rcio"},"content":{"rendered":"<p style=\"text-align: justify;\">Nesta quarta-feira, 1\u00ba de junho, a C\u00e2mara Municipal de Cataguases realiza, \u00e0s 19 horas, Audi\u00eancia P\u00fablica para debater proposta que prev\u00ea a amplia\u00e7\u00e3o do hor\u00e1rio de funcionamento do com\u00e9rcio local at\u00e9 \u00e0s 22 horas. Projeto de lei neste sentido foi apresentado pelo vereador Professor Jeferson (PSL) e, desde ent\u00e3o, vem provocando debates acalorados entre a popula\u00e7\u00e3o abrindo espa\u00e7o para a referida Audi\u00eancia.<!--more--><\/p>\n<p style=\"text-align: justify;\">Deixando de lado a grande maioria dos coment\u00e1rios de quem s\u00f3 ouviu falar e est\u00e1 opinando sem o menor conhecimento, al\u00e9m daqueles cujo objetivo \u00e9 apenas tumultuar o processo, na pr\u00e1tica, o assunto virou uma esp\u00e9cie de queda de bra\u00e7o entre os sindicatos patronal (Sindicom\u00e9rcio, que apoia a medida) e o dos Trabalhadores no Com\u00e9rcio Varejista e Atacadista de Cataguases, que representa os interesses dos trabalhadores e, claro, est\u00e1 do lado oposto, portanto, contra a aprova\u00e7\u00e3o do texto.<\/p>\n<p style=\"text-align: justify;\">O debate tem deixado os nervos \u00e0 flor da pele. Prova disso ocorreu no \u00faltimo s\u00e1bado, 28 de maio, quando o vereador autor do projeto de lei, Professor Jeferson (PSL), durante participa\u00e7\u00e3o no programa Conversa Franca, da R\u00e1dio Brilho FM, ao falar sobre o assunto e prevendo um poss\u00edvel fracasso de sua iniciativa, atacou a Casa a que pertence chamando-a de &#8220;covarde&#8221;, o que pode lhe render uma boa dor de cabe\u00e7a por ter faltado com o decoro.<\/p>\n<p style=\"text-align: justify;\"><img loading=\"lazy\" decoding=\"async\" class=\"aligncenter wp-image-15334\" src=\"https:\/\/marcelolopes.jor.br\/site\/wp-content\/uploads\/2020\/06\/woman-in-black-and-gold-dress-4427641-300x200.jpg\" alt=\"amplia\u00e7\u00e3o do funcionamento do com\u00e9rcio\" width=\"700\" height=\"466\" srcset=\"https:\/\/marcelolopes.jor.br\/site\/wp-content\/uploads\/2020\/06\/woman-in-black-and-gold-dress-4427641-300x200.jpg 300w, https:\/\/marcelolopes.jor.br\/site\/wp-content\/uploads\/2020\/06\/woman-in-black-and-gold-dress-4427641-768x512.jpg 768w, https:\/\/marcelolopes.jor.br\/site\/wp-content\/uploads\/2020\/06\/woman-in-black-and-gold-dress-4427641-1024x682.jpg 1024w, https:\/\/marcelolopes.jor.br\/site\/wp-content\/uploads\/2020\/06\/woman-in-black-and-gold-dress-4427641-1200x800.jpg 1200w, https:\/\/marcelolopes.jor.br\/site\/wp-content\/uploads\/2020\/06\/woman-in-black-and-gold-dress-4427641.jpg 1280w\" sizes=\"auto, (max-width: 700px) 100vw, 700px\" \/>Mas, nesta segunda-feira, 30, o Sindicom\u00e9rcio, C\u00e2mara de Dirigentes Lojistas (CDL) e Associa\u00e7\u00e3o Comercial e Industrial de Cataguases (ACIC) jogaram um balde de \u00e1gua nesta fervura ao divulgarem uma bem explicada &#8220;Carta de Apoio ao Projeto de Liberdade Econ\u00f4mica&#8221;. O texto \u00e9 t\u00e3o esclarecedor que &#8211; pode-se dizer &#8211; a Audi\u00eancia P\u00fablica vai somente repetir o seu conte\u00fado, que n\u00e3o d\u00e1 margem para d\u00favidas.<\/p>\n<p style=\"text-align: justify;\">O texto assinado por aquelas entidades deixa claro, entre outras coisas, que a amplia\u00e7\u00e3o do hor\u00e1rio de funcionamento do com\u00e9rcio local \u00e9 opcional e somente entrar\u00e1 em vigor ap\u00f3s assinatura de uma Conven\u00e7\u00e3o Coletiva de Trabalho, como ocorre atualmente. Resumindo: Tudo ser\u00e1 alinhavado ao redor de uma mesa de negocia\u00e7\u00e3o entre os sindicatos classistas.<\/p>\n<p style=\"text-align: justify;\">Um trecho da Carta \u00e9 bem claro a este respeito: &#8220;Sendo o projeto aprovado, o Sindicato Patronal ter\u00e1 a liberdade de propor a aplica\u00e7\u00e3o de novos hor\u00e1rios &#8211; via Conven\u00e7\u00e3o Coletiva de Trabalho &#8211; com o Sindicato dos Empregados visando tratar das peculiaridades do nosso ambiente comercial e de trabalho, ajustando hor\u00e1rios, datas de funcionamento, e etc.&#8221;<\/p>\n<p style=\"text-align: justify;\"><img loading=\"lazy\" decoding=\"async\" class=\"aligncenter wp-image-9829\" src=\"https:\/\/marcelolopes.jor.br\/site\/wp-content\/uploads\/2019\/12\/Vendas-do-com\u00e9rcio-300x200.jpg\" alt=\"amplia\u00e7\u00e3o do funcionamento do com\u00e9rcio\" width=\"700\" height=\"467\" srcset=\"https:\/\/marcelolopes.jor.br\/site\/wp-content\/uploads\/2019\/12\/Vendas-do-com\u00e9rcio-300x200.jpg 300w, https:\/\/marcelolopes.jor.br\/site\/wp-content\/uploads\/2019\/12\/Vendas-do-com\u00e9rcio-768x512.jpg 768w, https:\/\/marcelolopes.jor.br\/site\/wp-content\/uploads\/2019\/12\/Vendas-do-com\u00e9rcio-1024x683.jpg 1024w, https:\/\/marcelolopes.jor.br\/site\/wp-content\/uploads\/2019\/12\/Vendas-do-com\u00e9rcio.jpg 1100w\" sizes=\"auto, (max-width: 700px) 100vw, 700px\" \/>O documento tamb\u00e9m desfaz outro mal entendido que se tornou em um dos maiores temores: os direitos dos trabalhadores. Neste sentido nada muda para esta categoria com a nova lei, caso seja aprovada. Isso porque a jornada de trabalho continuar\u00e1 sendo de 44 horas semanais como \u00e9 atualmente, bem como todos os demais direitos adquiridos. As horas extras tamb\u00e9m continuar\u00e3o sendo pagas conforme determina a Conven\u00e7\u00e3o Coletiva de Trabalho em vigor, informa a Carta.<\/p>\n<p style=\"text-align: justify;\">O texto conclui fazendo uma previs\u00e3o a respeito do novo cen\u00e1rio proposto pelo projeto de lei: &#8220;O que se espera \u00e9 um gradual ajuste nos hor\u00e1rios para melhor atender \u00e0s necessidades das empresas levando tamb\u00e9m em conta a necessidade dos colaboradores e lojistas, e que possa trazer a possibilidade de desenvolvimento do segmento com maior renda, gera\u00e7\u00e3o de empregos e ganhos nos sal\u00e1rios.&#8221; Longe de ser o monstro que aterroriza os trabalhadores, caso as partes envolvidas queiram dialogar, n\u00e3o h\u00e1 d\u00favida que poder\u00e1 ser feita uma limonada com esse lim\u00e3o.<\/p>\n<p>Leia a Carta na \u00edntegra abaixo:<\/p>\n<p><a href=\"https:\/\/marcelolopes.jor.br\/site\/wp-content\/uploads\/2022\/05\/Ampliacao-do-horario-do-comercio.docx-1.pdf\">Amplia\u00e7\u00e3o do hor\u00e1rio do com\u00e9rcio.docx (1)<\/a><\/p>\n<p style=\"text-align: justify;\"><strong>NOT\u00cdCIAS RELACIONADAS<\/strong><\/p>\n<p><a href=\"https:\/\/marcelolopes.jor.br\/2022\/02\/25\/sindicatos-fecham-acordo-e-segunda-feira-de-carnaval-comercio-nao-abre\/\"><strong><span style=\"color: #993366;\">Sindicatos fecham acordo e segunda-feira de Carnaval com\u00e9rcio n\u00e3o abre<\/span><\/strong><\/a><\/p>\n<p><a href=\"https:\/\/marcelolopes.jor.br\/2022\/04\/07\/vereador-propoe-\u2026ento-do-comercio\/\"><strong><span style=\"color: #993366;\">Vereador prop\u00f5e ampliar o hor\u00e1rio de funcionamento do com\u00e9rcio\u00a0<\/span><\/strong><\/a><\/p>\n<p><a href=\"https:\/\/marcelolopes.jor.br\/2020\/12\/08\/comercio-tera-horario-especial-de-funcionamento-para-o-natal\/\"><strong><span style=\"color: #993366;\">Com\u00e9rcio define hor\u00e1rio especial de funcionamento para o Natal<\/span><\/strong><\/a><\/p>\n<div class=\"lmqhg69f5f48bac5ae\" ><br><\/div><style type=\"text\/css\">\r\n@media screen and (min-width: 1201px) {\r\n.lmqhg69f5f48bac5ae {\r\ndisplay: block;\r\n}\r\n}\r\n@media screen and (min-width: 993px) and (max-width: 1200px) {\r\n.lmqhg69f5f48bac5ae {\r\ndisplay: block;\r\n}\r\n}\r\n@media screen and (min-width: 769px) and (max-width: 992px) {\r\n.lmqhg69f5f48bac5ae {\r\ndisplay: block;\r\n}\r\n}\r\n@media screen and (min-width: 768px) and (max-width: 768px) {\r\n.lmqhg69f5f48bac5ae {\r\ndisplay: block;\r\n}\r\n}\r\n@media screen and (max-width: 767px) {\r\n.lmqhg69f5f48bac5ae {\r\ndisplay: block;\r\n}\r\n}\r\n<\/style>\r\n<div class=\"tkdag69f5f48bb18d7\" ><div id=\"div_destino\"><\/div>\r\n<script src=\"https:\/\/cdn.snsrsv.com\/sdk.js\"><\/script>\r\n<script >\r\n      new sdk(\"464030C30061EA8BE065000000000001\") \r\n          .appendTo(\"div_destino\")\r\n          .disableStyle(true) \r\n          .setCacheBusterMacro(\"%%CACHEBUSTER%%\")\r\n          .setSize(\"800\",\"214\")\r\n          .setClickMacro(\"%%CLICK_URL_ESC%%\") \r\n          .setReferrerUrlMacro(\"%%REFERRER_URL_ESC%%\") \r\n          .start(); \r\n<\/script><\/div><style type=\"text\/css\">\r\n@media screen and (min-width: 1201px) {\r\n.tkdag69f5f48bb18d7 {\r\ndisplay: block;\r\n}\r\n}\r\n@media screen and (min-width: 993px) and (max-width: 1200px) {\r\n.tkdag69f5f48bb18d7 {\r\ndisplay: block;\r\n}\r\n}\r\n@media screen and (min-width: 769px) and (max-width: 992px) {\r\n.tkdag69f5f48bb18d7 {\r\ndisplay: block;\r\n}\r\n}\r\n@media screen and (min-width: 768px) and (max-width: 768px) {\r\n.tkdag69f5f48bb18d7 {\r\ndisplay: block;\r\n}\r\n}\r\n@media screen and (max-width: 767px) {\r\n.tkdag69f5f48bb18d7 {\r\ndisplay: block;\r\n}\r\n}\r\n<\/style>\r\n","protected":false},"excerpt":{"rendered":"<p>Nesta quarta-feira, 1\u00ba de junho, a C\u00e2mara Municipal de Cataguases realiza, \u00e0s 19 horas, Audi\u00eancia P\u00fablica para debater proposta que prev\u00ea a amplia\u00e7\u00e3o do hor\u00e1rio de funcionamento do com\u00e9rcio local at\u00e9 \u00e0s 22 horas. Projeto de lei neste sentido foi<\/p>\n<p class=\"link-more\"><a class=\"more-link\" href=\"https:\/\/marcelolopes.jor.br\/site\/2022\/05\/30\/carta-esclarece-sobre-possivel-ampliacao-de-funcionamento-do-comercio\/\">Leia mais <span class=\"screen-reader-text\">Carta esclarece sobre poss\u00edvel amplia\u00e7\u00e3o de funcionamento do com\u00e9rcio<\/span><\/a><\/p>\n","protected":false},"author":2,"featured_media":15944,"comment_status":"open","ping_status":"open","sticky":false,"template":"","format":"standard","meta":{"footnotes":""},"categories":[1],"tags":[6027,3623,3624,6029],"class_list":["post-33464","post","type-post","status-publish","format-standard","has-post-thumbnail","hentry","category-noticias","tag-funcionamento-do-comercio","tag-sindicato-do-comercio","tag-sindicato-dos-empregados-no-comercio","tag-trabalhadores-do-comercio","thumb-below-title"],"yoast_head":"<!-- This site is optimized with the Yoast SEO plugin v27.4 - https:\/\/yoast.com\/product\/yoast-seo-wordpress\/ -->\n<title>Carta esclarece sobre poss\u00edvel amplia\u00e7\u00e3o de funcionamento do com\u00e9rcio<\/title>\n<meta name=\"description\" content=\"Carta esclarece sobre poss\u00edvel amplia\u00e7\u00e3o de funcionamento do com\u00e9rcio. Texto lan\u00e7a luz sobre o tema \u00e0s v\u00e9speras de uma Audi\u00eancia P\u00fablica.\" \/>\n<meta name=\"robots\" content=\"index, follow, max-snippet:-1, max-image-preview:large, max-video-preview:-1\" \/>\n<link rel=\"canonical\" href=\"https:\/\/marcelolopes.jor.br\/site\/2022\/05\/30\/carta-esclarece-sobre-possivel-ampliacao-de-funcionamento-do-comercio\/\" \/>\n<meta property=\"og:locale\" content=\"pt_BR\" \/>\n<meta property=\"og:type\" content=\"article\" \/>\n<meta property=\"og:title\" content=\"Carta esclarece sobre poss\u00edvel amplia\u00e7\u00e3o de funcionamento do com\u00e9rcio\" \/>\n<meta property=\"og:description\" content=\"Carta esclarece sobre poss\u00edvel amplia\u00e7\u00e3o de funcionamento do com\u00e9rcio. Texto lan\u00e7a luz sobre o tema \u00e0s v\u00e9speras de uma Audi\u00eancia P\u00fablica.\" \/>\n<meta property=\"og:url\" content=\"https:\/\/marcelolopes.jor.br\/site\/2022\/05\/30\/carta-esclarece-sobre-possivel-ampliacao-de-funcionamento-do-comercio\/\" \/>\n<meta property=\"og:site_name\" content=\"Marcelo Lopes\" \/>\n<meta property=\"article:publisher\" content=\"https:\/\/www.facebook.com\/sitedomarcelolopes\" \/>\n<meta property=\"article:published_time\" content=\"2022-05-30T23:00:56+00:00\" \/>\n<meta property=\"og:image\" content=\"https:\/\/marcelolopes.jor.br\/site\/wp-content\/uploads\/2020\/07\/black-gondola-shelf-1884579.jpg\" \/>\n\t<meta property=\"og:image:width\" content=\"800\" \/>\n\t<meta property=\"og:image:height\" content=\"541\" \/>\n\t<meta property=\"og:image:type\" content=\"image\/jpeg\" \/>\n<meta name=\"author\" content=\"Marcelo Lopes\" \/>\n<meta name=\"twitter:card\" content=\"summary_large_image\" \/>\n<meta name=\"twitter:label1\" content=\"Escrito por\" \/>\n\t<meta name=\"twitter:data1\" content=\"Marcelo Lopes\" \/>\n\t<meta name=\"twitter:label2\" content=\"Est. tempo de leitura\" \/>\n\t<meta name=\"twitter:data2\" content=\"3 minutos\" \/>\n<script type=\"application\/ld+json\" class=\"yoast-schema-graph\">{\"@context\":\"https:\\\/\\\/schema.org\",\"@graph\":[{\"@type\":\"NewsArticle\",\"@id\":\"https:\\\/\\\/marcelolopes.jor.br\\\/site\\\/2022\\\/05\\\/30\\\/carta-esclarece-sobre-possivel-ampliacao-de-funcionamento-do-comercio\\\/#article\",\"isPartOf\":{\"@id\":\"https:\\\/\\\/marcelolopes.jor.br\\\/site\\\/2022\\\/05\\\/30\\\/carta-esclarece-sobre-possivel-ampliacao-de-funcionamento-do-comercio\\\/\"},\"author\":{\"name\":\"Marcelo Lopes\",\"@id\":\"https:\\\/\\\/marcelolopes.jor.br\\\/site\\\/#\\\/schema\\\/person\\\/3e7216a35c34d8fdf952b31da3d1f89f\"},\"headline\":\"Carta esclarece sobre poss\u00edvel amplia\u00e7\u00e3o de funcionamento do com\u00e9rcio\",\"datePublished\":\"2022-05-30T23:00:56+00:00\",\"mainEntityOfPage\":{\"@id\":\"https:\\\/\\\/marcelolopes.jor.br\\\/site\\\/2022\\\/05\\\/30\\\/carta-esclarece-sobre-possivel-ampliacao-de-funcionamento-do-comercio\\\/\"},\"wordCount\":665,\"commentCount\":0,\"publisher\":{\"@id\":\"https:\\\/\\\/marcelolopes.jor.br\\\/site\\\/#organization\"},\"image\":{\"@id\":\"https:\\\/\\\/marcelolopes.jor.br\\\/site\\\/2022\\\/05\\\/30\\\/carta-esclarece-sobre-possivel-ampliacao-de-funcionamento-do-comercio\\\/#primaryimage\"},\"thumbnailUrl\":\"https:\\\/\\\/marcelolopes.jor.br\\\/site\\\/wp-content\\\/uploads\\\/2020\\\/07\\\/black-gondola-shelf-1884579.jpg\",\"keywords\":[\"funcionamento do com\u00e9rcio\",\"Sindicato do Com\u00e9rcio\",\"Sindicato dos Empregados no com\u00e9rcio\",\"trabalhadores do com\u00e9rcio\"],\"articleSection\":[\"Not\u00edcias\"],\"inLanguage\":\"pt-BR\",\"potentialAction\":[{\"@type\":\"CommentAction\",\"name\":\"Comment\",\"target\":[\"https:\\\/\\\/marcelolopes.jor.br\\\/site\\\/2022\\\/05\\\/30\\\/carta-esclarece-sobre-possivel-ampliacao-de-funcionamento-do-comercio\\\/#respond\"]}]},{\"@type\":\"WebPage\",\"@id\":\"https:\\\/\\\/marcelolopes.jor.br\\\/site\\\/2022\\\/05\\\/30\\\/carta-esclarece-sobre-possivel-ampliacao-de-funcionamento-do-comercio\\\/\",\"url\":\"https:\\\/\\\/marcelolopes.jor.br\\\/site\\\/2022\\\/05\\\/30\\\/carta-esclarece-sobre-possivel-ampliacao-de-funcionamento-do-comercio\\\/\",\"name\":\"Carta esclarece sobre poss\u00edvel amplia\u00e7\u00e3o de funcionamento do com\u00e9rcio\",\"isPartOf\":{\"@id\":\"https:\\\/\\\/marcelolopes.jor.br\\\/site\\\/#website\"},\"primaryImageOfPage\":{\"@id\":\"https:\\\/\\\/marcelolopes.jor.br\\\/site\\\/2022\\\/05\\\/30\\\/carta-esclarece-sobre-possivel-ampliacao-de-funcionamento-do-comercio\\\/#primaryimage\"},\"image\":{\"@id\":\"https:\\\/\\\/marcelolopes.jor.br\\\/site\\\/2022\\\/05\\\/30\\\/carta-esclarece-sobre-possivel-ampliacao-de-funcionamento-do-comercio\\\/#primaryimage\"},\"thumbnailUrl\":\"https:\\\/\\\/marcelolopes.jor.br\\\/site\\\/wp-content\\\/uploads\\\/2020\\\/07\\\/black-gondola-shelf-1884579.jpg\",\"datePublished\":\"2022-05-30T23:00:56+00:00\",\"description\":\"Carta esclarece sobre poss\u00edvel amplia\u00e7\u00e3o de funcionamento do com\u00e9rcio. Texto lan\u00e7a luz sobre o tema \u00e0s v\u00e9speras de uma Audi\u00eancia P\u00fablica.\",\"breadcrumb\":{\"@id\":\"https:\\\/\\\/marcelolopes.jor.br\\\/site\\\/2022\\\/05\\\/30\\\/carta-esclarece-sobre-possivel-ampliacao-de-funcionamento-do-comercio\\\/#breadcrumb\"},\"inLanguage\":\"pt-BR\",\"potentialAction\":[{\"@type\":\"ReadAction\",\"target\":[\"https:\\\/\\\/marcelolopes.jor.br\\\/site\\\/2022\\\/05\\\/30\\\/carta-esclarece-sobre-possivel-ampliacao-de-funcionamento-do-comercio\\\/\"]}]},{\"@type\":\"ImageObject\",\"inLanguage\":\"pt-BR\",\"@id\":\"https:\\\/\\\/marcelolopes.jor.br\\\/site\\\/2022\\\/05\\\/30\\\/carta-esclarece-sobre-possivel-ampliacao-de-funcionamento-do-comercio\\\/#primaryimage\",\"url\":\"https:\\\/\\\/marcelolopes.jor.br\\\/site\\\/wp-content\\\/uploads\\\/2020\\\/07\\\/black-gondola-shelf-1884579.jpg\",\"contentUrl\":\"https:\\\/\\\/marcelolopes.jor.br\\\/site\\\/wp-content\\\/uploads\\\/2020\\\/07\\\/black-gondola-shelf-1884579.jpg\",\"width\":800,\"height\":541,\"caption\":\"amplia\u00e7\u00e3o de funcionamento do com\u00e9rcio\"},{\"@type\":\"BreadcrumbList\",\"@id\":\"https:\\\/\\\/marcelolopes.jor.br\\\/site\\\/2022\\\/05\\\/30\\\/carta-esclarece-sobre-possivel-ampliacao-de-funcionamento-do-comercio\\\/#breadcrumb\",\"itemListElement\":[{\"@type\":\"ListItem\",\"position\":1,\"name\":\"Home\",\"item\":\"https:\\\/\\\/marcelolopes.jor.br\\\/site\\\/\"},{\"@type\":\"ListItem\",\"position\":2,\"name\":\"Carta esclarece sobre poss\u00edvel amplia\u00e7\u00e3o de funcionamento do com\u00e9rcio\"}]},{\"@type\":\"WebSite\",\"@id\":\"https:\\\/\\\/marcelolopes.jor.br\\\/site\\\/#website\",\"url\":\"https:\\\/\\\/marcelolopes.jor.br\\\/site\\\/\",\"name\":\"Marcelo Lopes\",\"description\":\"Not\u00edcias de Cataguases e Regi\u00e3o\",\"publisher\":{\"@id\":\"https:\\\/\\\/marcelolopes.jor.br\\\/site\\\/#organization\"},\"potentialAction\":[{\"@type\":\"SearchAction\",\"target\":{\"@type\":\"EntryPoint\",\"urlTemplate\":\"https:\\\/\\\/marcelolopes.jor.br\\\/site\\\/?s={search_term_string}\"},\"query-input\":{\"@type\":\"PropertyValueSpecification\",\"valueRequired\":true,\"valueName\":\"search_term_string\"}}],\"inLanguage\":\"pt-BR\"},{\"@type\":\"Organization\",\"@id\":\"https:\\\/\\\/marcelolopes.jor.br\\\/site\\\/#organization\",\"name\":\"Site do Marcelo Lopes\",\"url\":\"https:\\\/\\\/marcelolopes.jor.br\\\/site\\\/\",\"logo\":{\"@type\":\"ImageObject\",\"inLanguage\":\"pt-BR\",\"@id\":\"https:\\\/\\\/marcelolopes.jor.br\\\/site\\\/#\\\/schema\\\/logo\\\/image\\\/\",\"url\":\"https:\\\/\\\/marcelolopes.jor.br\\\/site\\\/wp-content\\\/uploads\\\/2024\\\/11\\\/logo-1.png\",\"contentUrl\":\"https:\\\/\\\/marcelolopes.jor.br\\\/site\\\/wp-content\\\/uploads\\\/2024\\\/11\\\/logo-1.png\",\"width\":475,\"height\":80,\"caption\":\"Site do Marcelo Lopes\"},\"image\":{\"@id\":\"https:\\\/\\\/marcelolopes.jor.br\\\/site\\\/#\\\/schema\\\/logo\\\/image\\\/\"},\"sameAs\":[\"https:\\\/\\\/www.facebook.com\\\/sitedomarcelolopes\",\"https:\\\/\\\/www.instagram.com\\\/sitedomarcelolopes\\\/\",\"https:\\\/\\\/www.linkedin.com\\\/company\\\/site-do-marcelo-lopes\\\/\",\"https:\\\/\\\/www.youtube.com\\\/user\\\/marcelolopes957\"]},{\"@type\":\"Person\",\"@id\":\"https:\\\/\\\/marcelolopes.jor.br\\\/site\\\/#\\\/schema\\\/person\\\/3e7216a35c34d8fdf952b31da3d1f89f\",\"name\":\"Marcelo Lopes\",\"sameAs\":[\"http:\\\/\\\/www.marcelolopes.jor.br\"],\"url\":\"https:\\\/\\\/marcelolopes.jor.br\\\/site\\\/author\\\/marcelo\\\/\"}]}<\/script>\n<!-- \/ Yoast SEO plugin. -->","yoast_head_json":{"title":"Carta esclarece sobre poss\u00edvel amplia\u00e7\u00e3o de funcionamento do com\u00e9rcio","description":"Carta esclarece sobre poss\u00edvel amplia\u00e7\u00e3o de funcionamento do com\u00e9rcio. Texto lan\u00e7a luz sobre o tema \u00e0s v\u00e9speras de uma Audi\u00eancia P\u00fablica.","robots":{"index":"index","follow":"follow","max-snippet":"max-snippet:-1","max-image-preview":"max-image-preview:large","max-video-preview":"max-video-preview:-1"},"canonical":"https:\/\/marcelolopes.jor.br\/site\/2022\/05\/30\/carta-esclarece-sobre-possivel-ampliacao-de-funcionamento-do-comercio\/","og_locale":"pt_BR","og_type":"article","og_title":"Carta esclarece sobre poss\u00edvel amplia\u00e7\u00e3o de funcionamento do com\u00e9rcio","og_description":"Carta esclarece sobre poss\u00edvel amplia\u00e7\u00e3o de funcionamento do com\u00e9rcio. Texto lan\u00e7a luz sobre o tema \u00e0s v\u00e9speras de uma Audi\u00eancia P\u00fablica.","og_url":"https:\/\/marcelolopes.jor.br\/site\/2022\/05\/30\/carta-esclarece-sobre-possivel-ampliacao-de-funcionamento-do-comercio\/","og_site_name":"Marcelo Lopes","article_publisher":"https:\/\/www.facebook.com\/sitedomarcelolopes","article_published_time":"2022-05-30T23:00:56+00:00","og_image":[{"width":800,"height":541,"url":"https:\/\/marcelolopes.jor.br\/site\/wp-content\/uploads\/2020\/07\/black-gondola-shelf-1884579.jpg","type":"image\/jpeg"}],"author":"Marcelo Lopes","twitter_card":"summary_large_image","twitter_misc":{"Escrito por":"Marcelo Lopes","Est. tempo de leitura":"3 minutos"},"schema":{"@context":"https:\/\/schema.org","@graph":[{"@type":"NewsArticle","@id":"https:\/\/marcelolopes.jor.br\/site\/2022\/05\/30\/carta-esclarece-sobre-possivel-ampliacao-de-funcionamento-do-comercio\/#article","isPartOf":{"@id":"https:\/\/marcelolopes.jor.br\/site\/2022\/05\/30\/carta-esclarece-sobre-possivel-ampliacao-de-funcionamento-do-comercio\/"},"author":{"name":"Marcelo Lopes","@id":"https:\/\/marcelolopes.jor.br\/site\/#\/schema\/person\/3e7216a35c34d8fdf952b31da3d1f89f"},"headline":"Carta esclarece sobre poss\u00edvel amplia\u00e7\u00e3o de funcionamento do com\u00e9rcio","datePublished":"2022-05-30T23:00:56+00:00","mainEntityOfPage":{"@id":"https:\/\/marcelolopes.jor.br\/site\/2022\/05\/30\/carta-esclarece-sobre-possivel-ampliacao-de-funcionamento-do-comercio\/"},"wordCount":665,"commentCount":0,"publisher":{"@id":"https:\/\/marcelolopes.jor.br\/site\/#organization"},"image":{"@id":"https:\/\/marcelolopes.jor.br\/site\/2022\/05\/30\/carta-esclarece-sobre-possivel-ampliacao-de-funcionamento-do-comercio\/#primaryimage"},"thumbnailUrl":"https:\/\/marcelolopes.jor.br\/site\/wp-content\/uploads\/2020\/07\/black-gondola-shelf-1884579.jpg","keywords":["funcionamento do com\u00e9rcio","Sindicato do Com\u00e9rcio","Sindicato dos Empregados no com\u00e9rcio","trabalhadores do com\u00e9rcio"],"articleSection":["Not\u00edcias"],"inLanguage":"pt-BR","potentialAction":[{"@type":"CommentAction","name":"Comment","target":["https:\/\/marcelolopes.jor.br\/site\/2022\/05\/30\/carta-esclarece-sobre-possivel-ampliacao-de-funcionamento-do-comercio\/#respond"]}]},{"@type":"WebPage","@id":"https:\/\/marcelolopes.jor.br\/site\/2022\/05\/30\/carta-esclarece-sobre-possivel-ampliacao-de-funcionamento-do-comercio\/","url":"https:\/\/marcelolopes.jor.br\/site\/2022\/05\/30\/carta-esclarece-sobre-possivel-ampliacao-de-funcionamento-do-comercio\/","name":"Carta esclarece sobre poss\u00edvel amplia\u00e7\u00e3o de funcionamento do com\u00e9rcio","isPartOf":{"@id":"https:\/\/marcelolopes.jor.br\/site\/#website"},"primaryImageOfPage":{"@id":"https:\/\/marcelolopes.jor.br\/site\/2022\/05\/30\/carta-esclarece-sobre-possivel-ampliacao-de-funcionamento-do-comercio\/#primaryimage"},"image":{"@id":"https:\/\/marcelolopes.jor.br\/site\/2022\/05\/30\/carta-esclarece-sobre-possivel-ampliacao-de-funcionamento-do-comercio\/#primaryimage"},"thumbnailUrl":"https:\/\/marcelolopes.jor.br\/site\/wp-content\/uploads\/2020\/07\/black-gondola-shelf-1884579.jpg","datePublished":"2022-05-30T23:00:56+00:00","description":"Carta esclarece sobre poss\u00edvel amplia\u00e7\u00e3o de funcionamento do com\u00e9rcio. Texto lan\u00e7a luz sobre o tema \u00e0s v\u00e9speras de uma Audi\u00eancia P\u00fablica.","breadcrumb":{"@id":"https:\/\/marcelolopes.jor.br\/site\/2022\/05\/30\/carta-esclarece-sobre-possivel-ampliacao-de-funcionamento-do-comercio\/#breadcrumb"},"inLanguage":"pt-BR","potentialAction":[{"@type":"ReadAction","target":["https:\/\/marcelolopes.jor.br\/site\/2022\/05\/30\/carta-esclarece-sobre-possivel-ampliacao-de-funcionamento-do-comercio\/"]}]},{"@type":"ImageObject","inLanguage":"pt-BR","@id":"https:\/\/marcelolopes.jor.br\/site\/2022\/05\/30\/carta-esclarece-sobre-possivel-ampliacao-de-funcionamento-do-comercio\/#primaryimage","url":"https:\/\/marcelolopes.jor.br\/site\/wp-content\/uploads\/2020\/07\/black-gondola-shelf-1884579.jpg","contentUrl":"https:\/\/marcelolopes.jor.br\/site\/wp-content\/uploads\/2020\/07\/black-gondola-shelf-1884579.jpg","width":800,"height":541,"caption":"amplia\u00e7\u00e3o de funcionamento do com\u00e9rcio"},{"@type":"BreadcrumbList","@id":"https:\/\/marcelolopes.jor.br\/site\/2022\/05\/30\/carta-esclarece-sobre-possivel-ampliacao-de-funcionamento-do-comercio\/#breadcrumb","itemListElement":[{"@type":"ListItem","position":1,"name":"Home","item":"https:\/\/marcelolopes.jor.br\/site\/"},{"@type":"ListItem","position":2,"name":"Carta esclarece sobre poss\u00edvel amplia\u00e7\u00e3o de funcionamento do com\u00e9rcio"}]},{"@type":"WebSite","@id":"https:\/\/marcelolopes.jor.br\/site\/#website","url":"https:\/\/marcelolopes.jor.br\/site\/","name":"Marcelo Lopes","description":"Not\u00edcias de Cataguases e Regi\u00e3o","publisher":{"@id":"https:\/\/marcelolopes.jor.br\/site\/#organization"},"potentialAction":[{"@type":"SearchAction","target":{"@type":"EntryPoint","urlTemplate":"https:\/\/marcelolopes.jor.br\/site\/?s={search_term_string}"},"query-input":{"@type":"PropertyValueSpecification","valueRequired":true,"valueName":"search_term_string"}}],"inLanguage":"pt-BR"},{"@type":"Organization","@id":"https:\/\/marcelolopes.jor.br\/site\/#organization","name":"Site do Marcelo Lopes","url":"https:\/\/marcelolopes.jor.br\/site\/","logo":{"@type":"ImageObject","inLanguage":"pt-BR","@id":"https:\/\/marcelolopes.jor.br\/site\/#\/schema\/logo\/image\/","url":"https:\/\/marcelolopes.jor.br\/site\/wp-content\/uploads\/2024\/11\/logo-1.png","contentUrl":"https:\/\/marcelolopes.jor.br\/site\/wp-content\/uploads\/2024\/11\/logo-1.png","width":475,"height":80,"caption":"Site do Marcelo Lopes"},"image":{"@id":"https:\/\/marcelolopes.jor.br\/site\/#\/schema\/logo\/image\/"},"sameAs":["https:\/\/www.facebook.com\/sitedomarcelolopes","https:\/\/www.instagram.com\/sitedomarcelolopes\/","https:\/\/www.linkedin.com\/company\/site-do-marcelo-lopes\/","https:\/\/www.youtube.com\/user\/marcelolopes957"]},{"@type":"Person","@id":"https:\/\/marcelolopes.jor.br\/site\/#\/schema\/person\/3e7216a35c34d8fdf952b31da3d1f89f","name":"Marcelo Lopes","sameAs":["http:\/\/www.marcelolopes.jor.br"],"url":"https:\/\/marcelolopes.jor.br\/site\/author\/marcelo\/"}]}},"wps_subtitle":"Texto lan\u00e7a luz sobre o tema \u00e0s v\u00e9speras de uma Audi\u00eancia P\u00fablica.","_links":{"self":[{"href":"https:\/\/marcelolopes.jor.br\/site\/wp-json\/wp\/v2\/posts\/33464","targetHints":{"allow":["GET"]}}],"collection":[{"href":"https:\/\/marcelolopes.jor.br\/site\/wp-json\/wp\/v2\/posts"}],"about":[{"href":"https:\/\/marcelolopes.jor.br\/site\/wp-json\/wp\/v2\/types\/post"}],"author":[{"embeddable":true,"href":"https:\/\/marcelolopes.jor.br\/site\/wp-json\/wp\/v2\/users\/2"}],"replies":[{"embeddable":true,"href":"https:\/\/marcelolopes.jor.br\/site\/wp-json\/wp\/v2\/comments?post=33464"}],"version-history":[{"count":0,"href":"https:\/\/marcelolopes.jor.br\/site\/wp-json\/wp\/v2\/posts\/33464\/revisions"}],"wp:featuredmedia":[{"embeddable":true,"href":"https:\/\/marcelolopes.jor.br\/site\/wp-json\/wp\/v2\/media\/15944"}],"wp:attachment":[{"href":"https:\/\/marcelolopes.jor.br\/site\/wp-json\/wp\/v2\/media?parent=33464"}],"wp:term":[{"taxonomy":"category","embeddable":true,"href":"https:\/\/marcelolopes.jor.br\/site\/wp-json\/wp\/v2\/categories?post=33464"},{"taxonomy":"post_tag","embeddable":true,"href":"https:\/\/marcelolopes.jor.br\/site\/wp-json\/wp\/v2\/tags?post=33464"}],"curies":[{"name":"wp","href":"https:\/\/api.w.org\/{rel}","templated":true}]}}