{"id":3326,"date":"2019-07-08T12:00:03","date_gmt":"2019-07-08T15:00:03","guid":{"rendered":"https:\/\/marcelolopes.jor.br\/?p=3326"},"modified":"2019-07-08T12:13:07","modified_gmt":"2019-07-08T15:13:07","slug":"homem-morre-ao-ficar-preso-em-basculante-de-sua-casa-em-vista-alegre","status":"publish","type":"post","link":"https:\/\/marcelolopes.jor.br\/site\/2019\/07\/08\/homem-morre-ao-ficar-preso-em-basculante-de-sua-casa-em-vista-alegre\/","title":{"rendered":"Homem morre ao ficar preso no basculante de sua casa em Vista Alegre"},"content":{"rendered":"<p style=\"text-align: justify;\">Um homem de 55 anos, identificado como sendo Luiz Heleno da Silva Honorato, morreu na noite deste domingo, 7 de julho, ap\u00f3s ficar com t\u00f3rax preso no basculante da janela da cozinha de sua resid\u00eancia, em Vista Alegre, distrito de Cataguases. Segundo informou o coordenador da Defesa Civil em Cataguases, Alexandre Rodrigues, cuja equipe foi a primeira a chegar no local, o acidente aconteceu enquanto tentava entrar em casa, porque estava sem as chaves.<!--more--><\/p>\n<p style=\"text-align: justify;\">De acordo ainda com explica\u00e7\u00e3o de Alexandre Rodrigues, o Tico Tico, \u00e0 reportagem o Site do Marcelo Lopes, ele e sua equipe encontraram o homem preso \u00e0 janela e j\u00e1 sem vida. &#8220;Imediatamente n\u00f3s isolamos a \u00e1rea para preservar o local do fato e acionamos a Pol\u00edcia Militar, o Corpo de Bombeiros de Leopoldina e o Servi\u00e7o de Atendimento M\u00e9dico de Urg\u00eancia (SAMU) para que pudessem adotar os procedimentos cab\u00edveis&#8221;, contou.<\/p>\n<p style=\"text-align: justify;\">O fato teria acontecido pouco antes das 19 horas e populares acionaram a Defesa Civil, informou Tico Tico. Ainda segundo ele, o homem passou primeiro o corpo pelo v\u00e3o do basculante, \u00a0depois o bra\u00e7o esquerdo, por\u00e9m, n\u00e3o conseguiu passar a cabe\u00e7a, e provavelmente tentou voltar, mas como n\u00e3o conseguiu apoio com os p\u00e9s no ch\u00e3o para ganhar impulso, o t\u00f3rax ficou agarrado no basculante, ainda segundo Tico Tico. Deste modo o seu peito ficou pressionado o que, na opini\u00e3o dele, provocou sua morte.<\/p>\n<p style=\"text-align: justify;\">O caso foi encaminhado para a Delegacia de Pol\u00edcia Civil e o corpo seguiu para o Instituto M\u00e9dico Legal (IML) de Leopoldina. Seu sepultamento ser\u00e1 nesta segunda-feira, 08, \u00e0s 16h30min, em Vista Alegre.<\/p>\n<p>&nbsp;<\/p>\n<div class=\"esxmd69f776e5dd916\" ><br><\/div><style type=\"text\/css\">\r\n@media screen and (min-width: 1201px) {\r\n.esxmd69f776e5dd916 {\r\ndisplay: block;\r\n}\r\n}\r\n@media screen and (min-width: 993px) and (max-width: 1200px) {\r\n.esxmd69f776e5dd916 {\r\ndisplay: block;\r\n}\r\n}\r\n@media screen and (min-width: 769px) and (max-width: 992px) {\r\n.esxmd69f776e5dd916 {\r\ndisplay: block;\r\n}\r\n}\r\n@media screen and (min-width: 768px) and (max-width: 768px) {\r\n.esxmd69f776e5dd916 {\r\ndisplay: block;\r\n}\r\n}\r\n@media screen and (max-width: 767px) {\r\n.esxmd69f776e5dd916 {\r\ndisplay: block;\r\n}\r\n}\r\n<\/style>\r\n<div class=\"uodua69f776e5e3fe1\" ><div id=\"div_destino\"><\/div>\r\n<script src=\"https:\/\/cdn.snsrsv.com\/sdk.js\"><\/script>\r\n<script >\r\n      new sdk(\"464030C30061EA8BE065000000000001\") \r\n          .appendTo(\"div_destino\")\r\n          .disableStyle(true) \r\n          .setCacheBusterMacro(\"%%CACHEBUSTER%%\")\r\n          .setSize(\"800\",\"214\")\r\n          .setClickMacro(\"%%CLICK_URL_ESC%%\") \r\n          .setReferrerUrlMacro(\"%%REFERRER_URL_ESC%%\") \r\n          .start(); \r\n<\/script><\/div><style type=\"text\/css\">\r\n@media screen and (min-width: 1201px) {\r\n.uodua69f776e5e3fe1 {\r\ndisplay: block;\r\n}\r\n}\r\n@media screen and (min-width: 993px) and (max-width: 1200px) {\r\n.uodua69f776e5e3fe1 {\r\ndisplay: block;\r\n}\r\n}\r\n@media screen and (min-width: 769px) and (max-width: 992px) {\r\n.uodua69f776e5e3fe1 {\r\ndisplay: block;\r\n}\r\n}\r\n@media screen and (min-width: 768px) and (max-width: 768px) {\r\n.uodua69f776e5e3fe1 {\r\ndisplay: block;\r\n}\r\n}\r\n@media screen and (max-width: 767px) {\r\n.uodua69f776e5e3fe1 {\r\ndisplay: block;\r\n}\r\n}\r\n<\/style>\r\n","protected":false},"excerpt":{"rendered":"<p>Um homem de 55 anos, identificado como sendo Luiz Heleno da Silva Honorato, morreu na noite deste domingo, 7 de julho, ap\u00f3s ficar com t\u00f3rax preso no basculante da janela da cozinha de sua resid\u00eancia, em Vista Alegre, distrito de<\/p>\n<p class=\"link-more\"><a class=\"more-link\" href=\"https:\/\/marcelolopes.jor.br\/site\/2019\/07\/08\/homem-morre-ao-ficar-preso-em-basculante-de-sua-casa-em-vista-alegre\/\">Leia mais <span class=\"screen-reader-text\">Homem morre ao ficar preso no basculante de sua casa em Vista Alegre<\/span><\/a><\/p>\n","protected":false},"author":2,"featured_media":3334,"comment_status":"open","ping_status":"open","sticky":false,"template":"","format":"standard","meta":{"footnotes":""},"categories":[1],"tags":[124,724,228,725],"class_list":["post-3326","post","type-post","status-publish","format-standard","has-post-thumbnail","hentry","category-noticias","tag-acidente","tag-basculante","tag-morte","tag-vista-alegre","thumb-below-title"],"yoast_head":"<!-- This site is optimized with the Yoast SEO plugin v27.4 - https:\/\/yoast.com\/product\/yoast-seo-wordpress\/ -->\n<title>Homem morre ao ficar preso no basculante de sua casa em Vista Alegre | Marcelo Lopes<\/title>\n<meta name=\"robots\" content=\"index, follow, max-snippet:-1, max-image-preview:large, max-video-preview:-1\" \/>\n<link rel=\"canonical\" href=\"https:\/\/marcelolopes.jor.br\/site\/2019\/07\/08\/homem-morre-ao-ficar-preso-em-basculante-de-sua-casa-em-vista-alegre\/\" \/>\n<meta property=\"og:locale\" content=\"pt_BR\" \/>\n<meta property=\"og:type\" content=\"article\" \/>\n<meta property=\"og:title\" content=\"Homem morre ao ficar preso no basculante de sua casa em Vista Alegre | Marcelo Lopes\" \/>\n<meta property=\"og:description\" content=\"Um homem de 55 anos, identificado como sendo Luiz Heleno da Silva Honorato, morreu na noite deste domingo, 7 de julho, ap\u00f3s ficar com t\u00f3rax preso no basculante da janela da cozinha de sua resid\u00eancia, em Vista Alegre, distrito deLeia mais Homem morre ao ficar preso no basculante de sua casa em Vista Alegre\" \/>\n<meta property=\"og:url\" content=\"https:\/\/marcelolopes.jor.br\/site\/2019\/07\/08\/homem-morre-ao-ficar-preso-em-basculante-de-sua-casa-em-vista-alegre\/\" \/>\n<meta property=\"og:site_name\" content=\"Marcelo Lopes\" \/>\n<meta property=\"article:publisher\" content=\"https:\/\/www.facebook.com\/sitedomarcelolopes\" \/>\n<meta property=\"article:published_time\" content=\"2019-07-08T15:00:03+00:00\" \/>\n<meta property=\"article:modified_time\" content=\"2019-07-08T15:13:07+00:00\" \/>\n<meta property=\"og:image\" content=\"https:\/\/marcelolopes.jor.br\/site\/wp-content\/uploads\/2019\/07\/DSC_0245.jpg\" \/>\n\t<meta property=\"og:image:width\" content=\"800\" \/>\n\t<meta property=\"og:image:height\" content=\"533\" \/>\n\t<meta property=\"og:image:type\" content=\"image\/jpeg\" \/>\n<meta name=\"author\" content=\"Marcelo Lopes\" \/>\n<meta name=\"twitter:card\" content=\"summary_large_image\" \/>\n<meta name=\"twitter:label1\" content=\"Escrito por\" \/>\n\t<meta name=\"twitter:data1\" content=\"Marcelo Lopes\" \/>\n\t<meta name=\"twitter:label2\" content=\"Est. tempo de leitura\" \/>\n\t<meta name=\"twitter:data2\" content=\"1 minuto\" \/>\n<script type=\"application\/ld+json\" class=\"yoast-schema-graph\">{\"@context\":\"https:\\\/\\\/schema.org\",\"@graph\":[{\"@type\":\"NewsArticle\",\"@id\":\"https:\\\/\\\/marcelolopes.jor.br\\\/site\\\/2019\\\/07\\\/08\\\/homem-morre-ao-ficar-preso-em-basculante-de-sua-casa-em-vista-alegre\\\/#article\",\"isPartOf\":{\"@id\":\"https:\\\/\\\/marcelolopes.jor.br\\\/site\\\/2019\\\/07\\\/08\\\/homem-morre-ao-ficar-preso-em-basculante-de-sua-casa-em-vista-alegre\\\/\"},\"author\":{\"name\":\"Marcelo Lopes\",\"@id\":\"https:\\\/\\\/marcelolopes.jor.br\\\/site\\\/#\\\/schema\\\/person\\\/3e7216a35c34d8fdf952b31da3d1f89f\"},\"headline\":\"Homem morre ao ficar preso no basculante de sua casa em Vista Alegre\",\"datePublished\":\"2019-07-08T15:00:03+00:00\",\"dateModified\":\"2019-07-08T15:13:07+00:00\",\"mainEntityOfPage\":{\"@id\":\"https:\\\/\\\/marcelolopes.jor.br\\\/site\\\/2019\\\/07\\\/08\\\/homem-morre-ao-ficar-preso-em-basculante-de-sua-casa-em-vista-alegre\\\/\"},\"wordCount\":292,\"commentCount\":0,\"publisher\":{\"@id\":\"https:\\\/\\\/marcelolopes.jor.br\\\/site\\\/#organization\"},\"image\":{\"@id\":\"https:\\\/\\\/marcelolopes.jor.br\\\/site\\\/2019\\\/07\\\/08\\\/homem-morre-ao-ficar-preso-em-basculante-de-sua-casa-em-vista-alegre\\\/#primaryimage\"},\"thumbnailUrl\":\"https:\\\/\\\/marcelolopes.jor.br\\\/site\\\/wp-content\\\/uploads\\\/2019\\\/07\\\/DSC_0245.jpg\",\"keywords\":[\"acidente\",\"basculante\",\"morte\",\"Vista Alegre\"],\"articleSection\":[\"Not\u00edcias\"],\"inLanguage\":\"pt-BR\",\"potentialAction\":[{\"@type\":\"CommentAction\",\"name\":\"Comment\",\"target\":[\"https:\\\/\\\/marcelolopes.jor.br\\\/site\\\/2019\\\/07\\\/08\\\/homem-morre-ao-ficar-preso-em-basculante-de-sua-casa-em-vista-alegre\\\/#respond\"]}]},{\"@type\":\"WebPage\",\"@id\":\"https:\\\/\\\/marcelolopes.jor.br\\\/site\\\/2019\\\/07\\\/08\\\/homem-morre-ao-ficar-preso-em-basculante-de-sua-casa-em-vista-alegre\\\/\",\"url\":\"https:\\\/\\\/marcelolopes.jor.br\\\/site\\\/2019\\\/07\\\/08\\\/homem-morre-ao-ficar-preso-em-basculante-de-sua-casa-em-vista-alegre\\\/\",\"name\":\"Homem morre ao ficar preso no basculante de sua casa em Vista Alegre | Marcelo Lopes\",\"isPartOf\":{\"@id\":\"https:\\\/\\\/marcelolopes.jor.br\\\/site\\\/#website\"},\"primaryImageOfPage\":{\"@id\":\"https:\\\/\\\/marcelolopes.jor.br\\\/site\\\/2019\\\/07\\\/08\\\/homem-morre-ao-ficar-preso-em-basculante-de-sua-casa-em-vista-alegre\\\/#primaryimage\"},\"image\":{\"@id\":\"https:\\\/\\\/marcelolopes.jor.br\\\/site\\\/2019\\\/07\\\/08\\\/homem-morre-ao-ficar-preso-em-basculante-de-sua-casa-em-vista-alegre\\\/#primaryimage\"},\"thumbnailUrl\":\"https:\\\/\\\/marcelolopes.jor.br\\\/site\\\/wp-content\\\/uploads\\\/2019\\\/07\\\/DSC_0245.jpg\",\"datePublished\":\"2019-07-08T15:00:03+00:00\",\"dateModified\":\"2019-07-08T15:13:07+00:00\",\"breadcrumb\":{\"@id\":\"https:\\\/\\\/marcelolopes.jor.br\\\/site\\\/2019\\\/07\\\/08\\\/homem-morre-ao-ficar-preso-em-basculante-de-sua-casa-em-vista-alegre\\\/#breadcrumb\"},\"inLanguage\":\"pt-BR\",\"potentialAction\":[{\"@type\":\"ReadAction\",\"target\":[\"https:\\\/\\\/marcelolopes.jor.br\\\/site\\\/2019\\\/07\\\/08\\\/homem-morre-ao-ficar-preso-em-basculante-de-sua-casa-em-vista-alegre\\\/\"]}]},{\"@type\":\"ImageObject\",\"inLanguage\":\"pt-BR\",\"@id\":\"https:\\\/\\\/marcelolopes.jor.br\\\/site\\\/2019\\\/07\\\/08\\\/homem-morre-ao-ficar-preso-em-basculante-de-sua-casa-em-vista-alegre\\\/#primaryimage\",\"url\":\"https:\\\/\\\/marcelolopes.jor.br\\\/site\\\/wp-content\\\/uploads\\\/2019\\\/07\\\/DSC_0245.jpg\",\"contentUrl\":\"https:\\\/\\\/marcelolopes.jor.br\\\/site\\\/wp-content\\\/uploads\\\/2019\\\/07\\\/DSC_0245.jpg\",\"width\":800,\"height\":533},{\"@type\":\"BreadcrumbList\",\"@id\":\"https:\\\/\\\/marcelolopes.jor.br\\\/site\\\/2019\\\/07\\\/08\\\/homem-morre-ao-ficar-preso-em-basculante-de-sua-casa-em-vista-alegre\\\/#breadcrumb\",\"itemListElement\":[{\"@type\":\"ListItem\",\"position\":1,\"name\":\"Home\",\"item\":\"https:\\\/\\\/marcelolopes.jor.br\\\/site\\\/\"},{\"@type\":\"ListItem\",\"position\":2,\"name\":\"Homem morre ao ficar preso no basculante de sua casa em Vista Alegre\"}]},{\"@type\":\"WebSite\",\"@id\":\"https:\\\/\\\/marcelolopes.jor.br\\\/site\\\/#website\",\"url\":\"https:\\\/\\\/marcelolopes.jor.br\\\/site\\\/\",\"name\":\"Marcelo Lopes\",\"description\":\"Not\u00edcias de Cataguases e Regi\u00e3o\",\"publisher\":{\"@id\":\"https:\\\/\\\/marcelolopes.jor.br\\\/site\\\/#organization\"},\"potentialAction\":[{\"@type\":\"SearchAction\",\"target\":{\"@type\":\"EntryPoint\",\"urlTemplate\":\"https:\\\/\\\/marcelolopes.jor.br\\\/site\\\/?s={search_term_string}\"},\"query-input\":{\"@type\":\"PropertyValueSpecification\",\"valueRequired\":true,\"valueName\":\"search_term_string\"}}],\"inLanguage\":\"pt-BR\"},{\"@type\":\"Organization\",\"@id\":\"https:\\\/\\\/marcelolopes.jor.br\\\/site\\\/#organization\",\"name\":\"Site do Marcelo Lopes\",\"url\":\"https:\\\/\\\/marcelolopes.jor.br\\\/site\\\/\",\"logo\":{\"@type\":\"ImageObject\",\"inLanguage\":\"pt-BR\",\"@id\":\"https:\\\/\\\/marcelolopes.jor.br\\\/site\\\/#\\\/schema\\\/logo\\\/image\\\/\",\"url\":\"https:\\\/\\\/marcelolopes.jor.br\\\/site\\\/wp-content\\\/uploads\\\/2024\\\/11\\\/logo-1.png\",\"contentUrl\":\"https:\\\/\\\/marcelolopes.jor.br\\\/site\\\/wp-content\\\/uploads\\\/2024\\\/11\\\/logo-1.png\",\"width\":475,\"height\":80,\"caption\":\"Site do Marcelo Lopes\"},\"image\":{\"@id\":\"https:\\\/\\\/marcelolopes.jor.br\\\/site\\\/#\\\/schema\\\/logo\\\/image\\\/\"},\"sameAs\":[\"https:\\\/\\\/www.facebook.com\\\/sitedomarcelolopes\",\"https:\\\/\\\/www.instagram.com\\\/sitedomarcelolopes\\\/\",\"https:\\\/\\\/www.linkedin.com\\\/company\\\/site-do-marcelo-lopes\\\/\",\"https:\\\/\\\/www.youtube.com\\\/user\\\/marcelolopes957\"]},{\"@type\":\"Person\",\"@id\":\"https:\\\/\\\/marcelolopes.jor.br\\\/site\\\/#\\\/schema\\\/person\\\/3e7216a35c34d8fdf952b31da3d1f89f\",\"name\":\"Marcelo Lopes\",\"sameAs\":[\"http:\\\/\\\/www.marcelolopes.jor.br\"],\"url\":\"https:\\\/\\\/marcelolopes.jor.br\\\/site\\\/author\\\/marcelo\\\/\"}]}<\/script>\n<!-- \/ Yoast SEO plugin. -->","yoast_head_json":{"title":"Homem morre ao ficar preso no basculante de sua casa em Vista Alegre | Marcelo Lopes","robots":{"index":"index","follow":"follow","max-snippet":"max-snippet:-1","max-image-preview":"max-image-preview:large","max-video-preview":"max-video-preview:-1"},"canonical":"https:\/\/marcelolopes.jor.br\/site\/2019\/07\/08\/homem-morre-ao-ficar-preso-em-basculante-de-sua-casa-em-vista-alegre\/","og_locale":"pt_BR","og_type":"article","og_title":"Homem morre ao ficar preso no basculante de sua casa em Vista Alegre | Marcelo Lopes","og_description":"Um homem de 55 anos, identificado como sendo Luiz Heleno da Silva Honorato, morreu na noite deste domingo, 7 de julho, ap\u00f3s ficar com t\u00f3rax preso no basculante da janela da cozinha de sua resid\u00eancia, em Vista Alegre, distrito deLeia mais Homem morre ao ficar preso no basculante de sua casa em Vista Alegre","og_url":"https:\/\/marcelolopes.jor.br\/site\/2019\/07\/08\/homem-morre-ao-ficar-preso-em-basculante-de-sua-casa-em-vista-alegre\/","og_site_name":"Marcelo Lopes","article_publisher":"https:\/\/www.facebook.com\/sitedomarcelolopes","article_published_time":"2019-07-08T15:00:03+00:00","article_modified_time":"2019-07-08T15:13:07+00:00","og_image":[{"width":800,"height":533,"url":"https:\/\/marcelolopes.jor.br\/site\/wp-content\/uploads\/2019\/07\/DSC_0245.jpg","type":"image\/jpeg"}],"author":"Marcelo Lopes","twitter_card":"summary_large_image","twitter_misc":{"Escrito por":"Marcelo Lopes","Est. tempo de leitura":"1 minuto"},"schema":{"@context":"https:\/\/schema.org","@graph":[{"@type":"NewsArticle","@id":"https:\/\/marcelolopes.jor.br\/site\/2019\/07\/08\/homem-morre-ao-ficar-preso-em-basculante-de-sua-casa-em-vista-alegre\/#article","isPartOf":{"@id":"https:\/\/marcelolopes.jor.br\/site\/2019\/07\/08\/homem-morre-ao-ficar-preso-em-basculante-de-sua-casa-em-vista-alegre\/"},"author":{"name":"Marcelo Lopes","@id":"https:\/\/marcelolopes.jor.br\/site\/#\/schema\/person\/3e7216a35c34d8fdf952b31da3d1f89f"},"headline":"Homem morre ao ficar preso no basculante de sua casa em Vista Alegre","datePublished":"2019-07-08T15:00:03+00:00","dateModified":"2019-07-08T15:13:07+00:00","mainEntityOfPage":{"@id":"https:\/\/marcelolopes.jor.br\/site\/2019\/07\/08\/homem-morre-ao-ficar-preso-em-basculante-de-sua-casa-em-vista-alegre\/"},"wordCount":292,"commentCount":0,"publisher":{"@id":"https:\/\/marcelolopes.jor.br\/site\/#organization"},"image":{"@id":"https:\/\/marcelolopes.jor.br\/site\/2019\/07\/08\/homem-morre-ao-ficar-preso-em-basculante-de-sua-casa-em-vista-alegre\/#primaryimage"},"thumbnailUrl":"https:\/\/marcelolopes.jor.br\/site\/wp-content\/uploads\/2019\/07\/DSC_0245.jpg","keywords":["acidente","basculante","morte","Vista Alegre"],"articleSection":["Not\u00edcias"],"inLanguage":"pt-BR","potentialAction":[{"@type":"CommentAction","name":"Comment","target":["https:\/\/marcelolopes.jor.br\/site\/2019\/07\/08\/homem-morre-ao-ficar-preso-em-basculante-de-sua-casa-em-vista-alegre\/#respond"]}]},{"@type":"WebPage","@id":"https:\/\/marcelolopes.jor.br\/site\/2019\/07\/08\/homem-morre-ao-ficar-preso-em-basculante-de-sua-casa-em-vista-alegre\/","url":"https:\/\/marcelolopes.jor.br\/site\/2019\/07\/08\/homem-morre-ao-ficar-preso-em-basculante-de-sua-casa-em-vista-alegre\/","name":"Homem morre ao ficar preso no basculante de sua casa em Vista Alegre | Marcelo Lopes","isPartOf":{"@id":"https:\/\/marcelolopes.jor.br\/site\/#website"},"primaryImageOfPage":{"@id":"https:\/\/marcelolopes.jor.br\/site\/2019\/07\/08\/homem-morre-ao-ficar-preso-em-basculante-de-sua-casa-em-vista-alegre\/#primaryimage"},"image":{"@id":"https:\/\/marcelolopes.jor.br\/site\/2019\/07\/08\/homem-morre-ao-ficar-preso-em-basculante-de-sua-casa-em-vista-alegre\/#primaryimage"},"thumbnailUrl":"https:\/\/marcelolopes.jor.br\/site\/wp-content\/uploads\/2019\/07\/DSC_0245.jpg","datePublished":"2019-07-08T15:00:03+00:00","dateModified":"2019-07-08T15:13:07+00:00","breadcrumb":{"@id":"https:\/\/marcelolopes.jor.br\/site\/2019\/07\/08\/homem-morre-ao-ficar-preso-em-basculante-de-sua-casa-em-vista-alegre\/#breadcrumb"},"inLanguage":"pt-BR","potentialAction":[{"@type":"ReadAction","target":["https:\/\/marcelolopes.jor.br\/site\/2019\/07\/08\/homem-morre-ao-ficar-preso-em-basculante-de-sua-casa-em-vista-alegre\/"]}]},{"@type":"ImageObject","inLanguage":"pt-BR","@id":"https:\/\/marcelolopes.jor.br\/site\/2019\/07\/08\/homem-morre-ao-ficar-preso-em-basculante-de-sua-casa-em-vista-alegre\/#primaryimage","url":"https:\/\/marcelolopes.jor.br\/site\/wp-content\/uploads\/2019\/07\/DSC_0245.jpg","contentUrl":"https:\/\/marcelolopes.jor.br\/site\/wp-content\/uploads\/2019\/07\/DSC_0245.jpg","width":800,"height":533},{"@type":"BreadcrumbList","@id":"https:\/\/marcelolopes.jor.br\/site\/2019\/07\/08\/homem-morre-ao-ficar-preso-em-basculante-de-sua-casa-em-vista-alegre\/#breadcrumb","itemListElement":[{"@type":"ListItem","position":1,"name":"Home","item":"https:\/\/marcelolopes.jor.br\/site\/"},{"@type":"ListItem","position":2,"name":"Homem morre ao ficar preso no basculante de sua casa em Vista Alegre"}]},{"@type":"WebSite","@id":"https:\/\/marcelolopes.jor.br\/site\/#website","url":"https:\/\/marcelolopes.jor.br\/site\/","name":"Marcelo Lopes","description":"Not\u00edcias de Cataguases e Regi\u00e3o","publisher":{"@id":"https:\/\/marcelolopes.jor.br\/site\/#organization"},"potentialAction":[{"@type":"SearchAction","target":{"@type":"EntryPoint","urlTemplate":"https:\/\/marcelolopes.jor.br\/site\/?s={search_term_string}"},"query-input":{"@type":"PropertyValueSpecification","valueRequired":true,"valueName":"search_term_string"}}],"inLanguage":"pt-BR"},{"@type":"Organization","@id":"https:\/\/marcelolopes.jor.br\/site\/#organization","name":"Site do Marcelo Lopes","url":"https:\/\/marcelolopes.jor.br\/site\/","logo":{"@type":"ImageObject","inLanguage":"pt-BR","@id":"https:\/\/marcelolopes.jor.br\/site\/#\/schema\/logo\/image\/","url":"https:\/\/marcelolopes.jor.br\/site\/wp-content\/uploads\/2024\/11\/logo-1.png","contentUrl":"https:\/\/marcelolopes.jor.br\/site\/wp-content\/uploads\/2024\/11\/logo-1.png","width":475,"height":80,"caption":"Site do Marcelo Lopes"},"image":{"@id":"https:\/\/marcelolopes.jor.br\/site\/#\/schema\/logo\/image\/"},"sameAs":["https:\/\/www.facebook.com\/sitedomarcelolopes","https:\/\/www.instagram.com\/sitedomarcelolopes\/","https:\/\/www.linkedin.com\/company\/site-do-marcelo-lopes\/","https:\/\/www.youtube.com\/user\/marcelolopes957"]},{"@type":"Person","@id":"https:\/\/marcelolopes.jor.br\/site\/#\/schema\/person\/3e7216a35c34d8fdf952b31da3d1f89f","name":"Marcelo Lopes","sameAs":["http:\/\/www.marcelolopes.jor.br"],"url":"https:\/\/marcelolopes.jor.br\/site\/author\/marcelo\/"}]}},"wps_subtitle":"Ele estava sem as chaves e tentava entrar na resid\u00eancia na noite deste domingo.","_links":{"self":[{"href":"https:\/\/marcelolopes.jor.br\/site\/wp-json\/wp\/v2\/posts\/3326","targetHints":{"allow":["GET"]}}],"collection":[{"href":"https:\/\/marcelolopes.jor.br\/site\/wp-json\/wp\/v2\/posts"}],"about":[{"href":"https:\/\/marcelolopes.jor.br\/site\/wp-json\/wp\/v2\/types\/post"}],"author":[{"embeddable":true,"href":"https:\/\/marcelolopes.jor.br\/site\/wp-json\/wp\/v2\/users\/2"}],"replies":[{"embeddable":true,"href":"https:\/\/marcelolopes.jor.br\/site\/wp-json\/wp\/v2\/comments?post=3326"}],"version-history":[{"count":0,"href":"https:\/\/marcelolopes.jor.br\/site\/wp-json\/wp\/v2\/posts\/3326\/revisions"}],"wp:featuredmedia":[{"embeddable":true,"href":"https:\/\/marcelolopes.jor.br\/site\/wp-json\/wp\/v2\/media\/3334"}],"wp:attachment":[{"href":"https:\/\/marcelolopes.jor.br\/site\/wp-json\/wp\/v2\/media?parent=3326"}],"wp:term":[{"taxonomy":"category","embeddable":true,"href":"https:\/\/marcelolopes.jor.br\/site\/wp-json\/wp\/v2\/categories?post=3326"},{"taxonomy":"post_tag","embeddable":true,"href":"https:\/\/marcelolopes.jor.br\/site\/wp-json\/wp\/v2\/tags?post=3326"}],"curies":[{"name":"wp","href":"https:\/\/api.w.org\/{rel}","templated":true}]}}