{"id":33218,"date":"2022-05-21T11:10:12","date_gmt":"2022-05-21T14:10:12","guid":{"rendered":"https:\/\/marcelolopes.jor.br\/?p=33218"},"modified":"2022-05-21T11:10:12","modified_gmt":"2022-05-21T14:10:12","slug":"corpo-de-homem-que-estava-desaparecido-e-resgatado-no-rio-pomba","status":"publish","type":"post","link":"https:\/\/marcelolopes.jor.br\/site\/2022\/05\/21\/corpo-de-homem-que-estava-desaparecido-e-resgatado-no-rio-pomba\/","title":{"rendered":"Corpo de homem que estava desaparecido \u00e9 resgatado no rio Pomba"},"content":{"rendered":"<p style=\"text-align: justify;\">O corpo de um homem de 31 anos de idade identificado como Andr\u00e9 Luiz de Almeida Alves, foi encontrado nesta manh\u00e3 no rio Pomba, na altura da rodovi\u00e1ria, em Cataguases, sem marcas de viol\u00eancia.<!--more--><\/p>\n<p style=\"text-align: justify;\">Equipes do Corpo de Bombeiros e com apoio da Defesa Civil de Cataguases fez o seu resgate. A Pol\u00edcia Militar tamb\u00e9m foi acionada e registrou o caso.<\/p>\n<p style=\"text-align: justify;\">Segundo informou a PM, Andr\u00e9 saiu de casa na \u00faltima ter\u00e7a-feira, 17, e n\u00e3o foi mais visto. A hip\u00f3tese mais prov\u00e1vel \u00e9 de que ele tenha ca\u00eddo no rio Pomba no mesmo dia, mas a Pol\u00edcia no momento, n\u00e3o descarta outras possibilidades.<\/p>\n<p style=\"text-align: justify;\"><strong>NOT\u00cdCIAS RELACIONADAS<\/strong><\/p>\n<p style=\"text-align: justify;\"><a href=\"https:\/\/marcelolopes.jor.br\/2021\/10\/23\/defesa-civil-e-corpo-de-bombeiros-procuram-por-idoso-no-rio-pomba\/\"><strong><span style=\"color: #800080;\">Defesa Civil e Corpo de Bombeiros procuram por idoso no rio Pomba<\/span><\/strong><\/a><\/p>\n<p style=\"text-align: justify;\"><a href=\"https:\/\/marcelolopes.jor.br\/2020\/12\/30\/corpo-de-homem-que-estava-desaparecido-e-encontrado-no-rio-pomba\/\"><strong><span style=\"color: #800080;\">Corpo de homem que estava desaparecido \u00e9 encontrado no rio Pomba<\/span><\/strong><\/a><\/p>\n<p style=\"text-align: justify;\"><a href=\"https:\/\/marcelolopes.jor.br\/2022\/01\/09\/rio-pomba-continua-subindo-e-previsao-e-de-chuva-ate-terca-feira-11\/\"><strong><span style=\"color: #800080;\">Rio Pomba continua subindo e previs\u00e3o \u00e9 de chuva at\u00e9 ter\u00e7a-feira, 11<\/span><\/strong><\/a><\/p>\n<div class=\"uqmts69f6feafbe9da\" ><br><\/div><style type=\"text\/css\">\r\n@media screen and (min-width: 1201px) {\r\n.uqmts69f6feafbe9da {\r\ndisplay: block;\r\n}\r\n}\r\n@media screen and (min-width: 993px) and (max-width: 1200px) {\r\n.uqmts69f6feafbe9da {\r\ndisplay: block;\r\n}\r\n}\r\n@media screen and (min-width: 769px) and (max-width: 992px) {\r\n.uqmts69f6feafbe9da {\r\ndisplay: block;\r\n}\r\n}\r\n@media screen and (min-width: 768px) and (max-width: 768px) {\r\n.uqmts69f6feafbe9da {\r\ndisplay: block;\r\n}\r\n}\r\n@media screen and (max-width: 767px) {\r\n.uqmts69f6feafbe9da {\r\ndisplay: block;\r\n}\r\n}\r\n<\/style>\r\n<div class=\"hwfha69f6feafc3dbb\" ><div id=\"div_destino\"><\/div>\r\n<script src=\"https:\/\/cdn.snsrsv.com\/sdk.js\"><\/script>\r\n<script >\r\n      new sdk(\"464030C30061EA8BE065000000000001\") \r\n          .appendTo(\"div_destino\")\r\n          .disableStyle(true) \r\n          .setCacheBusterMacro(\"%%CACHEBUSTER%%\")\r\n          .setSize(\"800\",\"214\")\r\n          .setClickMacro(\"%%CLICK_URL_ESC%%\") \r\n          .setReferrerUrlMacro(\"%%REFERRER_URL_ESC%%\") \r\n          .start(); \r\n<\/script><\/div><style type=\"text\/css\">\r\n@media screen and (min-width: 1201px) {\r\n.hwfha69f6feafc3dbb {\r\ndisplay: block;\r\n}\r\n}\r\n@media screen and (min-width: 993px) and (max-width: 1200px) {\r\n.hwfha69f6feafc3dbb {\r\ndisplay: block;\r\n}\r\n}\r\n@media screen and (min-width: 769px) and (max-width: 992px) {\r\n.hwfha69f6feafc3dbb {\r\ndisplay: block;\r\n}\r\n}\r\n@media screen and (min-width: 768px) and (max-width: 768px) {\r\n.hwfha69f6feafc3dbb {\r\ndisplay: block;\r\n}\r\n}\r\n@media screen and (max-width: 767px) {\r\n.hwfha69f6feafc3dbb {\r\ndisplay: block;\r\n}\r\n}\r\n<\/style>\r\n","protected":false},"excerpt":{"rendered":"<p>O corpo de um homem de 31 anos de idade identificado como Andr\u00e9 Luiz de Almeida Alves, foi encontrado nesta manh\u00e3 no rio Pomba, na altura da rodovi\u00e1ria, em Cataguases, sem marcas de viol\u00eancia.<\/p>\n","protected":false},"author":2,"featured_media":33219,"comment_status":"open","ping_status":"open","sticky":false,"template":"","format":"standard","meta":{"footnotes":""},"categories":[1],"tags":[516,5979,5980,67],"class_list":["post-33218","post","type-post","status-publish","format-standard","has-post-thumbnail","hentry","category-noticias","tag-corpo-de-bombeiros","tag-corpo-no-rio","tag-homem-encontrado","tag-rio-pomba","thumb-below-title"],"yoast_head":"<!-- This site is optimized with the Yoast SEO plugin v27.4 - https:\/\/yoast.com\/product\/yoast-seo-wordpress\/ -->\n<title>Corpo de homem que estava desaparecido \u00e9 resgatado no rio Pomba<\/title>\n<meta name=\"description\" content=\"Corpo de homem que estava desaparecido \u00e9 resgatado no rio Pomba pelo Corpo de Bombeiros. PM assumiu a ocorr\u00eancia.\" \/>\n<meta name=\"robots\" content=\"index, follow, max-snippet:-1, max-image-preview:large, max-video-preview:-1\" \/>\n<link rel=\"canonical\" href=\"https:\/\/marcelolopes.jor.br\/site\/2022\/05\/21\/corpo-de-homem-que-estava-desaparecido-e-resgatado-no-rio-pomba\/\" \/>\n<meta property=\"og:locale\" content=\"pt_BR\" \/>\n<meta property=\"og:type\" content=\"article\" \/>\n<meta property=\"og:title\" content=\"Corpo de homem que estava desaparecido \u00e9 resgatado no rio Pomba\" \/>\n<meta property=\"og:description\" content=\"Corpo de homem que estava desaparecido \u00e9 resgatado no rio Pomba pelo Corpo de Bombeiros. PM assumiu a ocorr\u00eancia.\" \/>\n<meta property=\"og:url\" content=\"https:\/\/marcelolopes.jor.br\/site\/2022\/05\/21\/corpo-de-homem-que-estava-desaparecido-e-resgatado-no-rio-pomba\/\" \/>\n<meta property=\"og:site_name\" content=\"Marcelo Lopes\" \/>\n<meta property=\"article:publisher\" content=\"https:\/\/www.facebook.com\/sitedomarcelolopes\" \/>\n<meta property=\"article:published_time\" content=\"2022-05-21T14:10:12+00:00\" \/>\n<meta property=\"og:image\" content=\"https:\/\/marcelolopes.jor.br\/site\/wp-content\/uploads\/2022\/05\/Corpo.jpg\" \/>\n\t<meta property=\"og:image:width\" content=\"805\" \/>\n\t<meta property=\"og:image:height\" content=\"503\" \/>\n\t<meta property=\"og:image:type\" content=\"image\/jpeg\" \/>\n<meta name=\"author\" content=\"Marcelo Lopes\" \/>\n<meta name=\"twitter:card\" content=\"summary_large_image\" \/>\n<meta name=\"twitter:label1\" content=\"Escrito por\" \/>\n\t<meta name=\"twitter:data1\" content=\"Marcelo Lopes\" \/>\n\t<meta name=\"twitter:label2\" content=\"Est. tempo de leitura\" \/>\n\t<meta name=\"twitter:data2\" content=\"1 minuto\" \/>\n<script type=\"application\/ld+json\" class=\"yoast-schema-graph\">{\"@context\":\"https:\\\/\\\/schema.org\",\"@graph\":[{\"@type\":\"NewsArticle\",\"@id\":\"https:\\\/\\\/marcelolopes.jor.br\\\/site\\\/2022\\\/05\\\/21\\\/corpo-de-homem-que-estava-desaparecido-e-resgatado-no-rio-pomba\\\/#article\",\"isPartOf\":{\"@id\":\"https:\\\/\\\/marcelolopes.jor.br\\\/site\\\/2022\\\/05\\\/21\\\/corpo-de-homem-que-estava-desaparecido-e-resgatado-no-rio-pomba\\\/\"},\"author\":{\"name\":\"Marcelo Lopes\",\"@id\":\"https:\\\/\\\/marcelolopes.jor.br\\\/site\\\/#\\\/schema\\\/person\\\/3e7216a35c34d8fdf952b31da3d1f89f\"},\"headline\":\"Corpo de homem que estava desaparecido \u00e9 resgatado no rio Pomba\",\"datePublished\":\"2022-05-21T14:10:12+00:00\",\"mainEntityOfPage\":{\"@id\":\"https:\\\/\\\/marcelolopes.jor.br\\\/site\\\/2022\\\/05\\\/21\\\/corpo-de-homem-que-estava-desaparecido-e-resgatado-no-rio-pomba\\\/\"},\"wordCount\":158,\"commentCount\":0,\"publisher\":{\"@id\":\"https:\\\/\\\/marcelolopes.jor.br\\\/site\\\/#organization\"},\"image\":{\"@id\":\"https:\\\/\\\/marcelolopes.jor.br\\\/site\\\/2022\\\/05\\\/21\\\/corpo-de-homem-que-estava-desaparecido-e-resgatado-no-rio-pomba\\\/#primaryimage\"},\"thumbnailUrl\":\"https:\\\/\\\/marcelolopes.jor.br\\\/site\\\/wp-content\\\/uploads\\\/2022\\\/05\\\/Corpo.jpg\",\"keywords\":[\"corpo de bombeiros\",\"corpo no rio\",\"homem encontrado\",\"Rio Pomba\"],\"articleSection\":[\"Not\u00edcias\"],\"inLanguage\":\"pt-BR\",\"potentialAction\":[{\"@type\":\"CommentAction\",\"name\":\"Comment\",\"target\":[\"https:\\\/\\\/marcelolopes.jor.br\\\/site\\\/2022\\\/05\\\/21\\\/corpo-de-homem-que-estava-desaparecido-e-resgatado-no-rio-pomba\\\/#respond\"]}]},{\"@type\":\"WebPage\",\"@id\":\"https:\\\/\\\/marcelolopes.jor.br\\\/site\\\/2022\\\/05\\\/21\\\/corpo-de-homem-que-estava-desaparecido-e-resgatado-no-rio-pomba\\\/\",\"url\":\"https:\\\/\\\/marcelolopes.jor.br\\\/site\\\/2022\\\/05\\\/21\\\/corpo-de-homem-que-estava-desaparecido-e-resgatado-no-rio-pomba\\\/\",\"name\":\"Corpo de homem que estava desaparecido \u00e9 resgatado no rio Pomba\",\"isPartOf\":{\"@id\":\"https:\\\/\\\/marcelolopes.jor.br\\\/site\\\/#website\"},\"primaryImageOfPage\":{\"@id\":\"https:\\\/\\\/marcelolopes.jor.br\\\/site\\\/2022\\\/05\\\/21\\\/corpo-de-homem-que-estava-desaparecido-e-resgatado-no-rio-pomba\\\/#primaryimage\"},\"image\":{\"@id\":\"https:\\\/\\\/marcelolopes.jor.br\\\/site\\\/2022\\\/05\\\/21\\\/corpo-de-homem-que-estava-desaparecido-e-resgatado-no-rio-pomba\\\/#primaryimage\"},\"thumbnailUrl\":\"https:\\\/\\\/marcelolopes.jor.br\\\/site\\\/wp-content\\\/uploads\\\/2022\\\/05\\\/Corpo.jpg\",\"datePublished\":\"2022-05-21T14:10:12+00:00\",\"description\":\"Corpo de homem que estava desaparecido \u00e9 resgatado no rio Pomba pelo Corpo de Bombeiros. PM assumiu a ocorr\u00eancia.\",\"breadcrumb\":{\"@id\":\"https:\\\/\\\/marcelolopes.jor.br\\\/site\\\/2022\\\/05\\\/21\\\/corpo-de-homem-que-estava-desaparecido-e-resgatado-no-rio-pomba\\\/#breadcrumb\"},\"inLanguage\":\"pt-BR\",\"potentialAction\":[{\"@type\":\"ReadAction\",\"target\":[\"https:\\\/\\\/marcelolopes.jor.br\\\/site\\\/2022\\\/05\\\/21\\\/corpo-de-homem-que-estava-desaparecido-e-resgatado-no-rio-pomba\\\/\"]}]},{\"@type\":\"ImageObject\",\"inLanguage\":\"pt-BR\",\"@id\":\"https:\\\/\\\/marcelolopes.jor.br\\\/site\\\/2022\\\/05\\\/21\\\/corpo-de-homem-que-estava-desaparecido-e-resgatado-no-rio-pomba\\\/#primaryimage\",\"url\":\"https:\\\/\\\/marcelolopes.jor.br\\\/site\\\/wp-content\\\/uploads\\\/2022\\\/05\\\/Corpo.jpg\",\"contentUrl\":\"https:\\\/\\\/marcelolopes.jor.br\\\/site\\\/wp-content\\\/uploads\\\/2022\\\/05\\\/Corpo.jpg\",\"width\":805,\"height\":503},{\"@type\":\"BreadcrumbList\",\"@id\":\"https:\\\/\\\/marcelolopes.jor.br\\\/site\\\/2022\\\/05\\\/21\\\/corpo-de-homem-que-estava-desaparecido-e-resgatado-no-rio-pomba\\\/#breadcrumb\",\"itemListElement\":[{\"@type\":\"ListItem\",\"position\":1,\"name\":\"Home\",\"item\":\"https:\\\/\\\/marcelolopes.jor.br\\\/site\\\/\"},{\"@type\":\"ListItem\",\"position\":2,\"name\":\"Corpo de homem que estava desaparecido \u00e9 resgatado no rio Pomba\"}]},{\"@type\":\"WebSite\",\"@id\":\"https:\\\/\\\/marcelolopes.jor.br\\\/site\\\/#website\",\"url\":\"https:\\\/\\\/marcelolopes.jor.br\\\/site\\\/\",\"name\":\"Marcelo Lopes\",\"description\":\"Not\u00edcias de Cataguases e Regi\u00e3o\",\"publisher\":{\"@id\":\"https:\\\/\\\/marcelolopes.jor.br\\\/site\\\/#organization\"},\"potentialAction\":[{\"@type\":\"SearchAction\",\"target\":{\"@type\":\"EntryPoint\",\"urlTemplate\":\"https:\\\/\\\/marcelolopes.jor.br\\\/site\\\/?s={search_term_string}\"},\"query-input\":{\"@type\":\"PropertyValueSpecification\",\"valueRequired\":true,\"valueName\":\"search_term_string\"}}],\"inLanguage\":\"pt-BR\"},{\"@type\":\"Organization\",\"@id\":\"https:\\\/\\\/marcelolopes.jor.br\\\/site\\\/#organization\",\"name\":\"Site do Marcelo Lopes\",\"url\":\"https:\\\/\\\/marcelolopes.jor.br\\\/site\\\/\",\"logo\":{\"@type\":\"ImageObject\",\"inLanguage\":\"pt-BR\",\"@id\":\"https:\\\/\\\/marcelolopes.jor.br\\\/site\\\/#\\\/schema\\\/logo\\\/image\\\/\",\"url\":\"https:\\\/\\\/marcelolopes.jor.br\\\/site\\\/wp-content\\\/uploads\\\/2024\\\/11\\\/logo-1.png\",\"contentUrl\":\"https:\\\/\\\/marcelolopes.jor.br\\\/site\\\/wp-content\\\/uploads\\\/2024\\\/11\\\/logo-1.png\",\"width\":475,\"height\":80,\"caption\":\"Site do Marcelo Lopes\"},\"image\":{\"@id\":\"https:\\\/\\\/marcelolopes.jor.br\\\/site\\\/#\\\/schema\\\/logo\\\/image\\\/\"},\"sameAs\":[\"https:\\\/\\\/www.facebook.com\\\/sitedomarcelolopes\",\"https:\\\/\\\/www.instagram.com\\\/sitedomarcelolopes\\\/\",\"https:\\\/\\\/www.linkedin.com\\\/company\\\/site-do-marcelo-lopes\\\/\",\"https:\\\/\\\/www.youtube.com\\\/user\\\/marcelolopes957\"]},{\"@type\":\"Person\",\"@id\":\"https:\\\/\\\/marcelolopes.jor.br\\\/site\\\/#\\\/schema\\\/person\\\/3e7216a35c34d8fdf952b31da3d1f89f\",\"name\":\"Marcelo Lopes\",\"sameAs\":[\"http:\\\/\\\/www.marcelolopes.jor.br\"],\"url\":\"https:\\\/\\\/marcelolopes.jor.br\\\/site\\\/author\\\/marcelo\\\/\"}]}<\/script>\n<!-- \/ Yoast SEO plugin. -->","yoast_head_json":{"title":"Corpo de homem que estava desaparecido \u00e9 resgatado no rio Pomba","description":"Corpo de homem que estava desaparecido \u00e9 resgatado no rio Pomba pelo Corpo de Bombeiros. PM assumiu a ocorr\u00eancia.","robots":{"index":"index","follow":"follow","max-snippet":"max-snippet:-1","max-image-preview":"max-image-preview:large","max-video-preview":"max-video-preview:-1"},"canonical":"https:\/\/marcelolopes.jor.br\/site\/2022\/05\/21\/corpo-de-homem-que-estava-desaparecido-e-resgatado-no-rio-pomba\/","og_locale":"pt_BR","og_type":"article","og_title":"Corpo de homem que estava desaparecido \u00e9 resgatado no rio Pomba","og_description":"Corpo de homem que estava desaparecido \u00e9 resgatado no rio Pomba pelo Corpo de Bombeiros. PM assumiu a ocorr\u00eancia.","og_url":"https:\/\/marcelolopes.jor.br\/site\/2022\/05\/21\/corpo-de-homem-que-estava-desaparecido-e-resgatado-no-rio-pomba\/","og_site_name":"Marcelo Lopes","article_publisher":"https:\/\/www.facebook.com\/sitedomarcelolopes","article_published_time":"2022-05-21T14:10:12+00:00","og_image":[{"width":805,"height":503,"url":"https:\/\/marcelolopes.jor.br\/site\/wp-content\/uploads\/2022\/05\/Corpo.jpg","type":"image\/jpeg"}],"author":"Marcelo Lopes","twitter_card":"summary_large_image","twitter_misc":{"Escrito por":"Marcelo Lopes","Est. tempo de leitura":"1 minuto"},"schema":{"@context":"https:\/\/schema.org","@graph":[{"@type":"NewsArticle","@id":"https:\/\/marcelolopes.jor.br\/site\/2022\/05\/21\/corpo-de-homem-que-estava-desaparecido-e-resgatado-no-rio-pomba\/#article","isPartOf":{"@id":"https:\/\/marcelolopes.jor.br\/site\/2022\/05\/21\/corpo-de-homem-que-estava-desaparecido-e-resgatado-no-rio-pomba\/"},"author":{"name":"Marcelo Lopes","@id":"https:\/\/marcelolopes.jor.br\/site\/#\/schema\/person\/3e7216a35c34d8fdf952b31da3d1f89f"},"headline":"Corpo de homem que estava desaparecido \u00e9 resgatado no rio Pomba","datePublished":"2022-05-21T14:10:12+00:00","mainEntityOfPage":{"@id":"https:\/\/marcelolopes.jor.br\/site\/2022\/05\/21\/corpo-de-homem-que-estava-desaparecido-e-resgatado-no-rio-pomba\/"},"wordCount":158,"commentCount":0,"publisher":{"@id":"https:\/\/marcelolopes.jor.br\/site\/#organization"},"image":{"@id":"https:\/\/marcelolopes.jor.br\/site\/2022\/05\/21\/corpo-de-homem-que-estava-desaparecido-e-resgatado-no-rio-pomba\/#primaryimage"},"thumbnailUrl":"https:\/\/marcelolopes.jor.br\/site\/wp-content\/uploads\/2022\/05\/Corpo.jpg","keywords":["corpo de bombeiros","corpo no rio","homem encontrado","Rio Pomba"],"articleSection":["Not\u00edcias"],"inLanguage":"pt-BR","potentialAction":[{"@type":"CommentAction","name":"Comment","target":["https:\/\/marcelolopes.jor.br\/site\/2022\/05\/21\/corpo-de-homem-que-estava-desaparecido-e-resgatado-no-rio-pomba\/#respond"]}]},{"@type":"WebPage","@id":"https:\/\/marcelolopes.jor.br\/site\/2022\/05\/21\/corpo-de-homem-que-estava-desaparecido-e-resgatado-no-rio-pomba\/","url":"https:\/\/marcelolopes.jor.br\/site\/2022\/05\/21\/corpo-de-homem-que-estava-desaparecido-e-resgatado-no-rio-pomba\/","name":"Corpo de homem que estava desaparecido \u00e9 resgatado no rio Pomba","isPartOf":{"@id":"https:\/\/marcelolopes.jor.br\/site\/#website"},"primaryImageOfPage":{"@id":"https:\/\/marcelolopes.jor.br\/site\/2022\/05\/21\/corpo-de-homem-que-estava-desaparecido-e-resgatado-no-rio-pomba\/#primaryimage"},"image":{"@id":"https:\/\/marcelolopes.jor.br\/site\/2022\/05\/21\/corpo-de-homem-que-estava-desaparecido-e-resgatado-no-rio-pomba\/#primaryimage"},"thumbnailUrl":"https:\/\/marcelolopes.jor.br\/site\/wp-content\/uploads\/2022\/05\/Corpo.jpg","datePublished":"2022-05-21T14:10:12+00:00","description":"Corpo de homem que estava desaparecido \u00e9 resgatado no rio Pomba pelo Corpo de Bombeiros. PM assumiu a ocorr\u00eancia.","breadcrumb":{"@id":"https:\/\/marcelolopes.jor.br\/site\/2022\/05\/21\/corpo-de-homem-que-estava-desaparecido-e-resgatado-no-rio-pomba\/#breadcrumb"},"inLanguage":"pt-BR","potentialAction":[{"@type":"ReadAction","target":["https:\/\/marcelolopes.jor.br\/site\/2022\/05\/21\/corpo-de-homem-que-estava-desaparecido-e-resgatado-no-rio-pomba\/"]}]},{"@type":"ImageObject","inLanguage":"pt-BR","@id":"https:\/\/marcelolopes.jor.br\/site\/2022\/05\/21\/corpo-de-homem-que-estava-desaparecido-e-resgatado-no-rio-pomba\/#primaryimage","url":"https:\/\/marcelolopes.jor.br\/site\/wp-content\/uploads\/2022\/05\/Corpo.jpg","contentUrl":"https:\/\/marcelolopes.jor.br\/site\/wp-content\/uploads\/2022\/05\/Corpo.jpg","width":805,"height":503},{"@type":"BreadcrumbList","@id":"https:\/\/marcelolopes.jor.br\/site\/2022\/05\/21\/corpo-de-homem-que-estava-desaparecido-e-resgatado-no-rio-pomba\/#breadcrumb","itemListElement":[{"@type":"ListItem","position":1,"name":"Home","item":"https:\/\/marcelolopes.jor.br\/site\/"},{"@type":"ListItem","position":2,"name":"Corpo de homem que estava desaparecido \u00e9 resgatado no rio Pomba"}]},{"@type":"WebSite","@id":"https:\/\/marcelolopes.jor.br\/site\/#website","url":"https:\/\/marcelolopes.jor.br\/site\/","name":"Marcelo Lopes","description":"Not\u00edcias de Cataguases e Regi\u00e3o","publisher":{"@id":"https:\/\/marcelolopes.jor.br\/site\/#organization"},"potentialAction":[{"@type":"SearchAction","target":{"@type":"EntryPoint","urlTemplate":"https:\/\/marcelolopes.jor.br\/site\/?s={search_term_string}"},"query-input":{"@type":"PropertyValueSpecification","valueRequired":true,"valueName":"search_term_string"}}],"inLanguage":"pt-BR"},{"@type":"Organization","@id":"https:\/\/marcelolopes.jor.br\/site\/#organization","name":"Site do Marcelo Lopes","url":"https:\/\/marcelolopes.jor.br\/site\/","logo":{"@type":"ImageObject","inLanguage":"pt-BR","@id":"https:\/\/marcelolopes.jor.br\/site\/#\/schema\/logo\/image\/","url":"https:\/\/marcelolopes.jor.br\/site\/wp-content\/uploads\/2024\/11\/logo-1.png","contentUrl":"https:\/\/marcelolopes.jor.br\/site\/wp-content\/uploads\/2024\/11\/logo-1.png","width":475,"height":80,"caption":"Site do Marcelo Lopes"},"image":{"@id":"https:\/\/marcelolopes.jor.br\/site\/#\/schema\/logo\/image\/"},"sameAs":["https:\/\/www.facebook.com\/sitedomarcelolopes","https:\/\/www.instagram.com\/sitedomarcelolopes\/","https:\/\/www.linkedin.com\/company\/site-do-marcelo-lopes\/","https:\/\/www.youtube.com\/user\/marcelolopes957"]},{"@type":"Person","@id":"https:\/\/marcelolopes.jor.br\/site\/#\/schema\/person\/3e7216a35c34d8fdf952b31da3d1f89f","name":"Marcelo Lopes","sameAs":["http:\/\/www.marcelolopes.jor.br"],"url":"https:\/\/marcelolopes.jor.br\/site\/author\/marcelo\/"}]}},"wps_subtitle":"Corpo de Bombeiros fez o resgate do corpo e a PM assumiu a ocorr\u00eancia.","_links":{"self":[{"href":"https:\/\/marcelolopes.jor.br\/site\/wp-json\/wp\/v2\/posts\/33218","targetHints":{"allow":["GET"]}}],"collection":[{"href":"https:\/\/marcelolopes.jor.br\/site\/wp-json\/wp\/v2\/posts"}],"about":[{"href":"https:\/\/marcelolopes.jor.br\/site\/wp-json\/wp\/v2\/types\/post"}],"author":[{"embeddable":true,"href":"https:\/\/marcelolopes.jor.br\/site\/wp-json\/wp\/v2\/users\/2"}],"replies":[{"embeddable":true,"href":"https:\/\/marcelolopes.jor.br\/site\/wp-json\/wp\/v2\/comments?post=33218"}],"version-history":[{"count":0,"href":"https:\/\/marcelolopes.jor.br\/site\/wp-json\/wp\/v2\/posts\/33218\/revisions"}],"wp:featuredmedia":[{"embeddable":true,"href":"https:\/\/marcelolopes.jor.br\/site\/wp-json\/wp\/v2\/media\/33219"}],"wp:attachment":[{"href":"https:\/\/marcelolopes.jor.br\/site\/wp-json\/wp\/v2\/media?parent=33218"}],"wp:term":[{"taxonomy":"category","embeddable":true,"href":"https:\/\/marcelolopes.jor.br\/site\/wp-json\/wp\/v2\/categories?post=33218"},{"taxonomy":"post_tag","embeddable":true,"href":"https:\/\/marcelolopes.jor.br\/site\/wp-json\/wp\/v2\/tags?post=33218"}],"curies":[{"name":"wp","href":"https:\/\/api.w.org\/{rel}","templated":true}]}}