{"id":33184,"date":"2022-05-20T07:00:01","date_gmt":"2022-05-20T10:00:01","guid":{"rendered":"https:\/\/marcelolopes.jor.br\/?p=33184"},"modified":"2022-05-19T15:45:14","modified_gmt":"2022-05-19T18:45:14","slug":"exposicao-de-recreio-deve-acontecer-na-ultima-semana-de-julho","status":"publish","type":"post","link":"https:\/\/marcelolopes.jor.br\/site\/2022\/05\/20\/exposicao-de-recreio-deve-acontecer-na-ultima-semana-de-julho\/","title":{"rendered":"Exposi\u00e7\u00e3o de Recreio deve acontecer na \u00faltima semana de julho"},"content":{"rendered":"<p style=\"text-align: justify;\">Ap\u00f3s ficar suspensa por duas edi\u00e7\u00f5es por causa da pandemia da covid-19, a maior festa da cidade de Recreio e uma das mais tradicionais da regi\u00e3o, volta a fazer parte do calend\u00e1rio oficial de eventos daquele munic\u00edpio.<!--more--><\/p>\n<p style=\"text-align: justify;\">A festa est\u00e1 sendo programada para acontecer na \u00faltima semana de julho, de 28 a 31 daquele m\u00eas, e ser\u00e1 organizada pela Prefeitura, conforme as primeiras informa\u00e7\u00f5es ainda extraoficiais. Esta ser\u00e1 a 42\u00aa Exposi\u00e7\u00e3o Agropecu\u00e1ria de Recreio.<\/p>\n<p style=\"text-align: justify;\">Segundo informou o Site Polis, de Recreio, diversos recreenses que residem fora e at\u00e9 mesmo na cidade, est\u00e3o buscando informa\u00e7\u00f5es sobre o retorno daquele evento. Inclusive, uma suposta programa\u00e7\u00e3o que seria da Exposi\u00e7\u00e3o circulou nas redes sociais, mas n\u00e3o se confirmou verdadeira.<\/p>\n<p style=\"text-align: justify;\">O que se sabe at\u00e9 agora, ainda de acordo com aquele Site, os trabalhos estariam na fase de contrata\u00e7\u00e3o de shows, estrutura e outros detalhes da programa\u00e7\u00e3o.<\/p>\n<p style=\"text-align: justify;\"><strong>NOT\u00cdCIAS RELACIONADAS:<\/strong><\/p>\n<p><a href=\"https:\/\/marcelolopes.jor.br\/2022\/03\/09\/recreio-adere-ao-programa-do-governo-federal-digitaliza-brasil\/\"><strong><span style=\"color: #800080;\">Recreio adere ao programa do governo federal &#8220;Digitaliza Brasil&#8221;<\/span><\/strong><\/a><\/p>\n<p><a href=\"https:\/\/marcelolopes.jor.br\/2022\/02\/08\/recreio-recebe-doacoes-do-hospital-universitario-pedro-ernesto\/\"><strong><span style=\"color: #800080;\">Recreio recebe doa\u00e7\u00f5es do Hospital Universit\u00e1rio Pedro Ernesto<\/span><\/strong><\/a><\/p>\n<p><a href=\"https:\/\/marcelolopes.jor.br\/2021\/12\/20\/professores-do-municipio-de-recreio-vao-receber-rateio-do-fundeb\/\"><strong><span style=\"color: #800080;\">Professores do munic\u00edpio de Recreio v\u00e3o receber rateio do Fundeb<\/span><\/strong><\/a><\/p>\n<p>Fonte e foto: Polis Recreio<\/p>\n<div class=\"wmfun69f75078da5db\" ><br><\/div><style type=\"text\/css\">\r\n@media screen and (min-width: 1201px) {\r\n.wmfun69f75078da5db {\r\ndisplay: block;\r\n}\r\n}\r\n@media screen and (min-width: 993px) and (max-width: 1200px) {\r\n.wmfun69f75078da5db {\r\ndisplay: block;\r\n}\r\n}\r\n@media screen and (min-width: 769px) and (max-width: 992px) {\r\n.wmfun69f75078da5db {\r\ndisplay: block;\r\n}\r\n}\r\n@media screen and (min-width: 768px) and (max-width: 768px) {\r\n.wmfun69f75078da5db {\r\ndisplay: block;\r\n}\r\n}\r\n@media screen and (max-width: 767px) {\r\n.wmfun69f75078da5db {\r\ndisplay: block;\r\n}\r\n}\r\n<\/style>\r\n<div class=\"echfd69f75078dffdc\" ><div id=\"div_destino\"><\/div>\r\n<script src=\"https:\/\/cdn.snsrsv.com\/sdk.js\"><\/script>\r\n<script >\r\n      new sdk(\"464030C30061EA8BE065000000000001\") \r\n          .appendTo(\"div_destino\")\r\n          .disableStyle(true) \r\n          .setCacheBusterMacro(\"%%CACHEBUSTER%%\")\r\n          .setSize(\"800\",\"214\")\r\n          .setClickMacro(\"%%CLICK_URL_ESC%%\") \r\n          .setReferrerUrlMacro(\"%%REFERRER_URL_ESC%%\") \r\n          .start(); \r\n<\/script><\/div><style type=\"text\/css\">\r\n@media screen and (min-width: 1201px) {\r\n.echfd69f75078dffdc {\r\ndisplay: block;\r\n}\r\n}\r\n@media screen and (min-width: 993px) and (max-width: 1200px) {\r\n.echfd69f75078dffdc {\r\ndisplay: block;\r\n}\r\n}\r\n@media screen and (min-width: 769px) and (max-width: 992px) {\r\n.echfd69f75078dffdc {\r\ndisplay: block;\r\n}\r\n}\r\n@media screen and (min-width: 768px) and (max-width: 768px) {\r\n.echfd69f75078dffdc {\r\ndisplay: block;\r\n}\r\n}\r\n@media screen and (max-width: 767px) {\r\n.echfd69f75078dffdc {\r\ndisplay: block;\r\n}\r\n}\r\n<\/style>\r\n","protected":false},"excerpt":{"rendered":"<p>Ap\u00f3s ficar suspensa por duas edi\u00e7\u00f5es por causa da pandemia da covid-19, a maior festa da cidade de Recreio e uma das mais tradicionais da regi\u00e3o, volta a fazer parte do calend\u00e1rio oficial de eventos daquele munic\u00edpio.<\/p>\n","protected":false},"author":2,"featured_media":33185,"comment_status":"open","ping_status":"open","sticky":false,"template":"","format":"standard","meta":{"footnotes":""},"categories":[1],"tags":[5968,5966,5967,2012],"class_list":["post-33184","post","type-post","status-publish","format-standard","has-post-thumbnail","hentry","category-noticias","tag-exposicao-agropecuaria","tag-exposicao-de-recreio","tag-festa-tradicional","tag-prefeitura-de-recreio","thumb-below-title"],"yoast_head":"<!-- This site is optimized with the Yoast SEO plugin v27.4 - https:\/\/yoast.com\/product\/yoast-seo-wordpress\/ -->\n<title>Exposi\u00e7\u00e3o de Recreio deve acontecer na \u00faltima semana de julho<\/title>\n<meta name=\"description\" content=\"Exposi\u00e7\u00e3o de Recreio deve acontecer na \u00faltima semana de julho. Prefeitura est\u00e1 organizando e data mais prov\u00e1vel \u00e9 de 28 a 31 de julho.\" \/>\n<meta name=\"robots\" content=\"index, follow, max-snippet:-1, max-image-preview:large, max-video-preview:-1\" \/>\n<link rel=\"canonical\" href=\"https:\/\/marcelolopes.jor.br\/site\/2022\/05\/20\/exposicao-de-recreio-deve-acontecer-na-ultima-semana-de-julho\/\" \/>\n<meta property=\"og:locale\" content=\"pt_BR\" \/>\n<meta property=\"og:type\" content=\"article\" \/>\n<meta property=\"og:title\" content=\"Exposi\u00e7\u00e3o de Recreio deve acontecer na \u00faltima semana de julho\" \/>\n<meta property=\"og:description\" content=\"Exposi\u00e7\u00e3o de Recreio deve acontecer na \u00faltima semana de julho. Prefeitura est\u00e1 organizando e data mais prov\u00e1vel \u00e9 de 28 a 31 de julho.\" \/>\n<meta property=\"og:url\" content=\"https:\/\/marcelolopes.jor.br\/site\/2022\/05\/20\/exposicao-de-recreio-deve-acontecer-na-ultima-semana-de-julho\/\" \/>\n<meta property=\"og:site_name\" content=\"Marcelo Lopes\" \/>\n<meta property=\"article:publisher\" content=\"https:\/\/www.facebook.com\/sitedomarcelolopes\" \/>\n<meta property=\"article:published_time\" content=\"2022-05-20T10:00:01+00:00\" \/>\n<meta property=\"og:image\" content=\"https:\/\/marcelolopes.jor.br\/site\/wp-content\/uploads\/2022\/05\/Expo-Recreio.jpeg\" \/>\n\t<meta property=\"og:image:width\" content=\"800\" \/>\n\t<meta property=\"og:image:height\" content=\"510\" \/>\n\t<meta property=\"og:image:type\" content=\"image\/jpeg\" \/>\n<meta name=\"author\" content=\"Marcelo Lopes\" \/>\n<meta name=\"twitter:card\" content=\"summary_large_image\" \/>\n<meta name=\"twitter:label1\" content=\"Escrito por\" \/>\n\t<meta name=\"twitter:data1\" content=\"Marcelo Lopes\" \/>\n\t<meta name=\"twitter:label2\" content=\"Est. tempo de leitura\" \/>\n\t<meta name=\"twitter:data2\" content=\"1 minuto\" \/>\n<script type=\"application\/ld+json\" class=\"yoast-schema-graph\">{\"@context\":\"https:\\\/\\\/schema.org\",\"@graph\":[{\"@type\":\"NewsArticle\",\"@id\":\"https:\\\/\\\/marcelolopes.jor.br\\\/site\\\/2022\\\/05\\\/20\\\/exposicao-de-recreio-deve-acontecer-na-ultima-semana-de-julho\\\/#article\",\"isPartOf\":{\"@id\":\"https:\\\/\\\/marcelolopes.jor.br\\\/site\\\/2022\\\/05\\\/20\\\/exposicao-de-recreio-deve-acontecer-na-ultima-semana-de-julho\\\/\"},\"author\":{\"name\":\"Marcelo Lopes\",\"@id\":\"https:\\\/\\\/marcelolopes.jor.br\\\/site\\\/#\\\/schema\\\/person\\\/3e7216a35c34d8fdf952b31da3d1f89f\"},\"headline\":\"Exposi\u00e7\u00e3o de Recreio deve acontecer na \u00faltima semana de julho\",\"datePublished\":\"2022-05-20T10:00:01+00:00\",\"mainEntityOfPage\":{\"@id\":\"https:\\\/\\\/marcelolopes.jor.br\\\/site\\\/2022\\\/05\\\/20\\\/exposicao-de-recreio-deve-acontecer-na-ultima-semana-de-julho\\\/\"},\"wordCount\":206,\"commentCount\":0,\"publisher\":{\"@id\":\"https:\\\/\\\/marcelolopes.jor.br\\\/site\\\/#organization\"},\"image\":{\"@id\":\"https:\\\/\\\/marcelolopes.jor.br\\\/site\\\/2022\\\/05\\\/20\\\/exposicao-de-recreio-deve-acontecer-na-ultima-semana-de-julho\\\/#primaryimage\"},\"thumbnailUrl\":\"https:\\\/\\\/marcelolopes.jor.br\\\/site\\\/wp-content\\\/uploads\\\/2022\\\/05\\\/Expo-Recreio.jpeg\",\"keywords\":[\"exposi\u00e7\u00e3o agropecu\u00e1ria\",\"Exposi\u00e7\u00e3o de Recreio\",\"festa tradicional\",\"Prefeitura de Recreio\"],\"articleSection\":[\"Not\u00edcias\"],\"inLanguage\":\"pt-BR\",\"potentialAction\":[{\"@type\":\"CommentAction\",\"name\":\"Comment\",\"target\":[\"https:\\\/\\\/marcelolopes.jor.br\\\/site\\\/2022\\\/05\\\/20\\\/exposicao-de-recreio-deve-acontecer-na-ultima-semana-de-julho\\\/#respond\"]}]},{\"@type\":\"WebPage\",\"@id\":\"https:\\\/\\\/marcelolopes.jor.br\\\/site\\\/2022\\\/05\\\/20\\\/exposicao-de-recreio-deve-acontecer-na-ultima-semana-de-julho\\\/\",\"url\":\"https:\\\/\\\/marcelolopes.jor.br\\\/site\\\/2022\\\/05\\\/20\\\/exposicao-de-recreio-deve-acontecer-na-ultima-semana-de-julho\\\/\",\"name\":\"Exposi\u00e7\u00e3o de Recreio deve acontecer na \u00faltima semana de julho\",\"isPartOf\":{\"@id\":\"https:\\\/\\\/marcelolopes.jor.br\\\/site\\\/#website\"},\"primaryImageOfPage\":{\"@id\":\"https:\\\/\\\/marcelolopes.jor.br\\\/site\\\/2022\\\/05\\\/20\\\/exposicao-de-recreio-deve-acontecer-na-ultima-semana-de-julho\\\/#primaryimage\"},\"image\":{\"@id\":\"https:\\\/\\\/marcelolopes.jor.br\\\/site\\\/2022\\\/05\\\/20\\\/exposicao-de-recreio-deve-acontecer-na-ultima-semana-de-julho\\\/#primaryimage\"},\"thumbnailUrl\":\"https:\\\/\\\/marcelolopes.jor.br\\\/site\\\/wp-content\\\/uploads\\\/2022\\\/05\\\/Expo-Recreio.jpeg\",\"datePublished\":\"2022-05-20T10:00:01+00:00\",\"description\":\"Exposi\u00e7\u00e3o de Recreio deve acontecer na \u00faltima semana de julho. Prefeitura est\u00e1 organizando e data mais prov\u00e1vel \u00e9 de 28 a 31 de julho.\",\"breadcrumb\":{\"@id\":\"https:\\\/\\\/marcelolopes.jor.br\\\/site\\\/2022\\\/05\\\/20\\\/exposicao-de-recreio-deve-acontecer-na-ultima-semana-de-julho\\\/#breadcrumb\"},\"inLanguage\":\"pt-BR\",\"potentialAction\":[{\"@type\":\"ReadAction\",\"target\":[\"https:\\\/\\\/marcelolopes.jor.br\\\/site\\\/2022\\\/05\\\/20\\\/exposicao-de-recreio-deve-acontecer-na-ultima-semana-de-julho\\\/\"]}]},{\"@type\":\"ImageObject\",\"inLanguage\":\"pt-BR\",\"@id\":\"https:\\\/\\\/marcelolopes.jor.br\\\/site\\\/2022\\\/05\\\/20\\\/exposicao-de-recreio-deve-acontecer-na-ultima-semana-de-julho\\\/#primaryimage\",\"url\":\"https:\\\/\\\/marcelolopes.jor.br\\\/site\\\/wp-content\\\/uploads\\\/2022\\\/05\\\/Expo-Recreio.jpeg\",\"contentUrl\":\"https:\\\/\\\/marcelolopes.jor.br\\\/site\\\/wp-content\\\/uploads\\\/2022\\\/05\\\/Expo-Recreio.jpeg\",\"width\":800,\"height\":510},{\"@type\":\"BreadcrumbList\",\"@id\":\"https:\\\/\\\/marcelolopes.jor.br\\\/site\\\/2022\\\/05\\\/20\\\/exposicao-de-recreio-deve-acontecer-na-ultima-semana-de-julho\\\/#breadcrumb\",\"itemListElement\":[{\"@type\":\"ListItem\",\"position\":1,\"name\":\"Home\",\"item\":\"https:\\\/\\\/marcelolopes.jor.br\\\/site\\\/\"},{\"@type\":\"ListItem\",\"position\":2,\"name\":\"Exposi\u00e7\u00e3o de Recreio deve acontecer na \u00faltima semana de julho\"}]},{\"@type\":\"WebSite\",\"@id\":\"https:\\\/\\\/marcelolopes.jor.br\\\/site\\\/#website\",\"url\":\"https:\\\/\\\/marcelolopes.jor.br\\\/site\\\/\",\"name\":\"Marcelo Lopes\",\"description\":\"Not\u00edcias de Cataguases e Regi\u00e3o\",\"publisher\":{\"@id\":\"https:\\\/\\\/marcelolopes.jor.br\\\/site\\\/#organization\"},\"potentialAction\":[{\"@type\":\"SearchAction\",\"target\":{\"@type\":\"EntryPoint\",\"urlTemplate\":\"https:\\\/\\\/marcelolopes.jor.br\\\/site\\\/?s={search_term_string}\"},\"query-input\":{\"@type\":\"PropertyValueSpecification\",\"valueRequired\":true,\"valueName\":\"search_term_string\"}}],\"inLanguage\":\"pt-BR\"},{\"@type\":\"Organization\",\"@id\":\"https:\\\/\\\/marcelolopes.jor.br\\\/site\\\/#organization\",\"name\":\"Site do Marcelo Lopes\",\"url\":\"https:\\\/\\\/marcelolopes.jor.br\\\/site\\\/\",\"logo\":{\"@type\":\"ImageObject\",\"inLanguage\":\"pt-BR\",\"@id\":\"https:\\\/\\\/marcelolopes.jor.br\\\/site\\\/#\\\/schema\\\/logo\\\/image\\\/\",\"url\":\"https:\\\/\\\/marcelolopes.jor.br\\\/site\\\/wp-content\\\/uploads\\\/2024\\\/11\\\/logo-1.png\",\"contentUrl\":\"https:\\\/\\\/marcelolopes.jor.br\\\/site\\\/wp-content\\\/uploads\\\/2024\\\/11\\\/logo-1.png\",\"width\":475,\"height\":80,\"caption\":\"Site do Marcelo Lopes\"},\"image\":{\"@id\":\"https:\\\/\\\/marcelolopes.jor.br\\\/site\\\/#\\\/schema\\\/logo\\\/image\\\/\"},\"sameAs\":[\"https:\\\/\\\/www.facebook.com\\\/sitedomarcelolopes\",\"https:\\\/\\\/www.instagram.com\\\/sitedomarcelolopes\\\/\",\"https:\\\/\\\/www.linkedin.com\\\/company\\\/site-do-marcelo-lopes\\\/\",\"https:\\\/\\\/www.youtube.com\\\/user\\\/marcelolopes957\"]},{\"@type\":\"Person\",\"@id\":\"https:\\\/\\\/marcelolopes.jor.br\\\/site\\\/#\\\/schema\\\/person\\\/3e7216a35c34d8fdf952b31da3d1f89f\",\"name\":\"Marcelo Lopes\",\"sameAs\":[\"http:\\\/\\\/www.marcelolopes.jor.br\"],\"url\":\"https:\\\/\\\/marcelolopes.jor.br\\\/site\\\/author\\\/marcelo\\\/\"}]}<\/script>\n<!-- \/ Yoast SEO plugin. -->","yoast_head_json":{"title":"Exposi\u00e7\u00e3o de Recreio deve acontecer na \u00faltima semana de julho","description":"Exposi\u00e7\u00e3o de Recreio deve acontecer na \u00faltima semana de julho. Prefeitura est\u00e1 organizando e data mais prov\u00e1vel \u00e9 de 28 a 31 de julho.","robots":{"index":"index","follow":"follow","max-snippet":"max-snippet:-1","max-image-preview":"max-image-preview:large","max-video-preview":"max-video-preview:-1"},"canonical":"https:\/\/marcelolopes.jor.br\/site\/2022\/05\/20\/exposicao-de-recreio-deve-acontecer-na-ultima-semana-de-julho\/","og_locale":"pt_BR","og_type":"article","og_title":"Exposi\u00e7\u00e3o de Recreio deve acontecer na \u00faltima semana de julho","og_description":"Exposi\u00e7\u00e3o de Recreio deve acontecer na \u00faltima semana de julho. Prefeitura est\u00e1 organizando e data mais prov\u00e1vel \u00e9 de 28 a 31 de julho.","og_url":"https:\/\/marcelolopes.jor.br\/site\/2022\/05\/20\/exposicao-de-recreio-deve-acontecer-na-ultima-semana-de-julho\/","og_site_name":"Marcelo Lopes","article_publisher":"https:\/\/www.facebook.com\/sitedomarcelolopes","article_published_time":"2022-05-20T10:00:01+00:00","og_image":[{"width":800,"height":510,"url":"https:\/\/marcelolopes.jor.br\/site\/wp-content\/uploads\/2022\/05\/Expo-Recreio.jpeg","type":"image\/jpeg"}],"author":"Marcelo Lopes","twitter_card":"summary_large_image","twitter_misc":{"Escrito por":"Marcelo Lopes","Est. tempo de leitura":"1 minuto"},"schema":{"@context":"https:\/\/schema.org","@graph":[{"@type":"NewsArticle","@id":"https:\/\/marcelolopes.jor.br\/site\/2022\/05\/20\/exposicao-de-recreio-deve-acontecer-na-ultima-semana-de-julho\/#article","isPartOf":{"@id":"https:\/\/marcelolopes.jor.br\/site\/2022\/05\/20\/exposicao-de-recreio-deve-acontecer-na-ultima-semana-de-julho\/"},"author":{"name":"Marcelo Lopes","@id":"https:\/\/marcelolopes.jor.br\/site\/#\/schema\/person\/3e7216a35c34d8fdf952b31da3d1f89f"},"headline":"Exposi\u00e7\u00e3o de Recreio deve acontecer na \u00faltima semana de julho","datePublished":"2022-05-20T10:00:01+00:00","mainEntityOfPage":{"@id":"https:\/\/marcelolopes.jor.br\/site\/2022\/05\/20\/exposicao-de-recreio-deve-acontecer-na-ultima-semana-de-julho\/"},"wordCount":206,"commentCount":0,"publisher":{"@id":"https:\/\/marcelolopes.jor.br\/site\/#organization"},"image":{"@id":"https:\/\/marcelolopes.jor.br\/site\/2022\/05\/20\/exposicao-de-recreio-deve-acontecer-na-ultima-semana-de-julho\/#primaryimage"},"thumbnailUrl":"https:\/\/marcelolopes.jor.br\/site\/wp-content\/uploads\/2022\/05\/Expo-Recreio.jpeg","keywords":["exposi\u00e7\u00e3o agropecu\u00e1ria","Exposi\u00e7\u00e3o de Recreio","festa tradicional","Prefeitura de Recreio"],"articleSection":["Not\u00edcias"],"inLanguage":"pt-BR","potentialAction":[{"@type":"CommentAction","name":"Comment","target":["https:\/\/marcelolopes.jor.br\/site\/2022\/05\/20\/exposicao-de-recreio-deve-acontecer-na-ultima-semana-de-julho\/#respond"]}]},{"@type":"WebPage","@id":"https:\/\/marcelolopes.jor.br\/site\/2022\/05\/20\/exposicao-de-recreio-deve-acontecer-na-ultima-semana-de-julho\/","url":"https:\/\/marcelolopes.jor.br\/site\/2022\/05\/20\/exposicao-de-recreio-deve-acontecer-na-ultima-semana-de-julho\/","name":"Exposi\u00e7\u00e3o de Recreio deve acontecer na \u00faltima semana de julho","isPartOf":{"@id":"https:\/\/marcelolopes.jor.br\/site\/#website"},"primaryImageOfPage":{"@id":"https:\/\/marcelolopes.jor.br\/site\/2022\/05\/20\/exposicao-de-recreio-deve-acontecer-na-ultima-semana-de-julho\/#primaryimage"},"image":{"@id":"https:\/\/marcelolopes.jor.br\/site\/2022\/05\/20\/exposicao-de-recreio-deve-acontecer-na-ultima-semana-de-julho\/#primaryimage"},"thumbnailUrl":"https:\/\/marcelolopes.jor.br\/site\/wp-content\/uploads\/2022\/05\/Expo-Recreio.jpeg","datePublished":"2022-05-20T10:00:01+00:00","description":"Exposi\u00e7\u00e3o de Recreio deve acontecer na \u00faltima semana de julho. Prefeitura est\u00e1 organizando e data mais prov\u00e1vel \u00e9 de 28 a 31 de julho.","breadcrumb":{"@id":"https:\/\/marcelolopes.jor.br\/site\/2022\/05\/20\/exposicao-de-recreio-deve-acontecer-na-ultima-semana-de-julho\/#breadcrumb"},"inLanguage":"pt-BR","potentialAction":[{"@type":"ReadAction","target":["https:\/\/marcelolopes.jor.br\/site\/2022\/05\/20\/exposicao-de-recreio-deve-acontecer-na-ultima-semana-de-julho\/"]}]},{"@type":"ImageObject","inLanguage":"pt-BR","@id":"https:\/\/marcelolopes.jor.br\/site\/2022\/05\/20\/exposicao-de-recreio-deve-acontecer-na-ultima-semana-de-julho\/#primaryimage","url":"https:\/\/marcelolopes.jor.br\/site\/wp-content\/uploads\/2022\/05\/Expo-Recreio.jpeg","contentUrl":"https:\/\/marcelolopes.jor.br\/site\/wp-content\/uploads\/2022\/05\/Expo-Recreio.jpeg","width":800,"height":510},{"@type":"BreadcrumbList","@id":"https:\/\/marcelolopes.jor.br\/site\/2022\/05\/20\/exposicao-de-recreio-deve-acontecer-na-ultima-semana-de-julho\/#breadcrumb","itemListElement":[{"@type":"ListItem","position":1,"name":"Home","item":"https:\/\/marcelolopes.jor.br\/site\/"},{"@type":"ListItem","position":2,"name":"Exposi\u00e7\u00e3o de Recreio deve acontecer na \u00faltima semana de julho"}]},{"@type":"WebSite","@id":"https:\/\/marcelolopes.jor.br\/site\/#website","url":"https:\/\/marcelolopes.jor.br\/site\/","name":"Marcelo Lopes","description":"Not\u00edcias de Cataguases e Regi\u00e3o","publisher":{"@id":"https:\/\/marcelolopes.jor.br\/site\/#organization"},"potentialAction":[{"@type":"SearchAction","target":{"@type":"EntryPoint","urlTemplate":"https:\/\/marcelolopes.jor.br\/site\/?s={search_term_string}"},"query-input":{"@type":"PropertyValueSpecification","valueRequired":true,"valueName":"search_term_string"}}],"inLanguage":"pt-BR"},{"@type":"Organization","@id":"https:\/\/marcelolopes.jor.br\/site\/#organization","name":"Site do Marcelo Lopes","url":"https:\/\/marcelolopes.jor.br\/site\/","logo":{"@type":"ImageObject","inLanguage":"pt-BR","@id":"https:\/\/marcelolopes.jor.br\/site\/#\/schema\/logo\/image\/","url":"https:\/\/marcelolopes.jor.br\/site\/wp-content\/uploads\/2024\/11\/logo-1.png","contentUrl":"https:\/\/marcelolopes.jor.br\/site\/wp-content\/uploads\/2024\/11\/logo-1.png","width":475,"height":80,"caption":"Site do Marcelo Lopes"},"image":{"@id":"https:\/\/marcelolopes.jor.br\/site\/#\/schema\/logo\/image\/"},"sameAs":["https:\/\/www.facebook.com\/sitedomarcelolopes","https:\/\/www.instagram.com\/sitedomarcelolopes\/","https:\/\/www.linkedin.com\/company\/site-do-marcelo-lopes\/","https:\/\/www.youtube.com\/user\/marcelolopes957"]},{"@type":"Person","@id":"https:\/\/marcelolopes.jor.br\/site\/#\/schema\/person\/3e7216a35c34d8fdf952b31da3d1f89f","name":"Marcelo Lopes","sameAs":["http:\/\/www.marcelolopes.jor.br"],"url":"https:\/\/marcelolopes.jor.br\/site\/author\/marcelo\/"}]}},"wps_subtitle":"A data ainda n\u00e3o est\u00e1 confirmada, mas deve acontecer entre 28 e 31 de julho.","_links":{"self":[{"href":"https:\/\/marcelolopes.jor.br\/site\/wp-json\/wp\/v2\/posts\/33184","targetHints":{"allow":["GET"]}}],"collection":[{"href":"https:\/\/marcelolopes.jor.br\/site\/wp-json\/wp\/v2\/posts"}],"about":[{"href":"https:\/\/marcelolopes.jor.br\/site\/wp-json\/wp\/v2\/types\/post"}],"author":[{"embeddable":true,"href":"https:\/\/marcelolopes.jor.br\/site\/wp-json\/wp\/v2\/users\/2"}],"replies":[{"embeddable":true,"href":"https:\/\/marcelolopes.jor.br\/site\/wp-json\/wp\/v2\/comments?post=33184"}],"version-history":[{"count":0,"href":"https:\/\/marcelolopes.jor.br\/site\/wp-json\/wp\/v2\/posts\/33184\/revisions"}],"wp:featuredmedia":[{"embeddable":true,"href":"https:\/\/marcelolopes.jor.br\/site\/wp-json\/wp\/v2\/media\/33185"}],"wp:attachment":[{"href":"https:\/\/marcelolopes.jor.br\/site\/wp-json\/wp\/v2\/media?parent=33184"}],"wp:term":[{"taxonomy":"category","embeddable":true,"href":"https:\/\/marcelolopes.jor.br\/site\/wp-json\/wp\/v2\/categories?post=33184"},{"taxonomy":"post_tag","embeddable":true,"href":"https:\/\/marcelolopes.jor.br\/site\/wp-json\/wp\/v2\/tags?post=33184"}],"curies":[{"name":"wp","href":"https:\/\/api.w.org\/{rel}","templated":true}]}}