{"id":33168,"date":"2022-05-18T20:00:22","date_gmt":"2022-05-18T23:00:22","guid":{"rendered":"https:\/\/marcelolopes.jor.br\/?p=33168"},"modified":"2022-05-18T19:20:54","modified_gmt":"2022-05-18T22:20:54","slug":"oito-milhoes-terao-que-se-recadastrar-para-receberem-o-auxilio-brasil","status":"publish","type":"post","link":"https:\/\/marcelolopes.jor.br\/site\/2022\/05\/18\/oito-milhoes-terao-que-se-recadastrar-para-receberem-o-auxilio-brasil\/","title":{"rendered":"Oito milh\u00f5es ter\u00e3o que se recadastrar para receberem o Aux\u00edlio Brasil"},"content":{"rendered":"<p style=\"text-align: justify;\">Um total de 8 milh\u00f5es de benefici\u00e1rios do Aux\u00edlio Brasil, da Tarifa Social de Energia El\u00e9trica e do BPC (Benef\u00edcio de Presta\u00e7\u00e3o Continuada) inscritos no Cad\u00danico (Cadastro \u00danico) v\u00e3o passar por averigua\u00e7\u00e3o cadastral ou revis\u00e3o, segundo informa\u00e7\u00f5es do Minist\u00e9rio da Cidadania.<!--more--><\/p>\n<p style=\"text-align: justify;\">Os procedimentos, que estavam suspensos durante a pandemia de Covid-19, voltaram a valer neste ano. Por lei, as fam\u00edlias inscritas no Cad\u00danico devem atualizar as informa\u00e7\u00f5es a cada dois anos ou sempre que houver alguma altera\u00e7\u00e3o na composi\u00e7\u00e3o familiar, no endere\u00e7o ou no trabalho e rendimento de algum dos membros.<\/p>\n<p>No caso da averigua\u00e7\u00e3o cadastral, o procedimento deve envolver cidad\u00e3os que tenham diverg\u00eancias entre os dados do Cad\u00danico e de outras bases do governo. Ao todo, cerca de 6,6 milh\u00f5es de benefici\u00e1rios dever\u00e3o passar por averigua\u00e7\u00e3o. No caso da revis\u00e3o, a medida envolve 1,4 milh\u00e3o que recebe BPC.<\/p>\n<p style=\"text-align: justify;\">Os cidad\u00e3os que foram inclu\u00eddos na averigua\u00e7\u00e3o cadastral t\u00eam at\u00e9 o m\u00eas de julho para regularizar a situa\u00e7\u00e3o, segundo o Minist\u00e9rio. Caso contr\u00e1rio, podem perder o benef\u00edcio. J\u00e1 o prazo para os benefici\u00e1rios do BPC que precisarem passar pela revis\u00e3o vai at\u00e9 dezembro. Depois disso, tamb\u00e9m poder\u00e3o ter a renda cortada.<\/p>\n<p style=\"text-align: justify;\">A revis\u00e3o do BPC \u00e9 limitada. De acordo com o minist\u00e9rio, est\u00e3o sendo convocados os benefici\u00e1rios que passaram pelo procedimento pela \u00faltima vez em 2016 e 2017. Quem fez revis\u00e3o em 2018 e 2019 ser\u00e1 convocado apenas no ano que vem.<\/p>\n<p>Em nota, o minist\u00e9rio afirma que a \u201catualiza\u00e7\u00e3o cadastral \u00e9 fundamental para assegurar a qualidade dos dados e garantir que as informa\u00e7\u00f5es registradas na base do Cadastro \u00danico estejam sempre de acordo com a realidade das fam\u00edlias\u201d.<\/p>\n<h4 style=\"text-align: justify;\">O que fazer<\/h4>\n<p style=\"text-align: justify;\">O cidad\u00e3o recebe um aviso de que precisa passar pela revis\u00e3o ou averigua\u00e7\u00e3o. As fam\u00edlias do Aux\u00edlio Brasil receber\u00e3o mensagens no extrato de pagamento do benef\u00edcio e pelo aplicativo do programa.<\/p>\n<p style=\"text-align: justify;\">J\u00e1 os benefici\u00e1rios da Tarifa Social de Energia El\u00e9trica podem receber comunicados por mensagem na conta de luz. H\u00e1 duas formas de atualizar seus dados, por meio do app Cad\u00danico e pelo site <a href=\"http:\/\/cadunico.dataprev.gov.br\"><strong><span style=\"color: #800080;\">cadunico.dataprev.gov.br<\/span><\/strong><\/a>. O cidad\u00e3o pode tentar acessar o site usando seus dados pessoais ou por meio de senha do portal gov.br.<\/p>\n<p style=\"text-align: justify;\">Se n\u00e3o conseguir, ter\u00e1 de procurar um dos postos respons\u00e1veis pelo cadastro em seu munic\u00edpio. Quem faz a atualiza\u00e7\u00e3o \u00e9 o respons\u00e1vel pela unidade familiar.<\/p>\n<p style=\"text-align: justify;\">O Minist\u00e9rio da Cidadania afirma que o aplicativo do Cadastro \u00danico \u00e9 uma das ferramentas mais f\u00e1ceis para a atualiza\u00e7\u00e3o. L\u00e1, \u00e9 poss\u00edvel conferir se os dados est\u00e3o corretos.<\/p>\n<p style=\"text-align: justify;\">Caso n\u00e3o tenha ocorrido nenhuma altera\u00e7\u00e3o nas informa\u00e7\u00f5es prestadas na \u00faltima entrevista, a fam\u00edlia poder\u00e1 fazer a atualiza\u00e7\u00e3o pelo aplicativo do Cadastro \u00danico, apenas confirmando os dados. Mas, se for alterar alguma informa\u00e7\u00e3o, \u00e9 necess\u00e1rio comparecer a um posto de cadastramento para uma nova entrevista de atualiza\u00e7\u00e3o cadastral.<\/p>\n<p style=\"text-align: justify;\"><strong>NOT\u00cdCIAS RELACIONADAS:<\/strong><\/p>\n<p><a href=\"https:\/\/marcelolopes.jor.br\/2021\/11\/07\/conheca-o-auxilio-brasil-que-vai-substituir-o-bolsa-familia\/\"><strong><span style=\"color: #800080;\">Conhe\u00e7a o Aux\u00edlio Brasil que vai substituir o Bolsa Fam\u00edlia<\/span><\/strong><\/a><\/p>\n<p><a href=\"https:\/\/marcelolopes.jor.br\/2021\/10\/14\/governo-de-minas-comeca-a-pagar-o-auxilio-emergencial-de-r-600\/\"><strong><span style=\"color: #800080;\">Governo de Minas come\u00e7a a pagar o aux\u00edlio emergencial de R$ 600<\/span><\/strong><\/a><\/p>\n<p><a href=\"https:\/\/marcelolopes.jor.br\/2022\/01\/16\/auxilio-gas-vai-comecar-a-ser-pago-na-proxima-terca-feira-18\/\"><strong><span style=\"color: #800080;\">Aux\u00edlio G\u00e1s vai come\u00e7ar a ser pago na pr\u00f3xima ter\u00e7a-feira, 18<\/span><\/strong><\/a><\/p>\n<p>Fonte: Folhapress | Foto: Reprodu\u00e7\u00e3o<\/p>\n<div class=\"adyuq6a956eea6d97a\" ><br><\/div><style type=\"text\/css\">\r\n@media screen and (min-width: 1201px) {\r\n.adyuq6a956eea6d97a {\r\ndisplay: block;\r\n}\r\n}\r\n@media screen and (min-width: 993px) and (max-width: 1200px) {\r\n.adyuq6a956eea6d97a {\r\ndisplay: block;\r\n}\r\n}\r\n@media screen and (min-width: 769px) and (max-width: 992px) {\r\n.adyuq6a956eea6d97a {\r\ndisplay: block;\r\n}\r\n}\r\n@media screen and (min-width: 768px) and (max-width: 768px) {\r\n.adyuq6a956eea6d97a {\r\ndisplay: block;\r\n}\r\n}\r\n@media screen and (max-width: 767px) {\r\n.adyuq6a956eea6d97a {\r\ndisplay: block;\r\n}\r\n}\r\n<\/style>\r\n<div class=\"hyggk6a956eea756d3\" ><div id=\"div_destino\"><\/div>\r\n<script src=\"https:\/\/cdn.snsrsv.com\/sdk.js\"><\/script>\r\n<script >\r\n      new sdk(\"464030C30061EA8BE065000000000001\") \r\n          .appendTo(\"div_destino\")\r\n          .disableStyle(true) \r\n          .setCacheBusterMacro(\"%%CACHEBUSTER%%\")\r\n          .setSize(\"800\",\"214\")\r\n          .setClickMacro(\"%%CLICK_URL_ESC%%\") \r\n          .setReferrerUrlMacro(\"%%REFERRER_URL_ESC%%\") \r\n          .start(); \r\n<\/script><\/div><style type=\"text\/css\">\r\n@media screen and (min-width: 1201px) {\r\n.hyggk6a956eea756d3 {\r\ndisplay: block;\r\n}\r\n}\r\n@media screen and (min-width: 993px) and (max-width: 1200px) {\r\n.hyggk6a956eea756d3 {\r\ndisplay: block;\r\n}\r\n}\r\n@media screen and (min-width: 769px) and (max-width: 992px) {\r\n.hyggk6a956eea756d3 {\r\ndisplay: block;\r\n}\r\n}\r\n@media screen and (min-width: 768px) and (max-width: 768px) {\r\n.hyggk6a956eea756d3 {\r\ndisplay: block;\r\n}\r\n}\r\n@media screen and (max-width: 767px) {\r\n.hyggk6a956eea756d3 {\r\ndisplay: block;\r\n}\r\n}\r\n<\/style>\r\n","protected":false},"excerpt":{"rendered":"<p>Um total de 8 milh\u00f5es de benefici\u00e1rios do Aux\u00edlio Brasil, da Tarifa Social de Energia El\u00e9trica e do BPC (Benef\u00edcio de Presta\u00e7\u00e3o Continuada) inscritos no Cad\u00danico (Cadastro \u00danico) v\u00e3o passar por averigua\u00e7\u00e3o cadastral ou revis\u00e3o, segundo informa\u00e7\u00f5es do Minist\u00e9rio da<\/p>\n<p class=\"link-more\"><a class=\"more-link\" href=\"https:\/\/marcelolopes.jor.br\/site\/2022\/05\/18\/oito-milhoes-terao-que-se-recadastrar-para-receberem-o-auxilio-brasil\/\">Leia mais <span class=\"screen-reader-text\">Oito milh\u00f5es ter\u00e3o que se recadastrar para receberem o Aux\u00edlio Brasil<\/span><\/a><\/p>\n","protected":false},"author":2,"featured_media":33169,"comment_status":"open","ping_status":"open","sticky":false,"template":"","format":"standard","meta":{"footnotes":""},"categories":[1],"tags":[4989,3849,2458,2087],"class_list":["post-33168","post","type-post","status-publish","format-standard","has-post-thumbnail","hentry","category-noticias","tag-auxilio-brasil","tag-cadastro-unico","tag-ministerio-da-cidadania","tag-recadastramento","thumb-below-title"],"yoast_head":"<!-- This site is optimized with the Yoast SEO plugin v28.3 - https:\/\/yoast.com\/product\/yoast-seo-wordpress\/ -->\n<title>Oito milh\u00f5es ter\u00e3o que se recadastrar para receberem o Aux\u00edlio Brasil<\/title>\n<meta name=\"description\" content=\"Oito mIlh\u00f5es ter\u00e3o que se recadastrar para receberem o Aux\u00edlio Brasil. As informa\u00e7\u00f5es s\u00e3o do Minis\u00e9trio da Cidadania.\" \/>\n<meta name=\"robots\" content=\"index, follow, max-snippet:-1, max-image-preview:large, max-video-preview:-1\" \/>\n<link rel=\"canonical\" href=\"https:\/\/marcelolopes.jor.br\/site\/2022\/05\/18\/oito-milhoes-terao-que-se-recadastrar-para-receberem-o-auxilio-brasil\/\" \/>\n<meta property=\"og:locale\" content=\"pt_BR\" \/>\n<meta property=\"og:type\" content=\"article\" \/>\n<meta property=\"og:title\" content=\"Oito milh\u00f5es ter\u00e3o que se recadastrar para receberem o Aux\u00edlio Brasil\" \/>\n<meta property=\"og:description\" content=\"Oito mIlh\u00f5es ter\u00e3o que se recadastrar para receberem o Aux\u00edlio Brasil. As informa\u00e7\u00f5es s\u00e3o do Minis\u00e9trio da Cidadania.\" \/>\n<meta property=\"og:url\" content=\"https:\/\/marcelolopes.jor.br\/site\/2022\/05\/18\/oito-milhoes-terao-que-se-recadastrar-para-receberem-o-auxilio-brasil\/\" \/>\n<meta property=\"og:site_name\" content=\"Marcelo Lopes\" \/>\n<meta property=\"article:publisher\" content=\"https:\/\/www.facebook.com\/sitedomarcelolopes\" \/>\n<meta property=\"article:published_time\" content=\"2022-05-18T23:00:22+00:00\" \/>\n<meta property=\"og:image\" content=\"https:\/\/marcelolopes.jor.br\/site\/wp-content\/uploads\/2022\/05\/Auxilio-Brasil.webp\" \/>\n\t<meta property=\"og:image:width\" content=\"876\" \/>\n\t<meta property=\"og:image:height\" content=\"484\" \/>\n\t<meta property=\"og:image:type\" content=\"image\/webp\" \/>\n<meta name=\"author\" content=\"Marcelo Lopes\" \/>\n<meta name=\"twitter:card\" content=\"summary_large_image\" \/>\n<meta name=\"twitter:label1\" content=\"Escrito por\" \/>\n\t<meta name=\"twitter:data1\" content=\"Marcelo Lopes\" \/>\n\t<meta name=\"twitter:label2\" content=\"Est. tempo de leitura\" \/>\n\t<meta name=\"twitter:data2\" content=\"3 minutos\" \/>\n<script type=\"application\/ld+json\" class=\"yoast-schema-graph\">{\"@context\":\"https:\\\/\\\/schema.org\",\"@graph\":[{\"@type\":\"NewsArticle\",\"@id\":\"https:\\\/\\\/marcelolopes.jor.br\\\/site\\\/2022\\\/05\\\/18\\\/oito-milhoes-terao-que-se-recadastrar-para-receberem-o-auxilio-brasil\\\/#article\",\"isPartOf\":{\"@id\":\"https:\\\/\\\/marcelolopes.jor.br\\\/site\\\/2022\\\/05\\\/18\\\/oito-milhoes-terao-que-se-recadastrar-para-receberem-o-auxilio-brasil\\\/\"},\"author\":{\"name\":\"Marcelo Lopes\",\"@id\":\"https:\\\/\\\/marcelolopes.jor.br\\\/site\\\/#\\\/schema\\\/person\\\/3e7216a35c34d8fdf952b31da3d1f89f\"},\"headline\":\"Oito milh\u00f5es ter\u00e3o que se recadastrar para receberem o Aux\u00edlio Brasil\",\"datePublished\":\"2022-05-18T23:00:22+00:00\",\"mainEntityOfPage\":{\"@id\":\"https:\\\/\\\/marcelolopes.jor.br\\\/site\\\/2022\\\/05\\\/18\\\/oito-milhoes-terao-que-se-recadastrar-para-receberem-o-auxilio-brasil\\\/\"},\"wordCount\":590,\"commentCount\":0,\"publisher\":{\"@id\":\"https:\\\/\\\/marcelolopes.jor.br\\\/site\\\/#organization\"},\"image\":{\"@id\":\"https:\\\/\\\/marcelolopes.jor.br\\\/site\\\/2022\\\/05\\\/18\\\/oito-milhoes-terao-que-se-recadastrar-para-receberem-o-auxilio-brasil\\\/#primaryimage\"},\"thumbnailUrl\":\"https:\\\/\\\/marcelolopes.jor.br\\\/site\\\/wp-content\\\/uploads\\\/2022\\\/05\\\/Auxilio-Brasil.webp\",\"keywords\":[\"Aux\u00edlio Brasil\",\"cadastro \u00fanico\",\"minist\u00e9rio da cidadania\",\"recadastramento\"],\"articleSection\":[\"Not\u00edcias\"],\"inLanguage\":\"pt-BR\",\"potentialAction\":[{\"@type\":\"CommentAction\",\"name\":\"Comment\",\"target\":[\"https:\\\/\\\/marcelolopes.jor.br\\\/site\\\/2022\\\/05\\\/18\\\/oito-milhoes-terao-que-se-recadastrar-para-receberem-o-auxilio-brasil\\\/#respond\"]}]},{\"@type\":\"WebPage\",\"@id\":\"https:\\\/\\\/marcelolopes.jor.br\\\/site\\\/2022\\\/05\\\/18\\\/oito-milhoes-terao-que-se-recadastrar-para-receberem-o-auxilio-brasil\\\/\",\"url\":\"https:\\\/\\\/marcelolopes.jor.br\\\/site\\\/2022\\\/05\\\/18\\\/oito-milhoes-terao-que-se-recadastrar-para-receberem-o-auxilio-brasil\\\/\",\"name\":\"Oito milh\u00f5es ter\u00e3o que se recadastrar para receberem o Aux\u00edlio Brasil\",\"isPartOf\":{\"@id\":\"https:\\\/\\\/marcelolopes.jor.br\\\/site\\\/#website\"},\"primaryImageOfPage\":{\"@id\":\"https:\\\/\\\/marcelolopes.jor.br\\\/site\\\/2022\\\/05\\\/18\\\/oito-milhoes-terao-que-se-recadastrar-para-receberem-o-auxilio-brasil\\\/#primaryimage\"},\"image\":{\"@id\":\"https:\\\/\\\/marcelolopes.jor.br\\\/site\\\/2022\\\/05\\\/18\\\/oito-milhoes-terao-que-se-recadastrar-para-receberem-o-auxilio-brasil\\\/#primaryimage\"},\"thumbnailUrl\":\"https:\\\/\\\/marcelolopes.jor.br\\\/site\\\/wp-content\\\/uploads\\\/2022\\\/05\\\/Auxilio-Brasil.webp\",\"datePublished\":\"2022-05-18T23:00:22+00:00\",\"description\":\"Oito mIlh\u00f5es ter\u00e3o que se recadastrar para receberem o Aux\u00edlio Brasil. As informa\u00e7\u00f5es s\u00e3o do Minis\u00e9trio da Cidadania.\",\"breadcrumb\":{\"@id\":\"https:\\\/\\\/marcelolopes.jor.br\\\/site\\\/2022\\\/05\\\/18\\\/oito-milhoes-terao-que-se-recadastrar-para-receberem-o-auxilio-brasil\\\/#breadcrumb\"},\"inLanguage\":\"pt-BR\",\"potentialAction\":[{\"@type\":\"ReadAction\",\"target\":[\"https:\\\/\\\/marcelolopes.jor.br\\\/site\\\/2022\\\/05\\\/18\\\/oito-milhoes-terao-que-se-recadastrar-para-receberem-o-auxilio-brasil\\\/\"]}]},{\"@type\":\"ImageObject\",\"inLanguage\":\"pt-BR\",\"@id\":\"https:\\\/\\\/marcelolopes.jor.br\\\/site\\\/2022\\\/05\\\/18\\\/oito-milhoes-terao-que-se-recadastrar-para-receberem-o-auxilio-brasil\\\/#primaryimage\",\"url\":\"https:\\\/\\\/marcelolopes.jor.br\\\/site\\\/wp-content\\\/uploads\\\/2022\\\/05\\\/Auxilio-Brasil.webp\",\"contentUrl\":\"https:\\\/\\\/marcelolopes.jor.br\\\/site\\\/wp-content\\\/uploads\\\/2022\\\/05\\\/Auxilio-Brasil.webp\",\"width\":876,\"height\":484},{\"@type\":\"BreadcrumbList\",\"@id\":\"https:\\\/\\\/marcelolopes.jor.br\\\/site\\\/2022\\\/05\\\/18\\\/oito-milhoes-terao-que-se-recadastrar-para-receberem-o-auxilio-brasil\\\/#breadcrumb\",\"itemListElement\":[{\"@type\":\"ListItem\",\"position\":1,\"name\":\"Home\",\"item\":\"https:\\\/\\\/marcelolopes.jor.br\\\/site\\\/\"},{\"@type\":\"ListItem\",\"position\":2,\"name\":\"Oito milh\u00f5es ter\u00e3o que se recadastrar para receberem o Aux\u00edlio Brasil\"}]},{\"@type\":\"WebSite\",\"@id\":\"https:\\\/\\\/marcelolopes.jor.br\\\/site\\\/#website\",\"url\":\"https:\\\/\\\/marcelolopes.jor.br\\\/site\\\/\",\"name\":\"Marcelo Lopes\",\"description\":\"Not\u00edcias de Cataguases e Regi\u00e3o\",\"publisher\":{\"@id\":\"https:\\\/\\\/marcelolopes.jor.br\\\/site\\\/#organization\"},\"potentialAction\":[{\"@type\":\"SearchAction\",\"target\":{\"@type\":\"EntryPoint\",\"urlTemplate\":\"https:\\\/\\\/marcelolopes.jor.br\\\/site\\\/?s={search_term_string}\"},\"query-input\":{\"@type\":\"PropertyValueSpecification\",\"valueRequired\":true,\"valueName\":\"search_term_string\"}}],\"inLanguage\":\"pt-BR\"},{\"@type\":\"Organization\",\"@id\":\"https:\\\/\\\/marcelolopes.jor.br\\\/site\\\/#organization\",\"name\":\"Site do Marcelo Lopes\",\"url\":\"https:\\\/\\\/marcelolopes.jor.br\\\/site\\\/\",\"logo\":{\"@type\":\"ImageObject\",\"inLanguage\":\"pt-BR\",\"@id\":\"https:\\\/\\\/marcelolopes.jor.br\\\/site\\\/#\\\/schema\\\/logo\\\/image\\\/\",\"url\":\"https:\\\/\\\/marcelolopes.jor.br\\\/site\\\/wp-content\\\/uploads\\\/2026\\\/07\\\/cropped-logo2026.png\",\"contentUrl\":\"https:\\\/\\\/marcelolopes.jor.br\\\/site\\\/wp-content\\\/uploads\\\/2026\\\/07\\\/cropped-logo2026.png\",\"width\":328,\"height\":96,\"caption\":\"Site do Marcelo Lopes\"},\"image\":{\"@id\":\"https:\\\/\\\/marcelolopes.jor.br\\\/site\\\/#\\\/schema\\\/logo\\\/image\\\/\"},\"sameAs\":[\"https:\\\/\\\/www.facebook.com\\\/sitedomarcelolopes\",\"https:\\\/\\\/www.instagram.com\\\/sitedomarcelolopes\\\/\",\"https:\\\/\\\/www.linkedin.com\\\/company\\\/site-do-marcelo-lopes\\\/\",\"https:\\\/\\\/www.youtube.com\\\/user\\\/marcelolopes957\"]},{\"@type\":\"Person\",\"@id\":\"https:\\\/\\\/marcelolopes.jor.br\\\/site\\\/#\\\/schema\\\/person\\\/3e7216a35c34d8fdf952b31da3d1f89f\",\"name\":\"Marcelo Lopes\",\"sameAs\":[\"http:\\\/\\\/www.marcelolopes.jor.br\"],\"url\":\"https:\\\/\\\/marcelolopes.jor.br\\\/site\\\/author\\\/marcelo\\\/\"}]}<\/script>\n<!-- \/ Yoast SEO plugin. -->","yoast_head_json":{"title":"Oito milh\u00f5es ter\u00e3o que se recadastrar para receberem o Aux\u00edlio Brasil","description":"Oito mIlh\u00f5es ter\u00e3o que se recadastrar para receberem o Aux\u00edlio Brasil. As informa\u00e7\u00f5es s\u00e3o do Minis\u00e9trio da Cidadania.","robots":{"index":"index","follow":"follow","max-snippet":"max-snippet:-1","max-image-preview":"max-image-preview:large","max-video-preview":"max-video-preview:-1"},"canonical":"https:\/\/marcelolopes.jor.br\/site\/2022\/05\/18\/oito-milhoes-terao-que-se-recadastrar-para-receberem-o-auxilio-brasil\/","og_locale":"pt_BR","og_type":"article","og_title":"Oito milh\u00f5es ter\u00e3o que se recadastrar para receberem o Aux\u00edlio Brasil","og_description":"Oito mIlh\u00f5es ter\u00e3o que se recadastrar para receberem o Aux\u00edlio Brasil. As informa\u00e7\u00f5es s\u00e3o do Minis\u00e9trio da Cidadania.","og_url":"https:\/\/marcelolopes.jor.br\/site\/2022\/05\/18\/oito-milhoes-terao-que-se-recadastrar-para-receberem-o-auxilio-brasil\/","og_site_name":"Marcelo Lopes","article_publisher":"https:\/\/www.facebook.com\/sitedomarcelolopes","article_published_time":"2022-05-18T23:00:22+00:00","og_image":[{"width":876,"height":484,"url":"https:\/\/marcelolopes.jor.br\/site\/wp-content\/uploads\/2022\/05\/Auxilio-Brasil.webp","type":"image\/webp"}],"author":"Marcelo Lopes","twitter_card":"summary_large_image","twitter_misc":{"Escrito por":"Marcelo Lopes","Est. tempo de leitura":"3 minutos"},"schema":{"@context":"https:\/\/schema.org","@graph":[{"@type":"NewsArticle","@id":"https:\/\/marcelolopes.jor.br\/site\/2022\/05\/18\/oito-milhoes-terao-que-se-recadastrar-para-receberem-o-auxilio-brasil\/#article","isPartOf":{"@id":"https:\/\/marcelolopes.jor.br\/site\/2022\/05\/18\/oito-milhoes-terao-que-se-recadastrar-para-receberem-o-auxilio-brasil\/"},"author":{"name":"Marcelo Lopes","@id":"https:\/\/marcelolopes.jor.br\/site\/#\/schema\/person\/3e7216a35c34d8fdf952b31da3d1f89f"},"headline":"Oito milh\u00f5es ter\u00e3o que se recadastrar para receberem o Aux\u00edlio Brasil","datePublished":"2022-05-18T23:00:22+00:00","mainEntityOfPage":{"@id":"https:\/\/marcelolopes.jor.br\/site\/2022\/05\/18\/oito-milhoes-terao-que-se-recadastrar-para-receberem-o-auxilio-brasil\/"},"wordCount":590,"commentCount":0,"publisher":{"@id":"https:\/\/marcelolopes.jor.br\/site\/#organization"},"image":{"@id":"https:\/\/marcelolopes.jor.br\/site\/2022\/05\/18\/oito-milhoes-terao-que-se-recadastrar-para-receberem-o-auxilio-brasil\/#primaryimage"},"thumbnailUrl":"https:\/\/marcelolopes.jor.br\/site\/wp-content\/uploads\/2022\/05\/Auxilio-Brasil.webp","keywords":["Aux\u00edlio Brasil","cadastro \u00fanico","minist\u00e9rio da cidadania","recadastramento"],"articleSection":["Not\u00edcias"],"inLanguage":"pt-BR","potentialAction":[{"@type":"CommentAction","name":"Comment","target":["https:\/\/marcelolopes.jor.br\/site\/2022\/05\/18\/oito-milhoes-terao-que-se-recadastrar-para-receberem-o-auxilio-brasil\/#respond"]}]},{"@type":"WebPage","@id":"https:\/\/marcelolopes.jor.br\/site\/2022\/05\/18\/oito-milhoes-terao-que-se-recadastrar-para-receberem-o-auxilio-brasil\/","url":"https:\/\/marcelolopes.jor.br\/site\/2022\/05\/18\/oito-milhoes-terao-que-se-recadastrar-para-receberem-o-auxilio-brasil\/","name":"Oito milh\u00f5es ter\u00e3o que se recadastrar para receberem o Aux\u00edlio Brasil","isPartOf":{"@id":"https:\/\/marcelolopes.jor.br\/site\/#website"},"primaryImageOfPage":{"@id":"https:\/\/marcelolopes.jor.br\/site\/2022\/05\/18\/oito-milhoes-terao-que-se-recadastrar-para-receberem-o-auxilio-brasil\/#primaryimage"},"image":{"@id":"https:\/\/marcelolopes.jor.br\/site\/2022\/05\/18\/oito-milhoes-terao-que-se-recadastrar-para-receberem-o-auxilio-brasil\/#primaryimage"},"thumbnailUrl":"https:\/\/marcelolopes.jor.br\/site\/wp-content\/uploads\/2022\/05\/Auxilio-Brasil.webp","datePublished":"2022-05-18T23:00:22+00:00","description":"Oito mIlh\u00f5es ter\u00e3o que se recadastrar para receberem o Aux\u00edlio Brasil. As informa\u00e7\u00f5es s\u00e3o do Minis\u00e9trio da Cidadania.","breadcrumb":{"@id":"https:\/\/marcelolopes.jor.br\/site\/2022\/05\/18\/oito-milhoes-terao-que-se-recadastrar-para-receberem-o-auxilio-brasil\/#breadcrumb"},"inLanguage":"pt-BR","potentialAction":[{"@type":"ReadAction","target":["https:\/\/marcelolopes.jor.br\/site\/2022\/05\/18\/oito-milhoes-terao-que-se-recadastrar-para-receberem-o-auxilio-brasil\/"]}]},{"@type":"ImageObject","inLanguage":"pt-BR","@id":"https:\/\/marcelolopes.jor.br\/site\/2022\/05\/18\/oito-milhoes-terao-que-se-recadastrar-para-receberem-o-auxilio-brasil\/#primaryimage","url":"https:\/\/marcelolopes.jor.br\/site\/wp-content\/uploads\/2022\/05\/Auxilio-Brasil.webp","contentUrl":"https:\/\/marcelolopes.jor.br\/site\/wp-content\/uploads\/2022\/05\/Auxilio-Brasil.webp","width":876,"height":484},{"@type":"BreadcrumbList","@id":"https:\/\/marcelolopes.jor.br\/site\/2022\/05\/18\/oito-milhoes-terao-que-se-recadastrar-para-receberem-o-auxilio-brasil\/#breadcrumb","itemListElement":[{"@type":"ListItem","position":1,"name":"Home","item":"https:\/\/marcelolopes.jor.br\/site\/"},{"@type":"ListItem","position":2,"name":"Oito milh\u00f5es ter\u00e3o que se recadastrar para receberem o Aux\u00edlio Brasil"}]},{"@type":"WebSite","@id":"https:\/\/marcelolopes.jor.br\/site\/#website","url":"https:\/\/marcelolopes.jor.br\/site\/","name":"Marcelo Lopes","description":"Not\u00edcias de Cataguases e Regi\u00e3o","publisher":{"@id":"https:\/\/marcelolopes.jor.br\/site\/#organization"},"potentialAction":[{"@type":"SearchAction","target":{"@type":"EntryPoint","urlTemplate":"https:\/\/marcelolopes.jor.br\/site\/?s={search_term_string}"},"query-input":{"@type":"PropertyValueSpecification","valueRequired":true,"valueName":"search_term_string"}}],"inLanguage":"pt-BR"},{"@type":"Organization","@id":"https:\/\/marcelolopes.jor.br\/site\/#organization","name":"Site do Marcelo Lopes","url":"https:\/\/marcelolopes.jor.br\/site\/","logo":{"@type":"ImageObject","inLanguage":"pt-BR","@id":"https:\/\/marcelolopes.jor.br\/site\/#\/schema\/logo\/image\/","url":"https:\/\/marcelolopes.jor.br\/site\/wp-content\/uploads\/2026\/07\/cropped-logo2026.png","contentUrl":"https:\/\/marcelolopes.jor.br\/site\/wp-content\/uploads\/2026\/07\/cropped-logo2026.png","width":328,"height":96,"caption":"Site do Marcelo Lopes"},"image":{"@id":"https:\/\/marcelolopes.jor.br\/site\/#\/schema\/logo\/image\/"},"sameAs":["https:\/\/www.facebook.com\/sitedomarcelolopes","https:\/\/www.instagram.com\/sitedomarcelolopes\/","https:\/\/www.linkedin.com\/company\/site-do-marcelo-lopes\/","https:\/\/www.youtube.com\/user\/marcelolopes957"]},{"@type":"Person","@id":"https:\/\/marcelolopes.jor.br\/site\/#\/schema\/person\/3e7216a35c34d8fdf952b31da3d1f89f","name":"Marcelo Lopes","sameAs":["http:\/\/www.marcelolopes.jor.br"],"url":"https:\/\/marcelolopes.jor.br\/site\/author\/marcelo\/"}]}},"wps_subtitle":"As informa\u00e7\u00f5es s\u00e3o do Minist\u00e9rio da Cidadania. Veja o que fazer.","_links":{"self":[{"href":"https:\/\/marcelolopes.jor.br\/site\/wp-json\/wp\/v2\/posts\/33168","targetHints":{"allow":["GET"]}}],"collection":[{"href":"https:\/\/marcelolopes.jor.br\/site\/wp-json\/wp\/v2\/posts"}],"about":[{"href":"https:\/\/marcelolopes.jor.br\/site\/wp-json\/wp\/v2\/types\/post"}],"author":[{"embeddable":true,"href":"https:\/\/marcelolopes.jor.br\/site\/wp-json\/wp\/v2\/users\/2"}],"replies":[{"embeddable":true,"href":"https:\/\/marcelolopes.jor.br\/site\/wp-json\/wp\/v2\/comments?post=33168"}],"version-history":[{"count":0,"href":"https:\/\/marcelolopes.jor.br\/site\/wp-json\/wp\/v2\/posts\/33168\/revisions"}],"wp:featuredmedia":[{"embeddable":true,"href":"https:\/\/marcelolopes.jor.br\/site\/wp-json\/wp\/v2\/media\/33169"}],"wp:attachment":[{"href":"https:\/\/marcelolopes.jor.br\/site\/wp-json\/wp\/v2\/media?parent=33168"}],"wp:term":[{"taxonomy":"category","embeddable":true,"href":"https:\/\/marcelolopes.jor.br\/site\/wp-json\/wp\/v2\/categories?post=33168"},{"taxonomy":"post_tag","embeddable":true,"href":"https:\/\/marcelolopes.jor.br\/site\/wp-json\/wp\/v2\/tags?post=33168"}],"curies":[{"name":"wp","href":"https:\/\/api.w.org\/{rel}","templated":true}]}}