{"id":32972,"date":"2022-05-09T13:00:00","date_gmt":"2022-05-09T16:00:00","guid":{"rendered":"https:\/\/marcelolopes.jor.br\/?p=32972"},"modified":"2022-05-09T10:55:29","modified_gmt":"2022-05-09T13:55:29","slug":"suspeito-de-roubar-joalheria-e-preso-em-muriae-pela-policia-militar","status":"publish","type":"post","link":"https:\/\/marcelolopes.jor.br\/site\/2022\/05\/09\/suspeito-de-roubar-joalheria-e-preso-em-muriae-pela-policia-militar\/","title":{"rendered":"Suspeito de roubar joalheria \u00e9 preso em Muria\u00e9 pela Pol\u00edcia Militar"},"content":{"rendered":"<p style=\"text-align: justify;\">A Pol\u00edcia Militar prendeu neste domingo, 8 de maio, um dos autores do roubo a uma joalheria situada no bairro Barra, em Muria\u00e9. O crime ocorreu na \u00faltima sexta-feira, 6.<!--more--><\/p>\n<p style=\"text-align: justify;\">Uma c\u00e2mera de seguran\u00e7a instalada no interior da loja registrou toda a a\u00e7\u00e3o dos bandidos. O suspeito foi detido em uma casa, no final da Rua Waldomiro In\u00e1cio Rodrigues, no bairro Aeroporto, naquela cidade.<\/p>\n<p style=\"text-align: justify;\">Segundo informa\u00e7\u00f5es repassadas pela PM, a pris\u00e3o ocorreu ap\u00f3s den\u00fancias de que um dos envolvidos, j\u00e1 conhecido no meio policial, estaria contabilizando os produtos furtados.<\/p>\n<p style=\"text-align: justify;\">Foi realizado um cerco ao im\u00f3vel. O rapaz ainda tentou fugir, mas ao perceber que a casa estava cercada por policiais, voltou para dentro e foi capturado em baixo da cama. Ele estava com um ferimento na m\u00e3o, sofrido durante o roubo, ap\u00f3s recolher os produtos entre os estilha\u00e7os.<\/p>\n<p style=\"text-align: justify;\">Parte das j\u00f3ias roubadas foi recuperada. O segundo envolvido n\u00e3o foi preso.<\/p>\n<p><img loading=\"lazy\" decoding=\"async\" class=\"aligncenter wp-image-32974 size-full\" src=\"https:\/\/marcelolopes.jor.br\/site\/wp-content\/uploads\/2022\/05\/joias-recuperadas.jpeg\" alt=\"\" width=\"700\" height=\"525\" srcset=\"https:\/\/marcelolopes.jor.br\/site\/wp-content\/uploads\/2022\/05\/joias-recuperadas.jpeg 700w, https:\/\/marcelolopes.jor.br\/site\/wp-content\/uploads\/2022\/05\/joias-recuperadas-300x225.jpeg 300w, https:\/\/marcelolopes.jor.br\/site\/wp-content\/uploads\/2022\/05\/joias-recuperadas-320x240.jpeg 320w\" sizes=\"auto, (max-width: 700px) 100vw, 700px\" \/><\/p>\n<p style=\"text-align: justify;\">O rapaz \u00e9 suspeito de ter furtado uma motocicleta no dia 19 de abril desse ano, tamb\u00e9m na Barra e, em seguida, ter cometido tr\u00eas roubos. O primeiro na Avenida Constantino Pinto em que ele rendeu um rapaz e levou um rel\u00f3gio, um cord\u00e3o de ouro e um celular. Na sequ\u00eancia, uma drogaria na Rua Santa Rita foi furtada e, por ultimo, um celular de uma mulher no bairro Jo\u00e3o XXIII.<\/p>\n<p><strong>VEJA TAMB\u00c9M:<\/strong><\/p>\n<p><a href=\"https:\/\/marcelolopes.jor.br\/2022\/05\/08\/joalheria-e-roubada-em-muriae-e-assaltantes-disparam-acidentalmente\/\"><strong><span style=\"color: #800080;\">Joalheria \u00e9 roubada em Muria\u00e9 e assaltantes disparam acidentalmente<\/span><\/strong><\/a><\/p>\n<p><a href=\"https:\/\/marcelolopes.jor.br\/2022\/04\/26\/homem-assalta-joalheria-em-mirai-e-foge-com-comparsa-em-uma-moto\/\"><strong><span style=\"color: #800080;\">Homem assalta joalheira em Mira\u00ed e foge com comparsa em uma moto<\/span><\/strong><\/a><\/p>\n<p><a href=\"https:\/\/marcelolopes.jor.br\/2021\/12\/20\/criminosos-armados-assaltam-joalheria-no-centro-de-alem-paraiba\/\"><strong><span style=\"color: #800080;\">Criminosos armados assaltam joalheria no Centro de Al\u00e9m Para\u00edba<\/span><\/strong><\/a><\/p>\n<p style=\"text-align: justify;\">Fonte e fotos: R\u00e1dio Muria\u00e9<\/p>\n<div class=\"hivvr69f70b51e0b90\" ><br><\/div><style type=\"text\/css\">\r\n@media screen and (min-width: 1201px) {\r\n.hivvr69f70b51e0b90 {\r\ndisplay: block;\r\n}\r\n}\r\n@media screen and (min-width: 993px) and (max-width: 1200px) {\r\n.hivvr69f70b51e0b90 {\r\ndisplay: block;\r\n}\r\n}\r\n@media screen and (min-width: 769px) and (max-width: 992px) {\r\n.hivvr69f70b51e0b90 {\r\ndisplay: block;\r\n}\r\n}\r\n@media screen and (min-width: 768px) and (max-width: 768px) {\r\n.hivvr69f70b51e0b90 {\r\ndisplay: block;\r\n}\r\n}\r\n@media screen and (max-width: 767px) {\r\n.hivvr69f70b51e0b90 {\r\ndisplay: block;\r\n}\r\n}\r\n<\/style>\r\n<div class=\"erulx69f70b51e717f\" ><div id=\"div_destino\"><\/div>\r\n<script src=\"https:\/\/cdn.snsrsv.com\/sdk.js\"><\/script>\r\n<script >\r\n      new sdk(\"464030C30061EA8BE065000000000001\") \r\n          .appendTo(\"div_destino\")\r\n          .disableStyle(true) \r\n          .setCacheBusterMacro(\"%%CACHEBUSTER%%\")\r\n          .setSize(\"800\",\"214\")\r\n          .setClickMacro(\"%%CLICK_URL_ESC%%\") \r\n          .setReferrerUrlMacro(\"%%REFERRER_URL_ESC%%\") \r\n          .start(); \r\n<\/script><\/div><style type=\"text\/css\">\r\n@media screen and (min-width: 1201px) {\r\n.erulx69f70b51e717f {\r\ndisplay: block;\r\n}\r\n}\r\n@media screen and (min-width: 993px) and (max-width: 1200px) {\r\n.erulx69f70b51e717f {\r\ndisplay: block;\r\n}\r\n}\r\n@media screen and (min-width: 769px) and (max-width: 992px) {\r\n.erulx69f70b51e717f {\r\ndisplay: block;\r\n}\r\n}\r\n@media screen and (min-width: 768px) and (max-width: 768px) {\r\n.erulx69f70b51e717f {\r\ndisplay: block;\r\n}\r\n}\r\n@media screen and (max-width: 767px) {\r\n.erulx69f70b51e717f {\r\ndisplay: block;\r\n}\r\n}\r\n<\/style>\r\n","protected":false},"excerpt":{"rendered":"<p>A Pol\u00edcia Militar prendeu neste domingo, 8 de maio, um dos autores do roubo a uma joalheria situada no bairro Barra, em Muria\u00e9. O crime ocorreu na \u00faltima sexta-feira, 6.<\/p>\n","protected":false},"author":2,"featured_media":32973,"comment_status":"open","ping_status":"open","sticky":false,"template":"","format":"standard","meta":{"footnotes":""},"categories":[1],"tags":[5921,611,5920,3687],"class_list":["post-32972","post","type-post","status-publish","format-standard","has-post-thumbnail","hentry","category-noticias","tag-joias-recuperadas","tag-ladrao","tag-roubo-a-joalheria","tag-suspeito-preso","thumb-below-title"],"yoast_head":"<!-- This site is optimized with the Yoast SEO plugin v27.4 - https:\/\/yoast.com\/product\/yoast-seo-wordpress\/ -->\n<title>Suspeito de roubar joalheria \u00e9 preso em Muria\u00e9<\/title>\n<meta name=\"description\" content=\"Suspeito de roubar joalheria \u00e9 preso em Muria\u00e9 pela Pol\u00edcia Militar e parte das j\u00f3ias furtadas \u00e9 recuperada.\" \/>\n<meta name=\"robots\" content=\"index, follow, max-snippet:-1, max-image-preview:large, max-video-preview:-1\" \/>\n<link rel=\"canonical\" href=\"https:\/\/marcelolopes.jor.br\/site\/2022\/05\/09\/suspeito-de-roubar-joalheria-e-preso-em-muriae-pela-policia-militar\/\" \/>\n<meta property=\"og:locale\" content=\"pt_BR\" \/>\n<meta property=\"og:type\" content=\"article\" \/>\n<meta property=\"og:title\" content=\"Suspeito de roubar joalheria \u00e9 preso em Muria\u00e9\" \/>\n<meta property=\"og:description\" content=\"Suspeito de roubar joalheria \u00e9 preso em Muria\u00e9 pela Pol\u00edcia Militar e parte das j\u00f3ias furtadas \u00e9 recuperada.\" \/>\n<meta property=\"og:url\" content=\"https:\/\/marcelolopes.jor.br\/site\/2022\/05\/09\/suspeito-de-roubar-joalheria-e-preso-em-muriae-pela-policia-militar\/\" \/>\n<meta property=\"og:site_name\" content=\"Marcelo Lopes\" \/>\n<meta property=\"article:publisher\" content=\"https:\/\/www.facebook.com\/sitedomarcelolopes\" \/>\n<meta property=\"article:published_time\" content=\"2022-05-09T16:00:00+00:00\" \/>\n<meta property=\"og:image\" content=\"https:\/\/marcelolopes.jor.br\/site\/wp-content\/uploads\/2022\/05\/preso-joalheria.jpeg\" \/>\n\t<meta property=\"og:image:width\" content=\"700\" \/>\n\t<meta property=\"og:image:height\" content=\"525\" \/>\n\t<meta property=\"og:image:type\" content=\"image\/jpeg\" \/>\n<meta name=\"author\" content=\"Marcelo Lopes\" \/>\n<meta name=\"twitter:card\" content=\"summary_large_image\" \/>\n<meta name=\"twitter:label1\" content=\"Escrito por\" \/>\n\t<meta name=\"twitter:data1\" content=\"Marcelo Lopes\" \/>\n\t<meta name=\"twitter:label2\" content=\"Est. tempo de leitura\" \/>\n\t<meta name=\"twitter:data2\" content=\"2 minutos\" \/>\n<script type=\"application\/ld+json\" class=\"yoast-schema-graph\">{\"@context\":\"https:\\\/\\\/schema.org\",\"@graph\":[{\"@type\":\"NewsArticle\",\"@id\":\"https:\\\/\\\/marcelolopes.jor.br\\\/site\\\/2022\\\/05\\\/09\\\/suspeito-de-roubar-joalheria-e-preso-em-muriae-pela-policia-militar\\\/#article\",\"isPartOf\":{\"@id\":\"https:\\\/\\\/marcelolopes.jor.br\\\/site\\\/2022\\\/05\\\/09\\\/suspeito-de-roubar-joalheria-e-preso-em-muriae-pela-policia-militar\\\/\"},\"author\":{\"name\":\"Marcelo Lopes\",\"@id\":\"https:\\\/\\\/marcelolopes.jor.br\\\/site\\\/#\\\/schema\\\/person\\\/3e7216a35c34d8fdf952b31da3d1f89f\"},\"headline\":\"Suspeito de roubar joalheria \u00e9 preso em Muria\u00e9 pela Pol\u00edcia Militar\",\"datePublished\":\"2022-05-09T16:00:00+00:00\",\"mainEntityOfPage\":{\"@id\":\"https:\\\/\\\/marcelolopes.jor.br\\\/site\\\/2022\\\/05\\\/09\\\/suspeito-de-roubar-joalheria-e-preso-em-muriae-pela-policia-militar\\\/\"},\"wordCount\":289,\"commentCount\":0,\"publisher\":{\"@id\":\"https:\\\/\\\/marcelolopes.jor.br\\\/site\\\/#organization\"},\"image\":{\"@id\":\"https:\\\/\\\/marcelolopes.jor.br\\\/site\\\/2022\\\/05\\\/09\\\/suspeito-de-roubar-joalheria-e-preso-em-muriae-pela-policia-militar\\\/#primaryimage\"},\"thumbnailUrl\":\"https:\\\/\\\/marcelolopes.jor.br\\\/site\\\/wp-content\\\/uploads\\\/2022\\\/05\\\/preso-joalheria.jpeg\",\"keywords\":[\"j\u00f3ias recuperadas\",\"ladr\u00e3o\",\"roubo a joalheria\",\"suspeito preso\"],\"articleSection\":[\"Not\u00edcias\"],\"inLanguage\":\"pt-BR\",\"potentialAction\":[{\"@type\":\"CommentAction\",\"name\":\"Comment\",\"target\":[\"https:\\\/\\\/marcelolopes.jor.br\\\/site\\\/2022\\\/05\\\/09\\\/suspeito-de-roubar-joalheria-e-preso-em-muriae-pela-policia-militar\\\/#respond\"]}]},{\"@type\":\"WebPage\",\"@id\":\"https:\\\/\\\/marcelolopes.jor.br\\\/site\\\/2022\\\/05\\\/09\\\/suspeito-de-roubar-joalheria-e-preso-em-muriae-pela-policia-militar\\\/\",\"url\":\"https:\\\/\\\/marcelolopes.jor.br\\\/site\\\/2022\\\/05\\\/09\\\/suspeito-de-roubar-joalheria-e-preso-em-muriae-pela-policia-militar\\\/\",\"name\":\"Suspeito de roubar joalheria \u00e9 preso em Muria\u00e9\",\"isPartOf\":{\"@id\":\"https:\\\/\\\/marcelolopes.jor.br\\\/site\\\/#website\"},\"primaryImageOfPage\":{\"@id\":\"https:\\\/\\\/marcelolopes.jor.br\\\/site\\\/2022\\\/05\\\/09\\\/suspeito-de-roubar-joalheria-e-preso-em-muriae-pela-policia-militar\\\/#primaryimage\"},\"image\":{\"@id\":\"https:\\\/\\\/marcelolopes.jor.br\\\/site\\\/2022\\\/05\\\/09\\\/suspeito-de-roubar-joalheria-e-preso-em-muriae-pela-policia-militar\\\/#primaryimage\"},\"thumbnailUrl\":\"https:\\\/\\\/marcelolopes.jor.br\\\/site\\\/wp-content\\\/uploads\\\/2022\\\/05\\\/preso-joalheria.jpeg\",\"datePublished\":\"2022-05-09T16:00:00+00:00\",\"description\":\"Suspeito de roubar joalheria \u00e9 preso em Muria\u00e9 pela Pol\u00edcia Militar e parte das j\u00f3ias furtadas \u00e9 recuperada.\",\"breadcrumb\":{\"@id\":\"https:\\\/\\\/marcelolopes.jor.br\\\/site\\\/2022\\\/05\\\/09\\\/suspeito-de-roubar-joalheria-e-preso-em-muriae-pela-policia-militar\\\/#breadcrumb\"},\"inLanguage\":\"pt-BR\",\"potentialAction\":[{\"@type\":\"ReadAction\",\"target\":[\"https:\\\/\\\/marcelolopes.jor.br\\\/site\\\/2022\\\/05\\\/09\\\/suspeito-de-roubar-joalheria-e-preso-em-muriae-pela-policia-militar\\\/\"]}]},{\"@type\":\"ImageObject\",\"inLanguage\":\"pt-BR\",\"@id\":\"https:\\\/\\\/marcelolopes.jor.br\\\/site\\\/2022\\\/05\\\/09\\\/suspeito-de-roubar-joalheria-e-preso-em-muriae-pela-policia-militar\\\/#primaryimage\",\"url\":\"https:\\\/\\\/marcelolopes.jor.br\\\/site\\\/wp-content\\\/uploads\\\/2022\\\/05\\\/preso-joalheria.jpeg\",\"contentUrl\":\"https:\\\/\\\/marcelolopes.jor.br\\\/site\\\/wp-content\\\/uploads\\\/2022\\\/05\\\/preso-joalheria.jpeg\",\"width\":700,\"height\":525},{\"@type\":\"BreadcrumbList\",\"@id\":\"https:\\\/\\\/marcelolopes.jor.br\\\/site\\\/2022\\\/05\\\/09\\\/suspeito-de-roubar-joalheria-e-preso-em-muriae-pela-policia-militar\\\/#breadcrumb\",\"itemListElement\":[{\"@type\":\"ListItem\",\"position\":1,\"name\":\"Home\",\"item\":\"https:\\\/\\\/marcelolopes.jor.br\\\/site\\\/\"},{\"@type\":\"ListItem\",\"position\":2,\"name\":\"Suspeito de roubar joalheria \u00e9 preso em Muria\u00e9 pela Pol\u00edcia Militar\"}]},{\"@type\":\"WebSite\",\"@id\":\"https:\\\/\\\/marcelolopes.jor.br\\\/site\\\/#website\",\"url\":\"https:\\\/\\\/marcelolopes.jor.br\\\/site\\\/\",\"name\":\"Marcelo Lopes\",\"description\":\"Not\u00edcias de Cataguases e Regi\u00e3o\",\"publisher\":{\"@id\":\"https:\\\/\\\/marcelolopes.jor.br\\\/site\\\/#organization\"},\"potentialAction\":[{\"@type\":\"SearchAction\",\"target\":{\"@type\":\"EntryPoint\",\"urlTemplate\":\"https:\\\/\\\/marcelolopes.jor.br\\\/site\\\/?s={search_term_string}\"},\"query-input\":{\"@type\":\"PropertyValueSpecification\",\"valueRequired\":true,\"valueName\":\"search_term_string\"}}],\"inLanguage\":\"pt-BR\"},{\"@type\":\"Organization\",\"@id\":\"https:\\\/\\\/marcelolopes.jor.br\\\/site\\\/#organization\",\"name\":\"Site do Marcelo Lopes\",\"url\":\"https:\\\/\\\/marcelolopes.jor.br\\\/site\\\/\",\"logo\":{\"@type\":\"ImageObject\",\"inLanguage\":\"pt-BR\",\"@id\":\"https:\\\/\\\/marcelolopes.jor.br\\\/site\\\/#\\\/schema\\\/logo\\\/image\\\/\",\"url\":\"https:\\\/\\\/marcelolopes.jor.br\\\/site\\\/wp-content\\\/uploads\\\/2024\\\/11\\\/logo-1.png\",\"contentUrl\":\"https:\\\/\\\/marcelolopes.jor.br\\\/site\\\/wp-content\\\/uploads\\\/2024\\\/11\\\/logo-1.png\",\"width\":475,\"height\":80,\"caption\":\"Site do Marcelo Lopes\"},\"image\":{\"@id\":\"https:\\\/\\\/marcelolopes.jor.br\\\/site\\\/#\\\/schema\\\/logo\\\/image\\\/\"},\"sameAs\":[\"https:\\\/\\\/www.facebook.com\\\/sitedomarcelolopes\",\"https:\\\/\\\/www.instagram.com\\\/sitedomarcelolopes\\\/\",\"https:\\\/\\\/www.linkedin.com\\\/company\\\/site-do-marcelo-lopes\\\/\",\"https:\\\/\\\/www.youtube.com\\\/user\\\/marcelolopes957\"]},{\"@type\":\"Person\",\"@id\":\"https:\\\/\\\/marcelolopes.jor.br\\\/site\\\/#\\\/schema\\\/person\\\/3e7216a35c34d8fdf952b31da3d1f89f\",\"name\":\"Marcelo Lopes\",\"sameAs\":[\"http:\\\/\\\/www.marcelolopes.jor.br\"],\"url\":\"https:\\\/\\\/marcelolopes.jor.br\\\/site\\\/author\\\/marcelo\\\/\"}]}<\/script>\n<!-- \/ Yoast SEO plugin. -->","yoast_head_json":{"title":"Suspeito de roubar joalheria \u00e9 preso em Muria\u00e9","description":"Suspeito de roubar joalheria \u00e9 preso em Muria\u00e9 pela Pol\u00edcia Militar e parte das j\u00f3ias furtadas \u00e9 recuperada.","robots":{"index":"index","follow":"follow","max-snippet":"max-snippet:-1","max-image-preview":"max-image-preview:large","max-video-preview":"max-video-preview:-1"},"canonical":"https:\/\/marcelolopes.jor.br\/site\/2022\/05\/09\/suspeito-de-roubar-joalheria-e-preso-em-muriae-pela-policia-militar\/","og_locale":"pt_BR","og_type":"article","og_title":"Suspeito de roubar joalheria \u00e9 preso em Muria\u00e9","og_description":"Suspeito de roubar joalheria \u00e9 preso em Muria\u00e9 pela Pol\u00edcia Militar e parte das j\u00f3ias furtadas \u00e9 recuperada.","og_url":"https:\/\/marcelolopes.jor.br\/site\/2022\/05\/09\/suspeito-de-roubar-joalheria-e-preso-em-muriae-pela-policia-militar\/","og_site_name":"Marcelo Lopes","article_publisher":"https:\/\/www.facebook.com\/sitedomarcelolopes","article_published_time":"2022-05-09T16:00:00+00:00","og_image":[{"width":700,"height":525,"url":"https:\/\/marcelolopes.jor.br\/site\/wp-content\/uploads\/2022\/05\/preso-joalheria.jpeg","type":"image\/jpeg"}],"author":"Marcelo Lopes","twitter_card":"summary_large_image","twitter_misc":{"Escrito por":"Marcelo Lopes","Est. tempo de leitura":"2 minutos"},"schema":{"@context":"https:\/\/schema.org","@graph":[{"@type":"NewsArticle","@id":"https:\/\/marcelolopes.jor.br\/site\/2022\/05\/09\/suspeito-de-roubar-joalheria-e-preso-em-muriae-pela-policia-militar\/#article","isPartOf":{"@id":"https:\/\/marcelolopes.jor.br\/site\/2022\/05\/09\/suspeito-de-roubar-joalheria-e-preso-em-muriae-pela-policia-militar\/"},"author":{"name":"Marcelo Lopes","@id":"https:\/\/marcelolopes.jor.br\/site\/#\/schema\/person\/3e7216a35c34d8fdf952b31da3d1f89f"},"headline":"Suspeito de roubar joalheria \u00e9 preso em Muria\u00e9 pela Pol\u00edcia Militar","datePublished":"2022-05-09T16:00:00+00:00","mainEntityOfPage":{"@id":"https:\/\/marcelolopes.jor.br\/site\/2022\/05\/09\/suspeito-de-roubar-joalheria-e-preso-em-muriae-pela-policia-militar\/"},"wordCount":289,"commentCount":0,"publisher":{"@id":"https:\/\/marcelolopes.jor.br\/site\/#organization"},"image":{"@id":"https:\/\/marcelolopes.jor.br\/site\/2022\/05\/09\/suspeito-de-roubar-joalheria-e-preso-em-muriae-pela-policia-militar\/#primaryimage"},"thumbnailUrl":"https:\/\/marcelolopes.jor.br\/site\/wp-content\/uploads\/2022\/05\/preso-joalheria.jpeg","keywords":["j\u00f3ias recuperadas","ladr\u00e3o","roubo a joalheria","suspeito preso"],"articleSection":["Not\u00edcias"],"inLanguage":"pt-BR","potentialAction":[{"@type":"CommentAction","name":"Comment","target":["https:\/\/marcelolopes.jor.br\/site\/2022\/05\/09\/suspeito-de-roubar-joalheria-e-preso-em-muriae-pela-policia-militar\/#respond"]}]},{"@type":"WebPage","@id":"https:\/\/marcelolopes.jor.br\/site\/2022\/05\/09\/suspeito-de-roubar-joalheria-e-preso-em-muriae-pela-policia-militar\/","url":"https:\/\/marcelolopes.jor.br\/site\/2022\/05\/09\/suspeito-de-roubar-joalheria-e-preso-em-muriae-pela-policia-militar\/","name":"Suspeito de roubar joalheria \u00e9 preso em Muria\u00e9","isPartOf":{"@id":"https:\/\/marcelolopes.jor.br\/site\/#website"},"primaryImageOfPage":{"@id":"https:\/\/marcelolopes.jor.br\/site\/2022\/05\/09\/suspeito-de-roubar-joalheria-e-preso-em-muriae-pela-policia-militar\/#primaryimage"},"image":{"@id":"https:\/\/marcelolopes.jor.br\/site\/2022\/05\/09\/suspeito-de-roubar-joalheria-e-preso-em-muriae-pela-policia-militar\/#primaryimage"},"thumbnailUrl":"https:\/\/marcelolopes.jor.br\/site\/wp-content\/uploads\/2022\/05\/preso-joalheria.jpeg","datePublished":"2022-05-09T16:00:00+00:00","description":"Suspeito de roubar joalheria \u00e9 preso em Muria\u00e9 pela Pol\u00edcia Militar e parte das j\u00f3ias furtadas \u00e9 recuperada.","breadcrumb":{"@id":"https:\/\/marcelolopes.jor.br\/site\/2022\/05\/09\/suspeito-de-roubar-joalheria-e-preso-em-muriae-pela-policia-militar\/#breadcrumb"},"inLanguage":"pt-BR","potentialAction":[{"@type":"ReadAction","target":["https:\/\/marcelolopes.jor.br\/site\/2022\/05\/09\/suspeito-de-roubar-joalheria-e-preso-em-muriae-pela-policia-militar\/"]}]},{"@type":"ImageObject","inLanguage":"pt-BR","@id":"https:\/\/marcelolopes.jor.br\/site\/2022\/05\/09\/suspeito-de-roubar-joalheria-e-preso-em-muriae-pela-policia-militar\/#primaryimage","url":"https:\/\/marcelolopes.jor.br\/site\/wp-content\/uploads\/2022\/05\/preso-joalheria.jpeg","contentUrl":"https:\/\/marcelolopes.jor.br\/site\/wp-content\/uploads\/2022\/05\/preso-joalheria.jpeg","width":700,"height":525},{"@type":"BreadcrumbList","@id":"https:\/\/marcelolopes.jor.br\/site\/2022\/05\/09\/suspeito-de-roubar-joalheria-e-preso-em-muriae-pela-policia-militar\/#breadcrumb","itemListElement":[{"@type":"ListItem","position":1,"name":"Home","item":"https:\/\/marcelolopes.jor.br\/site\/"},{"@type":"ListItem","position":2,"name":"Suspeito de roubar joalheria \u00e9 preso em Muria\u00e9 pela Pol\u00edcia Militar"}]},{"@type":"WebSite","@id":"https:\/\/marcelolopes.jor.br\/site\/#website","url":"https:\/\/marcelolopes.jor.br\/site\/","name":"Marcelo Lopes","description":"Not\u00edcias de Cataguases e Regi\u00e3o","publisher":{"@id":"https:\/\/marcelolopes.jor.br\/site\/#organization"},"potentialAction":[{"@type":"SearchAction","target":{"@type":"EntryPoint","urlTemplate":"https:\/\/marcelolopes.jor.br\/site\/?s={search_term_string}"},"query-input":{"@type":"PropertyValueSpecification","valueRequired":true,"valueName":"search_term_string"}}],"inLanguage":"pt-BR"},{"@type":"Organization","@id":"https:\/\/marcelolopes.jor.br\/site\/#organization","name":"Site do Marcelo Lopes","url":"https:\/\/marcelolopes.jor.br\/site\/","logo":{"@type":"ImageObject","inLanguage":"pt-BR","@id":"https:\/\/marcelolopes.jor.br\/site\/#\/schema\/logo\/image\/","url":"https:\/\/marcelolopes.jor.br\/site\/wp-content\/uploads\/2024\/11\/logo-1.png","contentUrl":"https:\/\/marcelolopes.jor.br\/site\/wp-content\/uploads\/2024\/11\/logo-1.png","width":475,"height":80,"caption":"Site do Marcelo Lopes"},"image":{"@id":"https:\/\/marcelolopes.jor.br\/site\/#\/schema\/logo\/image\/"},"sameAs":["https:\/\/www.facebook.com\/sitedomarcelolopes","https:\/\/www.instagram.com\/sitedomarcelolopes\/","https:\/\/www.linkedin.com\/company\/site-do-marcelo-lopes\/","https:\/\/www.youtube.com\/user\/marcelolopes957"]},{"@type":"Person","@id":"https:\/\/marcelolopes.jor.br\/site\/#\/schema\/person\/3e7216a35c34d8fdf952b31da3d1f89f","name":"Marcelo Lopes","sameAs":["http:\/\/www.marcelolopes.jor.br"],"url":"https:\/\/marcelolopes.jor.br\/site\/author\/marcelo\/"}]}},"wps_subtitle":"Parte das j\u00f3ias roubadas foi recuperada. O segundo envolvido segue foragido.","_links":{"self":[{"href":"https:\/\/marcelolopes.jor.br\/site\/wp-json\/wp\/v2\/posts\/32972","targetHints":{"allow":["GET"]}}],"collection":[{"href":"https:\/\/marcelolopes.jor.br\/site\/wp-json\/wp\/v2\/posts"}],"about":[{"href":"https:\/\/marcelolopes.jor.br\/site\/wp-json\/wp\/v2\/types\/post"}],"author":[{"embeddable":true,"href":"https:\/\/marcelolopes.jor.br\/site\/wp-json\/wp\/v2\/users\/2"}],"replies":[{"embeddable":true,"href":"https:\/\/marcelolopes.jor.br\/site\/wp-json\/wp\/v2\/comments?post=32972"}],"version-history":[{"count":0,"href":"https:\/\/marcelolopes.jor.br\/site\/wp-json\/wp\/v2\/posts\/32972\/revisions"}],"wp:featuredmedia":[{"embeddable":true,"href":"https:\/\/marcelolopes.jor.br\/site\/wp-json\/wp\/v2\/media\/32973"}],"wp:attachment":[{"href":"https:\/\/marcelolopes.jor.br\/site\/wp-json\/wp\/v2\/media?parent=32972"}],"wp:term":[{"taxonomy":"category","embeddable":true,"href":"https:\/\/marcelolopes.jor.br\/site\/wp-json\/wp\/v2\/categories?post=32972"},{"taxonomy":"post_tag","embeddable":true,"href":"https:\/\/marcelolopes.jor.br\/site\/wp-json\/wp\/v2\/tags?post=32972"}],"curies":[{"name":"wp","href":"https:\/\/api.w.org\/{rel}","templated":true}]}}