{"id":32966,"date":"2022-05-09T10:40:33","date_gmt":"2022-05-09T13:40:33","guid":{"rendered":"https:\/\/marcelolopes.jor.br\/?p=32966"},"modified":"2022-05-09T10:42:40","modified_gmt":"2022-05-09T13:42:40","slug":"motociclista-morre-apos-bater-de-frente-em-carro-na-br-116-em-muriae","status":"publish","type":"post","link":"https:\/\/marcelolopes.jor.br\/site\/2022\/05\/09\/motociclista-morre-apos-bater-de-frente-em-carro-na-br-116-em-muriae\/","title":{"rendered":"Motociclista morre ap\u00f3s bater de frente em carro na BR-116, em Muria\u00e9"},"content":{"rendered":"<p style=\"text-align: justify;\">Um motociclista morreu ap\u00f3s se envolver em um acidente na noite deste domingo, 8 de maio, na BR-116, pr\u00f3ximo a altura do bairro Bela Vista, em Muria\u00e9.<!--more--><\/p>\n<p style=\"text-align: justify;\">Gabriel Estev\u00e3o de Souza tinha 22 anos, seguia para Muria\u00e9 e o carro no sentido contr\u00e1rio. O impacto foi t\u00e3o forte que o jovem foi arremessado para o acostamento da pista.<\/p>\n<p style=\"text-align: justify;\">Ele chegou a ser atendido por profissionais que estavam em uma ambul\u00e2ncia de Alto Capara\u00f3 e por um m\u00e9dico que passava no local no momento da colis\u00e3o. Uma equipe do SAMU e Corpo de Bombeiros chegaram em seguida.<\/p>\n<p style=\"text-align: justify;\">Gabriel foi resgatado com vida, recebeu os primeiros atendimentos na rodovia, mas n\u00e3o resistiu e morreu durante a madrugada no Hospital S\u00e3o Paulo, para onde foi levado.<\/p>\n<p style=\"text-align: justify;\">Um passageiro que estava no carro se queixou de dores e tamb\u00e9m foi levado para o hospital e liberado pouco tempo depois.<\/p>\n<p style=\"text-align: justify;\">A Per\u00edcia T\u00e9cnica da Pol\u00edcia Civil compareceu ao local do acidente e realizou os primeiros levantamentos para apurar as causas da colis\u00e3o.<\/p>\n<p style=\"text-align: justify;\">A Pol\u00edcia Rodovi\u00e1ria Federal assumiu a ocorr\u00eancia e controlou o tr\u00e2nsito durante a a\u00e7\u00e3o dos socorristas.<\/p>\n<p><strong>LEIA TAMB\u00c9M:<\/strong><\/p>\n<p><a href=\"https:\/\/marcelolopes.jor.br\/2022\/04\/18\/colisao-deixa-duas-mulheres-feridas-na-area-urbana-da-br-116-em-muriae\/\"><strong><span style=\"color: #800080;\">Colis\u00e3o deixa duas mulheres feridas na \u00e1rea urbana da BR-116 em Muria\u00e9<\/span><\/strong><\/a><\/p>\n<p><a href=\"https:\/\/marcelolopes.jor.br\/2022\/03\/30\/colisao-deixa-dois-feridos-na-rodovia-que-liga-cataguases-a-leopoldina\/\"><strong><span style=\"color: #800080;\">Colis\u00e3o deixa dois feridos na rodovia que liga Cataguases a Leopoldina<\/span><\/strong><\/a><\/p>\n<p><a href=\"https:\/\/marcelolopes.jor.br\/2021\/12\/03\/uma-pessoa-morre-em-colisao-frontal-de-veiculos-na-br-116-em-leopoldina\/\"><strong><span style=\"color: #800080;\">Uma pessoa morre em colis\u00e3o frontal de ve\u00edculos na BR-116, em Leopoldina<\/span><\/strong><\/a><\/p>\n<p><img loading=\"lazy\" decoding=\"async\" class=\"aligncenter wp-image-32968 size-full\" src=\"https:\/\/marcelolopes.jor.br\/site\/wp-content\/uploads\/2022\/05\/506c21e31496b349b0975dd309aa9852.1012.jpeg\" alt=\"\" width=\"700\" height=\"525\" srcset=\"https:\/\/marcelolopes.jor.br\/site\/wp-content\/uploads\/2022\/05\/506c21e31496b349b0975dd309aa9852.1012.jpeg 700w, https:\/\/marcelolopes.jor.br\/site\/wp-content\/uploads\/2022\/05\/506c21e31496b349b0975dd309aa9852.1012-300x225.jpeg 300w, https:\/\/marcelolopes.jor.br\/site\/wp-content\/uploads\/2022\/05\/506c21e31496b349b0975dd309aa9852.1012-320x240.jpeg 320w\" sizes=\"auto, (max-width: 700px) 100vw, 700px\" \/> <img loading=\"lazy\" decoding=\"async\" class=\"aligncenter wp-image-32967 size-full\" src=\"https:\/\/marcelolopes.jor.br\/site\/wp-content\/uploads\/2022\/05\/8c12b23b1730d3de098edde7b7f0e1d3.708.jpeg\" alt=\"\" width=\"700\" height=\"525\" srcset=\"https:\/\/marcelolopes.jor.br\/site\/wp-content\/uploads\/2022\/05\/8c12b23b1730d3de098edde7b7f0e1d3.708.jpeg 700w, https:\/\/marcelolopes.jor.br\/site\/wp-content\/uploads\/2022\/05\/8c12b23b1730d3de098edde7b7f0e1d3.708-300x225.jpeg 300w, https:\/\/marcelolopes.jor.br\/site\/wp-content\/uploads\/2022\/05\/8c12b23b1730d3de098edde7b7f0e1d3.708-320x240.jpeg 320w\" sizes=\"auto, (max-width: 700px) 100vw, 700px\" \/><\/p>\n<p style=\"text-align: justify;\">Fonte e fotos: R\u00e1dio Muria\u00e9<\/p>\n<div class=\"swmul69f76a20edd6f\" ><br><\/div><style type=\"text\/css\">\r\n@media screen and (min-width: 1201px) {\r\n.swmul69f76a20edd6f {\r\ndisplay: block;\r\n}\r\n}\r\n@media screen and (min-width: 993px) and (max-width: 1200px) {\r\n.swmul69f76a20edd6f {\r\ndisplay: block;\r\n}\r\n}\r\n@media screen and (min-width: 769px) and (max-width: 992px) {\r\n.swmul69f76a20edd6f {\r\ndisplay: block;\r\n}\r\n}\r\n@media screen and (min-width: 768px) and (max-width: 768px) {\r\n.swmul69f76a20edd6f {\r\ndisplay: block;\r\n}\r\n}\r\n@media screen and (max-width: 767px) {\r\n.swmul69f76a20edd6f {\r\ndisplay: block;\r\n}\r\n}\r\n<\/style>\r\n<div class=\"xrzdc69f76a20f41a3\" ><div id=\"div_destino\"><\/div>\r\n<script src=\"https:\/\/cdn.snsrsv.com\/sdk.js\"><\/script>\r\n<script >\r\n      new sdk(\"464030C30061EA8BE065000000000001\") \r\n          .appendTo(\"div_destino\")\r\n          .disableStyle(true) \r\n          .setCacheBusterMacro(\"%%CACHEBUSTER%%\")\r\n          .setSize(\"800\",\"214\")\r\n          .setClickMacro(\"%%CLICK_URL_ESC%%\") \r\n          .setReferrerUrlMacro(\"%%REFERRER_URL_ESC%%\") \r\n          .start(); \r\n<\/script><\/div><style type=\"text\/css\">\r\n@media screen and (min-width: 1201px) {\r\n.xrzdc69f76a20f41a3 {\r\ndisplay: block;\r\n}\r\n}\r\n@media screen and (min-width: 993px) and (max-width: 1200px) {\r\n.xrzdc69f76a20f41a3 {\r\ndisplay: block;\r\n}\r\n}\r\n@media screen and (min-width: 769px) and (max-width: 992px) {\r\n.xrzdc69f76a20f41a3 {\r\ndisplay: block;\r\n}\r\n}\r\n@media screen and (min-width: 768px) and (max-width: 768px) {\r\n.xrzdc69f76a20f41a3 {\r\ndisplay: block;\r\n}\r\n}\r\n@media screen and (max-width: 767px) {\r\n.xrzdc69f76a20f41a3 {\r\ndisplay: block;\r\n}\r\n}\r\n<\/style>\r\n","protected":false},"excerpt":{"rendered":"<p>Um motociclista morreu ap\u00f3s se envolver em um acidente na noite deste domingo, 8 de maio, na BR-116, pr\u00f3ximo a altura do bairro Bela Vista, em Muria\u00e9.<\/p>\n","protected":false},"author":2,"featured_media":32969,"comment_status":"open","ping_status":"open","sticky":false,"template":"","format":"standard","meta":{"footnotes":""},"categories":[1],"tags":[3018,4367,786,420],"class_list":["post-32966","post","type-post","status-publish","format-standard","has-post-thumbnail","hentry","category-noticias","tag-acidente-de-moto","tag-acidente-na-br-116","tag-colisao","tag-motociclista","thumb-below-title"],"yoast_head":"<!-- This site is optimized with the Yoast SEO plugin v27.4 - https:\/\/yoast.com\/product\/yoast-seo-wordpress\/ -->\n<title>Motociclista morre ap\u00f3s bater em carro na BR-116<\/title>\n<meta name=\"description\" content=\"Motociclista morre ap\u00f3s bater de frente em carro na BR-116. Ele foi levado ao hospital mas n\u00e3o resistiu aos ferimentos.\" \/>\n<meta name=\"robots\" content=\"index, follow, max-snippet:-1, max-image-preview:large, max-video-preview:-1\" \/>\n<link rel=\"canonical\" href=\"https:\/\/marcelolopes.jor.br\/site\/2022\/05\/09\/motociclista-morre-apos-bater-de-frente-em-carro-na-br-116-em-muriae\/\" \/>\n<meta property=\"og:locale\" content=\"pt_BR\" \/>\n<meta property=\"og:type\" content=\"article\" \/>\n<meta property=\"og:title\" content=\"Motociclista morre ap\u00f3s bater em carro na BR-116 em Muria\u00e9\" \/>\n<meta property=\"og:description\" content=\"Motociclista morre ap\u00f3s bater de frente em carro na BR-116, em Muria\u00e9. Ele foi levado ao hospital mas n\u00e3o resistiu aos ferimentos.\" \/>\n<meta property=\"og:url\" content=\"https:\/\/marcelolopes.jor.br\/site\/2022\/05\/09\/motociclista-morre-apos-bater-de-frente-em-carro-na-br-116-em-muriae\/\" \/>\n<meta property=\"og:site_name\" content=\"Marcelo Lopes\" \/>\n<meta property=\"article:publisher\" content=\"https:\/\/www.facebook.com\/sitedomarcelolopes\" \/>\n<meta property=\"article:published_time\" content=\"2022-05-09T13:40:33+00:00\" \/>\n<meta property=\"article:modified_time\" content=\"2022-05-09T13:42:40+00:00\" \/>\n<meta property=\"og:image\" content=\"https:\/\/marcelolopes.jor.br\/site\/wp-content\/uploads\/2022\/05\/cc054362955f39560095b7fc7c0c58ca.405.jpeg\" \/>\n\t<meta property=\"og:image:width\" content=\"700\" \/>\n\t<meta property=\"og:image:height\" content=\"525\" \/>\n\t<meta property=\"og:image:type\" content=\"image\/jpeg\" \/>\n<meta name=\"author\" content=\"Marcelo Lopes\" \/>\n<meta name=\"twitter:card\" content=\"summary_large_image\" \/>\n<meta name=\"twitter:label1\" content=\"Escrito por\" \/>\n\t<meta name=\"twitter:data1\" content=\"Marcelo Lopes\" \/>\n\t<meta name=\"twitter:label2\" content=\"Est. tempo de leitura\" \/>\n\t<meta name=\"twitter:data2\" content=\"2 minutos\" \/>\n<script type=\"application\/ld+json\" class=\"yoast-schema-graph\">{\"@context\":\"https:\\\/\\\/schema.org\",\"@graph\":[{\"@type\":\"NewsArticle\",\"@id\":\"https:\\\/\\\/marcelolopes.jor.br\\\/site\\\/2022\\\/05\\\/09\\\/motociclista-morre-apos-bater-de-frente-em-carro-na-br-116-em-muriae\\\/#article\",\"isPartOf\":{\"@id\":\"https:\\\/\\\/marcelolopes.jor.br\\\/site\\\/2022\\\/05\\\/09\\\/motociclista-morre-apos-bater-de-frente-em-carro-na-br-116-em-muriae\\\/\"},\"author\":{\"name\":\"Marcelo Lopes\",\"@id\":\"https:\\\/\\\/marcelolopes.jor.br\\\/site\\\/#\\\/schema\\\/person\\\/3e7216a35c34d8fdf952b31da3d1f89f\"},\"headline\":\"Motociclista morre ap\u00f3s bater de frente em carro na BR-116, em Muria\u00e9\",\"datePublished\":\"2022-05-09T13:40:33+00:00\",\"dateModified\":\"2022-05-09T13:42:40+00:00\",\"mainEntityOfPage\":{\"@id\":\"https:\\\/\\\/marcelolopes.jor.br\\\/site\\\/2022\\\/05\\\/09\\\/motociclista-morre-apos-bater-de-frente-em-carro-na-br-116-em-muriae\\\/\"},\"wordCount\":262,\"commentCount\":0,\"publisher\":{\"@id\":\"https:\\\/\\\/marcelolopes.jor.br\\\/site\\\/#organization\"},\"image\":{\"@id\":\"https:\\\/\\\/marcelolopes.jor.br\\\/site\\\/2022\\\/05\\\/09\\\/motociclista-morre-apos-bater-de-frente-em-carro-na-br-116-em-muriae\\\/#primaryimage\"},\"thumbnailUrl\":\"https:\\\/\\\/marcelolopes.jor.br\\\/site\\\/wp-content\\\/uploads\\\/2022\\\/05\\\/cc054362955f39560095b7fc7c0c58ca.405.jpeg\",\"keywords\":[\"acidente de moto\",\"acidente na BR-116\",\"colis\u00e3o\",\"motociclista\"],\"articleSection\":[\"Not\u00edcias\"],\"inLanguage\":\"pt-BR\",\"potentialAction\":[{\"@type\":\"CommentAction\",\"name\":\"Comment\",\"target\":[\"https:\\\/\\\/marcelolopes.jor.br\\\/site\\\/2022\\\/05\\\/09\\\/motociclista-morre-apos-bater-de-frente-em-carro-na-br-116-em-muriae\\\/#respond\"]}]},{\"@type\":\"WebPage\",\"@id\":\"https:\\\/\\\/marcelolopes.jor.br\\\/site\\\/2022\\\/05\\\/09\\\/motociclista-morre-apos-bater-de-frente-em-carro-na-br-116-em-muriae\\\/\",\"url\":\"https:\\\/\\\/marcelolopes.jor.br\\\/site\\\/2022\\\/05\\\/09\\\/motociclista-morre-apos-bater-de-frente-em-carro-na-br-116-em-muriae\\\/\",\"name\":\"Motociclista morre ap\u00f3s bater em carro na BR-116\",\"isPartOf\":{\"@id\":\"https:\\\/\\\/marcelolopes.jor.br\\\/site\\\/#website\"},\"primaryImageOfPage\":{\"@id\":\"https:\\\/\\\/marcelolopes.jor.br\\\/site\\\/2022\\\/05\\\/09\\\/motociclista-morre-apos-bater-de-frente-em-carro-na-br-116-em-muriae\\\/#primaryimage\"},\"image\":{\"@id\":\"https:\\\/\\\/marcelolopes.jor.br\\\/site\\\/2022\\\/05\\\/09\\\/motociclista-morre-apos-bater-de-frente-em-carro-na-br-116-em-muriae\\\/#primaryimage\"},\"thumbnailUrl\":\"https:\\\/\\\/marcelolopes.jor.br\\\/site\\\/wp-content\\\/uploads\\\/2022\\\/05\\\/cc054362955f39560095b7fc7c0c58ca.405.jpeg\",\"datePublished\":\"2022-05-09T13:40:33+00:00\",\"dateModified\":\"2022-05-09T13:42:40+00:00\",\"description\":\"Motociclista morre ap\u00f3s bater de frente em carro na BR-116. Ele foi levado ao hospital mas n\u00e3o resistiu aos ferimentos.\",\"breadcrumb\":{\"@id\":\"https:\\\/\\\/marcelolopes.jor.br\\\/site\\\/2022\\\/05\\\/09\\\/motociclista-morre-apos-bater-de-frente-em-carro-na-br-116-em-muriae\\\/#breadcrumb\"},\"inLanguage\":\"pt-BR\",\"potentialAction\":[{\"@type\":\"ReadAction\",\"target\":[\"https:\\\/\\\/marcelolopes.jor.br\\\/site\\\/2022\\\/05\\\/09\\\/motociclista-morre-apos-bater-de-frente-em-carro-na-br-116-em-muriae\\\/\"]}]},{\"@type\":\"ImageObject\",\"inLanguage\":\"pt-BR\",\"@id\":\"https:\\\/\\\/marcelolopes.jor.br\\\/site\\\/2022\\\/05\\\/09\\\/motociclista-morre-apos-bater-de-frente-em-carro-na-br-116-em-muriae\\\/#primaryimage\",\"url\":\"https:\\\/\\\/marcelolopes.jor.br\\\/site\\\/wp-content\\\/uploads\\\/2022\\\/05\\\/cc054362955f39560095b7fc7c0c58ca.405.jpeg\",\"contentUrl\":\"https:\\\/\\\/marcelolopes.jor.br\\\/site\\\/wp-content\\\/uploads\\\/2022\\\/05\\\/cc054362955f39560095b7fc7c0c58ca.405.jpeg\",\"width\":700,\"height\":525},{\"@type\":\"BreadcrumbList\",\"@id\":\"https:\\\/\\\/marcelolopes.jor.br\\\/site\\\/2022\\\/05\\\/09\\\/motociclista-morre-apos-bater-de-frente-em-carro-na-br-116-em-muriae\\\/#breadcrumb\",\"itemListElement\":[{\"@type\":\"ListItem\",\"position\":1,\"name\":\"Home\",\"item\":\"https:\\\/\\\/marcelolopes.jor.br\\\/site\\\/\"},{\"@type\":\"ListItem\",\"position\":2,\"name\":\"Motociclista morre ap\u00f3s bater de frente em carro na BR-116, em Muria\u00e9\"}]},{\"@type\":\"WebSite\",\"@id\":\"https:\\\/\\\/marcelolopes.jor.br\\\/site\\\/#website\",\"url\":\"https:\\\/\\\/marcelolopes.jor.br\\\/site\\\/\",\"name\":\"Marcelo Lopes\",\"description\":\"Not\u00edcias de Cataguases e Regi\u00e3o\",\"publisher\":{\"@id\":\"https:\\\/\\\/marcelolopes.jor.br\\\/site\\\/#organization\"},\"potentialAction\":[{\"@type\":\"SearchAction\",\"target\":{\"@type\":\"EntryPoint\",\"urlTemplate\":\"https:\\\/\\\/marcelolopes.jor.br\\\/site\\\/?s={search_term_string}\"},\"query-input\":{\"@type\":\"PropertyValueSpecification\",\"valueRequired\":true,\"valueName\":\"search_term_string\"}}],\"inLanguage\":\"pt-BR\"},{\"@type\":\"Organization\",\"@id\":\"https:\\\/\\\/marcelolopes.jor.br\\\/site\\\/#organization\",\"name\":\"Site do Marcelo Lopes\",\"url\":\"https:\\\/\\\/marcelolopes.jor.br\\\/site\\\/\",\"logo\":{\"@type\":\"ImageObject\",\"inLanguage\":\"pt-BR\",\"@id\":\"https:\\\/\\\/marcelolopes.jor.br\\\/site\\\/#\\\/schema\\\/logo\\\/image\\\/\",\"url\":\"https:\\\/\\\/marcelolopes.jor.br\\\/site\\\/wp-content\\\/uploads\\\/2024\\\/11\\\/logo-1.png\",\"contentUrl\":\"https:\\\/\\\/marcelolopes.jor.br\\\/site\\\/wp-content\\\/uploads\\\/2024\\\/11\\\/logo-1.png\",\"width\":475,\"height\":80,\"caption\":\"Site do Marcelo Lopes\"},\"image\":{\"@id\":\"https:\\\/\\\/marcelolopes.jor.br\\\/site\\\/#\\\/schema\\\/logo\\\/image\\\/\"},\"sameAs\":[\"https:\\\/\\\/www.facebook.com\\\/sitedomarcelolopes\",\"https:\\\/\\\/www.instagram.com\\\/sitedomarcelolopes\\\/\",\"https:\\\/\\\/www.linkedin.com\\\/company\\\/site-do-marcelo-lopes\\\/\",\"https:\\\/\\\/www.youtube.com\\\/user\\\/marcelolopes957\"]},{\"@type\":\"Person\",\"@id\":\"https:\\\/\\\/marcelolopes.jor.br\\\/site\\\/#\\\/schema\\\/person\\\/3e7216a35c34d8fdf952b31da3d1f89f\",\"name\":\"Marcelo Lopes\",\"sameAs\":[\"http:\\\/\\\/www.marcelolopes.jor.br\"],\"url\":\"https:\\\/\\\/marcelolopes.jor.br\\\/site\\\/author\\\/marcelo\\\/\"}]}<\/script>\n<!-- \/ Yoast SEO plugin. -->","yoast_head_json":{"title":"Motociclista morre ap\u00f3s bater em carro na BR-116","description":"Motociclista morre ap\u00f3s bater de frente em carro na BR-116. Ele foi levado ao hospital mas n\u00e3o resistiu aos ferimentos.","robots":{"index":"index","follow":"follow","max-snippet":"max-snippet:-1","max-image-preview":"max-image-preview:large","max-video-preview":"max-video-preview:-1"},"canonical":"https:\/\/marcelolopes.jor.br\/site\/2022\/05\/09\/motociclista-morre-apos-bater-de-frente-em-carro-na-br-116-em-muriae\/","og_locale":"pt_BR","og_type":"article","og_title":"Motociclista morre ap\u00f3s bater em carro na BR-116 em Muria\u00e9","og_description":"Motociclista morre ap\u00f3s bater de frente em carro na BR-116, em Muria\u00e9. Ele foi levado ao hospital mas n\u00e3o resistiu aos ferimentos.","og_url":"https:\/\/marcelolopes.jor.br\/site\/2022\/05\/09\/motociclista-morre-apos-bater-de-frente-em-carro-na-br-116-em-muriae\/","og_site_name":"Marcelo Lopes","article_publisher":"https:\/\/www.facebook.com\/sitedomarcelolopes","article_published_time":"2022-05-09T13:40:33+00:00","article_modified_time":"2022-05-09T13:42:40+00:00","og_image":[{"width":700,"height":525,"url":"https:\/\/marcelolopes.jor.br\/site\/wp-content\/uploads\/2022\/05\/cc054362955f39560095b7fc7c0c58ca.405.jpeg","type":"image\/jpeg"}],"author":"Marcelo Lopes","twitter_card":"summary_large_image","twitter_misc":{"Escrito por":"Marcelo Lopes","Est. tempo de leitura":"2 minutos"},"schema":{"@context":"https:\/\/schema.org","@graph":[{"@type":"NewsArticle","@id":"https:\/\/marcelolopes.jor.br\/site\/2022\/05\/09\/motociclista-morre-apos-bater-de-frente-em-carro-na-br-116-em-muriae\/#article","isPartOf":{"@id":"https:\/\/marcelolopes.jor.br\/site\/2022\/05\/09\/motociclista-morre-apos-bater-de-frente-em-carro-na-br-116-em-muriae\/"},"author":{"name":"Marcelo Lopes","@id":"https:\/\/marcelolopes.jor.br\/site\/#\/schema\/person\/3e7216a35c34d8fdf952b31da3d1f89f"},"headline":"Motociclista morre ap\u00f3s bater de frente em carro na BR-116, em Muria\u00e9","datePublished":"2022-05-09T13:40:33+00:00","dateModified":"2022-05-09T13:42:40+00:00","mainEntityOfPage":{"@id":"https:\/\/marcelolopes.jor.br\/site\/2022\/05\/09\/motociclista-morre-apos-bater-de-frente-em-carro-na-br-116-em-muriae\/"},"wordCount":262,"commentCount":0,"publisher":{"@id":"https:\/\/marcelolopes.jor.br\/site\/#organization"},"image":{"@id":"https:\/\/marcelolopes.jor.br\/site\/2022\/05\/09\/motociclista-morre-apos-bater-de-frente-em-carro-na-br-116-em-muriae\/#primaryimage"},"thumbnailUrl":"https:\/\/marcelolopes.jor.br\/site\/wp-content\/uploads\/2022\/05\/cc054362955f39560095b7fc7c0c58ca.405.jpeg","keywords":["acidente de moto","acidente na BR-116","colis\u00e3o","motociclista"],"articleSection":["Not\u00edcias"],"inLanguage":"pt-BR","potentialAction":[{"@type":"CommentAction","name":"Comment","target":["https:\/\/marcelolopes.jor.br\/site\/2022\/05\/09\/motociclista-morre-apos-bater-de-frente-em-carro-na-br-116-em-muriae\/#respond"]}]},{"@type":"WebPage","@id":"https:\/\/marcelolopes.jor.br\/site\/2022\/05\/09\/motociclista-morre-apos-bater-de-frente-em-carro-na-br-116-em-muriae\/","url":"https:\/\/marcelolopes.jor.br\/site\/2022\/05\/09\/motociclista-morre-apos-bater-de-frente-em-carro-na-br-116-em-muriae\/","name":"Motociclista morre ap\u00f3s bater em carro na BR-116","isPartOf":{"@id":"https:\/\/marcelolopes.jor.br\/site\/#website"},"primaryImageOfPage":{"@id":"https:\/\/marcelolopes.jor.br\/site\/2022\/05\/09\/motociclista-morre-apos-bater-de-frente-em-carro-na-br-116-em-muriae\/#primaryimage"},"image":{"@id":"https:\/\/marcelolopes.jor.br\/site\/2022\/05\/09\/motociclista-morre-apos-bater-de-frente-em-carro-na-br-116-em-muriae\/#primaryimage"},"thumbnailUrl":"https:\/\/marcelolopes.jor.br\/site\/wp-content\/uploads\/2022\/05\/cc054362955f39560095b7fc7c0c58ca.405.jpeg","datePublished":"2022-05-09T13:40:33+00:00","dateModified":"2022-05-09T13:42:40+00:00","description":"Motociclista morre ap\u00f3s bater de frente em carro na BR-116. Ele foi levado ao hospital mas n\u00e3o resistiu aos ferimentos.","breadcrumb":{"@id":"https:\/\/marcelolopes.jor.br\/site\/2022\/05\/09\/motociclista-morre-apos-bater-de-frente-em-carro-na-br-116-em-muriae\/#breadcrumb"},"inLanguage":"pt-BR","potentialAction":[{"@type":"ReadAction","target":["https:\/\/marcelolopes.jor.br\/site\/2022\/05\/09\/motociclista-morre-apos-bater-de-frente-em-carro-na-br-116-em-muriae\/"]}]},{"@type":"ImageObject","inLanguage":"pt-BR","@id":"https:\/\/marcelolopes.jor.br\/site\/2022\/05\/09\/motociclista-morre-apos-bater-de-frente-em-carro-na-br-116-em-muriae\/#primaryimage","url":"https:\/\/marcelolopes.jor.br\/site\/wp-content\/uploads\/2022\/05\/cc054362955f39560095b7fc7c0c58ca.405.jpeg","contentUrl":"https:\/\/marcelolopes.jor.br\/site\/wp-content\/uploads\/2022\/05\/cc054362955f39560095b7fc7c0c58ca.405.jpeg","width":700,"height":525},{"@type":"BreadcrumbList","@id":"https:\/\/marcelolopes.jor.br\/site\/2022\/05\/09\/motociclista-morre-apos-bater-de-frente-em-carro-na-br-116-em-muriae\/#breadcrumb","itemListElement":[{"@type":"ListItem","position":1,"name":"Home","item":"https:\/\/marcelolopes.jor.br\/site\/"},{"@type":"ListItem","position":2,"name":"Motociclista morre ap\u00f3s bater de frente em carro na BR-116, em Muria\u00e9"}]},{"@type":"WebSite","@id":"https:\/\/marcelolopes.jor.br\/site\/#website","url":"https:\/\/marcelolopes.jor.br\/site\/","name":"Marcelo Lopes","description":"Not\u00edcias de Cataguases e Regi\u00e3o","publisher":{"@id":"https:\/\/marcelolopes.jor.br\/site\/#organization"},"potentialAction":[{"@type":"SearchAction","target":{"@type":"EntryPoint","urlTemplate":"https:\/\/marcelolopes.jor.br\/site\/?s={search_term_string}"},"query-input":{"@type":"PropertyValueSpecification","valueRequired":true,"valueName":"search_term_string"}}],"inLanguage":"pt-BR"},{"@type":"Organization","@id":"https:\/\/marcelolopes.jor.br\/site\/#organization","name":"Site do Marcelo Lopes","url":"https:\/\/marcelolopes.jor.br\/site\/","logo":{"@type":"ImageObject","inLanguage":"pt-BR","@id":"https:\/\/marcelolopes.jor.br\/site\/#\/schema\/logo\/image\/","url":"https:\/\/marcelolopes.jor.br\/site\/wp-content\/uploads\/2024\/11\/logo-1.png","contentUrl":"https:\/\/marcelolopes.jor.br\/site\/wp-content\/uploads\/2024\/11\/logo-1.png","width":475,"height":80,"caption":"Site do Marcelo Lopes"},"image":{"@id":"https:\/\/marcelolopes.jor.br\/site\/#\/schema\/logo\/image\/"},"sameAs":["https:\/\/www.facebook.com\/sitedomarcelolopes","https:\/\/www.instagram.com\/sitedomarcelolopes\/","https:\/\/www.linkedin.com\/company\/site-do-marcelo-lopes\/","https:\/\/www.youtube.com\/user\/marcelolopes957"]},{"@type":"Person","@id":"https:\/\/marcelolopes.jor.br\/site\/#\/schema\/person\/3e7216a35c34d8fdf952b31da3d1f89f","name":"Marcelo Lopes","sameAs":["http:\/\/www.marcelolopes.jor.br"],"url":"https:\/\/marcelolopes.jor.br\/site\/author\/marcelo\/"}]}},"wps_subtitle":"Ele foi levado com vida ao Hospital, mas n\u00e3o resistiu aos ferimentos.","_links":{"self":[{"href":"https:\/\/marcelolopes.jor.br\/site\/wp-json\/wp\/v2\/posts\/32966","targetHints":{"allow":["GET"]}}],"collection":[{"href":"https:\/\/marcelolopes.jor.br\/site\/wp-json\/wp\/v2\/posts"}],"about":[{"href":"https:\/\/marcelolopes.jor.br\/site\/wp-json\/wp\/v2\/types\/post"}],"author":[{"embeddable":true,"href":"https:\/\/marcelolopes.jor.br\/site\/wp-json\/wp\/v2\/users\/2"}],"replies":[{"embeddable":true,"href":"https:\/\/marcelolopes.jor.br\/site\/wp-json\/wp\/v2\/comments?post=32966"}],"version-history":[{"count":0,"href":"https:\/\/marcelolopes.jor.br\/site\/wp-json\/wp\/v2\/posts\/32966\/revisions"}],"wp:featuredmedia":[{"embeddable":true,"href":"https:\/\/marcelolopes.jor.br\/site\/wp-json\/wp\/v2\/media\/32969"}],"wp:attachment":[{"href":"https:\/\/marcelolopes.jor.br\/site\/wp-json\/wp\/v2\/media?parent=32966"}],"wp:term":[{"taxonomy":"category","embeddable":true,"href":"https:\/\/marcelolopes.jor.br\/site\/wp-json\/wp\/v2\/categories?post=32966"},{"taxonomy":"post_tag","embeddable":true,"href":"https:\/\/marcelolopes.jor.br\/site\/wp-json\/wp\/v2\/tags?post=32966"}],"curies":[{"name":"wp","href":"https:\/\/api.w.org\/{rel}","templated":true}]}}