{"id":32935,"date":"2022-05-09T07:00:48","date_gmt":"2022-05-09T10:00:48","guid":{"rendered":"https:\/\/marcelolopes.jor.br\/?p=32935"},"modified":"2022-07-14T18:55:25","modified_gmt":"2022-07-14T21:55:25","slug":"bellus-centro-de-estetica-inaugura-novas-instalacoes-e-amplia-servicos","status":"publish","type":"post","link":"https:\/\/marcelolopes.jor.br\/site\/2022\/05\/09\/bellus-centro-de-estetica-inaugura-novas-instalacoes-e-amplia-servicos\/","title":{"rendered":"Bellus Centro de Est\u00e9tica inaugura novas instala\u00e7\u00f5es e amplia servi\u00e7os"},"content":{"rendered":"<p style=\"text-align: justify;\">Cuidar do corpo, da pele, sentir-se bem consigo mesmo e manter a autoestima em dia \u00e9 o que busca proporcionar a seus clientes a Bellus Centro de Est\u00e9tica. Criada h\u00e1 cinco anos pelo casal, Luana Carmo (biom\u00e9dica esteta) e Leonardo Pussente, a cl\u00ednica inaugurou no \u00faltimo s\u00e1bado, 7 de maio, suas novas e modernas instala\u00e7\u00f5es, na Rua Coronel Vieira, ao lado da Pra\u00e7a Rui Barbosa, no centro de Cataguases.<!--more--><\/p>\n<p style=\"text-align: justify;\"><img loading=\"lazy\" decoding=\"async\" class=\"aligncenter wp-image-32950\" src=\"https:\/\/marcelolopes.jor.br\/site\/wp-content\/uploads\/2022\/05\/IMG_2154-Grande-300x169.jpeg\" alt=\"\" width=\"700\" height=\"394\" srcset=\"https:\/\/marcelolopes.jor.br\/site\/wp-content\/uploads\/2022\/05\/IMG_2154-Grande-300x169.jpeg 300w, https:\/\/marcelolopes.jor.br\/site\/wp-content\/uploads\/2022\/05\/IMG_2154-Grande-1024x576.jpeg 1024w, https:\/\/marcelolopes.jor.br\/site\/wp-content\/uploads\/2022\/05\/IMG_2154-Grande-768x432.jpeg 768w, https:\/\/marcelolopes.jor.br\/site\/wp-content\/uploads\/2022\/05\/IMG_2154-Grande-1200x675.jpeg 1200w, https:\/\/marcelolopes.jor.br\/site\/wp-content\/uploads\/2022\/05\/IMG_2154-Grande.jpeg 1280w\" sizes=\"auto, (max-width: 700px) 100vw, 700px\" \/>Conforme explica Luana (foto acima), o novo espa\u00e7o foi cuidadosamente criado pela designer de interiores Gracielly Pedretti, de forma a aliar conforto, funcionalidade e praticidade em um mesmo lugar. O resultado, garante, \u201crepresenta exatamente o que buscava.\u201d J\u00e1 os canap\u00e9s servidos aos convidados foram preparados pela Casa de Festas Manto Verde (leia-se Andr\u00e9a); os drinks sem \u00e1lcool s\u00e3o do Rafael (Skay), al\u00e9m do saboroso sorvete Dov\u00f4. Tudo isso regado \u00e0 boa m\u00fasica do talentoso professor Adriano Cunha, o Nenego.<\/p>\n<p style=\"text-align: justify;\">Luana conta sobre a expans\u00e3o da Bellus e a chegada de novos servi\u00e7os que atendem aos p\u00fablicos feminino e masculino. A cl\u00ednica trabalha com procedimentos corporais no tratamento de gordura localizada, celulite, microvasos, estrias, entre outros atendimentos, revela, \u201cal\u00e9m de harmoniza\u00e7\u00e3o facial e procedimentos mais simples de cuidado com a nossa pele, e que promovem rejuvenescimento, entre outros.&#8221; (Veja o v\u00eddeo ao final do texto)<\/p>\n<p style=\"text-align: justify;\"><img loading=\"lazy\" decoding=\"async\" class=\"aligncenter wp-image-32949\" src=\"https:\/\/marcelolopes.jor.br\/site\/wp-content\/uploads\/2022\/05\/IMG_2157-Grande-300x169.jpeg\" alt=\"\" width=\"700\" height=\"394\" srcset=\"https:\/\/marcelolopes.jor.br\/site\/wp-content\/uploads\/2022\/05\/IMG_2157-Grande-300x169.jpeg 300w, https:\/\/marcelolopes.jor.br\/site\/wp-content\/uploads\/2022\/05\/IMG_2157-Grande-1024x576.jpeg 1024w, https:\/\/marcelolopes.jor.br\/site\/wp-content\/uploads\/2022\/05\/IMG_2157-Grande-768x432.jpeg 768w, https:\/\/marcelolopes.jor.br\/site\/wp-content\/uploads\/2022\/05\/IMG_2157-Grande-1200x675.jpeg 1200w, https:\/\/marcelolopes.jor.br\/site\/wp-content\/uploads\/2022\/05\/IMG_2157-Grande.jpeg 1280w\" sizes=\"auto, (max-width: 700px) 100vw, 700px\" \/>Sobre as novidades, Luana revela que vai oferecer servi\u00e7os de &#8220;design de sobrancelhas com t\u00e9cnicas naturais proporcionando um resultado bem delicado e sofisticado, al\u00e9m do espa\u00e7o para cuidar das unhas, um pedido antigo das nossas clientes que agora se concretiza. Por fim temos um trabalho de drenagem linf\u00e1tica para todos os p\u00fablicos, mas em especial para as gestantes, depila\u00e7\u00e3o a laser, al\u00e9m de aplica\u00e7\u00e3o a laser para diversas finalidades, inclusive, remo\u00e7\u00e3o de tatuagens\u201d, completa.<\/p>\n<p style=\"text-align: justify;\">Para agendar o seu tratamento \u00e9 s\u00f3 acessar o Instagram da cl\u00ednica no perfil <strong>@sejabellus<\/strong> e seguir o passo a passo &#8220;que \u00e9 simples e r\u00e1pido de fazer\u201d, garante Luana. Se preferir, pode enviar uma mensagem diretamente pelo aplicativo WhatsApp para o n\u00famero <strong>(32) 97400-2626<\/strong>. O novo endere\u00e7o da Bellus Centro de Est\u00e9tica \u00e9 Rua Cel. Vieira, 12, 1\u00ba andar, Centro de Cataguases, e funciona de segunda a sexta-feira, das 9h \u00e0s 19 horas e aos s\u00e1bados de 9h ao meio dia.<\/p>\n<p><img loading=\"lazy\" decoding=\"async\" class=\"aligncenter wp-image-32940\" src=\"https:\/\/marcelolopes.jor.br\/site\/wp-content\/uploads\/2022\/05\/IMG_2181-Grande-300x169.jpeg\" alt=\"\" width=\"700\" height=\"394\" srcset=\"https:\/\/marcelolopes.jor.br\/site\/wp-content\/uploads\/2022\/05\/IMG_2181-Grande-300x169.jpeg 300w, https:\/\/marcelolopes.jor.br\/site\/wp-content\/uploads\/2022\/05\/IMG_2181-Grande-1024x576.jpeg 1024w, https:\/\/marcelolopes.jor.br\/site\/wp-content\/uploads\/2022\/05\/IMG_2181-Grande-768x432.jpeg 768w, https:\/\/marcelolopes.jor.br\/site\/wp-content\/uploads\/2022\/05\/IMG_2181-Grande-1200x675.jpeg 1200w, https:\/\/marcelolopes.jor.br\/site\/wp-content\/uploads\/2022\/05\/IMG_2181-Grande.jpeg 1280w\" sizes=\"auto, (max-width: 700px) 100vw, 700px\" \/><\/p>\n<div id='gallery-1' class='gallery galleryid-32935 gallery-columns-4 gallery-size-thumbnail'><figure class='gallery-item'>\n\t\t\t<div class='gallery-icon landscape'>\n\t\t\t\t<a href='https:\/\/marcelolopes.jor.br\/site\/2022\/05\/09\/bellus-centro-de-estetica-inaugura-novas-instalacoes-e-amplia-servicos\/img_2154-grande\/'><img loading=\"lazy\" decoding=\"async\" width=\"150\" height=\"150\" src=\"https:\/\/marcelolopes.jor.br\/site\/wp-content\/uploads\/2022\/05\/IMG_2154-Grande-150x150.jpeg\" class=\"attachment-thumbnail size-thumbnail\" alt=\"Bellus Centro de Est\u00e9tica\" srcset=\"https:\/\/marcelolopes.jor.br\/site\/wp-content\/uploads\/2022\/05\/IMG_2154-Grande-150x150.jpeg 150w, https:\/\/marcelolopes.jor.br\/site\/wp-content\/uploads\/2022\/05\/IMG_2154-Grande-65x65.jpeg 65w\" sizes=\"auto, (max-width: 150px) 100vw, 150px\" \/><\/a>\n\t\t\t<\/div><\/figure><figure class='gallery-item'>\n\t\t\t<div class='gallery-icon landscape'>\n\t\t\t\t<a href='https:\/\/marcelolopes.jor.br\/site\/2022\/05\/09\/bellus-centro-de-estetica-inaugura-novas-instalacoes-e-amplia-servicos\/img_2157-grande\/'><img loading=\"lazy\" decoding=\"async\" width=\"150\" height=\"150\" src=\"https:\/\/marcelolopes.jor.br\/site\/wp-content\/uploads\/2022\/05\/IMG_2157-Grande-150x150.jpeg\" class=\"attachment-thumbnail size-thumbnail\" alt=\"Bellus Centro de Est\u00e9tica\" srcset=\"https:\/\/marcelolopes.jor.br\/site\/wp-content\/uploads\/2022\/05\/IMG_2157-Grande-150x150.jpeg 150w, https:\/\/marcelolopes.jor.br\/site\/wp-content\/uploads\/2022\/05\/IMG_2157-Grande-65x65.jpeg 65w\" sizes=\"auto, (max-width: 150px) 100vw, 150px\" \/><\/a>\n\t\t\t<\/div><\/figure><figure class='gallery-item'>\n\t\t\t<div class='gallery-icon landscape'>\n\t\t\t\t<a href='https:\/\/marcelolopes.jor.br\/site\/2022\/05\/09\/bellus-centro-de-estetica-inaugura-novas-instalacoes-e-amplia-servicos\/img_2158-grande\/'><img loading=\"lazy\" decoding=\"async\" width=\"150\" height=\"150\" src=\"https:\/\/marcelolopes.jor.br\/site\/wp-content\/uploads\/2022\/05\/IMG_2158-Grande-150x150.jpeg\" class=\"attachment-thumbnail size-thumbnail\" alt=\"Bellus Centro de Est\u00e9tica\" srcset=\"https:\/\/marcelolopes.jor.br\/site\/wp-content\/uploads\/2022\/05\/IMG_2158-Grande-150x150.jpeg 150w, https:\/\/marcelolopes.jor.br\/site\/wp-content\/uploads\/2022\/05\/IMG_2158-Grande-65x65.jpeg 65w\" sizes=\"auto, (max-width: 150px) 100vw, 150px\" \/><\/a>\n\t\t\t<\/div><\/figure><figure class='gallery-item'>\n\t\t\t<div class='gallery-icon landscape'>\n\t\t\t\t<a href='https:\/\/marcelolopes.jor.br\/site\/2022\/05\/09\/bellus-centro-de-estetica-inaugura-novas-instalacoes-e-amplia-servicos\/img_2159-grande\/'><img loading=\"lazy\" decoding=\"async\" width=\"150\" height=\"150\" src=\"https:\/\/marcelolopes.jor.br\/site\/wp-content\/uploads\/2022\/05\/IMG_2159-Grande-150x150.jpeg\" class=\"attachment-thumbnail size-thumbnail\" alt=\"Bellus Centro de Est\u00e9tica\" srcset=\"https:\/\/marcelolopes.jor.br\/site\/wp-content\/uploads\/2022\/05\/IMG_2159-Grande-150x150.jpeg 150w, https:\/\/marcelolopes.jor.br\/site\/wp-content\/uploads\/2022\/05\/IMG_2159-Grande-65x65.jpeg 65w\" sizes=\"auto, (max-width: 150px) 100vw, 150px\" \/><\/a>\n\t\t\t<\/div><\/figure><figure class='gallery-item'>\n\t\t\t<div class='gallery-icon landscape'>\n\t\t\t\t<a href='https:\/\/marcelolopes.jor.br\/site\/2022\/05\/09\/bellus-centro-de-estetica-inaugura-novas-instalacoes-e-amplia-servicos\/img_2161-grande\/'><img loading=\"lazy\" decoding=\"async\" width=\"150\" height=\"150\" src=\"https:\/\/marcelolopes.jor.br\/site\/wp-content\/uploads\/2022\/05\/IMG_2161-Grande-150x150.jpeg\" class=\"attachment-thumbnail size-thumbnail\" alt=\"Bellus Centro de Est\u00e9tica\" srcset=\"https:\/\/marcelolopes.jor.br\/site\/wp-content\/uploads\/2022\/05\/IMG_2161-Grande-150x150.jpeg 150w, https:\/\/marcelolopes.jor.br\/site\/wp-content\/uploads\/2022\/05\/IMG_2161-Grande-65x65.jpeg 65w\" sizes=\"auto, (max-width: 150px) 100vw, 150px\" \/><\/a>\n\t\t\t<\/div><\/figure><figure class='gallery-item'>\n\t\t\t<div class='gallery-icon landscape'>\n\t\t\t\t<a href='https:\/\/marcelolopes.jor.br\/site\/2022\/05\/09\/bellus-centro-de-estetica-inaugura-novas-instalacoes-e-amplia-servicos\/img_2163-grande\/'><img loading=\"lazy\" decoding=\"async\" width=\"150\" height=\"150\" src=\"https:\/\/marcelolopes.jor.br\/site\/wp-content\/uploads\/2022\/05\/IMG_2163-Grande-150x150.jpeg\" class=\"attachment-thumbnail size-thumbnail\" alt=\"Bellus Centro de Est\u00e9tica\" srcset=\"https:\/\/marcelolopes.jor.br\/site\/wp-content\/uploads\/2022\/05\/IMG_2163-Grande-150x150.jpeg 150w, https:\/\/marcelolopes.jor.br\/site\/wp-content\/uploads\/2022\/05\/IMG_2163-Grande-65x65.jpeg 65w\" sizes=\"auto, (max-width: 150px) 100vw, 150px\" \/><\/a>\n\t\t\t<\/div><\/figure><figure class='gallery-item'>\n\t\t\t<div class='gallery-icon portrait'>\n\t\t\t\t<a href='https:\/\/marcelolopes.jor.br\/site\/2022\/05\/09\/bellus-centro-de-estetica-inaugura-novas-instalacoes-e-amplia-servicos\/img_2164-grande\/'><img loading=\"lazy\" decoding=\"async\" width=\"150\" height=\"150\" src=\"https:\/\/marcelolopes.jor.br\/site\/wp-content\/uploads\/2022\/05\/IMG_2164-Grande-150x150.jpeg\" class=\"attachment-thumbnail size-thumbnail\" alt=\"Bellus Centro de Est\u00e9tica\" srcset=\"https:\/\/marcelolopes.jor.br\/site\/wp-content\/uploads\/2022\/05\/IMG_2164-Grande-150x150.jpeg 150w, https:\/\/marcelolopes.jor.br\/site\/wp-content\/uploads\/2022\/05\/IMG_2164-Grande-65x65.jpeg 65w\" sizes=\"auto, (max-width: 150px) 100vw, 150px\" \/><\/a>\n\t\t\t<\/div><\/figure><figure class='gallery-item'>\n\t\t\t<div class='gallery-icon landscape'>\n\t\t\t\t<a href='https:\/\/marcelolopes.jor.br\/site\/2022\/05\/09\/bellus-centro-de-estetica-inaugura-novas-instalacoes-e-amplia-servicos\/img_2177-grande\/'><img loading=\"lazy\" decoding=\"async\" width=\"150\" height=\"150\" src=\"https:\/\/marcelolopes.jor.br\/site\/wp-content\/uploads\/2022\/05\/IMG_2177-Grande-150x150.jpeg\" class=\"attachment-thumbnail size-thumbnail\" alt=\"Bellus Centro de Est\u00e9tica\" srcset=\"https:\/\/marcelolopes.jor.br\/site\/wp-content\/uploads\/2022\/05\/IMG_2177-Grande-150x150.jpeg 150w, https:\/\/marcelolopes.jor.br\/site\/wp-content\/uploads\/2022\/05\/IMG_2177-Grande-65x65.jpeg 65w\" sizes=\"auto, (max-width: 150px) 100vw, 150px\" \/><\/a>\n\t\t\t<\/div><\/figure><figure class='gallery-item'>\n\t\t\t<div class='gallery-icon landscape'>\n\t\t\t\t<a href='https:\/\/marcelolopes.jor.br\/site\/2022\/05\/09\/bellus-centro-de-estetica-inaugura-novas-instalacoes-e-amplia-servicos\/img_2166-grande\/'><img loading=\"lazy\" decoding=\"async\" width=\"150\" height=\"150\" src=\"https:\/\/marcelolopes.jor.br\/site\/wp-content\/uploads\/2022\/05\/IMG_2166-Grande-150x150.jpeg\" class=\"attachment-thumbnail size-thumbnail\" alt=\"Bellus Centro de Est\u00e9tica\" srcset=\"https:\/\/marcelolopes.jor.br\/site\/wp-content\/uploads\/2022\/05\/IMG_2166-Grande-150x150.jpeg 150w, https:\/\/marcelolopes.jor.br\/site\/wp-content\/uploads\/2022\/05\/IMG_2166-Grande-65x65.jpeg 65w\" sizes=\"auto, (max-width: 150px) 100vw, 150px\" \/><\/a>\n\t\t\t<\/div><\/figure><figure class='gallery-item'>\n\t\t\t<div class='gallery-icon landscape'>\n\t\t\t\t<a href='https:\/\/marcelolopes.jor.br\/site\/2022\/05\/09\/bellus-centro-de-estetica-inaugura-novas-instalacoes-e-amplia-servicos\/img_2168-grande\/'><img loading=\"lazy\" decoding=\"async\" width=\"150\" height=\"150\" src=\"https:\/\/marcelolopes.jor.br\/site\/wp-content\/uploads\/2022\/05\/IMG_2168-Grande-150x150.jpeg\" class=\"attachment-thumbnail size-thumbnail\" alt=\"Bellus Centro de Est\u00e9tica\" srcset=\"https:\/\/marcelolopes.jor.br\/site\/wp-content\/uploads\/2022\/05\/IMG_2168-Grande-150x150.jpeg 150w, https:\/\/marcelolopes.jor.br\/site\/wp-content\/uploads\/2022\/05\/IMG_2168-Grande-65x65.jpeg 65w\" sizes=\"auto, (max-width: 150px) 100vw, 150px\" \/><\/a>\n\t\t\t<\/div><\/figure><figure class='gallery-item'>\n\t\t\t<div class='gallery-icon landscape'>\n\t\t\t\t<a href='https:\/\/marcelolopes.jor.br\/site\/2022\/05\/09\/bellus-centro-de-estetica-inaugura-novas-instalacoes-e-amplia-servicos\/img_2181-grande\/'><img loading=\"lazy\" decoding=\"async\" width=\"150\" height=\"150\" src=\"https:\/\/marcelolopes.jor.br\/site\/wp-content\/uploads\/2022\/05\/IMG_2181-Grande-150x150.jpeg\" class=\"attachment-thumbnail size-thumbnail\" alt=\"\" srcset=\"https:\/\/marcelolopes.jor.br\/site\/wp-content\/uploads\/2022\/05\/IMG_2181-Grande-150x150.jpeg 150w, https:\/\/marcelolopes.jor.br\/site\/wp-content\/uploads\/2022\/05\/IMG_2181-Grande-65x65.jpeg 65w\" sizes=\"auto, (max-width: 150px) 100vw, 150px\" \/><\/a>\n\t\t\t<\/div><\/figure><figure class='gallery-item'>\n\t\t\t<div class='gallery-icon portrait'>\n\t\t\t\t<a href='https:\/\/marcelolopes.jor.br\/site\/2022\/05\/09\/bellus-centro-de-estetica-inaugura-novas-instalacoes-e-amplia-servicos\/img_2183-grande\/'><img loading=\"lazy\" decoding=\"async\" width=\"150\" height=\"150\" src=\"https:\/\/marcelolopes.jor.br\/site\/wp-content\/uploads\/2022\/05\/IMG_2183-Grande-150x150.jpeg\" class=\"attachment-thumbnail size-thumbnail\" alt=\"\" srcset=\"https:\/\/marcelolopes.jor.br\/site\/wp-content\/uploads\/2022\/05\/IMG_2183-Grande-150x150.jpeg 150w, https:\/\/marcelolopes.jor.br\/site\/wp-content\/uploads\/2022\/05\/IMG_2183-Grande-65x65.jpeg 65w\" sizes=\"auto, (max-width: 150px) 100vw, 150px\" \/><\/a>\n\t\t\t<\/div><\/figure><figure class='gallery-item'>\n\t\t\t<div class='gallery-icon landscape'>\n\t\t\t\t<a href='https:\/\/marcelolopes.jor.br\/site\/2022\/05\/09\/bellus-centro-de-estetica-inaugura-novas-instalacoes-e-amplia-servicos\/img_2187-grande\/'><img loading=\"lazy\" decoding=\"async\" width=\"150\" height=\"150\" src=\"https:\/\/marcelolopes.jor.br\/site\/wp-content\/uploads\/2022\/05\/IMG_2187-Grande-150x150.jpeg\" class=\"attachment-thumbnail size-thumbnail\" alt=\"\" srcset=\"https:\/\/marcelolopes.jor.br\/site\/wp-content\/uploads\/2022\/05\/IMG_2187-Grande-150x150.jpeg 150w, https:\/\/marcelolopes.jor.br\/site\/wp-content\/uploads\/2022\/05\/IMG_2187-Grande-65x65.jpeg 65w\" sizes=\"auto, (max-width: 150px) 100vw, 150px\" \/><\/a>\n\t\t\t<\/div><\/figure><figure class='gallery-item'>\n\t\t\t<div class='gallery-icon portrait'>\n\t\t\t\t<a href='https:\/\/marcelolopes.jor.br\/site\/2022\/05\/09\/bellus-centro-de-estetica-inaugura-novas-instalacoes-e-amplia-servicos\/img_2195-grande\/'><img loading=\"lazy\" decoding=\"async\" width=\"150\" height=\"150\" src=\"https:\/\/marcelolopes.jor.br\/site\/wp-content\/uploads\/2022\/05\/IMG_2195-Grande-150x150.jpeg\" class=\"attachment-thumbnail size-thumbnail\" alt=\"\" srcset=\"https:\/\/marcelolopes.jor.br\/site\/wp-content\/uploads\/2022\/05\/IMG_2195-Grande-150x150.jpeg 150w, https:\/\/marcelolopes.jor.br\/site\/wp-content\/uploads\/2022\/05\/IMG_2195-Grande-65x65.jpeg 65w\" sizes=\"auto, (max-width: 150px) 100vw, 150px\" \/><\/a>\n\t\t\t<\/div><\/figure><figure class='gallery-item'>\n\t\t\t<div class='gallery-icon portrait'>\n\t\t\t\t<a href='https:\/\/marcelolopes.jor.br\/site\/2022\/05\/09\/bellus-centro-de-estetica-inaugura-novas-instalacoes-e-amplia-servicos\/img_2198-grande\/'><img loading=\"lazy\" decoding=\"async\" width=\"150\" height=\"150\" src=\"https:\/\/marcelolopes.jor.br\/site\/wp-content\/uploads\/2022\/05\/IMG_2198-Grande-150x150.jpeg\" class=\"attachment-thumbnail size-thumbnail\" alt=\"\" srcset=\"https:\/\/marcelolopes.jor.br\/site\/wp-content\/uploads\/2022\/05\/IMG_2198-Grande-150x150.jpeg 150w, https:\/\/marcelolopes.jor.br\/site\/wp-content\/uploads\/2022\/05\/IMG_2198-Grande-65x65.jpeg 65w\" sizes=\"auto, (max-width: 150px) 100vw, 150px\" \/><\/a>\n\t\t\t<\/div><\/figure>\n\t\t<\/div>\n\n<p><iframe loading=\"lazy\" title=\"Bellus Centro Est\u00e9tico\" width=\"880\" height=\"495\" src=\"https:\/\/www.youtube.com\/embed\/dkVpQfeltE0?feature=oembed\" frameborder=\"0\" allow=\"accelerometer; autoplay; clipboard-write; encrypted-media; gyroscope; picture-in-picture\" allowfullscreen><\/iframe><\/p>\n<p>*Conte\u00fado promovido<\/p>\n<div class=\"ihzzl69f77d588ce37\" ><br><\/div><style type=\"text\/css\">\r\n@media screen and (min-width: 1201px) {\r\n.ihzzl69f77d588ce37 {\r\ndisplay: block;\r\n}\r\n}\r\n@media screen and (min-width: 993px) and (max-width: 1200px) {\r\n.ihzzl69f77d588ce37 {\r\ndisplay: block;\r\n}\r\n}\r\n@media screen and (min-width: 769px) and (max-width: 992px) {\r\n.ihzzl69f77d588ce37 {\r\ndisplay: block;\r\n}\r\n}\r\n@media screen and (min-width: 768px) and (max-width: 768px) {\r\n.ihzzl69f77d588ce37 {\r\ndisplay: block;\r\n}\r\n}\r\n@media screen and (max-width: 767px) {\r\n.ihzzl69f77d588ce37 {\r\ndisplay: block;\r\n}\r\n}\r\n<\/style>\r\n<div class=\"ixodq69f77d589391f\" ><div id=\"div_destino\"><\/div>\r\n<script src=\"https:\/\/cdn.snsrsv.com\/sdk.js\"><\/script>\r\n<script >\r\n      new sdk(\"464030C30061EA8BE065000000000001\") \r\n          .appendTo(\"div_destino\")\r\n          .disableStyle(true) \r\n          .setCacheBusterMacro(\"%%CACHEBUSTER%%\")\r\n          .setSize(\"800\",\"214\")\r\n          .setClickMacro(\"%%CLICK_URL_ESC%%\") \r\n          .setReferrerUrlMacro(\"%%REFERRER_URL_ESC%%\") \r\n          .start(); \r\n<\/script><\/div><style type=\"text\/css\">\r\n@media screen and (min-width: 1201px) {\r\n.ixodq69f77d589391f {\r\ndisplay: block;\r\n}\r\n}\r\n@media screen and (min-width: 993px) and (max-width: 1200px) {\r\n.ixodq69f77d589391f {\r\ndisplay: block;\r\n}\r\n}\r\n@media screen and (min-width: 769px) and (max-width: 992px) {\r\n.ixodq69f77d589391f {\r\ndisplay: block;\r\n}\r\n}\r\n@media screen and (min-width: 768px) and (max-width: 768px) {\r\n.ixodq69f77d589391f {\r\ndisplay: block;\r\n}\r\n}\r\n@media screen and (max-width: 767px) {\r\n.ixodq69f77d589391f {\r\ndisplay: block;\r\n}\r\n}\r\n<\/style>\r\n","protected":false},"excerpt":{"rendered":"<p>Cuidar do corpo, da pele, sentir-se bem consigo mesmo e manter a autoestima em dia \u00e9 o que busca proporcionar a seus clientes a Bellus Centro de Est\u00e9tica. Criada h\u00e1 cinco anos pelo casal, Luana Carmo (biom\u00e9dica esteta) e Leonardo<\/p>\n<p class=\"link-more\"><a class=\"more-link\" href=\"https:\/\/marcelolopes.jor.br\/site\/2022\/05\/09\/bellus-centro-de-estetica-inaugura-novas-instalacoes-e-amplia-servicos\/\">Leia mais <span class=\"screen-reader-text\">Bellus Centro de Est\u00e9tica inaugura novas instala\u00e7\u00f5es e amplia servi\u00e7os<\/span><\/a><\/p>\n","protected":false},"author":2,"featured_media":32945,"comment_status":"open","ping_status":"open","sticky":false,"template":"","format":"standard","meta":{"footnotes":""},"categories":[1],"tags":[5914,5915,3015,1767,5916],"class_list":["post-32935","post","type-post","status-publish","format-standard","has-post-thumbnail","hentry","category-noticias","tag-bellus-centro-de-estetica","tag-luana-carmo","tag-novas-instalacoes","tag-novo-endereco","tag-rua-cel-vieira","thumb-below-title"],"yoast_head":"<!-- This site is optimized with the Yoast SEO plugin v27.4 - https:\/\/yoast.com\/product\/yoast-seo-wordpress\/ -->\n<title>Bellus Centro de Est\u00e9tica inaugura novas instala\u00e7\u00f5es e amplia servi\u00e7os<\/title>\n<meta name=\"description\" content=\"Bellus Centro de Est\u00e9tica inaugura novas instala\u00e7\u00f5es e amplia servi\u00e7os. Clientes podem agendar o atendimento pelo Instagram e WhatsApp.\" \/>\n<meta name=\"robots\" content=\"index, follow, max-snippet:-1, max-image-preview:large, max-video-preview:-1\" \/>\n<link rel=\"canonical\" href=\"https:\/\/marcelolopes.jor.br\/site\/2022\/05\/09\/bellus-centro-de-estetica-inaugura-novas-instalacoes-e-amplia-servicos\/\" \/>\n<meta property=\"og:locale\" content=\"pt_BR\" \/>\n<meta property=\"og:type\" content=\"article\" \/>\n<meta property=\"og:title\" content=\"Bellus Centro de Est\u00e9tica inaugura novas instala\u00e7\u00f5es e amplia servi\u00e7os\" \/>\n<meta property=\"og:description\" content=\"Bellus Centro de Est\u00e9tica inaugura novas instala\u00e7\u00f5es e amplia servi\u00e7os. Clientes podem agendar o atendimento pelo Instagram e WhatsApp.\" \/>\n<meta property=\"og:url\" content=\"https:\/\/marcelolopes.jor.br\/site\/2022\/05\/09\/bellus-centro-de-estetica-inaugura-novas-instalacoes-e-amplia-servicos\/\" \/>\n<meta property=\"og:site_name\" content=\"Marcelo Lopes\" \/>\n<meta property=\"article:publisher\" content=\"https:\/\/www.facebook.com\/sitedomarcelolopes\" \/>\n<meta property=\"article:published_time\" content=\"2022-05-09T10:00:48+00:00\" \/>\n<meta property=\"article:modified_time\" content=\"2022-07-14T21:55:25+00:00\" \/>\n<meta property=\"og:image\" content=\"https:\/\/marcelolopes.jor.br\/site\/wp-content\/uploads\/2022\/05\/IMG_2163-Grande.jpeg\" \/>\n\t<meta property=\"og:image:width\" content=\"1280\" \/>\n\t<meta property=\"og:image:height\" content=\"720\" \/>\n\t<meta property=\"og:image:type\" content=\"image\/jpeg\" \/>\n<meta name=\"author\" content=\"Marcelo Lopes\" \/>\n<meta name=\"twitter:card\" content=\"summary_large_image\" \/>\n<meta name=\"twitter:label1\" content=\"Escrito por\" \/>\n\t<meta name=\"twitter:data1\" content=\"Marcelo Lopes\" \/>\n\t<meta name=\"twitter:label2\" content=\"Est. tempo de leitura\" \/>\n\t<meta name=\"twitter:data2\" content=\"3 minutos\" \/>\n<script type=\"application\/ld+json\" class=\"yoast-schema-graph\">{\"@context\":\"https:\\\/\\\/schema.org\",\"@graph\":[{\"@type\":\"NewsArticle\",\"@id\":\"https:\\\/\\\/marcelolopes.jor.br\\\/site\\\/2022\\\/05\\\/09\\\/bellus-centro-de-estetica-inaugura-novas-instalacoes-e-amplia-servicos\\\/#article\",\"isPartOf\":{\"@id\":\"https:\\\/\\\/marcelolopes.jor.br\\\/site\\\/2022\\\/05\\\/09\\\/bellus-centro-de-estetica-inaugura-novas-instalacoes-e-amplia-servicos\\\/\"},\"author\":{\"name\":\"Marcelo Lopes\",\"@id\":\"https:\\\/\\\/marcelolopes.jor.br\\\/site\\\/#\\\/schema\\\/person\\\/3e7216a35c34d8fdf952b31da3d1f89f\"},\"headline\":\"Bellus Centro de Est\u00e9tica inaugura novas instala\u00e7\u00f5es e amplia servi\u00e7os\",\"datePublished\":\"2022-05-09T10:00:48+00:00\",\"dateModified\":\"2022-07-14T21:55:25+00:00\",\"mainEntityOfPage\":{\"@id\":\"https:\\\/\\\/marcelolopes.jor.br\\\/site\\\/2022\\\/05\\\/09\\\/bellus-centro-de-estetica-inaugura-novas-instalacoes-e-amplia-servicos\\\/\"},\"wordCount\":417,\"commentCount\":0,\"publisher\":{\"@id\":\"https:\\\/\\\/marcelolopes.jor.br\\\/site\\\/#organization\"},\"image\":{\"@id\":\"https:\\\/\\\/marcelolopes.jor.br\\\/site\\\/2022\\\/05\\\/09\\\/bellus-centro-de-estetica-inaugura-novas-instalacoes-e-amplia-servicos\\\/#primaryimage\"},\"thumbnailUrl\":\"https:\\\/\\\/marcelolopes.jor.br\\\/site\\\/wp-content\\\/uploads\\\/2022\\\/05\\\/IMG_2163-Grande.jpeg\",\"keywords\":[\"Bellus Centro de Est\u00e9tica\",\"Luana Carmo\",\"novas instala\u00e7\u00f5es\",\"novo endere\u00e7o\",\"Rua Cel. Vieira\"],\"articleSection\":[\"Not\u00edcias\"],\"inLanguage\":\"pt-BR\",\"potentialAction\":[{\"@type\":\"CommentAction\",\"name\":\"Comment\",\"target\":[\"https:\\\/\\\/marcelolopes.jor.br\\\/site\\\/2022\\\/05\\\/09\\\/bellus-centro-de-estetica-inaugura-novas-instalacoes-e-amplia-servicos\\\/#respond\"]}]},{\"@type\":\"WebPage\",\"@id\":\"https:\\\/\\\/marcelolopes.jor.br\\\/site\\\/2022\\\/05\\\/09\\\/bellus-centro-de-estetica-inaugura-novas-instalacoes-e-amplia-servicos\\\/\",\"url\":\"https:\\\/\\\/marcelolopes.jor.br\\\/site\\\/2022\\\/05\\\/09\\\/bellus-centro-de-estetica-inaugura-novas-instalacoes-e-amplia-servicos\\\/\",\"name\":\"Bellus Centro de Est\u00e9tica inaugura novas instala\u00e7\u00f5es e amplia servi\u00e7os\",\"isPartOf\":{\"@id\":\"https:\\\/\\\/marcelolopes.jor.br\\\/site\\\/#website\"},\"primaryImageOfPage\":{\"@id\":\"https:\\\/\\\/marcelolopes.jor.br\\\/site\\\/2022\\\/05\\\/09\\\/bellus-centro-de-estetica-inaugura-novas-instalacoes-e-amplia-servicos\\\/#primaryimage\"},\"image\":{\"@id\":\"https:\\\/\\\/marcelolopes.jor.br\\\/site\\\/2022\\\/05\\\/09\\\/bellus-centro-de-estetica-inaugura-novas-instalacoes-e-amplia-servicos\\\/#primaryimage\"},\"thumbnailUrl\":\"https:\\\/\\\/marcelolopes.jor.br\\\/site\\\/wp-content\\\/uploads\\\/2022\\\/05\\\/IMG_2163-Grande.jpeg\",\"datePublished\":\"2022-05-09T10:00:48+00:00\",\"dateModified\":\"2022-07-14T21:55:25+00:00\",\"description\":\"Bellus Centro de Est\u00e9tica inaugura novas instala\u00e7\u00f5es e amplia servi\u00e7os. Clientes podem agendar o atendimento pelo Instagram e WhatsApp.\",\"breadcrumb\":{\"@id\":\"https:\\\/\\\/marcelolopes.jor.br\\\/site\\\/2022\\\/05\\\/09\\\/bellus-centro-de-estetica-inaugura-novas-instalacoes-e-amplia-servicos\\\/#breadcrumb\"},\"inLanguage\":\"pt-BR\",\"potentialAction\":[{\"@type\":\"ReadAction\",\"target\":[\"https:\\\/\\\/marcelolopes.jor.br\\\/site\\\/2022\\\/05\\\/09\\\/bellus-centro-de-estetica-inaugura-novas-instalacoes-e-amplia-servicos\\\/\"]}]},{\"@type\":\"ImageObject\",\"inLanguage\":\"pt-BR\",\"@id\":\"https:\\\/\\\/marcelolopes.jor.br\\\/site\\\/2022\\\/05\\\/09\\\/bellus-centro-de-estetica-inaugura-novas-instalacoes-e-amplia-servicos\\\/#primaryimage\",\"url\":\"https:\\\/\\\/marcelolopes.jor.br\\\/site\\\/wp-content\\\/uploads\\\/2022\\\/05\\\/IMG_2163-Grande.jpeg\",\"contentUrl\":\"https:\\\/\\\/marcelolopes.jor.br\\\/site\\\/wp-content\\\/uploads\\\/2022\\\/05\\\/IMG_2163-Grande.jpeg\",\"width\":1280,\"height\":720,\"caption\":\"Bellus Centro de Est\u00e9tica\"},{\"@type\":\"BreadcrumbList\",\"@id\":\"https:\\\/\\\/marcelolopes.jor.br\\\/site\\\/2022\\\/05\\\/09\\\/bellus-centro-de-estetica-inaugura-novas-instalacoes-e-amplia-servicos\\\/#breadcrumb\",\"itemListElement\":[{\"@type\":\"ListItem\",\"position\":1,\"name\":\"Home\",\"item\":\"https:\\\/\\\/marcelolopes.jor.br\\\/site\\\/\"},{\"@type\":\"ListItem\",\"position\":2,\"name\":\"Bellus Centro de Est\u00e9tica inaugura novas instala\u00e7\u00f5es e amplia servi\u00e7os\"}]},{\"@type\":\"WebSite\",\"@id\":\"https:\\\/\\\/marcelolopes.jor.br\\\/site\\\/#website\",\"url\":\"https:\\\/\\\/marcelolopes.jor.br\\\/site\\\/\",\"name\":\"Marcelo Lopes\",\"description\":\"Not\u00edcias de Cataguases e Regi\u00e3o\",\"publisher\":{\"@id\":\"https:\\\/\\\/marcelolopes.jor.br\\\/site\\\/#organization\"},\"potentialAction\":[{\"@type\":\"SearchAction\",\"target\":{\"@type\":\"EntryPoint\",\"urlTemplate\":\"https:\\\/\\\/marcelolopes.jor.br\\\/site\\\/?s={search_term_string}\"},\"query-input\":{\"@type\":\"PropertyValueSpecification\",\"valueRequired\":true,\"valueName\":\"search_term_string\"}}],\"inLanguage\":\"pt-BR\"},{\"@type\":\"Organization\",\"@id\":\"https:\\\/\\\/marcelolopes.jor.br\\\/site\\\/#organization\",\"name\":\"Site do Marcelo Lopes\",\"url\":\"https:\\\/\\\/marcelolopes.jor.br\\\/site\\\/\",\"logo\":{\"@type\":\"ImageObject\",\"inLanguage\":\"pt-BR\",\"@id\":\"https:\\\/\\\/marcelolopes.jor.br\\\/site\\\/#\\\/schema\\\/logo\\\/image\\\/\",\"url\":\"https:\\\/\\\/marcelolopes.jor.br\\\/site\\\/wp-content\\\/uploads\\\/2024\\\/11\\\/logo-1.png\",\"contentUrl\":\"https:\\\/\\\/marcelolopes.jor.br\\\/site\\\/wp-content\\\/uploads\\\/2024\\\/11\\\/logo-1.png\",\"width\":475,\"height\":80,\"caption\":\"Site do Marcelo Lopes\"},\"image\":{\"@id\":\"https:\\\/\\\/marcelolopes.jor.br\\\/site\\\/#\\\/schema\\\/logo\\\/image\\\/\"},\"sameAs\":[\"https:\\\/\\\/www.facebook.com\\\/sitedomarcelolopes\",\"https:\\\/\\\/www.instagram.com\\\/sitedomarcelolopes\\\/\",\"https:\\\/\\\/www.linkedin.com\\\/company\\\/site-do-marcelo-lopes\\\/\",\"https:\\\/\\\/www.youtube.com\\\/user\\\/marcelolopes957\"]},{\"@type\":\"Person\",\"@id\":\"https:\\\/\\\/marcelolopes.jor.br\\\/site\\\/#\\\/schema\\\/person\\\/3e7216a35c34d8fdf952b31da3d1f89f\",\"name\":\"Marcelo Lopes\",\"sameAs\":[\"http:\\\/\\\/www.marcelolopes.jor.br\"],\"url\":\"https:\\\/\\\/marcelolopes.jor.br\\\/site\\\/author\\\/marcelo\\\/\"}]}<\/script>\n<!-- \/ Yoast SEO plugin. -->","yoast_head_json":{"title":"Bellus Centro de Est\u00e9tica inaugura novas instala\u00e7\u00f5es e amplia servi\u00e7os","description":"Bellus Centro de Est\u00e9tica inaugura novas instala\u00e7\u00f5es e amplia servi\u00e7os. Clientes podem agendar o atendimento pelo Instagram e WhatsApp.","robots":{"index":"index","follow":"follow","max-snippet":"max-snippet:-1","max-image-preview":"max-image-preview:large","max-video-preview":"max-video-preview:-1"},"canonical":"https:\/\/marcelolopes.jor.br\/site\/2022\/05\/09\/bellus-centro-de-estetica-inaugura-novas-instalacoes-e-amplia-servicos\/","og_locale":"pt_BR","og_type":"article","og_title":"Bellus Centro de Est\u00e9tica inaugura novas instala\u00e7\u00f5es e amplia servi\u00e7os","og_description":"Bellus Centro de Est\u00e9tica inaugura novas instala\u00e7\u00f5es e amplia servi\u00e7os. Clientes podem agendar o atendimento pelo Instagram e WhatsApp.","og_url":"https:\/\/marcelolopes.jor.br\/site\/2022\/05\/09\/bellus-centro-de-estetica-inaugura-novas-instalacoes-e-amplia-servicos\/","og_site_name":"Marcelo Lopes","article_publisher":"https:\/\/www.facebook.com\/sitedomarcelolopes","article_published_time":"2022-05-09T10:00:48+00:00","article_modified_time":"2022-07-14T21:55:25+00:00","og_image":[{"width":1280,"height":720,"url":"https:\/\/marcelolopes.jor.br\/site\/wp-content\/uploads\/2022\/05\/IMG_2163-Grande.jpeg","type":"image\/jpeg"}],"author":"Marcelo Lopes","twitter_card":"summary_large_image","twitter_misc":{"Escrito por":"Marcelo Lopes","Est. tempo de leitura":"3 minutos"},"schema":{"@context":"https:\/\/schema.org","@graph":[{"@type":"NewsArticle","@id":"https:\/\/marcelolopes.jor.br\/site\/2022\/05\/09\/bellus-centro-de-estetica-inaugura-novas-instalacoes-e-amplia-servicos\/#article","isPartOf":{"@id":"https:\/\/marcelolopes.jor.br\/site\/2022\/05\/09\/bellus-centro-de-estetica-inaugura-novas-instalacoes-e-amplia-servicos\/"},"author":{"name":"Marcelo Lopes","@id":"https:\/\/marcelolopes.jor.br\/site\/#\/schema\/person\/3e7216a35c34d8fdf952b31da3d1f89f"},"headline":"Bellus Centro de Est\u00e9tica inaugura novas instala\u00e7\u00f5es e amplia servi\u00e7os","datePublished":"2022-05-09T10:00:48+00:00","dateModified":"2022-07-14T21:55:25+00:00","mainEntityOfPage":{"@id":"https:\/\/marcelolopes.jor.br\/site\/2022\/05\/09\/bellus-centro-de-estetica-inaugura-novas-instalacoes-e-amplia-servicos\/"},"wordCount":417,"commentCount":0,"publisher":{"@id":"https:\/\/marcelolopes.jor.br\/site\/#organization"},"image":{"@id":"https:\/\/marcelolopes.jor.br\/site\/2022\/05\/09\/bellus-centro-de-estetica-inaugura-novas-instalacoes-e-amplia-servicos\/#primaryimage"},"thumbnailUrl":"https:\/\/marcelolopes.jor.br\/site\/wp-content\/uploads\/2022\/05\/IMG_2163-Grande.jpeg","keywords":["Bellus Centro de Est\u00e9tica","Luana Carmo","novas instala\u00e7\u00f5es","novo endere\u00e7o","Rua Cel. Vieira"],"articleSection":["Not\u00edcias"],"inLanguage":"pt-BR","potentialAction":[{"@type":"CommentAction","name":"Comment","target":["https:\/\/marcelolopes.jor.br\/site\/2022\/05\/09\/bellus-centro-de-estetica-inaugura-novas-instalacoes-e-amplia-servicos\/#respond"]}]},{"@type":"WebPage","@id":"https:\/\/marcelolopes.jor.br\/site\/2022\/05\/09\/bellus-centro-de-estetica-inaugura-novas-instalacoes-e-amplia-servicos\/","url":"https:\/\/marcelolopes.jor.br\/site\/2022\/05\/09\/bellus-centro-de-estetica-inaugura-novas-instalacoes-e-amplia-servicos\/","name":"Bellus Centro de Est\u00e9tica inaugura novas instala\u00e7\u00f5es e amplia servi\u00e7os","isPartOf":{"@id":"https:\/\/marcelolopes.jor.br\/site\/#website"},"primaryImageOfPage":{"@id":"https:\/\/marcelolopes.jor.br\/site\/2022\/05\/09\/bellus-centro-de-estetica-inaugura-novas-instalacoes-e-amplia-servicos\/#primaryimage"},"image":{"@id":"https:\/\/marcelolopes.jor.br\/site\/2022\/05\/09\/bellus-centro-de-estetica-inaugura-novas-instalacoes-e-amplia-servicos\/#primaryimage"},"thumbnailUrl":"https:\/\/marcelolopes.jor.br\/site\/wp-content\/uploads\/2022\/05\/IMG_2163-Grande.jpeg","datePublished":"2022-05-09T10:00:48+00:00","dateModified":"2022-07-14T21:55:25+00:00","description":"Bellus Centro de Est\u00e9tica inaugura novas instala\u00e7\u00f5es e amplia servi\u00e7os. Clientes podem agendar o atendimento pelo Instagram e WhatsApp.","breadcrumb":{"@id":"https:\/\/marcelolopes.jor.br\/site\/2022\/05\/09\/bellus-centro-de-estetica-inaugura-novas-instalacoes-e-amplia-servicos\/#breadcrumb"},"inLanguage":"pt-BR","potentialAction":[{"@type":"ReadAction","target":["https:\/\/marcelolopes.jor.br\/site\/2022\/05\/09\/bellus-centro-de-estetica-inaugura-novas-instalacoes-e-amplia-servicos\/"]}]},{"@type":"ImageObject","inLanguage":"pt-BR","@id":"https:\/\/marcelolopes.jor.br\/site\/2022\/05\/09\/bellus-centro-de-estetica-inaugura-novas-instalacoes-e-amplia-servicos\/#primaryimage","url":"https:\/\/marcelolopes.jor.br\/site\/wp-content\/uploads\/2022\/05\/IMG_2163-Grande.jpeg","contentUrl":"https:\/\/marcelolopes.jor.br\/site\/wp-content\/uploads\/2022\/05\/IMG_2163-Grande.jpeg","width":1280,"height":720,"caption":"Bellus Centro de Est\u00e9tica"},{"@type":"BreadcrumbList","@id":"https:\/\/marcelolopes.jor.br\/site\/2022\/05\/09\/bellus-centro-de-estetica-inaugura-novas-instalacoes-e-amplia-servicos\/#breadcrumb","itemListElement":[{"@type":"ListItem","position":1,"name":"Home","item":"https:\/\/marcelolopes.jor.br\/site\/"},{"@type":"ListItem","position":2,"name":"Bellus Centro de Est\u00e9tica inaugura novas instala\u00e7\u00f5es e amplia servi\u00e7os"}]},{"@type":"WebSite","@id":"https:\/\/marcelolopes.jor.br\/site\/#website","url":"https:\/\/marcelolopes.jor.br\/site\/","name":"Marcelo Lopes","description":"Not\u00edcias de Cataguases e Regi\u00e3o","publisher":{"@id":"https:\/\/marcelolopes.jor.br\/site\/#organization"},"potentialAction":[{"@type":"SearchAction","target":{"@type":"EntryPoint","urlTemplate":"https:\/\/marcelolopes.jor.br\/site\/?s={search_term_string}"},"query-input":{"@type":"PropertyValueSpecification","valueRequired":true,"valueName":"search_term_string"}}],"inLanguage":"pt-BR"},{"@type":"Organization","@id":"https:\/\/marcelolopes.jor.br\/site\/#organization","name":"Site do Marcelo Lopes","url":"https:\/\/marcelolopes.jor.br\/site\/","logo":{"@type":"ImageObject","inLanguage":"pt-BR","@id":"https:\/\/marcelolopes.jor.br\/site\/#\/schema\/logo\/image\/","url":"https:\/\/marcelolopes.jor.br\/site\/wp-content\/uploads\/2024\/11\/logo-1.png","contentUrl":"https:\/\/marcelolopes.jor.br\/site\/wp-content\/uploads\/2024\/11\/logo-1.png","width":475,"height":80,"caption":"Site do Marcelo Lopes"},"image":{"@id":"https:\/\/marcelolopes.jor.br\/site\/#\/schema\/logo\/image\/"},"sameAs":["https:\/\/www.facebook.com\/sitedomarcelolopes","https:\/\/www.instagram.com\/sitedomarcelolopes\/","https:\/\/www.linkedin.com\/company\/site-do-marcelo-lopes\/","https:\/\/www.youtube.com\/user\/marcelolopes957"]},{"@type":"Person","@id":"https:\/\/marcelolopes.jor.br\/site\/#\/schema\/person\/3e7216a35c34d8fdf952b31da3d1f89f","name":"Marcelo Lopes","sameAs":["http:\/\/www.marcelolopes.jor.br"],"url":"https:\/\/marcelolopes.jor.br\/site\/author\/marcelo\/"}]}},"wps_subtitle":"Clientes podem agendar o atendimento pelo Instagram e WhatsApp.","_links":{"self":[{"href":"https:\/\/marcelolopes.jor.br\/site\/wp-json\/wp\/v2\/posts\/32935","targetHints":{"allow":["GET"]}}],"collection":[{"href":"https:\/\/marcelolopes.jor.br\/site\/wp-json\/wp\/v2\/posts"}],"about":[{"href":"https:\/\/marcelolopes.jor.br\/site\/wp-json\/wp\/v2\/types\/post"}],"author":[{"embeddable":true,"href":"https:\/\/marcelolopes.jor.br\/site\/wp-json\/wp\/v2\/users\/2"}],"replies":[{"embeddable":true,"href":"https:\/\/marcelolopes.jor.br\/site\/wp-json\/wp\/v2\/comments?post=32935"}],"version-history":[{"count":0,"href":"https:\/\/marcelolopes.jor.br\/site\/wp-json\/wp\/v2\/posts\/32935\/revisions"}],"wp:featuredmedia":[{"embeddable":true,"href":"https:\/\/marcelolopes.jor.br\/site\/wp-json\/wp\/v2\/media\/32945"}],"wp:attachment":[{"href":"https:\/\/marcelolopes.jor.br\/site\/wp-json\/wp\/v2\/media?parent=32935"}],"wp:term":[{"taxonomy":"category","embeddable":true,"href":"https:\/\/marcelolopes.jor.br\/site\/wp-json\/wp\/v2\/categories?post=32935"},{"taxonomy":"post_tag","embeddable":true,"href":"https:\/\/marcelolopes.jor.br\/site\/wp-json\/wp\/v2\/tags?post=32935"}],"curies":[{"name":"wp","href":"https:\/\/api.w.org\/{rel}","templated":true}]}}