{"id":32924,"date":"2022-05-07T12:00:13","date_gmt":"2022-05-07T15:00:13","guid":{"rendered":"https:\/\/marcelolopes.jor.br\/?p=32924"},"modified":"2022-05-07T11:33:05","modified_gmt":"2022-05-07T14:33:05","slug":"policiais-militares-devem-comecar-usar-cameras-no-uniforme-a-partir-de-outubro","status":"publish","type":"post","link":"https:\/\/marcelolopes.jor.br\/site\/2022\/05\/07\/policiais-militares-devem-comecar-usar-cameras-no-uniforme-a-partir-de-outubro\/","title":{"rendered":"Policiais militares devem come\u00e7ar usar c\u00e2meras no uniforme a partir de outubro"},"content":{"rendered":"<p style=\"text-align: justify;\">O Minist\u00e9rio P\u00fablico de Minas Gerais (MPMG) e a Pol\u00edcia Militar (PM) se reuniram no \u00faltimo dia 5 de maio, na Procuradoria-Geral de Justi\u00e7a, para tratar da constru\u00e7\u00e3o do projeto-piloto que definir\u00e1 as formas e locais de uso pela corpora\u00e7\u00e3o das c\u00e2meras operacionais port\u00e1teis (ou c\u00e2meras corporais) atreladas a instrumentos de menor potencial ofensivo (IMPO), notadamente pistolas de emiss\u00e3o de impulso el\u00e9trico (PEIE).<!--more--><\/p>\n<p style=\"text-align: justify;\">O projeto aborda tamb\u00e9m a cria\u00e7\u00e3o de normas administrativas pela PM sobre treinamento e utiliza\u00e7\u00e3o desses equipamentos. Em 2021, o Fundo Especial do <a href=\"https:\/\/www.mpmg.mp.br\/portal\/\"><strong><span style=\"color: #800080;\">Minist\u00e9rio P\u00fablico de Minas Gerais<\/span><\/strong><\/a> aprovou R$ 4,2 milh\u00f5es em recursos para a compra pela PM de centenas de c\u00e2meras corporais, bem como de n\u00famero equivalente para a compra de pistolas de impulso el\u00e9trico (PEIEs), docas para descarga de dados e cartuchos de PEIEs.<\/p>\n<p style=\"text-align: justify;\">&#8211; O uso das c\u00e2meras, em conjunto com os outros equipamentos, ir\u00e1 produzir maior seguran\u00e7a para o trabalho policial e trazer maior transpar\u00eancia para a a\u00e7\u00e3o. E o projeto-piloto nos dar\u00e1 condi\u00e7\u00f5es de avaliar o funcionamento e de desenhar o melhor uso desses equipamentos, afirmou o chefe do Estado-Maior, coronel Eduardo Felisberto Alves.<\/p>\n<p style=\"text-align: justify;\">A corpora\u00e7\u00e3o realizar\u00e1 o treinamento da tropa em todo o estado. \u201cVamos trabalhar o projeto-piloto em todo o estado, porque precisamos testar o funcionamento desses equipamentos nas diversas realidades, tanto sociais e culturais, como de intera\u00e7\u00e3o com a comunidade\u201d, disse o chefe do Estado-Maior. De acordo com o coronel, a previs\u00e3o \u00e9 que em outubro desse ano os equipamentos comecem a ser usados.<\/p>\n<p style=\"text-align: justify;\">Para o coordenador do Centro de Apoio Operacional das Promotorias de Justi\u00e7a de Defesa dos Direitos Humanos e de Controle Externo da Atividade Policial (CAO-DH), promotor de Justi\u00e7a Francisco Angelo Silva Assis, os equipamentos v\u00e3o proporcionar ao policial uma melhor estrutura para o combate ao crime. \u201cTamb\u00e9m vai ser um elemento de aprimoramento do trabalho policial e de otimiza\u00e7\u00e3o do emprego de for\u00e7a. Assim teremos uma pol\u00edcia cada vez mais tecnol\u00f3gica, com normativas pr\u00f3prias e treinamentos apropriados, cumprindo com sua finalidade de proteger os seres humanos\u201d, disse.<\/p>\n<p style=\"text-align: justify;\">Para ele, o uso da tecnologia vai trazer ganhos para o policial e para a sociedade. \u201cEsperamos para este ano j\u00e1 ter resultados sobre o uso desses equipamentos, tanto para a prote\u00e7\u00e3o do policial &#8211; que ter\u00e1 como melhor fundamentar suas interven\u00e7\u00f5es, evitando o uso de arma de fogo em certos casos &#8211; quanto para o cidad\u00e3o, que ter\u00e1 mais um elemento de prote\u00e7\u00e3o\u201d, disse.<\/p>\n<p><strong>VEJA TAMB\u00c9M:<\/strong><\/p>\n<p><a href=\"https:\/\/marcelolopes.jor.br\/2019\/09\/09\/mpmg-ajuiza-acao-para-que-copasa-solucione-irregularidades-em-cataguases\/\"><strong><span style=\"color: #800080;\">MPMG ajuiza a\u00e7\u00e3o para que Copasa solucione irregularidades em Cataguases<\/span><\/strong><\/a><\/p>\n<p><a href=\"https:\/\/marcelolopes.jor.br\/2022\/02\/03\/ministerio-publico-pede-afastamento-de-vereador-em-muriae\/\"><strong><span style=\"color: #800080;\">Minist\u00e9rio P\u00fablico pede afastamento de vereador em Muria\u00e9<\/span><\/strong><\/a><\/p>\n<p><a href=\"https:\/\/marcelolopes.jor.br\/2022\/02\/03\/ministerio-publico-pede-afastamento-de-vereador-em-muriae\/\"><strong><span style=\"color: #800080;\">Procon-MG lan\u00e7a cartilha com dicas para n\u00e3o cair nos golpes do empr\u00e9stimo consignado<\/span><\/strong><\/a><\/p>\n<p style=\"text-align: justify;\">Fonte e foto: MPMG<\/p>\n<div class=\"bidnp69f5db4268757\" ><br><\/div><style type=\"text\/css\">\r\n@media screen and (min-width: 1201px) {\r\n.bidnp69f5db4268757 {\r\ndisplay: block;\r\n}\r\n}\r\n@media screen and (min-width: 993px) and (max-width: 1200px) {\r\n.bidnp69f5db4268757 {\r\ndisplay: block;\r\n}\r\n}\r\n@media screen and (min-width: 769px) and (max-width: 992px) {\r\n.bidnp69f5db4268757 {\r\ndisplay: block;\r\n}\r\n}\r\n@media screen and (min-width: 768px) and (max-width: 768px) {\r\n.bidnp69f5db4268757 {\r\ndisplay: block;\r\n}\r\n}\r\n@media screen and (max-width: 767px) {\r\n.bidnp69f5db4268757 {\r\ndisplay: block;\r\n}\r\n}\r\n<\/style>\r\n<div class=\"ymelb69f5db426ee06\" ><div id=\"div_destino\"><\/div>\r\n<script src=\"https:\/\/cdn.snsrsv.com\/sdk.js\"><\/script>\r\n<script >\r\n      new sdk(\"464030C30061EA8BE065000000000001\") \r\n          .appendTo(\"div_destino\")\r\n          .disableStyle(true) \r\n          .setCacheBusterMacro(\"%%CACHEBUSTER%%\")\r\n          .setSize(\"800\",\"214\")\r\n          .setClickMacro(\"%%CLICK_URL_ESC%%\") \r\n          .setReferrerUrlMacro(\"%%REFERRER_URL_ESC%%\") \r\n          .start(); \r\n<\/script><\/div><style type=\"text\/css\">\r\n@media screen and (min-width: 1201px) {\r\n.ymelb69f5db426ee06 {\r\ndisplay: block;\r\n}\r\n}\r\n@media screen and (min-width: 993px) and (max-width: 1200px) {\r\n.ymelb69f5db426ee06 {\r\ndisplay: block;\r\n}\r\n}\r\n@media screen and (min-width: 769px) and (max-width: 992px) {\r\n.ymelb69f5db426ee06 {\r\ndisplay: block;\r\n}\r\n}\r\n@media screen and (min-width: 768px) and (max-width: 768px) {\r\n.ymelb69f5db426ee06 {\r\ndisplay: block;\r\n}\r\n}\r\n@media screen and (max-width: 767px) {\r\n.ymelb69f5db426ee06 {\r\ndisplay: block;\r\n}\r\n}\r\n<\/style>\r\n","protected":false},"excerpt":{"rendered":"<p>O Minist\u00e9rio P\u00fablico de Minas Gerais (MPMG) e a Pol\u00edcia Militar (PM) se reuniram no \u00faltimo dia 5 de maio, na Procuradoria-Geral de Justi\u00e7a, para tratar da constru\u00e7\u00e3o do projeto-piloto que definir\u00e1 as formas e locais de uso pela corpora\u00e7\u00e3o<\/p>\n<p class=\"link-more\"><a class=\"more-link\" href=\"https:\/\/marcelolopes.jor.br\/site\/2022\/05\/07\/policiais-militares-devem-comecar-usar-cameras-no-uniforme-a-partir-de-outubro\/\">Leia mais <span class=\"screen-reader-text\">Policiais militares devem come\u00e7ar usar c\u00e2meras no uniforme a partir de outubro<\/span><\/a><\/p>\n","protected":false},"author":2,"featured_media":32925,"comment_status":"open","ping_status":"open","sticky":false,"template":"","format":"standard","meta":{"footnotes":""},"categories":[1],"tags":[2159,5912,5913,1201,5911],"class_list":["post-32924","post","type-post","status-publish","format-standard","has-post-thumbnail","hentry","category-noticias","tag-acao-policial","tag-cameras-corporais","tag-fardas-com-cameras","tag-mpmg","tag-policiais-com-cameras","thumb-below-title"],"yoast_head":"<!-- This site is optimized with the Yoast SEO plugin v27.4 - https:\/\/yoast.com\/product\/yoast-seo-wordpress\/ -->\n<title>Policiais militares v\u00e3o usar c\u00e2meras nos uniformes<\/title>\n<meta name=\"description\" content=\"Os policiais militares v\u00e3o usar c\u00e2meras nos uniformes em Minas Gerais. A previs\u00e3o e de que a novidade entre em vigor em outubro.\" \/>\n<meta name=\"robots\" content=\"index, follow, max-snippet:-1, max-image-preview:large, max-video-preview:-1\" \/>\n<link rel=\"canonical\" href=\"https:\/\/marcelolopes.jor.br\/site\/2022\/05\/07\/policiais-militares-devem-comecar-usar-cameras-no-uniforme-a-partir-de-outubro\/\" \/>\n<meta property=\"og:locale\" content=\"pt_BR\" \/>\n<meta property=\"og:type\" content=\"article\" \/>\n<meta property=\"og:title\" content=\"Policiais militares v\u00e3o usar c\u00e2meras nos uniformes\" \/>\n<meta property=\"og:description\" content=\"Os policiais militares v\u00e3o usar c\u00e2meras nos uniformes em Minas Gerais. A previs\u00e3o e de que a novidade entre em vigor em outubro.\" \/>\n<meta property=\"og:url\" content=\"https:\/\/marcelolopes.jor.br\/site\/2022\/05\/07\/policiais-militares-devem-comecar-usar-cameras-no-uniforme-a-partir-de-outubro\/\" \/>\n<meta property=\"og:site_name\" content=\"Marcelo Lopes\" \/>\n<meta property=\"article:publisher\" content=\"https:\/\/www.facebook.com\/sitedomarcelolopes\" \/>\n<meta property=\"article:published_time\" content=\"2022-05-07T15:00:13+00:00\" \/>\n<meta property=\"og:image\" content=\"https:\/\/marcelolopes.jor.br\/site\/wp-content\/uploads\/2022\/05\/Ministerio-Publico.jpeg\" \/>\n\t<meta property=\"og:image:width\" content=\"650\" \/>\n\t<meta property=\"og:image:height\" content=\"430\" \/>\n\t<meta property=\"og:image:type\" content=\"image\/jpeg\" \/>\n<meta name=\"author\" content=\"Marcelo Lopes\" \/>\n<meta name=\"twitter:card\" content=\"summary_large_image\" \/>\n<meta name=\"twitter:label1\" content=\"Escrito por\" \/>\n\t<meta name=\"twitter:data1\" content=\"Marcelo Lopes\" \/>\n\t<meta name=\"twitter:label2\" content=\"Est. tempo de leitura\" \/>\n\t<meta name=\"twitter:data2\" content=\"3 minutos\" \/>\n<script type=\"application\/ld+json\" class=\"yoast-schema-graph\">{\"@context\":\"https:\\\/\\\/schema.org\",\"@graph\":[{\"@type\":\"NewsArticle\",\"@id\":\"https:\\\/\\\/marcelolopes.jor.br\\\/site\\\/2022\\\/05\\\/07\\\/policiais-militares-devem-comecar-usar-cameras-no-uniforme-a-partir-de-outubro\\\/#article\",\"isPartOf\":{\"@id\":\"https:\\\/\\\/marcelolopes.jor.br\\\/site\\\/2022\\\/05\\\/07\\\/policiais-militares-devem-comecar-usar-cameras-no-uniforme-a-partir-de-outubro\\\/\"},\"author\":{\"name\":\"Marcelo Lopes\",\"@id\":\"https:\\\/\\\/marcelolopes.jor.br\\\/site\\\/#\\\/schema\\\/person\\\/3e7216a35c34d8fdf952b31da3d1f89f\"},\"headline\":\"Policiais militares devem come\u00e7ar usar c\u00e2meras no uniforme a partir de outubro\",\"datePublished\":\"2022-05-07T15:00:13+00:00\",\"mainEntityOfPage\":{\"@id\":\"https:\\\/\\\/marcelolopes.jor.br\\\/site\\\/2022\\\/05\\\/07\\\/policiais-militares-devem-comecar-usar-cameras-no-uniforme-a-partir-de-outubro\\\/\"},\"wordCount\":493,\"commentCount\":0,\"publisher\":{\"@id\":\"https:\\\/\\\/marcelolopes.jor.br\\\/site\\\/#organization\"},\"image\":{\"@id\":\"https:\\\/\\\/marcelolopes.jor.br\\\/site\\\/2022\\\/05\\\/07\\\/policiais-militares-devem-comecar-usar-cameras-no-uniforme-a-partir-de-outubro\\\/#primaryimage\"},\"thumbnailUrl\":\"https:\\\/\\\/marcelolopes.jor.br\\\/site\\\/wp-content\\\/uploads\\\/2022\\\/05\\\/Ministerio-Publico.jpeg\",\"keywords\":[\"a\u00e7\u00e3o policial\",\"c\u00e2meras corporais\",\"fardas com c\u00e2meras\",\"MPMG\",\"policiais com c\u00e2meras\"],\"articleSection\":[\"Not\u00edcias\"],\"inLanguage\":\"pt-BR\",\"potentialAction\":[{\"@type\":\"CommentAction\",\"name\":\"Comment\",\"target\":[\"https:\\\/\\\/marcelolopes.jor.br\\\/site\\\/2022\\\/05\\\/07\\\/policiais-militares-devem-comecar-usar-cameras-no-uniforme-a-partir-de-outubro\\\/#respond\"]}]},{\"@type\":\"WebPage\",\"@id\":\"https:\\\/\\\/marcelolopes.jor.br\\\/site\\\/2022\\\/05\\\/07\\\/policiais-militares-devem-comecar-usar-cameras-no-uniforme-a-partir-de-outubro\\\/\",\"url\":\"https:\\\/\\\/marcelolopes.jor.br\\\/site\\\/2022\\\/05\\\/07\\\/policiais-militares-devem-comecar-usar-cameras-no-uniforme-a-partir-de-outubro\\\/\",\"name\":\"Policiais militares v\u00e3o usar c\u00e2meras nos uniformes\",\"isPartOf\":{\"@id\":\"https:\\\/\\\/marcelolopes.jor.br\\\/site\\\/#website\"},\"primaryImageOfPage\":{\"@id\":\"https:\\\/\\\/marcelolopes.jor.br\\\/site\\\/2022\\\/05\\\/07\\\/policiais-militares-devem-comecar-usar-cameras-no-uniforme-a-partir-de-outubro\\\/#primaryimage\"},\"image\":{\"@id\":\"https:\\\/\\\/marcelolopes.jor.br\\\/site\\\/2022\\\/05\\\/07\\\/policiais-militares-devem-comecar-usar-cameras-no-uniforme-a-partir-de-outubro\\\/#primaryimage\"},\"thumbnailUrl\":\"https:\\\/\\\/marcelolopes.jor.br\\\/site\\\/wp-content\\\/uploads\\\/2022\\\/05\\\/Ministerio-Publico.jpeg\",\"datePublished\":\"2022-05-07T15:00:13+00:00\",\"description\":\"Os policiais militares v\u00e3o usar c\u00e2meras nos uniformes em Minas Gerais. A previs\u00e3o e de que a novidade entre em vigor em outubro.\",\"breadcrumb\":{\"@id\":\"https:\\\/\\\/marcelolopes.jor.br\\\/site\\\/2022\\\/05\\\/07\\\/policiais-militares-devem-comecar-usar-cameras-no-uniforme-a-partir-de-outubro\\\/#breadcrumb\"},\"inLanguage\":\"pt-BR\",\"potentialAction\":[{\"@type\":\"ReadAction\",\"target\":[\"https:\\\/\\\/marcelolopes.jor.br\\\/site\\\/2022\\\/05\\\/07\\\/policiais-militares-devem-comecar-usar-cameras-no-uniforme-a-partir-de-outubro\\\/\"]}]},{\"@type\":\"ImageObject\",\"inLanguage\":\"pt-BR\",\"@id\":\"https:\\\/\\\/marcelolopes.jor.br\\\/site\\\/2022\\\/05\\\/07\\\/policiais-militares-devem-comecar-usar-cameras-no-uniforme-a-partir-de-outubro\\\/#primaryimage\",\"url\":\"https:\\\/\\\/marcelolopes.jor.br\\\/site\\\/wp-content\\\/uploads\\\/2022\\\/05\\\/Ministerio-Publico.jpeg\",\"contentUrl\":\"https:\\\/\\\/marcelolopes.jor.br\\\/site\\\/wp-content\\\/uploads\\\/2022\\\/05\\\/Ministerio-Publico.jpeg\",\"width\":650,\"height\":430},{\"@type\":\"BreadcrumbList\",\"@id\":\"https:\\\/\\\/marcelolopes.jor.br\\\/site\\\/2022\\\/05\\\/07\\\/policiais-militares-devem-comecar-usar-cameras-no-uniforme-a-partir-de-outubro\\\/#breadcrumb\",\"itemListElement\":[{\"@type\":\"ListItem\",\"position\":1,\"name\":\"Home\",\"item\":\"https:\\\/\\\/marcelolopes.jor.br\\\/site\\\/\"},{\"@type\":\"ListItem\",\"position\":2,\"name\":\"Policiais militares devem come\u00e7ar usar c\u00e2meras no uniforme a partir de outubro\"}]},{\"@type\":\"WebSite\",\"@id\":\"https:\\\/\\\/marcelolopes.jor.br\\\/site\\\/#website\",\"url\":\"https:\\\/\\\/marcelolopes.jor.br\\\/site\\\/\",\"name\":\"Marcelo Lopes\",\"description\":\"Not\u00edcias de Cataguases e Regi\u00e3o\",\"publisher\":{\"@id\":\"https:\\\/\\\/marcelolopes.jor.br\\\/site\\\/#organization\"},\"potentialAction\":[{\"@type\":\"SearchAction\",\"target\":{\"@type\":\"EntryPoint\",\"urlTemplate\":\"https:\\\/\\\/marcelolopes.jor.br\\\/site\\\/?s={search_term_string}\"},\"query-input\":{\"@type\":\"PropertyValueSpecification\",\"valueRequired\":true,\"valueName\":\"search_term_string\"}}],\"inLanguage\":\"pt-BR\"},{\"@type\":\"Organization\",\"@id\":\"https:\\\/\\\/marcelolopes.jor.br\\\/site\\\/#organization\",\"name\":\"Site do Marcelo Lopes\",\"url\":\"https:\\\/\\\/marcelolopes.jor.br\\\/site\\\/\",\"logo\":{\"@type\":\"ImageObject\",\"inLanguage\":\"pt-BR\",\"@id\":\"https:\\\/\\\/marcelolopes.jor.br\\\/site\\\/#\\\/schema\\\/logo\\\/image\\\/\",\"url\":\"https:\\\/\\\/marcelolopes.jor.br\\\/site\\\/wp-content\\\/uploads\\\/2024\\\/11\\\/logo-1.png\",\"contentUrl\":\"https:\\\/\\\/marcelolopes.jor.br\\\/site\\\/wp-content\\\/uploads\\\/2024\\\/11\\\/logo-1.png\",\"width\":475,\"height\":80,\"caption\":\"Site do Marcelo Lopes\"},\"image\":{\"@id\":\"https:\\\/\\\/marcelolopes.jor.br\\\/site\\\/#\\\/schema\\\/logo\\\/image\\\/\"},\"sameAs\":[\"https:\\\/\\\/www.facebook.com\\\/sitedomarcelolopes\",\"https:\\\/\\\/www.instagram.com\\\/sitedomarcelolopes\\\/\",\"https:\\\/\\\/www.linkedin.com\\\/company\\\/site-do-marcelo-lopes\\\/\",\"https:\\\/\\\/www.youtube.com\\\/user\\\/marcelolopes957\"]},{\"@type\":\"Person\",\"@id\":\"https:\\\/\\\/marcelolopes.jor.br\\\/site\\\/#\\\/schema\\\/person\\\/3e7216a35c34d8fdf952b31da3d1f89f\",\"name\":\"Marcelo Lopes\",\"sameAs\":[\"http:\\\/\\\/www.marcelolopes.jor.br\"],\"url\":\"https:\\\/\\\/marcelolopes.jor.br\\\/site\\\/author\\\/marcelo\\\/\"}]}<\/script>\n<!-- \/ Yoast SEO plugin. -->","yoast_head_json":{"title":"Policiais militares v\u00e3o usar c\u00e2meras nos uniformes","description":"Os policiais militares v\u00e3o usar c\u00e2meras nos uniformes em Minas Gerais. A previs\u00e3o e de que a novidade entre em vigor em outubro.","robots":{"index":"index","follow":"follow","max-snippet":"max-snippet:-1","max-image-preview":"max-image-preview:large","max-video-preview":"max-video-preview:-1"},"canonical":"https:\/\/marcelolopes.jor.br\/site\/2022\/05\/07\/policiais-militares-devem-comecar-usar-cameras-no-uniforme-a-partir-de-outubro\/","og_locale":"pt_BR","og_type":"article","og_title":"Policiais militares v\u00e3o usar c\u00e2meras nos uniformes","og_description":"Os policiais militares v\u00e3o usar c\u00e2meras nos uniformes em Minas Gerais. A previs\u00e3o e de que a novidade entre em vigor em outubro.","og_url":"https:\/\/marcelolopes.jor.br\/site\/2022\/05\/07\/policiais-militares-devem-comecar-usar-cameras-no-uniforme-a-partir-de-outubro\/","og_site_name":"Marcelo Lopes","article_publisher":"https:\/\/www.facebook.com\/sitedomarcelolopes","article_published_time":"2022-05-07T15:00:13+00:00","og_image":[{"width":650,"height":430,"url":"https:\/\/marcelolopes.jor.br\/site\/wp-content\/uploads\/2022\/05\/Ministerio-Publico.jpeg","type":"image\/jpeg"}],"author":"Marcelo Lopes","twitter_card":"summary_large_image","twitter_misc":{"Escrito por":"Marcelo Lopes","Est. tempo de leitura":"3 minutos"},"schema":{"@context":"https:\/\/schema.org","@graph":[{"@type":"NewsArticle","@id":"https:\/\/marcelolopes.jor.br\/site\/2022\/05\/07\/policiais-militares-devem-comecar-usar-cameras-no-uniforme-a-partir-de-outubro\/#article","isPartOf":{"@id":"https:\/\/marcelolopes.jor.br\/site\/2022\/05\/07\/policiais-militares-devem-comecar-usar-cameras-no-uniforme-a-partir-de-outubro\/"},"author":{"name":"Marcelo Lopes","@id":"https:\/\/marcelolopes.jor.br\/site\/#\/schema\/person\/3e7216a35c34d8fdf952b31da3d1f89f"},"headline":"Policiais militares devem come\u00e7ar usar c\u00e2meras no uniforme a partir de outubro","datePublished":"2022-05-07T15:00:13+00:00","mainEntityOfPage":{"@id":"https:\/\/marcelolopes.jor.br\/site\/2022\/05\/07\/policiais-militares-devem-comecar-usar-cameras-no-uniforme-a-partir-de-outubro\/"},"wordCount":493,"commentCount":0,"publisher":{"@id":"https:\/\/marcelolopes.jor.br\/site\/#organization"},"image":{"@id":"https:\/\/marcelolopes.jor.br\/site\/2022\/05\/07\/policiais-militares-devem-comecar-usar-cameras-no-uniforme-a-partir-de-outubro\/#primaryimage"},"thumbnailUrl":"https:\/\/marcelolopes.jor.br\/site\/wp-content\/uploads\/2022\/05\/Ministerio-Publico.jpeg","keywords":["a\u00e7\u00e3o policial","c\u00e2meras corporais","fardas com c\u00e2meras","MPMG","policiais com c\u00e2meras"],"articleSection":["Not\u00edcias"],"inLanguage":"pt-BR","potentialAction":[{"@type":"CommentAction","name":"Comment","target":["https:\/\/marcelolopes.jor.br\/site\/2022\/05\/07\/policiais-militares-devem-comecar-usar-cameras-no-uniforme-a-partir-de-outubro\/#respond"]}]},{"@type":"WebPage","@id":"https:\/\/marcelolopes.jor.br\/site\/2022\/05\/07\/policiais-militares-devem-comecar-usar-cameras-no-uniforme-a-partir-de-outubro\/","url":"https:\/\/marcelolopes.jor.br\/site\/2022\/05\/07\/policiais-militares-devem-comecar-usar-cameras-no-uniforme-a-partir-de-outubro\/","name":"Policiais militares v\u00e3o usar c\u00e2meras nos uniformes","isPartOf":{"@id":"https:\/\/marcelolopes.jor.br\/site\/#website"},"primaryImageOfPage":{"@id":"https:\/\/marcelolopes.jor.br\/site\/2022\/05\/07\/policiais-militares-devem-comecar-usar-cameras-no-uniforme-a-partir-de-outubro\/#primaryimage"},"image":{"@id":"https:\/\/marcelolopes.jor.br\/site\/2022\/05\/07\/policiais-militares-devem-comecar-usar-cameras-no-uniforme-a-partir-de-outubro\/#primaryimage"},"thumbnailUrl":"https:\/\/marcelolopes.jor.br\/site\/wp-content\/uploads\/2022\/05\/Ministerio-Publico.jpeg","datePublished":"2022-05-07T15:00:13+00:00","description":"Os policiais militares v\u00e3o usar c\u00e2meras nos uniformes em Minas Gerais. A previs\u00e3o e de que a novidade entre em vigor em outubro.","breadcrumb":{"@id":"https:\/\/marcelolopes.jor.br\/site\/2022\/05\/07\/policiais-militares-devem-comecar-usar-cameras-no-uniforme-a-partir-de-outubro\/#breadcrumb"},"inLanguage":"pt-BR","potentialAction":[{"@type":"ReadAction","target":["https:\/\/marcelolopes.jor.br\/site\/2022\/05\/07\/policiais-militares-devem-comecar-usar-cameras-no-uniforme-a-partir-de-outubro\/"]}]},{"@type":"ImageObject","inLanguage":"pt-BR","@id":"https:\/\/marcelolopes.jor.br\/site\/2022\/05\/07\/policiais-militares-devem-comecar-usar-cameras-no-uniforme-a-partir-de-outubro\/#primaryimage","url":"https:\/\/marcelolopes.jor.br\/site\/wp-content\/uploads\/2022\/05\/Ministerio-Publico.jpeg","contentUrl":"https:\/\/marcelolopes.jor.br\/site\/wp-content\/uploads\/2022\/05\/Ministerio-Publico.jpeg","width":650,"height":430},{"@type":"BreadcrumbList","@id":"https:\/\/marcelolopes.jor.br\/site\/2022\/05\/07\/policiais-militares-devem-comecar-usar-cameras-no-uniforme-a-partir-de-outubro\/#breadcrumb","itemListElement":[{"@type":"ListItem","position":1,"name":"Home","item":"https:\/\/marcelolopes.jor.br\/site\/"},{"@type":"ListItem","position":2,"name":"Policiais militares devem come\u00e7ar usar c\u00e2meras no uniforme a partir de outubro"}]},{"@type":"WebSite","@id":"https:\/\/marcelolopes.jor.br\/site\/#website","url":"https:\/\/marcelolopes.jor.br\/site\/","name":"Marcelo Lopes","description":"Not\u00edcias de Cataguases e Regi\u00e3o","publisher":{"@id":"https:\/\/marcelolopes.jor.br\/site\/#organization"},"potentialAction":[{"@type":"SearchAction","target":{"@type":"EntryPoint","urlTemplate":"https:\/\/marcelolopes.jor.br\/site\/?s={search_term_string}"},"query-input":{"@type":"PropertyValueSpecification","valueRequired":true,"valueName":"search_term_string"}}],"inLanguage":"pt-BR"},{"@type":"Organization","@id":"https:\/\/marcelolopes.jor.br\/site\/#organization","name":"Site do Marcelo Lopes","url":"https:\/\/marcelolopes.jor.br\/site\/","logo":{"@type":"ImageObject","inLanguage":"pt-BR","@id":"https:\/\/marcelolopes.jor.br\/site\/#\/schema\/logo\/image\/","url":"https:\/\/marcelolopes.jor.br\/site\/wp-content\/uploads\/2024\/11\/logo-1.png","contentUrl":"https:\/\/marcelolopes.jor.br\/site\/wp-content\/uploads\/2024\/11\/logo-1.png","width":475,"height":80,"caption":"Site do Marcelo Lopes"},"image":{"@id":"https:\/\/marcelolopes.jor.br\/site\/#\/schema\/logo\/image\/"},"sameAs":["https:\/\/www.facebook.com\/sitedomarcelolopes","https:\/\/www.instagram.com\/sitedomarcelolopes\/","https:\/\/www.linkedin.com\/company\/site-do-marcelo-lopes\/","https:\/\/www.youtube.com\/user\/marcelolopes957"]},{"@type":"Person","@id":"https:\/\/marcelolopes.jor.br\/site\/#\/schema\/person\/3e7216a35c34d8fdf952b31da3d1f89f","name":"Marcelo Lopes","sameAs":["http:\/\/www.marcelolopes.jor.br"],"url":"https:\/\/marcelolopes.jor.br\/site\/author\/marcelo\/"}]}},"wps_subtitle":"Projeto-piloto come\u00e7ou a ser discutido com o Minist\u00e9rio P\u00fablico esta semana.","_links":{"self":[{"href":"https:\/\/marcelolopes.jor.br\/site\/wp-json\/wp\/v2\/posts\/32924","targetHints":{"allow":["GET"]}}],"collection":[{"href":"https:\/\/marcelolopes.jor.br\/site\/wp-json\/wp\/v2\/posts"}],"about":[{"href":"https:\/\/marcelolopes.jor.br\/site\/wp-json\/wp\/v2\/types\/post"}],"author":[{"embeddable":true,"href":"https:\/\/marcelolopes.jor.br\/site\/wp-json\/wp\/v2\/users\/2"}],"replies":[{"embeddable":true,"href":"https:\/\/marcelolopes.jor.br\/site\/wp-json\/wp\/v2\/comments?post=32924"}],"version-history":[{"count":0,"href":"https:\/\/marcelolopes.jor.br\/site\/wp-json\/wp\/v2\/posts\/32924\/revisions"}],"wp:featuredmedia":[{"embeddable":true,"href":"https:\/\/marcelolopes.jor.br\/site\/wp-json\/wp\/v2\/media\/32925"}],"wp:attachment":[{"href":"https:\/\/marcelolopes.jor.br\/site\/wp-json\/wp\/v2\/media?parent=32924"}],"wp:term":[{"taxonomy":"category","embeddable":true,"href":"https:\/\/marcelolopes.jor.br\/site\/wp-json\/wp\/v2\/categories?post=32924"},{"taxonomy":"post_tag","embeddable":true,"href":"https:\/\/marcelolopes.jor.br\/site\/wp-json\/wp\/v2\/tags?post=32924"}],"curies":[{"name":"wp","href":"https:\/\/api.w.org\/{rel}","templated":true}]}}