{"id":32752,"date":"2022-04-29T20:00:48","date_gmt":"2022-04-29T23:00:48","guid":{"rendered":"https:\/\/marcelolopes.jor.br\/?p=32752"},"modified":"2022-04-29T16:12:48","modified_gmt":"2022-04-29T19:12:48","slug":"jose-henriques-conquista-premio-sebrae-prefeito-empreendedor","status":"publish","type":"post","link":"https:\/\/marcelolopes.jor.br\/site\/2022\/04\/29\/jose-henriques-conquista-premio-sebrae-prefeito-empreendedor\/","title":{"rendered":"Jos\u00e9 Henriques conquista Pr\u00eamio Sebrae Prefeito Empreendedor"},"content":{"rendered":"<p style=\"text-align: justify;\">Para conhecer, reconhecer, valorizar e disseminar as boas pr\u00e1ticas das gest\u00f5es p\u00fablicas municipais de est\u00edmulo ao empreendedorismo e aos pequenos neg\u00f3cios, o Sebrae realizou na manh\u00e3 desta sexta-feira, 29 de abril, a cerim\u00f4nia de premia\u00e7\u00e3o da XI edi\u00e7\u00e3o do Pr\u00eamio Sebrae Prefeito Empreendedor (PSPE). Jos\u00e9 Henriques, prefeito de Cataguases, venceu na categoria \u201cDesburocratiza\u00e7\u00e3o\u201d, e levou o pr\u00eamio Juscelino Kubitschek. Em Minas 153 munic\u00edpios se inscreveram e foram apresentados 208 projetos.<!--more--><\/p>\n<p style=\"text-align: justify;\">O Pr\u00eamio Sebrae Prefeito Empreendedor avaliou as iniciativas que est\u00e3o transformando o ambiente de neg\u00f3cios nos diferentes territ\u00f3rios do pa\u00eds, trazendo mais facilidade e incentivo aos empreendedores. Cataguases participou com o projeto \u201cDesburocratiza\u00e7\u00e3o e Transforma\u00e7\u00e3o do Ambiente de Neg\u00f3cios\u201d implantado na administra\u00e7\u00e3o municipal em 2021 e que, como determina as regras do certame, apresentou resultados mensur\u00e1veis e comprovados de est\u00edmulo \u00e0 formaliza\u00e7\u00e3o, ao desenvolvimento e \u00e0 competitividade dos pequenos neg\u00f3cios.&#8221;<\/p>\n<p style=\"text-align: justify;\">Cataguases e outros 31 munic\u00edpios foram semifinalistas desta etapa estadual nas oito categorias do Pr\u00eamio. O Prefeito Jos\u00e9 Henriques e o Secret\u00e1rio Municipal de Desenvolvimento Econ\u00f4mico, Luiz Paix\u00e3o de Resende, receberam o pr\u00eamio em solenidade que aconteceu em Belo Horizonte, \u00e0s 10 horas, e contou com a presen\u00e7a do Governador de Minas, Romeu Zema. Os demais munic\u00edpios vencedores s\u00e3o: Chapada Ga\u00facha, Conselheiro Pena, Couto de Magalh\u00e3es de Minas, Divin\u00f3polis, Guimar\u00e2nia, Paracatu e Uberaba. Cataguases, agora, concorrer\u00e1 ao Pr\u00eamio Nacional do Sebrae.<\/p>\n<p style=\"text-align: justify;\">Jos\u00e9 Henriques comemorou a conquista e disse que este pr\u00eamio \u201ccertamente \u00e9 um passo importante para abrir portas para o nosso crescimento econ\u00f4mico e gera\u00e7\u00e3o de emprego e renda. Isto, aliado a outras a\u00e7\u00f5es que estamos adotando em nossa administra\u00e7\u00e3o v\u00e3o permitir que tenhamos os pilares necess\u00e1rios para o t\u00e3o desejado desenvolvimento. Por fim, quero agradecer a todos que trabalharam neste projeto, desde a sua id\u00e9ia inicial, e reiterar aqui que podemos mais e vamos continuar nosso trabalho para construir a Cataguases que merecemos\u201d, completou o prefeito.<\/p>\n<p style=\"text-align: justify;\">*Com informa\u00e7\u00f5es do Sebrae-MG<\/p>\n<div class=\"rknyv69f732b66f283\" ><br><\/div><style type=\"text\/css\">\r\n@media screen and (min-width: 1201px) {\r\n.rknyv69f732b66f283 {\r\ndisplay: block;\r\n}\r\n}\r\n@media screen and (min-width: 993px) and (max-width: 1200px) {\r\n.rknyv69f732b66f283 {\r\ndisplay: block;\r\n}\r\n}\r\n@media screen and (min-width: 769px) and (max-width: 992px) {\r\n.rknyv69f732b66f283 {\r\ndisplay: block;\r\n}\r\n}\r\n@media screen and (min-width: 768px) and (max-width: 768px) {\r\n.rknyv69f732b66f283 {\r\ndisplay: block;\r\n}\r\n}\r\n@media screen and (max-width: 767px) {\r\n.rknyv69f732b66f283 {\r\ndisplay: block;\r\n}\r\n}\r\n<\/style>\r\n<div class=\"ufywg69f732b67507b\" ><div id=\"div_destino\"><\/div>\r\n<script src=\"https:\/\/cdn.snsrsv.com\/sdk.js\"><\/script>\r\n<script >\r\n      new sdk(\"464030C30061EA8BE065000000000001\") \r\n          .appendTo(\"div_destino\")\r\n          .disableStyle(true) \r\n          .setCacheBusterMacro(\"%%CACHEBUSTER%%\")\r\n          .setSize(\"800\",\"214\")\r\n          .setClickMacro(\"%%CLICK_URL_ESC%%\") \r\n          .setReferrerUrlMacro(\"%%REFERRER_URL_ESC%%\") \r\n          .start(); \r\n<\/script><\/div><style type=\"text\/css\">\r\n@media screen and (min-width: 1201px) {\r\n.ufywg69f732b67507b {\r\ndisplay: block;\r\n}\r\n}\r\n@media screen and (min-width: 993px) and (max-width: 1200px) {\r\n.ufywg69f732b67507b {\r\ndisplay: block;\r\n}\r\n}\r\n@media screen and (min-width: 769px) and (max-width: 992px) {\r\n.ufywg69f732b67507b {\r\ndisplay: block;\r\n}\r\n}\r\n@media screen and (min-width: 768px) and (max-width: 768px) {\r\n.ufywg69f732b67507b {\r\ndisplay: block;\r\n}\r\n}\r\n@media screen and (max-width: 767px) {\r\n.ufywg69f732b67507b {\r\ndisplay: block;\r\n}\r\n}\r\n<\/style>\r\n","protected":false},"excerpt":{"rendered":"<p>Para conhecer, reconhecer, valorizar e disseminar as boas pr\u00e1ticas das gest\u00f5es p\u00fablicas municipais de est\u00edmulo ao empreendedorismo e aos pequenos neg\u00f3cios, o Sebrae realizou na manh\u00e3 desta sexta-feira, 29 de abril, a cerim\u00f4nia de premia\u00e7\u00e3o da XI edi\u00e7\u00e3o do Pr\u00eamio<\/p>\n<p class=\"link-more\"><a class=\"more-link\" href=\"https:\/\/marcelolopes.jor.br\/site\/2022\/04\/29\/jose-henriques-conquista-premio-sebrae-prefeito-empreendedor\/\">Leia mais <span class=\"screen-reader-text\">Jos\u00e9 Henriques conquista Pr\u00eamio Sebrae Prefeito Empreendedor<\/span><\/a><\/p>\n","protected":false},"author":2,"featured_media":32753,"comment_status":"open","ping_status":"open","sticky":false,"template":"","format":"standard","meta":{"footnotes":""},"categories":[1],"tags":[3128,5876,2398,3597],"class_list":["post-32752","post","type-post","status-publish","format-standard","has-post-thumbnail","hentry","category-noticias","tag-jose-henriques","tag-prefeito-empreendedor-premio-sebrae","tag-sebrae","tag-sebrae-minas","thumb-below-title"],"yoast_head":"<!-- This site is optimized with the Yoast SEO plugin v27.4 - https:\/\/yoast.com\/product\/yoast-seo-wordpress\/ -->\n<title>Jos\u00e9 Henriques conquista Pr\u00eamio Sebrae Prefeito Empreendedor | Marcelo Lopes<\/title>\n<meta name=\"description\" content=\"O prefeito de Cataguases, Jos\u00e9 Henriques, venceu na categoria \u201cDesburocratiza\u00e7\u00e3o\u201d, o XI Pr\u00eamio Sebrae Prefeito Empreendedor. Concorreram 208 projetos.\" \/>\n<meta name=\"robots\" content=\"index, follow, max-snippet:-1, max-image-preview:large, max-video-preview:-1\" \/>\n<link rel=\"canonical\" href=\"https:\/\/marcelolopes.jor.br\/site\/2022\/04\/29\/jose-henriques-conquista-premio-sebrae-prefeito-empreendedor\/\" \/>\n<meta property=\"og:locale\" content=\"pt_BR\" \/>\n<meta property=\"og:type\" content=\"article\" \/>\n<meta property=\"og:title\" content=\"Jos\u00e9 Henriques conquista Pr\u00eamio Sebrae Prefeito Empreendedor Jos\u00e9 Henriques conquista Pr\u00eamio Sebrae Prefeito Empreendedor\" \/>\n<meta property=\"og:description\" content=\"O prefeito de Cataguases, Jos\u00e9 Henriques, venceu na categoria \u201cDesburocratiza\u00e7\u00e3o\u201d, o XI Pr\u00eamio Sebrae Prefeito Empreendedor. Concorreram 208 projetos. % %\" \/>\n<meta property=\"og:url\" content=\"https:\/\/marcelolopes.jor.br\/site\/2022\/04\/29\/jose-henriques-conquista-premio-sebrae-prefeito-empreendedor\/\" \/>\n<meta property=\"og:site_name\" content=\"Marcelo Lopes\" \/>\n<meta property=\"article:publisher\" content=\"https:\/\/www.facebook.com\/sitedomarcelolopes\" \/>\n<meta property=\"article:published_time\" content=\"2022-04-29T23:00:48+00:00\" \/>\n<meta property=\"og:image\" content=\"https:\/\/marcelolopes.jor.br\/site\/wp-content\/uploads\/2022\/04\/Premio-Sebrae.jpg\" \/>\n\t<meta property=\"og:image:width\" content=\"800\" \/>\n\t<meta property=\"og:image:height\" content=\"549\" \/>\n\t<meta property=\"og:image:type\" content=\"image\/jpeg\" \/>\n<meta name=\"author\" content=\"Marcelo Lopes\" \/>\n<meta name=\"twitter:card\" content=\"summary_large_image\" \/>\n<meta name=\"twitter:label1\" content=\"Escrito por\" \/>\n\t<meta name=\"twitter:data1\" content=\"Marcelo Lopes\" \/>\n\t<meta name=\"twitter:label2\" content=\"Est. tempo de leitura\" \/>\n\t<meta name=\"twitter:data2\" content=\"2 minutos\" \/>\n<script type=\"application\/ld+json\" class=\"yoast-schema-graph\">{\"@context\":\"https:\\\/\\\/schema.org\",\"@graph\":[{\"@type\":\"NewsArticle\",\"@id\":\"https:\\\/\\\/marcelolopes.jor.br\\\/site\\\/2022\\\/04\\\/29\\\/jose-henriques-conquista-premio-sebrae-prefeito-empreendedor\\\/#article\",\"isPartOf\":{\"@id\":\"https:\\\/\\\/marcelolopes.jor.br\\\/site\\\/2022\\\/04\\\/29\\\/jose-henriques-conquista-premio-sebrae-prefeito-empreendedor\\\/\"},\"author\":{\"name\":\"Marcelo Lopes\",\"@id\":\"https:\\\/\\\/marcelolopes.jor.br\\\/site\\\/#\\\/schema\\\/person\\\/3e7216a35c34d8fdf952b31da3d1f89f\"},\"headline\":\"Jos\u00e9 Henriques conquista Pr\u00eamio Sebrae Prefeito Empreendedor\",\"datePublished\":\"2022-04-29T23:00:48+00:00\",\"mainEntityOfPage\":{\"@id\":\"https:\\\/\\\/marcelolopes.jor.br\\\/site\\\/2022\\\/04\\\/29\\\/jose-henriques-conquista-premio-sebrae-prefeito-empreendedor\\\/\"},\"wordCount\":360,\"commentCount\":0,\"publisher\":{\"@id\":\"https:\\\/\\\/marcelolopes.jor.br\\\/site\\\/#organization\"},\"image\":{\"@id\":\"https:\\\/\\\/marcelolopes.jor.br\\\/site\\\/2022\\\/04\\\/29\\\/jose-henriques-conquista-premio-sebrae-prefeito-empreendedor\\\/#primaryimage\"},\"thumbnailUrl\":\"https:\\\/\\\/marcelolopes.jor.br\\\/site\\\/wp-content\\\/uploads\\\/2022\\\/04\\\/Premio-Sebrae.jpg\",\"keywords\":[\"Jos\u00e9 Henriques\",\"Prefeito Empreendedor; Pr\u00eamio Sebrae\",\"Sebrae\",\"Sebrae Minas\"],\"articleSection\":[\"Not\u00edcias\"],\"inLanguage\":\"pt-BR\",\"potentialAction\":[{\"@type\":\"CommentAction\",\"name\":\"Comment\",\"target\":[\"https:\\\/\\\/marcelolopes.jor.br\\\/site\\\/2022\\\/04\\\/29\\\/jose-henriques-conquista-premio-sebrae-prefeito-empreendedor\\\/#respond\"]}]},{\"@type\":\"WebPage\",\"@id\":\"https:\\\/\\\/marcelolopes.jor.br\\\/site\\\/2022\\\/04\\\/29\\\/jose-henriques-conquista-premio-sebrae-prefeito-empreendedor\\\/\",\"url\":\"https:\\\/\\\/marcelolopes.jor.br\\\/site\\\/2022\\\/04\\\/29\\\/jose-henriques-conquista-premio-sebrae-prefeito-empreendedor\\\/\",\"name\":\"Jos\u00e9 Henriques conquista Pr\u00eamio Sebrae Prefeito Empreendedor | Marcelo Lopes\",\"isPartOf\":{\"@id\":\"https:\\\/\\\/marcelolopes.jor.br\\\/site\\\/#website\"},\"primaryImageOfPage\":{\"@id\":\"https:\\\/\\\/marcelolopes.jor.br\\\/site\\\/2022\\\/04\\\/29\\\/jose-henriques-conquista-premio-sebrae-prefeito-empreendedor\\\/#primaryimage\"},\"image\":{\"@id\":\"https:\\\/\\\/marcelolopes.jor.br\\\/site\\\/2022\\\/04\\\/29\\\/jose-henriques-conquista-premio-sebrae-prefeito-empreendedor\\\/#primaryimage\"},\"thumbnailUrl\":\"https:\\\/\\\/marcelolopes.jor.br\\\/site\\\/wp-content\\\/uploads\\\/2022\\\/04\\\/Premio-Sebrae.jpg\",\"datePublished\":\"2022-04-29T23:00:48+00:00\",\"description\":\"O prefeito de Cataguases, Jos\u00e9 Henriques, venceu na categoria \u201cDesburocratiza\u00e7\u00e3o\u201d, o XI Pr\u00eamio Sebrae Prefeito Empreendedor. Concorreram 208 projetos.\",\"breadcrumb\":{\"@id\":\"https:\\\/\\\/marcelolopes.jor.br\\\/site\\\/2022\\\/04\\\/29\\\/jose-henriques-conquista-premio-sebrae-prefeito-empreendedor\\\/#breadcrumb\"},\"inLanguage\":\"pt-BR\",\"potentialAction\":[{\"@type\":\"ReadAction\",\"target\":[\"https:\\\/\\\/marcelolopes.jor.br\\\/site\\\/2022\\\/04\\\/29\\\/jose-henriques-conquista-premio-sebrae-prefeito-empreendedor\\\/\"]}]},{\"@type\":\"ImageObject\",\"inLanguage\":\"pt-BR\",\"@id\":\"https:\\\/\\\/marcelolopes.jor.br\\\/site\\\/2022\\\/04\\\/29\\\/jose-henriques-conquista-premio-sebrae-prefeito-empreendedor\\\/#primaryimage\",\"url\":\"https:\\\/\\\/marcelolopes.jor.br\\\/site\\\/wp-content\\\/uploads\\\/2022\\\/04\\\/Premio-Sebrae.jpg\",\"contentUrl\":\"https:\\\/\\\/marcelolopes.jor.br\\\/site\\\/wp-content\\\/uploads\\\/2022\\\/04\\\/Premio-Sebrae.jpg\",\"width\":800,\"height\":549},{\"@type\":\"BreadcrumbList\",\"@id\":\"https:\\\/\\\/marcelolopes.jor.br\\\/site\\\/2022\\\/04\\\/29\\\/jose-henriques-conquista-premio-sebrae-prefeito-empreendedor\\\/#breadcrumb\",\"itemListElement\":[{\"@type\":\"ListItem\",\"position\":1,\"name\":\"Home\",\"item\":\"https:\\\/\\\/marcelolopes.jor.br\\\/site\\\/\"},{\"@type\":\"ListItem\",\"position\":2,\"name\":\"Jos\u00e9 Henriques conquista Pr\u00eamio Sebrae Prefeito Empreendedor\"}]},{\"@type\":\"WebSite\",\"@id\":\"https:\\\/\\\/marcelolopes.jor.br\\\/site\\\/#website\",\"url\":\"https:\\\/\\\/marcelolopes.jor.br\\\/site\\\/\",\"name\":\"Marcelo Lopes\",\"description\":\"Not\u00edcias de Cataguases e Regi\u00e3o\",\"publisher\":{\"@id\":\"https:\\\/\\\/marcelolopes.jor.br\\\/site\\\/#organization\"},\"potentialAction\":[{\"@type\":\"SearchAction\",\"target\":{\"@type\":\"EntryPoint\",\"urlTemplate\":\"https:\\\/\\\/marcelolopes.jor.br\\\/site\\\/?s={search_term_string}\"},\"query-input\":{\"@type\":\"PropertyValueSpecification\",\"valueRequired\":true,\"valueName\":\"search_term_string\"}}],\"inLanguage\":\"pt-BR\"},{\"@type\":\"Organization\",\"@id\":\"https:\\\/\\\/marcelolopes.jor.br\\\/site\\\/#organization\",\"name\":\"Site do Marcelo Lopes\",\"url\":\"https:\\\/\\\/marcelolopes.jor.br\\\/site\\\/\",\"logo\":{\"@type\":\"ImageObject\",\"inLanguage\":\"pt-BR\",\"@id\":\"https:\\\/\\\/marcelolopes.jor.br\\\/site\\\/#\\\/schema\\\/logo\\\/image\\\/\",\"url\":\"https:\\\/\\\/marcelolopes.jor.br\\\/site\\\/wp-content\\\/uploads\\\/2024\\\/11\\\/logo-1.png\",\"contentUrl\":\"https:\\\/\\\/marcelolopes.jor.br\\\/site\\\/wp-content\\\/uploads\\\/2024\\\/11\\\/logo-1.png\",\"width\":475,\"height\":80,\"caption\":\"Site do Marcelo Lopes\"},\"image\":{\"@id\":\"https:\\\/\\\/marcelolopes.jor.br\\\/site\\\/#\\\/schema\\\/logo\\\/image\\\/\"},\"sameAs\":[\"https:\\\/\\\/www.facebook.com\\\/sitedomarcelolopes\",\"https:\\\/\\\/www.instagram.com\\\/sitedomarcelolopes\\\/\",\"https:\\\/\\\/www.linkedin.com\\\/company\\\/site-do-marcelo-lopes\\\/\",\"https:\\\/\\\/www.youtube.com\\\/user\\\/marcelolopes957\"]},{\"@type\":\"Person\",\"@id\":\"https:\\\/\\\/marcelolopes.jor.br\\\/site\\\/#\\\/schema\\\/person\\\/3e7216a35c34d8fdf952b31da3d1f89f\",\"name\":\"Marcelo Lopes\",\"sameAs\":[\"http:\\\/\\\/www.marcelolopes.jor.br\"],\"url\":\"https:\\\/\\\/marcelolopes.jor.br\\\/site\\\/author\\\/marcelo\\\/\"}]}<\/script>\n<!-- \/ Yoast SEO plugin. -->","yoast_head_json":{"title":"Jos\u00e9 Henriques conquista Pr\u00eamio Sebrae Prefeito Empreendedor | Marcelo Lopes","description":"O prefeito de Cataguases, Jos\u00e9 Henriques, venceu na categoria \u201cDesburocratiza\u00e7\u00e3o\u201d, o XI Pr\u00eamio Sebrae Prefeito Empreendedor. Concorreram 208 projetos.","robots":{"index":"index","follow":"follow","max-snippet":"max-snippet:-1","max-image-preview":"max-image-preview:large","max-video-preview":"max-video-preview:-1"},"canonical":"https:\/\/marcelolopes.jor.br\/site\/2022\/04\/29\/jose-henriques-conquista-premio-sebrae-prefeito-empreendedor\/","og_locale":"pt_BR","og_type":"article","og_title":"Jos\u00e9 Henriques conquista Pr\u00eamio Sebrae Prefeito Empreendedor Jos\u00e9 Henriques conquista Pr\u00eamio Sebrae Prefeito Empreendedor","og_description":"O prefeito de Cataguases, Jos\u00e9 Henriques, venceu na categoria \u201cDesburocratiza\u00e7\u00e3o\u201d, o XI Pr\u00eamio Sebrae Prefeito Empreendedor. Concorreram 208 projetos. % %","og_url":"https:\/\/marcelolopes.jor.br\/site\/2022\/04\/29\/jose-henriques-conquista-premio-sebrae-prefeito-empreendedor\/","og_site_name":"Marcelo Lopes","article_publisher":"https:\/\/www.facebook.com\/sitedomarcelolopes","article_published_time":"2022-04-29T23:00:48+00:00","og_image":[{"width":800,"height":549,"url":"https:\/\/marcelolopes.jor.br\/site\/wp-content\/uploads\/2022\/04\/Premio-Sebrae.jpg","type":"image\/jpeg"}],"author":"Marcelo Lopes","twitter_card":"summary_large_image","twitter_misc":{"Escrito por":"Marcelo Lopes","Est. tempo de leitura":"2 minutos"},"schema":{"@context":"https:\/\/schema.org","@graph":[{"@type":"NewsArticle","@id":"https:\/\/marcelolopes.jor.br\/site\/2022\/04\/29\/jose-henriques-conquista-premio-sebrae-prefeito-empreendedor\/#article","isPartOf":{"@id":"https:\/\/marcelolopes.jor.br\/site\/2022\/04\/29\/jose-henriques-conquista-premio-sebrae-prefeito-empreendedor\/"},"author":{"name":"Marcelo Lopes","@id":"https:\/\/marcelolopes.jor.br\/site\/#\/schema\/person\/3e7216a35c34d8fdf952b31da3d1f89f"},"headline":"Jos\u00e9 Henriques conquista Pr\u00eamio Sebrae Prefeito Empreendedor","datePublished":"2022-04-29T23:00:48+00:00","mainEntityOfPage":{"@id":"https:\/\/marcelolopes.jor.br\/site\/2022\/04\/29\/jose-henriques-conquista-premio-sebrae-prefeito-empreendedor\/"},"wordCount":360,"commentCount":0,"publisher":{"@id":"https:\/\/marcelolopes.jor.br\/site\/#organization"},"image":{"@id":"https:\/\/marcelolopes.jor.br\/site\/2022\/04\/29\/jose-henriques-conquista-premio-sebrae-prefeito-empreendedor\/#primaryimage"},"thumbnailUrl":"https:\/\/marcelolopes.jor.br\/site\/wp-content\/uploads\/2022\/04\/Premio-Sebrae.jpg","keywords":["Jos\u00e9 Henriques","Prefeito Empreendedor; Pr\u00eamio Sebrae","Sebrae","Sebrae Minas"],"articleSection":["Not\u00edcias"],"inLanguage":"pt-BR","potentialAction":[{"@type":"CommentAction","name":"Comment","target":["https:\/\/marcelolopes.jor.br\/site\/2022\/04\/29\/jose-henriques-conquista-premio-sebrae-prefeito-empreendedor\/#respond"]}]},{"@type":"WebPage","@id":"https:\/\/marcelolopes.jor.br\/site\/2022\/04\/29\/jose-henriques-conquista-premio-sebrae-prefeito-empreendedor\/","url":"https:\/\/marcelolopes.jor.br\/site\/2022\/04\/29\/jose-henriques-conquista-premio-sebrae-prefeito-empreendedor\/","name":"Jos\u00e9 Henriques conquista Pr\u00eamio Sebrae Prefeito Empreendedor | Marcelo Lopes","isPartOf":{"@id":"https:\/\/marcelolopes.jor.br\/site\/#website"},"primaryImageOfPage":{"@id":"https:\/\/marcelolopes.jor.br\/site\/2022\/04\/29\/jose-henriques-conquista-premio-sebrae-prefeito-empreendedor\/#primaryimage"},"image":{"@id":"https:\/\/marcelolopes.jor.br\/site\/2022\/04\/29\/jose-henriques-conquista-premio-sebrae-prefeito-empreendedor\/#primaryimage"},"thumbnailUrl":"https:\/\/marcelolopes.jor.br\/site\/wp-content\/uploads\/2022\/04\/Premio-Sebrae.jpg","datePublished":"2022-04-29T23:00:48+00:00","description":"O prefeito de Cataguases, Jos\u00e9 Henriques, venceu na categoria \u201cDesburocratiza\u00e7\u00e3o\u201d, o XI Pr\u00eamio Sebrae Prefeito Empreendedor. Concorreram 208 projetos.","breadcrumb":{"@id":"https:\/\/marcelolopes.jor.br\/site\/2022\/04\/29\/jose-henriques-conquista-premio-sebrae-prefeito-empreendedor\/#breadcrumb"},"inLanguage":"pt-BR","potentialAction":[{"@type":"ReadAction","target":["https:\/\/marcelolopes.jor.br\/site\/2022\/04\/29\/jose-henriques-conquista-premio-sebrae-prefeito-empreendedor\/"]}]},{"@type":"ImageObject","inLanguage":"pt-BR","@id":"https:\/\/marcelolopes.jor.br\/site\/2022\/04\/29\/jose-henriques-conquista-premio-sebrae-prefeito-empreendedor\/#primaryimage","url":"https:\/\/marcelolopes.jor.br\/site\/wp-content\/uploads\/2022\/04\/Premio-Sebrae.jpg","contentUrl":"https:\/\/marcelolopes.jor.br\/site\/wp-content\/uploads\/2022\/04\/Premio-Sebrae.jpg","width":800,"height":549},{"@type":"BreadcrumbList","@id":"https:\/\/marcelolopes.jor.br\/site\/2022\/04\/29\/jose-henriques-conquista-premio-sebrae-prefeito-empreendedor\/#breadcrumb","itemListElement":[{"@type":"ListItem","position":1,"name":"Home","item":"https:\/\/marcelolopes.jor.br\/site\/"},{"@type":"ListItem","position":2,"name":"Jos\u00e9 Henriques conquista Pr\u00eamio Sebrae Prefeito Empreendedor"}]},{"@type":"WebSite","@id":"https:\/\/marcelolopes.jor.br\/site\/#website","url":"https:\/\/marcelolopes.jor.br\/site\/","name":"Marcelo Lopes","description":"Not\u00edcias de Cataguases e Regi\u00e3o","publisher":{"@id":"https:\/\/marcelolopes.jor.br\/site\/#organization"},"potentialAction":[{"@type":"SearchAction","target":{"@type":"EntryPoint","urlTemplate":"https:\/\/marcelolopes.jor.br\/site\/?s={search_term_string}"},"query-input":{"@type":"PropertyValueSpecification","valueRequired":true,"valueName":"search_term_string"}}],"inLanguage":"pt-BR"},{"@type":"Organization","@id":"https:\/\/marcelolopes.jor.br\/site\/#organization","name":"Site do Marcelo Lopes","url":"https:\/\/marcelolopes.jor.br\/site\/","logo":{"@type":"ImageObject","inLanguage":"pt-BR","@id":"https:\/\/marcelolopes.jor.br\/site\/#\/schema\/logo\/image\/","url":"https:\/\/marcelolopes.jor.br\/site\/wp-content\/uploads\/2024\/11\/logo-1.png","contentUrl":"https:\/\/marcelolopes.jor.br\/site\/wp-content\/uploads\/2024\/11\/logo-1.png","width":475,"height":80,"caption":"Site do Marcelo Lopes"},"image":{"@id":"https:\/\/marcelolopes.jor.br\/site\/#\/schema\/logo\/image\/"},"sameAs":["https:\/\/www.facebook.com\/sitedomarcelolopes","https:\/\/www.instagram.com\/sitedomarcelolopes\/","https:\/\/www.linkedin.com\/company\/site-do-marcelo-lopes\/","https:\/\/www.youtube.com\/user\/marcelolopes957"]},{"@type":"Person","@id":"https:\/\/marcelolopes.jor.br\/site\/#\/schema\/person\/3e7216a35c34d8fdf952b31da3d1f89f","name":"Marcelo Lopes","sameAs":["http:\/\/www.marcelolopes.jor.br"],"url":"https:\/\/marcelolopes.jor.br\/site\/author\/marcelo\/"}]}},"wps_subtitle":"153 munic\u00edpios mineiros se inscreveram que apresentaram 208 projetos.","_links":{"self":[{"href":"https:\/\/marcelolopes.jor.br\/site\/wp-json\/wp\/v2\/posts\/32752","targetHints":{"allow":["GET"]}}],"collection":[{"href":"https:\/\/marcelolopes.jor.br\/site\/wp-json\/wp\/v2\/posts"}],"about":[{"href":"https:\/\/marcelolopes.jor.br\/site\/wp-json\/wp\/v2\/types\/post"}],"author":[{"embeddable":true,"href":"https:\/\/marcelolopes.jor.br\/site\/wp-json\/wp\/v2\/users\/2"}],"replies":[{"embeddable":true,"href":"https:\/\/marcelolopes.jor.br\/site\/wp-json\/wp\/v2\/comments?post=32752"}],"version-history":[{"count":0,"href":"https:\/\/marcelolopes.jor.br\/site\/wp-json\/wp\/v2\/posts\/32752\/revisions"}],"wp:featuredmedia":[{"embeddable":true,"href":"https:\/\/marcelolopes.jor.br\/site\/wp-json\/wp\/v2\/media\/32753"}],"wp:attachment":[{"href":"https:\/\/marcelolopes.jor.br\/site\/wp-json\/wp\/v2\/media?parent=32752"}],"wp:term":[{"taxonomy":"category","embeddable":true,"href":"https:\/\/marcelolopes.jor.br\/site\/wp-json\/wp\/v2\/categories?post=32752"},{"taxonomy":"post_tag","embeddable":true,"href":"https:\/\/marcelolopes.jor.br\/site\/wp-json\/wp\/v2\/tags?post=32752"}],"curies":[{"name":"wp","href":"https:\/\/api.w.org\/{rel}","templated":true}]}}