{"id":32677,"date":"2022-04-27T12:00:09","date_gmt":"2022-04-27T15:00:09","guid":{"rendered":"https:\/\/marcelolopes.jor.br\/?p=32677"},"modified":"2024-03-12T14:23:53","modified_gmt":"2024-03-12T17:23:53","slug":"policia-civil-prende-12-pessoas-durante-operacao-em-muriae","status":"publish","type":"post","link":"https:\/\/marcelolopes.jor.br\/site\/2022\/04\/27\/policia-civil-prende-12-pessoas-durante-operacao-em-muriae\/","title":{"rendered":"Pol\u00edcia Civil prende 12 pessoas durante opera\u00e7\u00e3o em Muria\u00e9"},"content":{"rendered":"<p style=\"text-align: justify;\">A Pol\u00edcia Civil realizou, a partir das primeiras horas desta quarta-feira, 27 de abril, em Muria\u00e9, a opera\u00e7\u00e3o \u201cCastelo de Areia\u201d. At\u00e9 o fechamento desta mat\u00e9ria, doze pessoas haviam sido presas, dentre eles um policial militar lotado no 47\u00ba Batalh\u00e3o em Muria\u00e9 e um ex-policial penal.<!--more--><\/p>\n<h4 class=\"p1\"><span class=\"s1\">\ud83d\udcf8 Siga o Site do Marcelo Lopes no <a href=\"https:\/\/www.facebook.com\/sitedomarcelolopes\/\"><strong><span style=\"color: #800000;\">Facebook<\/span><\/strong><\/a> e no <strong><span style=\"color: #800000;\"><a style=\"color: #800000;\" href=\"https:\/\/www.instagram.com\/sitedomarcelolopes\/\">Instagram<\/a><\/span><\/strong><\/span><\/h4>\n<h4 class=\"p1\"><span class=\"s1\">\ud83d\udcf1Receba no <a href=\"https:\/\/chat.whatsapp.com\/BibzcI1ibYSKytbdyzubLA\"><strong><span style=\"color: #800000;\">WhatsApp<\/span><\/strong><\/a> as not\u00edcias do Site do Marcelo Lopes<\/span><\/h4>\n<p>&nbsp;<\/p>\n<p style=\"text-align: justify;\"><img loading=\"lazy\" decoding=\"async\" class=\"aligncenter wp-image-32680 size-full\" src=\"https:\/\/marcelolopes.jor.br\/site\/wp-content\/uploads\/2022\/04\/c4630e79ed2a2726e95f5ab869adc853.911.jpeg\" alt=\"Pol\u00edcia Civil prende 12\" width=\"700\" height=\"525\" srcset=\"https:\/\/marcelolopes.jor.br\/site\/wp-content\/uploads\/2022\/04\/c4630e79ed2a2726e95f5ab869adc853.911.jpeg 700w, https:\/\/marcelolopes.jor.br\/site\/wp-content\/uploads\/2022\/04\/c4630e79ed2a2726e95f5ab869adc853.911-300x225.jpeg 300w, https:\/\/marcelolopes.jor.br\/site\/wp-content\/uploads\/2022\/04\/c4630e79ed2a2726e95f5ab869adc853.911-320x240.jpeg 320w\" sizes=\"auto, (max-width: 700px) 100vw, 700px\" \/>De acordo com o delegado regional da 4\u00aa Delegacia de Pol\u00edcia Civil, Alessandro da Matta, o objetivo da opera\u00e7\u00e3o foi cumprir quinze mandados de pris\u00e3o e dezessete mandados de busca e apreens\u00e3o. As pris\u00f5es foram realizadas em Muria\u00e9 e em Rio das Ostras.<\/p>\n<p style=\"text-align: justify;\">Durante as investiga\u00e7\u00f5es a PC concluiu que uma organiza\u00e7\u00e3o criminosa, que atuava no tr\u00e1fico de drogas e lavagem de dinheiro, possu\u00eda vertentes dentro da seguran\u00e7a p\u00fablica e no sistema banc\u00e1rio, o que facilitava as a\u00e7\u00f5es criminosas e ajudavam a financiar e apoiar todo o esquema.<\/p>\n<p style=\"text-align: justify;\">Os policiais realizaram buscas em uma ch\u00e1cara avaliada em um milh\u00e3o de reais, apreenderam carros de luxo, inclusive blindado, avaliado em R$ 340 mil. Entre os investigados, encontra-se tamb\u00e9m um funcion\u00e1rio do Banco do Brasil. Entretanto, ele n\u00e3o foi localizado e j\u00e1 \u00e9 considerado foragido da justi\u00e7a.<\/p>\n<p style=\"text-align: justify;\">Duas pessoas que j\u00e1 se estavam presas no pres\u00eddio de Muria\u00e9 tamb\u00e9m est\u00e3o envolvidas com a quadrilha. Durante a opera\u00e7\u00e3o, ainda foram apreendidos R$ 79 mil em esp\u00e9cie, drogas, armas, balan\u00e7a de precis\u00e3o, entre outros materiais pertinentes a investiga\u00e7\u00e3o.<\/p>\n<p style=\"text-align: justify;\">O nome da opera\u00e7\u00e3o \u201cCastelo de Areia\u201d faz alus\u00e3o ao volume do patrim\u00f4nio dos investigados, constru\u00eddo de forma il\u00edcita, atrav\u00e9s do tr\u00e1fico de drogas.<\/p>\n<p style=\"text-align: justify;\">A opera\u00e7\u00e3o contou com o apoio de 36 policiais civis e uma aeronave da Coordena\u00e7\u00e3o Aerot\u00e1tica da Pol\u00edcia Civil de Minas Gerais.<\/p>\n<p><img loading=\"lazy\" decoding=\"async\" class=\"aligncenter wp-image-32679 size-full\" src=\"https:\/\/marcelolopes.jor.br\/site\/wp-content\/uploads\/2022\/04\/457ee6d3b8967b6fa0df1dfbad7a010a.406.jpeg\" alt=\"\" width=\"700\" height=\"525\" srcset=\"https:\/\/marcelolopes.jor.br\/site\/wp-content\/uploads\/2022\/04\/457ee6d3b8967b6fa0df1dfbad7a010a.406.jpeg 700w, https:\/\/marcelolopes.jor.br\/site\/wp-content\/uploads\/2022\/04\/457ee6d3b8967b6fa0df1dfbad7a010a.406-300x225.jpeg 300w, https:\/\/marcelolopes.jor.br\/site\/wp-content\/uploads\/2022\/04\/457ee6d3b8967b6fa0df1dfbad7a010a.406-320x240.jpeg 320w\" sizes=\"auto, (max-width: 700px) 100vw, 700px\" \/><\/p>\n<p style=\"text-align: justify;\">Fonte e fotos: R\u00e1dio Muria\u00e9<\/p>\n<div class=\"otczq69f5db7bf0e73\" ><br><\/div><style type=\"text\/css\">\r\n@media screen and (min-width: 1201px) {\r\n.otczq69f5db7bf0e73 {\r\ndisplay: block;\r\n}\r\n}\r\n@media screen and (min-width: 993px) and (max-width: 1200px) {\r\n.otczq69f5db7bf0e73 {\r\ndisplay: block;\r\n}\r\n}\r\n@media screen and (min-width: 769px) and (max-width: 992px) {\r\n.otczq69f5db7bf0e73 {\r\ndisplay: block;\r\n}\r\n}\r\n@media screen and (min-width: 768px) and (max-width: 768px) {\r\n.otczq69f5db7bf0e73 {\r\ndisplay: block;\r\n}\r\n}\r\n@media screen and (max-width: 767px) {\r\n.otczq69f5db7bf0e73 {\r\ndisplay: block;\r\n}\r\n}\r\n<\/style>\r\n<div class=\"aohdp69f5db7c025cb\" ><div id=\"div_destino\"><\/div>\r\n<script src=\"https:\/\/cdn.snsrsv.com\/sdk.js\"><\/script>\r\n<script >\r\n      new sdk(\"464030C30061EA8BE065000000000001\") \r\n          .appendTo(\"div_destino\")\r\n          .disableStyle(true) \r\n          .setCacheBusterMacro(\"%%CACHEBUSTER%%\")\r\n          .setSize(\"800\",\"214\")\r\n          .setClickMacro(\"%%CLICK_URL_ESC%%\") \r\n          .setReferrerUrlMacro(\"%%REFERRER_URL_ESC%%\") \r\n          .start(); \r\n<\/script><\/div><style type=\"text\/css\">\r\n@media screen and (min-width: 1201px) {\r\n.aohdp69f5db7c025cb {\r\ndisplay: block;\r\n}\r\n}\r\n@media screen and (min-width: 993px) and (max-width: 1200px) {\r\n.aohdp69f5db7c025cb {\r\ndisplay: block;\r\n}\r\n}\r\n@media screen and (min-width: 769px) and (max-width: 992px) {\r\n.aohdp69f5db7c025cb {\r\ndisplay: block;\r\n}\r\n}\r\n@media screen and (min-width: 768px) and (max-width: 768px) {\r\n.aohdp69f5db7c025cb {\r\ndisplay: block;\r\n}\r\n}\r\n@media screen and (max-width: 767px) {\r\n.aohdp69f5db7c025cb {\r\ndisplay: block;\r\n}\r\n}\r\n<\/style>\r\n","protected":false},"excerpt":{"rendered":"<p>A Pol\u00edcia Civil realizou, a partir das primeiras horas desta quarta-feira, 27 de abril, em Muria\u00e9, a opera\u00e7\u00e3o \u201cCastelo de Areia\u201d. At\u00e9 o fechamento desta mat\u00e9ria, doze pessoas haviam sido presas, dentre eles um policial militar lotado no 47\u00ba Batalh\u00e3o<\/p>\n<p class=\"link-more\"><a class=\"more-link\" href=\"https:\/\/marcelolopes.jor.br\/site\/2022\/04\/27\/policia-civil-prende-12-pessoas-durante-operacao-em-muriae\/\">Leia mais <span class=\"screen-reader-text\">Pol\u00edcia Civil prende 12 pessoas durante opera\u00e7\u00e3o em Muria\u00e9<\/span><\/a><\/p>\n","protected":false},"author":2,"featured_media":32678,"comment_status":"open","ping_status":"open","sticky":false,"template":"","format":"standard","meta":{"footnotes":""},"categories":[1],"tags":[5861,942,75,5862],"class_list":["post-32677","post","type-post","status-publish","format-standard","has-post-thumbnail","hentry","category-noticias","tag-castelo-de-areia","tag-operacao-policial","tag-policia-civil","tag-prisoes-em-muriae","thumb-below-title"],"yoast_head":"<!-- This site is optimized with the Yoast SEO plugin v27.4 - https:\/\/yoast.com\/product\/yoast-seo-wordpress\/ -->\n<title>Pol\u00edcia Civil prende 12 pessoas durante opera\u00e7\u00e3o em Muria\u00e9 | Marcelo Lopes<\/title>\n<meta name=\"description\" content=\"Pol\u00edcia Civil prende 12 pessoas durante opera\u00e7\u00e3o em Muria\u00e9. Opera\u00e7\u00e3o \u201cCastelo de Areia\u201d tem um PM e um ex-policial penal envolvidos.\" \/>\n<meta name=\"robots\" content=\"index, follow, max-snippet:-1, max-image-preview:large, max-video-preview:-1\" \/>\n<link rel=\"canonical\" href=\"https:\/\/marcelolopes.jor.br\/site\/2022\/04\/27\/policia-civil-prende-12-pessoas-durante-operacao-em-muriae\/\" \/>\n<meta property=\"og:locale\" content=\"pt_BR\" \/>\n<meta property=\"og:type\" content=\"article\" \/>\n<meta property=\"og:title\" content=\"Pol\u00edcia Civil prende 12 pessoas durante opera\u00e7\u00e3o em Muria\u00e9 | Marcelo Lopes\" \/>\n<meta property=\"og:description\" content=\"Pol\u00edcia Civil prende 12 pessoas durante opera\u00e7\u00e3o em Muria\u00e9. Opera\u00e7\u00e3o \u201cCastelo de Areia\u201d tem um PM e um ex-policial penal envolvidos.\" \/>\n<meta property=\"og:url\" content=\"https:\/\/marcelolopes.jor.br\/site\/2022\/04\/27\/policia-civil-prende-12-pessoas-durante-operacao-em-muriae\/\" \/>\n<meta property=\"og:site_name\" content=\"Marcelo Lopes\" \/>\n<meta property=\"article:publisher\" content=\"https:\/\/www.facebook.com\/sitedomarcelolopes\" \/>\n<meta property=\"article:published_time\" content=\"2022-04-27T15:00:09+00:00\" \/>\n<meta property=\"article:modified_time\" content=\"2024-03-12T17:23:53+00:00\" \/>\n<meta property=\"og:image\" content=\"https:\/\/marcelolopes.jor.br\/site\/wp-content\/uploads\/2022\/04\/234b47e905dca4525ce623badc434761.709.jpeg\" \/>\n\t<meta property=\"og:image:width\" content=\"700\" \/>\n\t<meta property=\"og:image:height\" content=\"525\" \/>\n\t<meta property=\"og:image:type\" content=\"image\/jpeg\" \/>\n<meta name=\"author\" content=\"Marcelo Lopes\" \/>\n<meta name=\"twitter:card\" content=\"summary_large_image\" \/>\n<meta name=\"twitter:label1\" content=\"Escrito por\" \/>\n\t<meta name=\"twitter:data1\" content=\"Marcelo Lopes\" \/>\n\t<meta name=\"twitter:label2\" content=\"Est. tempo de leitura\" \/>\n\t<meta name=\"twitter:data2\" content=\"2 minutos\" \/>\n<script type=\"application\/ld+json\" class=\"yoast-schema-graph\">{\"@context\":\"https:\\\/\\\/schema.org\",\"@graph\":[{\"@type\":\"NewsArticle\",\"@id\":\"https:\\\/\\\/marcelolopes.jor.br\\\/site\\\/2022\\\/04\\\/27\\\/policia-civil-prende-12-pessoas-durante-operacao-em-muriae\\\/#article\",\"isPartOf\":{\"@id\":\"https:\\\/\\\/marcelolopes.jor.br\\\/site\\\/2022\\\/04\\\/27\\\/policia-civil-prende-12-pessoas-durante-operacao-em-muriae\\\/\"},\"author\":{\"name\":\"Marcelo Lopes\",\"@id\":\"https:\\\/\\\/marcelolopes.jor.br\\\/site\\\/#\\\/schema\\\/person\\\/3e7216a35c34d8fdf952b31da3d1f89f\"},\"headline\":\"Pol\u00edcia Civil prende 12 pessoas durante opera\u00e7\u00e3o em Muria\u00e9\",\"datePublished\":\"2022-04-27T15:00:09+00:00\",\"dateModified\":\"2024-03-12T17:23:53+00:00\",\"mainEntityOfPage\":{\"@id\":\"https:\\\/\\\/marcelolopes.jor.br\\\/site\\\/2022\\\/04\\\/27\\\/policia-civil-prende-12-pessoas-durante-operacao-em-muriae\\\/\"},\"wordCount\":340,\"commentCount\":0,\"publisher\":{\"@id\":\"https:\\\/\\\/marcelolopes.jor.br\\\/site\\\/#organization\"},\"image\":{\"@id\":\"https:\\\/\\\/marcelolopes.jor.br\\\/site\\\/2022\\\/04\\\/27\\\/policia-civil-prende-12-pessoas-durante-operacao-em-muriae\\\/#primaryimage\"},\"thumbnailUrl\":\"https:\\\/\\\/marcelolopes.jor.br\\\/site\\\/wp-content\\\/uploads\\\/2022\\\/04\\\/234b47e905dca4525ce623badc434761.709.jpeg\",\"keywords\":[\"Castelo de Areia\",\"opera\u00e7\u00e3o policial\",\"pol\u00edcia civil\",\"pris\u00f5es em Muria\u00e9\"],\"articleSection\":[\"Not\u00edcias\"],\"inLanguage\":\"pt-BR\",\"potentialAction\":[{\"@type\":\"CommentAction\",\"name\":\"Comment\",\"target\":[\"https:\\\/\\\/marcelolopes.jor.br\\\/site\\\/2022\\\/04\\\/27\\\/policia-civil-prende-12-pessoas-durante-operacao-em-muriae\\\/#respond\"]}]},{\"@type\":\"WebPage\",\"@id\":\"https:\\\/\\\/marcelolopes.jor.br\\\/site\\\/2022\\\/04\\\/27\\\/policia-civil-prende-12-pessoas-durante-operacao-em-muriae\\\/\",\"url\":\"https:\\\/\\\/marcelolopes.jor.br\\\/site\\\/2022\\\/04\\\/27\\\/policia-civil-prende-12-pessoas-durante-operacao-em-muriae\\\/\",\"name\":\"Pol\u00edcia Civil prende 12 pessoas durante opera\u00e7\u00e3o em Muria\u00e9 | Marcelo Lopes\",\"isPartOf\":{\"@id\":\"https:\\\/\\\/marcelolopes.jor.br\\\/site\\\/#website\"},\"primaryImageOfPage\":{\"@id\":\"https:\\\/\\\/marcelolopes.jor.br\\\/site\\\/2022\\\/04\\\/27\\\/policia-civil-prende-12-pessoas-durante-operacao-em-muriae\\\/#primaryimage\"},\"image\":{\"@id\":\"https:\\\/\\\/marcelolopes.jor.br\\\/site\\\/2022\\\/04\\\/27\\\/policia-civil-prende-12-pessoas-durante-operacao-em-muriae\\\/#primaryimage\"},\"thumbnailUrl\":\"https:\\\/\\\/marcelolopes.jor.br\\\/site\\\/wp-content\\\/uploads\\\/2022\\\/04\\\/234b47e905dca4525ce623badc434761.709.jpeg\",\"datePublished\":\"2022-04-27T15:00:09+00:00\",\"dateModified\":\"2024-03-12T17:23:53+00:00\",\"description\":\"Pol\u00edcia Civil prende 12 pessoas durante opera\u00e7\u00e3o em Muria\u00e9. Opera\u00e7\u00e3o \u201cCastelo de Areia\u201d tem um PM e um ex-policial penal envolvidos.\",\"breadcrumb\":{\"@id\":\"https:\\\/\\\/marcelolopes.jor.br\\\/site\\\/2022\\\/04\\\/27\\\/policia-civil-prende-12-pessoas-durante-operacao-em-muriae\\\/#breadcrumb\"},\"inLanguage\":\"pt-BR\",\"potentialAction\":[{\"@type\":\"ReadAction\",\"target\":[\"https:\\\/\\\/marcelolopes.jor.br\\\/site\\\/2022\\\/04\\\/27\\\/policia-civil-prende-12-pessoas-durante-operacao-em-muriae\\\/\"]}]},{\"@type\":\"ImageObject\",\"inLanguage\":\"pt-BR\",\"@id\":\"https:\\\/\\\/marcelolopes.jor.br\\\/site\\\/2022\\\/04\\\/27\\\/policia-civil-prende-12-pessoas-durante-operacao-em-muriae\\\/#primaryimage\",\"url\":\"https:\\\/\\\/marcelolopes.jor.br\\\/site\\\/wp-content\\\/uploads\\\/2022\\\/04\\\/234b47e905dca4525ce623badc434761.709.jpeg\",\"contentUrl\":\"https:\\\/\\\/marcelolopes.jor.br\\\/site\\\/wp-content\\\/uploads\\\/2022\\\/04\\\/234b47e905dca4525ce623badc434761.709.jpeg\",\"width\":700,\"height\":525,\"caption\":\"Pol\u00edcia Civil prende 12\"},{\"@type\":\"BreadcrumbList\",\"@id\":\"https:\\\/\\\/marcelolopes.jor.br\\\/site\\\/2022\\\/04\\\/27\\\/policia-civil-prende-12-pessoas-durante-operacao-em-muriae\\\/#breadcrumb\",\"itemListElement\":[{\"@type\":\"ListItem\",\"position\":1,\"name\":\"Home\",\"item\":\"https:\\\/\\\/marcelolopes.jor.br\\\/site\\\/\"},{\"@type\":\"ListItem\",\"position\":2,\"name\":\"Pol\u00edcia Civil prende 12 pessoas durante opera\u00e7\u00e3o em Muria\u00e9\"}]},{\"@type\":\"WebSite\",\"@id\":\"https:\\\/\\\/marcelolopes.jor.br\\\/site\\\/#website\",\"url\":\"https:\\\/\\\/marcelolopes.jor.br\\\/site\\\/\",\"name\":\"Marcelo Lopes\",\"description\":\"Not\u00edcias de Cataguases e Regi\u00e3o\",\"publisher\":{\"@id\":\"https:\\\/\\\/marcelolopes.jor.br\\\/site\\\/#organization\"},\"potentialAction\":[{\"@type\":\"SearchAction\",\"target\":{\"@type\":\"EntryPoint\",\"urlTemplate\":\"https:\\\/\\\/marcelolopes.jor.br\\\/site\\\/?s={search_term_string}\"},\"query-input\":{\"@type\":\"PropertyValueSpecification\",\"valueRequired\":true,\"valueName\":\"search_term_string\"}}],\"inLanguage\":\"pt-BR\"},{\"@type\":\"Organization\",\"@id\":\"https:\\\/\\\/marcelolopes.jor.br\\\/site\\\/#organization\",\"name\":\"Site do Marcelo Lopes\",\"url\":\"https:\\\/\\\/marcelolopes.jor.br\\\/site\\\/\",\"logo\":{\"@type\":\"ImageObject\",\"inLanguage\":\"pt-BR\",\"@id\":\"https:\\\/\\\/marcelolopes.jor.br\\\/site\\\/#\\\/schema\\\/logo\\\/image\\\/\",\"url\":\"https:\\\/\\\/marcelolopes.jor.br\\\/site\\\/wp-content\\\/uploads\\\/2024\\\/11\\\/logo-1.png\",\"contentUrl\":\"https:\\\/\\\/marcelolopes.jor.br\\\/site\\\/wp-content\\\/uploads\\\/2024\\\/11\\\/logo-1.png\",\"width\":475,\"height\":80,\"caption\":\"Site do Marcelo Lopes\"},\"image\":{\"@id\":\"https:\\\/\\\/marcelolopes.jor.br\\\/site\\\/#\\\/schema\\\/logo\\\/image\\\/\"},\"sameAs\":[\"https:\\\/\\\/www.facebook.com\\\/sitedomarcelolopes\",\"https:\\\/\\\/www.instagram.com\\\/sitedomarcelolopes\\\/\",\"https:\\\/\\\/www.linkedin.com\\\/company\\\/site-do-marcelo-lopes\\\/\",\"https:\\\/\\\/www.youtube.com\\\/user\\\/marcelolopes957\"]},{\"@type\":\"Person\",\"@id\":\"https:\\\/\\\/marcelolopes.jor.br\\\/site\\\/#\\\/schema\\\/person\\\/3e7216a35c34d8fdf952b31da3d1f89f\",\"name\":\"Marcelo Lopes\",\"sameAs\":[\"http:\\\/\\\/www.marcelolopes.jor.br\"],\"url\":\"https:\\\/\\\/marcelolopes.jor.br\\\/site\\\/author\\\/marcelo\\\/\"}]}<\/script>\n<!-- \/ Yoast SEO plugin. -->","yoast_head_json":{"title":"Pol\u00edcia Civil prende 12 pessoas durante opera\u00e7\u00e3o em Muria\u00e9 | Marcelo Lopes","description":"Pol\u00edcia Civil prende 12 pessoas durante opera\u00e7\u00e3o em Muria\u00e9. Opera\u00e7\u00e3o \u201cCastelo de Areia\u201d tem um PM e um ex-policial penal envolvidos.","robots":{"index":"index","follow":"follow","max-snippet":"max-snippet:-1","max-image-preview":"max-image-preview:large","max-video-preview":"max-video-preview:-1"},"canonical":"https:\/\/marcelolopes.jor.br\/site\/2022\/04\/27\/policia-civil-prende-12-pessoas-durante-operacao-em-muriae\/","og_locale":"pt_BR","og_type":"article","og_title":"Pol\u00edcia Civil prende 12 pessoas durante opera\u00e7\u00e3o em Muria\u00e9 | Marcelo Lopes","og_description":"Pol\u00edcia Civil prende 12 pessoas durante opera\u00e7\u00e3o em Muria\u00e9. Opera\u00e7\u00e3o \u201cCastelo de Areia\u201d tem um PM e um ex-policial penal envolvidos.","og_url":"https:\/\/marcelolopes.jor.br\/site\/2022\/04\/27\/policia-civil-prende-12-pessoas-durante-operacao-em-muriae\/","og_site_name":"Marcelo Lopes","article_publisher":"https:\/\/www.facebook.com\/sitedomarcelolopes","article_published_time":"2022-04-27T15:00:09+00:00","article_modified_time":"2024-03-12T17:23:53+00:00","og_image":[{"width":700,"height":525,"url":"https:\/\/marcelolopes.jor.br\/site\/wp-content\/uploads\/2022\/04\/234b47e905dca4525ce623badc434761.709.jpeg","type":"image\/jpeg"}],"author":"Marcelo Lopes","twitter_card":"summary_large_image","twitter_misc":{"Escrito por":"Marcelo Lopes","Est. tempo de leitura":"2 minutos"},"schema":{"@context":"https:\/\/schema.org","@graph":[{"@type":"NewsArticle","@id":"https:\/\/marcelolopes.jor.br\/site\/2022\/04\/27\/policia-civil-prende-12-pessoas-durante-operacao-em-muriae\/#article","isPartOf":{"@id":"https:\/\/marcelolopes.jor.br\/site\/2022\/04\/27\/policia-civil-prende-12-pessoas-durante-operacao-em-muriae\/"},"author":{"name":"Marcelo Lopes","@id":"https:\/\/marcelolopes.jor.br\/site\/#\/schema\/person\/3e7216a35c34d8fdf952b31da3d1f89f"},"headline":"Pol\u00edcia Civil prende 12 pessoas durante opera\u00e7\u00e3o em Muria\u00e9","datePublished":"2022-04-27T15:00:09+00:00","dateModified":"2024-03-12T17:23:53+00:00","mainEntityOfPage":{"@id":"https:\/\/marcelolopes.jor.br\/site\/2022\/04\/27\/policia-civil-prende-12-pessoas-durante-operacao-em-muriae\/"},"wordCount":340,"commentCount":0,"publisher":{"@id":"https:\/\/marcelolopes.jor.br\/site\/#organization"},"image":{"@id":"https:\/\/marcelolopes.jor.br\/site\/2022\/04\/27\/policia-civil-prende-12-pessoas-durante-operacao-em-muriae\/#primaryimage"},"thumbnailUrl":"https:\/\/marcelolopes.jor.br\/site\/wp-content\/uploads\/2022\/04\/234b47e905dca4525ce623badc434761.709.jpeg","keywords":["Castelo de Areia","opera\u00e7\u00e3o policial","pol\u00edcia civil","pris\u00f5es em Muria\u00e9"],"articleSection":["Not\u00edcias"],"inLanguage":"pt-BR","potentialAction":[{"@type":"CommentAction","name":"Comment","target":["https:\/\/marcelolopes.jor.br\/site\/2022\/04\/27\/policia-civil-prende-12-pessoas-durante-operacao-em-muriae\/#respond"]}]},{"@type":"WebPage","@id":"https:\/\/marcelolopes.jor.br\/site\/2022\/04\/27\/policia-civil-prende-12-pessoas-durante-operacao-em-muriae\/","url":"https:\/\/marcelolopes.jor.br\/site\/2022\/04\/27\/policia-civil-prende-12-pessoas-durante-operacao-em-muriae\/","name":"Pol\u00edcia Civil prende 12 pessoas durante opera\u00e7\u00e3o em Muria\u00e9 | Marcelo Lopes","isPartOf":{"@id":"https:\/\/marcelolopes.jor.br\/site\/#website"},"primaryImageOfPage":{"@id":"https:\/\/marcelolopes.jor.br\/site\/2022\/04\/27\/policia-civil-prende-12-pessoas-durante-operacao-em-muriae\/#primaryimage"},"image":{"@id":"https:\/\/marcelolopes.jor.br\/site\/2022\/04\/27\/policia-civil-prende-12-pessoas-durante-operacao-em-muriae\/#primaryimage"},"thumbnailUrl":"https:\/\/marcelolopes.jor.br\/site\/wp-content\/uploads\/2022\/04\/234b47e905dca4525ce623badc434761.709.jpeg","datePublished":"2022-04-27T15:00:09+00:00","dateModified":"2024-03-12T17:23:53+00:00","description":"Pol\u00edcia Civil prende 12 pessoas durante opera\u00e7\u00e3o em Muria\u00e9. Opera\u00e7\u00e3o \u201cCastelo de Areia\u201d tem um PM e um ex-policial penal envolvidos.","breadcrumb":{"@id":"https:\/\/marcelolopes.jor.br\/site\/2022\/04\/27\/policia-civil-prende-12-pessoas-durante-operacao-em-muriae\/#breadcrumb"},"inLanguage":"pt-BR","potentialAction":[{"@type":"ReadAction","target":["https:\/\/marcelolopes.jor.br\/site\/2022\/04\/27\/policia-civil-prende-12-pessoas-durante-operacao-em-muriae\/"]}]},{"@type":"ImageObject","inLanguage":"pt-BR","@id":"https:\/\/marcelolopes.jor.br\/site\/2022\/04\/27\/policia-civil-prende-12-pessoas-durante-operacao-em-muriae\/#primaryimage","url":"https:\/\/marcelolopes.jor.br\/site\/wp-content\/uploads\/2022\/04\/234b47e905dca4525ce623badc434761.709.jpeg","contentUrl":"https:\/\/marcelolopes.jor.br\/site\/wp-content\/uploads\/2022\/04\/234b47e905dca4525ce623badc434761.709.jpeg","width":700,"height":525,"caption":"Pol\u00edcia Civil prende 12"},{"@type":"BreadcrumbList","@id":"https:\/\/marcelolopes.jor.br\/site\/2022\/04\/27\/policia-civil-prende-12-pessoas-durante-operacao-em-muriae\/#breadcrumb","itemListElement":[{"@type":"ListItem","position":1,"name":"Home","item":"https:\/\/marcelolopes.jor.br\/site\/"},{"@type":"ListItem","position":2,"name":"Pol\u00edcia Civil prende 12 pessoas durante opera\u00e7\u00e3o em Muria\u00e9"}]},{"@type":"WebSite","@id":"https:\/\/marcelolopes.jor.br\/site\/#website","url":"https:\/\/marcelolopes.jor.br\/site\/","name":"Marcelo Lopes","description":"Not\u00edcias de Cataguases e Regi\u00e3o","publisher":{"@id":"https:\/\/marcelolopes.jor.br\/site\/#organization"},"potentialAction":[{"@type":"SearchAction","target":{"@type":"EntryPoint","urlTemplate":"https:\/\/marcelolopes.jor.br\/site\/?s={search_term_string}"},"query-input":{"@type":"PropertyValueSpecification","valueRequired":true,"valueName":"search_term_string"}}],"inLanguage":"pt-BR"},{"@type":"Organization","@id":"https:\/\/marcelolopes.jor.br\/site\/#organization","name":"Site do Marcelo Lopes","url":"https:\/\/marcelolopes.jor.br\/site\/","logo":{"@type":"ImageObject","inLanguage":"pt-BR","@id":"https:\/\/marcelolopes.jor.br\/site\/#\/schema\/logo\/image\/","url":"https:\/\/marcelolopes.jor.br\/site\/wp-content\/uploads\/2024\/11\/logo-1.png","contentUrl":"https:\/\/marcelolopes.jor.br\/site\/wp-content\/uploads\/2024\/11\/logo-1.png","width":475,"height":80,"caption":"Site do Marcelo Lopes"},"image":{"@id":"https:\/\/marcelolopes.jor.br\/site\/#\/schema\/logo\/image\/"},"sameAs":["https:\/\/www.facebook.com\/sitedomarcelolopes","https:\/\/www.instagram.com\/sitedomarcelolopes\/","https:\/\/www.linkedin.com\/company\/site-do-marcelo-lopes\/","https:\/\/www.youtube.com\/user\/marcelolopes957"]},{"@type":"Person","@id":"https:\/\/marcelolopes.jor.br\/site\/#\/schema\/person\/3e7216a35c34d8fdf952b31da3d1f89f","name":"Marcelo Lopes","sameAs":["http:\/\/www.marcelolopes.jor.br"],"url":"https:\/\/marcelolopes.jor.br\/site\/author\/marcelo\/"}]}},"wps_subtitle":"Opera\u00e7\u00e3o \u201cCastelo de Areia\u201d tem um PM e um ex-policial penal envolvidos.","_links":{"self":[{"href":"https:\/\/marcelolopes.jor.br\/site\/wp-json\/wp\/v2\/posts\/32677","targetHints":{"allow":["GET"]}}],"collection":[{"href":"https:\/\/marcelolopes.jor.br\/site\/wp-json\/wp\/v2\/posts"}],"about":[{"href":"https:\/\/marcelolopes.jor.br\/site\/wp-json\/wp\/v2\/types\/post"}],"author":[{"embeddable":true,"href":"https:\/\/marcelolopes.jor.br\/site\/wp-json\/wp\/v2\/users\/2"}],"replies":[{"embeddable":true,"href":"https:\/\/marcelolopes.jor.br\/site\/wp-json\/wp\/v2\/comments?post=32677"}],"version-history":[{"count":0,"href":"https:\/\/marcelolopes.jor.br\/site\/wp-json\/wp\/v2\/posts\/32677\/revisions"}],"wp:featuredmedia":[{"embeddable":true,"href":"https:\/\/marcelolopes.jor.br\/site\/wp-json\/wp\/v2\/media\/32678"}],"wp:attachment":[{"href":"https:\/\/marcelolopes.jor.br\/site\/wp-json\/wp\/v2\/media?parent=32677"}],"wp:term":[{"taxonomy":"category","embeddable":true,"href":"https:\/\/marcelolopes.jor.br\/site\/wp-json\/wp\/v2\/categories?post=32677"},{"taxonomy":"post_tag","embeddable":true,"href":"https:\/\/marcelolopes.jor.br\/site\/wp-json\/wp\/v2\/tags?post=32677"}],"curies":[{"name":"wp","href":"https:\/\/api.w.org\/{rel}","templated":true}]}}