{"id":32624,"date":"2022-04-25T07:00:25","date_gmt":"2022-04-25T10:00:25","guid":{"rendered":"https:\/\/marcelolopes.jor.br\/?p=32624"},"modified":"2024-03-19T17:19:29","modified_gmt":"2024-03-19T20:19:29","slug":"grupo-girarte-espalha-lama-e-reflexoes-durante-encenacao","status":"publish","type":"post","link":"https:\/\/marcelolopes.jor.br\/site\/2022\/04\/25\/grupo-girarte-espalha-lama-e-reflexoes-durante-encenacao\/","title":{"rendered":"Grupo Girarte espalha lama e reflex\u00f5es durante encena\u00e7\u00e3o"},"content":{"rendered":"<p style=\"text-align: justify;\">O Grupo de Pesquisa Girarte, em parceria com artistas locais, realizou na manh\u00e3 do \u00faltimo s\u00e1bado, 24 de abril, uma performance no Cal\u00e7ad\u00e3o de Cataguases que surpreendeu as pessoas que passavam. Trata-se da interven\u00e7\u00e3o art\u00edstica \u201cESTAMOS NA LAMA!?\u201d, formada por uma interven\u00e7\u00e3o musical, explora\u00e7\u00e3o corporal e est\u00e9tica diferenciada, al\u00e9m de questionamentos em rela\u00e7\u00e3o a problemas sociais espalhados pelo ch\u00e3o, impressos em papeis recicl\u00e1veis.<!--more--><\/p>\n<h4 class=\"p1\"><span class=\"s1\">\ud83d\udcf8 Siga o Site do Marcelo Lopes no <a href=\"https:\/\/www.facebook.com\/sitedomarcelolopes\/\"><strong><span style=\"color: #800000;\">Facebook<\/span><\/strong><\/a> e no <strong><span style=\"color: #800000;\"><a style=\"color: #800000;\" href=\"https:\/\/www.instagram.com\/sitedomarcelolopes\/\">Instagram<\/a><\/span><\/strong><\/span><\/h4>\n<h4 class=\"p1\"><span class=\"s1\">\ud83d\udcf1Receba no <a href=\"https:\/\/chat.whatsapp.com\/BibzcI1ibYSKytbdyzubLA\"><strong><span style=\"color: #800000;\">WhatsApp<\/span><\/strong><\/a> as not\u00edcias do Site do Marcelo Lopes<\/span><\/h4>\n<p>&nbsp;<\/p>\n<p style=\"text-align: justify;\"><img loading=\"lazy\" decoding=\"async\" class=\"aligncenter wp-image-32625\" src=\"https:\/\/marcelolopes.jor.br\/site\/wp-content\/uploads\/2022\/04\/Registro-VITOR-FELIX-3-Grande-300x200.jpeg\" alt=\"Grupo Girarte espalha lama\" width=\"700\" height=\"466\" srcset=\"https:\/\/marcelolopes.jor.br\/site\/wp-content\/uploads\/2022\/04\/Registro-VITOR-FELIX-3-Grande-300x200.jpeg 300w, https:\/\/marcelolopes.jor.br\/site\/wp-content\/uploads\/2022\/04\/Registro-VITOR-FELIX-3-Grande-1024x682.jpeg 1024w, https:\/\/marcelolopes.jor.br\/site\/wp-content\/uploads\/2022\/04\/Registro-VITOR-FELIX-3-Grande-768x512.jpeg 768w, https:\/\/marcelolopes.jor.br\/site\/wp-content\/uploads\/2022\/04\/Registro-VITOR-FELIX-3-Grande-1200x800.jpeg 1200w, https:\/\/marcelolopes.jor.br\/site\/wp-content\/uploads\/2022\/04\/Registro-VITOR-FELIX-3-Grande.jpeg 1280w\" sizes=\"auto, (max-width: 700px) 100vw, 700px\" \/>O movimento art\u00edstico chamou a aten\u00e7\u00e3o e levou dezenas de pessoas a assistirem a encena\u00e7\u00e3o com atores, m\u00fasicos e bailarinos com os corpos cobertos de lama. Conforme explica o artista e organizador Marcus Diego, a ideia geral dessa encena\u00e7\u00e3o concentrou-se &#8220;em instigar cada individuo a pensar nos problemas sociais em uma \u00f3tica pr\u00f3pria, com espa\u00e7o para tirar conclus\u00f5es pessoais e refletir em como modificar realidades que considera negativas, para o desenvolvimento humano e da sociedade.&#8221;<\/p>\n<p style=\"text-align: justify;\">Ele continua: &#8220;Quanto aos corpos sujos de lama se inserem no contexto geral, pelo sentido amb\u00edguo, podem representar uma perspectiva negativa, de estarmos &#8216;atolados e &#8216;presos&#8217;, quanto em uma perspectiva positiva, onde o barro pode ter um sentido divino de reconstru\u00e7\u00e3o, recome\u00e7o e reestrutura\u00e7\u00e3o. Al\u00e9m de nos levar a reflex\u00f5es sobre trag\u00e9dias ambientais como a de Petr\u00f3polis ou as enchentes vivenciadas aqui em Cataguases\u201d, lembra.<\/p>\n<p>&nbsp;<\/p>\n<p style=\"text-align: justify;\">Diego finaliza dizendo que o importante de tudo isso \u00e9 \u201centender que a performance prop\u00f5e reflex\u00f5es e n\u00e3o imp\u00f5e ideias; a chave aqui \u00e9 estimular atrav\u00e9s de perguntas &#8216;soltas\u2019, diferentes pensamentos e questionamentos, em conson\u00e2ncia com a realidade de cada indiv\u00edduo, buscando sempre uma transforma\u00e7\u00e3o positiva, tendo a dan\u00e7a em uma explora\u00e7\u00e3o est\u00e9tica diferenciada, como ve\u00edculo para abertura deste di\u00e1logo pessoal.&#8221;<\/p>\n<p><img loading=\"lazy\" decoding=\"async\" class=\"aligncenter wp-image-32627\" src=\"https:\/\/marcelolopes.jor.br\/site\/wp-content\/uploads\/2022\/04\/Registro-VITOR-FELIX-2-Grande-300x200.jpeg\" alt=\"Grupo Girarte espalha lama\" width=\"700\" height=\"466\" srcset=\"https:\/\/marcelolopes.jor.br\/site\/wp-content\/uploads\/2022\/04\/Registro-VITOR-FELIX-2-Grande-300x200.jpeg 300w, https:\/\/marcelolopes.jor.br\/site\/wp-content\/uploads\/2022\/04\/Registro-VITOR-FELIX-2-Grande-1024x682.jpeg 1024w, https:\/\/marcelolopes.jor.br\/site\/wp-content\/uploads\/2022\/04\/Registro-VITOR-FELIX-2-Grande-768x512.jpeg 768w, https:\/\/marcelolopes.jor.br\/site\/wp-content\/uploads\/2022\/04\/Registro-VITOR-FELIX-2-Grande-1200x800.jpeg 1200w, https:\/\/marcelolopes.jor.br\/site\/wp-content\/uploads\/2022\/04\/Registro-VITOR-FELIX-2-Grande.jpeg 1280w\" sizes=\"auto, (max-width: 700px) 100vw, 700px\" \/><\/p>\n<p style=\"text-align: justify;\">Participaram da performance os artistas Soldado Rima Rica e Marcos Alves (Interven\u00e7\u00e3o musical). Alan Resende, Fabiano Banna, Gustavo Florindo, Nat\u00e1lia Barros, Marcus Diego, Mariana Martins e Tatiane Dias (Interven\u00e7\u00e3o corporal). Fernanda Pinheiro e Priscila Sandes (Produ\u00e7\u00e3o Geral). Esta iniciativa, informou Marcus Diego, faz parte de uma s\u00e9rie de a\u00e7\u00f5es que est\u00e3o sendo realizadas para ressaltar o m\u00eas da Dan\u00e7a.<\/p>\n<p style=\"text-align: justify;\">No pr\u00f3ximo dia 29 de abril ser\u00e1 comemorado o Dia Mundial da Dan\u00e7a e, na ocasi\u00e3o ser\u00e3o realizadas aulas gratuitas de Dan\u00e7a na Pra\u00e7a Ch\u00e1cara Dona Catarina, quando estar\u00e3o presentes diversos artistas locais. A iniciativa \u00e9 uma parceria do Grupo Girarte e seus apoiadores como Miba, SECULT-Cataguases, Centro Cultural Sicoob Coopemata, Funda\u00e7\u00e3o Bauminas, Energisa, Funda\u00e7\u00e3o Ormeo Junqueira Botelho, Papelaria Kafka e Bazar Ren\u00e9, informa Marcus Diego.<\/p>\n<p style=\"text-align: justify;\">Clique no link abaixo para assistir \u00e0 performance do grupo no \u00faltimo s\u00e1bado:<\/p>\n<p><a href=\"https:\/\/www.instagram.com\/p\/Cct-XVPtpHM\/?utm_source=ig_web_copy_link\">https:\/\/www.instagram.com\/p\/Cct-XVPtpHM\/?utm_source=ig_web_copy_link<\/a><\/p>\n<p><img loading=\"lazy\" decoding=\"async\" class=\"aligncenter wp-image-32628\" src=\"https:\/\/marcelolopes.jor.br\/site\/wp-content\/uploads\/2022\/04\/Priscila-Sandes-3-Grande-300x225.jpeg\" alt=\"\" width=\"700\" height=\"525\" srcset=\"https:\/\/marcelolopes.jor.br\/site\/wp-content\/uploads\/2022\/04\/Priscila-Sandes-3-Grande-300x225.jpeg 300w, https:\/\/marcelolopes.jor.br\/site\/wp-content\/uploads\/2022\/04\/Priscila-Sandes-3-Grande-1024x768.jpeg 1024w, https:\/\/marcelolopes.jor.br\/site\/wp-content\/uploads\/2022\/04\/Priscila-Sandes-3-Grande-768x576.jpeg 768w, https:\/\/marcelolopes.jor.br\/site\/wp-content\/uploads\/2022\/04\/Priscila-Sandes-3-Grande-1200x900.jpeg 1200w, https:\/\/marcelolopes.jor.br\/site\/wp-content\/uploads\/2022\/04\/Priscila-Sandes-3-Grande-320x240.jpeg 320w, https:\/\/marcelolopes.jor.br\/site\/wp-content\/uploads\/2022\/04\/Priscila-Sandes-3-Grande.jpeg 1280w\" sizes=\"auto, (max-width: 700px) 100vw, 700px\" \/><\/p>\n<p>Fotos: Victor Felix<\/p>\n<div class=\"tvcxv69f72a571cc73\" ><br><\/div><style type=\"text\/css\">\r\n@media screen and (min-width: 1201px) {\r\n.tvcxv69f72a571cc73 {\r\ndisplay: block;\r\n}\r\n}\r\n@media screen and (min-width: 993px) and (max-width: 1200px) {\r\n.tvcxv69f72a571cc73 {\r\ndisplay: block;\r\n}\r\n}\r\n@media screen and (min-width: 769px) and (max-width: 992px) {\r\n.tvcxv69f72a571cc73 {\r\ndisplay: block;\r\n}\r\n}\r\n@media screen and (min-width: 768px) and (max-width: 768px) {\r\n.tvcxv69f72a571cc73 {\r\ndisplay: block;\r\n}\r\n}\r\n@media screen and (max-width: 767px) {\r\n.tvcxv69f72a571cc73 {\r\ndisplay: block;\r\n}\r\n}\r\n<\/style>\r\n<div class=\"fopgd69f72a5722b0c\" ><div id=\"div_destino\"><\/div>\r\n<script src=\"https:\/\/cdn.snsrsv.com\/sdk.js\"><\/script>\r\n<script >\r\n      new sdk(\"464030C30061EA8BE065000000000001\") \r\n          .appendTo(\"div_destino\")\r\n          .disableStyle(true) \r\n          .setCacheBusterMacro(\"%%CACHEBUSTER%%\")\r\n          .setSize(\"800\",\"214\")\r\n          .setClickMacro(\"%%CLICK_URL_ESC%%\") \r\n          .setReferrerUrlMacro(\"%%REFERRER_URL_ESC%%\") \r\n          .start(); \r\n<\/script><\/div><style type=\"text\/css\">\r\n@media screen and (min-width: 1201px) {\r\n.fopgd69f72a5722b0c {\r\ndisplay: block;\r\n}\r\n}\r\n@media screen and (min-width: 993px) and (max-width: 1200px) {\r\n.fopgd69f72a5722b0c {\r\ndisplay: block;\r\n}\r\n}\r\n@media screen and (min-width: 769px) and (max-width: 992px) {\r\n.fopgd69f72a5722b0c {\r\ndisplay: block;\r\n}\r\n}\r\n@media screen and (min-width: 768px) and (max-width: 768px) {\r\n.fopgd69f72a5722b0c {\r\ndisplay: block;\r\n}\r\n}\r\n@media screen and (max-width: 767px) {\r\n.fopgd69f72a5722b0c {\r\ndisplay: block;\r\n}\r\n}\r\n<\/style>\r\n","protected":false},"excerpt":{"rendered":"<p>O Grupo de Pesquisa Girarte, em parceria com artistas locais, realizou na manh\u00e3 do \u00faltimo s\u00e1bado, 24 de abril, uma performance no Cal\u00e7ad\u00e3o de Cataguases que surpreendeu as pessoas que passavam. Trata-se da interven\u00e7\u00e3o art\u00edstica \u201cESTAMOS NA LAMA!?\u201d, formada por<\/p>\n<p class=\"link-more\"><a class=\"more-link\" href=\"https:\/\/marcelolopes.jor.br\/site\/2022\/04\/25\/grupo-girarte-espalha-lama-e-reflexoes-durante-encenacao\/\">Leia mais <span class=\"screen-reader-text\">Grupo Girarte espalha lama e reflex\u00f5es durante encena\u00e7\u00e3o<\/span><\/a><\/p>\n","protected":false},"author":2,"featured_media":32626,"comment_status":"open","ping_status":"open","sticky":false,"template":"","format":"standard","meta":{"footnotes":""},"categories":[1],"tags":[4485,3518,5852,441],"class_list":["post-32624","post","type-post","status-publish","format-standard","has-post-thumbnail","hentry","category-noticias","tag-calcadao","tag-lama","tag-performance-de-danca","tag-projeto-girarte","thumb-below-title"],"yoast_head":"<!-- This site is optimized with the Yoast SEO plugin v27.4 - https:\/\/yoast.com\/product\/yoast-seo-wordpress\/ -->\n<title>Grupo Girarte espalha lama e reflex\u00f5es durante encena\u00e7\u00e3o | Marcelo Lopes<\/title>\n<meta name=\"description\" content=\"Grupo Girarte espalha lama e reflex\u00f5es durante encena\u00e7\u00e3o. Performance aconteceu na manh\u00e3 de s\u00e1bado, 24, no Cal\u00e7ad\u00e3o.\" \/>\n<meta name=\"robots\" content=\"index, follow, max-snippet:-1, max-image-preview:large, max-video-preview:-1\" \/>\n<link rel=\"canonical\" href=\"https:\/\/marcelolopes.jor.br\/site\/2022\/04\/25\/grupo-girarte-espalha-lama-e-reflexoes-durante-encenacao\/\" \/>\n<meta property=\"og:locale\" content=\"pt_BR\" \/>\n<meta property=\"og:type\" content=\"article\" \/>\n<meta property=\"og:title\" content=\"Grupo Girarte espalha lama e reflex\u00f5es durante encena\u00e7\u00e3o | Marcelo Lopes\" \/>\n<meta property=\"og:description\" content=\"Grupo Girarte espalha lama e reflex\u00f5es durante encena\u00e7\u00e3o. Performance aconteceu na manh\u00e3 de s\u00e1bado, 24, no Cal\u00e7ad\u00e3o.\" \/>\n<meta property=\"og:url\" content=\"https:\/\/marcelolopes.jor.br\/site\/2022\/04\/25\/grupo-girarte-espalha-lama-e-reflexoes-durante-encenacao\/\" \/>\n<meta property=\"og:site_name\" content=\"Marcelo Lopes\" \/>\n<meta property=\"article:publisher\" content=\"https:\/\/www.facebook.com\/sitedomarcelolopes\" \/>\n<meta property=\"article:published_time\" content=\"2022-04-25T10:00:25+00:00\" \/>\n<meta property=\"article:modified_time\" content=\"2024-03-19T20:19:29+00:00\" \/>\n<meta property=\"og:image\" content=\"https:\/\/marcelolopes.jor.br\/site\/wp-content\/uploads\/2022\/04\/Priscila-Sandes-2-Grande.jpeg\" \/>\n\t<meta property=\"og:image:width\" content=\"1280\" \/>\n\t<meta property=\"og:image:height\" content=\"960\" \/>\n\t<meta property=\"og:image:type\" content=\"image\/jpeg\" \/>\n<meta name=\"author\" content=\"Marcelo Lopes\" \/>\n<meta name=\"twitter:card\" content=\"summary_large_image\" \/>\n<meta name=\"twitter:label1\" content=\"Escrito por\" \/>\n\t<meta name=\"twitter:data1\" content=\"Marcelo Lopes\" \/>\n\t<meta name=\"twitter:label2\" content=\"Est. tempo de leitura\" \/>\n\t<meta name=\"twitter:data2\" content=\"3 minutos\" \/>\n<script type=\"application\/ld+json\" class=\"yoast-schema-graph\">{\"@context\":\"https:\\\/\\\/schema.org\",\"@graph\":[{\"@type\":\"NewsArticle\",\"@id\":\"https:\\\/\\\/marcelolopes.jor.br\\\/site\\\/2022\\\/04\\\/25\\\/grupo-girarte-espalha-lama-e-reflexoes-durante-encenacao\\\/#article\",\"isPartOf\":{\"@id\":\"https:\\\/\\\/marcelolopes.jor.br\\\/site\\\/2022\\\/04\\\/25\\\/grupo-girarte-espalha-lama-e-reflexoes-durante-encenacao\\\/\"},\"author\":{\"name\":\"Marcelo Lopes\",\"@id\":\"https:\\\/\\\/marcelolopes.jor.br\\\/site\\\/#\\\/schema\\\/person\\\/3e7216a35c34d8fdf952b31da3d1f89f\"},\"headline\":\"Grupo Girarte espalha lama e reflex\u00f5es durante encena\u00e7\u00e3o\",\"datePublished\":\"2022-04-25T10:00:25+00:00\",\"dateModified\":\"2024-03-19T20:19:29+00:00\",\"mainEntityOfPage\":{\"@id\":\"https:\\\/\\\/marcelolopes.jor.br\\\/site\\\/2022\\\/04\\\/25\\\/grupo-girarte-espalha-lama-e-reflexoes-durante-encenacao\\\/\"},\"wordCount\":506,\"commentCount\":0,\"publisher\":{\"@id\":\"https:\\\/\\\/marcelolopes.jor.br\\\/site\\\/#organization\"},\"image\":{\"@id\":\"https:\\\/\\\/marcelolopes.jor.br\\\/site\\\/2022\\\/04\\\/25\\\/grupo-girarte-espalha-lama-e-reflexoes-durante-encenacao\\\/#primaryimage\"},\"thumbnailUrl\":\"https:\\\/\\\/marcelolopes.jor.br\\\/site\\\/wp-content\\\/uploads\\\/2022\\\/04\\\/Priscila-Sandes-2-Grande.jpeg\",\"keywords\":[\"cal\u00e7ad\u00e3o\",\"lama\",\"performance de dan\u00e7a\",\"Projeto Girarte\"],\"articleSection\":[\"Not\u00edcias\"],\"inLanguage\":\"pt-BR\",\"potentialAction\":[{\"@type\":\"CommentAction\",\"name\":\"Comment\",\"target\":[\"https:\\\/\\\/marcelolopes.jor.br\\\/site\\\/2022\\\/04\\\/25\\\/grupo-girarte-espalha-lama-e-reflexoes-durante-encenacao\\\/#respond\"]}]},{\"@type\":\"WebPage\",\"@id\":\"https:\\\/\\\/marcelolopes.jor.br\\\/site\\\/2022\\\/04\\\/25\\\/grupo-girarte-espalha-lama-e-reflexoes-durante-encenacao\\\/\",\"url\":\"https:\\\/\\\/marcelolopes.jor.br\\\/site\\\/2022\\\/04\\\/25\\\/grupo-girarte-espalha-lama-e-reflexoes-durante-encenacao\\\/\",\"name\":\"Grupo Girarte espalha lama e reflex\u00f5es durante encena\u00e7\u00e3o | Marcelo Lopes\",\"isPartOf\":{\"@id\":\"https:\\\/\\\/marcelolopes.jor.br\\\/site\\\/#website\"},\"primaryImageOfPage\":{\"@id\":\"https:\\\/\\\/marcelolopes.jor.br\\\/site\\\/2022\\\/04\\\/25\\\/grupo-girarte-espalha-lama-e-reflexoes-durante-encenacao\\\/#primaryimage\"},\"image\":{\"@id\":\"https:\\\/\\\/marcelolopes.jor.br\\\/site\\\/2022\\\/04\\\/25\\\/grupo-girarte-espalha-lama-e-reflexoes-durante-encenacao\\\/#primaryimage\"},\"thumbnailUrl\":\"https:\\\/\\\/marcelolopes.jor.br\\\/site\\\/wp-content\\\/uploads\\\/2022\\\/04\\\/Priscila-Sandes-2-Grande.jpeg\",\"datePublished\":\"2022-04-25T10:00:25+00:00\",\"dateModified\":\"2024-03-19T20:19:29+00:00\",\"description\":\"Grupo Girarte espalha lama e reflex\u00f5es durante encena\u00e7\u00e3o. Performance aconteceu na manh\u00e3 de s\u00e1bado, 24, no Cal\u00e7ad\u00e3o.\",\"breadcrumb\":{\"@id\":\"https:\\\/\\\/marcelolopes.jor.br\\\/site\\\/2022\\\/04\\\/25\\\/grupo-girarte-espalha-lama-e-reflexoes-durante-encenacao\\\/#breadcrumb\"},\"inLanguage\":\"pt-BR\",\"potentialAction\":[{\"@type\":\"ReadAction\",\"target\":[\"https:\\\/\\\/marcelolopes.jor.br\\\/site\\\/2022\\\/04\\\/25\\\/grupo-girarte-espalha-lama-e-reflexoes-durante-encenacao\\\/\"]}]},{\"@type\":\"ImageObject\",\"inLanguage\":\"pt-BR\",\"@id\":\"https:\\\/\\\/marcelolopes.jor.br\\\/site\\\/2022\\\/04\\\/25\\\/grupo-girarte-espalha-lama-e-reflexoes-durante-encenacao\\\/#primaryimage\",\"url\":\"https:\\\/\\\/marcelolopes.jor.br\\\/site\\\/wp-content\\\/uploads\\\/2022\\\/04\\\/Priscila-Sandes-2-Grande.jpeg\",\"contentUrl\":\"https:\\\/\\\/marcelolopes.jor.br\\\/site\\\/wp-content\\\/uploads\\\/2022\\\/04\\\/Priscila-Sandes-2-Grande.jpeg\",\"width\":1280,\"height\":960,\"caption\":\"Grupo Girarte espalha lama\"},{\"@type\":\"BreadcrumbList\",\"@id\":\"https:\\\/\\\/marcelolopes.jor.br\\\/site\\\/2022\\\/04\\\/25\\\/grupo-girarte-espalha-lama-e-reflexoes-durante-encenacao\\\/#breadcrumb\",\"itemListElement\":[{\"@type\":\"ListItem\",\"position\":1,\"name\":\"Home\",\"item\":\"https:\\\/\\\/marcelolopes.jor.br\\\/site\\\/\"},{\"@type\":\"ListItem\",\"position\":2,\"name\":\"Grupo Girarte espalha lama e reflex\u00f5es durante encena\u00e7\u00e3o\"}]},{\"@type\":\"WebSite\",\"@id\":\"https:\\\/\\\/marcelolopes.jor.br\\\/site\\\/#website\",\"url\":\"https:\\\/\\\/marcelolopes.jor.br\\\/site\\\/\",\"name\":\"Marcelo Lopes\",\"description\":\"Not\u00edcias de Cataguases e Regi\u00e3o\",\"publisher\":{\"@id\":\"https:\\\/\\\/marcelolopes.jor.br\\\/site\\\/#organization\"},\"potentialAction\":[{\"@type\":\"SearchAction\",\"target\":{\"@type\":\"EntryPoint\",\"urlTemplate\":\"https:\\\/\\\/marcelolopes.jor.br\\\/site\\\/?s={search_term_string}\"},\"query-input\":{\"@type\":\"PropertyValueSpecification\",\"valueRequired\":true,\"valueName\":\"search_term_string\"}}],\"inLanguage\":\"pt-BR\"},{\"@type\":\"Organization\",\"@id\":\"https:\\\/\\\/marcelolopes.jor.br\\\/site\\\/#organization\",\"name\":\"Site do Marcelo Lopes\",\"url\":\"https:\\\/\\\/marcelolopes.jor.br\\\/site\\\/\",\"logo\":{\"@type\":\"ImageObject\",\"inLanguage\":\"pt-BR\",\"@id\":\"https:\\\/\\\/marcelolopes.jor.br\\\/site\\\/#\\\/schema\\\/logo\\\/image\\\/\",\"url\":\"https:\\\/\\\/marcelolopes.jor.br\\\/site\\\/wp-content\\\/uploads\\\/2024\\\/11\\\/logo-1.png\",\"contentUrl\":\"https:\\\/\\\/marcelolopes.jor.br\\\/site\\\/wp-content\\\/uploads\\\/2024\\\/11\\\/logo-1.png\",\"width\":475,\"height\":80,\"caption\":\"Site do Marcelo Lopes\"},\"image\":{\"@id\":\"https:\\\/\\\/marcelolopes.jor.br\\\/site\\\/#\\\/schema\\\/logo\\\/image\\\/\"},\"sameAs\":[\"https:\\\/\\\/www.facebook.com\\\/sitedomarcelolopes\",\"https:\\\/\\\/www.instagram.com\\\/sitedomarcelolopes\\\/\",\"https:\\\/\\\/www.linkedin.com\\\/company\\\/site-do-marcelo-lopes\\\/\",\"https:\\\/\\\/www.youtube.com\\\/user\\\/marcelolopes957\"]},{\"@type\":\"Person\",\"@id\":\"https:\\\/\\\/marcelolopes.jor.br\\\/site\\\/#\\\/schema\\\/person\\\/3e7216a35c34d8fdf952b31da3d1f89f\",\"name\":\"Marcelo Lopes\",\"sameAs\":[\"http:\\\/\\\/www.marcelolopes.jor.br\"],\"url\":\"https:\\\/\\\/marcelolopes.jor.br\\\/site\\\/author\\\/marcelo\\\/\"}]}<\/script>\n<!-- \/ Yoast SEO plugin. -->","yoast_head_json":{"title":"Grupo Girarte espalha lama e reflex\u00f5es durante encena\u00e7\u00e3o | Marcelo Lopes","description":"Grupo Girarte espalha lama e reflex\u00f5es durante encena\u00e7\u00e3o. Performance aconteceu na manh\u00e3 de s\u00e1bado, 24, no Cal\u00e7ad\u00e3o.","robots":{"index":"index","follow":"follow","max-snippet":"max-snippet:-1","max-image-preview":"max-image-preview:large","max-video-preview":"max-video-preview:-1"},"canonical":"https:\/\/marcelolopes.jor.br\/site\/2022\/04\/25\/grupo-girarte-espalha-lama-e-reflexoes-durante-encenacao\/","og_locale":"pt_BR","og_type":"article","og_title":"Grupo Girarte espalha lama e reflex\u00f5es durante encena\u00e7\u00e3o | Marcelo Lopes","og_description":"Grupo Girarte espalha lama e reflex\u00f5es durante encena\u00e7\u00e3o. Performance aconteceu na manh\u00e3 de s\u00e1bado, 24, no Cal\u00e7ad\u00e3o.","og_url":"https:\/\/marcelolopes.jor.br\/site\/2022\/04\/25\/grupo-girarte-espalha-lama-e-reflexoes-durante-encenacao\/","og_site_name":"Marcelo Lopes","article_publisher":"https:\/\/www.facebook.com\/sitedomarcelolopes","article_published_time":"2022-04-25T10:00:25+00:00","article_modified_time":"2024-03-19T20:19:29+00:00","og_image":[{"width":1280,"height":960,"url":"https:\/\/marcelolopes.jor.br\/site\/wp-content\/uploads\/2022\/04\/Priscila-Sandes-2-Grande.jpeg","type":"image\/jpeg"}],"author":"Marcelo Lopes","twitter_card":"summary_large_image","twitter_misc":{"Escrito por":"Marcelo Lopes","Est. tempo de leitura":"3 minutos"},"schema":{"@context":"https:\/\/schema.org","@graph":[{"@type":"NewsArticle","@id":"https:\/\/marcelolopes.jor.br\/site\/2022\/04\/25\/grupo-girarte-espalha-lama-e-reflexoes-durante-encenacao\/#article","isPartOf":{"@id":"https:\/\/marcelolopes.jor.br\/site\/2022\/04\/25\/grupo-girarte-espalha-lama-e-reflexoes-durante-encenacao\/"},"author":{"name":"Marcelo Lopes","@id":"https:\/\/marcelolopes.jor.br\/site\/#\/schema\/person\/3e7216a35c34d8fdf952b31da3d1f89f"},"headline":"Grupo Girarte espalha lama e reflex\u00f5es durante encena\u00e7\u00e3o","datePublished":"2022-04-25T10:00:25+00:00","dateModified":"2024-03-19T20:19:29+00:00","mainEntityOfPage":{"@id":"https:\/\/marcelolopes.jor.br\/site\/2022\/04\/25\/grupo-girarte-espalha-lama-e-reflexoes-durante-encenacao\/"},"wordCount":506,"commentCount":0,"publisher":{"@id":"https:\/\/marcelolopes.jor.br\/site\/#organization"},"image":{"@id":"https:\/\/marcelolopes.jor.br\/site\/2022\/04\/25\/grupo-girarte-espalha-lama-e-reflexoes-durante-encenacao\/#primaryimage"},"thumbnailUrl":"https:\/\/marcelolopes.jor.br\/site\/wp-content\/uploads\/2022\/04\/Priscila-Sandes-2-Grande.jpeg","keywords":["cal\u00e7ad\u00e3o","lama","performance de dan\u00e7a","Projeto Girarte"],"articleSection":["Not\u00edcias"],"inLanguage":"pt-BR","potentialAction":[{"@type":"CommentAction","name":"Comment","target":["https:\/\/marcelolopes.jor.br\/site\/2022\/04\/25\/grupo-girarte-espalha-lama-e-reflexoes-durante-encenacao\/#respond"]}]},{"@type":"WebPage","@id":"https:\/\/marcelolopes.jor.br\/site\/2022\/04\/25\/grupo-girarte-espalha-lama-e-reflexoes-durante-encenacao\/","url":"https:\/\/marcelolopes.jor.br\/site\/2022\/04\/25\/grupo-girarte-espalha-lama-e-reflexoes-durante-encenacao\/","name":"Grupo Girarte espalha lama e reflex\u00f5es durante encena\u00e7\u00e3o | Marcelo Lopes","isPartOf":{"@id":"https:\/\/marcelolopes.jor.br\/site\/#website"},"primaryImageOfPage":{"@id":"https:\/\/marcelolopes.jor.br\/site\/2022\/04\/25\/grupo-girarte-espalha-lama-e-reflexoes-durante-encenacao\/#primaryimage"},"image":{"@id":"https:\/\/marcelolopes.jor.br\/site\/2022\/04\/25\/grupo-girarte-espalha-lama-e-reflexoes-durante-encenacao\/#primaryimage"},"thumbnailUrl":"https:\/\/marcelolopes.jor.br\/site\/wp-content\/uploads\/2022\/04\/Priscila-Sandes-2-Grande.jpeg","datePublished":"2022-04-25T10:00:25+00:00","dateModified":"2024-03-19T20:19:29+00:00","description":"Grupo Girarte espalha lama e reflex\u00f5es durante encena\u00e7\u00e3o. Performance aconteceu na manh\u00e3 de s\u00e1bado, 24, no Cal\u00e7ad\u00e3o.","breadcrumb":{"@id":"https:\/\/marcelolopes.jor.br\/site\/2022\/04\/25\/grupo-girarte-espalha-lama-e-reflexoes-durante-encenacao\/#breadcrumb"},"inLanguage":"pt-BR","potentialAction":[{"@type":"ReadAction","target":["https:\/\/marcelolopes.jor.br\/site\/2022\/04\/25\/grupo-girarte-espalha-lama-e-reflexoes-durante-encenacao\/"]}]},{"@type":"ImageObject","inLanguage":"pt-BR","@id":"https:\/\/marcelolopes.jor.br\/site\/2022\/04\/25\/grupo-girarte-espalha-lama-e-reflexoes-durante-encenacao\/#primaryimage","url":"https:\/\/marcelolopes.jor.br\/site\/wp-content\/uploads\/2022\/04\/Priscila-Sandes-2-Grande.jpeg","contentUrl":"https:\/\/marcelolopes.jor.br\/site\/wp-content\/uploads\/2022\/04\/Priscila-Sandes-2-Grande.jpeg","width":1280,"height":960,"caption":"Grupo Girarte espalha lama"},{"@type":"BreadcrumbList","@id":"https:\/\/marcelolopes.jor.br\/site\/2022\/04\/25\/grupo-girarte-espalha-lama-e-reflexoes-durante-encenacao\/#breadcrumb","itemListElement":[{"@type":"ListItem","position":1,"name":"Home","item":"https:\/\/marcelolopes.jor.br\/site\/"},{"@type":"ListItem","position":2,"name":"Grupo Girarte espalha lama e reflex\u00f5es durante encena\u00e7\u00e3o"}]},{"@type":"WebSite","@id":"https:\/\/marcelolopes.jor.br\/site\/#website","url":"https:\/\/marcelolopes.jor.br\/site\/","name":"Marcelo Lopes","description":"Not\u00edcias de Cataguases e Regi\u00e3o","publisher":{"@id":"https:\/\/marcelolopes.jor.br\/site\/#organization"},"potentialAction":[{"@type":"SearchAction","target":{"@type":"EntryPoint","urlTemplate":"https:\/\/marcelolopes.jor.br\/site\/?s={search_term_string}"},"query-input":{"@type":"PropertyValueSpecification","valueRequired":true,"valueName":"search_term_string"}}],"inLanguage":"pt-BR"},{"@type":"Organization","@id":"https:\/\/marcelolopes.jor.br\/site\/#organization","name":"Site do Marcelo Lopes","url":"https:\/\/marcelolopes.jor.br\/site\/","logo":{"@type":"ImageObject","inLanguage":"pt-BR","@id":"https:\/\/marcelolopes.jor.br\/site\/#\/schema\/logo\/image\/","url":"https:\/\/marcelolopes.jor.br\/site\/wp-content\/uploads\/2024\/11\/logo-1.png","contentUrl":"https:\/\/marcelolopes.jor.br\/site\/wp-content\/uploads\/2024\/11\/logo-1.png","width":475,"height":80,"caption":"Site do Marcelo Lopes"},"image":{"@id":"https:\/\/marcelolopes.jor.br\/site\/#\/schema\/logo\/image\/"},"sameAs":["https:\/\/www.facebook.com\/sitedomarcelolopes","https:\/\/www.instagram.com\/sitedomarcelolopes\/","https:\/\/www.linkedin.com\/company\/site-do-marcelo-lopes\/","https:\/\/www.youtube.com\/user\/marcelolopes957"]},{"@type":"Person","@id":"https:\/\/marcelolopes.jor.br\/site\/#\/schema\/person\/3e7216a35c34d8fdf952b31da3d1f89f","name":"Marcelo Lopes","sameAs":["http:\/\/www.marcelolopes.jor.br"],"url":"https:\/\/marcelolopes.jor.br\/site\/author\/marcelo\/"}]}},"wps_subtitle":"Performance aconteceu na manh\u00e3 de s\u00e1bado, 24, no Cal\u00e7ad\u00e3o.","_links":{"self":[{"href":"https:\/\/marcelolopes.jor.br\/site\/wp-json\/wp\/v2\/posts\/32624","targetHints":{"allow":["GET"]}}],"collection":[{"href":"https:\/\/marcelolopes.jor.br\/site\/wp-json\/wp\/v2\/posts"}],"about":[{"href":"https:\/\/marcelolopes.jor.br\/site\/wp-json\/wp\/v2\/types\/post"}],"author":[{"embeddable":true,"href":"https:\/\/marcelolopes.jor.br\/site\/wp-json\/wp\/v2\/users\/2"}],"replies":[{"embeddable":true,"href":"https:\/\/marcelolopes.jor.br\/site\/wp-json\/wp\/v2\/comments?post=32624"}],"version-history":[{"count":0,"href":"https:\/\/marcelolopes.jor.br\/site\/wp-json\/wp\/v2\/posts\/32624\/revisions"}],"wp:featuredmedia":[{"embeddable":true,"href":"https:\/\/marcelolopes.jor.br\/site\/wp-json\/wp\/v2\/media\/32626"}],"wp:attachment":[{"href":"https:\/\/marcelolopes.jor.br\/site\/wp-json\/wp\/v2\/media?parent=32624"}],"wp:term":[{"taxonomy":"category","embeddable":true,"href":"https:\/\/marcelolopes.jor.br\/site\/wp-json\/wp\/v2\/categories?post=32624"},{"taxonomy":"post_tag","embeddable":true,"href":"https:\/\/marcelolopes.jor.br\/site\/wp-json\/wp\/v2\/tags?post=32624"}],"curies":[{"name":"wp","href":"https:\/\/api.w.org\/{rel}","templated":true}]}}