{"id":32617,"date":"2022-04-24T12:00:31","date_gmt":"2022-04-24T15:00:31","guid":{"rendered":"https:\/\/marcelolopes.jor.br\/?p=32617"},"modified":"2024-03-30T10:29:40","modified_gmt":"2024-03-30T13:29:40","slug":"policia-militar-apreende-arma-e-dois-adolescentes-no-bairro-fatima","status":"publish","type":"post","link":"https:\/\/marcelolopes.jor.br\/site\/2022\/04\/24\/policia-militar-apreende-arma-e-dois-adolescentes-no-bairro-fatima\/","title":{"rendered":"Pol\u00edcia Militar apreende arma e dois adolescentes no Bairro F\u00e1tima"},"content":{"rendered":"<p style=\"text-align: justify;\">Uma equipe da Pol\u00edcia Militar apreendeu nesta madrugada de domingo, 24 de abril, durante opera\u00e7\u00e3o de combate ao crime, dois adolescentes de 17 anos de idade, no Bairro F\u00e1tima, em Cataguases.<!--more--><\/p>\n<h4 class=\"p1\"><span class=\"s1\">\ud83d\udcf8 Siga o Site do Marcelo Lopes no <a href=\"https:\/\/www.facebook.com\/sitedomarcelolopes\/\"><strong><span style=\"color: #800000;\">Facebook<\/span><\/strong><\/a> e no <strong><span style=\"color: #800000;\"><a style=\"color: #800000;\" href=\"https:\/\/www.instagram.com\/sitedomarcelolopes\/\">Instagram<\/a><\/span><\/strong><\/span><\/h4>\n<h4 class=\"p1\"><span class=\"s1\">\ud83d\udcf1Receba no <a href=\"https:\/\/chat.whatsapp.com\/BibzcI1ibYSKytbdyzubLA\"><strong><span style=\"color: #800000;\">WhatsApp<\/span><\/strong><\/a> as not\u00edcias do Site do Marcelo Lopes<\/span><\/h4>\n<p>&nbsp;<\/p>\n<p style=\"text-align: justify;\">Segundo o relato policial, militares chegaram ao local e viram os dois jovens saindo &#8211; despistadamente &#8211; de um lote situado ao lado de um bar. Ao serem abordados demonstraram nervosismo, mas nada de il\u00edcito foi encontrado com eles.<\/p>\n<p style=\"text-align: justify;\">Os policiais entraram no terreno baldio e ap\u00f3s uma minuciosa boca no local encontraram escondido em uma moite um rev\u00f3lver calibre 32 municiado, que foi apreendido juntamente com os adolescentes e levados para a Delegacia de Pol\u00edcia Civil em Leopoldina para os procedimentos administrativos.<\/p>\n<p style=\"text-align: justify;\">Conforme informou a PM, ambos s\u00e3o conhecidos no meio policial por suspeita de participa\u00e7\u00e3o em roubos, tentativa de homic\u00eddio e tr\u00e1fico de drogas. Al\u00e9m disso, um deles foi identificado como um dos autores de disparos de arma de fogo no Bairro S\u00e3o Vicente que atingiu o bra\u00e7o de uma pessoa, na \u00faltima quinta-feira, 21 de abril.<\/p>\n<div class=\"rnull69f5db864d54b\" ><br><\/div><style type=\"text\/css\">\r\n@media screen and (min-width: 1201px) {\r\n.rnull69f5db864d54b {\r\ndisplay: block;\r\n}\r\n}\r\n@media screen and (min-width: 993px) and (max-width: 1200px) {\r\n.rnull69f5db864d54b {\r\ndisplay: block;\r\n}\r\n}\r\n@media screen and (min-width: 769px) and (max-width: 992px) {\r\n.rnull69f5db864d54b {\r\ndisplay: block;\r\n}\r\n}\r\n@media screen and (min-width: 768px) and (max-width: 768px) {\r\n.rnull69f5db864d54b {\r\ndisplay: block;\r\n}\r\n}\r\n@media screen and (max-width: 767px) {\r\n.rnull69f5db864d54b {\r\ndisplay: block;\r\n}\r\n}\r\n<\/style>\r\n<div class=\"laduu69f5db865374a\" ><div id=\"div_destino\"><\/div>\r\n<script src=\"https:\/\/cdn.snsrsv.com\/sdk.js\"><\/script>\r\n<script >\r\n      new sdk(\"464030C30061EA8BE065000000000001\") \r\n          .appendTo(\"div_destino\")\r\n          .disableStyle(true) \r\n          .setCacheBusterMacro(\"%%CACHEBUSTER%%\")\r\n          .setSize(\"800\",\"214\")\r\n          .setClickMacro(\"%%CLICK_URL_ESC%%\") \r\n          .setReferrerUrlMacro(\"%%REFERRER_URL_ESC%%\") \r\n          .start(); \r\n<\/script><\/div><style type=\"text\/css\">\r\n@media screen and (min-width: 1201px) {\r\n.laduu69f5db865374a {\r\ndisplay: block;\r\n}\r\n}\r\n@media screen and (min-width: 993px) and (max-width: 1200px) {\r\n.laduu69f5db865374a {\r\ndisplay: block;\r\n}\r\n}\r\n@media screen and (min-width: 769px) and (max-width: 992px) {\r\n.laduu69f5db865374a {\r\ndisplay: block;\r\n}\r\n}\r\n@media screen and (min-width: 768px) and (max-width: 768px) {\r\n.laduu69f5db865374a {\r\ndisplay: block;\r\n}\r\n}\r\n@media screen and (max-width: 767px) {\r\n.laduu69f5db865374a {\r\ndisplay: block;\r\n}\r\n}\r\n<\/style>\r\n","protected":false},"excerpt":{"rendered":"<p>Uma equipe da Pol\u00edcia Militar apreendeu nesta madrugada de domingo, 24 de abril, durante opera\u00e7\u00e3o de combate ao crime, dois adolescentes de 17 anos de idade, no Bairro F\u00e1tima, em Cataguases.<\/p>\n","protected":false},"author":2,"featured_media":32618,"comment_status":"open","ping_status":"open","sticky":false,"template":"","format":"standard","meta":{"footnotes":""},"categories":[1],"tags":[5782,5825,946,942],"class_list":["post-32617","post","type-post","status-publish","format-standard","has-post-thumbnail","hentry","category-noticias","tag-apreensao-de-adolescentes","tag-apreensao-de-arma-de-fogo","tag-arma-de-fogo","tag-operacao-policial","thumb-below-title"],"yoast_head":"<!-- This site is optimized with the Yoast SEO plugin v27.4 - https:\/\/yoast.com\/product\/yoast-seo-wordpress\/ -->\n<title>Pol\u00edcia Militar apreende arma e dois adolescentes no Bairro F\u00e1tima | Marcelo Lopes<\/title>\n<meta name=\"description\" content=\"Pol\u00edcia Militar apreende arma e dois adolescentes no Bairro F\u00e1tima. Eles s\u00e3o conhecidos por suspeita de participa\u00e7\u00e3o em outros crimes.\" \/>\n<meta name=\"robots\" content=\"index, follow, max-snippet:-1, max-image-preview:large, max-video-preview:-1\" \/>\n<link rel=\"canonical\" href=\"https:\/\/marcelolopes.jor.br\/site\/2022\/04\/24\/policia-militar-apreende-arma-e-dois-adolescentes-no-bairro-fatima\/\" \/>\n<meta property=\"og:locale\" content=\"pt_BR\" \/>\n<meta property=\"og:type\" content=\"article\" \/>\n<meta property=\"og:title\" content=\"Pol\u00edcia Militar apreende arma e dois adolescentes no Bairro F\u00e1tima | Marcelo Lopes\" \/>\n<meta property=\"og:description\" content=\"Pol\u00edcia Militar apreende arma e dois adolescentes no Bairro F\u00e1tima. Eles s\u00e3o conhecidos por suspeita de participa\u00e7\u00e3o em outros crimes.\" \/>\n<meta property=\"og:url\" content=\"https:\/\/marcelolopes.jor.br\/site\/2022\/04\/24\/policia-militar-apreende-arma-e-dois-adolescentes-no-bairro-fatima\/\" \/>\n<meta property=\"og:site_name\" content=\"Marcelo Lopes\" \/>\n<meta property=\"article:publisher\" content=\"https:\/\/www.facebook.com\/sitedomarcelolopes\" \/>\n<meta property=\"article:published_time\" content=\"2022-04-24T15:00:31+00:00\" \/>\n<meta property=\"article:modified_time\" content=\"2024-03-30T13:29:40+00:00\" \/>\n<meta property=\"og:image\" content=\"https:\/\/marcelolopes.jor.br\/site\/wp-content\/uploads\/2022\/04\/WhatsApp-Image-2022-04-24-at-09.16.07.jpeg\" \/>\n\t<meta property=\"og:image:width\" content=\"800\" \/>\n\t<meta property=\"og:image:height\" content=\"540\" \/>\n\t<meta property=\"og:image:type\" content=\"image\/jpeg\" \/>\n<meta name=\"author\" content=\"Marcelo Lopes\" \/>\n<meta name=\"twitter:card\" content=\"summary_large_image\" \/>\n<meta name=\"twitter:label1\" content=\"Escrito por\" \/>\n\t<meta name=\"twitter:data1\" content=\"Marcelo Lopes\" \/>\n\t<meta name=\"twitter:label2\" content=\"Est. tempo de leitura\" \/>\n\t<meta name=\"twitter:data2\" content=\"1 minuto\" \/>\n<script type=\"application\/ld+json\" class=\"yoast-schema-graph\">{\"@context\":\"https:\\\/\\\/schema.org\",\"@graph\":[{\"@type\":\"NewsArticle\",\"@id\":\"https:\\\/\\\/marcelolopes.jor.br\\\/site\\\/2022\\\/04\\\/24\\\/policia-militar-apreende-arma-e-dois-adolescentes-no-bairro-fatima\\\/#article\",\"isPartOf\":{\"@id\":\"https:\\\/\\\/marcelolopes.jor.br\\\/site\\\/2022\\\/04\\\/24\\\/policia-militar-apreende-arma-e-dois-adolescentes-no-bairro-fatima\\\/\"},\"author\":{\"name\":\"Marcelo Lopes\",\"@id\":\"https:\\\/\\\/marcelolopes.jor.br\\\/site\\\/#\\\/schema\\\/person\\\/3e7216a35c34d8fdf952b31da3d1f89f\"},\"headline\":\"Pol\u00edcia Militar apreende arma e dois adolescentes no Bairro F\u00e1tima\",\"datePublished\":\"2022-04-24T15:00:31+00:00\",\"dateModified\":\"2024-03-30T13:29:40+00:00\",\"mainEntityOfPage\":{\"@id\":\"https:\\\/\\\/marcelolopes.jor.br\\\/site\\\/2022\\\/04\\\/24\\\/policia-militar-apreende-arma-e-dois-adolescentes-no-bairro-fatima\\\/\"},\"wordCount\":215,\"commentCount\":0,\"publisher\":{\"@id\":\"https:\\\/\\\/marcelolopes.jor.br\\\/site\\\/#organization\"},\"image\":{\"@id\":\"https:\\\/\\\/marcelolopes.jor.br\\\/site\\\/2022\\\/04\\\/24\\\/policia-militar-apreende-arma-e-dois-adolescentes-no-bairro-fatima\\\/#primaryimage\"},\"thumbnailUrl\":\"https:\\\/\\\/marcelolopes.jor.br\\\/site\\\/wp-content\\\/uploads\\\/2022\\\/04\\\/WhatsApp-Image-2022-04-24-at-09.16.07.jpeg\",\"keywords\":[\"apreens\u00e3o de adolescentes\",\"apreens\u00e3o de arma de fogo\",\"arma de fogo\",\"opera\u00e7\u00e3o policial\"],\"articleSection\":[\"Not\u00edcias\"],\"inLanguage\":\"pt-BR\",\"potentialAction\":[{\"@type\":\"CommentAction\",\"name\":\"Comment\",\"target\":[\"https:\\\/\\\/marcelolopes.jor.br\\\/site\\\/2022\\\/04\\\/24\\\/policia-militar-apreende-arma-e-dois-adolescentes-no-bairro-fatima\\\/#respond\"]}]},{\"@type\":\"WebPage\",\"@id\":\"https:\\\/\\\/marcelolopes.jor.br\\\/site\\\/2022\\\/04\\\/24\\\/policia-militar-apreende-arma-e-dois-adolescentes-no-bairro-fatima\\\/\",\"url\":\"https:\\\/\\\/marcelolopes.jor.br\\\/site\\\/2022\\\/04\\\/24\\\/policia-militar-apreende-arma-e-dois-adolescentes-no-bairro-fatima\\\/\",\"name\":\"Pol\u00edcia Militar apreende arma e dois adolescentes no Bairro F\u00e1tima | Marcelo Lopes\",\"isPartOf\":{\"@id\":\"https:\\\/\\\/marcelolopes.jor.br\\\/site\\\/#website\"},\"primaryImageOfPage\":{\"@id\":\"https:\\\/\\\/marcelolopes.jor.br\\\/site\\\/2022\\\/04\\\/24\\\/policia-militar-apreende-arma-e-dois-adolescentes-no-bairro-fatima\\\/#primaryimage\"},\"image\":{\"@id\":\"https:\\\/\\\/marcelolopes.jor.br\\\/site\\\/2022\\\/04\\\/24\\\/policia-militar-apreende-arma-e-dois-adolescentes-no-bairro-fatima\\\/#primaryimage\"},\"thumbnailUrl\":\"https:\\\/\\\/marcelolopes.jor.br\\\/site\\\/wp-content\\\/uploads\\\/2022\\\/04\\\/WhatsApp-Image-2022-04-24-at-09.16.07.jpeg\",\"datePublished\":\"2022-04-24T15:00:31+00:00\",\"dateModified\":\"2024-03-30T13:29:40+00:00\",\"description\":\"Pol\u00edcia Militar apreende arma e dois adolescentes no Bairro F\u00e1tima. Eles s\u00e3o conhecidos por suspeita de participa\u00e7\u00e3o em outros crimes.\",\"breadcrumb\":{\"@id\":\"https:\\\/\\\/marcelolopes.jor.br\\\/site\\\/2022\\\/04\\\/24\\\/policia-militar-apreende-arma-e-dois-adolescentes-no-bairro-fatima\\\/#breadcrumb\"},\"inLanguage\":\"pt-BR\",\"potentialAction\":[{\"@type\":\"ReadAction\",\"target\":[\"https:\\\/\\\/marcelolopes.jor.br\\\/site\\\/2022\\\/04\\\/24\\\/policia-militar-apreende-arma-e-dois-adolescentes-no-bairro-fatima\\\/\"]}]},{\"@type\":\"ImageObject\",\"inLanguage\":\"pt-BR\",\"@id\":\"https:\\\/\\\/marcelolopes.jor.br\\\/site\\\/2022\\\/04\\\/24\\\/policia-militar-apreende-arma-e-dois-adolescentes-no-bairro-fatima\\\/#primaryimage\",\"url\":\"https:\\\/\\\/marcelolopes.jor.br\\\/site\\\/wp-content\\\/uploads\\\/2022\\\/04\\\/WhatsApp-Image-2022-04-24-at-09.16.07.jpeg\",\"contentUrl\":\"https:\\\/\\\/marcelolopes.jor.br\\\/site\\\/wp-content\\\/uploads\\\/2022\\\/04\\\/WhatsApp-Image-2022-04-24-at-09.16.07.jpeg\",\"width\":800,\"height\":540,\"caption\":\"Pol\u00edcia Militar apreende arma\"},{\"@type\":\"BreadcrumbList\",\"@id\":\"https:\\\/\\\/marcelolopes.jor.br\\\/site\\\/2022\\\/04\\\/24\\\/policia-militar-apreende-arma-e-dois-adolescentes-no-bairro-fatima\\\/#breadcrumb\",\"itemListElement\":[{\"@type\":\"ListItem\",\"position\":1,\"name\":\"Home\",\"item\":\"https:\\\/\\\/marcelolopes.jor.br\\\/site\\\/\"},{\"@type\":\"ListItem\",\"position\":2,\"name\":\"Pol\u00edcia Militar apreende arma e dois adolescentes no Bairro F\u00e1tima\"}]},{\"@type\":\"WebSite\",\"@id\":\"https:\\\/\\\/marcelolopes.jor.br\\\/site\\\/#website\",\"url\":\"https:\\\/\\\/marcelolopes.jor.br\\\/site\\\/\",\"name\":\"Marcelo Lopes\",\"description\":\"Not\u00edcias de Cataguases e Regi\u00e3o\",\"publisher\":{\"@id\":\"https:\\\/\\\/marcelolopes.jor.br\\\/site\\\/#organization\"},\"potentialAction\":[{\"@type\":\"SearchAction\",\"target\":{\"@type\":\"EntryPoint\",\"urlTemplate\":\"https:\\\/\\\/marcelolopes.jor.br\\\/site\\\/?s={search_term_string}\"},\"query-input\":{\"@type\":\"PropertyValueSpecification\",\"valueRequired\":true,\"valueName\":\"search_term_string\"}}],\"inLanguage\":\"pt-BR\"},{\"@type\":\"Organization\",\"@id\":\"https:\\\/\\\/marcelolopes.jor.br\\\/site\\\/#organization\",\"name\":\"Site do Marcelo Lopes\",\"url\":\"https:\\\/\\\/marcelolopes.jor.br\\\/site\\\/\",\"logo\":{\"@type\":\"ImageObject\",\"inLanguage\":\"pt-BR\",\"@id\":\"https:\\\/\\\/marcelolopes.jor.br\\\/site\\\/#\\\/schema\\\/logo\\\/image\\\/\",\"url\":\"https:\\\/\\\/marcelolopes.jor.br\\\/site\\\/wp-content\\\/uploads\\\/2024\\\/11\\\/logo-1.png\",\"contentUrl\":\"https:\\\/\\\/marcelolopes.jor.br\\\/site\\\/wp-content\\\/uploads\\\/2024\\\/11\\\/logo-1.png\",\"width\":475,\"height\":80,\"caption\":\"Site do Marcelo Lopes\"},\"image\":{\"@id\":\"https:\\\/\\\/marcelolopes.jor.br\\\/site\\\/#\\\/schema\\\/logo\\\/image\\\/\"},\"sameAs\":[\"https:\\\/\\\/www.facebook.com\\\/sitedomarcelolopes\",\"https:\\\/\\\/www.instagram.com\\\/sitedomarcelolopes\\\/\",\"https:\\\/\\\/www.linkedin.com\\\/company\\\/site-do-marcelo-lopes\\\/\",\"https:\\\/\\\/www.youtube.com\\\/user\\\/marcelolopes957\"]},{\"@type\":\"Person\",\"@id\":\"https:\\\/\\\/marcelolopes.jor.br\\\/site\\\/#\\\/schema\\\/person\\\/3e7216a35c34d8fdf952b31da3d1f89f\",\"name\":\"Marcelo Lopes\",\"sameAs\":[\"http:\\\/\\\/www.marcelolopes.jor.br\"],\"url\":\"https:\\\/\\\/marcelolopes.jor.br\\\/site\\\/author\\\/marcelo\\\/\"}]}<\/script>\n<!-- \/ Yoast SEO plugin. -->","yoast_head_json":{"title":"Pol\u00edcia Militar apreende arma e dois adolescentes no Bairro F\u00e1tima | Marcelo Lopes","description":"Pol\u00edcia Militar apreende arma e dois adolescentes no Bairro F\u00e1tima. Eles s\u00e3o conhecidos por suspeita de participa\u00e7\u00e3o em outros crimes.","robots":{"index":"index","follow":"follow","max-snippet":"max-snippet:-1","max-image-preview":"max-image-preview:large","max-video-preview":"max-video-preview:-1"},"canonical":"https:\/\/marcelolopes.jor.br\/site\/2022\/04\/24\/policia-militar-apreende-arma-e-dois-adolescentes-no-bairro-fatima\/","og_locale":"pt_BR","og_type":"article","og_title":"Pol\u00edcia Militar apreende arma e dois adolescentes no Bairro F\u00e1tima | Marcelo Lopes","og_description":"Pol\u00edcia Militar apreende arma e dois adolescentes no Bairro F\u00e1tima. Eles s\u00e3o conhecidos por suspeita de participa\u00e7\u00e3o em outros crimes.","og_url":"https:\/\/marcelolopes.jor.br\/site\/2022\/04\/24\/policia-militar-apreende-arma-e-dois-adolescentes-no-bairro-fatima\/","og_site_name":"Marcelo Lopes","article_publisher":"https:\/\/www.facebook.com\/sitedomarcelolopes","article_published_time":"2022-04-24T15:00:31+00:00","article_modified_time":"2024-03-30T13:29:40+00:00","og_image":[{"width":800,"height":540,"url":"https:\/\/marcelolopes.jor.br\/site\/wp-content\/uploads\/2022\/04\/WhatsApp-Image-2022-04-24-at-09.16.07.jpeg","type":"image\/jpeg"}],"author":"Marcelo Lopes","twitter_card":"summary_large_image","twitter_misc":{"Escrito por":"Marcelo Lopes","Est. tempo de leitura":"1 minuto"},"schema":{"@context":"https:\/\/schema.org","@graph":[{"@type":"NewsArticle","@id":"https:\/\/marcelolopes.jor.br\/site\/2022\/04\/24\/policia-militar-apreende-arma-e-dois-adolescentes-no-bairro-fatima\/#article","isPartOf":{"@id":"https:\/\/marcelolopes.jor.br\/site\/2022\/04\/24\/policia-militar-apreende-arma-e-dois-adolescentes-no-bairro-fatima\/"},"author":{"name":"Marcelo Lopes","@id":"https:\/\/marcelolopes.jor.br\/site\/#\/schema\/person\/3e7216a35c34d8fdf952b31da3d1f89f"},"headline":"Pol\u00edcia Militar apreende arma e dois adolescentes no Bairro F\u00e1tima","datePublished":"2022-04-24T15:00:31+00:00","dateModified":"2024-03-30T13:29:40+00:00","mainEntityOfPage":{"@id":"https:\/\/marcelolopes.jor.br\/site\/2022\/04\/24\/policia-militar-apreende-arma-e-dois-adolescentes-no-bairro-fatima\/"},"wordCount":215,"commentCount":0,"publisher":{"@id":"https:\/\/marcelolopes.jor.br\/site\/#organization"},"image":{"@id":"https:\/\/marcelolopes.jor.br\/site\/2022\/04\/24\/policia-militar-apreende-arma-e-dois-adolescentes-no-bairro-fatima\/#primaryimage"},"thumbnailUrl":"https:\/\/marcelolopes.jor.br\/site\/wp-content\/uploads\/2022\/04\/WhatsApp-Image-2022-04-24-at-09.16.07.jpeg","keywords":["apreens\u00e3o de adolescentes","apreens\u00e3o de arma de fogo","arma de fogo","opera\u00e7\u00e3o policial"],"articleSection":["Not\u00edcias"],"inLanguage":"pt-BR","potentialAction":[{"@type":"CommentAction","name":"Comment","target":["https:\/\/marcelolopes.jor.br\/site\/2022\/04\/24\/policia-militar-apreende-arma-e-dois-adolescentes-no-bairro-fatima\/#respond"]}]},{"@type":"WebPage","@id":"https:\/\/marcelolopes.jor.br\/site\/2022\/04\/24\/policia-militar-apreende-arma-e-dois-adolescentes-no-bairro-fatima\/","url":"https:\/\/marcelolopes.jor.br\/site\/2022\/04\/24\/policia-militar-apreende-arma-e-dois-adolescentes-no-bairro-fatima\/","name":"Pol\u00edcia Militar apreende arma e dois adolescentes no Bairro F\u00e1tima | Marcelo Lopes","isPartOf":{"@id":"https:\/\/marcelolopes.jor.br\/site\/#website"},"primaryImageOfPage":{"@id":"https:\/\/marcelolopes.jor.br\/site\/2022\/04\/24\/policia-militar-apreende-arma-e-dois-adolescentes-no-bairro-fatima\/#primaryimage"},"image":{"@id":"https:\/\/marcelolopes.jor.br\/site\/2022\/04\/24\/policia-militar-apreende-arma-e-dois-adolescentes-no-bairro-fatima\/#primaryimage"},"thumbnailUrl":"https:\/\/marcelolopes.jor.br\/site\/wp-content\/uploads\/2022\/04\/WhatsApp-Image-2022-04-24-at-09.16.07.jpeg","datePublished":"2022-04-24T15:00:31+00:00","dateModified":"2024-03-30T13:29:40+00:00","description":"Pol\u00edcia Militar apreende arma e dois adolescentes no Bairro F\u00e1tima. Eles s\u00e3o conhecidos por suspeita de participa\u00e7\u00e3o em outros crimes.","breadcrumb":{"@id":"https:\/\/marcelolopes.jor.br\/site\/2022\/04\/24\/policia-militar-apreende-arma-e-dois-adolescentes-no-bairro-fatima\/#breadcrumb"},"inLanguage":"pt-BR","potentialAction":[{"@type":"ReadAction","target":["https:\/\/marcelolopes.jor.br\/site\/2022\/04\/24\/policia-militar-apreende-arma-e-dois-adolescentes-no-bairro-fatima\/"]}]},{"@type":"ImageObject","inLanguage":"pt-BR","@id":"https:\/\/marcelolopes.jor.br\/site\/2022\/04\/24\/policia-militar-apreende-arma-e-dois-adolescentes-no-bairro-fatima\/#primaryimage","url":"https:\/\/marcelolopes.jor.br\/site\/wp-content\/uploads\/2022\/04\/WhatsApp-Image-2022-04-24-at-09.16.07.jpeg","contentUrl":"https:\/\/marcelolopes.jor.br\/site\/wp-content\/uploads\/2022\/04\/WhatsApp-Image-2022-04-24-at-09.16.07.jpeg","width":800,"height":540,"caption":"Pol\u00edcia Militar apreende arma"},{"@type":"BreadcrumbList","@id":"https:\/\/marcelolopes.jor.br\/site\/2022\/04\/24\/policia-militar-apreende-arma-e-dois-adolescentes-no-bairro-fatima\/#breadcrumb","itemListElement":[{"@type":"ListItem","position":1,"name":"Home","item":"https:\/\/marcelolopes.jor.br\/site\/"},{"@type":"ListItem","position":2,"name":"Pol\u00edcia Militar apreende arma e dois adolescentes no Bairro F\u00e1tima"}]},{"@type":"WebSite","@id":"https:\/\/marcelolopes.jor.br\/site\/#website","url":"https:\/\/marcelolopes.jor.br\/site\/","name":"Marcelo Lopes","description":"Not\u00edcias de Cataguases e Regi\u00e3o","publisher":{"@id":"https:\/\/marcelolopes.jor.br\/site\/#organization"},"potentialAction":[{"@type":"SearchAction","target":{"@type":"EntryPoint","urlTemplate":"https:\/\/marcelolopes.jor.br\/site\/?s={search_term_string}"},"query-input":{"@type":"PropertyValueSpecification","valueRequired":true,"valueName":"search_term_string"}}],"inLanguage":"pt-BR"},{"@type":"Organization","@id":"https:\/\/marcelolopes.jor.br\/site\/#organization","name":"Site do Marcelo Lopes","url":"https:\/\/marcelolopes.jor.br\/site\/","logo":{"@type":"ImageObject","inLanguage":"pt-BR","@id":"https:\/\/marcelolopes.jor.br\/site\/#\/schema\/logo\/image\/","url":"https:\/\/marcelolopes.jor.br\/site\/wp-content\/uploads\/2024\/11\/logo-1.png","contentUrl":"https:\/\/marcelolopes.jor.br\/site\/wp-content\/uploads\/2024\/11\/logo-1.png","width":475,"height":80,"caption":"Site do Marcelo Lopes"},"image":{"@id":"https:\/\/marcelolopes.jor.br\/site\/#\/schema\/logo\/image\/"},"sameAs":["https:\/\/www.facebook.com\/sitedomarcelolopes","https:\/\/www.instagram.com\/sitedomarcelolopes\/","https:\/\/www.linkedin.com\/company\/site-do-marcelo-lopes\/","https:\/\/www.youtube.com\/user\/marcelolopes957"]},{"@type":"Person","@id":"https:\/\/marcelolopes.jor.br\/site\/#\/schema\/person\/3e7216a35c34d8fdf952b31da3d1f89f","name":"Marcelo Lopes","sameAs":["http:\/\/www.marcelolopes.jor.br"],"url":"https:\/\/marcelolopes.jor.br\/site\/author\/marcelo\/"}]}},"wps_subtitle":"Eles s\u00e3o conhecidos por suspeita de participa\u00e7\u00e3o em outros crimes.","_links":{"self":[{"href":"https:\/\/marcelolopes.jor.br\/site\/wp-json\/wp\/v2\/posts\/32617","targetHints":{"allow":["GET"]}}],"collection":[{"href":"https:\/\/marcelolopes.jor.br\/site\/wp-json\/wp\/v2\/posts"}],"about":[{"href":"https:\/\/marcelolopes.jor.br\/site\/wp-json\/wp\/v2\/types\/post"}],"author":[{"embeddable":true,"href":"https:\/\/marcelolopes.jor.br\/site\/wp-json\/wp\/v2\/users\/2"}],"replies":[{"embeddable":true,"href":"https:\/\/marcelolopes.jor.br\/site\/wp-json\/wp\/v2\/comments?post=32617"}],"version-history":[{"count":0,"href":"https:\/\/marcelolopes.jor.br\/site\/wp-json\/wp\/v2\/posts\/32617\/revisions"}],"wp:featuredmedia":[{"embeddable":true,"href":"https:\/\/marcelolopes.jor.br\/site\/wp-json\/wp\/v2\/media\/32618"}],"wp:attachment":[{"href":"https:\/\/marcelolopes.jor.br\/site\/wp-json\/wp\/v2\/media?parent=32617"}],"wp:term":[{"taxonomy":"category","embeddable":true,"href":"https:\/\/marcelolopes.jor.br\/site\/wp-json\/wp\/v2\/categories?post=32617"},{"taxonomy":"post_tag","embeddable":true,"href":"https:\/\/marcelolopes.jor.br\/site\/wp-json\/wp\/v2\/tags?post=32617"}],"curies":[{"name":"wp","href":"https:\/\/api.w.org\/{rel}","templated":true}]}}