{"id":32565,"date":"2022-04-20T20:00:24","date_gmt":"2022-04-20T23:00:24","guid":{"rendered":"https:\/\/marcelolopes.jor.br\/?p=32565"},"modified":"2022-04-20T18:48:49","modified_gmt":"2022-04-20T21:48:49","slug":"vereadores-de-leopoldina-sugerem-ao-municipio-aderir-ao-programa-brasil-sorridente","status":"publish","type":"post","link":"https:\/\/marcelolopes.jor.br\/site\/2022\/04\/20\/vereadores-de-leopoldina-sugerem-ao-municipio-aderir-ao-programa-brasil-sorridente\/","title":{"rendered":"Vereadores de Leopoldina sugerem ao munic\u00edpio aderir ao programa Brasil Sorridente"},"content":{"rendered":"<p style=\"text-align: justify;\">Aprimorar o atendimento odontol\u00f3gico no munic\u00edpio. Este foi o objetivo que fundamentou a elabora\u00e7\u00e3o de uma proposi\u00e7\u00e3o encaminhada ao Chefe do Poder Executivo de Leopoldina no sentido de aderir ao Programa Brasil Sorridente do governo federal.<!--more--><\/p>\n<p style=\"text-align: justify;\">A Indica\u00e7\u00e3o n\u00ba 96\/2022 \u00e9 de autoria do vereador Julius Cezar (Uni\u00e3o Brasil) e foi aprovada na sess\u00e3o ordin\u00e1ria da C\u00e2mara Municipal de Leopoldina, realizada no dia 04 de abril de 2022. A mat\u00e9ria sugere que o Munic\u00edpio fa\u00e7a ades\u00e3o ao Programa Brasil Sorridente, criado em 2003 pelo Minist\u00e9rio da Sa\u00fade, com o objetivo de garantir a\u00e7\u00f5es de promo\u00e7\u00e3o, preven\u00e7\u00e3o e recupera\u00e7\u00e3o da sa\u00fade bucal atrav\u00e9s do SUS.<\/p>\n<p style=\"text-align: justify;\">O vereador reconhece que o Munic\u00edpio j\u00e1 vem realizando um trabalho nesta \u00e1rea atrav\u00e9s da Secretaria Municipal de Sa\u00fade, mas salientou que nada impede a ades\u00e3o ao referido programa, o qual garante amplo acesso \u00e0 sa\u00fade bucal principalmente aos cidad\u00e3os que se enquadram em condi\u00e7\u00f5es financeiras prec\u00e1rias.<\/p>\n<p style=\"text-align: justify;\">Julius Cezar disse que considera importante o acolhimento desta proposi\u00e7\u00e3o, pois ainda s\u00e3o altos os custos com um tratamento odontol\u00f3gico e grande parte da popula\u00e7\u00e3o n\u00e3o tem condi\u00e7\u00f5es de arcar com essas despesas. A Indica\u00e7\u00e3o foi aprovada por unanimidade e seguiu para an\u00e1lise do Chefe do Poder Executivo.<\/p>\n<p style=\"text-align: justify;\">Fonte: C\u00e2mara Municipal de Leopoldina | Texto: Arnaldo Sp\u00edndola |Foto: Telessa\u00fade Acre<\/p>\n<div class=\"zqgrp69f715bc74fd4\" ><br><\/div><style type=\"text\/css\">\r\n@media screen and (min-width: 1201px) {\r\n.zqgrp69f715bc74fd4 {\r\ndisplay: block;\r\n}\r\n}\r\n@media screen and (min-width: 993px) and (max-width: 1200px) {\r\n.zqgrp69f715bc74fd4 {\r\ndisplay: block;\r\n}\r\n}\r\n@media screen and (min-width: 769px) and (max-width: 992px) {\r\n.zqgrp69f715bc74fd4 {\r\ndisplay: block;\r\n}\r\n}\r\n@media screen and (min-width: 768px) and (max-width: 768px) {\r\n.zqgrp69f715bc74fd4 {\r\ndisplay: block;\r\n}\r\n}\r\n@media screen and (max-width: 767px) {\r\n.zqgrp69f715bc74fd4 {\r\ndisplay: block;\r\n}\r\n}\r\n<\/style>\r\n<div class=\"sobel69f715bc7a9e9\" ><div id=\"div_destino\"><\/div>\r\n<script src=\"https:\/\/cdn.snsrsv.com\/sdk.js\"><\/script>\r\n<script >\r\n      new sdk(\"464030C30061EA8BE065000000000001\") \r\n          .appendTo(\"div_destino\")\r\n          .disableStyle(true) \r\n          .setCacheBusterMacro(\"%%CACHEBUSTER%%\")\r\n          .setSize(\"800\",\"214\")\r\n          .setClickMacro(\"%%CLICK_URL_ESC%%\") \r\n          .setReferrerUrlMacro(\"%%REFERRER_URL_ESC%%\") \r\n          .start(); \r\n<\/script><\/div><style type=\"text\/css\">\r\n@media screen and (min-width: 1201px) {\r\n.sobel69f715bc7a9e9 {\r\ndisplay: block;\r\n}\r\n}\r\n@media screen and (min-width: 993px) and (max-width: 1200px) {\r\n.sobel69f715bc7a9e9 {\r\ndisplay: block;\r\n}\r\n}\r\n@media screen and (min-width: 769px) and (max-width: 992px) {\r\n.sobel69f715bc7a9e9 {\r\ndisplay: block;\r\n}\r\n}\r\n@media screen and (min-width: 768px) and (max-width: 768px) {\r\n.sobel69f715bc7a9e9 {\r\ndisplay: block;\r\n}\r\n}\r\n@media screen and (max-width: 767px) {\r\n.sobel69f715bc7a9e9 {\r\ndisplay: block;\r\n}\r\n}\r\n<\/style>\r\n","protected":false},"excerpt":{"rendered":"<p>Aprimorar o atendimento odontol\u00f3gico no munic\u00edpio. Este foi o objetivo que fundamentou a elabora\u00e7\u00e3o de uma proposi\u00e7\u00e3o encaminhada ao Chefe do Poder Executivo de Leopoldina no sentido de aderir ao Programa Brasil Sorridente do governo federal.<\/p>\n","protected":false},"author":2,"featured_media":32566,"comment_status":"open","ping_status":"open","sticky":false,"template":"","format":"standard","meta":{"footnotes":""},"categories":[1],"tags":[5841,682,2925,5842],"class_list":["post-32565","post","type-post","status-publish","format-standard","has-post-thumbnail","hentry","category-noticias","tag-brasil-sorridente","tag-odontologia","tag-saude-bucal","tag-tratamento-odontologico","thumb-below-title"],"yoast_head":"<!-- This site is optimized with the Yoast SEO plugin v27.4 - https:\/\/yoast.com\/product\/yoast-seo-wordpress\/ -->\n<title>Vereadores de Leopoldina sugerem ao munic\u00edpio aderir ao programa Brasil Sorridente | Marcelo Lopes<\/title>\n<meta name=\"robots\" content=\"index, follow, max-snippet:-1, max-image-preview:large, max-video-preview:-1\" \/>\n<link rel=\"canonical\" href=\"https:\/\/marcelolopes.jor.br\/site\/2022\/04\/20\/vereadores-de-leopoldina-sugerem-ao-municipio-aderir-ao-programa-brasil-sorridente\/\" \/>\n<meta property=\"og:locale\" content=\"pt_BR\" \/>\n<meta property=\"og:type\" content=\"article\" \/>\n<meta property=\"og:title\" content=\"Vereadores de Leopoldina sugerem ao munic\u00edpio aderir ao programa Brasil Sorridente | Marcelo Lopes\" \/>\n<meta property=\"og:description\" content=\"Aprimorar o atendimento odontol\u00f3gico no munic\u00edpio. Este foi o objetivo que fundamentou a elabora\u00e7\u00e3o de uma proposi\u00e7\u00e3o encaminhada ao Chefe do Poder Executivo de Leopoldina no sentido de aderir ao Programa Brasil Sorridente do governo federal.\" \/>\n<meta property=\"og:url\" content=\"https:\/\/marcelolopes.jor.br\/site\/2022\/04\/20\/vereadores-de-leopoldina-sugerem-ao-municipio-aderir-ao-programa-brasil-sorridente\/\" \/>\n<meta property=\"og:site_name\" content=\"Marcelo Lopes\" \/>\n<meta property=\"article:publisher\" content=\"https:\/\/www.facebook.com\/sitedomarcelolopes\" \/>\n<meta property=\"article:published_time\" content=\"2022-04-20T23:00:24+00:00\" \/>\n<meta property=\"og:image\" content=\"https:\/\/marcelolopes.jor.br\/site\/wp-content\/uploads\/2022\/04\/xsaudebucal2.jpg.pagespeed.ic_.NTf8oAWKJ1.jpeg\" \/>\n\t<meta property=\"og:image:width\" content=\"775\" \/>\n\t<meta property=\"og:image:height\" content=\"517\" \/>\n\t<meta property=\"og:image:type\" content=\"image\/jpeg\" \/>\n<meta name=\"author\" content=\"Marcelo Lopes\" \/>\n<meta name=\"twitter:card\" content=\"summary_large_image\" \/>\n<meta name=\"twitter:label1\" content=\"Escrito por\" \/>\n\t<meta name=\"twitter:data1\" content=\"Marcelo Lopes\" \/>\n\t<meta name=\"twitter:label2\" content=\"Est. tempo de leitura\" \/>\n\t<meta name=\"twitter:data2\" content=\"2 minutos\" \/>\n<script type=\"application\/ld+json\" class=\"yoast-schema-graph\">{\"@context\":\"https:\\\/\\\/schema.org\",\"@graph\":[{\"@type\":\"NewsArticle\",\"@id\":\"https:\\\/\\\/marcelolopes.jor.br\\\/site\\\/2022\\\/04\\\/20\\\/vereadores-de-leopoldina-sugerem-ao-municipio-aderir-ao-programa-brasil-sorridente\\\/#article\",\"isPartOf\":{\"@id\":\"https:\\\/\\\/marcelolopes.jor.br\\\/site\\\/2022\\\/04\\\/20\\\/vereadores-de-leopoldina-sugerem-ao-municipio-aderir-ao-programa-brasil-sorridente\\\/\"},\"author\":{\"name\":\"Marcelo Lopes\",\"@id\":\"https:\\\/\\\/marcelolopes.jor.br\\\/site\\\/#\\\/schema\\\/person\\\/3e7216a35c34d8fdf952b31da3d1f89f\"},\"headline\":\"Vereadores de Leopoldina sugerem ao munic\u00edpio aderir ao programa Brasil Sorridente\",\"datePublished\":\"2022-04-20T23:00:24+00:00\",\"mainEntityOfPage\":{\"@id\":\"https:\\\/\\\/marcelolopes.jor.br\\\/site\\\/2022\\\/04\\\/20\\\/vereadores-de-leopoldina-sugerem-ao-municipio-aderir-ao-programa-brasil-sorridente\\\/\"},\"wordCount\":256,\"commentCount\":0,\"publisher\":{\"@id\":\"https:\\\/\\\/marcelolopes.jor.br\\\/site\\\/#organization\"},\"image\":{\"@id\":\"https:\\\/\\\/marcelolopes.jor.br\\\/site\\\/2022\\\/04\\\/20\\\/vereadores-de-leopoldina-sugerem-ao-municipio-aderir-ao-programa-brasil-sorridente\\\/#primaryimage\"},\"thumbnailUrl\":\"https:\\\/\\\/marcelolopes.jor.br\\\/site\\\/wp-content\\\/uploads\\\/2022\\\/04\\\/xsaudebucal2.jpg.pagespeed.ic_.NTf8oAWKJ1.jpeg\",\"keywords\":[\"Brasil Sorridente\",\"odontologia\",\"sa\u00fade bucal\",\"tratamento odontol\u00f3gico\"],\"articleSection\":[\"Not\u00edcias\"],\"inLanguage\":\"pt-BR\",\"potentialAction\":[{\"@type\":\"CommentAction\",\"name\":\"Comment\",\"target\":[\"https:\\\/\\\/marcelolopes.jor.br\\\/site\\\/2022\\\/04\\\/20\\\/vereadores-de-leopoldina-sugerem-ao-municipio-aderir-ao-programa-brasil-sorridente\\\/#respond\"]}]},{\"@type\":\"WebPage\",\"@id\":\"https:\\\/\\\/marcelolopes.jor.br\\\/site\\\/2022\\\/04\\\/20\\\/vereadores-de-leopoldina-sugerem-ao-municipio-aderir-ao-programa-brasil-sorridente\\\/\",\"url\":\"https:\\\/\\\/marcelolopes.jor.br\\\/site\\\/2022\\\/04\\\/20\\\/vereadores-de-leopoldina-sugerem-ao-municipio-aderir-ao-programa-brasil-sorridente\\\/\",\"name\":\"Vereadores de Leopoldina sugerem ao munic\u00edpio aderir ao programa Brasil Sorridente | Marcelo Lopes\",\"isPartOf\":{\"@id\":\"https:\\\/\\\/marcelolopes.jor.br\\\/site\\\/#website\"},\"primaryImageOfPage\":{\"@id\":\"https:\\\/\\\/marcelolopes.jor.br\\\/site\\\/2022\\\/04\\\/20\\\/vereadores-de-leopoldina-sugerem-ao-municipio-aderir-ao-programa-brasil-sorridente\\\/#primaryimage\"},\"image\":{\"@id\":\"https:\\\/\\\/marcelolopes.jor.br\\\/site\\\/2022\\\/04\\\/20\\\/vereadores-de-leopoldina-sugerem-ao-municipio-aderir-ao-programa-brasil-sorridente\\\/#primaryimage\"},\"thumbnailUrl\":\"https:\\\/\\\/marcelolopes.jor.br\\\/site\\\/wp-content\\\/uploads\\\/2022\\\/04\\\/xsaudebucal2.jpg.pagespeed.ic_.NTf8oAWKJ1.jpeg\",\"datePublished\":\"2022-04-20T23:00:24+00:00\",\"breadcrumb\":{\"@id\":\"https:\\\/\\\/marcelolopes.jor.br\\\/site\\\/2022\\\/04\\\/20\\\/vereadores-de-leopoldina-sugerem-ao-municipio-aderir-ao-programa-brasil-sorridente\\\/#breadcrumb\"},\"inLanguage\":\"pt-BR\",\"potentialAction\":[{\"@type\":\"ReadAction\",\"target\":[\"https:\\\/\\\/marcelolopes.jor.br\\\/site\\\/2022\\\/04\\\/20\\\/vereadores-de-leopoldina-sugerem-ao-municipio-aderir-ao-programa-brasil-sorridente\\\/\"]}]},{\"@type\":\"ImageObject\",\"inLanguage\":\"pt-BR\",\"@id\":\"https:\\\/\\\/marcelolopes.jor.br\\\/site\\\/2022\\\/04\\\/20\\\/vereadores-de-leopoldina-sugerem-ao-municipio-aderir-ao-programa-brasil-sorridente\\\/#primaryimage\",\"url\":\"https:\\\/\\\/marcelolopes.jor.br\\\/site\\\/wp-content\\\/uploads\\\/2022\\\/04\\\/xsaudebucal2.jpg.pagespeed.ic_.NTf8oAWKJ1.jpeg\",\"contentUrl\":\"https:\\\/\\\/marcelolopes.jor.br\\\/site\\\/wp-content\\\/uploads\\\/2022\\\/04\\\/xsaudebucal2.jpg.pagespeed.ic_.NTf8oAWKJ1.jpeg\",\"width\":775,\"height\":517},{\"@type\":\"BreadcrumbList\",\"@id\":\"https:\\\/\\\/marcelolopes.jor.br\\\/site\\\/2022\\\/04\\\/20\\\/vereadores-de-leopoldina-sugerem-ao-municipio-aderir-ao-programa-brasil-sorridente\\\/#breadcrumb\",\"itemListElement\":[{\"@type\":\"ListItem\",\"position\":1,\"name\":\"Home\",\"item\":\"https:\\\/\\\/marcelolopes.jor.br\\\/site\\\/\"},{\"@type\":\"ListItem\",\"position\":2,\"name\":\"Vereadores de Leopoldina sugerem ao munic\u00edpio aderir ao programa Brasil Sorridente\"}]},{\"@type\":\"WebSite\",\"@id\":\"https:\\\/\\\/marcelolopes.jor.br\\\/site\\\/#website\",\"url\":\"https:\\\/\\\/marcelolopes.jor.br\\\/site\\\/\",\"name\":\"Marcelo Lopes\",\"description\":\"Not\u00edcias de Cataguases e Regi\u00e3o\",\"publisher\":{\"@id\":\"https:\\\/\\\/marcelolopes.jor.br\\\/site\\\/#organization\"},\"potentialAction\":[{\"@type\":\"SearchAction\",\"target\":{\"@type\":\"EntryPoint\",\"urlTemplate\":\"https:\\\/\\\/marcelolopes.jor.br\\\/site\\\/?s={search_term_string}\"},\"query-input\":{\"@type\":\"PropertyValueSpecification\",\"valueRequired\":true,\"valueName\":\"search_term_string\"}}],\"inLanguage\":\"pt-BR\"},{\"@type\":\"Organization\",\"@id\":\"https:\\\/\\\/marcelolopes.jor.br\\\/site\\\/#organization\",\"name\":\"Site do Marcelo Lopes\",\"url\":\"https:\\\/\\\/marcelolopes.jor.br\\\/site\\\/\",\"logo\":{\"@type\":\"ImageObject\",\"inLanguage\":\"pt-BR\",\"@id\":\"https:\\\/\\\/marcelolopes.jor.br\\\/site\\\/#\\\/schema\\\/logo\\\/image\\\/\",\"url\":\"https:\\\/\\\/marcelolopes.jor.br\\\/site\\\/wp-content\\\/uploads\\\/2024\\\/11\\\/logo-1.png\",\"contentUrl\":\"https:\\\/\\\/marcelolopes.jor.br\\\/site\\\/wp-content\\\/uploads\\\/2024\\\/11\\\/logo-1.png\",\"width\":475,\"height\":80,\"caption\":\"Site do Marcelo Lopes\"},\"image\":{\"@id\":\"https:\\\/\\\/marcelolopes.jor.br\\\/site\\\/#\\\/schema\\\/logo\\\/image\\\/\"},\"sameAs\":[\"https:\\\/\\\/www.facebook.com\\\/sitedomarcelolopes\",\"https:\\\/\\\/www.instagram.com\\\/sitedomarcelolopes\\\/\",\"https:\\\/\\\/www.linkedin.com\\\/company\\\/site-do-marcelo-lopes\\\/\",\"https:\\\/\\\/www.youtube.com\\\/user\\\/marcelolopes957\"]},{\"@type\":\"Person\",\"@id\":\"https:\\\/\\\/marcelolopes.jor.br\\\/site\\\/#\\\/schema\\\/person\\\/3e7216a35c34d8fdf952b31da3d1f89f\",\"name\":\"Marcelo Lopes\",\"sameAs\":[\"http:\\\/\\\/www.marcelolopes.jor.br\"],\"url\":\"https:\\\/\\\/marcelolopes.jor.br\\\/site\\\/author\\\/marcelo\\\/\"}]}<\/script>\n<!-- \/ Yoast SEO plugin. -->","yoast_head_json":{"title":"Vereadores de Leopoldina sugerem ao munic\u00edpio aderir ao programa Brasil Sorridente | Marcelo Lopes","robots":{"index":"index","follow":"follow","max-snippet":"max-snippet:-1","max-image-preview":"max-image-preview:large","max-video-preview":"max-video-preview:-1"},"canonical":"https:\/\/marcelolopes.jor.br\/site\/2022\/04\/20\/vereadores-de-leopoldina-sugerem-ao-municipio-aderir-ao-programa-brasil-sorridente\/","og_locale":"pt_BR","og_type":"article","og_title":"Vereadores de Leopoldina sugerem ao munic\u00edpio aderir ao programa Brasil Sorridente | Marcelo Lopes","og_description":"Aprimorar o atendimento odontol\u00f3gico no munic\u00edpio. Este foi o objetivo que fundamentou a elabora\u00e7\u00e3o de uma proposi\u00e7\u00e3o encaminhada ao Chefe do Poder Executivo de Leopoldina no sentido de aderir ao Programa Brasil Sorridente do governo federal.","og_url":"https:\/\/marcelolopes.jor.br\/site\/2022\/04\/20\/vereadores-de-leopoldina-sugerem-ao-municipio-aderir-ao-programa-brasil-sorridente\/","og_site_name":"Marcelo Lopes","article_publisher":"https:\/\/www.facebook.com\/sitedomarcelolopes","article_published_time":"2022-04-20T23:00:24+00:00","og_image":[{"width":775,"height":517,"url":"https:\/\/marcelolopes.jor.br\/site\/wp-content\/uploads\/2022\/04\/xsaudebucal2.jpg.pagespeed.ic_.NTf8oAWKJ1.jpeg","type":"image\/jpeg"}],"author":"Marcelo Lopes","twitter_card":"summary_large_image","twitter_misc":{"Escrito por":"Marcelo Lopes","Est. tempo de leitura":"2 minutos"},"schema":{"@context":"https:\/\/schema.org","@graph":[{"@type":"NewsArticle","@id":"https:\/\/marcelolopes.jor.br\/site\/2022\/04\/20\/vereadores-de-leopoldina-sugerem-ao-municipio-aderir-ao-programa-brasil-sorridente\/#article","isPartOf":{"@id":"https:\/\/marcelolopes.jor.br\/site\/2022\/04\/20\/vereadores-de-leopoldina-sugerem-ao-municipio-aderir-ao-programa-brasil-sorridente\/"},"author":{"name":"Marcelo Lopes","@id":"https:\/\/marcelolopes.jor.br\/site\/#\/schema\/person\/3e7216a35c34d8fdf952b31da3d1f89f"},"headline":"Vereadores de Leopoldina sugerem ao munic\u00edpio aderir ao programa Brasil Sorridente","datePublished":"2022-04-20T23:00:24+00:00","mainEntityOfPage":{"@id":"https:\/\/marcelolopes.jor.br\/site\/2022\/04\/20\/vereadores-de-leopoldina-sugerem-ao-municipio-aderir-ao-programa-brasil-sorridente\/"},"wordCount":256,"commentCount":0,"publisher":{"@id":"https:\/\/marcelolopes.jor.br\/site\/#organization"},"image":{"@id":"https:\/\/marcelolopes.jor.br\/site\/2022\/04\/20\/vereadores-de-leopoldina-sugerem-ao-municipio-aderir-ao-programa-brasil-sorridente\/#primaryimage"},"thumbnailUrl":"https:\/\/marcelolopes.jor.br\/site\/wp-content\/uploads\/2022\/04\/xsaudebucal2.jpg.pagespeed.ic_.NTf8oAWKJ1.jpeg","keywords":["Brasil Sorridente","odontologia","sa\u00fade bucal","tratamento odontol\u00f3gico"],"articleSection":["Not\u00edcias"],"inLanguage":"pt-BR","potentialAction":[{"@type":"CommentAction","name":"Comment","target":["https:\/\/marcelolopes.jor.br\/site\/2022\/04\/20\/vereadores-de-leopoldina-sugerem-ao-municipio-aderir-ao-programa-brasil-sorridente\/#respond"]}]},{"@type":"WebPage","@id":"https:\/\/marcelolopes.jor.br\/site\/2022\/04\/20\/vereadores-de-leopoldina-sugerem-ao-municipio-aderir-ao-programa-brasil-sorridente\/","url":"https:\/\/marcelolopes.jor.br\/site\/2022\/04\/20\/vereadores-de-leopoldina-sugerem-ao-municipio-aderir-ao-programa-brasil-sorridente\/","name":"Vereadores de Leopoldina sugerem ao munic\u00edpio aderir ao programa Brasil Sorridente | Marcelo Lopes","isPartOf":{"@id":"https:\/\/marcelolopes.jor.br\/site\/#website"},"primaryImageOfPage":{"@id":"https:\/\/marcelolopes.jor.br\/site\/2022\/04\/20\/vereadores-de-leopoldina-sugerem-ao-municipio-aderir-ao-programa-brasil-sorridente\/#primaryimage"},"image":{"@id":"https:\/\/marcelolopes.jor.br\/site\/2022\/04\/20\/vereadores-de-leopoldina-sugerem-ao-municipio-aderir-ao-programa-brasil-sorridente\/#primaryimage"},"thumbnailUrl":"https:\/\/marcelolopes.jor.br\/site\/wp-content\/uploads\/2022\/04\/xsaudebucal2.jpg.pagespeed.ic_.NTf8oAWKJ1.jpeg","datePublished":"2022-04-20T23:00:24+00:00","breadcrumb":{"@id":"https:\/\/marcelolopes.jor.br\/site\/2022\/04\/20\/vereadores-de-leopoldina-sugerem-ao-municipio-aderir-ao-programa-brasil-sorridente\/#breadcrumb"},"inLanguage":"pt-BR","potentialAction":[{"@type":"ReadAction","target":["https:\/\/marcelolopes.jor.br\/site\/2022\/04\/20\/vereadores-de-leopoldina-sugerem-ao-municipio-aderir-ao-programa-brasil-sorridente\/"]}]},{"@type":"ImageObject","inLanguage":"pt-BR","@id":"https:\/\/marcelolopes.jor.br\/site\/2022\/04\/20\/vereadores-de-leopoldina-sugerem-ao-municipio-aderir-ao-programa-brasil-sorridente\/#primaryimage","url":"https:\/\/marcelolopes.jor.br\/site\/wp-content\/uploads\/2022\/04\/xsaudebucal2.jpg.pagespeed.ic_.NTf8oAWKJ1.jpeg","contentUrl":"https:\/\/marcelolopes.jor.br\/site\/wp-content\/uploads\/2022\/04\/xsaudebucal2.jpg.pagespeed.ic_.NTf8oAWKJ1.jpeg","width":775,"height":517},{"@type":"BreadcrumbList","@id":"https:\/\/marcelolopes.jor.br\/site\/2022\/04\/20\/vereadores-de-leopoldina-sugerem-ao-municipio-aderir-ao-programa-brasil-sorridente\/#breadcrumb","itemListElement":[{"@type":"ListItem","position":1,"name":"Home","item":"https:\/\/marcelolopes.jor.br\/site\/"},{"@type":"ListItem","position":2,"name":"Vereadores de Leopoldina sugerem ao munic\u00edpio aderir ao programa Brasil Sorridente"}]},{"@type":"WebSite","@id":"https:\/\/marcelolopes.jor.br\/site\/#website","url":"https:\/\/marcelolopes.jor.br\/site\/","name":"Marcelo Lopes","description":"Not\u00edcias de Cataguases e Regi\u00e3o","publisher":{"@id":"https:\/\/marcelolopes.jor.br\/site\/#organization"},"potentialAction":[{"@type":"SearchAction","target":{"@type":"EntryPoint","urlTemplate":"https:\/\/marcelolopes.jor.br\/site\/?s={search_term_string}"},"query-input":{"@type":"PropertyValueSpecification","valueRequired":true,"valueName":"search_term_string"}}],"inLanguage":"pt-BR"},{"@type":"Organization","@id":"https:\/\/marcelolopes.jor.br\/site\/#organization","name":"Site do Marcelo Lopes","url":"https:\/\/marcelolopes.jor.br\/site\/","logo":{"@type":"ImageObject","inLanguage":"pt-BR","@id":"https:\/\/marcelolopes.jor.br\/site\/#\/schema\/logo\/image\/","url":"https:\/\/marcelolopes.jor.br\/site\/wp-content\/uploads\/2024\/11\/logo-1.png","contentUrl":"https:\/\/marcelolopes.jor.br\/site\/wp-content\/uploads\/2024\/11\/logo-1.png","width":475,"height":80,"caption":"Site do Marcelo Lopes"},"image":{"@id":"https:\/\/marcelolopes.jor.br\/site\/#\/schema\/logo\/image\/"},"sameAs":["https:\/\/www.facebook.com\/sitedomarcelolopes","https:\/\/www.instagram.com\/sitedomarcelolopes\/","https:\/\/www.linkedin.com\/company\/site-do-marcelo-lopes\/","https:\/\/www.youtube.com\/user\/marcelolopes957"]},{"@type":"Person","@id":"https:\/\/marcelolopes.jor.br\/site\/#\/schema\/person\/3e7216a35c34d8fdf952b31da3d1f89f","name":"Marcelo Lopes","sameAs":["http:\/\/www.marcelolopes.jor.br"],"url":"https:\/\/marcelolopes.jor.br\/site\/author\/marcelo\/"}]}},"wps_subtitle":"O programa desenvolve a\u00e7\u00f5es de promo\u00e7\u00e3o, preven\u00e7\u00e3o e recupera\u00e7\u00e3o da sa\u00fade bucal atrav\u00e9s do SUS.","_links":{"self":[{"href":"https:\/\/marcelolopes.jor.br\/site\/wp-json\/wp\/v2\/posts\/32565","targetHints":{"allow":["GET"]}}],"collection":[{"href":"https:\/\/marcelolopes.jor.br\/site\/wp-json\/wp\/v2\/posts"}],"about":[{"href":"https:\/\/marcelolopes.jor.br\/site\/wp-json\/wp\/v2\/types\/post"}],"author":[{"embeddable":true,"href":"https:\/\/marcelolopes.jor.br\/site\/wp-json\/wp\/v2\/users\/2"}],"replies":[{"embeddable":true,"href":"https:\/\/marcelolopes.jor.br\/site\/wp-json\/wp\/v2\/comments?post=32565"}],"version-history":[{"count":0,"href":"https:\/\/marcelolopes.jor.br\/site\/wp-json\/wp\/v2\/posts\/32565\/revisions"}],"wp:featuredmedia":[{"embeddable":true,"href":"https:\/\/marcelolopes.jor.br\/site\/wp-json\/wp\/v2\/media\/32566"}],"wp:attachment":[{"href":"https:\/\/marcelolopes.jor.br\/site\/wp-json\/wp\/v2\/media?parent=32565"}],"wp:term":[{"taxonomy":"category","embeddable":true,"href":"https:\/\/marcelolopes.jor.br\/site\/wp-json\/wp\/v2\/categories?post=32565"},{"taxonomy":"post_tag","embeddable":true,"href":"https:\/\/marcelolopes.jor.br\/site\/wp-json\/wp\/v2\/tags?post=32565"}],"curies":[{"name":"wp","href":"https:\/\/api.w.org\/{rel}","templated":true}]}}