{"id":32457,"date":"2022-04-15T12:00:01","date_gmt":"2022-04-15T15:00:01","guid":{"rendered":"https:\/\/marcelolopes.jor.br\/?p=32457"},"modified":"2022-04-15T12:05:03","modified_gmt":"2022-04-15T15:05:03","slug":"conta-de-luz-no-brasil-e-uma-das-mais-caras-do-mundo","status":"publish","type":"post","link":"https:\/\/marcelolopes.jor.br\/site\/2022\/04\/15\/conta-de-luz-no-brasil-e-uma-das-mais-caras-do-mundo\/","title":{"rendered":"Conta de luz no Brasil \u00e9 uma das mais caras do mundo"},"content":{"rendered":"<p style=\"text-align: justify;\">N\u00e3o \u00e9 impress\u00e3o sua, a conta de luz realmente atingiu n\u00edveis alarmantes e passou a consumir grande parte da renda das fam\u00edlias no pa\u00eds. Todos os brasileiros sentem no bolso as consequ\u00eancias do aumento, mas as camadas com menores sal\u00e1rios s\u00e3o as que mais sofrem. O custo da energia el\u00e9trica no Brasil \u00e9 considerado o segundo maior do mundo, ficando apenas atr\u00e1s da Col\u00f4mbia, conforme pesquisa feita em 33 pa\u00edses.<!--more--><\/p>\n<p style=\"text-align: justify;\">O que muita gente n\u00e3o sabe \u00e9 que pouco mais de 50% do valor pago \u00e9, de fato, o que foi gasto em energia. Ou seja, foi usado para a gera\u00e7\u00e3o, transmiss\u00e3o e distribui\u00e7\u00e3o da energia el\u00e9trica ao consumidor. Todo o resto \u00e9 composto por taxas que bancam pol\u00edticas p\u00fablicas, subs\u00eddios, impostos e inefici\u00eancias do setor. At\u00e9 o final do ano, os brasileiros v\u00e3o pagar R$ 144,9 bilh\u00f5es apenas em impostos na conta de luz.<\/p>\n<p style=\"text-align: justify;\">Dados divulgados pela Associa\u00e7\u00e3o dos Grandes Consumidores Industriais de Energia (Abrace) indicam que em quatro anos as taxas aumentaram em 47%. Ao todo, s\u00e3o pagos 12 bilh\u00f5es por m\u00eas apenas em tributos e subs\u00eddios na conta de luz. O impacto econ\u00f4mico da alta da energia el\u00e9trica no pa\u00eds em 2021, segundo relat\u00f3rio da Confedera\u00e7\u00e3o Nacional da Ind\u00fastria (CNI), levou a queda de 0,11% do PIB. Isso equivale a uma perda de R$ 8,2 bilh\u00f5es comparados aos pre\u00e7os de 2016.<\/p>\n<h3>Boa not\u00edcia<\/h3>\n<p>A boa not\u00edcia para o consumidor \u00e9 que a partir de amanh\u00e3, 16 de abril, chega ao fim a bandeira tarif\u00e1ria de escassez h\u00eddrica ap\u00f3s seis meses em vigor. O al\u00edvio no bolso ser\u00e1 de R$ 14,20 a cada 100 KWh consumidos. Agora, volta a vigorar a bandeira Verde, que n\u00e3o cobra taxa extra. A previs\u00e3o \u00e9 de que ela vigore at\u00e9 o final do ano, mas isso n\u00e3o significa que a conta de luz vai ficar barata, isso porque novos reajustes no pre\u00e7o da energia j\u00e1 est\u00e3o sendo programados.<\/p>\n<p style=\"text-align: justify;\">Fonte: Yahoo Not\u00edcias, Folha de S. Paulo e Monitor Mercantil | Foto: Arquivo<\/p>\n<div class=\"wetxz69f5ee6e60911\" ><br><\/div><style type=\"text\/css\">\r\n@media screen and (min-width: 1201px) {\r\n.wetxz69f5ee6e60911 {\r\ndisplay: block;\r\n}\r\n}\r\n@media screen and (min-width: 993px) and (max-width: 1200px) {\r\n.wetxz69f5ee6e60911 {\r\ndisplay: block;\r\n}\r\n}\r\n@media screen and (min-width: 769px) and (max-width: 992px) {\r\n.wetxz69f5ee6e60911 {\r\ndisplay: block;\r\n}\r\n}\r\n@media screen and (min-width: 768px) and (max-width: 768px) {\r\n.wetxz69f5ee6e60911 {\r\ndisplay: block;\r\n}\r\n}\r\n@media screen and (max-width: 767px) {\r\n.wetxz69f5ee6e60911 {\r\ndisplay: block;\r\n}\r\n}\r\n<\/style>\r\n<div class=\"kxnya69f5ee6e663fd\" ><div id=\"div_destino\"><\/div>\r\n<script src=\"https:\/\/cdn.snsrsv.com\/sdk.js\"><\/script>\r\n<script >\r\n      new sdk(\"464030C30061EA8BE065000000000001\") \r\n          .appendTo(\"div_destino\")\r\n          .disableStyle(true) \r\n          .setCacheBusterMacro(\"%%CACHEBUSTER%%\")\r\n          .setSize(\"800\",\"214\")\r\n          .setClickMacro(\"%%CLICK_URL_ESC%%\") \r\n          .setReferrerUrlMacro(\"%%REFERRER_URL_ESC%%\") \r\n          .start(); \r\n<\/script><\/div><style type=\"text\/css\">\r\n@media screen and (min-width: 1201px) {\r\n.kxnya69f5ee6e663fd {\r\ndisplay: block;\r\n}\r\n}\r\n@media screen and (min-width: 993px) and (max-width: 1200px) {\r\n.kxnya69f5ee6e663fd {\r\ndisplay: block;\r\n}\r\n}\r\n@media screen and (min-width: 769px) and (max-width: 992px) {\r\n.kxnya69f5ee6e663fd {\r\ndisplay: block;\r\n}\r\n}\r\n@media screen and (min-width: 768px) and (max-width: 768px) {\r\n.kxnya69f5ee6e663fd {\r\ndisplay: block;\r\n}\r\n}\r\n@media screen and (max-width: 767px) {\r\n.kxnya69f5ee6e663fd {\r\ndisplay: block;\r\n}\r\n}\r\n<\/style>\r\n","protected":false},"excerpt":{"rendered":"<p>N\u00e3o \u00e9 impress\u00e3o sua, a conta de luz realmente atingiu n\u00edveis alarmantes e passou a consumir grande parte da renda das fam\u00edlias no pa\u00eds. Todos os brasileiros sentem no bolso as consequ\u00eancias do aumento, mas as camadas com menores sal\u00e1rios<\/p>\n<p class=\"link-more\"><a class=\"more-link\" href=\"https:\/\/marcelolopes.jor.br\/site\/2022\/04\/15\/conta-de-luz-no-brasil-e-uma-das-mais-caras-do-mundo\/\">Leia mais <span class=\"screen-reader-text\">Conta de luz no Brasil \u00e9 uma das mais caras do mundo<\/span><\/a><\/p>\n","protected":false},"author":2,"featured_media":32458,"comment_status":"open","ping_status":"open","sticky":false,"template":"","format":"standard","meta":{"footnotes":""},"categories":[1],"tags":[4377,414,316,5816],"class_list":["post-32457","post","type-post","status-publish","format-standard","has-post-thumbnail","hentry","category-noticias","tag-consumo-de-energia-eletrica","tag-conta-de-luz","tag-energia-eletrica","tag-preco-da-energia","thumb-below-title"],"yoast_head":"<!-- This site is optimized with the Yoast SEO plugin v27.4 - https:\/\/yoast.com\/product\/yoast-seo-wordpress\/ -->\n<title>Conta de luz no Brasil \u00e9 uma das mais caras do mundo | Marcelo Lopes<\/title>\n<meta name=\"robots\" content=\"index, follow, max-snippet:-1, max-image-preview:large, max-video-preview:-1\" \/>\n<link rel=\"canonical\" href=\"https:\/\/marcelolopes.jor.br\/site\/2022\/04\/15\/conta-de-luz-no-brasil-e-uma-das-mais-caras-do-mundo\/\" \/>\n<meta property=\"og:locale\" content=\"pt_BR\" \/>\n<meta property=\"og:type\" content=\"article\" \/>\n<meta property=\"og:title\" content=\"Conta de luz no Brasil \u00e9 uma das mais caras do mundo | Marcelo Lopes\" \/>\n<meta property=\"og:description\" content=\"N\u00e3o \u00e9 impress\u00e3o sua, a conta de luz realmente atingiu n\u00edveis alarmantes e passou a consumir grande parte da renda das fam\u00edlias no pa\u00eds. Todos os brasileiros sentem no bolso as consequ\u00eancias do aumento, mas as camadas com menores sal\u00e1riosLeia mais Conta de luz no Brasil \u00e9 uma das mais caras do mundo\" \/>\n<meta property=\"og:url\" content=\"https:\/\/marcelolopes.jor.br\/site\/2022\/04\/15\/conta-de-luz-no-brasil-e-uma-das-mais-caras-do-mundo\/\" \/>\n<meta property=\"og:site_name\" content=\"Marcelo Lopes\" \/>\n<meta property=\"article:publisher\" content=\"https:\/\/www.facebook.com\/sitedomarcelolopes\" \/>\n<meta property=\"article:published_time\" content=\"2022-04-15T15:00:01+00:00\" \/>\n<meta property=\"article:modified_time\" content=\"2022-04-15T15:05:03+00:00\" \/>\n<meta property=\"og:image\" content=\"https:\/\/marcelolopes.jor.br\/site\/wp-content\/uploads\/2022\/04\/Energia-eletrica.jpg\" \/>\n\t<meta property=\"og:image:width\" content=\"800\" \/>\n\t<meta property=\"og:image:height\" content=\"533\" \/>\n\t<meta property=\"og:image:type\" content=\"image\/jpeg\" \/>\n<meta name=\"author\" content=\"Marcelo Lopes\" \/>\n<meta name=\"twitter:card\" content=\"summary_large_image\" \/>\n<meta name=\"twitter:label1\" content=\"Escrito por\" \/>\n\t<meta name=\"twitter:data1\" content=\"Marcelo Lopes\" \/>\n\t<meta name=\"twitter:label2\" content=\"Est. tempo de leitura\" \/>\n\t<meta name=\"twitter:data2\" content=\"2 minutos\" \/>\n<script type=\"application\/ld+json\" class=\"yoast-schema-graph\">{\"@context\":\"https:\\\/\\\/schema.org\",\"@graph\":[{\"@type\":\"NewsArticle\",\"@id\":\"https:\\\/\\\/marcelolopes.jor.br\\\/site\\\/2022\\\/04\\\/15\\\/conta-de-luz-no-brasil-e-uma-das-mais-caras-do-mundo\\\/#article\",\"isPartOf\":{\"@id\":\"https:\\\/\\\/marcelolopes.jor.br\\\/site\\\/2022\\\/04\\\/15\\\/conta-de-luz-no-brasil-e-uma-das-mais-caras-do-mundo\\\/\"},\"author\":{\"name\":\"Marcelo Lopes\",\"@id\":\"https:\\\/\\\/marcelolopes.jor.br\\\/site\\\/#\\\/schema\\\/person\\\/3e7216a35c34d8fdf952b31da3d1f89f\"},\"headline\":\"Conta de luz no Brasil \u00e9 uma das mais caras do mundo\",\"datePublished\":\"2022-04-15T15:00:01+00:00\",\"dateModified\":\"2022-04-15T15:05:03+00:00\",\"mainEntityOfPage\":{\"@id\":\"https:\\\/\\\/marcelolopes.jor.br\\\/site\\\/2022\\\/04\\\/15\\\/conta-de-luz-no-brasil-e-uma-das-mais-caras-do-mundo\\\/\"},\"wordCount\":368,\"commentCount\":0,\"publisher\":{\"@id\":\"https:\\\/\\\/marcelolopes.jor.br\\\/site\\\/#organization\"},\"image\":{\"@id\":\"https:\\\/\\\/marcelolopes.jor.br\\\/site\\\/2022\\\/04\\\/15\\\/conta-de-luz-no-brasil-e-uma-das-mais-caras-do-mundo\\\/#primaryimage\"},\"thumbnailUrl\":\"https:\\\/\\\/marcelolopes.jor.br\\\/site\\\/wp-content\\\/uploads\\\/2022\\\/04\\\/Energia-eletrica.jpg\",\"keywords\":[\"consumo de energia el\u00e9trica\",\"conta de luz\",\"energia el\u00e9trica\",\"pre\u00e7o da energia\"],\"articleSection\":[\"Not\u00edcias\"],\"inLanguage\":\"pt-BR\",\"potentialAction\":[{\"@type\":\"CommentAction\",\"name\":\"Comment\",\"target\":[\"https:\\\/\\\/marcelolopes.jor.br\\\/site\\\/2022\\\/04\\\/15\\\/conta-de-luz-no-brasil-e-uma-das-mais-caras-do-mundo\\\/#respond\"]}]},{\"@type\":\"WebPage\",\"@id\":\"https:\\\/\\\/marcelolopes.jor.br\\\/site\\\/2022\\\/04\\\/15\\\/conta-de-luz-no-brasil-e-uma-das-mais-caras-do-mundo\\\/\",\"url\":\"https:\\\/\\\/marcelolopes.jor.br\\\/site\\\/2022\\\/04\\\/15\\\/conta-de-luz-no-brasil-e-uma-das-mais-caras-do-mundo\\\/\",\"name\":\"Conta de luz no Brasil \u00e9 uma das mais caras do mundo | Marcelo Lopes\",\"isPartOf\":{\"@id\":\"https:\\\/\\\/marcelolopes.jor.br\\\/site\\\/#website\"},\"primaryImageOfPage\":{\"@id\":\"https:\\\/\\\/marcelolopes.jor.br\\\/site\\\/2022\\\/04\\\/15\\\/conta-de-luz-no-brasil-e-uma-das-mais-caras-do-mundo\\\/#primaryimage\"},\"image\":{\"@id\":\"https:\\\/\\\/marcelolopes.jor.br\\\/site\\\/2022\\\/04\\\/15\\\/conta-de-luz-no-brasil-e-uma-das-mais-caras-do-mundo\\\/#primaryimage\"},\"thumbnailUrl\":\"https:\\\/\\\/marcelolopes.jor.br\\\/site\\\/wp-content\\\/uploads\\\/2022\\\/04\\\/Energia-eletrica.jpg\",\"datePublished\":\"2022-04-15T15:00:01+00:00\",\"dateModified\":\"2022-04-15T15:05:03+00:00\",\"breadcrumb\":{\"@id\":\"https:\\\/\\\/marcelolopes.jor.br\\\/site\\\/2022\\\/04\\\/15\\\/conta-de-luz-no-brasil-e-uma-das-mais-caras-do-mundo\\\/#breadcrumb\"},\"inLanguage\":\"pt-BR\",\"potentialAction\":[{\"@type\":\"ReadAction\",\"target\":[\"https:\\\/\\\/marcelolopes.jor.br\\\/site\\\/2022\\\/04\\\/15\\\/conta-de-luz-no-brasil-e-uma-das-mais-caras-do-mundo\\\/\"]}]},{\"@type\":\"ImageObject\",\"inLanguage\":\"pt-BR\",\"@id\":\"https:\\\/\\\/marcelolopes.jor.br\\\/site\\\/2022\\\/04\\\/15\\\/conta-de-luz-no-brasil-e-uma-das-mais-caras-do-mundo\\\/#primaryimage\",\"url\":\"https:\\\/\\\/marcelolopes.jor.br\\\/site\\\/wp-content\\\/uploads\\\/2022\\\/04\\\/Energia-eletrica.jpg\",\"contentUrl\":\"https:\\\/\\\/marcelolopes.jor.br\\\/site\\\/wp-content\\\/uploads\\\/2022\\\/04\\\/Energia-eletrica.jpg\",\"width\":800,\"height\":533},{\"@type\":\"BreadcrumbList\",\"@id\":\"https:\\\/\\\/marcelolopes.jor.br\\\/site\\\/2022\\\/04\\\/15\\\/conta-de-luz-no-brasil-e-uma-das-mais-caras-do-mundo\\\/#breadcrumb\",\"itemListElement\":[{\"@type\":\"ListItem\",\"position\":1,\"name\":\"Home\",\"item\":\"https:\\\/\\\/marcelolopes.jor.br\\\/site\\\/\"},{\"@type\":\"ListItem\",\"position\":2,\"name\":\"Conta de luz no Brasil \u00e9 uma das mais caras do mundo\"}]},{\"@type\":\"WebSite\",\"@id\":\"https:\\\/\\\/marcelolopes.jor.br\\\/site\\\/#website\",\"url\":\"https:\\\/\\\/marcelolopes.jor.br\\\/site\\\/\",\"name\":\"Marcelo Lopes\",\"description\":\"Not\u00edcias de Cataguases e Regi\u00e3o\",\"publisher\":{\"@id\":\"https:\\\/\\\/marcelolopes.jor.br\\\/site\\\/#organization\"},\"potentialAction\":[{\"@type\":\"SearchAction\",\"target\":{\"@type\":\"EntryPoint\",\"urlTemplate\":\"https:\\\/\\\/marcelolopes.jor.br\\\/site\\\/?s={search_term_string}\"},\"query-input\":{\"@type\":\"PropertyValueSpecification\",\"valueRequired\":true,\"valueName\":\"search_term_string\"}}],\"inLanguage\":\"pt-BR\"},{\"@type\":\"Organization\",\"@id\":\"https:\\\/\\\/marcelolopes.jor.br\\\/site\\\/#organization\",\"name\":\"Site do Marcelo Lopes\",\"url\":\"https:\\\/\\\/marcelolopes.jor.br\\\/site\\\/\",\"logo\":{\"@type\":\"ImageObject\",\"inLanguage\":\"pt-BR\",\"@id\":\"https:\\\/\\\/marcelolopes.jor.br\\\/site\\\/#\\\/schema\\\/logo\\\/image\\\/\",\"url\":\"https:\\\/\\\/marcelolopes.jor.br\\\/site\\\/wp-content\\\/uploads\\\/2024\\\/11\\\/logo-1.png\",\"contentUrl\":\"https:\\\/\\\/marcelolopes.jor.br\\\/site\\\/wp-content\\\/uploads\\\/2024\\\/11\\\/logo-1.png\",\"width\":475,\"height\":80,\"caption\":\"Site do Marcelo Lopes\"},\"image\":{\"@id\":\"https:\\\/\\\/marcelolopes.jor.br\\\/site\\\/#\\\/schema\\\/logo\\\/image\\\/\"},\"sameAs\":[\"https:\\\/\\\/www.facebook.com\\\/sitedomarcelolopes\",\"https:\\\/\\\/www.instagram.com\\\/sitedomarcelolopes\\\/\",\"https:\\\/\\\/www.linkedin.com\\\/company\\\/site-do-marcelo-lopes\\\/\",\"https:\\\/\\\/www.youtube.com\\\/user\\\/marcelolopes957\"]},{\"@type\":\"Person\",\"@id\":\"https:\\\/\\\/marcelolopes.jor.br\\\/site\\\/#\\\/schema\\\/person\\\/3e7216a35c34d8fdf952b31da3d1f89f\",\"name\":\"Marcelo Lopes\",\"sameAs\":[\"http:\\\/\\\/www.marcelolopes.jor.br\"],\"url\":\"https:\\\/\\\/marcelolopes.jor.br\\\/site\\\/author\\\/marcelo\\\/\"}]}<\/script>\n<!-- \/ Yoast SEO plugin. -->","yoast_head_json":{"title":"Conta de luz no Brasil \u00e9 uma das mais caras do mundo | Marcelo Lopes","robots":{"index":"index","follow":"follow","max-snippet":"max-snippet:-1","max-image-preview":"max-image-preview:large","max-video-preview":"max-video-preview:-1"},"canonical":"https:\/\/marcelolopes.jor.br\/site\/2022\/04\/15\/conta-de-luz-no-brasil-e-uma-das-mais-caras-do-mundo\/","og_locale":"pt_BR","og_type":"article","og_title":"Conta de luz no Brasil \u00e9 uma das mais caras do mundo | Marcelo Lopes","og_description":"N\u00e3o \u00e9 impress\u00e3o sua, a conta de luz realmente atingiu n\u00edveis alarmantes e passou a consumir grande parte da renda das fam\u00edlias no pa\u00eds. Todos os brasileiros sentem no bolso as consequ\u00eancias do aumento, mas as camadas com menores sal\u00e1riosLeia mais Conta de luz no Brasil \u00e9 uma das mais caras do mundo","og_url":"https:\/\/marcelolopes.jor.br\/site\/2022\/04\/15\/conta-de-luz-no-brasil-e-uma-das-mais-caras-do-mundo\/","og_site_name":"Marcelo Lopes","article_publisher":"https:\/\/www.facebook.com\/sitedomarcelolopes","article_published_time":"2022-04-15T15:00:01+00:00","article_modified_time":"2022-04-15T15:05:03+00:00","og_image":[{"width":800,"height":533,"url":"https:\/\/marcelolopes.jor.br\/site\/wp-content\/uploads\/2022\/04\/Energia-eletrica.jpg","type":"image\/jpeg"}],"author":"Marcelo Lopes","twitter_card":"summary_large_image","twitter_misc":{"Escrito por":"Marcelo Lopes","Est. tempo de leitura":"2 minutos"},"schema":{"@context":"https:\/\/schema.org","@graph":[{"@type":"NewsArticle","@id":"https:\/\/marcelolopes.jor.br\/site\/2022\/04\/15\/conta-de-luz-no-brasil-e-uma-das-mais-caras-do-mundo\/#article","isPartOf":{"@id":"https:\/\/marcelolopes.jor.br\/site\/2022\/04\/15\/conta-de-luz-no-brasil-e-uma-das-mais-caras-do-mundo\/"},"author":{"name":"Marcelo Lopes","@id":"https:\/\/marcelolopes.jor.br\/site\/#\/schema\/person\/3e7216a35c34d8fdf952b31da3d1f89f"},"headline":"Conta de luz no Brasil \u00e9 uma das mais caras do mundo","datePublished":"2022-04-15T15:00:01+00:00","dateModified":"2022-04-15T15:05:03+00:00","mainEntityOfPage":{"@id":"https:\/\/marcelolopes.jor.br\/site\/2022\/04\/15\/conta-de-luz-no-brasil-e-uma-das-mais-caras-do-mundo\/"},"wordCount":368,"commentCount":0,"publisher":{"@id":"https:\/\/marcelolopes.jor.br\/site\/#organization"},"image":{"@id":"https:\/\/marcelolopes.jor.br\/site\/2022\/04\/15\/conta-de-luz-no-brasil-e-uma-das-mais-caras-do-mundo\/#primaryimage"},"thumbnailUrl":"https:\/\/marcelolopes.jor.br\/site\/wp-content\/uploads\/2022\/04\/Energia-eletrica.jpg","keywords":["consumo de energia el\u00e9trica","conta de luz","energia el\u00e9trica","pre\u00e7o da energia"],"articleSection":["Not\u00edcias"],"inLanguage":"pt-BR","potentialAction":[{"@type":"CommentAction","name":"Comment","target":["https:\/\/marcelolopes.jor.br\/site\/2022\/04\/15\/conta-de-luz-no-brasil-e-uma-das-mais-caras-do-mundo\/#respond"]}]},{"@type":"WebPage","@id":"https:\/\/marcelolopes.jor.br\/site\/2022\/04\/15\/conta-de-luz-no-brasil-e-uma-das-mais-caras-do-mundo\/","url":"https:\/\/marcelolopes.jor.br\/site\/2022\/04\/15\/conta-de-luz-no-brasil-e-uma-das-mais-caras-do-mundo\/","name":"Conta de luz no Brasil \u00e9 uma das mais caras do mundo | Marcelo Lopes","isPartOf":{"@id":"https:\/\/marcelolopes.jor.br\/site\/#website"},"primaryImageOfPage":{"@id":"https:\/\/marcelolopes.jor.br\/site\/2022\/04\/15\/conta-de-luz-no-brasil-e-uma-das-mais-caras-do-mundo\/#primaryimage"},"image":{"@id":"https:\/\/marcelolopes.jor.br\/site\/2022\/04\/15\/conta-de-luz-no-brasil-e-uma-das-mais-caras-do-mundo\/#primaryimage"},"thumbnailUrl":"https:\/\/marcelolopes.jor.br\/site\/wp-content\/uploads\/2022\/04\/Energia-eletrica.jpg","datePublished":"2022-04-15T15:00:01+00:00","dateModified":"2022-04-15T15:05:03+00:00","breadcrumb":{"@id":"https:\/\/marcelolopes.jor.br\/site\/2022\/04\/15\/conta-de-luz-no-brasil-e-uma-das-mais-caras-do-mundo\/#breadcrumb"},"inLanguage":"pt-BR","potentialAction":[{"@type":"ReadAction","target":["https:\/\/marcelolopes.jor.br\/site\/2022\/04\/15\/conta-de-luz-no-brasil-e-uma-das-mais-caras-do-mundo\/"]}]},{"@type":"ImageObject","inLanguage":"pt-BR","@id":"https:\/\/marcelolopes.jor.br\/site\/2022\/04\/15\/conta-de-luz-no-brasil-e-uma-das-mais-caras-do-mundo\/#primaryimage","url":"https:\/\/marcelolopes.jor.br\/site\/wp-content\/uploads\/2022\/04\/Energia-eletrica.jpg","contentUrl":"https:\/\/marcelolopes.jor.br\/site\/wp-content\/uploads\/2022\/04\/Energia-eletrica.jpg","width":800,"height":533},{"@type":"BreadcrumbList","@id":"https:\/\/marcelolopes.jor.br\/site\/2022\/04\/15\/conta-de-luz-no-brasil-e-uma-das-mais-caras-do-mundo\/#breadcrumb","itemListElement":[{"@type":"ListItem","position":1,"name":"Home","item":"https:\/\/marcelolopes.jor.br\/site\/"},{"@type":"ListItem","position":2,"name":"Conta de luz no Brasil \u00e9 uma das mais caras do mundo"}]},{"@type":"WebSite","@id":"https:\/\/marcelolopes.jor.br\/site\/#website","url":"https:\/\/marcelolopes.jor.br\/site\/","name":"Marcelo Lopes","description":"Not\u00edcias de Cataguases e Regi\u00e3o","publisher":{"@id":"https:\/\/marcelolopes.jor.br\/site\/#organization"},"potentialAction":[{"@type":"SearchAction","target":{"@type":"EntryPoint","urlTemplate":"https:\/\/marcelolopes.jor.br\/site\/?s={search_term_string}"},"query-input":{"@type":"PropertyValueSpecification","valueRequired":true,"valueName":"search_term_string"}}],"inLanguage":"pt-BR"},{"@type":"Organization","@id":"https:\/\/marcelolopes.jor.br\/site\/#organization","name":"Site do Marcelo Lopes","url":"https:\/\/marcelolopes.jor.br\/site\/","logo":{"@type":"ImageObject","inLanguage":"pt-BR","@id":"https:\/\/marcelolopes.jor.br\/site\/#\/schema\/logo\/image\/","url":"https:\/\/marcelolopes.jor.br\/site\/wp-content\/uploads\/2024\/11\/logo-1.png","contentUrl":"https:\/\/marcelolopes.jor.br\/site\/wp-content\/uploads\/2024\/11\/logo-1.png","width":475,"height":80,"caption":"Site do Marcelo Lopes"},"image":{"@id":"https:\/\/marcelolopes.jor.br\/site\/#\/schema\/logo\/image\/"},"sameAs":["https:\/\/www.facebook.com\/sitedomarcelolopes","https:\/\/www.instagram.com\/sitedomarcelolopes\/","https:\/\/www.linkedin.com\/company\/site-do-marcelo-lopes\/","https:\/\/www.youtube.com\/user\/marcelolopes957"]},{"@type":"Person","@id":"https:\/\/marcelolopes.jor.br\/site\/#\/schema\/person\/3e7216a35c34d8fdf952b31da3d1f89f","name":"Marcelo Lopes","sameAs":["http:\/\/www.marcelolopes.jor.br"],"url":"https:\/\/marcelolopes.jor.br\/site\/author\/marcelo\/"}]}},"wps_subtitle":"Informa\u00e7\u00e3o \u00e9 da Associa\u00e7\u00e3o dos Grandes Consumidores Industriais de Energia - Abrace","_links":{"self":[{"href":"https:\/\/marcelolopes.jor.br\/site\/wp-json\/wp\/v2\/posts\/32457","targetHints":{"allow":["GET"]}}],"collection":[{"href":"https:\/\/marcelolopes.jor.br\/site\/wp-json\/wp\/v2\/posts"}],"about":[{"href":"https:\/\/marcelolopes.jor.br\/site\/wp-json\/wp\/v2\/types\/post"}],"author":[{"embeddable":true,"href":"https:\/\/marcelolopes.jor.br\/site\/wp-json\/wp\/v2\/users\/2"}],"replies":[{"embeddable":true,"href":"https:\/\/marcelolopes.jor.br\/site\/wp-json\/wp\/v2\/comments?post=32457"}],"version-history":[{"count":0,"href":"https:\/\/marcelolopes.jor.br\/site\/wp-json\/wp\/v2\/posts\/32457\/revisions"}],"wp:featuredmedia":[{"embeddable":true,"href":"https:\/\/marcelolopes.jor.br\/site\/wp-json\/wp\/v2\/media\/32458"}],"wp:attachment":[{"href":"https:\/\/marcelolopes.jor.br\/site\/wp-json\/wp\/v2\/media?parent=32457"}],"wp:term":[{"taxonomy":"category","embeddable":true,"href":"https:\/\/marcelolopes.jor.br\/site\/wp-json\/wp\/v2\/categories?post=32457"},{"taxonomy":"post_tag","embeddable":true,"href":"https:\/\/marcelolopes.jor.br\/site\/wp-json\/wp\/v2\/tags?post=32457"}],"curies":[{"name":"wp","href":"https:\/\/api.w.org\/{rel}","templated":true}]}}