{"id":32451,"date":"2022-04-15T07:00:17","date_gmt":"2022-04-15T10:00:17","guid":{"rendered":"https:\/\/marcelolopes.jor.br\/?p=32451"},"modified":"2022-08-02T14:19:44","modified_gmt":"2022-08-02T17:19:44","slug":"pm-apreende-drogas-arma-de-fogo-e-prende-dois-em-dona-euzebia","status":"publish","type":"post","link":"https:\/\/marcelolopes.jor.br\/site\/2022\/04\/15\/pm-apreende-drogas-arma-de-fogo-e-prende-dois-em-dona-euzebia\/","title":{"rendered":"PM apreende drogas, arma de fogo e prende dois em Dona Euz\u00e9bia"},"content":{"rendered":"<p style=\"text-align: justify;\">Uma opera\u00e7\u00e3o policial realizada na noite desta quinta-feira, 14 de abril, em Dona Euz\u00e9bia, que envolveu doze policiais e diversas viaturas, culminou na apreens\u00e3o de uma arma de fogo e drogas, na pris\u00e3o de dois homens de 25 e 28 anos de idade, e na apreens\u00e3o de um adolescente de 16. Eles foram encaminhados para a Delegacia Regional de Pol\u00edcia Civil em Leopoldina onde prestaram depoimento.<!--more--><\/p>\n<p style=\"text-align: justify;\">De acordo com o boletim de ocorr\u00eancia, policiais de Dona Euz\u00e9bia que faziam patrulhamento, viram tr\u00eas rapazes, um deles j\u00e1 conhecido no meio policial pela pr\u00e1tica de delitos, que fugiram por uma mata na divisa com o munic\u00edpio de Astolfo Dutra, assim que perceberam a aproxima\u00e7\u00e3o da viatura policial.<\/p>\n<p style=\"text-align: justify;\">A equipe solicitou refor\u00e7o policial para intensificar as buscas e recebeu apoio de Cataguases, Astolfo Dutra e Itamarati de Minas, al\u00e9m da Pol\u00edcia Militar Rodovi\u00e1ria de Dona Euz\u00e9bia. Ap\u00f3s intenso rastreamento os militares localizaram os autores, sendo dois deles maiores de idade &#8211; sendo um de Dona Euz\u00e9bia e outro de Ipatinga &#8211; e o terceiro, um adolescente residente em Ub\u00e1. Com eles foi apreendido um rev\u00f3lver e 99 pinos de coca\u00edna.<\/p>\n<div class=\"mcegc69f5b037db72a\" ><br><\/div><style type=\"text\/css\">\r\n@media screen and (min-width: 1201px) {\r\n.mcegc69f5b037db72a {\r\ndisplay: block;\r\n}\r\n}\r\n@media screen and (min-width: 993px) and (max-width: 1200px) {\r\n.mcegc69f5b037db72a {\r\ndisplay: block;\r\n}\r\n}\r\n@media screen and (min-width: 769px) and (max-width: 992px) {\r\n.mcegc69f5b037db72a {\r\ndisplay: block;\r\n}\r\n}\r\n@media screen and (min-width: 768px) and (max-width: 768px) {\r\n.mcegc69f5b037db72a {\r\ndisplay: block;\r\n}\r\n}\r\n@media screen and (max-width: 767px) {\r\n.mcegc69f5b037db72a {\r\ndisplay: block;\r\n}\r\n}\r\n<\/style>\r\n<div class=\"uvyee69f5b037e14f1\" ><div id=\"div_destino\"><\/div>\r\n<script src=\"https:\/\/cdn.snsrsv.com\/sdk.js\"><\/script>\r\n<script >\r\n      new sdk(\"464030C30061EA8BE065000000000001\") \r\n          .appendTo(\"div_destino\")\r\n          .disableStyle(true) \r\n          .setCacheBusterMacro(\"%%CACHEBUSTER%%\")\r\n          .setSize(\"800\",\"214\")\r\n          .setClickMacro(\"%%CLICK_URL_ESC%%\") \r\n          .setReferrerUrlMacro(\"%%REFERRER_URL_ESC%%\") \r\n          .start(); \r\n<\/script><\/div><style type=\"text\/css\">\r\n@media screen and (min-width: 1201px) {\r\n.uvyee69f5b037e14f1 {\r\ndisplay: block;\r\n}\r\n}\r\n@media screen and (min-width: 993px) and (max-width: 1200px) {\r\n.uvyee69f5b037e14f1 {\r\ndisplay: block;\r\n}\r\n}\r\n@media screen and (min-width: 769px) and (max-width: 992px) {\r\n.uvyee69f5b037e14f1 {\r\ndisplay: block;\r\n}\r\n}\r\n@media screen and (min-width: 768px) and (max-width: 768px) {\r\n.uvyee69f5b037e14f1 {\r\ndisplay: block;\r\n}\r\n}\r\n@media screen and (max-width: 767px) {\r\n.uvyee69f5b037e14f1 {\r\ndisplay: block;\r\n}\r\n}\r\n<\/style>\r\n","protected":false},"excerpt":{"rendered":"<p>Uma opera\u00e7\u00e3o policial realizada na noite desta quinta-feira, 14 de abril, em Dona Euz\u00e9bia, que envolveu doze policiais e diversas viaturas, culminou na apreens\u00e3o de uma arma de fogo e drogas, na pris\u00e3o de dois homens de 25 e 28<\/p>\n<p class=\"link-more\"><a class=\"more-link\" href=\"https:\/\/marcelolopes.jor.br\/site\/2022\/04\/15\/pm-apreende-drogas-arma-de-fogo-e-prende-dois-em-dona-euzebia\/\">Leia mais <span class=\"screen-reader-text\">PM apreende drogas, arma de fogo e prende dois em Dona Euz\u00e9bia<\/span><\/a><\/p>\n","protected":false},"author":2,"featured_media":32452,"comment_status":"open","ping_status":"open","sticky":false,"template":"","format":"standard","meta":{"footnotes":""},"categories":[1],"tags":[5782,388,942,1795],"class_list":["post-32451","post","type-post","status-publish","format-standard","has-post-thumbnail","hentry","category-noticias","tag-apreensao-de-adolescentes","tag-dona-euzebia","tag-operacao-policial","tag-prisoes","thumb-below-title"],"yoast_head":"<!-- This site is optimized with the Yoast SEO plugin v27.4 - https:\/\/yoast.com\/product\/yoast-seo-wordpress\/ -->\n<title>PM apreende drogas, arma de fogo e prende dois em Dona Euz\u00e9bia<\/title>\n<meta name=\"description\" content=\"PM apreende drogas, arma de fogo e prende dois em Dona Euz\u00e9bia. Um adolescente que estava com eles tamb\u00e9m foi apreendido.\" \/>\n<meta name=\"robots\" content=\"index, follow, max-snippet:-1, max-image-preview:large, max-video-preview:-1\" \/>\n<link rel=\"canonical\" href=\"https:\/\/marcelolopes.jor.br\/site\/2022\/04\/15\/pm-apreende-drogas-arma-de-fogo-e-prende-dois-em-dona-euzebia\/\" \/>\n<meta property=\"og:locale\" content=\"pt_BR\" \/>\n<meta property=\"og:type\" content=\"article\" \/>\n<meta property=\"og:title\" content=\"PM apreende drogas, arma de fogo e prende dois em Dona Euz\u00e9bia\" \/>\n<meta property=\"og:description\" content=\"PM apreende drogas, arma de fogo e prende dois em Dona Euz\u00e9bia. Um adolescente que estava com eles tamb\u00e9m foi apreendido.\" \/>\n<meta property=\"og:url\" content=\"https:\/\/marcelolopes.jor.br\/site\/2022\/04\/15\/pm-apreende-drogas-arma-de-fogo-e-prende-dois-em-dona-euzebia\/\" \/>\n<meta property=\"og:site_name\" content=\"Marcelo Lopes\" \/>\n<meta property=\"article:publisher\" content=\"https:\/\/www.facebook.com\/sitedomarcelolopes\" \/>\n<meta property=\"article:published_time\" content=\"2022-04-15T10:00:17+00:00\" \/>\n<meta property=\"article:modified_time\" content=\"2022-08-02T17:19:44+00:00\" \/>\n<meta property=\"og:image\" content=\"https:\/\/marcelolopes.jor.br\/site\/wp-content\/uploads\/2022\/04\/WhatsApp-Image-2022-04-14-at-22.48.37-copiar.jpg\" \/>\n\t<meta property=\"og:image:width\" content=\"800\" \/>\n\t<meta property=\"og:image:height\" content=\"535\" \/>\n\t<meta property=\"og:image:type\" content=\"image\/jpeg\" \/>\n<meta name=\"author\" content=\"Marcelo Lopes\" \/>\n<meta name=\"twitter:card\" content=\"summary_large_image\" \/>\n<meta name=\"twitter:label1\" content=\"Escrito por\" \/>\n\t<meta name=\"twitter:data1\" content=\"Marcelo Lopes\" \/>\n\t<meta name=\"twitter:label2\" content=\"Est. tempo de leitura\" \/>\n\t<meta name=\"twitter:data2\" content=\"2 minutos\" \/>\n<script type=\"application\/ld+json\" class=\"yoast-schema-graph\">{\"@context\":\"https:\\\/\\\/schema.org\",\"@graph\":[{\"@type\":\"NewsArticle\",\"@id\":\"https:\\\/\\\/marcelolopes.jor.br\\\/site\\\/2022\\\/04\\\/15\\\/pm-apreende-drogas-arma-de-fogo-e-prende-dois-em-dona-euzebia\\\/#article\",\"isPartOf\":{\"@id\":\"https:\\\/\\\/marcelolopes.jor.br\\\/site\\\/2022\\\/04\\\/15\\\/pm-apreende-drogas-arma-de-fogo-e-prende-dois-em-dona-euzebia\\\/\"},\"author\":{\"name\":\"Marcelo Lopes\",\"@id\":\"https:\\\/\\\/marcelolopes.jor.br\\\/site\\\/#\\\/schema\\\/person\\\/3e7216a35c34d8fdf952b31da3d1f89f\"},\"headline\":\"PM apreende drogas, arma de fogo e prende dois em Dona Euz\u00e9bia\",\"datePublished\":\"2022-04-15T10:00:17+00:00\",\"dateModified\":\"2022-08-02T17:19:44+00:00\",\"mainEntityOfPage\":{\"@id\":\"https:\\\/\\\/marcelolopes.jor.br\\\/site\\\/2022\\\/04\\\/15\\\/pm-apreende-drogas-arma-de-fogo-e-prende-dois-em-dona-euzebia\\\/\"},\"wordCount\":216,\"commentCount\":0,\"publisher\":{\"@id\":\"https:\\\/\\\/marcelolopes.jor.br\\\/site\\\/#organization\"},\"image\":{\"@id\":\"https:\\\/\\\/marcelolopes.jor.br\\\/site\\\/2022\\\/04\\\/15\\\/pm-apreende-drogas-arma-de-fogo-e-prende-dois-em-dona-euzebia\\\/#primaryimage\"},\"thumbnailUrl\":\"https:\\\/\\\/marcelolopes.jor.br\\\/site\\\/wp-content\\\/uploads\\\/2022\\\/04\\\/WhatsApp-Image-2022-04-14-at-22.48.37-copiar.jpg\",\"keywords\":[\"apreens\u00e3o de adolescentes\",\"Dona Euz\u00e9bia\",\"opera\u00e7\u00e3o policial\",\"pris\u00f5es\"],\"articleSection\":[\"Not\u00edcias\"],\"inLanguage\":\"pt-BR\",\"potentialAction\":[{\"@type\":\"CommentAction\",\"name\":\"Comment\",\"target\":[\"https:\\\/\\\/marcelolopes.jor.br\\\/site\\\/2022\\\/04\\\/15\\\/pm-apreende-drogas-arma-de-fogo-e-prende-dois-em-dona-euzebia\\\/#respond\"]}]},{\"@type\":\"WebPage\",\"@id\":\"https:\\\/\\\/marcelolopes.jor.br\\\/site\\\/2022\\\/04\\\/15\\\/pm-apreende-drogas-arma-de-fogo-e-prende-dois-em-dona-euzebia\\\/\",\"url\":\"https:\\\/\\\/marcelolopes.jor.br\\\/site\\\/2022\\\/04\\\/15\\\/pm-apreende-drogas-arma-de-fogo-e-prende-dois-em-dona-euzebia\\\/\",\"name\":\"PM apreende drogas, arma de fogo e prende dois em Dona Euz\u00e9bia\",\"isPartOf\":{\"@id\":\"https:\\\/\\\/marcelolopes.jor.br\\\/site\\\/#website\"},\"primaryImageOfPage\":{\"@id\":\"https:\\\/\\\/marcelolopes.jor.br\\\/site\\\/2022\\\/04\\\/15\\\/pm-apreende-drogas-arma-de-fogo-e-prende-dois-em-dona-euzebia\\\/#primaryimage\"},\"image\":{\"@id\":\"https:\\\/\\\/marcelolopes.jor.br\\\/site\\\/2022\\\/04\\\/15\\\/pm-apreende-drogas-arma-de-fogo-e-prende-dois-em-dona-euzebia\\\/#primaryimage\"},\"thumbnailUrl\":\"https:\\\/\\\/marcelolopes.jor.br\\\/site\\\/wp-content\\\/uploads\\\/2022\\\/04\\\/WhatsApp-Image-2022-04-14-at-22.48.37-copiar.jpg\",\"datePublished\":\"2022-04-15T10:00:17+00:00\",\"dateModified\":\"2022-08-02T17:19:44+00:00\",\"description\":\"PM apreende drogas, arma de fogo e prende dois em Dona Euz\u00e9bia. Um adolescente que estava com eles tamb\u00e9m foi apreendido.\",\"breadcrumb\":{\"@id\":\"https:\\\/\\\/marcelolopes.jor.br\\\/site\\\/2022\\\/04\\\/15\\\/pm-apreende-drogas-arma-de-fogo-e-prende-dois-em-dona-euzebia\\\/#breadcrumb\"},\"inLanguage\":\"pt-BR\",\"potentialAction\":[{\"@type\":\"ReadAction\",\"target\":[\"https:\\\/\\\/marcelolopes.jor.br\\\/site\\\/2022\\\/04\\\/15\\\/pm-apreende-drogas-arma-de-fogo-e-prende-dois-em-dona-euzebia\\\/\"]}]},{\"@type\":\"ImageObject\",\"inLanguage\":\"pt-BR\",\"@id\":\"https:\\\/\\\/marcelolopes.jor.br\\\/site\\\/2022\\\/04\\\/15\\\/pm-apreende-drogas-arma-de-fogo-e-prende-dois-em-dona-euzebia\\\/#primaryimage\",\"url\":\"https:\\\/\\\/marcelolopes.jor.br\\\/site\\\/wp-content\\\/uploads\\\/2022\\\/04\\\/WhatsApp-Image-2022-04-14-at-22.48.37-copiar.jpg\",\"contentUrl\":\"https:\\\/\\\/marcelolopes.jor.br\\\/site\\\/wp-content\\\/uploads\\\/2022\\\/04\\\/WhatsApp-Image-2022-04-14-at-22.48.37-copiar.jpg\",\"width\":800,\"height\":535,\"caption\":\"PM apreende drogas\"},{\"@type\":\"BreadcrumbList\",\"@id\":\"https:\\\/\\\/marcelolopes.jor.br\\\/site\\\/2022\\\/04\\\/15\\\/pm-apreende-drogas-arma-de-fogo-e-prende-dois-em-dona-euzebia\\\/#breadcrumb\",\"itemListElement\":[{\"@type\":\"ListItem\",\"position\":1,\"name\":\"Home\",\"item\":\"https:\\\/\\\/marcelolopes.jor.br\\\/site\\\/\"},{\"@type\":\"ListItem\",\"position\":2,\"name\":\"PM apreende drogas, arma de fogo e prende dois em Dona Euz\u00e9bia\"}]},{\"@type\":\"WebSite\",\"@id\":\"https:\\\/\\\/marcelolopes.jor.br\\\/site\\\/#website\",\"url\":\"https:\\\/\\\/marcelolopes.jor.br\\\/site\\\/\",\"name\":\"Marcelo Lopes\",\"description\":\"Not\u00edcias de Cataguases e Regi\u00e3o\",\"publisher\":{\"@id\":\"https:\\\/\\\/marcelolopes.jor.br\\\/site\\\/#organization\"},\"potentialAction\":[{\"@type\":\"SearchAction\",\"target\":{\"@type\":\"EntryPoint\",\"urlTemplate\":\"https:\\\/\\\/marcelolopes.jor.br\\\/site\\\/?s={search_term_string}\"},\"query-input\":{\"@type\":\"PropertyValueSpecification\",\"valueRequired\":true,\"valueName\":\"search_term_string\"}}],\"inLanguage\":\"pt-BR\"},{\"@type\":\"Organization\",\"@id\":\"https:\\\/\\\/marcelolopes.jor.br\\\/site\\\/#organization\",\"name\":\"Site do Marcelo Lopes\",\"url\":\"https:\\\/\\\/marcelolopes.jor.br\\\/site\\\/\",\"logo\":{\"@type\":\"ImageObject\",\"inLanguage\":\"pt-BR\",\"@id\":\"https:\\\/\\\/marcelolopes.jor.br\\\/site\\\/#\\\/schema\\\/logo\\\/image\\\/\",\"url\":\"https:\\\/\\\/marcelolopes.jor.br\\\/site\\\/wp-content\\\/uploads\\\/2024\\\/11\\\/logo-1.png\",\"contentUrl\":\"https:\\\/\\\/marcelolopes.jor.br\\\/site\\\/wp-content\\\/uploads\\\/2024\\\/11\\\/logo-1.png\",\"width\":475,\"height\":80,\"caption\":\"Site do Marcelo Lopes\"},\"image\":{\"@id\":\"https:\\\/\\\/marcelolopes.jor.br\\\/site\\\/#\\\/schema\\\/logo\\\/image\\\/\"},\"sameAs\":[\"https:\\\/\\\/www.facebook.com\\\/sitedomarcelolopes\",\"https:\\\/\\\/www.instagram.com\\\/sitedomarcelolopes\\\/\",\"https:\\\/\\\/www.linkedin.com\\\/company\\\/site-do-marcelo-lopes\\\/\",\"https:\\\/\\\/www.youtube.com\\\/user\\\/marcelolopes957\"]},{\"@type\":\"Person\",\"@id\":\"https:\\\/\\\/marcelolopes.jor.br\\\/site\\\/#\\\/schema\\\/person\\\/3e7216a35c34d8fdf952b31da3d1f89f\",\"name\":\"Marcelo Lopes\",\"sameAs\":[\"http:\\\/\\\/www.marcelolopes.jor.br\"],\"url\":\"https:\\\/\\\/marcelolopes.jor.br\\\/site\\\/author\\\/marcelo\\\/\"}]}<\/script>\n<!-- \/ Yoast SEO plugin. -->","yoast_head_json":{"title":"PM apreende drogas, arma de fogo e prende dois em Dona Euz\u00e9bia","description":"PM apreende drogas, arma de fogo e prende dois em Dona Euz\u00e9bia. Um adolescente que estava com eles tamb\u00e9m foi apreendido.","robots":{"index":"index","follow":"follow","max-snippet":"max-snippet:-1","max-image-preview":"max-image-preview:large","max-video-preview":"max-video-preview:-1"},"canonical":"https:\/\/marcelolopes.jor.br\/site\/2022\/04\/15\/pm-apreende-drogas-arma-de-fogo-e-prende-dois-em-dona-euzebia\/","og_locale":"pt_BR","og_type":"article","og_title":"PM apreende drogas, arma de fogo e prende dois em Dona Euz\u00e9bia","og_description":"PM apreende drogas, arma de fogo e prende dois em Dona Euz\u00e9bia. Um adolescente que estava com eles tamb\u00e9m foi apreendido.","og_url":"https:\/\/marcelolopes.jor.br\/site\/2022\/04\/15\/pm-apreende-drogas-arma-de-fogo-e-prende-dois-em-dona-euzebia\/","og_site_name":"Marcelo Lopes","article_publisher":"https:\/\/www.facebook.com\/sitedomarcelolopes","article_published_time":"2022-04-15T10:00:17+00:00","article_modified_time":"2022-08-02T17:19:44+00:00","og_image":[{"width":800,"height":535,"url":"https:\/\/marcelolopes.jor.br\/site\/wp-content\/uploads\/2022\/04\/WhatsApp-Image-2022-04-14-at-22.48.37-copiar.jpg","type":"image\/jpeg"}],"author":"Marcelo Lopes","twitter_card":"summary_large_image","twitter_misc":{"Escrito por":"Marcelo Lopes","Est. tempo de leitura":"2 minutos"},"schema":{"@context":"https:\/\/schema.org","@graph":[{"@type":"NewsArticle","@id":"https:\/\/marcelolopes.jor.br\/site\/2022\/04\/15\/pm-apreende-drogas-arma-de-fogo-e-prende-dois-em-dona-euzebia\/#article","isPartOf":{"@id":"https:\/\/marcelolopes.jor.br\/site\/2022\/04\/15\/pm-apreende-drogas-arma-de-fogo-e-prende-dois-em-dona-euzebia\/"},"author":{"name":"Marcelo Lopes","@id":"https:\/\/marcelolopes.jor.br\/site\/#\/schema\/person\/3e7216a35c34d8fdf952b31da3d1f89f"},"headline":"PM apreende drogas, arma de fogo e prende dois em Dona Euz\u00e9bia","datePublished":"2022-04-15T10:00:17+00:00","dateModified":"2022-08-02T17:19:44+00:00","mainEntityOfPage":{"@id":"https:\/\/marcelolopes.jor.br\/site\/2022\/04\/15\/pm-apreende-drogas-arma-de-fogo-e-prende-dois-em-dona-euzebia\/"},"wordCount":216,"commentCount":0,"publisher":{"@id":"https:\/\/marcelolopes.jor.br\/site\/#organization"},"image":{"@id":"https:\/\/marcelolopes.jor.br\/site\/2022\/04\/15\/pm-apreende-drogas-arma-de-fogo-e-prende-dois-em-dona-euzebia\/#primaryimage"},"thumbnailUrl":"https:\/\/marcelolopes.jor.br\/site\/wp-content\/uploads\/2022\/04\/WhatsApp-Image-2022-04-14-at-22.48.37-copiar.jpg","keywords":["apreens\u00e3o de adolescentes","Dona Euz\u00e9bia","opera\u00e7\u00e3o policial","pris\u00f5es"],"articleSection":["Not\u00edcias"],"inLanguage":"pt-BR","potentialAction":[{"@type":"CommentAction","name":"Comment","target":["https:\/\/marcelolopes.jor.br\/site\/2022\/04\/15\/pm-apreende-drogas-arma-de-fogo-e-prende-dois-em-dona-euzebia\/#respond"]}]},{"@type":"WebPage","@id":"https:\/\/marcelolopes.jor.br\/site\/2022\/04\/15\/pm-apreende-drogas-arma-de-fogo-e-prende-dois-em-dona-euzebia\/","url":"https:\/\/marcelolopes.jor.br\/site\/2022\/04\/15\/pm-apreende-drogas-arma-de-fogo-e-prende-dois-em-dona-euzebia\/","name":"PM apreende drogas, arma de fogo e prende dois em Dona Euz\u00e9bia","isPartOf":{"@id":"https:\/\/marcelolopes.jor.br\/site\/#website"},"primaryImageOfPage":{"@id":"https:\/\/marcelolopes.jor.br\/site\/2022\/04\/15\/pm-apreende-drogas-arma-de-fogo-e-prende-dois-em-dona-euzebia\/#primaryimage"},"image":{"@id":"https:\/\/marcelolopes.jor.br\/site\/2022\/04\/15\/pm-apreende-drogas-arma-de-fogo-e-prende-dois-em-dona-euzebia\/#primaryimage"},"thumbnailUrl":"https:\/\/marcelolopes.jor.br\/site\/wp-content\/uploads\/2022\/04\/WhatsApp-Image-2022-04-14-at-22.48.37-copiar.jpg","datePublished":"2022-04-15T10:00:17+00:00","dateModified":"2022-08-02T17:19:44+00:00","description":"PM apreende drogas, arma de fogo e prende dois em Dona Euz\u00e9bia. Um adolescente que estava com eles tamb\u00e9m foi apreendido.","breadcrumb":{"@id":"https:\/\/marcelolopes.jor.br\/site\/2022\/04\/15\/pm-apreende-drogas-arma-de-fogo-e-prende-dois-em-dona-euzebia\/#breadcrumb"},"inLanguage":"pt-BR","potentialAction":[{"@type":"ReadAction","target":["https:\/\/marcelolopes.jor.br\/site\/2022\/04\/15\/pm-apreende-drogas-arma-de-fogo-e-prende-dois-em-dona-euzebia\/"]}]},{"@type":"ImageObject","inLanguage":"pt-BR","@id":"https:\/\/marcelolopes.jor.br\/site\/2022\/04\/15\/pm-apreende-drogas-arma-de-fogo-e-prende-dois-em-dona-euzebia\/#primaryimage","url":"https:\/\/marcelolopes.jor.br\/site\/wp-content\/uploads\/2022\/04\/WhatsApp-Image-2022-04-14-at-22.48.37-copiar.jpg","contentUrl":"https:\/\/marcelolopes.jor.br\/site\/wp-content\/uploads\/2022\/04\/WhatsApp-Image-2022-04-14-at-22.48.37-copiar.jpg","width":800,"height":535,"caption":"PM apreende drogas"},{"@type":"BreadcrumbList","@id":"https:\/\/marcelolopes.jor.br\/site\/2022\/04\/15\/pm-apreende-drogas-arma-de-fogo-e-prende-dois-em-dona-euzebia\/#breadcrumb","itemListElement":[{"@type":"ListItem","position":1,"name":"Home","item":"https:\/\/marcelolopes.jor.br\/site\/"},{"@type":"ListItem","position":2,"name":"PM apreende drogas, arma de fogo e prende dois em Dona Euz\u00e9bia"}]},{"@type":"WebSite","@id":"https:\/\/marcelolopes.jor.br\/site\/#website","url":"https:\/\/marcelolopes.jor.br\/site\/","name":"Marcelo Lopes","description":"Not\u00edcias de Cataguases e Regi\u00e3o","publisher":{"@id":"https:\/\/marcelolopes.jor.br\/site\/#organization"},"potentialAction":[{"@type":"SearchAction","target":{"@type":"EntryPoint","urlTemplate":"https:\/\/marcelolopes.jor.br\/site\/?s={search_term_string}"},"query-input":{"@type":"PropertyValueSpecification","valueRequired":true,"valueName":"search_term_string"}}],"inLanguage":"pt-BR"},{"@type":"Organization","@id":"https:\/\/marcelolopes.jor.br\/site\/#organization","name":"Site do Marcelo Lopes","url":"https:\/\/marcelolopes.jor.br\/site\/","logo":{"@type":"ImageObject","inLanguage":"pt-BR","@id":"https:\/\/marcelolopes.jor.br\/site\/#\/schema\/logo\/image\/","url":"https:\/\/marcelolopes.jor.br\/site\/wp-content\/uploads\/2024\/11\/logo-1.png","contentUrl":"https:\/\/marcelolopes.jor.br\/site\/wp-content\/uploads\/2024\/11\/logo-1.png","width":475,"height":80,"caption":"Site do Marcelo Lopes"},"image":{"@id":"https:\/\/marcelolopes.jor.br\/site\/#\/schema\/logo\/image\/"},"sameAs":["https:\/\/www.facebook.com\/sitedomarcelolopes","https:\/\/www.instagram.com\/sitedomarcelolopes\/","https:\/\/www.linkedin.com\/company\/site-do-marcelo-lopes\/","https:\/\/www.youtube.com\/user\/marcelolopes957"]},{"@type":"Person","@id":"https:\/\/marcelolopes.jor.br\/site\/#\/schema\/person\/3e7216a35c34d8fdf952b31da3d1f89f","name":"Marcelo Lopes","sameAs":["http:\/\/www.marcelolopes.jor.br"],"url":"https:\/\/marcelolopes.jor.br\/site\/author\/marcelo\/"}]}},"wps_subtitle":"Um adolescente que estava com eles tamb\u00e9m foi apreendido.","_links":{"self":[{"href":"https:\/\/marcelolopes.jor.br\/site\/wp-json\/wp\/v2\/posts\/32451","targetHints":{"allow":["GET"]}}],"collection":[{"href":"https:\/\/marcelolopes.jor.br\/site\/wp-json\/wp\/v2\/posts"}],"about":[{"href":"https:\/\/marcelolopes.jor.br\/site\/wp-json\/wp\/v2\/types\/post"}],"author":[{"embeddable":true,"href":"https:\/\/marcelolopes.jor.br\/site\/wp-json\/wp\/v2\/users\/2"}],"replies":[{"embeddable":true,"href":"https:\/\/marcelolopes.jor.br\/site\/wp-json\/wp\/v2\/comments?post=32451"}],"version-history":[{"count":0,"href":"https:\/\/marcelolopes.jor.br\/site\/wp-json\/wp\/v2\/posts\/32451\/revisions"}],"wp:featuredmedia":[{"embeddable":true,"href":"https:\/\/marcelolopes.jor.br\/site\/wp-json\/wp\/v2\/media\/32452"}],"wp:attachment":[{"href":"https:\/\/marcelolopes.jor.br\/site\/wp-json\/wp\/v2\/media?parent=32451"}],"wp:term":[{"taxonomy":"category","embeddable":true,"href":"https:\/\/marcelolopes.jor.br\/site\/wp-json\/wp\/v2\/categories?post=32451"},{"taxonomy":"post_tag","embeddable":true,"href":"https:\/\/marcelolopes.jor.br\/site\/wp-json\/wp\/v2\/tags?post=32451"}],"curies":[{"name":"wp","href":"https:\/\/api.w.org\/{rel}","templated":true}]}}