{"id":32406,"date":"2022-04-12T16:00:25","date_gmt":"2022-04-12T19:00:25","guid":{"rendered":"https:\/\/marcelolopes.jor.br\/?p=32406"},"modified":"2022-04-12T17:46:28","modified_gmt":"2022-04-12T20:46:28","slug":"representantes-da-zona-da-mata-discutem-o-desenvolvimento-regional","status":"publish","type":"post","link":"https:\/\/marcelolopes.jor.br\/site\/2022\/04\/12\/representantes-da-zona-da-mata-discutem-o-desenvolvimento-regional\/","title":{"rendered":"Representantes da Zona da Mata discutem o desenvolvimento regional"},"content":{"rendered":"<p style=\"text-align: justify;\">A Associa\u00e7\u00e3o Mineira de Munic\u00edpios &#8211; AMM &#8211; e o Sebrae-MG, em parceria com a prefeitura de Cataguases realizaram na manh\u00e3 desta ter\u00e7a-feira, 12 de abril, o Encontro Regional &#8220;AMM nos Munic\u00edpios: Encontro nas macrorregi\u00f5es &#8211; AMM e Sebrae juntos pelo desenvolvimento das cidades\u201d. A iniciativa foi intermediada pela Uni\u00e3o das Associa\u00e7\u00f5es de Moradores de Cataguases &#8211; UAMC &#8211; e reuniu 71 prefeitos da Zona da Mata, que foram recebidos pelo prefeito anfitri\u00e3o Jos\u00e9 Henriques, entre outras lideran\u00e7as no Centro Cultural Humberto Mauro, para buscar alavancar o desenvolvimento da regi\u00e3o.<!--more--><\/p>\n<p style=\"text-align: justify;\"><img loading=\"lazy\" decoding=\"async\" class=\"aligncenter wp-image-32409\" src=\"https:\/\/marcelolopes.jor.br\/site\/wp-content\/uploads\/2022\/04\/IMG_1709-Grande-300x169.jpeg\" alt=\"\" width=\"700\" height=\"394\" srcset=\"https:\/\/marcelolopes.jor.br\/site\/wp-content\/uploads\/2022\/04\/IMG_1709-Grande-300x169.jpeg 300w, https:\/\/marcelolopes.jor.br\/site\/wp-content\/uploads\/2022\/04\/IMG_1709-Grande-1024x576.jpeg 1024w, https:\/\/marcelolopes.jor.br\/site\/wp-content\/uploads\/2022\/04\/IMG_1709-Grande-768x432.jpeg 768w, https:\/\/marcelolopes.jor.br\/site\/wp-content\/uploads\/2022\/04\/IMG_1709-Grande-1200x675.jpeg 1200w, https:\/\/marcelolopes.jor.br\/site\/wp-content\/uploads\/2022\/04\/IMG_1709-Grande.jpeg 1280w\" sizes=\"auto, (max-width: 700px) 100vw, 700px\" \/>O projeto Desenvolve Minas faz parte do conv\u00eanio celebrado em 2019 entre a AMM e o Sebrae, durante o Delta Forum &#8211; encontro de desenvolvimento econ\u00f4mico para lideran\u00e7as e territ\u00f3rios. O seu principal objetivo \u00e9 criar estrat\u00e9gias para o desenvolvimento local com a mobiliza\u00e7\u00e3o do poder p\u00fablico, iniciativa privada e o terceiro setor criando condi\u00e7\u00f5es favor\u00e1veis de sobreviv\u00eancia dos pequenos neg\u00f3cios que s\u00e3o fonte de trabalho e renda para milh\u00f5es de pessoas em todos os munic\u00edpios mineiros, destaca o texto da AMM que foi lido na abertura do evento.<\/p>\n<p style=\"text-align: justify;\">Em entrevista exclusiva ao Site do Marcelo Lopes, o prefeito de Coronel Fabriciano, Marcos Vin\u00edcius da Silva Bizarro, eleito recentemente presidente da AMM, sucedendo a Julvan Lacerda. Conforme explicou seu maior desafio \u00e9 \u201cunir todos os prefeitos em uma causa s\u00f3 que \u00e9 a bandeira municipalista, porque, se a gente n\u00e3o tomar cuidado, os outros entes federados provocam algum tipo de dano que acaba impactando no dia a dia do cidad\u00e3o em nossos munic\u00edpios\u201d, explicou. Marcos Vin\u00edcius disse ainda que vai assumir a entidade em um momento em que ela cresceu \u201cmuito e estamos com quase 800 munic\u00edpios filiados. Neste sentido estamos muito esperan\u00e7osos de fazer uma gest\u00e3o de concilia\u00e7\u00e3o e de qualifica\u00e7\u00e3o\u201d, frisou.<\/p>\n<p style=\"text-align: justify;\"><img loading=\"lazy\" decoding=\"async\" class=\"aligncenter wp-image-32410\" src=\"https:\/\/marcelolopes.jor.br\/site\/wp-content\/uploads\/2022\/04\/IMG_1715-Grande-300x197.jpeg\" alt=\"\" width=\"700\" height=\"460\" srcset=\"https:\/\/marcelolopes.jor.br\/site\/wp-content\/uploads\/2022\/04\/IMG_1715-Grande-300x197.jpeg 300w, https:\/\/marcelolopes.jor.br\/site\/wp-content\/uploads\/2022\/04\/IMG_1715-Grande.jpeg 700w\" sizes=\"auto, (max-width: 700px) 100vw, 700px\" \/>O diretor t\u00e9cnico do Sebrae Minas, Jo\u00e3o Cruz Reis Filho, tamb\u00e9m falou com exclusividade ao Site sobre a entidade. Conforme revelou, a parceria entre Sebrae e AMM foi firmada h\u00e1 cerca de &#8220;tr\u00eas anos a partir de uma percep\u00e7\u00e3o nossa de que para os pequenos neg\u00f3cios se desenvolverem \u00e9 necess\u00e1rio que o ambiente de neg\u00f3cios seja favor\u00e1vel. E esses pequenos neg\u00f3cios est\u00e3o inseridos no munic\u00edpio; ent\u00e3o as prefeituras t\u00eam o poder de facilitar a vida dos pequenos neg\u00f3cios. Assim, a gente reuniu um conjunto de boas pr\u00e1ticas chamado &#8216;Cidade Empreendedora\u2019, e junto com a AMM temos levado esse conhecimento para o gestor municipal poder facilitar a vida dos pequenos neg\u00f3cios\u201d, explicou. Ele completou destacando o trabalho que o escrit\u00f3rio local do Sebrae-MG realiza em Cataguases. Para ele \u201caqui em Cataguases temos feito um excelente trabalho no sentido de desenvolver as pequenas e microempresas\u201d, enfatizou Jo\u00e3o Cruz.<\/p>\n<p><iframe loading=\"lazy\" title=\"Entrevistas AMM e Sebrae MG\" width=\"880\" height=\"495\" src=\"https:\/\/www.youtube.com\/embed\/IfHL8I8l7XE?feature=oembed\" frameborder=\"0\" allow=\"accelerometer; autoplay; clipboard-write; encrypted-media; gyroscope; picture-in-picture\" allowfullscreen><\/iframe><\/p>\n<p style=\"text-align: justify;\">Os convidados foram recebidos com um sortido caf\u00e9 da manh\u00e3, com gostinho de ro\u00e7a, preparado cuidadosamente por uma equipe do grupo de Mulheres Rurais de Cataguases denominado &#8220;Quitandas Sobre Rodas&#8221; (foto abaixo), onde puderam saborear desde o p\u00e3o de queijo at\u00e9 o delicioso bolinho de chuva e a broa de fub\u00e1. Ap\u00f3s a abertura solene foram proferidas tr\u00eas palestras, sendo: \u201cO papel do Conselho de Desenvolvimento Econ\u00f4mico de Cataguases &#8211; Codec\u201d, pelo seu presidente, Jesusimar de Oliveira Dornelas; \u201cSustentabilidade e Empreendedorismo\u201d, por Geraldo Reis, administrador de empresas e especialista em Jean Manufacturing, e \u201cA Comunidade na Promo\u00e7\u00e3o do Desenvolvimento Sustent\u00e1vel\u201d, pelo ex-prefeito de Crissiumal(RS), Walter Heck.<\/p>\n<p><img loading=\"lazy\" decoding=\"async\" class=\"aligncenter wp-image-32408\" src=\"https:\/\/marcelolopes.jor.br\/site\/wp-content\/uploads\/2022\/04\/IMG_1718-Grande-300x169.jpeg\" alt=\"\" width=\"700\" height=\"394\" srcset=\"https:\/\/marcelolopes.jor.br\/site\/wp-content\/uploads\/2022\/04\/IMG_1718-Grande-300x169.jpeg 300w, https:\/\/marcelolopes.jor.br\/site\/wp-content\/uploads\/2022\/04\/IMG_1718-Grande-1024x576.jpeg 1024w, https:\/\/marcelolopes.jor.br\/site\/wp-content\/uploads\/2022\/04\/IMG_1718-Grande-768x432.jpeg 768w, https:\/\/marcelolopes.jor.br\/site\/wp-content\/uploads\/2022\/04\/IMG_1718-Grande-1200x675.jpeg 1200w, https:\/\/marcelolopes.jor.br\/site\/wp-content\/uploads\/2022\/04\/IMG_1718-Grande.jpeg 1280w\" sizes=\"auto, (max-width: 700px) 100vw, 700px\" \/><\/p>\n<p>&nbsp;<\/p>\n<div class=\"bgosh69f715ba3169d\" ><br><\/div><style type=\"text\/css\">\r\n@media screen and (min-width: 1201px) {\r\n.bgosh69f715ba3169d {\r\ndisplay: block;\r\n}\r\n}\r\n@media screen and (min-width: 993px) and (max-width: 1200px) {\r\n.bgosh69f715ba3169d {\r\ndisplay: block;\r\n}\r\n}\r\n@media screen and (min-width: 769px) and (max-width: 992px) {\r\n.bgosh69f715ba3169d {\r\ndisplay: block;\r\n}\r\n}\r\n@media screen and (min-width: 768px) and (max-width: 768px) {\r\n.bgosh69f715ba3169d {\r\ndisplay: block;\r\n}\r\n}\r\n@media screen and (max-width: 767px) {\r\n.bgosh69f715ba3169d {\r\ndisplay: block;\r\n}\r\n}\r\n<\/style>\r\n<div class=\"cdqog69f715ba36f83\" ><div id=\"div_destino\"><\/div>\r\n<script src=\"https:\/\/cdn.snsrsv.com\/sdk.js\"><\/script>\r\n<script >\r\n      new sdk(\"464030C30061EA8BE065000000000001\") \r\n          .appendTo(\"div_destino\")\r\n          .disableStyle(true) \r\n          .setCacheBusterMacro(\"%%CACHEBUSTER%%\")\r\n          .setSize(\"800\",\"214\")\r\n          .setClickMacro(\"%%CLICK_URL_ESC%%\") \r\n          .setReferrerUrlMacro(\"%%REFERRER_URL_ESC%%\") \r\n          .start(); \r\n<\/script><\/div><style type=\"text\/css\">\r\n@media screen and (min-width: 1201px) {\r\n.cdqog69f715ba36f83 {\r\ndisplay: block;\r\n}\r\n}\r\n@media screen and (min-width: 993px) and (max-width: 1200px) {\r\n.cdqog69f715ba36f83 {\r\ndisplay: block;\r\n}\r\n}\r\n@media screen and (min-width: 769px) and (max-width: 992px) {\r\n.cdqog69f715ba36f83 {\r\ndisplay: block;\r\n}\r\n}\r\n@media screen and (min-width: 768px) and (max-width: 768px) {\r\n.cdqog69f715ba36f83 {\r\ndisplay: block;\r\n}\r\n}\r\n@media screen and (max-width: 767px) {\r\n.cdqog69f715ba36f83 {\r\ndisplay: block;\r\n}\r\n}\r\n<\/style>\r\n","protected":false},"excerpt":{"rendered":"<p>A Associa\u00e7\u00e3o Mineira de Munic\u00edpios &#8211; AMM &#8211; e o Sebrae-MG, em parceria com a prefeitura de Cataguases realizaram na manh\u00e3 desta ter\u00e7a-feira, 12 de abril, o Encontro Regional &#8220;AMM nos Munic\u00edpios: Encontro nas macrorregi\u00f5es &#8211; AMM e Sebrae juntos<\/p>\n<p class=\"link-more\"><a class=\"more-link\" href=\"https:\/\/marcelolopes.jor.br\/site\/2022\/04\/12\/representantes-da-zona-da-mata-discutem-o-desenvolvimento-regional\/\">Leia mais <span class=\"screen-reader-text\">Representantes da Zona da Mata discutem o desenvolvimento regional<\/span><\/a><\/p>\n","protected":false},"author":2,"featured_media":32407,"comment_status":"open","ping_status":"open","sticky":false,"template":"","format":"standard","meta":{"footnotes":""},"categories":[1],"tags":[1687,5786,5804,179],"class_list":["post-32406","post","type-post","status-publish","format-standard","has-post-thumbnail","hentry","category-noticias","tag-amm","tag-encontro-regional","tag-prefeitos-da-zona-da-mata","tag-sebrae-mg","thumb-below-title"],"yoast_head":"<!-- This site is optimized with the Yoast SEO plugin v27.4 - https:\/\/yoast.com\/product\/yoast-seo-wordpress\/ -->\n<title>Representantes da Zona da Mata discutem o desenvolvimento regional | Marcelo Lopes<\/title>\n<meta name=\"robots\" content=\"index, follow, max-snippet:-1, max-image-preview:large, max-video-preview:-1\" \/>\n<link rel=\"canonical\" href=\"https:\/\/marcelolopes.jor.br\/site\/2022\/04\/12\/representantes-da-zona-da-mata-discutem-o-desenvolvimento-regional\/\" \/>\n<meta property=\"og:locale\" content=\"pt_BR\" \/>\n<meta property=\"og:type\" content=\"article\" \/>\n<meta property=\"og:title\" content=\"Representantes da Zona da Mata discutem o desenvolvimento regional | Marcelo Lopes\" \/>\n<meta property=\"og:description\" content=\"A Associa\u00e7\u00e3o Mineira de Munic\u00edpios &#8211; AMM &#8211; e o Sebrae-MG, em parceria com a prefeitura de Cataguases realizaram na manh\u00e3 desta ter\u00e7a-feira, 12 de abril, o Encontro Regional &#8220;AMM nos Munic\u00edpios: Encontro nas macrorregi\u00f5es &#8211; AMM e Sebrae juntosLeia mais Representantes da Zona da Mata discutem o desenvolvimento regional\" \/>\n<meta property=\"og:url\" content=\"https:\/\/marcelolopes.jor.br\/site\/2022\/04\/12\/representantes-da-zona-da-mata-discutem-o-desenvolvimento-regional\/\" \/>\n<meta property=\"og:site_name\" content=\"Marcelo Lopes\" \/>\n<meta property=\"article:publisher\" content=\"https:\/\/www.facebook.com\/sitedomarcelolopes\" \/>\n<meta property=\"article:published_time\" content=\"2022-04-12T19:00:25+00:00\" \/>\n<meta property=\"article:modified_time\" content=\"2022-04-12T20:46:28+00:00\" \/>\n<meta property=\"og:image\" content=\"https:\/\/marcelolopes.jor.br\/site\/wp-content\/uploads\/2022\/04\/IMG_1704-Grande.jpeg\" \/>\n\t<meta property=\"og:image:width\" content=\"1280\" \/>\n\t<meta property=\"og:image:height\" content=\"720\" \/>\n\t<meta property=\"og:image:type\" content=\"image\/jpeg\" \/>\n<meta name=\"author\" content=\"Marcelo Lopes\" \/>\n<meta name=\"twitter:card\" content=\"summary_large_image\" \/>\n<meta name=\"twitter:label1\" content=\"Escrito por\" \/>\n\t<meta name=\"twitter:data1\" content=\"Marcelo Lopes\" \/>\n\t<meta name=\"twitter:label2\" content=\"Est. tempo de leitura\" \/>\n\t<meta name=\"twitter:data2\" content=\"4 minutos\" \/>\n<script type=\"application\/ld+json\" class=\"yoast-schema-graph\">{\"@context\":\"https:\\\/\\\/schema.org\",\"@graph\":[{\"@type\":\"NewsArticle\",\"@id\":\"https:\\\/\\\/marcelolopes.jor.br\\\/site\\\/2022\\\/04\\\/12\\\/representantes-da-zona-da-mata-discutem-o-desenvolvimento-regional\\\/#article\",\"isPartOf\":{\"@id\":\"https:\\\/\\\/marcelolopes.jor.br\\\/site\\\/2022\\\/04\\\/12\\\/representantes-da-zona-da-mata-discutem-o-desenvolvimento-regional\\\/\"},\"author\":{\"name\":\"Marcelo Lopes\",\"@id\":\"https:\\\/\\\/marcelolopes.jor.br\\\/site\\\/#\\\/schema\\\/person\\\/3e7216a35c34d8fdf952b31da3d1f89f\"},\"headline\":\"Representantes da Zona da Mata discutem o desenvolvimento regional\",\"datePublished\":\"2022-04-12T19:00:25+00:00\",\"dateModified\":\"2022-04-12T20:46:28+00:00\",\"mainEntityOfPage\":{\"@id\":\"https:\\\/\\\/marcelolopes.jor.br\\\/site\\\/2022\\\/04\\\/12\\\/representantes-da-zona-da-mata-discutem-o-desenvolvimento-regional\\\/\"},\"wordCount\":615,\"commentCount\":0,\"publisher\":{\"@id\":\"https:\\\/\\\/marcelolopes.jor.br\\\/site\\\/#organization\"},\"image\":{\"@id\":\"https:\\\/\\\/marcelolopes.jor.br\\\/site\\\/2022\\\/04\\\/12\\\/representantes-da-zona-da-mata-discutem-o-desenvolvimento-regional\\\/#primaryimage\"},\"thumbnailUrl\":\"https:\\\/\\\/marcelolopes.jor.br\\\/site\\\/wp-content\\\/uploads\\\/2022\\\/04\\\/IMG_1704-Grande.jpeg\",\"keywords\":[\"AMM\",\"encontro regional\",\"prefeitos da Zona da Mata\",\"SEBRAE-MG\"],\"articleSection\":[\"Not\u00edcias\"],\"inLanguage\":\"pt-BR\",\"potentialAction\":[{\"@type\":\"CommentAction\",\"name\":\"Comment\",\"target\":[\"https:\\\/\\\/marcelolopes.jor.br\\\/site\\\/2022\\\/04\\\/12\\\/representantes-da-zona-da-mata-discutem-o-desenvolvimento-regional\\\/#respond\"]}]},{\"@type\":\"WebPage\",\"@id\":\"https:\\\/\\\/marcelolopes.jor.br\\\/site\\\/2022\\\/04\\\/12\\\/representantes-da-zona-da-mata-discutem-o-desenvolvimento-regional\\\/\",\"url\":\"https:\\\/\\\/marcelolopes.jor.br\\\/site\\\/2022\\\/04\\\/12\\\/representantes-da-zona-da-mata-discutem-o-desenvolvimento-regional\\\/\",\"name\":\"Representantes da Zona da Mata discutem o desenvolvimento regional | Marcelo Lopes\",\"isPartOf\":{\"@id\":\"https:\\\/\\\/marcelolopes.jor.br\\\/site\\\/#website\"},\"primaryImageOfPage\":{\"@id\":\"https:\\\/\\\/marcelolopes.jor.br\\\/site\\\/2022\\\/04\\\/12\\\/representantes-da-zona-da-mata-discutem-o-desenvolvimento-regional\\\/#primaryimage\"},\"image\":{\"@id\":\"https:\\\/\\\/marcelolopes.jor.br\\\/site\\\/2022\\\/04\\\/12\\\/representantes-da-zona-da-mata-discutem-o-desenvolvimento-regional\\\/#primaryimage\"},\"thumbnailUrl\":\"https:\\\/\\\/marcelolopes.jor.br\\\/site\\\/wp-content\\\/uploads\\\/2022\\\/04\\\/IMG_1704-Grande.jpeg\",\"datePublished\":\"2022-04-12T19:00:25+00:00\",\"dateModified\":\"2022-04-12T20:46:28+00:00\",\"breadcrumb\":{\"@id\":\"https:\\\/\\\/marcelolopes.jor.br\\\/site\\\/2022\\\/04\\\/12\\\/representantes-da-zona-da-mata-discutem-o-desenvolvimento-regional\\\/#breadcrumb\"},\"inLanguage\":\"pt-BR\",\"potentialAction\":[{\"@type\":\"ReadAction\",\"target\":[\"https:\\\/\\\/marcelolopes.jor.br\\\/site\\\/2022\\\/04\\\/12\\\/representantes-da-zona-da-mata-discutem-o-desenvolvimento-regional\\\/\"]}]},{\"@type\":\"ImageObject\",\"inLanguage\":\"pt-BR\",\"@id\":\"https:\\\/\\\/marcelolopes.jor.br\\\/site\\\/2022\\\/04\\\/12\\\/representantes-da-zona-da-mata-discutem-o-desenvolvimento-regional\\\/#primaryimage\",\"url\":\"https:\\\/\\\/marcelolopes.jor.br\\\/site\\\/wp-content\\\/uploads\\\/2022\\\/04\\\/IMG_1704-Grande.jpeg\",\"contentUrl\":\"https:\\\/\\\/marcelolopes.jor.br\\\/site\\\/wp-content\\\/uploads\\\/2022\\\/04\\\/IMG_1704-Grande.jpeg\",\"width\":1280,\"height\":720},{\"@type\":\"BreadcrumbList\",\"@id\":\"https:\\\/\\\/marcelolopes.jor.br\\\/site\\\/2022\\\/04\\\/12\\\/representantes-da-zona-da-mata-discutem-o-desenvolvimento-regional\\\/#breadcrumb\",\"itemListElement\":[{\"@type\":\"ListItem\",\"position\":1,\"name\":\"Home\",\"item\":\"https:\\\/\\\/marcelolopes.jor.br\\\/site\\\/\"},{\"@type\":\"ListItem\",\"position\":2,\"name\":\"Representantes da Zona da Mata discutem o desenvolvimento regional\"}]},{\"@type\":\"WebSite\",\"@id\":\"https:\\\/\\\/marcelolopes.jor.br\\\/site\\\/#website\",\"url\":\"https:\\\/\\\/marcelolopes.jor.br\\\/site\\\/\",\"name\":\"Marcelo Lopes\",\"description\":\"Not\u00edcias de Cataguases e Regi\u00e3o\",\"publisher\":{\"@id\":\"https:\\\/\\\/marcelolopes.jor.br\\\/site\\\/#organization\"},\"potentialAction\":[{\"@type\":\"SearchAction\",\"target\":{\"@type\":\"EntryPoint\",\"urlTemplate\":\"https:\\\/\\\/marcelolopes.jor.br\\\/site\\\/?s={search_term_string}\"},\"query-input\":{\"@type\":\"PropertyValueSpecification\",\"valueRequired\":true,\"valueName\":\"search_term_string\"}}],\"inLanguage\":\"pt-BR\"},{\"@type\":\"Organization\",\"@id\":\"https:\\\/\\\/marcelolopes.jor.br\\\/site\\\/#organization\",\"name\":\"Site do Marcelo Lopes\",\"url\":\"https:\\\/\\\/marcelolopes.jor.br\\\/site\\\/\",\"logo\":{\"@type\":\"ImageObject\",\"inLanguage\":\"pt-BR\",\"@id\":\"https:\\\/\\\/marcelolopes.jor.br\\\/site\\\/#\\\/schema\\\/logo\\\/image\\\/\",\"url\":\"https:\\\/\\\/marcelolopes.jor.br\\\/site\\\/wp-content\\\/uploads\\\/2024\\\/11\\\/logo-1.png\",\"contentUrl\":\"https:\\\/\\\/marcelolopes.jor.br\\\/site\\\/wp-content\\\/uploads\\\/2024\\\/11\\\/logo-1.png\",\"width\":475,\"height\":80,\"caption\":\"Site do Marcelo Lopes\"},\"image\":{\"@id\":\"https:\\\/\\\/marcelolopes.jor.br\\\/site\\\/#\\\/schema\\\/logo\\\/image\\\/\"},\"sameAs\":[\"https:\\\/\\\/www.facebook.com\\\/sitedomarcelolopes\",\"https:\\\/\\\/www.instagram.com\\\/sitedomarcelolopes\\\/\",\"https:\\\/\\\/www.linkedin.com\\\/company\\\/site-do-marcelo-lopes\\\/\",\"https:\\\/\\\/www.youtube.com\\\/user\\\/marcelolopes957\"]},{\"@type\":\"Person\",\"@id\":\"https:\\\/\\\/marcelolopes.jor.br\\\/site\\\/#\\\/schema\\\/person\\\/3e7216a35c34d8fdf952b31da3d1f89f\",\"name\":\"Marcelo Lopes\",\"sameAs\":[\"http:\\\/\\\/www.marcelolopes.jor.br\"],\"url\":\"https:\\\/\\\/marcelolopes.jor.br\\\/site\\\/author\\\/marcelo\\\/\"}]}<\/script>\n<!-- \/ Yoast SEO plugin. -->","yoast_head_json":{"title":"Representantes da Zona da Mata discutem o desenvolvimento regional | Marcelo Lopes","robots":{"index":"index","follow":"follow","max-snippet":"max-snippet:-1","max-image-preview":"max-image-preview:large","max-video-preview":"max-video-preview:-1"},"canonical":"https:\/\/marcelolopes.jor.br\/site\/2022\/04\/12\/representantes-da-zona-da-mata-discutem-o-desenvolvimento-regional\/","og_locale":"pt_BR","og_type":"article","og_title":"Representantes da Zona da Mata discutem o desenvolvimento regional | Marcelo Lopes","og_description":"A Associa\u00e7\u00e3o Mineira de Munic\u00edpios &#8211; AMM &#8211; e o Sebrae-MG, em parceria com a prefeitura de Cataguases realizaram na manh\u00e3 desta ter\u00e7a-feira, 12 de abril, o Encontro Regional &#8220;AMM nos Munic\u00edpios: Encontro nas macrorregi\u00f5es &#8211; AMM e Sebrae juntosLeia mais Representantes da Zona da Mata discutem o desenvolvimento regional","og_url":"https:\/\/marcelolopes.jor.br\/site\/2022\/04\/12\/representantes-da-zona-da-mata-discutem-o-desenvolvimento-regional\/","og_site_name":"Marcelo Lopes","article_publisher":"https:\/\/www.facebook.com\/sitedomarcelolopes","article_published_time":"2022-04-12T19:00:25+00:00","article_modified_time":"2022-04-12T20:46:28+00:00","og_image":[{"width":1280,"height":720,"url":"https:\/\/marcelolopes.jor.br\/site\/wp-content\/uploads\/2022\/04\/IMG_1704-Grande.jpeg","type":"image\/jpeg"}],"author":"Marcelo Lopes","twitter_card":"summary_large_image","twitter_misc":{"Escrito por":"Marcelo Lopes","Est. tempo de leitura":"4 minutos"},"schema":{"@context":"https:\/\/schema.org","@graph":[{"@type":"NewsArticle","@id":"https:\/\/marcelolopes.jor.br\/site\/2022\/04\/12\/representantes-da-zona-da-mata-discutem-o-desenvolvimento-regional\/#article","isPartOf":{"@id":"https:\/\/marcelolopes.jor.br\/site\/2022\/04\/12\/representantes-da-zona-da-mata-discutem-o-desenvolvimento-regional\/"},"author":{"name":"Marcelo Lopes","@id":"https:\/\/marcelolopes.jor.br\/site\/#\/schema\/person\/3e7216a35c34d8fdf952b31da3d1f89f"},"headline":"Representantes da Zona da Mata discutem o desenvolvimento regional","datePublished":"2022-04-12T19:00:25+00:00","dateModified":"2022-04-12T20:46:28+00:00","mainEntityOfPage":{"@id":"https:\/\/marcelolopes.jor.br\/site\/2022\/04\/12\/representantes-da-zona-da-mata-discutem-o-desenvolvimento-regional\/"},"wordCount":615,"commentCount":0,"publisher":{"@id":"https:\/\/marcelolopes.jor.br\/site\/#organization"},"image":{"@id":"https:\/\/marcelolopes.jor.br\/site\/2022\/04\/12\/representantes-da-zona-da-mata-discutem-o-desenvolvimento-regional\/#primaryimage"},"thumbnailUrl":"https:\/\/marcelolopes.jor.br\/site\/wp-content\/uploads\/2022\/04\/IMG_1704-Grande.jpeg","keywords":["AMM","encontro regional","prefeitos da Zona da Mata","SEBRAE-MG"],"articleSection":["Not\u00edcias"],"inLanguage":"pt-BR","potentialAction":[{"@type":"CommentAction","name":"Comment","target":["https:\/\/marcelolopes.jor.br\/site\/2022\/04\/12\/representantes-da-zona-da-mata-discutem-o-desenvolvimento-regional\/#respond"]}]},{"@type":"WebPage","@id":"https:\/\/marcelolopes.jor.br\/site\/2022\/04\/12\/representantes-da-zona-da-mata-discutem-o-desenvolvimento-regional\/","url":"https:\/\/marcelolopes.jor.br\/site\/2022\/04\/12\/representantes-da-zona-da-mata-discutem-o-desenvolvimento-regional\/","name":"Representantes da Zona da Mata discutem o desenvolvimento regional | Marcelo Lopes","isPartOf":{"@id":"https:\/\/marcelolopes.jor.br\/site\/#website"},"primaryImageOfPage":{"@id":"https:\/\/marcelolopes.jor.br\/site\/2022\/04\/12\/representantes-da-zona-da-mata-discutem-o-desenvolvimento-regional\/#primaryimage"},"image":{"@id":"https:\/\/marcelolopes.jor.br\/site\/2022\/04\/12\/representantes-da-zona-da-mata-discutem-o-desenvolvimento-regional\/#primaryimage"},"thumbnailUrl":"https:\/\/marcelolopes.jor.br\/site\/wp-content\/uploads\/2022\/04\/IMG_1704-Grande.jpeg","datePublished":"2022-04-12T19:00:25+00:00","dateModified":"2022-04-12T20:46:28+00:00","breadcrumb":{"@id":"https:\/\/marcelolopes.jor.br\/site\/2022\/04\/12\/representantes-da-zona-da-mata-discutem-o-desenvolvimento-regional\/#breadcrumb"},"inLanguage":"pt-BR","potentialAction":[{"@type":"ReadAction","target":["https:\/\/marcelolopes.jor.br\/site\/2022\/04\/12\/representantes-da-zona-da-mata-discutem-o-desenvolvimento-regional\/"]}]},{"@type":"ImageObject","inLanguage":"pt-BR","@id":"https:\/\/marcelolopes.jor.br\/site\/2022\/04\/12\/representantes-da-zona-da-mata-discutem-o-desenvolvimento-regional\/#primaryimage","url":"https:\/\/marcelolopes.jor.br\/site\/wp-content\/uploads\/2022\/04\/IMG_1704-Grande.jpeg","contentUrl":"https:\/\/marcelolopes.jor.br\/site\/wp-content\/uploads\/2022\/04\/IMG_1704-Grande.jpeg","width":1280,"height":720},{"@type":"BreadcrumbList","@id":"https:\/\/marcelolopes.jor.br\/site\/2022\/04\/12\/representantes-da-zona-da-mata-discutem-o-desenvolvimento-regional\/#breadcrumb","itemListElement":[{"@type":"ListItem","position":1,"name":"Home","item":"https:\/\/marcelolopes.jor.br\/site\/"},{"@type":"ListItem","position":2,"name":"Representantes da Zona da Mata discutem o desenvolvimento regional"}]},{"@type":"WebSite","@id":"https:\/\/marcelolopes.jor.br\/site\/#website","url":"https:\/\/marcelolopes.jor.br\/site\/","name":"Marcelo Lopes","description":"Not\u00edcias de Cataguases e Regi\u00e3o","publisher":{"@id":"https:\/\/marcelolopes.jor.br\/site\/#organization"},"potentialAction":[{"@type":"SearchAction","target":{"@type":"EntryPoint","urlTemplate":"https:\/\/marcelolopes.jor.br\/site\/?s={search_term_string}"},"query-input":{"@type":"PropertyValueSpecification","valueRequired":true,"valueName":"search_term_string"}}],"inLanguage":"pt-BR"},{"@type":"Organization","@id":"https:\/\/marcelolopes.jor.br\/site\/#organization","name":"Site do Marcelo Lopes","url":"https:\/\/marcelolopes.jor.br\/site\/","logo":{"@type":"ImageObject","inLanguage":"pt-BR","@id":"https:\/\/marcelolopes.jor.br\/site\/#\/schema\/logo\/image\/","url":"https:\/\/marcelolopes.jor.br\/site\/wp-content\/uploads\/2024\/11\/logo-1.png","contentUrl":"https:\/\/marcelolopes.jor.br\/site\/wp-content\/uploads\/2024\/11\/logo-1.png","width":475,"height":80,"caption":"Site do Marcelo Lopes"},"image":{"@id":"https:\/\/marcelolopes.jor.br\/site\/#\/schema\/logo\/image\/"},"sameAs":["https:\/\/www.facebook.com\/sitedomarcelolopes","https:\/\/www.instagram.com\/sitedomarcelolopes\/","https:\/\/www.linkedin.com\/company\/site-do-marcelo-lopes\/","https:\/\/www.youtube.com\/user\/marcelolopes957"]},{"@type":"Person","@id":"https:\/\/marcelolopes.jor.br\/site\/#\/schema\/person\/3e7216a35c34d8fdf952b31da3d1f89f","name":"Marcelo Lopes","sameAs":["http:\/\/www.marcelolopes.jor.br"],"url":"https:\/\/marcelolopes.jor.br\/site\/author\/marcelo\/"}]}},"wps_subtitle":"Evento aconteceu em Cataguases em iniciativa da AMM e do Sebrae-MG.","_links":{"self":[{"href":"https:\/\/marcelolopes.jor.br\/site\/wp-json\/wp\/v2\/posts\/32406","targetHints":{"allow":["GET"]}}],"collection":[{"href":"https:\/\/marcelolopes.jor.br\/site\/wp-json\/wp\/v2\/posts"}],"about":[{"href":"https:\/\/marcelolopes.jor.br\/site\/wp-json\/wp\/v2\/types\/post"}],"author":[{"embeddable":true,"href":"https:\/\/marcelolopes.jor.br\/site\/wp-json\/wp\/v2\/users\/2"}],"replies":[{"embeddable":true,"href":"https:\/\/marcelolopes.jor.br\/site\/wp-json\/wp\/v2\/comments?post=32406"}],"version-history":[{"count":0,"href":"https:\/\/marcelolopes.jor.br\/site\/wp-json\/wp\/v2\/posts\/32406\/revisions"}],"wp:featuredmedia":[{"embeddable":true,"href":"https:\/\/marcelolopes.jor.br\/site\/wp-json\/wp\/v2\/media\/32407"}],"wp:attachment":[{"href":"https:\/\/marcelolopes.jor.br\/site\/wp-json\/wp\/v2\/media?parent=32406"}],"wp:term":[{"taxonomy":"category","embeddable":true,"href":"https:\/\/marcelolopes.jor.br\/site\/wp-json\/wp\/v2\/categories?post=32406"},{"taxonomy":"post_tag","embeddable":true,"href":"https:\/\/marcelolopes.jor.br\/site\/wp-json\/wp\/v2\/tags?post=32406"}],"curies":[{"name":"wp","href":"https:\/\/api.w.org\/{rel}","templated":true}]}}