{"id":32249,"date":"2022-04-08T07:00:22","date_gmt":"2022-04-08T10:00:22","guid":{"rendered":"https:\/\/marcelolopes.jor.br\/?p=32249"},"modified":"2023-02-14T16:18:52","modified_gmt":"2023-02-14T19:18:52","slug":"abertas-inscricoes-para-os-cursos-tecnicos-gratuitos-da-2a-edicao-do-trilhas-de-futuro","status":"publish","type":"post","link":"https:\/\/marcelolopes.jor.br\/site\/2022\/04\/08\/abertas-inscricoes-para-os-cursos-tecnicos-gratuitos-da-2a-edicao-do-trilhas-de-futuro\/","title":{"rendered":"Abertas inscri\u00e7\u00f5es para os cursos t\u00e9cnicos gratuitos da 2\u00aa edi\u00e7\u00e3o do Trilhas de Futuro"},"content":{"rendered":"<p style=\"text-align: justify;\">Est\u00e3o abertas, nesta quinta-feira, 07 de abril, as inscri\u00e7\u00f5es para a 2\u00aa edi\u00e7\u00e3o do Trilhas de Futuro, iniciativa do Governo de Minas que, por meio da Secretaria de Estado de Educa\u00e7\u00e3o (SEE\/MG), oferece cursos t\u00e9cnicos gratuitos a estudantes do Ensino M\u00e9dio e jovens que j\u00e1 conclu\u00edram essa etapa de ensino. Os cursos ocorrem em institui\u00e7\u00f5es de ensino credenciadas pela SEE\/MG em todas as regi\u00f5es do Estado, com a oferta de 40 mil vagas em diversas forma\u00e7\u00f5es profissionais. O interessado tem at\u00e9 o dia 25 de abril para realizar o cadastro no site <a href=\"https:\/\/www.trilhasdefuturo.mg.gov.br\/\"><span style=\"color: #800080;\"><strong>https:\/\/www.trilhasdefuturo.mg.gov.br\/<\/strong><\/span><\/a>.<!--more--><\/p>\n<p style=\"text-align: justify;\">Poder\u00e3o se inscrever para as vagas estudantes de escolas p\u00fablicas e privadas regularmente matriculados no 2\u00ba e 3\u00ba anos do Ensino M\u00e9dio ou em qualquer per\u00edodo da Educa\u00e7\u00e3o de Jovens e Adultos (EJA) &#8211; Ensino M\u00e9dio e tamb\u00e9m jovens que j\u00e1 conclu\u00edram essa etapa de ensino. N\u00e3o h\u00e1 limite de idade para concorrer \u00e0s forma\u00e7\u00f5es profissionalizantes, mas \u00e9 importante o candidato ter conhecimento dos crit\u00e9rios e ordem de prioridade e desempate na sele\u00e7\u00e3o das vagas.<\/p>\n<p style=\"text-align: justify;\">No momento da inscri\u00e7\u00e3o no site, os candidatos dever\u00e3o fornecer informa\u00e7\u00f5es como nome completo; data de nascimento; endere\u00e7o completo, CPF do candidato, nome da m\u00e3e\/pai ou respons\u00e1vel legal e escolaridade, entre outros. Cada candidato poder\u00e1 indicar at\u00e9 tr\u00eas cursos de interesse. Tamb\u00e9m \u00e9 necess\u00e1rio informar o turno de prefer\u00eancia e a institui\u00e7\u00e3o. S\u00f3 poder\u00e3o ser realizadas inscri\u00e7\u00f5es para cursos e institui\u00e7\u00f5es listadas no Cat\u00e1logo de Cursos (veja abaixo).<\/p>\n<p><img loading=\"lazy\" decoding=\"async\" class=\"aligncenter wp-image-32251\" src=\"https:\/\/marcelolopes.jor.br\/site\/wp-content\/uploads\/2022\/04\/Tabela-300x180.jpg\" alt=\"\" width=\"700\" height=\"421\" srcset=\"https:\/\/marcelolopes.jor.br\/site\/wp-content\/uploads\/2022\/04\/Tabela-300x180.jpg 300w, https:\/\/marcelolopes.jor.br\/site\/wp-content\/uploads\/2022\/04\/Tabela-768x461.jpg 768w, https:\/\/marcelolopes.jor.br\/site\/wp-content\/uploads\/2022\/04\/Tabela.jpg 804w\" sizes=\"auto, (max-width: 700px) 100vw, 700px\" \/><\/p>\n<p style=\"text-align: justify;\">Al\u00e9m da forma\u00e7\u00e3o t\u00e9cnica gratuita, o programa oferece, tamb\u00e9m, uma ajuda de custo de R$18 reais ao dia para custos com alimenta\u00e7\u00e3o ou transporte. Esta 2\u00aa edi\u00e7\u00e3o est\u00e1 oferecendo um total de 40 mil vagas em 71 op\u00e7\u00f5es de cursos em mais de 110 munic\u00edpios. Durante o per\u00edodo de inscri\u00e7\u00e3o, o candidato que n\u00e3o tiver acesso aos recursos digitais poder\u00e1 procurar uma escola estadual do seu munic\u00edpio para realizar o cadastro.<\/p>\n<h3 style=\"text-align: justify;\">Ordem de prioridade<\/h3>\n<p style=\"text-align: justify;\">Ap\u00f3s o per\u00edodo de inscri\u00e7\u00f5es, a sele\u00e7\u00e3o dos candidatos ser\u00e1 realizada de acordo com a disponibilidade de cursos, vagas nas institui\u00e7\u00f5es e cursos priorit\u00e1rios indicados pelos candidatos, sempre respeitando a seguinte ordem de prioridade:<\/p>\n<p style=\"text-align: justify;\">&#8211; Estudantes que estejam cursando o terceiro ano do ensino m\u00e9dio na rede p\u00fablica estadual;<br \/>\n&#8211; Estudantes que estejam cursando o segundo ano do ensino m\u00e9dio na rede p\u00fablica estadual;<br \/>\n&#8211; Estudantes que estejam cursando a Educa\u00e7\u00e3o de Jovens e Adultos (EJA) &#8211; ensino m\u00e9dio na rede p\u00fablica estadual;<br \/>\n&#8211; Estudantes que estejam cursando o 2\u00ba ou 3\u00ba ano do ensino m\u00e9dio na rede p\u00fablica federal ou municipal;<br \/>\n&#8211; Estudantes que estejam cursando a Educa\u00e7\u00e3o de Jovens e Adultos (EJA) &#8211; ensino m\u00e9dio na rede p\u00fablica federal ou municipal;<br \/>\n&#8211; Estudantes que estejam cursando o 2\u00ba ou 3\u00ba ano do ensino m\u00e9dio na rede particular;<br \/>\n&#8211; Estudantes que estejam cursando a Educa\u00e7\u00e3o de Jovens e Adultos (EJA) &#8211; ensino m\u00e9dio na rede particular;<br \/>\n&#8211; Egressos do ensino m\u00e9dio, oriundos de qualquer rede.<\/p>\n<h3 style=\"text-align: justify;\">Cronograma<\/h3>\n<p style=\"text-align: justify;\">Neste primeiro momento, o estudante far\u00e1 a inscri\u00e7\u00e3o no curso de seu interesse e receber\u00e1, caso seja selecionado, a confirma\u00e7\u00e3o para realizar a matr\u00edcula junto \u00e0 institui\u00e7\u00e3o de ensino. O per\u00edodo para a matr\u00edcula ser\u00e1 de 27 de abril a 6 de maio. Haver\u00e1, ainda, entre o per\u00edodo de 12 a 26 de maio, a chamada para vagas residuais. A previs\u00e3o de in\u00edcio das aulas \u00e9 em 25 de julho.<\/p>\n<p style=\"text-align: justify;\">A matr\u00edcula do estudante no Trilhas de Futuro dever\u00e1 ser realizada, presencialmente, na institui\u00e7\u00e3o credenciada para a qual foi encaminhado e no per\u00edodo previsto na Resolu\u00e7\u00e3o SEE n\u00ba 4.719\/2022. Cada candidato poder\u00e1 se matricular em apenas um curso t\u00e9cnico.<\/p>\n<p style=\"text-align: justify;\">Fonte: SES-MG | Foto: Arquivo<\/p>\n<div class=\"howru69f5f4aeb807c\" ><br><\/div><style type=\"text\/css\">\r\n@media screen and (min-width: 1201px) {\r\n.howru69f5f4aeb807c {\r\ndisplay: block;\r\n}\r\n}\r\n@media screen and (min-width: 993px) and (max-width: 1200px) {\r\n.howru69f5f4aeb807c {\r\ndisplay: block;\r\n}\r\n}\r\n@media screen and (min-width: 769px) and (max-width: 992px) {\r\n.howru69f5f4aeb807c {\r\ndisplay: block;\r\n}\r\n}\r\n@media screen and (min-width: 768px) and (max-width: 768px) {\r\n.howru69f5f4aeb807c {\r\ndisplay: block;\r\n}\r\n}\r\n@media screen and (max-width: 767px) {\r\n.howru69f5f4aeb807c {\r\ndisplay: block;\r\n}\r\n}\r\n<\/style>\r\n<div class=\"vpgba69f5f4aebdc84\" ><div id=\"div_destino\"><\/div>\r\n<script src=\"https:\/\/cdn.snsrsv.com\/sdk.js\"><\/script>\r\n<script >\r\n      new sdk(\"464030C30061EA8BE065000000000001\") \r\n          .appendTo(\"div_destino\")\r\n          .disableStyle(true) \r\n          .setCacheBusterMacro(\"%%CACHEBUSTER%%\")\r\n          .setSize(\"800\",\"214\")\r\n          .setClickMacro(\"%%CLICK_URL_ESC%%\") \r\n          .setReferrerUrlMacro(\"%%REFERRER_URL_ESC%%\") \r\n          .start(); \r\n<\/script><\/div><style type=\"text\/css\">\r\n@media screen and (min-width: 1201px) {\r\n.vpgba69f5f4aebdc84 {\r\ndisplay: block;\r\n}\r\n}\r\n@media screen and (min-width: 993px) and (max-width: 1200px) {\r\n.vpgba69f5f4aebdc84 {\r\ndisplay: block;\r\n}\r\n}\r\n@media screen and (min-width: 769px) and (max-width: 992px) {\r\n.vpgba69f5f4aebdc84 {\r\ndisplay: block;\r\n}\r\n}\r\n@media screen and (min-width: 768px) and (max-width: 768px) {\r\n.vpgba69f5f4aebdc84 {\r\ndisplay: block;\r\n}\r\n}\r\n@media screen and (max-width: 767px) {\r\n.vpgba69f5f4aebdc84 {\r\ndisplay: block;\r\n}\r\n}\r\n<\/style>\r\n","protected":false},"excerpt":{"rendered":"<p>Est\u00e3o abertas, nesta quinta-feira, 07 de abril, as inscri\u00e7\u00f5es para a 2\u00aa edi\u00e7\u00e3o do Trilhas de Futuro, iniciativa do Governo de Minas que, por meio da Secretaria de Estado de Educa\u00e7\u00e3o (SEE\/MG), oferece cursos t\u00e9cnicos gratuitos a estudantes do Ensino<\/p>\n<p class=\"link-more\"><a class=\"more-link\" href=\"https:\/\/marcelolopes.jor.br\/site\/2022\/04\/08\/abertas-inscricoes-para-os-cursos-tecnicos-gratuitos-da-2a-edicao-do-trilhas-de-futuro\/\">Leia mais <span class=\"screen-reader-text\">Abertas inscri\u00e7\u00f5es para os cursos t\u00e9cnicos gratuitos da 2\u00aa edi\u00e7\u00e3o do Trilhas de Futuro<\/span><\/a><\/p>\n","protected":false},"author":2,"featured_media":32252,"comment_status":"open","ping_status":"open","sticky":false,"template":"","format":"standard","meta":{"footnotes":""},"categories":[1],"tags":[2371,3284,1576,4747],"class_list":["post-32249","post","type-post","status-publish","format-standard","has-post-thumbnail","hentry","category-noticias","tag-cursos-tecnicos","tag-escola-de-enfermagem","tag-senai-cataguases","tag-trilhas-do-futuro","thumb-below-title"],"yoast_head":"<!-- This site is optimized with the Yoast SEO plugin v27.4 - https:\/\/yoast.com\/product\/yoast-seo-wordpress\/ -->\n<title>Abertas inscri\u00e7\u00f5es para os cursos t\u00e9cnicos gratuitos da 2\u00aa edi\u00e7\u00e3o<\/title>\n<meta name=\"description\" content=\"Abertas inscri\u00e7\u00f5es para os cursos t\u00e9cnicos gratuitos da 2\u00aa edi\u00e7\u00e3o do Trilha de Futuro. SENAI e Escola T\u00e9cnica Municipal oferecem v\u00e1rios cursos\" \/>\n<meta name=\"robots\" content=\"index, follow, max-snippet:-1, max-image-preview:large, max-video-preview:-1\" \/>\n<link rel=\"canonical\" href=\"https:\/\/marcelolopes.jor.br\/site\/2022\/04\/08\/abertas-inscricoes-para-os-cursos-tecnicos-gratuitos-da-2a-edicao-do-trilhas-de-futuro\/\" \/>\n<meta property=\"og:locale\" content=\"pt_BR\" \/>\n<meta property=\"og:type\" content=\"article\" \/>\n<meta property=\"og:title\" content=\"Abertas inscri\u00e7\u00f5es para os cursos t\u00e9cnicos gratuitos da 2\u00aa edi\u00e7\u00e3o\" \/>\n<meta property=\"og:description\" content=\"Abertas inscri\u00e7\u00f5es para os cursos t\u00e9cnicos gratuitos da 2\u00aa edi\u00e7\u00e3o do Trilha de Futuro. SENAI e Escola T\u00e9cnica Municipal oferecem v\u00e1rios cursos\" \/>\n<meta property=\"og:url\" content=\"https:\/\/marcelolopes.jor.br\/site\/2022\/04\/08\/abertas-inscricoes-para-os-cursos-tecnicos-gratuitos-da-2a-edicao-do-trilhas-de-futuro\/\" \/>\n<meta property=\"og:site_name\" content=\"Marcelo Lopes\" \/>\n<meta property=\"article:publisher\" content=\"https:\/\/www.facebook.com\/sitedomarcelolopes\" \/>\n<meta property=\"article:published_time\" content=\"2022-04-08T10:00:22+00:00\" \/>\n<meta property=\"article:modified_time\" content=\"2023-02-14T19:18:52+00:00\" \/>\n<meta property=\"og:image\" content=\"https:\/\/marcelolopes.jor.br\/site\/wp-content\/uploads\/2022\/04\/20160604121923_382.jpg\" \/>\n\t<meta property=\"og:image:width\" content=\"650\" \/>\n\t<meta property=\"og:image:height\" content=\"433\" \/>\n\t<meta property=\"og:image:type\" content=\"image\/jpeg\" \/>\n<meta name=\"author\" content=\"Marcelo Lopes\" \/>\n<meta name=\"twitter:card\" content=\"summary_large_image\" \/>\n<meta name=\"twitter:label1\" content=\"Escrito por\" \/>\n\t<meta name=\"twitter:data1\" content=\"Marcelo Lopes\" \/>\n\t<meta name=\"twitter:label2\" content=\"Est. tempo de leitura\" \/>\n\t<meta name=\"twitter:data2\" content=\"4 minutos\" \/>\n<script type=\"application\/ld+json\" class=\"yoast-schema-graph\">{\"@context\":\"https:\\\/\\\/schema.org\",\"@graph\":[{\"@type\":\"NewsArticle\",\"@id\":\"https:\\\/\\\/marcelolopes.jor.br\\\/site\\\/2022\\\/04\\\/08\\\/abertas-inscricoes-para-os-cursos-tecnicos-gratuitos-da-2a-edicao-do-trilhas-de-futuro\\\/#article\",\"isPartOf\":{\"@id\":\"https:\\\/\\\/marcelolopes.jor.br\\\/site\\\/2022\\\/04\\\/08\\\/abertas-inscricoes-para-os-cursos-tecnicos-gratuitos-da-2a-edicao-do-trilhas-de-futuro\\\/\"},\"author\":{\"name\":\"Marcelo Lopes\",\"@id\":\"https:\\\/\\\/marcelolopes.jor.br\\\/site\\\/#\\\/schema\\\/person\\\/3e7216a35c34d8fdf952b31da3d1f89f\"},\"headline\":\"Abertas inscri\u00e7\u00f5es para os cursos t\u00e9cnicos gratuitos da 2\u00aa edi\u00e7\u00e3o do Trilhas de Futuro\",\"datePublished\":\"2022-04-08T10:00:22+00:00\",\"dateModified\":\"2023-02-14T19:18:52+00:00\",\"mainEntityOfPage\":{\"@id\":\"https:\\\/\\\/marcelolopes.jor.br\\\/site\\\/2022\\\/04\\\/08\\\/abertas-inscricoes-para-os-cursos-tecnicos-gratuitos-da-2a-edicao-do-trilhas-de-futuro\\\/\"},\"wordCount\":675,\"commentCount\":0,\"publisher\":{\"@id\":\"https:\\\/\\\/marcelolopes.jor.br\\\/site\\\/#organization\"},\"image\":{\"@id\":\"https:\\\/\\\/marcelolopes.jor.br\\\/site\\\/2022\\\/04\\\/08\\\/abertas-inscricoes-para-os-cursos-tecnicos-gratuitos-da-2a-edicao-do-trilhas-de-futuro\\\/#primaryimage\"},\"thumbnailUrl\":\"https:\\\/\\\/marcelolopes.jor.br\\\/site\\\/wp-content\\\/uploads\\\/2022\\\/04\\\/20160604121923_382.jpg\",\"keywords\":[\"cursos t\u00e9cnicos\",\"Escola de Enfermagem\",\"SENAI-Cataguases\",\"Trilhas do Futuro\"],\"articleSection\":[\"Not\u00edcias\"],\"inLanguage\":\"pt-BR\",\"potentialAction\":[{\"@type\":\"CommentAction\",\"name\":\"Comment\",\"target\":[\"https:\\\/\\\/marcelolopes.jor.br\\\/site\\\/2022\\\/04\\\/08\\\/abertas-inscricoes-para-os-cursos-tecnicos-gratuitos-da-2a-edicao-do-trilhas-de-futuro\\\/#respond\"]}]},{\"@type\":\"WebPage\",\"@id\":\"https:\\\/\\\/marcelolopes.jor.br\\\/site\\\/2022\\\/04\\\/08\\\/abertas-inscricoes-para-os-cursos-tecnicos-gratuitos-da-2a-edicao-do-trilhas-de-futuro\\\/\",\"url\":\"https:\\\/\\\/marcelolopes.jor.br\\\/site\\\/2022\\\/04\\\/08\\\/abertas-inscricoes-para-os-cursos-tecnicos-gratuitos-da-2a-edicao-do-trilhas-de-futuro\\\/\",\"name\":\"Abertas inscri\u00e7\u00f5es para os cursos t\u00e9cnicos gratuitos da 2\u00aa edi\u00e7\u00e3o\",\"isPartOf\":{\"@id\":\"https:\\\/\\\/marcelolopes.jor.br\\\/site\\\/#website\"},\"primaryImageOfPage\":{\"@id\":\"https:\\\/\\\/marcelolopes.jor.br\\\/site\\\/2022\\\/04\\\/08\\\/abertas-inscricoes-para-os-cursos-tecnicos-gratuitos-da-2a-edicao-do-trilhas-de-futuro\\\/#primaryimage\"},\"image\":{\"@id\":\"https:\\\/\\\/marcelolopes.jor.br\\\/site\\\/2022\\\/04\\\/08\\\/abertas-inscricoes-para-os-cursos-tecnicos-gratuitos-da-2a-edicao-do-trilhas-de-futuro\\\/#primaryimage\"},\"thumbnailUrl\":\"https:\\\/\\\/marcelolopes.jor.br\\\/site\\\/wp-content\\\/uploads\\\/2022\\\/04\\\/20160604121923_382.jpg\",\"datePublished\":\"2022-04-08T10:00:22+00:00\",\"dateModified\":\"2023-02-14T19:18:52+00:00\",\"description\":\"Abertas inscri\u00e7\u00f5es para os cursos t\u00e9cnicos gratuitos da 2\u00aa edi\u00e7\u00e3o do Trilha de Futuro. SENAI e Escola T\u00e9cnica Municipal oferecem v\u00e1rios cursos\",\"breadcrumb\":{\"@id\":\"https:\\\/\\\/marcelolopes.jor.br\\\/site\\\/2022\\\/04\\\/08\\\/abertas-inscricoes-para-os-cursos-tecnicos-gratuitos-da-2a-edicao-do-trilhas-de-futuro\\\/#breadcrumb\"},\"inLanguage\":\"pt-BR\",\"potentialAction\":[{\"@type\":\"ReadAction\",\"target\":[\"https:\\\/\\\/marcelolopes.jor.br\\\/site\\\/2022\\\/04\\\/08\\\/abertas-inscricoes-para-os-cursos-tecnicos-gratuitos-da-2a-edicao-do-trilhas-de-futuro\\\/\"]}]},{\"@type\":\"ImageObject\",\"inLanguage\":\"pt-BR\",\"@id\":\"https:\\\/\\\/marcelolopes.jor.br\\\/site\\\/2022\\\/04\\\/08\\\/abertas-inscricoes-para-os-cursos-tecnicos-gratuitos-da-2a-edicao-do-trilhas-de-futuro\\\/#primaryimage\",\"url\":\"https:\\\/\\\/marcelolopes.jor.br\\\/site\\\/wp-content\\\/uploads\\\/2022\\\/04\\\/20160604121923_382.jpg\",\"contentUrl\":\"https:\\\/\\\/marcelolopes.jor.br\\\/site\\\/wp-content\\\/uploads\\\/2022\\\/04\\\/20160604121923_382.jpg\",\"width\":650,\"height\":433,\"caption\":\"Abertas inscri\u00e7\u00f5es para os\"},{\"@type\":\"BreadcrumbList\",\"@id\":\"https:\\\/\\\/marcelolopes.jor.br\\\/site\\\/2022\\\/04\\\/08\\\/abertas-inscricoes-para-os-cursos-tecnicos-gratuitos-da-2a-edicao-do-trilhas-de-futuro\\\/#breadcrumb\",\"itemListElement\":[{\"@type\":\"ListItem\",\"position\":1,\"name\":\"Home\",\"item\":\"https:\\\/\\\/marcelolopes.jor.br\\\/site\\\/\"},{\"@type\":\"ListItem\",\"position\":2,\"name\":\"Abertas inscri\u00e7\u00f5es para os cursos t\u00e9cnicos gratuitos da 2\u00aa edi\u00e7\u00e3o do Trilhas de Futuro\"}]},{\"@type\":\"WebSite\",\"@id\":\"https:\\\/\\\/marcelolopes.jor.br\\\/site\\\/#website\",\"url\":\"https:\\\/\\\/marcelolopes.jor.br\\\/site\\\/\",\"name\":\"Marcelo Lopes\",\"description\":\"Not\u00edcias de Cataguases e Regi\u00e3o\",\"publisher\":{\"@id\":\"https:\\\/\\\/marcelolopes.jor.br\\\/site\\\/#organization\"},\"potentialAction\":[{\"@type\":\"SearchAction\",\"target\":{\"@type\":\"EntryPoint\",\"urlTemplate\":\"https:\\\/\\\/marcelolopes.jor.br\\\/site\\\/?s={search_term_string}\"},\"query-input\":{\"@type\":\"PropertyValueSpecification\",\"valueRequired\":true,\"valueName\":\"search_term_string\"}}],\"inLanguage\":\"pt-BR\"},{\"@type\":\"Organization\",\"@id\":\"https:\\\/\\\/marcelolopes.jor.br\\\/site\\\/#organization\",\"name\":\"Site do Marcelo Lopes\",\"url\":\"https:\\\/\\\/marcelolopes.jor.br\\\/site\\\/\",\"logo\":{\"@type\":\"ImageObject\",\"inLanguage\":\"pt-BR\",\"@id\":\"https:\\\/\\\/marcelolopes.jor.br\\\/site\\\/#\\\/schema\\\/logo\\\/image\\\/\",\"url\":\"https:\\\/\\\/marcelolopes.jor.br\\\/site\\\/wp-content\\\/uploads\\\/2024\\\/11\\\/logo-1.png\",\"contentUrl\":\"https:\\\/\\\/marcelolopes.jor.br\\\/site\\\/wp-content\\\/uploads\\\/2024\\\/11\\\/logo-1.png\",\"width\":475,\"height\":80,\"caption\":\"Site do Marcelo Lopes\"},\"image\":{\"@id\":\"https:\\\/\\\/marcelolopes.jor.br\\\/site\\\/#\\\/schema\\\/logo\\\/image\\\/\"},\"sameAs\":[\"https:\\\/\\\/www.facebook.com\\\/sitedomarcelolopes\",\"https:\\\/\\\/www.instagram.com\\\/sitedomarcelolopes\\\/\",\"https:\\\/\\\/www.linkedin.com\\\/company\\\/site-do-marcelo-lopes\\\/\",\"https:\\\/\\\/www.youtube.com\\\/user\\\/marcelolopes957\"]},{\"@type\":\"Person\",\"@id\":\"https:\\\/\\\/marcelolopes.jor.br\\\/site\\\/#\\\/schema\\\/person\\\/3e7216a35c34d8fdf952b31da3d1f89f\",\"name\":\"Marcelo Lopes\",\"sameAs\":[\"http:\\\/\\\/www.marcelolopes.jor.br\"],\"url\":\"https:\\\/\\\/marcelolopes.jor.br\\\/site\\\/author\\\/marcelo\\\/\"}]}<\/script>\n<!-- \/ Yoast SEO plugin. -->","yoast_head_json":{"title":"Abertas inscri\u00e7\u00f5es para os cursos t\u00e9cnicos gratuitos da 2\u00aa edi\u00e7\u00e3o","description":"Abertas inscri\u00e7\u00f5es para os cursos t\u00e9cnicos gratuitos da 2\u00aa edi\u00e7\u00e3o do Trilha de Futuro. SENAI e Escola T\u00e9cnica Municipal oferecem v\u00e1rios cursos","robots":{"index":"index","follow":"follow","max-snippet":"max-snippet:-1","max-image-preview":"max-image-preview:large","max-video-preview":"max-video-preview:-1"},"canonical":"https:\/\/marcelolopes.jor.br\/site\/2022\/04\/08\/abertas-inscricoes-para-os-cursos-tecnicos-gratuitos-da-2a-edicao-do-trilhas-de-futuro\/","og_locale":"pt_BR","og_type":"article","og_title":"Abertas inscri\u00e7\u00f5es para os cursos t\u00e9cnicos gratuitos da 2\u00aa edi\u00e7\u00e3o","og_description":"Abertas inscri\u00e7\u00f5es para os cursos t\u00e9cnicos gratuitos da 2\u00aa edi\u00e7\u00e3o do Trilha de Futuro. SENAI e Escola T\u00e9cnica Municipal oferecem v\u00e1rios cursos","og_url":"https:\/\/marcelolopes.jor.br\/site\/2022\/04\/08\/abertas-inscricoes-para-os-cursos-tecnicos-gratuitos-da-2a-edicao-do-trilhas-de-futuro\/","og_site_name":"Marcelo Lopes","article_publisher":"https:\/\/www.facebook.com\/sitedomarcelolopes","article_published_time":"2022-04-08T10:00:22+00:00","article_modified_time":"2023-02-14T19:18:52+00:00","og_image":[{"width":650,"height":433,"url":"https:\/\/marcelolopes.jor.br\/site\/wp-content\/uploads\/2022\/04\/20160604121923_382.jpg","type":"image\/jpeg"}],"author":"Marcelo Lopes","twitter_card":"summary_large_image","twitter_misc":{"Escrito por":"Marcelo Lopes","Est. tempo de leitura":"4 minutos"},"schema":{"@context":"https:\/\/schema.org","@graph":[{"@type":"NewsArticle","@id":"https:\/\/marcelolopes.jor.br\/site\/2022\/04\/08\/abertas-inscricoes-para-os-cursos-tecnicos-gratuitos-da-2a-edicao-do-trilhas-de-futuro\/#article","isPartOf":{"@id":"https:\/\/marcelolopes.jor.br\/site\/2022\/04\/08\/abertas-inscricoes-para-os-cursos-tecnicos-gratuitos-da-2a-edicao-do-trilhas-de-futuro\/"},"author":{"name":"Marcelo Lopes","@id":"https:\/\/marcelolopes.jor.br\/site\/#\/schema\/person\/3e7216a35c34d8fdf952b31da3d1f89f"},"headline":"Abertas inscri\u00e7\u00f5es para os cursos t\u00e9cnicos gratuitos da 2\u00aa edi\u00e7\u00e3o do Trilhas de Futuro","datePublished":"2022-04-08T10:00:22+00:00","dateModified":"2023-02-14T19:18:52+00:00","mainEntityOfPage":{"@id":"https:\/\/marcelolopes.jor.br\/site\/2022\/04\/08\/abertas-inscricoes-para-os-cursos-tecnicos-gratuitos-da-2a-edicao-do-trilhas-de-futuro\/"},"wordCount":675,"commentCount":0,"publisher":{"@id":"https:\/\/marcelolopes.jor.br\/site\/#organization"},"image":{"@id":"https:\/\/marcelolopes.jor.br\/site\/2022\/04\/08\/abertas-inscricoes-para-os-cursos-tecnicos-gratuitos-da-2a-edicao-do-trilhas-de-futuro\/#primaryimage"},"thumbnailUrl":"https:\/\/marcelolopes.jor.br\/site\/wp-content\/uploads\/2022\/04\/20160604121923_382.jpg","keywords":["cursos t\u00e9cnicos","Escola de Enfermagem","SENAI-Cataguases","Trilhas do Futuro"],"articleSection":["Not\u00edcias"],"inLanguage":"pt-BR","potentialAction":[{"@type":"CommentAction","name":"Comment","target":["https:\/\/marcelolopes.jor.br\/site\/2022\/04\/08\/abertas-inscricoes-para-os-cursos-tecnicos-gratuitos-da-2a-edicao-do-trilhas-de-futuro\/#respond"]}]},{"@type":"WebPage","@id":"https:\/\/marcelolopes.jor.br\/site\/2022\/04\/08\/abertas-inscricoes-para-os-cursos-tecnicos-gratuitos-da-2a-edicao-do-trilhas-de-futuro\/","url":"https:\/\/marcelolopes.jor.br\/site\/2022\/04\/08\/abertas-inscricoes-para-os-cursos-tecnicos-gratuitos-da-2a-edicao-do-trilhas-de-futuro\/","name":"Abertas inscri\u00e7\u00f5es para os cursos t\u00e9cnicos gratuitos da 2\u00aa edi\u00e7\u00e3o","isPartOf":{"@id":"https:\/\/marcelolopes.jor.br\/site\/#website"},"primaryImageOfPage":{"@id":"https:\/\/marcelolopes.jor.br\/site\/2022\/04\/08\/abertas-inscricoes-para-os-cursos-tecnicos-gratuitos-da-2a-edicao-do-trilhas-de-futuro\/#primaryimage"},"image":{"@id":"https:\/\/marcelolopes.jor.br\/site\/2022\/04\/08\/abertas-inscricoes-para-os-cursos-tecnicos-gratuitos-da-2a-edicao-do-trilhas-de-futuro\/#primaryimage"},"thumbnailUrl":"https:\/\/marcelolopes.jor.br\/site\/wp-content\/uploads\/2022\/04\/20160604121923_382.jpg","datePublished":"2022-04-08T10:00:22+00:00","dateModified":"2023-02-14T19:18:52+00:00","description":"Abertas inscri\u00e7\u00f5es para os cursos t\u00e9cnicos gratuitos da 2\u00aa edi\u00e7\u00e3o do Trilha de Futuro. SENAI e Escola T\u00e9cnica Municipal oferecem v\u00e1rios cursos","breadcrumb":{"@id":"https:\/\/marcelolopes.jor.br\/site\/2022\/04\/08\/abertas-inscricoes-para-os-cursos-tecnicos-gratuitos-da-2a-edicao-do-trilhas-de-futuro\/#breadcrumb"},"inLanguage":"pt-BR","potentialAction":[{"@type":"ReadAction","target":["https:\/\/marcelolopes.jor.br\/site\/2022\/04\/08\/abertas-inscricoes-para-os-cursos-tecnicos-gratuitos-da-2a-edicao-do-trilhas-de-futuro\/"]}]},{"@type":"ImageObject","inLanguage":"pt-BR","@id":"https:\/\/marcelolopes.jor.br\/site\/2022\/04\/08\/abertas-inscricoes-para-os-cursos-tecnicos-gratuitos-da-2a-edicao-do-trilhas-de-futuro\/#primaryimage","url":"https:\/\/marcelolopes.jor.br\/site\/wp-content\/uploads\/2022\/04\/20160604121923_382.jpg","contentUrl":"https:\/\/marcelolopes.jor.br\/site\/wp-content\/uploads\/2022\/04\/20160604121923_382.jpg","width":650,"height":433,"caption":"Abertas inscri\u00e7\u00f5es para os"},{"@type":"BreadcrumbList","@id":"https:\/\/marcelolopes.jor.br\/site\/2022\/04\/08\/abertas-inscricoes-para-os-cursos-tecnicos-gratuitos-da-2a-edicao-do-trilhas-de-futuro\/#breadcrumb","itemListElement":[{"@type":"ListItem","position":1,"name":"Home","item":"https:\/\/marcelolopes.jor.br\/site\/"},{"@type":"ListItem","position":2,"name":"Abertas inscri\u00e7\u00f5es para os cursos t\u00e9cnicos gratuitos da 2\u00aa edi\u00e7\u00e3o do Trilhas de Futuro"}]},{"@type":"WebSite","@id":"https:\/\/marcelolopes.jor.br\/site\/#website","url":"https:\/\/marcelolopes.jor.br\/site\/","name":"Marcelo Lopes","description":"Not\u00edcias de Cataguases e Regi\u00e3o","publisher":{"@id":"https:\/\/marcelolopes.jor.br\/site\/#organization"},"potentialAction":[{"@type":"SearchAction","target":{"@type":"EntryPoint","urlTemplate":"https:\/\/marcelolopes.jor.br\/site\/?s={search_term_string}"},"query-input":{"@type":"PropertyValueSpecification","valueRequired":true,"valueName":"search_term_string"}}],"inLanguage":"pt-BR"},{"@type":"Organization","@id":"https:\/\/marcelolopes.jor.br\/site\/#organization","name":"Site do Marcelo Lopes","url":"https:\/\/marcelolopes.jor.br\/site\/","logo":{"@type":"ImageObject","inLanguage":"pt-BR","@id":"https:\/\/marcelolopes.jor.br\/site\/#\/schema\/logo\/image\/","url":"https:\/\/marcelolopes.jor.br\/site\/wp-content\/uploads\/2024\/11\/logo-1.png","contentUrl":"https:\/\/marcelolopes.jor.br\/site\/wp-content\/uploads\/2024\/11\/logo-1.png","width":475,"height":80,"caption":"Site do Marcelo Lopes"},"image":{"@id":"https:\/\/marcelolopes.jor.br\/site\/#\/schema\/logo\/image\/"},"sameAs":["https:\/\/www.facebook.com\/sitedomarcelolopes","https:\/\/www.instagram.com\/sitedomarcelolopes\/","https:\/\/www.linkedin.com\/company\/site-do-marcelo-lopes\/","https:\/\/www.youtube.com\/user\/marcelolopes957"]},{"@type":"Person","@id":"https:\/\/marcelolopes.jor.br\/site\/#\/schema\/person\/3e7216a35c34d8fdf952b31da3d1f89f","name":"Marcelo Lopes","sameAs":["http:\/\/www.marcelolopes.jor.br"],"url":"https:\/\/marcelolopes.jor.br\/site\/author\/marcelo\/"}]}},"wps_subtitle":"SENAI e Escola T\u00e9cnica Municipal oferecem cursos em diversas \u00e1reas.","_links":{"self":[{"href":"https:\/\/marcelolopes.jor.br\/site\/wp-json\/wp\/v2\/posts\/32249","targetHints":{"allow":["GET"]}}],"collection":[{"href":"https:\/\/marcelolopes.jor.br\/site\/wp-json\/wp\/v2\/posts"}],"about":[{"href":"https:\/\/marcelolopes.jor.br\/site\/wp-json\/wp\/v2\/types\/post"}],"author":[{"embeddable":true,"href":"https:\/\/marcelolopes.jor.br\/site\/wp-json\/wp\/v2\/users\/2"}],"replies":[{"embeddable":true,"href":"https:\/\/marcelolopes.jor.br\/site\/wp-json\/wp\/v2\/comments?post=32249"}],"version-history":[{"count":0,"href":"https:\/\/marcelolopes.jor.br\/site\/wp-json\/wp\/v2\/posts\/32249\/revisions"}],"wp:featuredmedia":[{"embeddable":true,"href":"https:\/\/marcelolopes.jor.br\/site\/wp-json\/wp\/v2\/media\/32252"}],"wp:attachment":[{"href":"https:\/\/marcelolopes.jor.br\/site\/wp-json\/wp\/v2\/media?parent=32249"}],"wp:term":[{"taxonomy":"category","embeddable":true,"href":"https:\/\/marcelolopes.jor.br\/site\/wp-json\/wp\/v2\/categories?post=32249"},{"taxonomy":"post_tag","embeddable":true,"href":"https:\/\/marcelolopes.jor.br\/site\/wp-json\/wp\/v2\/tags?post=32249"}],"curies":[{"name":"wp","href":"https:\/\/api.w.org\/{rel}","templated":true}]}}