{"id":32220,"date":"2022-04-06T20:00:40","date_gmt":"2022-04-06T23:00:40","guid":{"rendered":"https:\/\/marcelolopes.jor.br\/?p=32220"},"modified":"2022-04-06T19:09:04","modified_gmt":"2022-04-06T22:09:04","slug":"operacao-do-ministerio-publico-cumpre-mandados-em-vicosa-e-leopoldina","status":"publish","type":"post","link":"https:\/\/marcelolopes.jor.br\/site\/2022\/04\/06\/operacao-do-ministerio-publico-cumpre-mandados-em-vicosa-e-leopoldina\/","title":{"rendered":"Opera\u00e7\u00e3o do Minist\u00e9rio P\u00fablico cumpre mandados em Vi\u00e7osa e Leopoldina"},"content":{"rendered":"<p style=\"text-align: justify;\">O Minist\u00e9rio P\u00fablico de Minas Gerais (MPMG) realizou nesta quarta-feira, 6 de abril, a segunda fase da opera\u00e7\u00e3o Poder Paralelo. O objetivo foi apurar e reprimir condutas de membros de organiza\u00e7\u00e3o criminosa atuante em Vi\u00e7osa e regi\u00e3o, voltada ao tr\u00e1fico de drogas, \u00e0 lavagem de dinheiro e \u00e0 pr\u00e1tica de crimes violentos, como homic\u00eddios.<!--more--><\/p>\n<p style=\"text-align: justify;\">Na ocasi\u00e3o foram cumpridos oito mandados de busca e apreens\u00e3o nos munic\u00edpios de Vi\u00e7osa e Leopoldina. A a\u00e7\u00e3o foi conduzida pela 3\u00aa Promotoria de Justi\u00e7a de Vi\u00e7osa e pelo Grupo de Atua\u00e7\u00e3o Especial de Combate ao Crime Organizado (Gaeco), unidade de Visconde do Rio Branco, em conjunto com as Pol\u00edcias Civil e Militar.<\/p>\n<p><img loading=\"lazy\" decoding=\"async\" class=\"aligncenter wp-image-32223\" src=\"https:\/\/marcelolopes.jor.br\/site\/wp-content\/uploads\/2022\/04\/WhatsApp-Image-2022-04-06-at-16.45.21-300x225.jpeg\" alt=\"\" width=\"500\" height=\"375\" srcset=\"https:\/\/marcelolopes.jor.br\/site\/wp-content\/uploads\/2022\/04\/WhatsApp-Image-2022-04-06-at-16.45.21-300x225.jpeg 300w, https:\/\/marcelolopes.jor.br\/site\/wp-content\/uploads\/2022\/04\/WhatsApp-Image-2022-04-06-at-16.45.21-320x240.jpeg 320w, https:\/\/marcelolopes.jor.br\/site\/wp-content\/uploads\/2022\/04\/WhatsApp-Image-2022-04-06-at-16.45.21.jpeg 558w\" sizes=\"auto, (max-width: 500px) 100vw, 500px\" \/><\/p>\n<h3 style=\"text-align: justify;\">Investiga\u00e7\u00f5es<\/h3>\n<p style=\"text-align: justify;\">Na primeira fase da opera\u00e7\u00e3o Poder Paralelo, ocorrida em 21 de setembro de 2020, foi identificado um elevado fluxo de subst\u00e2ncias entorpecentes, armas de grosso calibre e dinheiro movimentados pela organiza\u00e7\u00e3o criminosa sediada no bairro Bom Jesus, em Vi\u00e7osa. Nesse contexto, as dilig\u00eancias empreendidas foram capazes de identificar a atua\u00e7\u00e3o de um n\u00facleo organizacional que movimentava valores expressivos de capital, superando um milh\u00e3o de reais por m\u00eas.<\/p>\n<p style=\"text-align: justify;\">Diante desse cen\u00e1rio, o MPMG postulou a pris\u00e3o preventiva dos envolvidos e a busca e apreens\u00e3o domiciliar. O Poder Judici\u00e1rio, por sua vez, deferiu o pedido de busca e apreens\u00e3o e indeferiu o pedido de pris\u00e3o, aplicando a tr\u00eas envolvidos medidas cautelares diversas da cust\u00f3dia.<\/p>\n<p style=\"text-align: justify;\">De acordo com o Gaeco, as investiga\u00e7\u00f5es seguir\u00e3o para apurar o envolvimento de terceiros nas condutas delitivas praticadas pela organiza\u00e7\u00e3o, bem como para constatar o rastro deixado pela atua\u00e7\u00e3o financeira do grupo, j\u00e1 que os investigados ocultam e dissimulam a natureza, origem, localiza\u00e7\u00e3o, disposi\u00e7\u00e3o, movimenta\u00e7\u00e3o ou propriedade de bens, direitos e valores provenientes, direta ou indiretamente, de infra\u00e7\u00f5es penais, inclusive ve\u00edculos, empresas e im\u00f3veis.<\/p>\n<p style=\"text-align: justify;\">Fonte: Gaeco Visconde do Rio Branco | Foto: MPMG<\/p>\n<div class=\"zlmpa69f59c0ef2e47\" ><br><\/div><style type=\"text\/css\">\r\n@media screen and (min-width: 1201px) {\r\n.zlmpa69f59c0ef2e47 {\r\ndisplay: block;\r\n}\r\n}\r\n@media screen and (min-width: 993px) and (max-width: 1200px) {\r\n.zlmpa69f59c0ef2e47 {\r\ndisplay: block;\r\n}\r\n}\r\n@media screen and (min-width: 769px) and (max-width: 992px) {\r\n.zlmpa69f59c0ef2e47 {\r\ndisplay: block;\r\n}\r\n}\r\n@media screen and (min-width: 768px) and (max-width: 768px) {\r\n.zlmpa69f59c0ef2e47 {\r\ndisplay: block;\r\n}\r\n}\r\n@media screen and (max-width: 767px) {\r\n.zlmpa69f59c0ef2e47 {\r\ndisplay: block;\r\n}\r\n}\r\n<\/style>\r\n<div class=\"giits69f59c0f040ce\" ><div id=\"div_destino\"><\/div>\r\n<script src=\"https:\/\/cdn.snsrsv.com\/sdk.js\"><\/script>\r\n<script >\r\n      new sdk(\"464030C30061EA8BE065000000000001\") \r\n          .appendTo(\"div_destino\")\r\n          .disableStyle(true) \r\n          .setCacheBusterMacro(\"%%CACHEBUSTER%%\")\r\n          .setSize(\"800\",\"214\")\r\n          .setClickMacro(\"%%CLICK_URL_ESC%%\") \r\n          .setReferrerUrlMacro(\"%%REFERRER_URL_ESC%%\") \r\n          .start(); \r\n<\/script><\/div><style type=\"text\/css\">\r\n@media screen and (min-width: 1201px) {\r\n.giits69f59c0f040ce {\r\ndisplay: block;\r\n}\r\n}\r\n@media screen and (min-width: 993px) and (max-width: 1200px) {\r\n.giits69f59c0f040ce {\r\ndisplay: block;\r\n}\r\n}\r\n@media screen and (min-width: 769px) and (max-width: 992px) {\r\n.giits69f59c0f040ce {\r\ndisplay: block;\r\n}\r\n}\r\n@media screen and (min-width: 768px) and (max-width: 768px) {\r\n.giits69f59c0f040ce {\r\ndisplay: block;\r\n}\r\n}\r\n@media screen and (max-width: 767px) {\r\n.giits69f59c0f040ce {\r\ndisplay: block;\r\n}\r\n}\r\n<\/style>\r\n","protected":false},"excerpt":{"rendered":"<p>O Minist\u00e9rio P\u00fablico de Minas Gerais (MPMG) realizou nesta quarta-feira, 6 de abril, a segunda fase da opera\u00e7\u00e3o Poder Paralelo. O objetivo foi apurar e reprimir condutas de membros de organiza\u00e7\u00e3o criminosa atuante em Vi\u00e7osa e regi\u00e3o, voltada ao tr\u00e1fico<\/p>\n<p class=\"link-more\"><a class=\"more-link\" href=\"https:\/\/marcelolopes.jor.br\/site\/2022\/04\/06\/operacao-do-ministerio-publico-cumpre-mandados-em-vicosa-e-leopoldina\/\">Leia mais <span class=\"screen-reader-text\">Opera\u00e7\u00e3o do Minist\u00e9rio P\u00fablico cumpre mandados em Vi\u00e7osa e Leopoldina<\/span><\/a><\/p>\n","protected":false},"author":2,"featured_media":32222,"comment_status":"open","ping_status":"open","sticky":false,"template":"","format":"standard","meta":{"footnotes":""},"categories":[1],"tags":[3147,1201,5609,5779],"class_list":["post-32220","post","type-post","status-publish","format-standard","has-post-thumbnail","hentry","category-noticias","tag-gaeco","tag-mpmg","tag-operacao-do-gaeco","tag-poder-paralelo","thumb-below-title"],"yoast_head":"<!-- This site is optimized with the Yoast SEO plugin v27.4 - https:\/\/yoast.com\/product\/yoast-seo-wordpress\/ -->\n<title>Opera\u00e7\u00e3o do Minist\u00e9rio P\u00fablico cumpre mandados em Vi\u00e7osa e Leopoldina | Marcelo Lopes<\/title>\n<meta name=\"robots\" content=\"index, follow, max-snippet:-1, max-image-preview:large, max-video-preview:-1\" \/>\n<link rel=\"canonical\" href=\"https:\/\/marcelolopes.jor.br\/site\/2022\/04\/06\/operacao-do-ministerio-publico-cumpre-mandados-em-vicosa-e-leopoldina\/\" \/>\n<meta property=\"og:locale\" content=\"pt_BR\" \/>\n<meta property=\"og:type\" content=\"article\" \/>\n<meta property=\"og:title\" content=\"Opera\u00e7\u00e3o do Minist\u00e9rio P\u00fablico cumpre mandados em Vi\u00e7osa e Leopoldina | Marcelo Lopes\" \/>\n<meta property=\"og:description\" content=\"O Minist\u00e9rio P\u00fablico de Minas Gerais (MPMG) realizou nesta quarta-feira, 6 de abril, a segunda fase da opera\u00e7\u00e3o Poder Paralelo. O objetivo foi apurar e reprimir condutas de membros de organiza\u00e7\u00e3o criminosa atuante em Vi\u00e7osa e regi\u00e3o, voltada ao tr\u00e1ficoLeia mais Opera\u00e7\u00e3o do Minist\u00e9rio P\u00fablico cumpre mandados em Vi\u00e7osa e Leopoldina\" \/>\n<meta property=\"og:url\" content=\"https:\/\/marcelolopes.jor.br\/site\/2022\/04\/06\/operacao-do-ministerio-publico-cumpre-mandados-em-vicosa-e-leopoldina\/\" \/>\n<meta property=\"og:site_name\" content=\"Marcelo Lopes\" \/>\n<meta property=\"article:publisher\" content=\"https:\/\/www.facebook.com\/sitedomarcelolopes\" \/>\n<meta property=\"article:published_time\" content=\"2022-04-06T23:00:40+00:00\" \/>\n<meta property=\"og:image\" content=\"https:\/\/marcelolopes.jor.br\/site\/wp-content\/uploads\/2022\/04\/Apreensoes.jpg\" \/>\n\t<meta property=\"og:image:width\" content=\"803\" \/>\n\t<meta property=\"og:image:height\" content=\"502\" \/>\n\t<meta property=\"og:image:type\" content=\"image\/jpeg\" \/>\n<meta name=\"author\" content=\"Marcelo Lopes\" \/>\n<meta name=\"twitter:card\" content=\"summary_large_image\" \/>\n<meta name=\"twitter:label1\" content=\"Escrito por\" \/>\n\t<meta name=\"twitter:data1\" content=\"Marcelo Lopes\" \/>\n\t<meta name=\"twitter:label2\" content=\"Est. tempo de leitura\" \/>\n\t<meta name=\"twitter:data2\" content=\"2 minutos\" \/>\n<script type=\"application\/ld+json\" class=\"yoast-schema-graph\">{\"@context\":\"https:\\\/\\\/schema.org\",\"@graph\":[{\"@type\":\"NewsArticle\",\"@id\":\"https:\\\/\\\/marcelolopes.jor.br\\\/site\\\/2022\\\/04\\\/06\\\/operacao-do-ministerio-publico-cumpre-mandados-em-vicosa-e-leopoldina\\\/#article\",\"isPartOf\":{\"@id\":\"https:\\\/\\\/marcelolopes.jor.br\\\/site\\\/2022\\\/04\\\/06\\\/operacao-do-ministerio-publico-cumpre-mandados-em-vicosa-e-leopoldina\\\/\"},\"author\":{\"name\":\"Marcelo Lopes\",\"@id\":\"https:\\\/\\\/marcelolopes.jor.br\\\/site\\\/#\\\/schema\\\/person\\\/3e7216a35c34d8fdf952b31da3d1f89f\"},\"headline\":\"Opera\u00e7\u00e3o do Minist\u00e9rio P\u00fablico cumpre mandados em Vi\u00e7osa e Leopoldina\",\"datePublished\":\"2022-04-06T23:00:40+00:00\",\"mainEntityOfPage\":{\"@id\":\"https:\\\/\\\/marcelolopes.jor.br\\\/site\\\/2022\\\/04\\\/06\\\/operacao-do-ministerio-publico-cumpre-mandados-em-vicosa-e-leopoldina\\\/\"},\"wordCount\":346,\"commentCount\":0,\"publisher\":{\"@id\":\"https:\\\/\\\/marcelolopes.jor.br\\\/site\\\/#organization\"},\"image\":{\"@id\":\"https:\\\/\\\/marcelolopes.jor.br\\\/site\\\/2022\\\/04\\\/06\\\/operacao-do-ministerio-publico-cumpre-mandados-em-vicosa-e-leopoldina\\\/#primaryimage\"},\"thumbnailUrl\":\"https:\\\/\\\/marcelolopes.jor.br\\\/site\\\/wp-content\\\/uploads\\\/2022\\\/04\\\/Apreensoes.jpg\",\"keywords\":[\"Gaeco\",\"MPMG\",\"opera\u00e7\u00e3o do Gaeco\",\"Poder Paralelo\"],\"articleSection\":[\"Not\u00edcias\"],\"inLanguage\":\"pt-BR\",\"potentialAction\":[{\"@type\":\"CommentAction\",\"name\":\"Comment\",\"target\":[\"https:\\\/\\\/marcelolopes.jor.br\\\/site\\\/2022\\\/04\\\/06\\\/operacao-do-ministerio-publico-cumpre-mandados-em-vicosa-e-leopoldina\\\/#respond\"]}]},{\"@type\":\"WebPage\",\"@id\":\"https:\\\/\\\/marcelolopes.jor.br\\\/site\\\/2022\\\/04\\\/06\\\/operacao-do-ministerio-publico-cumpre-mandados-em-vicosa-e-leopoldina\\\/\",\"url\":\"https:\\\/\\\/marcelolopes.jor.br\\\/site\\\/2022\\\/04\\\/06\\\/operacao-do-ministerio-publico-cumpre-mandados-em-vicosa-e-leopoldina\\\/\",\"name\":\"Opera\u00e7\u00e3o do Minist\u00e9rio P\u00fablico cumpre mandados em Vi\u00e7osa e Leopoldina | Marcelo Lopes\",\"isPartOf\":{\"@id\":\"https:\\\/\\\/marcelolopes.jor.br\\\/site\\\/#website\"},\"primaryImageOfPage\":{\"@id\":\"https:\\\/\\\/marcelolopes.jor.br\\\/site\\\/2022\\\/04\\\/06\\\/operacao-do-ministerio-publico-cumpre-mandados-em-vicosa-e-leopoldina\\\/#primaryimage\"},\"image\":{\"@id\":\"https:\\\/\\\/marcelolopes.jor.br\\\/site\\\/2022\\\/04\\\/06\\\/operacao-do-ministerio-publico-cumpre-mandados-em-vicosa-e-leopoldina\\\/#primaryimage\"},\"thumbnailUrl\":\"https:\\\/\\\/marcelolopes.jor.br\\\/site\\\/wp-content\\\/uploads\\\/2022\\\/04\\\/Apreensoes.jpg\",\"datePublished\":\"2022-04-06T23:00:40+00:00\",\"breadcrumb\":{\"@id\":\"https:\\\/\\\/marcelolopes.jor.br\\\/site\\\/2022\\\/04\\\/06\\\/operacao-do-ministerio-publico-cumpre-mandados-em-vicosa-e-leopoldina\\\/#breadcrumb\"},\"inLanguage\":\"pt-BR\",\"potentialAction\":[{\"@type\":\"ReadAction\",\"target\":[\"https:\\\/\\\/marcelolopes.jor.br\\\/site\\\/2022\\\/04\\\/06\\\/operacao-do-ministerio-publico-cumpre-mandados-em-vicosa-e-leopoldina\\\/\"]}]},{\"@type\":\"ImageObject\",\"inLanguage\":\"pt-BR\",\"@id\":\"https:\\\/\\\/marcelolopes.jor.br\\\/site\\\/2022\\\/04\\\/06\\\/operacao-do-ministerio-publico-cumpre-mandados-em-vicosa-e-leopoldina\\\/#primaryimage\",\"url\":\"https:\\\/\\\/marcelolopes.jor.br\\\/site\\\/wp-content\\\/uploads\\\/2022\\\/04\\\/Apreensoes.jpg\",\"contentUrl\":\"https:\\\/\\\/marcelolopes.jor.br\\\/site\\\/wp-content\\\/uploads\\\/2022\\\/04\\\/Apreensoes.jpg\",\"width\":803,\"height\":502},{\"@type\":\"BreadcrumbList\",\"@id\":\"https:\\\/\\\/marcelolopes.jor.br\\\/site\\\/2022\\\/04\\\/06\\\/operacao-do-ministerio-publico-cumpre-mandados-em-vicosa-e-leopoldina\\\/#breadcrumb\",\"itemListElement\":[{\"@type\":\"ListItem\",\"position\":1,\"name\":\"Home\",\"item\":\"https:\\\/\\\/marcelolopes.jor.br\\\/site\\\/\"},{\"@type\":\"ListItem\",\"position\":2,\"name\":\"Opera\u00e7\u00e3o do Minist\u00e9rio P\u00fablico cumpre mandados em Vi\u00e7osa e Leopoldina\"}]},{\"@type\":\"WebSite\",\"@id\":\"https:\\\/\\\/marcelolopes.jor.br\\\/site\\\/#website\",\"url\":\"https:\\\/\\\/marcelolopes.jor.br\\\/site\\\/\",\"name\":\"Marcelo Lopes\",\"description\":\"Not\u00edcias de Cataguases e Regi\u00e3o\",\"publisher\":{\"@id\":\"https:\\\/\\\/marcelolopes.jor.br\\\/site\\\/#organization\"},\"potentialAction\":[{\"@type\":\"SearchAction\",\"target\":{\"@type\":\"EntryPoint\",\"urlTemplate\":\"https:\\\/\\\/marcelolopes.jor.br\\\/site\\\/?s={search_term_string}\"},\"query-input\":{\"@type\":\"PropertyValueSpecification\",\"valueRequired\":true,\"valueName\":\"search_term_string\"}}],\"inLanguage\":\"pt-BR\"},{\"@type\":\"Organization\",\"@id\":\"https:\\\/\\\/marcelolopes.jor.br\\\/site\\\/#organization\",\"name\":\"Site do Marcelo Lopes\",\"url\":\"https:\\\/\\\/marcelolopes.jor.br\\\/site\\\/\",\"logo\":{\"@type\":\"ImageObject\",\"inLanguage\":\"pt-BR\",\"@id\":\"https:\\\/\\\/marcelolopes.jor.br\\\/site\\\/#\\\/schema\\\/logo\\\/image\\\/\",\"url\":\"https:\\\/\\\/marcelolopes.jor.br\\\/site\\\/wp-content\\\/uploads\\\/2024\\\/11\\\/logo-1.png\",\"contentUrl\":\"https:\\\/\\\/marcelolopes.jor.br\\\/site\\\/wp-content\\\/uploads\\\/2024\\\/11\\\/logo-1.png\",\"width\":475,\"height\":80,\"caption\":\"Site do Marcelo Lopes\"},\"image\":{\"@id\":\"https:\\\/\\\/marcelolopes.jor.br\\\/site\\\/#\\\/schema\\\/logo\\\/image\\\/\"},\"sameAs\":[\"https:\\\/\\\/www.facebook.com\\\/sitedomarcelolopes\",\"https:\\\/\\\/www.instagram.com\\\/sitedomarcelolopes\\\/\",\"https:\\\/\\\/www.linkedin.com\\\/company\\\/site-do-marcelo-lopes\\\/\",\"https:\\\/\\\/www.youtube.com\\\/user\\\/marcelolopes957\"]},{\"@type\":\"Person\",\"@id\":\"https:\\\/\\\/marcelolopes.jor.br\\\/site\\\/#\\\/schema\\\/person\\\/3e7216a35c34d8fdf952b31da3d1f89f\",\"name\":\"Marcelo Lopes\",\"sameAs\":[\"http:\\\/\\\/www.marcelolopes.jor.br\"],\"url\":\"https:\\\/\\\/marcelolopes.jor.br\\\/site\\\/author\\\/marcelo\\\/\"}]}<\/script>\n<!-- \/ Yoast SEO plugin. -->","yoast_head_json":{"title":"Opera\u00e7\u00e3o do Minist\u00e9rio P\u00fablico cumpre mandados em Vi\u00e7osa e Leopoldina | Marcelo Lopes","robots":{"index":"index","follow":"follow","max-snippet":"max-snippet:-1","max-image-preview":"max-image-preview:large","max-video-preview":"max-video-preview:-1"},"canonical":"https:\/\/marcelolopes.jor.br\/site\/2022\/04\/06\/operacao-do-ministerio-publico-cumpre-mandados-em-vicosa-e-leopoldina\/","og_locale":"pt_BR","og_type":"article","og_title":"Opera\u00e7\u00e3o do Minist\u00e9rio P\u00fablico cumpre mandados em Vi\u00e7osa e Leopoldina | Marcelo Lopes","og_description":"O Minist\u00e9rio P\u00fablico de Minas Gerais (MPMG) realizou nesta quarta-feira, 6 de abril, a segunda fase da opera\u00e7\u00e3o Poder Paralelo. O objetivo foi apurar e reprimir condutas de membros de organiza\u00e7\u00e3o criminosa atuante em Vi\u00e7osa e regi\u00e3o, voltada ao tr\u00e1ficoLeia mais Opera\u00e7\u00e3o do Minist\u00e9rio P\u00fablico cumpre mandados em Vi\u00e7osa e Leopoldina","og_url":"https:\/\/marcelolopes.jor.br\/site\/2022\/04\/06\/operacao-do-ministerio-publico-cumpre-mandados-em-vicosa-e-leopoldina\/","og_site_name":"Marcelo Lopes","article_publisher":"https:\/\/www.facebook.com\/sitedomarcelolopes","article_published_time":"2022-04-06T23:00:40+00:00","og_image":[{"width":803,"height":502,"url":"https:\/\/marcelolopes.jor.br\/site\/wp-content\/uploads\/2022\/04\/Apreensoes.jpg","type":"image\/jpeg"}],"author":"Marcelo Lopes","twitter_card":"summary_large_image","twitter_misc":{"Escrito por":"Marcelo Lopes","Est. tempo de leitura":"2 minutos"},"schema":{"@context":"https:\/\/schema.org","@graph":[{"@type":"NewsArticle","@id":"https:\/\/marcelolopes.jor.br\/site\/2022\/04\/06\/operacao-do-ministerio-publico-cumpre-mandados-em-vicosa-e-leopoldina\/#article","isPartOf":{"@id":"https:\/\/marcelolopes.jor.br\/site\/2022\/04\/06\/operacao-do-ministerio-publico-cumpre-mandados-em-vicosa-e-leopoldina\/"},"author":{"name":"Marcelo Lopes","@id":"https:\/\/marcelolopes.jor.br\/site\/#\/schema\/person\/3e7216a35c34d8fdf952b31da3d1f89f"},"headline":"Opera\u00e7\u00e3o do Minist\u00e9rio P\u00fablico cumpre mandados em Vi\u00e7osa e Leopoldina","datePublished":"2022-04-06T23:00:40+00:00","mainEntityOfPage":{"@id":"https:\/\/marcelolopes.jor.br\/site\/2022\/04\/06\/operacao-do-ministerio-publico-cumpre-mandados-em-vicosa-e-leopoldina\/"},"wordCount":346,"commentCount":0,"publisher":{"@id":"https:\/\/marcelolopes.jor.br\/site\/#organization"},"image":{"@id":"https:\/\/marcelolopes.jor.br\/site\/2022\/04\/06\/operacao-do-ministerio-publico-cumpre-mandados-em-vicosa-e-leopoldina\/#primaryimage"},"thumbnailUrl":"https:\/\/marcelolopes.jor.br\/site\/wp-content\/uploads\/2022\/04\/Apreensoes.jpg","keywords":["Gaeco","MPMG","opera\u00e7\u00e3o do Gaeco","Poder Paralelo"],"articleSection":["Not\u00edcias"],"inLanguage":"pt-BR","potentialAction":[{"@type":"CommentAction","name":"Comment","target":["https:\/\/marcelolopes.jor.br\/site\/2022\/04\/06\/operacao-do-ministerio-publico-cumpre-mandados-em-vicosa-e-leopoldina\/#respond"]}]},{"@type":"WebPage","@id":"https:\/\/marcelolopes.jor.br\/site\/2022\/04\/06\/operacao-do-ministerio-publico-cumpre-mandados-em-vicosa-e-leopoldina\/","url":"https:\/\/marcelolopes.jor.br\/site\/2022\/04\/06\/operacao-do-ministerio-publico-cumpre-mandados-em-vicosa-e-leopoldina\/","name":"Opera\u00e7\u00e3o do Minist\u00e9rio P\u00fablico cumpre mandados em Vi\u00e7osa e Leopoldina | Marcelo Lopes","isPartOf":{"@id":"https:\/\/marcelolopes.jor.br\/site\/#website"},"primaryImageOfPage":{"@id":"https:\/\/marcelolopes.jor.br\/site\/2022\/04\/06\/operacao-do-ministerio-publico-cumpre-mandados-em-vicosa-e-leopoldina\/#primaryimage"},"image":{"@id":"https:\/\/marcelolopes.jor.br\/site\/2022\/04\/06\/operacao-do-ministerio-publico-cumpre-mandados-em-vicosa-e-leopoldina\/#primaryimage"},"thumbnailUrl":"https:\/\/marcelolopes.jor.br\/site\/wp-content\/uploads\/2022\/04\/Apreensoes.jpg","datePublished":"2022-04-06T23:00:40+00:00","breadcrumb":{"@id":"https:\/\/marcelolopes.jor.br\/site\/2022\/04\/06\/operacao-do-ministerio-publico-cumpre-mandados-em-vicosa-e-leopoldina\/#breadcrumb"},"inLanguage":"pt-BR","potentialAction":[{"@type":"ReadAction","target":["https:\/\/marcelolopes.jor.br\/site\/2022\/04\/06\/operacao-do-ministerio-publico-cumpre-mandados-em-vicosa-e-leopoldina\/"]}]},{"@type":"ImageObject","inLanguage":"pt-BR","@id":"https:\/\/marcelolopes.jor.br\/site\/2022\/04\/06\/operacao-do-ministerio-publico-cumpre-mandados-em-vicosa-e-leopoldina\/#primaryimage","url":"https:\/\/marcelolopes.jor.br\/site\/wp-content\/uploads\/2022\/04\/Apreensoes.jpg","contentUrl":"https:\/\/marcelolopes.jor.br\/site\/wp-content\/uploads\/2022\/04\/Apreensoes.jpg","width":803,"height":502},{"@type":"BreadcrumbList","@id":"https:\/\/marcelolopes.jor.br\/site\/2022\/04\/06\/operacao-do-ministerio-publico-cumpre-mandados-em-vicosa-e-leopoldina\/#breadcrumb","itemListElement":[{"@type":"ListItem","position":1,"name":"Home","item":"https:\/\/marcelolopes.jor.br\/site\/"},{"@type":"ListItem","position":2,"name":"Opera\u00e7\u00e3o do Minist\u00e9rio P\u00fablico cumpre mandados em Vi\u00e7osa e Leopoldina"}]},{"@type":"WebSite","@id":"https:\/\/marcelolopes.jor.br\/site\/#website","url":"https:\/\/marcelolopes.jor.br\/site\/","name":"Marcelo Lopes","description":"Not\u00edcias de Cataguases e Regi\u00e3o","publisher":{"@id":"https:\/\/marcelolopes.jor.br\/site\/#organization"},"potentialAction":[{"@type":"SearchAction","target":{"@type":"EntryPoint","urlTemplate":"https:\/\/marcelolopes.jor.br\/site\/?s={search_term_string}"},"query-input":{"@type":"PropertyValueSpecification","valueRequired":true,"valueName":"search_term_string"}}],"inLanguage":"pt-BR"},{"@type":"Organization","@id":"https:\/\/marcelolopes.jor.br\/site\/#organization","name":"Site do Marcelo Lopes","url":"https:\/\/marcelolopes.jor.br\/site\/","logo":{"@type":"ImageObject","inLanguage":"pt-BR","@id":"https:\/\/marcelolopes.jor.br\/site\/#\/schema\/logo\/image\/","url":"https:\/\/marcelolopes.jor.br\/site\/wp-content\/uploads\/2024\/11\/logo-1.png","contentUrl":"https:\/\/marcelolopes.jor.br\/site\/wp-content\/uploads\/2024\/11\/logo-1.png","width":475,"height":80,"caption":"Site do Marcelo Lopes"},"image":{"@id":"https:\/\/marcelolopes.jor.br\/site\/#\/schema\/logo\/image\/"},"sameAs":["https:\/\/www.facebook.com\/sitedomarcelolopes","https:\/\/www.instagram.com\/sitedomarcelolopes\/","https:\/\/www.linkedin.com\/company\/site-do-marcelo-lopes\/","https:\/\/www.youtube.com\/user\/marcelolopes957"]},{"@type":"Person","@id":"https:\/\/marcelolopes.jor.br\/site\/#\/schema\/person\/3e7216a35c34d8fdf952b31da3d1f89f","name":"Marcelo Lopes","sameAs":["http:\/\/www.marcelolopes.jor.br"],"url":"https:\/\/marcelolopes.jor.br\/site\/author\/marcelo\/"}]}},"wps_subtitle":"Esta \u00e9 a segunda fase da opera\u00e7\u00e3o Poder Paralelo para reprimir organiza\u00e7\u00e3o criminosa.","_links":{"self":[{"href":"https:\/\/marcelolopes.jor.br\/site\/wp-json\/wp\/v2\/posts\/32220","targetHints":{"allow":["GET"]}}],"collection":[{"href":"https:\/\/marcelolopes.jor.br\/site\/wp-json\/wp\/v2\/posts"}],"about":[{"href":"https:\/\/marcelolopes.jor.br\/site\/wp-json\/wp\/v2\/types\/post"}],"author":[{"embeddable":true,"href":"https:\/\/marcelolopes.jor.br\/site\/wp-json\/wp\/v2\/users\/2"}],"replies":[{"embeddable":true,"href":"https:\/\/marcelolopes.jor.br\/site\/wp-json\/wp\/v2\/comments?post=32220"}],"version-history":[{"count":0,"href":"https:\/\/marcelolopes.jor.br\/site\/wp-json\/wp\/v2\/posts\/32220\/revisions"}],"wp:featuredmedia":[{"embeddable":true,"href":"https:\/\/marcelolopes.jor.br\/site\/wp-json\/wp\/v2\/media\/32222"}],"wp:attachment":[{"href":"https:\/\/marcelolopes.jor.br\/site\/wp-json\/wp\/v2\/media?parent=32220"}],"wp:term":[{"taxonomy":"category","embeddable":true,"href":"https:\/\/marcelolopes.jor.br\/site\/wp-json\/wp\/v2\/categories?post=32220"},{"taxonomy":"post_tag","embeddable":true,"href":"https:\/\/marcelolopes.jor.br\/site\/wp-json\/wp\/v2\/tags?post=32220"}],"curies":[{"name":"wp","href":"https:\/\/api.w.org\/{rel}","templated":true}]}}