{"id":32213,"date":"2022-04-06T16:00:34","date_gmt":"2022-04-06T19:00:34","guid":{"rendered":"https:\/\/marcelolopes.jor.br\/?p=32213"},"modified":"2022-09-24T11:41:22","modified_gmt":"2022-09-24T14:41:22","slug":"prefeitura-vai-implantar-bilhetagem-eletronica-no-transporte-coletivo","status":"publish","type":"post","link":"https:\/\/marcelolopes.jor.br\/site\/2022\/04\/06\/prefeitura-vai-implantar-bilhetagem-eletronica-no-transporte-coletivo\/","title":{"rendered":"Prefeitura vai implantar bilhetagem eletr\u00f4nica no transporte coletivo"},"content":{"rendered":"<p style=\"text-align: justify;\">O Executivo municipal enviou \u00e0 <a href=\"http:\/\/www.cmcataguases.com.br\"><strong><span style=\"color: #800000;\">C\u00e2mara Municipal de Cataguases<\/span><\/strong><\/a> projeto de lei que obriga as empresas de transporte coletivo do munic\u00edpio a instalarem o sistema de bilhetagem eletr\u00f4nica (conhecido como catraca eletr\u00f4nica). Trata-se na pr\u00e1tica de uma importante iniciativa na moderniza\u00e7\u00e3o do servi\u00e7o em Cataguases, al\u00e9m de minimizar a evas\u00e3o de receita e permitir maior efici\u00eancia para o planejamento operacional do sistema atrav\u00e9s da automatiza\u00e7\u00e3o da coleta de dados e relat\u00f3rios.<!--more--><\/p>\n<p style=\"text-align: justify;\">Segundo informou o coordenador da Catrans, Fabr\u00edcio Zulato, este \u00e9 o in\u00edcio de um projeto amplo para o setor que vai regulamentar, regularizar e quantificar, entre outros problemas enfrentados pelo transporte coletivo de passageiros, a quest\u00e3o da gratuidade (um dos graves problemas enfrentados atualmente), que passar\u00e1 a ser controlada de forma eficiente e, assim, a m\u00e9dio prazo, vai trazer benef\u00edcios a todos\u201d, comentou. Ele lembrou que este sistema j\u00e1 \u00e9 utilizado em diversos munic\u00edpios da regi\u00e3o, como Juiz de Fora, por exemplo.<\/p>\n<p style=\"text-align: justify;\">De acordo com o projeto de lei que dever\u00e1 ser votado nos pr\u00f3ximos dias pelos vereadores, caso aprovado, as empresas de transporte coletivo de passageiros de Cataguases ser\u00e3o obrigadas a adotar o novo sistema num prazo de 90 dias ap\u00f3s a san\u00e7\u00e3o da referida lei. Caber\u00e1 \u00e0 elas tamb\u00e9m custear todo o procedimento. O mesmo texto tamb\u00e9m revoga Lei Municipal de n\u00famero 2.943 de 31 de outubro de 2000 que pro\u00edbe o uso de catraca eletr\u00f4nica no munic\u00edpio.<\/p>\n<p style=\"text-align: justify;\">A bilhetagem eletr\u00f4nica \u00e9 um sistema que consiste no pagamento das passagens de forma eletr\u00f4nica, com o uso de cart\u00f5es. O bilhete eletr\u00f4nico est\u00e1 muito presente nas cidades brasileiras. Ela foi criada para melhorar a experi\u00eancia do usu\u00e1rio, especialmente na hora do embarque. Nesse sistema, quem usa o transporte p\u00fablico pode utilizar cart\u00f5es recarreg\u00e1veis para pagar as passagens.<\/p>\n<p style=\"text-align: justify;\"><strong>As principais vantagens da bilhetagem eletr\u00f4nica para as empresas de transporte p\u00fablico s\u00e3o:<\/strong><\/p>\n<p style=\"text-align: justify;\">&#8211; Novos consumidores com abordagem moderna;<br \/>\n&#8211; Aumenta o lucro operacional m\u00e9dio e reduzir a fraude;<br \/>\n&#8211; Reduz custos de manuten\u00e7\u00e3o;<br \/>\n&#8211; Aumento de agilidade \u00e0 bordo;<br \/>\n&#8211; Possibilidade de adicionar novos servi\u00e7os;<br \/>\n&#8211; Fontes de dados para marketing e planejamento.<\/p>\n<p style=\"text-align: justify;\"><strong>Principais vantagens para o usu\u00e1rio do transporte p\u00fablico:<\/strong><\/p>\n<p style=\"text-align: justify;\">&#8211; Conveni\u00eancia, seguran\u00e7a, velocidade e praticidade sem o dinheiro;<br \/>\n&#8211; Jornadas tranquilas e pr\u00e1ticas mesmo em modais diferentes;<br \/>\n&#8211; Facilita\u00e7\u00e3o na aquisi\u00e7\u00e3o de cr\u00e9ditos;<br \/>\n&#8211; Servi\u00e7os adicionais, quando dispon\u00edveis.<\/p>\n<p style=\"text-align: justify;\">*Com informa\u00e7\u00f5es e foto da OnServ<\/p>\n<div class=\"qkcio69f5b36c2200d\" ><br><\/div><style type=\"text\/css\">\r\n@media screen and (min-width: 1201px) {\r\n.qkcio69f5b36c2200d {\r\ndisplay: block;\r\n}\r\n}\r\n@media screen and (min-width: 993px) and (max-width: 1200px) {\r\n.qkcio69f5b36c2200d {\r\ndisplay: block;\r\n}\r\n}\r\n@media screen and (min-width: 769px) and (max-width: 992px) {\r\n.qkcio69f5b36c2200d {\r\ndisplay: block;\r\n}\r\n}\r\n@media screen and (min-width: 768px) and (max-width: 768px) {\r\n.qkcio69f5b36c2200d {\r\ndisplay: block;\r\n}\r\n}\r\n@media screen and (max-width: 767px) {\r\n.qkcio69f5b36c2200d {\r\ndisplay: block;\r\n}\r\n}\r\n<\/style>\r\n<div class=\"ioujl69f5b36c27ce7\" ><div id=\"div_destino\"><\/div>\r\n<script src=\"https:\/\/cdn.snsrsv.com\/sdk.js\"><\/script>\r\n<script >\r\n      new sdk(\"464030C30061EA8BE065000000000001\") \r\n          .appendTo(\"div_destino\")\r\n          .disableStyle(true) \r\n          .setCacheBusterMacro(\"%%CACHEBUSTER%%\")\r\n          .setSize(\"800\",\"214\")\r\n          .setClickMacro(\"%%CLICK_URL_ESC%%\") \r\n          .setReferrerUrlMacro(\"%%REFERRER_URL_ESC%%\") \r\n          .start(); \r\n<\/script><\/div><style type=\"text\/css\">\r\n@media screen and (min-width: 1201px) {\r\n.ioujl69f5b36c27ce7 {\r\ndisplay: block;\r\n}\r\n}\r\n@media screen and (min-width: 993px) and (max-width: 1200px) {\r\n.ioujl69f5b36c27ce7 {\r\ndisplay: block;\r\n}\r\n}\r\n@media screen and (min-width: 769px) and (max-width: 992px) {\r\n.ioujl69f5b36c27ce7 {\r\ndisplay: block;\r\n}\r\n}\r\n@media screen and (min-width: 768px) and (max-width: 768px) {\r\n.ioujl69f5b36c27ce7 {\r\ndisplay: block;\r\n}\r\n}\r\n@media screen and (max-width: 767px) {\r\n.ioujl69f5b36c27ce7 {\r\ndisplay: block;\r\n}\r\n}\r\n<\/style>\r\n","protected":false},"excerpt":{"rendered":"<p>O Executivo municipal enviou \u00e0 C\u00e2mara Municipal de Cataguases projeto de lei que obriga as empresas de transporte coletivo do munic\u00edpio a instalarem o sistema de bilhetagem eletr\u00f4nica (conhecido como catraca eletr\u00f4nica). Trata-se na pr\u00e1tica de uma importante iniciativa na<\/p>\n<p class=\"link-more\"><a class=\"more-link\" href=\"https:\/\/marcelolopes.jor.br\/site\/2022\/04\/06\/prefeitura-vai-implantar-bilhetagem-eletronica-no-transporte-coletivo\/\">Leia mais <span class=\"screen-reader-text\">Prefeitura vai implantar bilhetagem eletr\u00f4nica no transporte coletivo<\/span><\/a><\/p>\n","protected":false},"author":2,"featured_media":32215,"comment_status":"open","ping_status":"open","sticky":false,"template":"","format":"standard","meta":{"footnotes":""},"categories":[1],"tags":[5777,5778,504,505],"class_list":["post-32213","post","type-post","status-publish","format-standard","has-post-thumbnail","hentry","category-noticias","tag-bilhetagem-eletronica","tag-catraca-eletronica","tag-onibus-urbano","tag-transporte-coletivo","thumb-below-title"],"yoast_head":"<!-- This site is optimized with the Yoast SEO plugin v27.4 - https:\/\/yoast.com\/product\/yoast-seo-wordpress\/ -->\n<title>Prefeitura vai implantar bilhetagem eletr\u00f4nica no transporte coletivo<\/title>\n<meta name=\"description\" content=\"Prefeitura vai implantar bilhetagem eletr\u00f4nica no transporte coletivo. Projeto de lei neste sentido est\u00e1 na C\u00e2mara Municipal para ser votado.\" \/>\n<meta name=\"robots\" content=\"index, follow, max-snippet:-1, max-image-preview:large, max-video-preview:-1\" \/>\n<link rel=\"canonical\" href=\"https:\/\/marcelolopes.jor.br\/site\/2022\/04\/06\/prefeitura-vai-implantar-bilhetagem-eletronica-no-transporte-coletivo\/\" \/>\n<meta property=\"og:locale\" content=\"pt_BR\" \/>\n<meta property=\"og:type\" content=\"article\" \/>\n<meta property=\"og:title\" content=\"Prefeitura vai implantar bilhetagem eletr\u00f4nica no transporte coletivo\" \/>\n<meta property=\"og:description\" content=\"Prefeitura vai implantar bilhetagem eletr\u00f4nica no transporte coletivo. Projeto de lei neste sentido est\u00e1 na C\u00e2mara Municipal para ser votado.\" \/>\n<meta property=\"og:url\" content=\"https:\/\/marcelolopes.jor.br\/site\/2022\/04\/06\/prefeitura-vai-implantar-bilhetagem-eletronica-no-transporte-coletivo\/\" \/>\n<meta property=\"og:site_name\" content=\"Marcelo Lopes\" \/>\n<meta property=\"article:publisher\" content=\"https:\/\/www.facebook.com\/sitedomarcelolopes\" \/>\n<meta property=\"article:published_time\" content=\"2022-04-06T19:00:34+00:00\" \/>\n<meta property=\"article:modified_time\" content=\"2022-09-24T14:41:22+00:00\" \/>\n<meta property=\"og:image\" content=\"https:\/\/marcelolopes.jor.br\/site\/wp-content\/uploads\/2022\/04\/image.png\" \/>\n\t<meta property=\"og:image:width\" content=\"761\" \/>\n\t<meta property=\"og:image:height\" content=\"569\" \/>\n\t<meta property=\"og:image:type\" content=\"image\/png\" \/>\n<meta name=\"author\" content=\"Marcelo Lopes\" \/>\n<meta name=\"twitter:card\" content=\"summary_large_image\" \/>\n<meta name=\"twitter:label1\" content=\"Escrito por\" \/>\n\t<meta name=\"twitter:data1\" content=\"Marcelo Lopes\" \/>\n\t<meta name=\"twitter:label2\" content=\"Est. tempo de leitura\" \/>\n\t<meta name=\"twitter:data2\" content=\"2 minutos\" \/>\n<script type=\"application\/ld+json\" class=\"yoast-schema-graph\">{\"@context\":\"https:\\\/\\\/schema.org\",\"@graph\":[{\"@type\":\"NewsArticle\",\"@id\":\"https:\\\/\\\/marcelolopes.jor.br\\\/site\\\/2022\\\/04\\\/06\\\/prefeitura-vai-implantar-bilhetagem-eletronica-no-transporte-coletivo\\\/#article\",\"isPartOf\":{\"@id\":\"https:\\\/\\\/marcelolopes.jor.br\\\/site\\\/2022\\\/04\\\/06\\\/prefeitura-vai-implantar-bilhetagem-eletronica-no-transporte-coletivo\\\/\"},\"author\":{\"name\":\"Marcelo Lopes\",\"@id\":\"https:\\\/\\\/marcelolopes.jor.br\\\/site\\\/#\\\/schema\\\/person\\\/3e7216a35c34d8fdf952b31da3d1f89f\"},\"headline\":\"Prefeitura vai implantar bilhetagem eletr\u00f4nica no transporte coletivo\",\"datePublished\":\"2022-04-06T19:00:34+00:00\",\"dateModified\":\"2022-09-24T14:41:22+00:00\",\"mainEntityOfPage\":{\"@id\":\"https:\\\/\\\/marcelolopes.jor.br\\\/site\\\/2022\\\/04\\\/06\\\/prefeitura-vai-implantar-bilhetagem-eletronica-no-transporte-coletivo\\\/\"},\"wordCount\":441,\"commentCount\":0,\"publisher\":{\"@id\":\"https:\\\/\\\/marcelolopes.jor.br\\\/site\\\/#organization\"},\"image\":{\"@id\":\"https:\\\/\\\/marcelolopes.jor.br\\\/site\\\/2022\\\/04\\\/06\\\/prefeitura-vai-implantar-bilhetagem-eletronica-no-transporte-coletivo\\\/#primaryimage\"},\"thumbnailUrl\":\"https:\\\/\\\/marcelolopes.jor.br\\\/site\\\/wp-content\\\/uploads\\\/2022\\\/04\\\/image.png\",\"keywords\":[\"bilhetagem eletr\u00f4nica\",\"catraca eletr\u00f4nica\",\"\u00f4nibus urbano\",\"transporte coletivo\"],\"articleSection\":[\"Not\u00edcias\"],\"inLanguage\":\"pt-BR\",\"potentialAction\":[{\"@type\":\"CommentAction\",\"name\":\"Comment\",\"target\":[\"https:\\\/\\\/marcelolopes.jor.br\\\/site\\\/2022\\\/04\\\/06\\\/prefeitura-vai-implantar-bilhetagem-eletronica-no-transporte-coletivo\\\/#respond\"]}]},{\"@type\":\"WebPage\",\"@id\":\"https:\\\/\\\/marcelolopes.jor.br\\\/site\\\/2022\\\/04\\\/06\\\/prefeitura-vai-implantar-bilhetagem-eletronica-no-transporte-coletivo\\\/\",\"url\":\"https:\\\/\\\/marcelolopes.jor.br\\\/site\\\/2022\\\/04\\\/06\\\/prefeitura-vai-implantar-bilhetagem-eletronica-no-transporte-coletivo\\\/\",\"name\":\"Prefeitura vai implantar bilhetagem eletr\u00f4nica no transporte coletivo\",\"isPartOf\":{\"@id\":\"https:\\\/\\\/marcelolopes.jor.br\\\/site\\\/#website\"},\"primaryImageOfPage\":{\"@id\":\"https:\\\/\\\/marcelolopes.jor.br\\\/site\\\/2022\\\/04\\\/06\\\/prefeitura-vai-implantar-bilhetagem-eletronica-no-transporte-coletivo\\\/#primaryimage\"},\"image\":{\"@id\":\"https:\\\/\\\/marcelolopes.jor.br\\\/site\\\/2022\\\/04\\\/06\\\/prefeitura-vai-implantar-bilhetagem-eletronica-no-transporte-coletivo\\\/#primaryimage\"},\"thumbnailUrl\":\"https:\\\/\\\/marcelolopes.jor.br\\\/site\\\/wp-content\\\/uploads\\\/2022\\\/04\\\/image.png\",\"datePublished\":\"2022-04-06T19:00:34+00:00\",\"dateModified\":\"2022-09-24T14:41:22+00:00\",\"description\":\"Prefeitura vai implantar bilhetagem eletr\u00f4nica no transporte coletivo. Projeto de lei neste sentido est\u00e1 na C\u00e2mara Municipal para ser votado.\",\"breadcrumb\":{\"@id\":\"https:\\\/\\\/marcelolopes.jor.br\\\/site\\\/2022\\\/04\\\/06\\\/prefeitura-vai-implantar-bilhetagem-eletronica-no-transporte-coletivo\\\/#breadcrumb\"},\"inLanguage\":\"pt-BR\",\"potentialAction\":[{\"@type\":\"ReadAction\",\"target\":[\"https:\\\/\\\/marcelolopes.jor.br\\\/site\\\/2022\\\/04\\\/06\\\/prefeitura-vai-implantar-bilhetagem-eletronica-no-transporte-coletivo\\\/\"]}]},{\"@type\":\"ImageObject\",\"inLanguage\":\"pt-BR\",\"@id\":\"https:\\\/\\\/marcelolopes.jor.br\\\/site\\\/2022\\\/04\\\/06\\\/prefeitura-vai-implantar-bilhetagem-eletronica-no-transporte-coletivo\\\/#primaryimage\",\"url\":\"https:\\\/\\\/marcelolopes.jor.br\\\/site\\\/wp-content\\\/uploads\\\/2022\\\/04\\\/image.png\",\"contentUrl\":\"https:\\\/\\\/marcelolopes.jor.br\\\/site\\\/wp-content\\\/uploads\\\/2022\\\/04\\\/image.png\",\"width\":761,\"height\":569,\"caption\":\"Prefeitura quer implantar bilhetagem\"},{\"@type\":\"BreadcrumbList\",\"@id\":\"https:\\\/\\\/marcelolopes.jor.br\\\/site\\\/2022\\\/04\\\/06\\\/prefeitura-vai-implantar-bilhetagem-eletronica-no-transporte-coletivo\\\/#breadcrumb\",\"itemListElement\":[{\"@type\":\"ListItem\",\"position\":1,\"name\":\"Home\",\"item\":\"https:\\\/\\\/marcelolopes.jor.br\\\/site\\\/\"},{\"@type\":\"ListItem\",\"position\":2,\"name\":\"Prefeitura vai implantar bilhetagem eletr\u00f4nica no transporte coletivo\"}]},{\"@type\":\"WebSite\",\"@id\":\"https:\\\/\\\/marcelolopes.jor.br\\\/site\\\/#website\",\"url\":\"https:\\\/\\\/marcelolopes.jor.br\\\/site\\\/\",\"name\":\"Marcelo Lopes\",\"description\":\"Not\u00edcias de Cataguases e Regi\u00e3o\",\"publisher\":{\"@id\":\"https:\\\/\\\/marcelolopes.jor.br\\\/site\\\/#organization\"},\"potentialAction\":[{\"@type\":\"SearchAction\",\"target\":{\"@type\":\"EntryPoint\",\"urlTemplate\":\"https:\\\/\\\/marcelolopes.jor.br\\\/site\\\/?s={search_term_string}\"},\"query-input\":{\"@type\":\"PropertyValueSpecification\",\"valueRequired\":true,\"valueName\":\"search_term_string\"}}],\"inLanguage\":\"pt-BR\"},{\"@type\":\"Organization\",\"@id\":\"https:\\\/\\\/marcelolopes.jor.br\\\/site\\\/#organization\",\"name\":\"Site do Marcelo Lopes\",\"url\":\"https:\\\/\\\/marcelolopes.jor.br\\\/site\\\/\",\"logo\":{\"@type\":\"ImageObject\",\"inLanguage\":\"pt-BR\",\"@id\":\"https:\\\/\\\/marcelolopes.jor.br\\\/site\\\/#\\\/schema\\\/logo\\\/image\\\/\",\"url\":\"https:\\\/\\\/marcelolopes.jor.br\\\/site\\\/wp-content\\\/uploads\\\/2024\\\/11\\\/logo-1.png\",\"contentUrl\":\"https:\\\/\\\/marcelolopes.jor.br\\\/site\\\/wp-content\\\/uploads\\\/2024\\\/11\\\/logo-1.png\",\"width\":475,\"height\":80,\"caption\":\"Site do Marcelo Lopes\"},\"image\":{\"@id\":\"https:\\\/\\\/marcelolopes.jor.br\\\/site\\\/#\\\/schema\\\/logo\\\/image\\\/\"},\"sameAs\":[\"https:\\\/\\\/www.facebook.com\\\/sitedomarcelolopes\",\"https:\\\/\\\/www.instagram.com\\\/sitedomarcelolopes\\\/\",\"https:\\\/\\\/www.linkedin.com\\\/company\\\/site-do-marcelo-lopes\\\/\",\"https:\\\/\\\/www.youtube.com\\\/user\\\/marcelolopes957\"]},{\"@type\":\"Person\",\"@id\":\"https:\\\/\\\/marcelolopes.jor.br\\\/site\\\/#\\\/schema\\\/person\\\/3e7216a35c34d8fdf952b31da3d1f89f\",\"name\":\"Marcelo Lopes\",\"sameAs\":[\"http:\\\/\\\/www.marcelolopes.jor.br\"],\"url\":\"https:\\\/\\\/marcelolopes.jor.br\\\/site\\\/author\\\/marcelo\\\/\"}]}<\/script>\n<!-- \/ Yoast SEO plugin. -->","yoast_head_json":{"title":"Prefeitura vai implantar bilhetagem eletr\u00f4nica no transporte coletivo","description":"Prefeitura vai implantar bilhetagem eletr\u00f4nica no transporte coletivo. Projeto de lei neste sentido est\u00e1 na C\u00e2mara Municipal para ser votado.","robots":{"index":"index","follow":"follow","max-snippet":"max-snippet:-1","max-image-preview":"max-image-preview:large","max-video-preview":"max-video-preview:-1"},"canonical":"https:\/\/marcelolopes.jor.br\/site\/2022\/04\/06\/prefeitura-vai-implantar-bilhetagem-eletronica-no-transporte-coletivo\/","og_locale":"pt_BR","og_type":"article","og_title":"Prefeitura vai implantar bilhetagem eletr\u00f4nica no transporte coletivo","og_description":"Prefeitura vai implantar bilhetagem eletr\u00f4nica no transporte coletivo. Projeto de lei neste sentido est\u00e1 na C\u00e2mara Municipal para ser votado.","og_url":"https:\/\/marcelolopes.jor.br\/site\/2022\/04\/06\/prefeitura-vai-implantar-bilhetagem-eletronica-no-transporte-coletivo\/","og_site_name":"Marcelo Lopes","article_publisher":"https:\/\/www.facebook.com\/sitedomarcelolopes","article_published_time":"2022-04-06T19:00:34+00:00","article_modified_time":"2022-09-24T14:41:22+00:00","og_image":[{"width":761,"height":569,"url":"https:\/\/marcelolopes.jor.br\/site\/wp-content\/uploads\/2022\/04\/image.png","type":"image\/png"}],"author":"Marcelo Lopes","twitter_card":"summary_large_image","twitter_misc":{"Escrito por":"Marcelo Lopes","Est. tempo de leitura":"2 minutos"},"schema":{"@context":"https:\/\/schema.org","@graph":[{"@type":"NewsArticle","@id":"https:\/\/marcelolopes.jor.br\/site\/2022\/04\/06\/prefeitura-vai-implantar-bilhetagem-eletronica-no-transporte-coletivo\/#article","isPartOf":{"@id":"https:\/\/marcelolopes.jor.br\/site\/2022\/04\/06\/prefeitura-vai-implantar-bilhetagem-eletronica-no-transporte-coletivo\/"},"author":{"name":"Marcelo Lopes","@id":"https:\/\/marcelolopes.jor.br\/site\/#\/schema\/person\/3e7216a35c34d8fdf952b31da3d1f89f"},"headline":"Prefeitura vai implantar bilhetagem eletr\u00f4nica no transporte coletivo","datePublished":"2022-04-06T19:00:34+00:00","dateModified":"2022-09-24T14:41:22+00:00","mainEntityOfPage":{"@id":"https:\/\/marcelolopes.jor.br\/site\/2022\/04\/06\/prefeitura-vai-implantar-bilhetagem-eletronica-no-transporte-coletivo\/"},"wordCount":441,"commentCount":0,"publisher":{"@id":"https:\/\/marcelolopes.jor.br\/site\/#organization"},"image":{"@id":"https:\/\/marcelolopes.jor.br\/site\/2022\/04\/06\/prefeitura-vai-implantar-bilhetagem-eletronica-no-transporte-coletivo\/#primaryimage"},"thumbnailUrl":"https:\/\/marcelolopes.jor.br\/site\/wp-content\/uploads\/2022\/04\/image.png","keywords":["bilhetagem eletr\u00f4nica","catraca eletr\u00f4nica","\u00f4nibus urbano","transporte coletivo"],"articleSection":["Not\u00edcias"],"inLanguage":"pt-BR","potentialAction":[{"@type":"CommentAction","name":"Comment","target":["https:\/\/marcelolopes.jor.br\/site\/2022\/04\/06\/prefeitura-vai-implantar-bilhetagem-eletronica-no-transporte-coletivo\/#respond"]}]},{"@type":"WebPage","@id":"https:\/\/marcelolopes.jor.br\/site\/2022\/04\/06\/prefeitura-vai-implantar-bilhetagem-eletronica-no-transporte-coletivo\/","url":"https:\/\/marcelolopes.jor.br\/site\/2022\/04\/06\/prefeitura-vai-implantar-bilhetagem-eletronica-no-transporte-coletivo\/","name":"Prefeitura vai implantar bilhetagem eletr\u00f4nica no transporte coletivo","isPartOf":{"@id":"https:\/\/marcelolopes.jor.br\/site\/#website"},"primaryImageOfPage":{"@id":"https:\/\/marcelolopes.jor.br\/site\/2022\/04\/06\/prefeitura-vai-implantar-bilhetagem-eletronica-no-transporte-coletivo\/#primaryimage"},"image":{"@id":"https:\/\/marcelolopes.jor.br\/site\/2022\/04\/06\/prefeitura-vai-implantar-bilhetagem-eletronica-no-transporte-coletivo\/#primaryimage"},"thumbnailUrl":"https:\/\/marcelolopes.jor.br\/site\/wp-content\/uploads\/2022\/04\/image.png","datePublished":"2022-04-06T19:00:34+00:00","dateModified":"2022-09-24T14:41:22+00:00","description":"Prefeitura vai implantar bilhetagem eletr\u00f4nica no transporte coletivo. Projeto de lei neste sentido est\u00e1 na C\u00e2mara Municipal para ser votado.","breadcrumb":{"@id":"https:\/\/marcelolopes.jor.br\/site\/2022\/04\/06\/prefeitura-vai-implantar-bilhetagem-eletronica-no-transporte-coletivo\/#breadcrumb"},"inLanguage":"pt-BR","potentialAction":[{"@type":"ReadAction","target":["https:\/\/marcelolopes.jor.br\/site\/2022\/04\/06\/prefeitura-vai-implantar-bilhetagem-eletronica-no-transporte-coletivo\/"]}]},{"@type":"ImageObject","inLanguage":"pt-BR","@id":"https:\/\/marcelolopes.jor.br\/site\/2022\/04\/06\/prefeitura-vai-implantar-bilhetagem-eletronica-no-transporte-coletivo\/#primaryimage","url":"https:\/\/marcelolopes.jor.br\/site\/wp-content\/uploads\/2022\/04\/image.png","contentUrl":"https:\/\/marcelolopes.jor.br\/site\/wp-content\/uploads\/2022\/04\/image.png","width":761,"height":569,"caption":"Prefeitura quer implantar bilhetagem"},{"@type":"BreadcrumbList","@id":"https:\/\/marcelolopes.jor.br\/site\/2022\/04\/06\/prefeitura-vai-implantar-bilhetagem-eletronica-no-transporte-coletivo\/#breadcrumb","itemListElement":[{"@type":"ListItem","position":1,"name":"Home","item":"https:\/\/marcelolopes.jor.br\/site\/"},{"@type":"ListItem","position":2,"name":"Prefeitura vai implantar bilhetagem eletr\u00f4nica no transporte coletivo"}]},{"@type":"WebSite","@id":"https:\/\/marcelolopes.jor.br\/site\/#website","url":"https:\/\/marcelolopes.jor.br\/site\/","name":"Marcelo Lopes","description":"Not\u00edcias de Cataguases e Regi\u00e3o","publisher":{"@id":"https:\/\/marcelolopes.jor.br\/site\/#organization"},"potentialAction":[{"@type":"SearchAction","target":{"@type":"EntryPoint","urlTemplate":"https:\/\/marcelolopes.jor.br\/site\/?s={search_term_string}"},"query-input":{"@type":"PropertyValueSpecification","valueRequired":true,"valueName":"search_term_string"}}],"inLanguage":"pt-BR"},{"@type":"Organization","@id":"https:\/\/marcelolopes.jor.br\/site\/#organization","name":"Site do Marcelo Lopes","url":"https:\/\/marcelolopes.jor.br\/site\/","logo":{"@type":"ImageObject","inLanguage":"pt-BR","@id":"https:\/\/marcelolopes.jor.br\/site\/#\/schema\/logo\/image\/","url":"https:\/\/marcelolopes.jor.br\/site\/wp-content\/uploads\/2024\/11\/logo-1.png","contentUrl":"https:\/\/marcelolopes.jor.br\/site\/wp-content\/uploads\/2024\/11\/logo-1.png","width":475,"height":80,"caption":"Site do Marcelo Lopes"},"image":{"@id":"https:\/\/marcelolopes.jor.br\/site\/#\/schema\/logo\/image\/"},"sameAs":["https:\/\/www.facebook.com\/sitedomarcelolopes","https:\/\/www.instagram.com\/sitedomarcelolopes\/","https:\/\/www.linkedin.com\/company\/site-do-marcelo-lopes\/","https:\/\/www.youtube.com\/user\/marcelolopes957"]},{"@type":"Person","@id":"https:\/\/marcelolopes.jor.br\/site\/#\/schema\/person\/3e7216a35c34d8fdf952b31da3d1f89f","name":"Marcelo Lopes","sameAs":["http:\/\/www.marcelolopes.jor.br"],"url":"https:\/\/marcelolopes.jor.br\/site\/author\/marcelo\/"}]}},"wps_subtitle":"Projeto de lei neste sentido est\u00e1 na C\u00e2mara Municipal para ser votado.","_links":{"self":[{"href":"https:\/\/marcelolopes.jor.br\/site\/wp-json\/wp\/v2\/posts\/32213","targetHints":{"allow":["GET"]}}],"collection":[{"href":"https:\/\/marcelolopes.jor.br\/site\/wp-json\/wp\/v2\/posts"}],"about":[{"href":"https:\/\/marcelolopes.jor.br\/site\/wp-json\/wp\/v2\/types\/post"}],"author":[{"embeddable":true,"href":"https:\/\/marcelolopes.jor.br\/site\/wp-json\/wp\/v2\/users\/2"}],"replies":[{"embeddable":true,"href":"https:\/\/marcelolopes.jor.br\/site\/wp-json\/wp\/v2\/comments?post=32213"}],"version-history":[{"count":0,"href":"https:\/\/marcelolopes.jor.br\/site\/wp-json\/wp\/v2\/posts\/32213\/revisions"}],"wp:featuredmedia":[{"embeddable":true,"href":"https:\/\/marcelolopes.jor.br\/site\/wp-json\/wp\/v2\/media\/32215"}],"wp:attachment":[{"href":"https:\/\/marcelolopes.jor.br\/site\/wp-json\/wp\/v2\/media?parent=32213"}],"wp:term":[{"taxonomy":"category","embeddable":true,"href":"https:\/\/marcelolopes.jor.br\/site\/wp-json\/wp\/v2\/categories?post=32213"},{"taxonomy":"post_tag","embeddable":true,"href":"https:\/\/marcelolopes.jor.br\/site\/wp-json\/wp\/v2\/tags?post=32213"}],"curies":[{"name":"wp","href":"https:\/\/api.w.org\/{rel}","templated":true}]}}