{"id":32209,"date":"2022-04-06T12:00:52","date_gmt":"2022-04-06T15:00:52","guid":{"rendered":"https:\/\/marcelolopes.jor.br\/?p=32209"},"modified":"2022-04-06T11:10:30","modified_gmt":"2022-04-06T14:10:30","slug":"bandidos-assaltam-farmacia-em-argirita-e-incendeiam-moto-apos-fuga","status":"publish","type":"post","link":"https:\/\/marcelolopes.jor.br\/site\/2022\/04\/06\/bandidos-assaltam-farmacia-em-argirita-e-incendeiam-moto-apos-fuga\/","title":{"rendered":"Bandidos assaltam farm\u00e1cia em Argirita e incendeiam moto ap\u00f3s fuga"},"content":{"rendered":"<p style=\"text-align: justify;\">Funcion\u00e1rios de uma farm\u00e1cia localizada na Rua Joaquim C\u00e2ndido, em Argirita, viveram momentos de tens\u00e3o nesta ter\u00e7a-feira, 5 de abril. Dois bandidos entraram no com\u00e9rcio e renderam funcion\u00e1rios e clientes. <!--more--><\/p>\n<p style=\"text-align: justify;\">Conforme o boletim de ocorr\u00eancia, um dos assaltantes portava arma de fogo e obrigou todos que estavam na farm\u00e1cia a deitar no ch\u00e3o. Sob a mira do rev\u00f3lver, os criminosos exigiram que um dos funcion\u00e1rios informasse onde estava o cofre. Como o local n\u00e3o dispunha de tal equipamento eles levados aproximadamente R$ 6 mil em dinheiro, al\u00e9m de uma quantia em cheques e aparelhos celulares das v\u00edtimas.<\/p>\n<p style=\"text-align: justify;\">Em seguida os dois fugiram pela rodovia BR-267 sentido Leopoldina.\u00a0A PM informou que foi poss\u00edvel identificar as caracter\u00edsticas dos bandidos atrav\u00e9s de imagens de c\u00e2meras de monitoramento e um cerco bloqueio foi montado, e segue em rastreamento em busca de localizar e prender os assaltantes.<\/p>\n<p style=\"text-align: justify;\">De acordo com a corpora\u00e7\u00e3o, a motocicleta com as mesmas caracter\u00edsticas do ve\u00edculo usado pelos autores foi localizada incendiada \u00e0s margens da rodovia BR-116, na altura do Bairro Bandeirantes, em Leopoldina.<\/p>\n<p>Fonte e foto: O Vigilante Online<\/p>\n<div class=\"ukmgf69f5ccd7f02a0\" ><br><\/div><style type=\"text\/css\">\r\n@media screen and (min-width: 1201px) {\r\n.ukmgf69f5ccd7f02a0 {\r\ndisplay: block;\r\n}\r\n}\r\n@media screen and (min-width: 993px) and (max-width: 1200px) {\r\n.ukmgf69f5ccd7f02a0 {\r\ndisplay: block;\r\n}\r\n}\r\n@media screen and (min-width: 769px) and (max-width: 992px) {\r\n.ukmgf69f5ccd7f02a0 {\r\ndisplay: block;\r\n}\r\n}\r\n@media screen and (min-width: 768px) and (max-width: 768px) {\r\n.ukmgf69f5ccd7f02a0 {\r\ndisplay: block;\r\n}\r\n}\r\n@media screen and (max-width: 767px) {\r\n.ukmgf69f5ccd7f02a0 {\r\ndisplay: block;\r\n}\r\n}\r\n<\/style>\r\n<div class=\"gvgeu69f5ccd801259\" ><div id=\"div_destino\"><\/div>\r\n<script src=\"https:\/\/cdn.snsrsv.com\/sdk.js\"><\/script>\r\n<script >\r\n      new sdk(\"464030C30061EA8BE065000000000001\") \r\n          .appendTo(\"div_destino\")\r\n          .disableStyle(true) \r\n          .setCacheBusterMacro(\"%%CACHEBUSTER%%\")\r\n          .setSize(\"800\",\"214\")\r\n          .setClickMacro(\"%%CLICK_URL_ESC%%\") \r\n          .setReferrerUrlMacro(\"%%REFERRER_URL_ESC%%\") \r\n          .start(); \r\n<\/script><\/div><style type=\"text\/css\">\r\n@media screen and (min-width: 1201px) {\r\n.gvgeu69f5ccd801259 {\r\ndisplay: block;\r\n}\r\n}\r\n@media screen and (min-width: 993px) and (max-width: 1200px) {\r\n.gvgeu69f5ccd801259 {\r\ndisplay: block;\r\n}\r\n}\r\n@media screen and (min-width: 769px) and (max-width: 992px) {\r\n.gvgeu69f5ccd801259 {\r\ndisplay: block;\r\n}\r\n}\r\n@media screen and (min-width: 768px) and (max-width: 768px) {\r\n.gvgeu69f5ccd801259 {\r\ndisplay: block;\r\n}\r\n}\r\n@media screen and (max-width: 767px) {\r\n.gvgeu69f5ccd801259 {\r\ndisplay: block;\r\n}\r\n}\r\n<\/style>\r\n","protected":false},"excerpt":{"rendered":"<p>Funcion\u00e1rios de uma farm\u00e1cia localizada na Rua Joaquim C\u00e2ndido, em Argirita, viveram momentos de tens\u00e3o nesta ter\u00e7a-feira, 5 de abril. Dois bandidos entraram no com\u00e9rcio e renderam funcion\u00e1rios e clientes.<\/p>\n","protected":false},"author":2,"featured_media":32211,"comment_status":"open","ping_status":"open","sticky":false,"template":"","format":"standard","meta":{"footnotes":""},"categories":[1],"tags":[850,403,5776,5775,5774],"class_list":["post-32209","post","type-post","status-publish","format-standard","has-post-thumbnail","hentry","category-noticias","tag-argirita","tag-fuga","tag-motocicleta-incendiada","tag-refens","tag-roubo-em-farmacia","thumb-below-title"],"yoast_head":"<!-- This site is optimized with the Yoast SEO plugin v27.4 - https:\/\/yoast.com\/product\/yoast-seo-wordpress\/ -->\n<title>Bandidos assaltam farm\u00e1cia em Argirita e incendeiam moto ap\u00f3s fuga | Marcelo Lopes<\/title>\n<meta name=\"robots\" content=\"index, follow, max-snippet:-1, max-image-preview:large, max-video-preview:-1\" \/>\n<link rel=\"canonical\" href=\"https:\/\/marcelolopes.jor.br\/site\/2022\/04\/06\/bandidos-assaltam-farmacia-em-argirita-e-incendeiam-moto-apos-fuga\/\" \/>\n<meta property=\"og:locale\" content=\"pt_BR\" \/>\n<meta property=\"og:type\" content=\"article\" \/>\n<meta property=\"og:title\" content=\"Bandidos assaltam farm\u00e1cia em Argirita e incendeiam moto ap\u00f3s fuga | Marcelo Lopes\" \/>\n<meta property=\"og:description\" content=\"Funcion\u00e1rios de uma farm\u00e1cia localizada na Rua Joaquim C\u00e2ndido, em Argirita, viveram momentos de tens\u00e3o nesta ter\u00e7a-feira, 5 de abril. Dois bandidos entraram no com\u00e9rcio e renderam funcion\u00e1rios e clientes.\" \/>\n<meta property=\"og:url\" content=\"https:\/\/marcelolopes.jor.br\/site\/2022\/04\/06\/bandidos-assaltam-farmacia-em-argirita-e-incendeiam-moto-apos-fuga\/\" \/>\n<meta property=\"og:site_name\" content=\"Marcelo Lopes\" \/>\n<meta property=\"article:publisher\" content=\"https:\/\/www.facebook.com\/sitedomarcelolopes\" \/>\n<meta property=\"article:published_time\" content=\"2022-04-06T15:00:52+00:00\" \/>\n<meta property=\"og:image\" content=\"https:\/\/marcelolopes.jor.br\/site\/wp-content\/uploads\/2022\/04\/55445.jpeg\" \/>\n\t<meta property=\"og:image:width\" content=\"800\" \/>\n\t<meta property=\"og:image:height\" content=\"464\" \/>\n\t<meta property=\"og:image:type\" content=\"image\/jpeg\" \/>\n<meta name=\"author\" content=\"Marcelo Lopes\" \/>\n<meta name=\"twitter:card\" content=\"summary_large_image\" \/>\n<meta name=\"twitter:label1\" content=\"Escrito por\" \/>\n\t<meta name=\"twitter:data1\" content=\"Marcelo Lopes\" \/>\n\t<meta name=\"twitter:label2\" content=\"Est. tempo de leitura\" \/>\n\t<meta name=\"twitter:data2\" content=\"1 minuto\" \/>\n<script type=\"application\/ld+json\" class=\"yoast-schema-graph\">{\"@context\":\"https:\\\/\\\/schema.org\",\"@graph\":[{\"@type\":\"NewsArticle\",\"@id\":\"https:\\\/\\\/marcelolopes.jor.br\\\/site\\\/2022\\\/04\\\/06\\\/bandidos-assaltam-farmacia-em-argirita-e-incendeiam-moto-apos-fuga\\\/#article\",\"isPartOf\":{\"@id\":\"https:\\\/\\\/marcelolopes.jor.br\\\/site\\\/2022\\\/04\\\/06\\\/bandidos-assaltam-farmacia-em-argirita-e-incendeiam-moto-apos-fuga\\\/\"},\"author\":{\"name\":\"Marcelo Lopes\",\"@id\":\"https:\\\/\\\/marcelolopes.jor.br\\\/site\\\/#\\\/schema\\\/person\\\/3e7216a35c34d8fdf952b31da3d1f89f\"},\"headline\":\"Bandidos assaltam farm\u00e1cia em Argirita e incendeiam moto ap\u00f3s fuga\",\"datePublished\":\"2022-04-06T15:00:52+00:00\",\"mainEntityOfPage\":{\"@id\":\"https:\\\/\\\/marcelolopes.jor.br\\\/site\\\/2022\\\/04\\\/06\\\/bandidos-assaltam-farmacia-em-argirita-e-incendeiam-moto-apos-fuga\\\/\"},\"wordCount\":212,\"commentCount\":0,\"publisher\":{\"@id\":\"https:\\\/\\\/marcelolopes.jor.br\\\/site\\\/#organization\"},\"image\":{\"@id\":\"https:\\\/\\\/marcelolopes.jor.br\\\/site\\\/2022\\\/04\\\/06\\\/bandidos-assaltam-farmacia-em-argirita-e-incendeiam-moto-apos-fuga\\\/#primaryimage\"},\"thumbnailUrl\":\"https:\\\/\\\/marcelolopes.jor.br\\\/site\\\/wp-content\\\/uploads\\\/2022\\\/04\\\/55445.jpeg\",\"keywords\":[\"Argirita\",\"fuga\",\"motocicleta incendiada\",\"ref\u00e9ns\",\"roubo em farm\u00e1cia\"],\"articleSection\":[\"Not\u00edcias\"],\"inLanguage\":\"pt-BR\",\"potentialAction\":[{\"@type\":\"CommentAction\",\"name\":\"Comment\",\"target\":[\"https:\\\/\\\/marcelolopes.jor.br\\\/site\\\/2022\\\/04\\\/06\\\/bandidos-assaltam-farmacia-em-argirita-e-incendeiam-moto-apos-fuga\\\/#respond\"]}]},{\"@type\":\"WebPage\",\"@id\":\"https:\\\/\\\/marcelolopes.jor.br\\\/site\\\/2022\\\/04\\\/06\\\/bandidos-assaltam-farmacia-em-argirita-e-incendeiam-moto-apos-fuga\\\/\",\"url\":\"https:\\\/\\\/marcelolopes.jor.br\\\/site\\\/2022\\\/04\\\/06\\\/bandidos-assaltam-farmacia-em-argirita-e-incendeiam-moto-apos-fuga\\\/\",\"name\":\"Bandidos assaltam farm\u00e1cia em Argirita e incendeiam moto ap\u00f3s fuga | Marcelo Lopes\",\"isPartOf\":{\"@id\":\"https:\\\/\\\/marcelolopes.jor.br\\\/site\\\/#website\"},\"primaryImageOfPage\":{\"@id\":\"https:\\\/\\\/marcelolopes.jor.br\\\/site\\\/2022\\\/04\\\/06\\\/bandidos-assaltam-farmacia-em-argirita-e-incendeiam-moto-apos-fuga\\\/#primaryimage\"},\"image\":{\"@id\":\"https:\\\/\\\/marcelolopes.jor.br\\\/site\\\/2022\\\/04\\\/06\\\/bandidos-assaltam-farmacia-em-argirita-e-incendeiam-moto-apos-fuga\\\/#primaryimage\"},\"thumbnailUrl\":\"https:\\\/\\\/marcelolopes.jor.br\\\/site\\\/wp-content\\\/uploads\\\/2022\\\/04\\\/55445.jpeg\",\"datePublished\":\"2022-04-06T15:00:52+00:00\",\"breadcrumb\":{\"@id\":\"https:\\\/\\\/marcelolopes.jor.br\\\/site\\\/2022\\\/04\\\/06\\\/bandidos-assaltam-farmacia-em-argirita-e-incendeiam-moto-apos-fuga\\\/#breadcrumb\"},\"inLanguage\":\"pt-BR\",\"potentialAction\":[{\"@type\":\"ReadAction\",\"target\":[\"https:\\\/\\\/marcelolopes.jor.br\\\/site\\\/2022\\\/04\\\/06\\\/bandidos-assaltam-farmacia-em-argirita-e-incendeiam-moto-apos-fuga\\\/\"]}]},{\"@type\":\"ImageObject\",\"inLanguage\":\"pt-BR\",\"@id\":\"https:\\\/\\\/marcelolopes.jor.br\\\/site\\\/2022\\\/04\\\/06\\\/bandidos-assaltam-farmacia-em-argirita-e-incendeiam-moto-apos-fuga\\\/#primaryimage\",\"url\":\"https:\\\/\\\/marcelolopes.jor.br\\\/site\\\/wp-content\\\/uploads\\\/2022\\\/04\\\/55445.jpeg\",\"contentUrl\":\"https:\\\/\\\/marcelolopes.jor.br\\\/site\\\/wp-content\\\/uploads\\\/2022\\\/04\\\/55445.jpeg\",\"width\":800,\"height\":464},{\"@type\":\"BreadcrumbList\",\"@id\":\"https:\\\/\\\/marcelolopes.jor.br\\\/site\\\/2022\\\/04\\\/06\\\/bandidos-assaltam-farmacia-em-argirita-e-incendeiam-moto-apos-fuga\\\/#breadcrumb\",\"itemListElement\":[{\"@type\":\"ListItem\",\"position\":1,\"name\":\"Home\",\"item\":\"https:\\\/\\\/marcelolopes.jor.br\\\/site\\\/\"},{\"@type\":\"ListItem\",\"position\":2,\"name\":\"Bandidos assaltam farm\u00e1cia em Argirita e incendeiam moto ap\u00f3s fuga\"}]},{\"@type\":\"WebSite\",\"@id\":\"https:\\\/\\\/marcelolopes.jor.br\\\/site\\\/#website\",\"url\":\"https:\\\/\\\/marcelolopes.jor.br\\\/site\\\/\",\"name\":\"Marcelo Lopes\",\"description\":\"Not\u00edcias de Cataguases e Regi\u00e3o\",\"publisher\":{\"@id\":\"https:\\\/\\\/marcelolopes.jor.br\\\/site\\\/#organization\"},\"potentialAction\":[{\"@type\":\"SearchAction\",\"target\":{\"@type\":\"EntryPoint\",\"urlTemplate\":\"https:\\\/\\\/marcelolopes.jor.br\\\/site\\\/?s={search_term_string}\"},\"query-input\":{\"@type\":\"PropertyValueSpecification\",\"valueRequired\":true,\"valueName\":\"search_term_string\"}}],\"inLanguage\":\"pt-BR\"},{\"@type\":\"Organization\",\"@id\":\"https:\\\/\\\/marcelolopes.jor.br\\\/site\\\/#organization\",\"name\":\"Site do Marcelo Lopes\",\"url\":\"https:\\\/\\\/marcelolopes.jor.br\\\/site\\\/\",\"logo\":{\"@type\":\"ImageObject\",\"inLanguage\":\"pt-BR\",\"@id\":\"https:\\\/\\\/marcelolopes.jor.br\\\/site\\\/#\\\/schema\\\/logo\\\/image\\\/\",\"url\":\"https:\\\/\\\/marcelolopes.jor.br\\\/site\\\/wp-content\\\/uploads\\\/2024\\\/11\\\/logo-1.png\",\"contentUrl\":\"https:\\\/\\\/marcelolopes.jor.br\\\/site\\\/wp-content\\\/uploads\\\/2024\\\/11\\\/logo-1.png\",\"width\":475,\"height\":80,\"caption\":\"Site do Marcelo Lopes\"},\"image\":{\"@id\":\"https:\\\/\\\/marcelolopes.jor.br\\\/site\\\/#\\\/schema\\\/logo\\\/image\\\/\"},\"sameAs\":[\"https:\\\/\\\/www.facebook.com\\\/sitedomarcelolopes\",\"https:\\\/\\\/www.instagram.com\\\/sitedomarcelolopes\\\/\",\"https:\\\/\\\/www.linkedin.com\\\/company\\\/site-do-marcelo-lopes\\\/\",\"https:\\\/\\\/www.youtube.com\\\/user\\\/marcelolopes957\"]},{\"@type\":\"Person\",\"@id\":\"https:\\\/\\\/marcelolopes.jor.br\\\/site\\\/#\\\/schema\\\/person\\\/3e7216a35c34d8fdf952b31da3d1f89f\",\"name\":\"Marcelo Lopes\",\"sameAs\":[\"http:\\\/\\\/www.marcelolopes.jor.br\"],\"url\":\"https:\\\/\\\/marcelolopes.jor.br\\\/site\\\/author\\\/marcelo\\\/\"}]}<\/script>\n<!-- \/ Yoast SEO plugin. -->","yoast_head_json":{"title":"Bandidos assaltam farm\u00e1cia em Argirita e incendeiam moto ap\u00f3s fuga | Marcelo Lopes","robots":{"index":"index","follow":"follow","max-snippet":"max-snippet:-1","max-image-preview":"max-image-preview:large","max-video-preview":"max-video-preview:-1"},"canonical":"https:\/\/marcelolopes.jor.br\/site\/2022\/04\/06\/bandidos-assaltam-farmacia-em-argirita-e-incendeiam-moto-apos-fuga\/","og_locale":"pt_BR","og_type":"article","og_title":"Bandidos assaltam farm\u00e1cia em Argirita e incendeiam moto ap\u00f3s fuga | Marcelo Lopes","og_description":"Funcion\u00e1rios de uma farm\u00e1cia localizada na Rua Joaquim C\u00e2ndido, em Argirita, viveram momentos de tens\u00e3o nesta ter\u00e7a-feira, 5 de abril. Dois bandidos entraram no com\u00e9rcio e renderam funcion\u00e1rios e clientes.","og_url":"https:\/\/marcelolopes.jor.br\/site\/2022\/04\/06\/bandidos-assaltam-farmacia-em-argirita-e-incendeiam-moto-apos-fuga\/","og_site_name":"Marcelo Lopes","article_publisher":"https:\/\/www.facebook.com\/sitedomarcelolopes","article_published_time":"2022-04-06T15:00:52+00:00","og_image":[{"width":800,"height":464,"url":"https:\/\/marcelolopes.jor.br\/site\/wp-content\/uploads\/2022\/04\/55445.jpeg","type":"image\/jpeg"}],"author":"Marcelo Lopes","twitter_card":"summary_large_image","twitter_misc":{"Escrito por":"Marcelo Lopes","Est. tempo de leitura":"1 minuto"},"schema":{"@context":"https:\/\/schema.org","@graph":[{"@type":"NewsArticle","@id":"https:\/\/marcelolopes.jor.br\/site\/2022\/04\/06\/bandidos-assaltam-farmacia-em-argirita-e-incendeiam-moto-apos-fuga\/#article","isPartOf":{"@id":"https:\/\/marcelolopes.jor.br\/site\/2022\/04\/06\/bandidos-assaltam-farmacia-em-argirita-e-incendeiam-moto-apos-fuga\/"},"author":{"name":"Marcelo Lopes","@id":"https:\/\/marcelolopes.jor.br\/site\/#\/schema\/person\/3e7216a35c34d8fdf952b31da3d1f89f"},"headline":"Bandidos assaltam farm\u00e1cia em Argirita e incendeiam moto ap\u00f3s fuga","datePublished":"2022-04-06T15:00:52+00:00","mainEntityOfPage":{"@id":"https:\/\/marcelolopes.jor.br\/site\/2022\/04\/06\/bandidos-assaltam-farmacia-em-argirita-e-incendeiam-moto-apos-fuga\/"},"wordCount":212,"commentCount":0,"publisher":{"@id":"https:\/\/marcelolopes.jor.br\/site\/#organization"},"image":{"@id":"https:\/\/marcelolopes.jor.br\/site\/2022\/04\/06\/bandidos-assaltam-farmacia-em-argirita-e-incendeiam-moto-apos-fuga\/#primaryimage"},"thumbnailUrl":"https:\/\/marcelolopes.jor.br\/site\/wp-content\/uploads\/2022\/04\/55445.jpeg","keywords":["Argirita","fuga","motocicleta incendiada","ref\u00e9ns","roubo em farm\u00e1cia"],"articleSection":["Not\u00edcias"],"inLanguage":"pt-BR","potentialAction":[{"@type":"CommentAction","name":"Comment","target":["https:\/\/marcelolopes.jor.br\/site\/2022\/04\/06\/bandidos-assaltam-farmacia-em-argirita-e-incendeiam-moto-apos-fuga\/#respond"]}]},{"@type":"WebPage","@id":"https:\/\/marcelolopes.jor.br\/site\/2022\/04\/06\/bandidos-assaltam-farmacia-em-argirita-e-incendeiam-moto-apos-fuga\/","url":"https:\/\/marcelolopes.jor.br\/site\/2022\/04\/06\/bandidos-assaltam-farmacia-em-argirita-e-incendeiam-moto-apos-fuga\/","name":"Bandidos assaltam farm\u00e1cia em Argirita e incendeiam moto ap\u00f3s fuga | Marcelo Lopes","isPartOf":{"@id":"https:\/\/marcelolopes.jor.br\/site\/#website"},"primaryImageOfPage":{"@id":"https:\/\/marcelolopes.jor.br\/site\/2022\/04\/06\/bandidos-assaltam-farmacia-em-argirita-e-incendeiam-moto-apos-fuga\/#primaryimage"},"image":{"@id":"https:\/\/marcelolopes.jor.br\/site\/2022\/04\/06\/bandidos-assaltam-farmacia-em-argirita-e-incendeiam-moto-apos-fuga\/#primaryimage"},"thumbnailUrl":"https:\/\/marcelolopes.jor.br\/site\/wp-content\/uploads\/2022\/04\/55445.jpeg","datePublished":"2022-04-06T15:00:52+00:00","breadcrumb":{"@id":"https:\/\/marcelolopes.jor.br\/site\/2022\/04\/06\/bandidos-assaltam-farmacia-em-argirita-e-incendeiam-moto-apos-fuga\/#breadcrumb"},"inLanguage":"pt-BR","potentialAction":[{"@type":"ReadAction","target":["https:\/\/marcelolopes.jor.br\/site\/2022\/04\/06\/bandidos-assaltam-farmacia-em-argirita-e-incendeiam-moto-apos-fuga\/"]}]},{"@type":"ImageObject","inLanguage":"pt-BR","@id":"https:\/\/marcelolopes.jor.br\/site\/2022\/04\/06\/bandidos-assaltam-farmacia-em-argirita-e-incendeiam-moto-apos-fuga\/#primaryimage","url":"https:\/\/marcelolopes.jor.br\/site\/wp-content\/uploads\/2022\/04\/55445.jpeg","contentUrl":"https:\/\/marcelolopes.jor.br\/site\/wp-content\/uploads\/2022\/04\/55445.jpeg","width":800,"height":464},{"@type":"BreadcrumbList","@id":"https:\/\/marcelolopes.jor.br\/site\/2022\/04\/06\/bandidos-assaltam-farmacia-em-argirita-e-incendeiam-moto-apos-fuga\/#breadcrumb","itemListElement":[{"@type":"ListItem","position":1,"name":"Home","item":"https:\/\/marcelolopes.jor.br\/site\/"},{"@type":"ListItem","position":2,"name":"Bandidos assaltam farm\u00e1cia em Argirita e incendeiam moto ap\u00f3s fuga"}]},{"@type":"WebSite","@id":"https:\/\/marcelolopes.jor.br\/site\/#website","url":"https:\/\/marcelolopes.jor.br\/site\/","name":"Marcelo Lopes","description":"Not\u00edcias de Cataguases e Regi\u00e3o","publisher":{"@id":"https:\/\/marcelolopes.jor.br\/site\/#organization"},"potentialAction":[{"@type":"SearchAction","target":{"@type":"EntryPoint","urlTemplate":"https:\/\/marcelolopes.jor.br\/site\/?s={search_term_string}"},"query-input":{"@type":"PropertyValueSpecification","valueRequired":true,"valueName":"search_term_string"}}],"inLanguage":"pt-BR"},{"@type":"Organization","@id":"https:\/\/marcelolopes.jor.br\/site\/#organization","name":"Site do Marcelo Lopes","url":"https:\/\/marcelolopes.jor.br\/site\/","logo":{"@type":"ImageObject","inLanguage":"pt-BR","@id":"https:\/\/marcelolopes.jor.br\/site\/#\/schema\/logo\/image\/","url":"https:\/\/marcelolopes.jor.br\/site\/wp-content\/uploads\/2024\/11\/logo-1.png","contentUrl":"https:\/\/marcelolopes.jor.br\/site\/wp-content\/uploads\/2024\/11\/logo-1.png","width":475,"height":80,"caption":"Site do Marcelo Lopes"},"image":{"@id":"https:\/\/marcelolopes.jor.br\/site\/#\/schema\/logo\/image\/"},"sameAs":["https:\/\/www.facebook.com\/sitedomarcelolopes","https:\/\/www.instagram.com\/sitedomarcelolopes\/","https:\/\/www.linkedin.com\/company\/site-do-marcelo-lopes\/","https:\/\/www.youtube.com\/user\/marcelolopes957"]},{"@type":"Person","@id":"https:\/\/marcelolopes.jor.br\/site\/#\/schema\/person\/3e7216a35c34d8fdf952b31da3d1f89f","name":"Marcelo Lopes","sameAs":["http:\/\/www.marcelolopes.jor.br"],"url":"https:\/\/marcelolopes.jor.br\/site\/author\/marcelo\/"}]}},"wps_subtitle":"Ve\u00edculo utilizado pelos criminosos foi localizado \u00e0s margens da BR-116 em Leopoldina.","_links":{"self":[{"href":"https:\/\/marcelolopes.jor.br\/site\/wp-json\/wp\/v2\/posts\/32209","targetHints":{"allow":["GET"]}}],"collection":[{"href":"https:\/\/marcelolopes.jor.br\/site\/wp-json\/wp\/v2\/posts"}],"about":[{"href":"https:\/\/marcelolopes.jor.br\/site\/wp-json\/wp\/v2\/types\/post"}],"author":[{"embeddable":true,"href":"https:\/\/marcelolopes.jor.br\/site\/wp-json\/wp\/v2\/users\/2"}],"replies":[{"embeddable":true,"href":"https:\/\/marcelolopes.jor.br\/site\/wp-json\/wp\/v2\/comments?post=32209"}],"version-history":[{"count":0,"href":"https:\/\/marcelolopes.jor.br\/site\/wp-json\/wp\/v2\/posts\/32209\/revisions"}],"wp:featuredmedia":[{"embeddable":true,"href":"https:\/\/marcelolopes.jor.br\/site\/wp-json\/wp\/v2\/media\/32211"}],"wp:attachment":[{"href":"https:\/\/marcelolopes.jor.br\/site\/wp-json\/wp\/v2\/media?parent=32209"}],"wp:term":[{"taxonomy":"category","embeddable":true,"href":"https:\/\/marcelolopes.jor.br\/site\/wp-json\/wp\/v2\/categories?post=32209"},{"taxonomy":"post_tag","embeddable":true,"href":"https:\/\/marcelolopes.jor.br\/site\/wp-json\/wp\/v2\/tags?post=32209"}],"curies":[{"name":"wp","href":"https:\/\/api.w.org\/{rel}","templated":true}]}}