{"id":32205,"date":"2022-04-05T21:06:15","date_gmt":"2022-04-06T00:06:15","guid":{"rendered":"https:\/\/marcelolopes.jor.br\/?p=32205"},"modified":"2022-12-11T11:08:59","modified_gmt":"2022-12-11T14:08:59","slug":"dois-sao-presos-pela-pm-apos-roubo-a-posto-de-combustiveis-em-leopoldina","status":"publish","type":"post","link":"https:\/\/marcelolopes.jor.br\/site\/2022\/04\/05\/dois-sao-presos-pela-pm-apos-roubo-a-posto-de-combustiveis-em-leopoldina\/","title":{"rendered":"Dois s\u00e3o presos pela PM ap\u00f3s roubo a posto de combust\u00edveis em Leopoldina"},"content":{"rendered":"<p class=\"p1\" style=\"text-align: justify;\"><span style=\"font-size: 1rem; -webkit-text-size-adjust: 100%;\">Dois homens foram presos ap\u00f3s um roubo a um posto de combust\u00edveis \u00e0s margens da rodovia BR-116 entre os bairros Vale do Sol e Eldorado, em Leopoldina, nesta ter\u00e7a-feira, 5 de abril.<\/span><br \/>\n<!--more--><\/p>\n<p class=\"p1\" style=\"text-align: justify;\"><span class=\"s2\">Assista ao v\u00eddeo no final da mat\u00e9ria. N\u00e3o h\u00e1 registro de feridos e, segundo a Pol\u00edcia Militar, dois suspeitos de cometer o crime foram presos.<\/span><\/p>\n<p class=\"p1\" style=\"text-align: justify;\"><span class=\"s2\">As imagens do circuito de vigil\u00e2ncia do estabelecimento registraram o momento em que quatro bandidos rendem duas v\u00edtimas, de 20 e 26 anos. Um dos criminosos utiliza uma arma de fogo e um segundo segura um fac\u00e3o.<\/span><\/p>\n<p class=\"p1\" style=\"text-align: justify;\"><span class=\"s2\">Militares da 37\u00aa Cia PM de Leopoldina foram acionados e durante intenso rastreamento conseguiram prender um indiv\u00edduo, de 19 anos, que ao ser questionado confessou sua participa\u00e7\u00e3o no crime.<\/span><\/p>\n<p class=\"p1\" style=\"text-align: justify;\"><span class=\"s2\">Ainda durante rastreamentos com o aux\u00edlio do Servi\u00e7o de Intelig\u00eancia do 68\u00ba Batalh\u00e3o da Pol\u00edcia Militar de Leopoldina, um homem de 25 anos foi localizado saindo do meio do mato sentido Bairro Bandeirantes, ocasi\u00e3o em que tamb\u00e9m foi preso.<\/span><\/p>\n<p class=\"p1\" style=\"text-align: justify;\"><span class=\"s2\">De acordo com as informa\u00e7\u00f5es, os bandidos roubaram R$ 378,00 em dinheiro e o celular de um cliente daquele posto.<\/span><\/p>\n<p class=\"p1\" style=\"text-align: justify;\"><span class=\"s2\">Os presos foram encaminhados para a Delegacia de Pol\u00edcia Civil de Leopoldina para as demais provid\u00eancias.<\/span><\/p>\n<p><a href=\"https:\/\/marcelolopes.jor.br\/site\/wp-content\/uploads\/2022\/04\/IMG_1579.mov\">IMG_1579<\/a><\/p>\n<p>Fonte e foto: O Vigilante Online<\/p>\n<div class=\"olkmg69f5f4a4abc44\" ><br><\/div><style type=\"text\/css\">\r\n@media screen and (min-width: 1201px) {\r\n.olkmg69f5f4a4abc44 {\r\ndisplay: block;\r\n}\r\n}\r\n@media screen and (min-width: 993px) and (max-width: 1200px) {\r\n.olkmg69f5f4a4abc44 {\r\ndisplay: block;\r\n}\r\n}\r\n@media screen and (min-width: 769px) and (max-width: 992px) {\r\n.olkmg69f5f4a4abc44 {\r\ndisplay: block;\r\n}\r\n}\r\n@media screen and (min-width: 768px) and (max-width: 768px) {\r\n.olkmg69f5f4a4abc44 {\r\ndisplay: block;\r\n}\r\n}\r\n@media screen and (max-width: 767px) {\r\n.olkmg69f5f4a4abc44 {\r\ndisplay: block;\r\n}\r\n}\r\n<\/style>\r\n<div class=\"taqvz69f5f4a4b071e\" ><div id=\"div_destino\"><\/div>\r\n<script src=\"https:\/\/cdn.snsrsv.com\/sdk.js\"><\/script>\r\n<script >\r\n      new sdk(\"464030C30061EA8BE065000000000001\") \r\n          .appendTo(\"div_destino\")\r\n          .disableStyle(true) \r\n          .setCacheBusterMacro(\"%%CACHEBUSTER%%\")\r\n          .setSize(\"800\",\"214\")\r\n          .setClickMacro(\"%%CLICK_URL_ESC%%\") \r\n          .setReferrerUrlMacro(\"%%REFERRER_URL_ESC%%\") \r\n          .start(); \r\n<\/script><\/div><style type=\"text\/css\">\r\n@media screen and (min-width: 1201px) {\r\n.taqvz69f5f4a4b071e {\r\ndisplay: block;\r\n}\r\n}\r\n@media screen and (min-width: 993px) and (max-width: 1200px) {\r\n.taqvz69f5f4a4b071e {\r\ndisplay: block;\r\n}\r\n}\r\n@media screen and (min-width: 769px) and (max-width: 992px) {\r\n.taqvz69f5f4a4b071e {\r\ndisplay: block;\r\n}\r\n}\r\n@media screen and (min-width: 768px) and (max-width: 768px) {\r\n.taqvz69f5f4a4b071e {\r\ndisplay: block;\r\n}\r\n}\r\n@media screen and (max-width: 767px) {\r\n.taqvz69f5f4a4b071e {\r\ndisplay: block;\r\n}\r\n}\r\n<\/style>\r\n","protected":false},"excerpt":{"rendered":"<p>Dois homens foram presos ap\u00f3s um roubo a um posto de combust\u00edveis \u00e0s margens da rodovia BR-116 entre os bairros Vale do Sol e Eldorado, em Leopoldina, nesta ter\u00e7a-feira, 5 de abril.<\/p>\n","protected":false},"author":2,"featured_media":32206,"comment_status":"open","ping_status":"open","sticky":false,"template":"","format":"standard","meta":{"footnotes":""},"categories":[1],"tags":[106,3334,4388,3335],"class_list":["post-32205","post","type-post","status-publish","format-standard","has-post-thumbnail","hentry","category-noticias","tag-assalto","tag-bando","tag-crime-em-leopoldina","tag-marginais","thumb-below-title"],"yoast_head":"<!-- This site is optimized with the Yoast SEO plugin v27.4 - https:\/\/yoast.com\/product\/yoast-seo-wordpress\/ -->\n<title>Dois s\u00e3o presos pela PM ap\u00f3s roubo a posto de combust\u00edveis em<\/title>\n<meta name=\"description\" content=\"Dois s\u00e3o presos pela PM ap\u00f3s roubo a posto de combust\u00edveis em Leopoldina. A\u00e7\u00e3o criminosa foi gravada pelas c\u00e2meras de seguran\u00e7a do posto.\" \/>\n<meta name=\"robots\" content=\"index, follow, max-snippet:-1, max-image-preview:large, max-video-preview:-1\" \/>\n<link rel=\"canonical\" href=\"https:\/\/marcelolopes.jor.br\/site\/2022\/04\/05\/dois-sao-presos-pela-pm-apos-roubo-a-posto-de-combustiveis-em-leopoldina\/\" \/>\n<meta property=\"og:locale\" content=\"pt_BR\" \/>\n<meta property=\"og:type\" content=\"article\" \/>\n<meta property=\"og:title\" content=\"Dois s\u00e3o presos pela PM ap\u00f3s roubo a posto de combust\u00edveis em\" \/>\n<meta property=\"og:description\" content=\"Dois s\u00e3o presos pela PM ap\u00f3s roubo a posto de combust\u00edveis em Leopoldina. A\u00e7\u00e3o criminosa foi gravada pelas c\u00e2meras de seguran\u00e7a do posto.\" \/>\n<meta property=\"og:url\" content=\"https:\/\/marcelolopes.jor.br\/site\/2022\/04\/05\/dois-sao-presos-pela-pm-apos-roubo-a-posto-de-combustiveis-em-leopoldina\/\" \/>\n<meta property=\"og:site_name\" content=\"Marcelo Lopes\" \/>\n<meta property=\"article:publisher\" content=\"https:\/\/www.facebook.com\/sitedomarcelolopes\" \/>\n<meta property=\"article:published_time\" content=\"2022-04-06T00:06:15+00:00\" \/>\n<meta property=\"article:modified_time\" content=\"2022-12-11T14:08:59+00:00\" \/>\n<meta property=\"og:image\" content=\"https:\/\/marcelolopes.jor.br\/site\/wp-content\/uploads\/2022\/04\/B05E9912-6699-49DA-8A90-0A9BC4D19A00.jpeg\" \/>\n\t<meta property=\"og:image:width\" content=\"900\" \/>\n\t<meta property=\"og:image:height\" content=\"567\" \/>\n\t<meta property=\"og:image:type\" content=\"image\/jpeg\" \/>\n<meta name=\"author\" content=\"Marcelo Lopes\" \/>\n<meta name=\"twitter:card\" content=\"summary_large_image\" \/>\n<meta name=\"twitter:label1\" content=\"Escrito por\" \/>\n\t<meta name=\"twitter:data1\" content=\"Marcelo Lopes\" \/>\n\t<meta name=\"twitter:label2\" content=\"Est. tempo de leitura\" \/>\n\t<meta name=\"twitter:data2\" content=\"1 minuto\" \/>\n<script type=\"application\/ld+json\" class=\"yoast-schema-graph\">{\"@context\":\"https:\\\/\\\/schema.org\",\"@graph\":[{\"@type\":\"NewsArticle\",\"@id\":\"https:\\\/\\\/marcelolopes.jor.br\\\/site\\\/2022\\\/04\\\/05\\\/dois-sao-presos-pela-pm-apos-roubo-a-posto-de-combustiveis-em-leopoldina\\\/#article\",\"isPartOf\":{\"@id\":\"https:\\\/\\\/marcelolopes.jor.br\\\/site\\\/2022\\\/04\\\/05\\\/dois-sao-presos-pela-pm-apos-roubo-a-posto-de-combustiveis-em-leopoldina\\\/\"},\"author\":{\"name\":\"Marcelo Lopes\",\"@id\":\"https:\\\/\\\/marcelolopes.jor.br\\\/site\\\/#\\\/schema\\\/person\\\/3e7216a35c34d8fdf952b31da3d1f89f\"},\"headline\":\"Dois s\u00e3o presos pela PM ap\u00f3s roubo a posto de combust\u00edveis em Leopoldina\",\"datePublished\":\"2022-04-06T00:06:15+00:00\",\"dateModified\":\"2022-12-11T14:08:59+00:00\",\"mainEntityOfPage\":{\"@id\":\"https:\\\/\\\/marcelolopes.jor.br\\\/site\\\/2022\\\/04\\\/05\\\/dois-sao-presos-pela-pm-apos-roubo-a-posto-de-combustiveis-em-leopoldina\\\/\"},\"wordCount\":235,\"commentCount\":0,\"publisher\":{\"@id\":\"https:\\\/\\\/marcelolopes.jor.br\\\/site\\\/#organization\"},\"image\":{\"@id\":\"https:\\\/\\\/marcelolopes.jor.br\\\/site\\\/2022\\\/04\\\/05\\\/dois-sao-presos-pela-pm-apos-roubo-a-posto-de-combustiveis-em-leopoldina\\\/#primaryimage\"},\"thumbnailUrl\":\"https:\\\/\\\/marcelolopes.jor.br\\\/site\\\/wp-content\\\/uploads\\\/2022\\\/04\\\/B05E9912-6699-49DA-8A90-0A9BC4D19A00.jpeg\",\"keywords\":[\"assalto\",\"bando\",\"crime em Leopoldina\",\"marginais\"],\"articleSection\":[\"Not\u00edcias\"],\"inLanguage\":\"pt-BR\",\"potentialAction\":[{\"@type\":\"CommentAction\",\"name\":\"Comment\",\"target\":[\"https:\\\/\\\/marcelolopes.jor.br\\\/site\\\/2022\\\/04\\\/05\\\/dois-sao-presos-pela-pm-apos-roubo-a-posto-de-combustiveis-em-leopoldina\\\/#respond\"]}]},{\"@type\":\"WebPage\",\"@id\":\"https:\\\/\\\/marcelolopes.jor.br\\\/site\\\/2022\\\/04\\\/05\\\/dois-sao-presos-pela-pm-apos-roubo-a-posto-de-combustiveis-em-leopoldina\\\/\",\"url\":\"https:\\\/\\\/marcelolopes.jor.br\\\/site\\\/2022\\\/04\\\/05\\\/dois-sao-presos-pela-pm-apos-roubo-a-posto-de-combustiveis-em-leopoldina\\\/\",\"name\":\"Dois s\u00e3o presos pela PM ap\u00f3s roubo a posto de combust\u00edveis em\",\"isPartOf\":{\"@id\":\"https:\\\/\\\/marcelolopes.jor.br\\\/site\\\/#website\"},\"primaryImageOfPage\":{\"@id\":\"https:\\\/\\\/marcelolopes.jor.br\\\/site\\\/2022\\\/04\\\/05\\\/dois-sao-presos-pela-pm-apos-roubo-a-posto-de-combustiveis-em-leopoldina\\\/#primaryimage\"},\"image\":{\"@id\":\"https:\\\/\\\/marcelolopes.jor.br\\\/site\\\/2022\\\/04\\\/05\\\/dois-sao-presos-pela-pm-apos-roubo-a-posto-de-combustiveis-em-leopoldina\\\/#primaryimage\"},\"thumbnailUrl\":\"https:\\\/\\\/marcelolopes.jor.br\\\/site\\\/wp-content\\\/uploads\\\/2022\\\/04\\\/B05E9912-6699-49DA-8A90-0A9BC4D19A00.jpeg\",\"datePublished\":\"2022-04-06T00:06:15+00:00\",\"dateModified\":\"2022-12-11T14:08:59+00:00\",\"description\":\"Dois s\u00e3o presos pela PM ap\u00f3s roubo a posto de combust\u00edveis em Leopoldina. A\u00e7\u00e3o criminosa foi gravada pelas c\u00e2meras de seguran\u00e7a do posto.\",\"breadcrumb\":{\"@id\":\"https:\\\/\\\/marcelolopes.jor.br\\\/site\\\/2022\\\/04\\\/05\\\/dois-sao-presos-pela-pm-apos-roubo-a-posto-de-combustiveis-em-leopoldina\\\/#breadcrumb\"},\"inLanguage\":\"pt-BR\",\"potentialAction\":[{\"@type\":\"ReadAction\",\"target\":[\"https:\\\/\\\/marcelolopes.jor.br\\\/site\\\/2022\\\/04\\\/05\\\/dois-sao-presos-pela-pm-apos-roubo-a-posto-de-combustiveis-em-leopoldina\\\/\"]}]},{\"@type\":\"ImageObject\",\"inLanguage\":\"pt-BR\",\"@id\":\"https:\\\/\\\/marcelolopes.jor.br\\\/site\\\/2022\\\/04\\\/05\\\/dois-sao-presos-pela-pm-apos-roubo-a-posto-de-combustiveis-em-leopoldina\\\/#primaryimage\",\"url\":\"https:\\\/\\\/marcelolopes.jor.br\\\/site\\\/wp-content\\\/uploads\\\/2022\\\/04\\\/B05E9912-6699-49DA-8A90-0A9BC4D19A00.jpeg\",\"contentUrl\":\"https:\\\/\\\/marcelolopes.jor.br\\\/site\\\/wp-content\\\/uploads\\\/2022\\\/04\\\/B05E9912-6699-49DA-8A90-0A9BC4D19A00.jpeg\",\"width\":900,\"height\":567,\"caption\":\"Dois s\u00e3o presos pela\"},{\"@type\":\"BreadcrumbList\",\"@id\":\"https:\\\/\\\/marcelolopes.jor.br\\\/site\\\/2022\\\/04\\\/05\\\/dois-sao-presos-pela-pm-apos-roubo-a-posto-de-combustiveis-em-leopoldina\\\/#breadcrumb\",\"itemListElement\":[{\"@type\":\"ListItem\",\"position\":1,\"name\":\"Home\",\"item\":\"https:\\\/\\\/marcelolopes.jor.br\\\/site\\\/\"},{\"@type\":\"ListItem\",\"position\":2,\"name\":\"Dois s\u00e3o presos pela PM ap\u00f3s roubo a posto de combust\u00edveis em Leopoldina\"}]},{\"@type\":\"WebSite\",\"@id\":\"https:\\\/\\\/marcelolopes.jor.br\\\/site\\\/#website\",\"url\":\"https:\\\/\\\/marcelolopes.jor.br\\\/site\\\/\",\"name\":\"Marcelo Lopes\",\"description\":\"Not\u00edcias de Cataguases e Regi\u00e3o\",\"publisher\":{\"@id\":\"https:\\\/\\\/marcelolopes.jor.br\\\/site\\\/#organization\"},\"potentialAction\":[{\"@type\":\"SearchAction\",\"target\":{\"@type\":\"EntryPoint\",\"urlTemplate\":\"https:\\\/\\\/marcelolopes.jor.br\\\/site\\\/?s={search_term_string}\"},\"query-input\":{\"@type\":\"PropertyValueSpecification\",\"valueRequired\":true,\"valueName\":\"search_term_string\"}}],\"inLanguage\":\"pt-BR\"},{\"@type\":\"Organization\",\"@id\":\"https:\\\/\\\/marcelolopes.jor.br\\\/site\\\/#organization\",\"name\":\"Site do Marcelo Lopes\",\"url\":\"https:\\\/\\\/marcelolopes.jor.br\\\/site\\\/\",\"logo\":{\"@type\":\"ImageObject\",\"inLanguage\":\"pt-BR\",\"@id\":\"https:\\\/\\\/marcelolopes.jor.br\\\/site\\\/#\\\/schema\\\/logo\\\/image\\\/\",\"url\":\"https:\\\/\\\/marcelolopes.jor.br\\\/site\\\/wp-content\\\/uploads\\\/2024\\\/11\\\/logo-1.png\",\"contentUrl\":\"https:\\\/\\\/marcelolopes.jor.br\\\/site\\\/wp-content\\\/uploads\\\/2024\\\/11\\\/logo-1.png\",\"width\":475,\"height\":80,\"caption\":\"Site do Marcelo Lopes\"},\"image\":{\"@id\":\"https:\\\/\\\/marcelolopes.jor.br\\\/site\\\/#\\\/schema\\\/logo\\\/image\\\/\"},\"sameAs\":[\"https:\\\/\\\/www.facebook.com\\\/sitedomarcelolopes\",\"https:\\\/\\\/www.instagram.com\\\/sitedomarcelolopes\\\/\",\"https:\\\/\\\/www.linkedin.com\\\/company\\\/site-do-marcelo-lopes\\\/\",\"https:\\\/\\\/www.youtube.com\\\/user\\\/marcelolopes957\"]},{\"@type\":\"Person\",\"@id\":\"https:\\\/\\\/marcelolopes.jor.br\\\/site\\\/#\\\/schema\\\/person\\\/3e7216a35c34d8fdf952b31da3d1f89f\",\"name\":\"Marcelo Lopes\",\"sameAs\":[\"http:\\\/\\\/www.marcelolopes.jor.br\"],\"url\":\"https:\\\/\\\/marcelolopes.jor.br\\\/site\\\/author\\\/marcelo\\\/\"}]}<\/script>\n<!-- \/ Yoast SEO plugin. -->","yoast_head_json":{"title":"Dois s\u00e3o presos pela PM ap\u00f3s roubo a posto de combust\u00edveis em","description":"Dois s\u00e3o presos pela PM ap\u00f3s roubo a posto de combust\u00edveis em Leopoldina. A\u00e7\u00e3o criminosa foi gravada pelas c\u00e2meras de seguran\u00e7a do posto.","robots":{"index":"index","follow":"follow","max-snippet":"max-snippet:-1","max-image-preview":"max-image-preview:large","max-video-preview":"max-video-preview:-1"},"canonical":"https:\/\/marcelolopes.jor.br\/site\/2022\/04\/05\/dois-sao-presos-pela-pm-apos-roubo-a-posto-de-combustiveis-em-leopoldina\/","og_locale":"pt_BR","og_type":"article","og_title":"Dois s\u00e3o presos pela PM ap\u00f3s roubo a posto de combust\u00edveis em","og_description":"Dois s\u00e3o presos pela PM ap\u00f3s roubo a posto de combust\u00edveis em Leopoldina. A\u00e7\u00e3o criminosa foi gravada pelas c\u00e2meras de seguran\u00e7a do posto.","og_url":"https:\/\/marcelolopes.jor.br\/site\/2022\/04\/05\/dois-sao-presos-pela-pm-apos-roubo-a-posto-de-combustiveis-em-leopoldina\/","og_site_name":"Marcelo Lopes","article_publisher":"https:\/\/www.facebook.com\/sitedomarcelolopes","article_published_time":"2022-04-06T00:06:15+00:00","article_modified_time":"2022-12-11T14:08:59+00:00","og_image":[{"width":900,"height":567,"url":"https:\/\/marcelolopes.jor.br\/site\/wp-content\/uploads\/2022\/04\/B05E9912-6699-49DA-8A90-0A9BC4D19A00.jpeg","type":"image\/jpeg"}],"author":"Marcelo Lopes","twitter_card":"summary_large_image","twitter_misc":{"Escrito por":"Marcelo Lopes","Est. tempo de leitura":"1 minuto"},"schema":{"@context":"https:\/\/schema.org","@graph":[{"@type":"NewsArticle","@id":"https:\/\/marcelolopes.jor.br\/site\/2022\/04\/05\/dois-sao-presos-pela-pm-apos-roubo-a-posto-de-combustiveis-em-leopoldina\/#article","isPartOf":{"@id":"https:\/\/marcelolopes.jor.br\/site\/2022\/04\/05\/dois-sao-presos-pela-pm-apos-roubo-a-posto-de-combustiveis-em-leopoldina\/"},"author":{"name":"Marcelo Lopes","@id":"https:\/\/marcelolopes.jor.br\/site\/#\/schema\/person\/3e7216a35c34d8fdf952b31da3d1f89f"},"headline":"Dois s\u00e3o presos pela PM ap\u00f3s roubo a posto de combust\u00edveis em Leopoldina","datePublished":"2022-04-06T00:06:15+00:00","dateModified":"2022-12-11T14:08:59+00:00","mainEntityOfPage":{"@id":"https:\/\/marcelolopes.jor.br\/site\/2022\/04\/05\/dois-sao-presos-pela-pm-apos-roubo-a-posto-de-combustiveis-em-leopoldina\/"},"wordCount":235,"commentCount":0,"publisher":{"@id":"https:\/\/marcelolopes.jor.br\/site\/#organization"},"image":{"@id":"https:\/\/marcelolopes.jor.br\/site\/2022\/04\/05\/dois-sao-presos-pela-pm-apos-roubo-a-posto-de-combustiveis-em-leopoldina\/#primaryimage"},"thumbnailUrl":"https:\/\/marcelolopes.jor.br\/site\/wp-content\/uploads\/2022\/04\/B05E9912-6699-49DA-8A90-0A9BC4D19A00.jpeg","keywords":["assalto","bando","crime em Leopoldina","marginais"],"articleSection":["Not\u00edcias"],"inLanguage":"pt-BR","potentialAction":[{"@type":"CommentAction","name":"Comment","target":["https:\/\/marcelolopes.jor.br\/site\/2022\/04\/05\/dois-sao-presos-pela-pm-apos-roubo-a-posto-de-combustiveis-em-leopoldina\/#respond"]}]},{"@type":"WebPage","@id":"https:\/\/marcelolopes.jor.br\/site\/2022\/04\/05\/dois-sao-presos-pela-pm-apos-roubo-a-posto-de-combustiveis-em-leopoldina\/","url":"https:\/\/marcelolopes.jor.br\/site\/2022\/04\/05\/dois-sao-presos-pela-pm-apos-roubo-a-posto-de-combustiveis-em-leopoldina\/","name":"Dois s\u00e3o presos pela PM ap\u00f3s roubo a posto de combust\u00edveis em","isPartOf":{"@id":"https:\/\/marcelolopes.jor.br\/site\/#website"},"primaryImageOfPage":{"@id":"https:\/\/marcelolopes.jor.br\/site\/2022\/04\/05\/dois-sao-presos-pela-pm-apos-roubo-a-posto-de-combustiveis-em-leopoldina\/#primaryimage"},"image":{"@id":"https:\/\/marcelolopes.jor.br\/site\/2022\/04\/05\/dois-sao-presos-pela-pm-apos-roubo-a-posto-de-combustiveis-em-leopoldina\/#primaryimage"},"thumbnailUrl":"https:\/\/marcelolopes.jor.br\/site\/wp-content\/uploads\/2022\/04\/B05E9912-6699-49DA-8A90-0A9BC4D19A00.jpeg","datePublished":"2022-04-06T00:06:15+00:00","dateModified":"2022-12-11T14:08:59+00:00","description":"Dois s\u00e3o presos pela PM ap\u00f3s roubo a posto de combust\u00edveis em Leopoldina. A\u00e7\u00e3o criminosa foi gravada pelas c\u00e2meras de seguran\u00e7a do posto.","breadcrumb":{"@id":"https:\/\/marcelolopes.jor.br\/site\/2022\/04\/05\/dois-sao-presos-pela-pm-apos-roubo-a-posto-de-combustiveis-em-leopoldina\/#breadcrumb"},"inLanguage":"pt-BR","potentialAction":[{"@type":"ReadAction","target":["https:\/\/marcelolopes.jor.br\/site\/2022\/04\/05\/dois-sao-presos-pela-pm-apos-roubo-a-posto-de-combustiveis-em-leopoldina\/"]}]},{"@type":"ImageObject","inLanguage":"pt-BR","@id":"https:\/\/marcelolopes.jor.br\/site\/2022\/04\/05\/dois-sao-presos-pela-pm-apos-roubo-a-posto-de-combustiveis-em-leopoldina\/#primaryimage","url":"https:\/\/marcelolopes.jor.br\/site\/wp-content\/uploads\/2022\/04\/B05E9912-6699-49DA-8A90-0A9BC4D19A00.jpeg","contentUrl":"https:\/\/marcelolopes.jor.br\/site\/wp-content\/uploads\/2022\/04\/B05E9912-6699-49DA-8A90-0A9BC4D19A00.jpeg","width":900,"height":567,"caption":"Dois s\u00e3o presos pela"},{"@type":"BreadcrumbList","@id":"https:\/\/marcelolopes.jor.br\/site\/2022\/04\/05\/dois-sao-presos-pela-pm-apos-roubo-a-posto-de-combustiveis-em-leopoldina\/#breadcrumb","itemListElement":[{"@type":"ListItem","position":1,"name":"Home","item":"https:\/\/marcelolopes.jor.br\/site\/"},{"@type":"ListItem","position":2,"name":"Dois s\u00e3o presos pela PM ap\u00f3s roubo a posto de combust\u00edveis em Leopoldina"}]},{"@type":"WebSite","@id":"https:\/\/marcelolopes.jor.br\/site\/#website","url":"https:\/\/marcelolopes.jor.br\/site\/","name":"Marcelo Lopes","description":"Not\u00edcias de Cataguases e Regi\u00e3o","publisher":{"@id":"https:\/\/marcelolopes.jor.br\/site\/#organization"},"potentialAction":[{"@type":"SearchAction","target":{"@type":"EntryPoint","urlTemplate":"https:\/\/marcelolopes.jor.br\/site\/?s={search_term_string}"},"query-input":{"@type":"PropertyValueSpecification","valueRequired":true,"valueName":"search_term_string"}}],"inLanguage":"pt-BR"},{"@type":"Organization","@id":"https:\/\/marcelolopes.jor.br\/site\/#organization","name":"Site do Marcelo Lopes","url":"https:\/\/marcelolopes.jor.br\/site\/","logo":{"@type":"ImageObject","inLanguage":"pt-BR","@id":"https:\/\/marcelolopes.jor.br\/site\/#\/schema\/logo\/image\/","url":"https:\/\/marcelolopes.jor.br\/site\/wp-content\/uploads\/2024\/11\/logo-1.png","contentUrl":"https:\/\/marcelolopes.jor.br\/site\/wp-content\/uploads\/2024\/11\/logo-1.png","width":475,"height":80,"caption":"Site do Marcelo Lopes"},"image":{"@id":"https:\/\/marcelolopes.jor.br\/site\/#\/schema\/logo\/image\/"},"sameAs":["https:\/\/www.facebook.com\/sitedomarcelolopes","https:\/\/www.instagram.com\/sitedomarcelolopes\/","https:\/\/www.linkedin.com\/company\/site-do-marcelo-lopes\/","https:\/\/www.youtube.com\/user\/marcelolopes957"]},{"@type":"Person","@id":"https:\/\/marcelolopes.jor.br\/site\/#\/schema\/person\/3e7216a35c34d8fdf952b31da3d1f89f","name":"Marcelo Lopes","sameAs":["http:\/\/www.marcelolopes.jor.br"],"url":"https:\/\/marcelolopes.jor.br\/site\/author\/marcelo\/"}]}},"wps_subtitle":"A\u00e7\u00e3o criminosa foi gravada pelas c\u00e2meras de seguran\u00e7a do posto.","_links":{"self":[{"href":"https:\/\/marcelolopes.jor.br\/site\/wp-json\/wp\/v2\/posts\/32205","targetHints":{"allow":["GET"]}}],"collection":[{"href":"https:\/\/marcelolopes.jor.br\/site\/wp-json\/wp\/v2\/posts"}],"about":[{"href":"https:\/\/marcelolopes.jor.br\/site\/wp-json\/wp\/v2\/types\/post"}],"author":[{"embeddable":true,"href":"https:\/\/marcelolopes.jor.br\/site\/wp-json\/wp\/v2\/users\/2"}],"replies":[{"embeddable":true,"href":"https:\/\/marcelolopes.jor.br\/site\/wp-json\/wp\/v2\/comments?post=32205"}],"version-history":[{"count":0,"href":"https:\/\/marcelolopes.jor.br\/site\/wp-json\/wp\/v2\/posts\/32205\/revisions"}],"wp:featuredmedia":[{"embeddable":true,"href":"https:\/\/marcelolopes.jor.br\/site\/wp-json\/wp\/v2\/media\/32206"}],"wp:attachment":[{"href":"https:\/\/marcelolopes.jor.br\/site\/wp-json\/wp\/v2\/media?parent=32205"}],"wp:term":[{"taxonomy":"category","embeddable":true,"href":"https:\/\/marcelolopes.jor.br\/site\/wp-json\/wp\/v2\/categories?post=32205"},{"taxonomy":"post_tag","embeddable":true,"href":"https:\/\/marcelolopes.jor.br\/site\/wp-json\/wp\/v2\/tags?post=32205"}],"curies":[{"name":"wp","href":"https:\/\/api.w.org\/{rel}","templated":true}]}}