{"id":32127,"date":"2022-04-03T13:55:41","date_gmt":"2022-04-03T16:55:41","guid":{"rendered":"https:\/\/marcelolopes.jor.br\/?p=32127"},"modified":"2022-04-03T17:27:52","modified_gmt":"2022-04-03T20:27:52","slug":"morre-em-cataguases-newton-dutra-aos-69-anos-de-idade","status":"publish","type":"post","link":"https:\/\/marcelolopes.jor.br\/site\/2022\/04\/03\/morre-em-cataguases-newton-dutra-aos-69-anos-de-idade\/","title":{"rendered":"Morre em Cataguases, Newton Dutra, aos 69 anos de idade"},"content":{"rendered":"<p style=\"text-align: justify;\">Faleceu neste domingo, 3 de abril, o empreendedor Newton Ant\u00f4nio Dutra, aos 69 anos de idade. Natural de Bicas (MG), deixa dois filhos e netos e um legado de realiza\u00e7\u00f5es em Cataguases, cidade que veio morar quando trabalhava na Energisa e nunca escondeu seu amor por ela. Seu sepultamento ser\u00e1 nesta segunda-feira, 4, \u00e0s 10 horas no Cemit\u00e9rio S\u00e3o Jos\u00e9 e o seu corpo ser\u00e1 velado na Capela S\u00e3o Crist\u00f3v\u00e3o.<!--more--><\/p>\n<p style=\"text-align: justify;\">Din\u00e2mico, vision\u00e1rio e empreendedor nato, tamb\u00e9m flertou com a Pol\u00edtica, sendo candidato a vice-prefeito, em 2000, na chapa formada pelo m\u00e9dico e ent\u00e3o prefeito, Paulo Schelb. Na iniciativa privada atuou em diversas \u00e1reas como na Educa\u00e7\u00e3o quando trouxe para a cidade a Escola de Forma\u00e7\u00e3o Gerencial, ex-ETFG, que funciona no pr\u00e9dio do CAT &#8211; Centro de Atividades do Trabalhador. Newtinho tamb\u00e9m foi presidente da Associa\u00e7\u00e3o Comercial e Industrial de Cataguases, entre outras atividades de destaque que exerceu na cidade.<\/p>\n<p style=\"text-align: justify;\">Outra grande iniciativa de Newtinho e, sem d\u00favida, o maior sucesso entre todos os seus projetos, foi dar in\u00edcio a cria\u00e7\u00e3o de uma cooperativa em Cataguases. Sua ideia foi abra\u00e7ada por v\u00e1rios empres\u00e1rios fazendo nascer a Coopemata, mais tarde, rebatizada de Sicoob Coopemata j\u00e1 tendo \u00e0 frente o atual presidente de seu Conselho de Administra\u00e7\u00e3o, C\u00e9sar Augusto Mattos. A cooperativa cataguasense foi inaugurada em 24 de agosto de 1998 e hoje est\u00e1 presente em 16 munic\u00edpios. Atualmente, Newtinho era Conselheiro daquela Cooperativa.<\/p>\n<p style=\"text-align: justify;\">Ao saber do falecimento do amigo e companheiro de jornada, C\u00e9sar Mattos deu a seguinte delcara\u00e7\u00e3o ao Site do Marcelo Lopes: \u201c\u00c9 com muito pesar e com muita tristeza no cora\u00e7\u00e3o, que recebi a not\u00edcia do falecimento do Newton Dutra, meu amigo, conselheiro do Sicoob Coopemata e grande respons\u00e1vel pelo nascimento da nossa cooperativa. Newton foi um empreendedor e vision\u00e1rio. Devemos muito a ele por todas as suas fundamentais contribui\u00e7\u00f5es para que pud\u00e9ssemos tornar a Coopemata a grande cooperativa que \u00e9. Desejo que Deus o receba em seus bra\u00e7os e que d\u00ea consolo aos seus familiares e amigos\u201d, afirmou o presidente do Conselho de Administra\u00e7\u00e3o do Sicoob Coopemata, C\u00e9sar Augusto Mattos.<\/p>\n<div class=\"bdnsd69f747f613eb2\" ><br><\/div><style type=\"text\/css\">\r\n@media screen and (min-width: 1201px) {\r\n.bdnsd69f747f613eb2 {\r\ndisplay: block;\r\n}\r\n}\r\n@media screen and (min-width: 993px) and (max-width: 1200px) {\r\n.bdnsd69f747f613eb2 {\r\ndisplay: block;\r\n}\r\n}\r\n@media screen and (min-width: 769px) and (max-width: 992px) {\r\n.bdnsd69f747f613eb2 {\r\ndisplay: block;\r\n}\r\n}\r\n@media screen and (min-width: 768px) and (max-width: 768px) {\r\n.bdnsd69f747f613eb2 {\r\ndisplay: block;\r\n}\r\n}\r\n@media screen and (max-width: 767px) {\r\n.bdnsd69f747f613eb2 {\r\ndisplay: block;\r\n}\r\n}\r\n<\/style>\r\n<div class=\"wgylb69f747f6196df\" ><div id=\"div_destino\"><\/div>\r\n<script src=\"https:\/\/cdn.snsrsv.com\/sdk.js\"><\/script>\r\n<script >\r\n      new sdk(\"464030C30061EA8BE065000000000001\") \r\n          .appendTo(\"div_destino\")\r\n          .disableStyle(true) \r\n          .setCacheBusterMacro(\"%%CACHEBUSTER%%\")\r\n          .setSize(\"800\",\"214\")\r\n          .setClickMacro(\"%%CLICK_URL_ESC%%\") \r\n          .setReferrerUrlMacro(\"%%REFERRER_URL_ESC%%\") \r\n          .start(); \r\n<\/script><\/div><style type=\"text\/css\">\r\n@media screen and (min-width: 1201px) {\r\n.wgylb69f747f6196df {\r\ndisplay: block;\r\n}\r\n}\r\n@media screen and (min-width: 993px) and (max-width: 1200px) {\r\n.wgylb69f747f6196df {\r\ndisplay: block;\r\n}\r\n}\r\n@media screen and (min-width: 769px) and (max-width: 992px) {\r\n.wgylb69f747f6196df {\r\ndisplay: block;\r\n}\r\n}\r\n@media screen and (min-width: 768px) and (max-width: 768px) {\r\n.wgylb69f747f6196df {\r\ndisplay: block;\r\n}\r\n}\r\n@media screen and (max-width: 767px) {\r\n.wgylb69f747f6196df {\r\ndisplay: block;\r\n}\r\n}\r\n<\/style>\r\n","protected":false},"excerpt":{"rendered":"<p>Faleceu neste domingo, 3 de abril, o empreendedor Newton Ant\u00f4nio Dutra, aos 69 anos de idade. Natural de Bicas (MG), deixa dois filhos e netos e um legado de realiza\u00e7\u00f5es em Cataguases, cidade que veio morar quando trabalhava na Energisa<\/p>\n<p class=\"link-more\"><a class=\"more-link\" href=\"https:\/\/marcelolopes.jor.br\/site\/2022\/04\/03\/morre-em-cataguases-newton-dutra-aos-69-anos-de-idade\/\">Leia mais <span class=\"screen-reader-text\">Morre em Cataguases, Newton Dutra, aos 69 anos de idade<\/span><\/a><\/p>\n","protected":false},"author":2,"featured_media":32129,"comment_status":"open","ping_status":"open","sticky":false,"template":"","format":"standard","meta":{"footnotes":""},"categories":[1],"tags":[1271,5758,5757,1269,370],"class_list":["post-32127","post","type-post","status-publish","format-standard","has-post-thumbnail","hentry","category-noticias","tag-falecimento","tag-newtinho","tag-newton-dutra","tag-sepultamento","tag-sicoob-coopemata","thumb-below-title"],"yoast_head":"<!-- This site is optimized with the Yoast SEO plugin v27.4 - https:\/\/yoast.com\/product\/yoast-seo-wordpress\/ -->\n<title>Morre em Cataguases, Newton Dutra, aos 69 anos de idade | Marcelo Lopes<\/title>\n<meta name=\"robots\" content=\"index, follow, max-snippet:-1, max-image-preview:large, max-video-preview:-1\" \/>\n<link rel=\"canonical\" href=\"https:\/\/marcelolopes.jor.br\/site\/2022\/04\/03\/morre-em-cataguases-newton-dutra-aos-69-anos-de-idade\/\" \/>\n<meta property=\"og:locale\" content=\"pt_BR\" \/>\n<meta property=\"og:type\" content=\"article\" \/>\n<meta property=\"og:title\" content=\"Morre em Cataguases, Newton Dutra, aos 69 anos de idade | Marcelo Lopes\" \/>\n<meta property=\"og:description\" content=\"Faleceu neste domingo, 3 de abril, o empreendedor Newton Ant\u00f4nio Dutra, aos 69 anos de idade. Natural de Bicas (MG), deixa dois filhos e netos e um legado de realiza\u00e7\u00f5es em Cataguases, cidade que veio morar quando trabalhava na EnergisaLeia mais Morre em Cataguases, Newton Dutra, aos 69 anos de idade\" \/>\n<meta property=\"og:url\" content=\"https:\/\/marcelolopes.jor.br\/site\/2022\/04\/03\/morre-em-cataguases-newton-dutra-aos-69-anos-de-idade\/\" \/>\n<meta property=\"og:site_name\" content=\"Marcelo Lopes\" \/>\n<meta property=\"article:publisher\" content=\"https:\/\/www.facebook.com\/sitedomarcelolopes\" \/>\n<meta property=\"article:published_time\" content=\"2022-04-03T16:55:41+00:00\" \/>\n<meta property=\"article:modified_time\" content=\"2022-04-03T20:27:52+00:00\" \/>\n<meta property=\"og:image\" content=\"https:\/\/marcelolopes.jor.br\/site\/wp-content\/uploads\/2022\/04\/Newton.jpg\" \/>\n\t<meta property=\"og:image:width\" content=\"803\" \/>\n\t<meta property=\"og:image:height\" content=\"502\" \/>\n\t<meta property=\"og:image:type\" content=\"image\/jpeg\" \/>\n<meta name=\"author\" content=\"Marcelo Lopes\" \/>\n<meta name=\"twitter:card\" content=\"summary_large_image\" \/>\n<meta name=\"twitter:label1\" content=\"Escrito por\" \/>\n\t<meta name=\"twitter:data1\" content=\"Marcelo Lopes\" \/>\n\t<meta name=\"twitter:label2\" content=\"Est. tempo de leitura\" \/>\n\t<meta name=\"twitter:data2\" content=\"2 minutos\" \/>\n<script type=\"application\/ld+json\" class=\"yoast-schema-graph\">{\"@context\":\"https:\\\/\\\/schema.org\",\"@graph\":[{\"@type\":\"NewsArticle\",\"@id\":\"https:\\\/\\\/marcelolopes.jor.br\\\/site\\\/2022\\\/04\\\/03\\\/morre-em-cataguases-newton-dutra-aos-69-anos-de-idade\\\/#article\",\"isPartOf\":{\"@id\":\"https:\\\/\\\/marcelolopes.jor.br\\\/site\\\/2022\\\/04\\\/03\\\/morre-em-cataguases-newton-dutra-aos-69-anos-de-idade\\\/\"},\"author\":{\"name\":\"Marcelo Lopes\",\"@id\":\"https:\\\/\\\/marcelolopes.jor.br\\\/site\\\/#\\\/schema\\\/person\\\/3e7216a35c34d8fdf952b31da3d1f89f\"},\"headline\":\"Morre em Cataguases, Newton Dutra, aos 69 anos de idade\",\"datePublished\":\"2022-04-03T16:55:41+00:00\",\"dateModified\":\"2022-04-03T20:27:52+00:00\",\"mainEntityOfPage\":{\"@id\":\"https:\\\/\\\/marcelolopes.jor.br\\\/site\\\/2022\\\/04\\\/03\\\/morre-em-cataguases-newton-dutra-aos-69-anos-de-idade\\\/\"},\"wordCount\":378,\"commentCount\":0,\"publisher\":{\"@id\":\"https:\\\/\\\/marcelolopes.jor.br\\\/site\\\/#organization\"},\"image\":{\"@id\":\"https:\\\/\\\/marcelolopes.jor.br\\\/site\\\/2022\\\/04\\\/03\\\/morre-em-cataguases-newton-dutra-aos-69-anos-de-idade\\\/#primaryimage\"},\"thumbnailUrl\":\"https:\\\/\\\/marcelolopes.jor.br\\\/site\\\/wp-content\\\/uploads\\\/2022\\\/04\\\/Newton.jpg\",\"keywords\":[\"falecimento\",\"Newtinho\",\"Newton Dutra\",\"sepultamento\",\"Sicoob Coopemata\"],\"articleSection\":[\"Not\u00edcias\"],\"inLanguage\":\"pt-BR\",\"potentialAction\":[{\"@type\":\"CommentAction\",\"name\":\"Comment\",\"target\":[\"https:\\\/\\\/marcelolopes.jor.br\\\/site\\\/2022\\\/04\\\/03\\\/morre-em-cataguases-newton-dutra-aos-69-anos-de-idade\\\/#respond\"]}]},{\"@type\":\"WebPage\",\"@id\":\"https:\\\/\\\/marcelolopes.jor.br\\\/site\\\/2022\\\/04\\\/03\\\/morre-em-cataguases-newton-dutra-aos-69-anos-de-idade\\\/\",\"url\":\"https:\\\/\\\/marcelolopes.jor.br\\\/site\\\/2022\\\/04\\\/03\\\/morre-em-cataguases-newton-dutra-aos-69-anos-de-idade\\\/\",\"name\":\"Morre em Cataguases, Newton Dutra, aos 69 anos de idade | Marcelo Lopes\",\"isPartOf\":{\"@id\":\"https:\\\/\\\/marcelolopes.jor.br\\\/site\\\/#website\"},\"primaryImageOfPage\":{\"@id\":\"https:\\\/\\\/marcelolopes.jor.br\\\/site\\\/2022\\\/04\\\/03\\\/morre-em-cataguases-newton-dutra-aos-69-anos-de-idade\\\/#primaryimage\"},\"image\":{\"@id\":\"https:\\\/\\\/marcelolopes.jor.br\\\/site\\\/2022\\\/04\\\/03\\\/morre-em-cataguases-newton-dutra-aos-69-anos-de-idade\\\/#primaryimage\"},\"thumbnailUrl\":\"https:\\\/\\\/marcelolopes.jor.br\\\/site\\\/wp-content\\\/uploads\\\/2022\\\/04\\\/Newton.jpg\",\"datePublished\":\"2022-04-03T16:55:41+00:00\",\"dateModified\":\"2022-04-03T20:27:52+00:00\",\"breadcrumb\":{\"@id\":\"https:\\\/\\\/marcelolopes.jor.br\\\/site\\\/2022\\\/04\\\/03\\\/morre-em-cataguases-newton-dutra-aos-69-anos-de-idade\\\/#breadcrumb\"},\"inLanguage\":\"pt-BR\",\"potentialAction\":[{\"@type\":\"ReadAction\",\"target\":[\"https:\\\/\\\/marcelolopes.jor.br\\\/site\\\/2022\\\/04\\\/03\\\/morre-em-cataguases-newton-dutra-aos-69-anos-de-idade\\\/\"]}]},{\"@type\":\"ImageObject\",\"inLanguage\":\"pt-BR\",\"@id\":\"https:\\\/\\\/marcelolopes.jor.br\\\/site\\\/2022\\\/04\\\/03\\\/morre-em-cataguases-newton-dutra-aos-69-anos-de-idade\\\/#primaryimage\",\"url\":\"https:\\\/\\\/marcelolopes.jor.br\\\/site\\\/wp-content\\\/uploads\\\/2022\\\/04\\\/Newton.jpg\",\"contentUrl\":\"https:\\\/\\\/marcelolopes.jor.br\\\/site\\\/wp-content\\\/uploads\\\/2022\\\/04\\\/Newton.jpg\",\"width\":803,\"height\":502},{\"@type\":\"BreadcrumbList\",\"@id\":\"https:\\\/\\\/marcelolopes.jor.br\\\/site\\\/2022\\\/04\\\/03\\\/morre-em-cataguases-newton-dutra-aos-69-anos-de-idade\\\/#breadcrumb\",\"itemListElement\":[{\"@type\":\"ListItem\",\"position\":1,\"name\":\"Home\",\"item\":\"https:\\\/\\\/marcelolopes.jor.br\\\/site\\\/\"},{\"@type\":\"ListItem\",\"position\":2,\"name\":\"Morre em Cataguases, Newton Dutra, aos 69 anos de idade\"}]},{\"@type\":\"WebSite\",\"@id\":\"https:\\\/\\\/marcelolopes.jor.br\\\/site\\\/#website\",\"url\":\"https:\\\/\\\/marcelolopes.jor.br\\\/site\\\/\",\"name\":\"Marcelo Lopes\",\"description\":\"Not\u00edcias de Cataguases e Regi\u00e3o\",\"publisher\":{\"@id\":\"https:\\\/\\\/marcelolopes.jor.br\\\/site\\\/#organization\"},\"potentialAction\":[{\"@type\":\"SearchAction\",\"target\":{\"@type\":\"EntryPoint\",\"urlTemplate\":\"https:\\\/\\\/marcelolopes.jor.br\\\/site\\\/?s={search_term_string}\"},\"query-input\":{\"@type\":\"PropertyValueSpecification\",\"valueRequired\":true,\"valueName\":\"search_term_string\"}}],\"inLanguage\":\"pt-BR\"},{\"@type\":\"Organization\",\"@id\":\"https:\\\/\\\/marcelolopes.jor.br\\\/site\\\/#organization\",\"name\":\"Site do Marcelo Lopes\",\"url\":\"https:\\\/\\\/marcelolopes.jor.br\\\/site\\\/\",\"logo\":{\"@type\":\"ImageObject\",\"inLanguage\":\"pt-BR\",\"@id\":\"https:\\\/\\\/marcelolopes.jor.br\\\/site\\\/#\\\/schema\\\/logo\\\/image\\\/\",\"url\":\"https:\\\/\\\/marcelolopes.jor.br\\\/site\\\/wp-content\\\/uploads\\\/2024\\\/11\\\/logo-1.png\",\"contentUrl\":\"https:\\\/\\\/marcelolopes.jor.br\\\/site\\\/wp-content\\\/uploads\\\/2024\\\/11\\\/logo-1.png\",\"width\":475,\"height\":80,\"caption\":\"Site do Marcelo Lopes\"},\"image\":{\"@id\":\"https:\\\/\\\/marcelolopes.jor.br\\\/site\\\/#\\\/schema\\\/logo\\\/image\\\/\"},\"sameAs\":[\"https:\\\/\\\/www.facebook.com\\\/sitedomarcelolopes\",\"https:\\\/\\\/www.instagram.com\\\/sitedomarcelolopes\\\/\",\"https:\\\/\\\/www.linkedin.com\\\/company\\\/site-do-marcelo-lopes\\\/\",\"https:\\\/\\\/www.youtube.com\\\/user\\\/marcelolopes957\"]},{\"@type\":\"Person\",\"@id\":\"https:\\\/\\\/marcelolopes.jor.br\\\/site\\\/#\\\/schema\\\/person\\\/3e7216a35c34d8fdf952b31da3d1f89f\",\"name\":\"Marcelo Lopes\",\"sameAs\":[\"http:\\\/\\\/www.marcelolopes.jor.br\"],\"url\":\"https:\\\/\\\/marcelolopes.jor.br\\\/site\\\/author\\\/marcelo\\\/\"}]}<\/script>\n<!-- \/ Yoast SEO plugin. -->","yoast_head_json":{"title":"Morre em Cataguases, Newton Dutra, aos 69 anos de idade | Marcelo Lopes","robots":{"index":"index","follow":"follow","max-snippet":"max-snippet:-1","max-image-preview":"max-image-preview:large","max-video-preview":"max-video-preview:-1"},"canonical":"https:\/\/marcelolopes.jor.br\/site\/2022\/04\/03\/morre-em-cataguases-newton-dutra-aos-69-anos-de-idade\/","og_locale":"pt_BR","og_type":"article","og_title":"Morre em Cataguases, Newton Dutra, aos 69 anos de idade | Marcelo Lopes","og_description":"Faleceu neste domingo, 3 de abril, o empreendedor Newton Ant\u00f4nio Dutra, aos 69 anos de idade. Natural de Bicas (MG), deixa dois filhos e netos e um legado de realiza\u00e7\u00f5es em Cataguases, cidade que veio morar quando trabalhava na EnergisaLeia mais Morre em Cataguases, Newton Dutra, aos 69 anos de idade","og_url":"https:\/\/marcelolopes.jor.br\/site\/2022\/04\/03\/morre-em-cataguases-newton-dutra-aos-69-anos-de-idade\/","og_site_name":"Marcelo Lopes","article_publisher":"https:\/\/www.facebook.com\/sitedomarcelolopes","article_published_time":"2022-04-03T16:55:41+00:00","article_modified_time":"2022-04-03T20:27:52+00:00","og_image":[{"width":803,"height":502,"url":"https:\/\/marcelolopes.jor.br\/site\/wp-content\/uploads\/2022\/04\/Newton.jpg","type":"image\/jpeg"}],"author":"Marcelo Lopes","twitter_card":"summary_large_image","twitter_misc":{"Escrito por":"Marcelo Lopes","Est. tempo de leitura":"2 minutos"},"schema":{"@context":"https:\/\/schema.org","@graph":[{"@type":"NewsArticle","@id":"https:\/\/marcelolopes.jor.br\/site\/2022\/04\/03\/morre-em-cataguases-newton-dutra-aos-69-anos-de-idade\/#article","isPartOf":{"@id":"https:\/\/marcelolopes.jor.br\/site\/2022\/04\/03\/morre-em-cataguases-newton-dutra-aos-69-anos-de-idade\/"},"author":{"name":"Marcelo Lopes","@id":"https:\/\/marcelolopes.jor.br\/site\/#\/schema\/person\/3e7216a35c34d8fdf952b31da3d1f89f"},"headline":"Morre em Cataguases, Newton Dutra, aos 69 anos de idade","datePublished":"2022-04-03T16:55:41+00:00","dateModified":"2022-04-03T20:27:52+00:00","mainEntityOfPage":{"@id":"https:\/\/marcelolopes.jor.br\/site\/2022\/04\/03\/morre-em-cataguases-newton-dutra-aos-69-anos-de-idade\/"},"wordCount":378,"commentCount":0,"publisher":{"@id":"https:\/\/marcelolopes.jor.br\/site\/#organization"},"image":{"@id":"https:\/\/marcelolopes.jor.br\/site\/2022\/04\/03\/morre-em-cataguases-newton-dutra-aos-69-anos-de-idade\/#primaryimage"},"thumbnailUrl":"https:\/\/marcelolopes.jor.br\/site\/wp-content\/uploads\/2022\/04\/Newton.jpg","keywords":["falecimento","Newtinho","Newton Dutra","sepultamento","Sicoob Coopemata"],"articleSection":["Not\u00edcias"],"inLanguage":"pt-BR","potentialAction":[{"@type":"CommentAction","name":"Comment","target":["https:\/\/marcelolopes.jor.br\/site\/2022\/04\/03\/morre-em-cataguases-newton-dutra-aos-69-anos-de-idade\/#respond"]}]},{"@type":"WebPage","@id":"https:\/\/marcelolopes.jor.br\/site\/2022\/04\/03\/morre-em-cataguases-newton-dutra-aos-69-anos-de-idade\/","url":"https:\/\/marcelolopes.jor.br\/site\/2022\/04\/03\/morre-em-cataguases-newton-dutra-aos-69-anos-de-idade\/","name":"Morre em Cataguases, Newton Dutra, aos 69 anos de idade | Marcelo Lopes","isPartOf":{"@id":"https:\/\/marcelolopes.jor.br\/site\/#website"},"primaryImageOfPage":{"@id":"https:\/\/marcelolopes.jor.br\/site\/2022\/04\/03\/morre-em-cataguases-newton-dutra-aos-69-anos-de-idade\/#primaryimage"},"image":{"@id":"https:\/\/marcelolopes.jor.br\/site\/2022\/04\/03\/morre-em-cataguases-newton-dutra-aos-69-anos-de-idade\/#primaryimage"},"thumbnailUrl":"https:\/\/marcelolopes.jor.br\/site\/wp-content\/uploads\/2022\/04\/Newton.jpg","datePublished":"2022-04-03T16:55:41+00:00","dateModified":"2022-04-03T20:27:52+00:00","breadcrumb":{"@id":"https:\/\/marcelolopes.jor.br\/site\/2022\/04\/03\/morre-em-cataguases-newton-dutra-aos-69-anos-de-idade\/#breadcrumb"},"inLanguage":"pt-BR","potentialAction":[{"@type":"ReadAction","target":["https:\/\/marcelolopes.jor.br\/site\/2022\/04\/03\/morre-em-cataguases-newton-dutra-aos-69-anos-de-idade\/"]}]},{"@type":"ImageObject","inLanguage":"pt-BR","@id":"https:\/\/marcelolopes.jor.br\/site\/2022\/04\/03\/morre-em-cataguases-newton-dutra-aos-69-anos-de-idade\/#primaryimage","url":"https:\/\/marcelolopes.jor.br\/site\/wp-content\/uploads\/2022\/04\/Newton.jpg","contentUrl":"https:\/\/marcelolopes.jor.br\/site\/wp-content\/uploads\/2022\/04\/Newton.jpg","width":803,"height":502},{"@type":"BreadcrumbList","@id":"https:\/\/marcelolopes.jor.br\/site\/2022\/04\/03\/morre-em-cataguases-newton-dutra-aos-69-anos-de-idade\/#breadcrumb","itemListElement":[{"@type":"ListItem","position":1,"name":"Home","item":"https:\/\/marcelolopes.jor.br\/site\/"},{"@type":"ListItem","position":2,"name":"Morre em Cataguases, Newton Dutra, aos 69 anos de idade"}]},{"@type":"WebSite","@id":"https:\/\/marcelolopes.jor.br\/site\/#website","url":"https:\/\/marcelolopes.jor.br\/site\/","name":"Marcelo Lopes","description":"Not\u00edcias de Cataguases e Regi\u00e3o","publisher":{"@id":"https:\/\/marcelolopes.jor.br\/site\/#organization"},"potentialAction":[{"@type":"SearchAction","target":{"@type":"EntryPoint","urlTemplate":"https:\/\/marcelolopes.jor.br\/site\/?s={search_term_string}"},"query-input":{"@type":"PropertyValueSpecification","valueRequired":true,"valueName":"search_term_string"}}],"inLanguage":"pt-BR"},{"@type":"Organization","@id":"https:\/\/marcelolopes.jor.br\/site\/#organization","name":"Site do Marcelo Lopes","url":"https:\/\/marcelolopes.jor.br\/site\/","logo":{"@type":"ImageObject","inLanguage":"pt-BR","@id":"https:\/\/marcelolopes.jor.br\/site\/#\/schema\/logo\/image\/","url":"https:\/\/marcelolopes.jor.br\/site\/wp-content\/uploads\/2024\/11\/logo-1.png","contentUrl":"https:\/\/marcelolopes.jor.br\/site\/wp-content\/uploads\/2024\/11\/logo-1.png","width":475,"height":80,"caption":"Site do Marcelo Lopes"},"image":{"@id":"https:\/\/marcelolopes.jor.br\/site\/#\/schema\/logo\/image\/"},"sameAs":["https:\/\/www.facebook.com\/sitedomarcelolopes","https:\/\/www.instagram.com\/sitedomarcelolopes\/","https:\/\/www.linkedin.com\/company\/site-do-marcelo-lopes\/","https:\/\/www.youtube.com\/user\/marcelolopes957"]},{"@type":"Person","@id":"https:\/\/marcelolopes.jor.br\/site\/#\/schema\/person\/3e7216a35c34d8fdf952b31da3d1f89f","name":"Marcelo Lopes","sameAs":["http:\/\/www.marcelolopes.jor.br"],"url":"https:\/\/marcelolopes.jor.br\/site\/author\/marcelo\/"}]}},"wps_subtitle":"Empreendedor, criou o Sicoob Coopemata e a Escola de Forma\u00e7\u00e3o Gerencial - EFG.","_links":{"self":[{"href":"https:\/\/marcelolopes.jor.br\/site\/wp-json\/wp\/v2\/posts\/32127","targetHints":{"allow":["GET"]}}],"collection":[{"href":"https:\/\/marcelolopes.jor.br\/site\/wp-json\/wp\/v2\/posts"}],"about":[{"href":"https:\/\/marcelolopes.jor.br\/site\/wp-json\/wp\/v2\/types\/post"}],"author":[{"embeddable":true,"href":"https:\/\/marcelolopes.jor.br\/site\/wp-json\/wp\/v2\/users\/2"}],"replies":[{"embeddable":true,"href":"https:\/\/marcelolopes.jor.br\/site\/wp-json\/wp\/v2\/comments?post=32127"}],"version-history":[{"count":0,"href":"https:\/\/marcelolopes.jor.br\/site\/wp-json\/wp\/v2\/posts\/32127\/revisions"}],"wp:featuredmedia":[{"embeddable":true,"href":"https:\/\/marcelolopes.jor.br\/site\/wp-json\/wp\/v2\/media\/32129"}],"wp:attachment":[{"href":"https:\/\/marcelolopes.jor.br\/site\/wp-json\/wp\/v2\/media?parent=32127"}],"wp:term":[{"taxonomy":"category","embeddable":true,"href":"https:\/\/marcelolopes.jor.br\/site\/wp-json\/wp\/v2\/categories?post=32127"},{"taxonomy":"post_tag","embeddable":true,"href":"https:\/\/marcelolopes.jor.br\/site\/wp-json\/wp\/v2\/tags?post=32127"}],"curies":[{"name":"wp","href":"https:\/\/api.w.org\/{rel}","templated":true}]}}