{"id":32070,"date":"2022-04-01T16:00:40","date_gmt":"2022-04-01T19:00:40","guid":{"rendered":"https:\/\/marcelolopes.jor.br\/?p=32070"},"modified":"2022-04-01T15:10:39","modified_gmt":"2022-04-01T18:10:39","slug":"professores-fazem-assembleia-para-definir-futuro-do-movimento","status":"publish","type":"post","link":"https:\/\/marcelolopes.jor.br\/site\/2022\/04\/01\/professores-fazem-assembleia-para-definir-futuro-do-movimento\/","title":{"rendered":"Professores fazem assembleia para definir futuro do movimento"},"content":{"rendered":"<p style=\"text-align: justify;\">Os professores de Cataguases que atuam na rede estadual de ensino, realizaram na manh\u00e3 desta sexta-feira, 1\u00ba de abril, assembleia geral que aconteceu \u00e0s 10 horas, no Col\u00e9gio Cataguases, para avaliar e tra\u00e7ar os rumos do movimento que completa 21 dias.<!--more--><\/p>\n<p style=\"text-align: justify;\"><img loading=\"lazy\" decoding=\"async\" class=\"aligncenter wp-image-32074\" src=\"https:\/\/marcelolopes.jor.br\/site\/wp-content\/uploads\/2022\/04\/WhatsApp-Image-2022-04-01-at-11.49.31-300x225.jpeg\" alt=\"\" width=\"700\" height=\"525\" srcset=\"https:\/\/marcelolopes.jor.br\/site\/wp-content\/uploads\/2022\/04\/WhatsApp-Image-2022-04-01-at-11.49.31-300x225.jpeg 300w, https:\/\/marcelolopes.jor.br\/site\/wp-content\/uploads\/2022\/04\/WhatsApp-Image-2022-04-01-at-11.49.31-1024x768.jpeg 1024w, https:\/\/marcelolopes.jor.br\/site\/wp-content\/uploads\/2022\/04\/WhatsApp-Image-2022-04-01-at-11.49.31-768x576.jpeg 768w, https:\/\/marcelolopes.jor.br\/site\/wp-content\/uploads\/2022\/04\/WhatsApp-Image-2022-04-01-at-11.49.31-1536x1152.jpeg 1536w, https:\/\/marcelolopes.jor.br\/site\/wp-content\/uploads\/2022\/04\/WhatsApp-Image-2022-04-01-at-11.49.31-1200x900.jpeg 1200w, https:\/\/marcelolopes.jor.br\/site\/wp-content\/uploads\/2022\/04\/WhatsApp-Image-2022-04-01-at-11.49.31-320x240.jpeg 320w, https:\/\/marcelolopes.jor.br\/site\/wp-content\/uploads\/2022\/04\/WhatsApp-Image-2022-04-01-at-11.49.31.jpeg 1600w\" sizes=\"auto, (max-width: 700px) 100vw, 700px\" \/>Em Cataguases oito escolas aderiram ao movimento e seus profissionais estiveram no evento desta manh\u00e3 para alinhar os pr\u00f3ximos passos da greve. A continua\u00e7\u00e3o do movimento j\u00e1 havia sido decidida em vota\u00e7\u00e3o no dia anterior, em Belo Horizonte.<\/p>\n<p style=\"text-align: justify;\">&#8211; Por isso a categoria fez uma ato simb\u00f3lico que confirmou a continuidade do movimento no munic\u00edpio, at\u00e9 que o projeto de lei que assegura o reajuste salarial para todas as carreiras da Educa\u00e7\u00e3o seja aprovado em definitivo, explicou a professora Valeria Dias.<\/p>\n<p style=\"text-align: justify;\">A greve continua na pr\u00f3xima semana com novas a\u00e7\u00f5es de conscientiza\u00e7\u00e3o que dever\u00e3o ser implementadas, revelou. Ela tamb\u00e9m informou que os educadores estar\u00e3o na pr\u00f3xima ter\u00e7a-feira, na C\u00e2mara Municipal de Cataguases, participando da apresenta\u00e7\u00e3o de uma Mo\u00e7\u00e3o de Rep\u00fadio ao posicionamento do governo de Minas Gerais a respeito da greve.<\/p>\n<p>Fotos: Val\u00e9ria Dias<\/p>\n<div class=\"bdato6a95063539dc0\" ><br><\/div><style type=\"text\/css\">\r\n@media screen and (min-width: 1201px) {\r\n.bdato6a95063539dc0 {\r\ndisplay: block;\r\n}\r\n}\r\n@media screen and (min-width: 993px) and (max-width: 1200px) {\r\n.bdato6a95063539dc0 {\r\ndisplay: block;\r\n}\r\n}\r\n@media screen and (min-width: 769px) and (max-width: 992px) {\r\n.bdato6a95063539dc0 {\r\ndisplay: block;\r\n}\r\n}\r\n@media screen and (min-width: 768px) and (max-width: 768px) {\r\n.bdato6a95063539dc0 {\r\ndisplay: block;\r\n}\r\n}\r\n@media screen and (max-width: 767px) {\r\n.bdato6a95063539dc0 {\r\ndisplay: block;\r\n}\r\n}\r\n<\/style>\r\n<div class=\"lwqcb6a9506353e6c6\" ><div id=\"div_destino\"><\/div>\r\n<script src=\"https:\/\/cdn.snsrsv.com\/sdk.js\"><\/script>\r\n<script >\r\n      new sdk(\"464030C30061EA8BE065000000000001\") \r\n          .appendTo(\"div_destino\")\r\n          .disableStyle(true) \r\n          .setCacheBusterMacro(\"%%CACHEBUSTER%%\")\r\n          .setSize(\"800\",\"214\")\r\n          .setClickMacro(\"%%CLICK_URL_ESC%%\") \r\n          .setReferrerUrlMacro(\"%%REFERRER_URL_ESC%%\") \r\n          .start(); \r\n<\/script><\/div><style type=\"text\/css\">\r\n@media screen and (min-width: 1201px) {\r\n.lwqcb6a9506353e6c6 {\r\ndisplay: block;\r\n}\r\n}\r\n@media screen and (min-width: 993px) and (max-width: 1200px) {\r\n.lwqcb6a9506353e6c6 {\r\ndisplay: block;\r\n}\r\n}\r\n@media screen and (min-width: 769px) and (max-width: 992px) {\r\n.lwqcb6a9506353e6c6 {\r\ndisplay: block;\r\n}\r\n}\r\n@media screen and (min-width: 768px) and (max-width: 768px) {\r\n.lwqcb6a9506353e6c6 {\r\ndisplay: block;\r\n}\r\n}\r\n@media screen and (max-width: 767px) {\r\n.lwqcb6a9506353e6c6 {\r\ndisplay: block;\r\n}\r\n}\r\n<\/style>\r\n","protected":false},"excerpt":{"rendered":"<p>Os professores de Cataguases que atuam na rede estadual de ensino, realizaram na manh\u00e3 desta sexta-feira, 1\u00ba de abril, assembleia geral que aconteceu \u00e0s 10 horas, no Col\u00e9gio Cataguases, para avaliar e tra\u00e7ar os rumos do movimento que completa 21<\/p>\n<p class=\"link-more\"><a class=\"more-link\" href=\"https:\/\/marcelolopes.jor.br\/site\/2022\/04\/01\/professores-fazem-assembleia-para-definir-futuro-do-movimento\/\">Leia mais <span class=\"screen-reader-text\">Professores fazem assembleia para definir futuro do movimento<\/span><\/a><\/p>\n","protected":false},"author":2,"featured_media":32072,"comment_status":"open","ping_status":"open","sticky":false,"template":"","format":"standard","meta":{"footnotes":""},"categories":[1],"tags":[5742,2225,5598,5653],"class_list":["post-32070","post","type-post","status-publish","format-standard","has-post-thumbnail","hentry","category-noticias","tag-assembleia-dos-professores","tag-greve-dos-professores","tag-paralisacao-dos-professores","tag-reajuste-dos-professores","thumb-below-title"],"yoast_head":"<!-- This site is optimized with the Yoast SEO plugin v28.3 - https:\/\/yoast.com\/product\/yoast-seo-wordpress\/ -->\n<title>Professores fazem assembleia para definir futuro do movimento | Marcelo Lopes<\/title>\n<meta name=\"robots\" content=\"index, follow, max-snippet:-1, max-image-preview:large, max-video-preview:-1\" \/>\n<link rel=\"canonical\" href=\"https:\/\/marcelolopes.jor.br\/site\/2022\/04\/01\/professores-fazem-assembleia-para-definir-futuro-do-movimento\/\" \/>\n<meta property=\"og:locale\" content=\"pt_BR\" \/>\n<meta property=\"og:type\" content=\"article\" \/>\n<meta property=\"og:title\" content=\"Professores fazem assembleia para definir futuro do movimento | Marcelo Lopes\" \/>\n<meta property=\"og:description\" content=\"Os professores de Cataguases que atuam na rede estadual de ensino, realizaram na manh\u00e3 desta sexta-feira, 1\u00ba de abril, assembleia geral que aconteceu \u00e0s 10 horas, no Col\u00e9gio Cataguases, para avaliar e tra\u00e7ar os rumos do movimento que completa 21Leia mais Professores fazem assembleia para definir futuro do movimento\" \/>\n<meta property=\"og:url\" content=\"https:\/\/marcelolopes.jor.br\/site\/2022\/04\/01\/professores-fazem-assembleia-para-definir-futuro-do-movimento\/\" \/>\n<meta property=\"og:site_name\" content=\"Marcelo Lopes\" \/>\n<meta property=\"article:publisher\" content=\"https:\/\/www.facebook.com\/sitedomarcelolopes\" \/>\n<meta property=\"article:published_time\" content=\"2022-04-01T19:00:40+00:00\" \/>\n<meta property=\"og:image\" content=\"https:\/\/marcelolopes.jor.br\/site\/wp-content\/uploads\/2022\/04\/WhatsApp-Image-2022-04-01-at-11.49.00.jpeg\" \/>\n\t<meta property=\"og:image:width\" content=\"1280\" \/>\n\t<meta property=\"og:image:height\" content=\"797\" \/>\n\t<meta property=\"og:image:type\" content=\"image\/jpeg\" \/>\n<meta name=\"author\" content=\"Marcelo Lopes\" \/>\n<meta name=\"twitter:card\" content=\"summary_large_image\" \/>\n<meta name=\"twitter:label1\" content=\"Escrito por\" \/>\n\t<meta name=\"twitter:data1\" content=\"Marcelo Lopes\" \/>\n\t<meta name=\"twitter:label2\" content=\"Est. tempo de leitura\" \/>\n\t<meta name=\"twitter:data2\" content=\"1 minuto\" \/>\n<script type=\"application\/ld+json\" class=\"yoast-schema-graph\">{\"@context\":\"https:\\\/\\\/schema.org\",\"@graph\":[{\"@type\":\"NewsArticle\",\"@id\":\"https:\\\/\\\/marcelolopes.jor.br\\\/site\\\/2022\\\/04\\\/01\\\/professores-fazem-assembleia-para-definir-futuro-do-movimento\\\/#article\",\"isPartOf\":{\"@id\":\"https:\\\/\\\/marcelolopes.jor.br\\\/site\\\/2022\\\/04\\\/01\\\/professores-fazem-assembleia-para-definir-futuro-do-movimento\\\/\"},\"author\":{\"name\":\"Marcelo Lopes\",\"@id\":\"https:\\\/\\\/marcelolopes.jor.br\\\/site\\\/#\\\/schema\\\/person\\\/3e7216a35c34d8fdf952b31da3d1f89f\"},\"headline\":\"Professores fazem assembleia para definir futuro do movimento\",\"datePublished\":\"2022-04-01T19:00:40+00:00\",\"mainEntityOfPage\":{\"@id\":\"https:\\\/\\\/marcelolopes.jor.br\\\/site\\\/2022\\\/04\\\/01\\\/professores-fazem-assembleia-para-definir-futuro-do-movimento\\\/\"},\"wordCount\":201,\"commentCount\":0,\"publisher\":{\"@id\":\"https:\\\/\\\/marcelolopes.jor.br\\\/site\\\/#organization\"},\"image\":{\"@id\":\"https:\\\/\\\/marcelolopes.jor.br\\\/site\\\/2022\\\/04\\\/01\\\/professores-fazem-assembleia-para-definir-futuro-do-movimento\\\/#primaryimage\"},\"thumbnailUrl\":\"https:\\\/\\\/marcelolopes.jor.br\\\/site\\\/wp-content\\\/uploads\\\/2022\\\/04\\\/WhatsApp-Image-2022-04-01-at-11.49.00.jpeg\",\"keywords\":[\"assembleia dos professores\",\"greve dos professores\",\"paralisa\u00e7\u00e3o dos professores\",\"reajuste dos professores\"],\"articleSection\":[\"Not\u00edcias\"],\"inLanguage\":\"pt-BR\",\"potentialAction\":[{\"@type\":\"CommentAction\",\"name\":\"Comment\",\"target\":[\"https:\\\/\\\/marcelolopes.jor.br\\\/site\\\/2022\\\/04\\\/01\\\/professores-fazem-assembleia-para-definir-futuro-do-movimento\\\/#respond\"]}]},{\"@type\":\"WebPage\",\"@id\":\"https:\\\/\\\/marcelolopes.jor.br\\\/site\\\/2022\\\/04\\\/01\\\/professores-fazem-assembleia-para-definir-futuro-do-movimento\\\/\",\"url\":\"https:\\\/\\\/marcelolopes.jor.br\\\/site\\\/2022\\\/04\\\/01\\\/professores-fazem-assembleia-para-definir-futuro-do-movimento\\\/\",\"name\":\"Professores fazem assembleia para definir futuro do movimento | Marcelo Lopes\",\"isPartOf\":{\"@id\":\"https:\\\/\\\/marcelolopes.jor.br\\\/site\\\/#website\"},\"primaryImageOfPage\":{\"@id\":\"https:\\\/\\\/marcelolopes.jor.br\\\/site\\\/2022\\\/04\\\/01\\\/professores-fazem-assembleia-para-definir-futuro-do-movimento\\\/#primaryimage\"},\"image\":{\"@id\":\"https:\\\/\\\/marcelolopes.jor.br\\\/site\\\/2022\\\/04\\\/01\\\/professores-fazem-assembleia-para-definir-futuro-do-movimento\\\/#primaryimage\"},\"thumbnailUrl\":\"https:\\\/\\\/marcelolopes.jor.br\\\/site\\\/wp-content\\\/uploads\\\/2022\\\/04\\\/WhatsApp-Image-2022-04-01-at-11.49.00.jpeg\",\"datePublished\":\"2022-04-01T19:00:40+00:00\",\"breadcrumb\":{\"@id\":\"https:\\\/\\\/marcelolopes.jor.br\\\/site\\\/2022\\\/04\\\/01\\\/professores-fazem-assembleia-para-definir-futuro-do-movimento\\\/#breadcrumb\"},\"inLanguage\":\"pt-BR\",\"potentialAction\":[{\"@type\":\"ReadAction\",\"target\":[\"https:\\\/\\\/marcelolopes.jor.br\\\/site\\\/2022\\\/04\\\/01\\\/professores-fazem-assembleia-para-definir-futuro-do-movimento\\\/\"]}]},{\"@type\":\"ImageObject\",\"inLanguage\":\"pt-BR\",\"@id\":\"https:\\\/\\\/marcelolopes.jor.br\\\/site\\\/2022\\\/04\\\/01\\\/professores-fazem-assembleia-para-definir-futuro-do-movimento\\\/#primaryimage\",\"url\":\"https:\\\/\\\/marcelolopes.jor.br\\\/site\\\/wp-content\\\/uploads\\\/2022\\\/04\\\/WhatsApp-Image-2022-04-01-at-11.49.00.jpeg\",\"contentUrl\":\"https:\\\/\\\/marcelolopes.jor.br\\\/site\\\/wp-content\\\/uploads\\\/2022\\\/04\\\/WhatsApp-Image-2022-04-01-at-11.49.00.jpeg\",\"width\":1280,\"height\":797},{\"@type\":\"BreadcrumbList\",\"@id\":\"https:\\\/\\\/marcelolopes.jor.br\\\/site\\\/2022\\\/04\\\/01\\\/professores-fazem-assembleia-para-definir-futuro-do-movimento\\\/#breadcrumb\",\"itemListElement\":[{\"@type\":\"ListItem\",\"position\":1,\"name\":\"Home\",\"item\":\"https:\\\/\\\/marcelolopes.jor.br\\\/site\\\/\"},{\"@type\":\"ListItem\",\"position\":2,\"name\":\"Professores fazem assembleia para definir futuro do movimento\"}]},{\"@type\":\"WebSite\",\"@id\":\"https:\\\/\\\/marcelolopes.jor.br\\\/site\\\/#website\",\"url\":\"https:\\\/\\\/marcelolopes.jor.br\\\/site\\\/\",\"name\":\"Marcelo Lopes\",\"description\":\"Not\u00edcias de Cataguases e Regi\u00e3o\",\"publisher\":{\"@id\":\"https:\\\/\\\/marcelolopes.jor.br\\\/site\\\/#organization\"},\"potentialAction\":[{\"@type\":\"SearchAction\",\"target\":{\"@type\":\"EntryPoint\",\"urlTemplate\":\"https:\\\/\\\/marcelolopes.jor.br\\\/site\\\/?s={search_term_string}\"},\"query-input\":{\"@type\":\"PropertyValueSpecification\",\"valueRequired\":true,\"valueName\":\"search_term_string\"}}],\"inLanguage\":\"pt-BR\"},{\"@type\":\"Organization\",\"@id\":\"https:\\\/\\\/marcelolopes.jor.br\\\/site\\\/#organization\",\"name\":\"Site do Marcelo Lopes\",\"url\":\"https:\\\/\\\/marcelolopes.jor.br\\\/site\\\/\",\"logo\":{\"@type\":\"ImageObject\",\"inLanguage\":\"pt-BR\",\"@id\":\"https:\\\/\\\/marcelolopes.jor.br\\\/site\\\/#\\\/schema\\\/logo\\\/image\\\/\",\"url\":\"https:\\\/\\\/marcelolopes.jor.br\\\/site\\\/wp-content\\\/uploads\\\/2026\\\/07\\\/cropped-logo2026.png\",\"contentUrl\":\"https:\\\/\\\/marcelolopes.jor.br\\\/site\\\/wp-content\\\/uploads\\\/2026\\\/07\\\/cropped-logo2026.png\",\"width\":328,\"height\":96,\"caption\":\"Site do Marcelo Lopes\"},\"image\":{\"@id\":\"https:\\\/\\\/marcelolopes.jor.br\\\/site\\\/#\\\/schema\\\/logo\\\/image\\\/\"},\"sameAs\":[\"https:\\\/\\\/www.facebook.com\\\/sitedomarcelolopes\",\"https:\\\/\\\/www.instagram.com\\\/sitedomarcelolopes\\\/\",\"https:\\\/\\\/www.linkedin.com\\\/company\\\/site-do-marcelo-lopes\\\/\",\"https:\\\/\\\/www.youtube.com\\\/user\\\/marcelolopes957\"]},{\"@type\":\"Person\",\"@id\":\"https:\\\/\\\/marcelolopes.jor.br\\\/site\\\/#\\\/schema\\\/person\\\/3e7216a35c34d8fdf952b31da3d1f89f\",\"name\":\"Marcelo Lopes\",\"sameAs\":[\"http:\\\/\\\/www.marcelolopes.jor.br\"],\"url\":\"https:\\\/\\\/marcelolopes.jor.br\\\/site\\\/author\\\/marcelo\\\/\"}]}<\/script>\n<!-- \/ Yoast SEO plugin. -->","yoast_head_json":{"title":"Professores fazem assembleia para definir futuro do movimento | Marcelo Lopes","robots":{"index":"index","follow":"follow","max-snippet":"max-snippet:-1","max-image-preview":"max-image-preview:large","max-video-preview":"max-video-preview:-1"},"canonical":"https:\/\/marcelolopes.jor.br\/site\/2022\/04\/01\/professores-fazem-assembleia-para-definir-futuro-do-movimento\/","og_locale":"pt_BR","og_type":"article","og_title":"Professores fazem assembleia para definir futuro do movimento | Marcelo Lopes","og_description":"Os professores de Cataguases que atuam na rede estadual de ensino, realizaram na manh\u00e3 desta sexta-feira, 1\u00ba de abril, assembleia geral que aconteceu \u00e0s 10 horas, no Col\u00e9gio Cataguases, para avaliar e tra\u00e7ar os rumos do movimento que completa 21Leia mais Professores fazem assembleia para definir futuro do movimento","og_url":"https:\/\/marcelolopes.jor.br\/site\/2022\/04\/01\/professores-fazem-assembleia-para-definir-futuro-do-movimento\/","og_site_name":"Marcelo Lopes","article_publisher":"https:\/\/www.facebook.com\/sitedomarcelolopes","article_published_time":"2022-04-01T19:00:40+00:00","og_image":[{"width":1280,"height":797,"url":"https:\/\/marcelolopes.jor.br\/site\/wp-content\/uploads\/2022\/04\/WhatsApp-Image-2022-04-01-at-11.49.00.jpeg","type":"image\/jpeg"}],"author":"Marcelo Lopes","twitter_card":"summary_large_image","twitter_misc":{"Escrito por":"Marcelo Lopes","Est. tempo de leitura":"1 minuto"},"schema":{"@context":"https:\/\/schema.org","@graph":[{"@type":"NewsArticle","@id":"https:\/\/marcelolopes.jor.br\/site\/2022\/04\/01\/professores-fazem-assembleia-para-definir-futuro-do-movimento\/#article","isPartOf":{"@id":"https:\/\/marcelolopes.jor.br\/site\/2022\/04\/01\/professores-fazem-assembleia-para-definir-futuro-do-movimento\/"},"author":{"name":"Marcelo Lopes","@id":"https:\/\/marcelolopes.jor.br\/site\/#\/schema\/person\/3e7216a35c34d8fdf952b31da3d1f89f"},"headline":"Professores fazem assembleia para definir futuro do movimento","datePublished":"2022-04-01T19:00:40+00:00","mainEntityOfPage":{"@id":"https:\/\/marcelolopes.jor.br\/site\/2022\/04\/01\/professores-fazem-assembleia-para-definir-futuro-do-movimento\/"},"wordCount":201,"commentCount":0,"publisher":{"@id":"https:\/\/marcelolopes.jor.br\/site\/#organization"},"image":{"@id":"https:\/\/marcelolopes.jor.br\/site\/2022\/04\/01\/professores-fazem-assembleia-para-definir-futuro-do-movimento\/#primaryimage"},"thumbnailUrl":"https:\/\/marcelolopes.jor.br\/site\/wp-content\/uploads\/2022\/04\/WhatsApp-Image-2022-04-01-at-11.49.00.jpeg","keywords":["assembleia dos professores","greve dos professores","paralisa\u00e7\u00e3o dos professores","reajuste dos professores"],"articleSection":["Not\u00edcias"],"inLanguage":"pt-BR","potentialAction":[{"@type":"CommentAction","name":"Comment","target":["https:\/\/marcelolopes.jor.br\/site\/2022\/04\/01\/professores-fazem-assembleia-para-definir-futuro-do-movimento\/#respond"]}]},{"@type":"WebPage","@id":"https:\/\/marcelolopes.jor.br\/site\/2022\/04\/01\/professores-fazem-assembleia-para-definir-futuro-do-movimento\/","url":"https:\/\/marcelolopes.jor.br\/site\/2022\/04\/01\/professores-fazem-assembleia-para-definir-futuro-do-movimento\/","name":"Professores fazem assembleia para definir futuro do movimento | Marcelo Lopes","isPartOf":{"@id":"https:\/\/marcelolopes.jor.br\/site\/#website"},"primaryImageOfPage":{"@id":"https:\/\/marcelolopes.jor.br\/site\/2022\/04\/01\/professores-fazem-assembleia-para-definir-futuro-do-movimento\/#primaryimage"},"image":{"@id":"https:\/\/marcelolopes.jor.br\/site\/2022\/04\/01\/professores-fazem-assembleia-para-definir-futuro-do-movimento\/#primaryimage"},"thumbnailUrl":"https:\/\/marcelolopes.jor.br\/site\/wp-content\/uploads\/2022\/04\/WhatsApp-Image-2022-04-01-at-11.49.00.jpeg","datePublished":"2022-04-01T19:00:40+00:00","breadcrumb":{"@id":"https:\/\/marcelolopes.jor.br\/site\/2022\/04\/01\/professores-fazem-assembleia-para-definir-futuro-do-movimento\/#breadcrumb"},"inLanguage":"pt-BR","potentialAction":[{"@type":"ReadAction","target":["https:\/\/marcelolopes.jor.br\/site\/2022\/04\/01\/professores-fazem-assembleia-para-definir-futuro-do-movimento\/"]}]},{"@type":"ImageObject","inLanguage":"pt-BR","@id":"https:\/\/marcelolopes.jor.br\/site\/2022\/04\/01\/professores-fazem-assembleia-para-definir-futuro-do-movimento\/#primaryimage","url":"https:\/\/marcelolopes.jor.br\/site\/wp-content\/uploads\/2022\/04\/WhatsApp-Image-2022-04-01-at-11.49.00.jpeg","contentUrl":"https:\/\/marcelolopes.jor.br\/site\/wp-content\/uploads\/2022\/04\/WhatsApp-Image-2022-04-01-at-11.49.00.jpeg","width":1280,"height":797},{"@type":"BreadcrumbList","@id":"https:\/\/marcelolopes.jor.br\/site\/2022\/04\/01\/professores-fazem-assembleia-para-definir-futuro-do-movimento\/#breadcrumb","itemListElement":[{"@type":"ListItem","position":1,"name":"Home","item":"https:\/\/marcelolopes.jor.br\/site\/"},{"@type":"ListItem","position":2,"name":"Professores fazem assembleia para definir futuro do movimento"}]},{"@type":"WebSite","@id":"https:\/\/marcelolopes.jor.br\/site\/#website","url":"https:\/\/marcelolopes.jor.br\/site\/","name":"Marcelo Lopes","description":"Not\u00edcias de Cataguases e Regi\u00e3o","publisher":{"@id":"https:\/\/marcelolopes.jor.br\/site\/#organization"},"potentialAction":[{"@type":"SearchAction","target":{"@type":"EntryPoint","urlTemplate":"https:\/\/marcelolopes.jor.br\/site\/?s={search_term_string}"},"query-input":{"@type":"PropertyValueSpecification","valueRequired":true,"valueName":"search_term_string"}}],"inLanguage":"pt-BR"},{"@type":"Organization","@id":"https:\/\/marcelolopes.jor.br\/site\/#organization","name":"Site do Marcelo Lopes","url":"https:\/\/marcelolopes.jor.br\/site\/","logo":{"@type":"ImageObject","inLanguage":"pt-BR","@id":"https:\/\/marcelolopes.jor.br\/site\/#\/schema\/logo\/image\/","url":"https:\/\/marcelolopes.jor.br\/site\/wp-content\/uploads\/2026\/07\/cropped-logo2026.png","contentUrl":"https:\/\/marcelolopes.jor.br\/site\/wp-content\/uploads\/2026\/07\/cropped-logo2026.png","width":328,"height":96,"caption":"Site do Marcelo Lopes"},"image":{"@id":"https:\/\/marcelolopes.jor.br\/site\/#\/schema\/logo\/image\/"},"sameAs":["https:\/\/www.facebook.com\/sitedomarcelolopes","https:\/\/www.instagram.com\/sitedomarcelolopes\/","https:\/\/www.linkedin.com\/company\/site-do-marcelo-lopes\/","https:\/\/www.youtube.com\/user\/marcelolopes957"]},{"@type":"Person","@id":"https:\/\/marcelolopes.jor.br\/site\/#\/schema\/person\/3e7216a35c34d8fdf952b31da3d1f89f","name":"Marcelo Lopes","sameAs":["http:\/\/www.marcelolopes.jor.br"],"url":"https:\/\/marcelolopes.jor.br\/site\/author\/marcelo\/"}]}},"wps_subtitle":"Greve continua em Cataguases. Oito escolas aderiram \u00e0 paralisa\u00e7\u00e3o.","_links":{"self":[{"href":"https:\/\/marcelolopes.jor.br\/site\/wp-json\/wp\/v2\/posts\/32070","targetHints":{"allow":["GET"]}}],"collection":[{"href":"https:\/\/marcelolopes.jor.br\/site\/wp-json\/wp\/v2\/posts"}],"about":[{"href":"https:\/\/marcelolopes.jor.br\/site\/wp-json\/wp\/v2\/types\/post"}],"author":[{"embeddable":true,"href":"https:\/\/marcelolopes.jor.br\/site\/wp-json\/wp\/v2\/users\/2"}],"replies":[{"embeddable":true,"href":"https:\/\/marcelolopes.jor.br\/site\/wp-json\/wp\/v2\/comments?post=32070"}],"version-history":[{"count":0,"href":"https:\/\/marcelolopes.jor.br\/site\/wp-json\/wp\/v2\/posts\/32070\/revisions"}],"wp:featuredmedia":[{"embeddable":true,"href":"https:\/\/marcelolopes.jor.br\/site\/wp-json\/wp\/v2\/media\/32072"}],"wp:attachment":[{"href":"https:\/\/marcelolopes.jor.br\/site\/wp-json\/wp\/v2\/media?parent=32070"}],"wp:term":[{"taxonomy":"category","embeddable":true,"href":"https:\/\/marcelolopes.jor.br\/site\/wp-json\/wp\/v2\/categories?post=32070"},{"taxonomy":"post_tag","embeddable":true,"href":"https:\/\/marcelolopes.jor.br\/site\/wp-json\/wp\/v2\/tags?post=32070"}],"curies":[{"name":"wp","href":"https:\/\/api.w.org\/{rel}","templated":true}]}}