{"id":32037,"date":"2022-03-31T16:00:50","date_gmt":"2022-03-31T19:00:50","guid":{"rendered":"https:\/\/marcelolopes.jor.br\/?p=32037"},"modified":"2022-08-05T14:47:31","modified_gmt":"2022-08-05T17:47:31","slug":"campanha-de-vacinacao-da-gripe-comeca-na-segunda-feira","status":"publish","type":"post","link":"https:\/\/marcelolopes.jor.br\/site\/2022\/03\/31\/campanha-de-vacinacao-da-gripe-comeca-na-segunda-feira\/","title":{"rendered":"Campanha de vacina\u00e7\u00e3o da gripe come\u00e7a na segunda-feira"},"content":{"rendered":"<p style=\"text-align: justify;\">A Campanha de Vacina\u00e7\u00e3o contra a Influenza ser\u00e1 realizada, neste ano, entre 4 de abril e 3 de junho. Em Minas Gerais, a estimativa \u00e9 que 8.299.488 pessoas estejam inclu\u00eddas nos grupos priorit\u00e1rios para a vacina\u00e7\u00e3o. A imuniza\u00e7\u00e3o tem como objetivo a redu\u00e7\u00e3o das complica\u00e7\u00f5es, interna\u00e7\u00f5es e a mortalidade decorrentes das infec\u00e7\u00f5es pelo v\u00edrus da Influenza. A vacina \u00e9 gratuita e est\u00e1 dispon\u00edvel nas Unidades B\u00e1sicas de Sa\u00fade de todo o estado.<!--more--><\/p>\n<p style=\"text-align: justify;\">O Minist\u00e9rio da Sa\u00fade j\u00e1 divulgou o cronograma da campanha, que ter\u00e1 duas etapas, segundo a popula\u00e7\u00e3o priorit\u00e1ria para a vacina\u00e7\u00e3o. A primeira fase vai at\u00e9 30\/4 e ser\u00e1 direcionada aos idosos com 60 anos ou mais de idade e trabalhadores da sa\u00fade. Na segunda etapa, de 2\/5 a 3\/6, as doses ser\u00e3o direcionadas ao p\u00fablico infantil, gestantes e pu\u00e9rperas, ind\u00edgenas, professores, pessoas com comorbidades e deficientes permanentes, al\u00e9m das For\u00e7as Armadas, de seguran\u00e7a e salvamento, dentre outros.<\/p>\n<p style=\"text-align: justify;\">O dia D de mobiliza\u00e7\u00e3o nacional est\u00e1 marcado para 30\/4. Nesta data, as crian\u00e7as de seis meses a menores de 5 anos de idade (4 anos, 11 meses e 29 dias) tamb\u00e9m devem ser imunizadas.<\/p>\n<p style=\"text-align: justify;\">Segundo a coordenadora estadual do Programa de Imuniza\u00e7\u00f5es da Secretaria de Estado de Sa\u00fade de Minas Gerais (SES-MG), Josianne Gusm\u00e3o, mesmo quem se imunizou contra Influenza em 2021 e faz parte dos grupos priorit\u00e1rios da campanha deste ano deve tomar a vacina novamente.<\/p>\n<p style=\"text-align: justify;\">\u201cA vacina Influenza trivalente utilizada pelo Sistema \u00danico de Sa\u00fade (SUS) em 2022 \u00e9 eficaz contra as cepas H1N1, H3N2 e tipo B. A vacina\u00e7\u00e3o anual previne as formas graves da doen\u00e7a, reduzindo o impacto sobre o sistema de sa\u00fade, principalmente, neste momento de pandemia que estamos enfrentando. A meta \u00e9 imunizar 90% das pessoas inclu\u00eddas nos grupos priorit\u00e1rios\u201d, afirma a coordenadora. A SES-MG j\u00e1 iniciou a distribui\u00e7\u00e3o do imunizante para as Unidades Regionais de Sa\u00fade.<\/p>\n<p style=\"text-align: justify;\">Segundo dados do Minist\u00e9rio da Sa\u00fade, em 2021 foram aplicadas 4.541.451 doses da vacina contra a influenza em Minas Gerais nos grupos priorit\u00e1rios (crian\u00e7as, trabalhadores na sa\u00fade, gestantes, pu\u00e9rperas, ind\u00edgenas e idosos). A cobertura foi de 79,2% desse p\u00fablico.<\/p>\n<p>Assista ao v\u00eddeo da coordenadora estadual do Programa de Imuniza\u00e7\u00f5es da Secretaria de Estado de Sa\u00fade de Minas Gerais (SES-MG), Josianne Gusm\u00e3o sobre quais doen\u00e7as a vacina protege.<\/p>\n<div style=\"width: 848px;\" class=\"wp-video\"><video class=\"wp-video-shortcode\" id=\"video-32037-1\" width=\"848\" height=\"480\" preload=\"metadata\" controls=\"controls\"><source type=\"video\/mp4\" src=\"https:\/\/marcelolopes.jor.br\/site\/wp-content\/uploads\/2022\/03\/WhatsApp-Video-2022-03-31-at-11.15.40.mp4?_=1\" \/><a href=\"https:\/\/marcelolopes.jor.br\/site\/wp-content\/uploads\/2022\/03\/WhatsApp-Video-2022-03-31-at-11.15.40.mp4\">https:\/\/marcelolopes.jor.br\/site\/wp-content\/uploads\/2022\/03\/WhatsApp-Video-2022-03-31-at-11.15.40.mp4<\/a><\/video><\/div>\n<h3 style=\"text-align: justify;\">Ocorr\u00eancias em Minas<\/h3>\n<p style=\"text-align: justify;\">Em 2021 foram notificados 362 casos de S\u00edndrome Respirat\u00f3ria Aguda Grave (SRAG) por Influenza e 47 \u00f3bitos. Em 2022, at\u00e9 o momento, s\u00e3o 341 casos notificados da doen\u00e7a e 56 \u00f3bitos. A SES-MG refor\u00e7a que os dados s\u00e3o parciais e sujeitos \u00e0 altera\u00e7\u00e3o.<\/p>\n<h3 style=\"text-align: justify;\">Cronograma da Campanha de Vacina\u00e7\u00e3o contra a Influenza<\/h3>\n<p style=\"text-align: justify;\"><strong>Primeira etapa \u2013 4 a 30\/4<br \/>\n<\/strong>&#8211; Idosos com 60 anos ou mais;<br \/>\n&#8211; Trabalhadores da sa\u00fade;<\/p>\n<p style=\"text-align: justify;\"><strong>Segunda etapa &#8211; de 2\/5 a 3\/6<br \/>\n<\/strong>&#8211; Crian\u00e7as (6 meses a &lt; de 5 anos);<br \/>\n&#8211; Gestantes e pu\u00e9rperas;<br \/>\n&#8211; Povos ind\u00edgenas;<br \/>\n&#8211; Professores;<br \/>\n&#8211; Pessoas com comorbidades;<br \/>\n&#8211; Pessoas com defici\u00eancia permanente;<br \/>\n&#8211; Caminhoneiros e trabalhadores de transporte coletivo rodovi\u00e1rio de passageiros urbano e de longo curso;<br \/>\n&#8211; Trabalhadores Portu\u00e1rios;<br \/>\n&#8211; For\u00e7as de seguran\u00e7a, salvamento e For\u00e7as Armadas;<br \/>\n&#8211; Popula\u00e7\u00e3o privada de liberdade e funcion\u00e1rios do sistema de priva\u00e7\u00e3o de liberdade;<br \/>\n&#8211; Adolescentes e jovens de 12 a 21 anos de idade sob medidas socioeducativas.<\/p>\n<p style=\"text-align: justify;\">Fonte: Ag\u00eancia Minas | Foto: F\u00e1bio Marchetto\/SES-MG<\/p>\n<div class=\"qyjcr69f715a040cac\" ><br><\/div><style type=\"text\/css\">\r\n@media screen and (min-width: 1201px) {\r\n.qyjcr69f715a040cac {\r\ndisplay: block;\r\n}\r\n}\r\n@media screen and (min-width: 993px) and (max-width: 1200px) {\r\n.qyjcr69f715a040cac {\r\ndisplay: block;\r\n}\r\n}\r\n@media screen and (min-width: 769px) and (max-width: 992px) {\r\n.qyjcr69f715a040cac {\r\ndisplay: block;\r\n}\r\n}\r\n@media screen and (min-width: 768px) and (max-width: 768px) {\r\n.qyjcr69f715a040cac {\r\ndisplay: block;\r\n}\r\n}\r\n@media screen and (max-width: 767px) {\r\n.qyjcr69f715a040cac {\r\ndisplay: block;\r\n}\r\n}\r\n<\/style>\r\n<div class=\"olnrl69f715a047667\" ><div id=\"div_destino\"><\/div>\r\n<script src=\"https:\/\/cdn.snsrsv.com\/sdk.js\"><\/script>\r\n<script >\r\n      new sdk(\"464030C30061EA8BE065000000000001\") \r\n          .appendTo(\"div_destino\")\r\n          .disableStyle(true) \r\n          .setCacheBusterMacro(\"%%CACHEBUSTER%%\")\r\n          .setSize(\"800\",\"214\")\r\n          .setClickMacro(\"%%CLICK_URL_ESC%%\") \r\n          .setReferrerUrlMacro(\"%%REFERRER_URL_ESC%%\") \r\n          .start(); \r\n<\/script><\/div><style type=\"text\/css\">\r\n@media screen and (min-width: 1201px) {\r\n.olnrl69f715a047667 {\r\ndisplay: block;\r\n}\r\n}\r\n@media screen and (min-width: 993px) and (max-width: 1200px) {\r\n.olnrl69f715a047667 {\r\ndisplay: block;\r\n}\r\n}\r\n@media screen and (min-width: 769px) and (max-width: 992px) {\r\n.olnrl69f715a047667 {\r\ndisplay: block;\r\n}\r\n}\r\n@media screen and (min-width: 768px) and (max-width: 768px) {\r\n.olnrl69f715a047667 {\r\ndisplay: block;\r\n}\r\n}\r\n@media screen and (max-width: 767px) {\r\n.olnrl69f715a047667 {\r\ndisplay: block;\r\n}\r\n}\r\n<\/style>\r\n","protected":false},"excerpt":{"rendered":"<p>A Campanha de Vacina\u00e7\u00e3o contra a Influenza ser\u00e1 realizada, neste ano, entre 4 de abril e 3 de junho. Em Minas Gerais, a estimativa \u00e9 que 8.299.488 pessoas estejam inclu\u00eddas nos grupos priorit\u00e1rios para a vacina\u00e7\u00e3o. A imuniza\u00e7\u00e3o tem como<\/p>\n<p class=\"link-more\"><a class=\"more-link\" href=\"https:\/\/marcelolopes.jor.br\/site\/2022\/03\/31\/campanha-de-vacinacao-da-gripe-comeca-na-segunda-feira\/\">Leia mais <span class=\"screen-reader-text\">Campanha de vacina\u00e7\u00e3o da gripe come\u00e7a na segunda-feira<\/span><\/a><\/p>\n","protected":false},"author":2,"featured_media":32039,"comment_status":"open","ping_status":"open","sticky":false,"template":"","format":"standard","meta":{"footnotes":""},"categories":[1],"tags":[3818,5740,3777,5739],"class_list":["post-32037","post","type-post","status-publish","format-standard","has-post-thumbnail","hentry","category-noticias","tag-campanha-da-vacinacao","tag-vacina-contra-influenza","tag-vacina-da-gripe","tag-vacinacao-contra-a-gripe","thumb-below-title"],"yoast_head":"<!-- This site is optimized with the Yoast SEO plugin v27.4 - https:\/\/yoast.com\/product\/yoast-seo-wordpress\/ -->\n<title>Campanha de vacina\u00e7\u00e3o da gripe come\u00e7a na segunda-feira<\/title>\n<meta name=\"description\" content=\"Campanha de vacina\u00e7\u00e3o da gripe come\u00e7a na segunda-feira. Mais de 8 milh\u00f5es de mineiros est\u00e3o entre os grupos priorit\u00e1rios a serem vacinados.\" \/>\n<meta name=\"robots\" content=\"index, follow, max-snippet:-1, max-image-preview:large, max-video-preview:-1\" \/>\n<link rel=\"canonical\" href=\"https:\/\/marcelolopes.jor.br\/site\/2022\/03\/31\/campanha-de-vacinacao-da-gripe-comeca-na-segunda-feira\/\" \/>\n<meta property=\"og:locale\" content=\"pt_BR\" \/>\n<meta property=\"og:type\" content=\"article\" \/>\n<meta property=\"og:title\" content=\"Campanha de vacina\u00e7\u00e3o da gripe come\u00e7a na segunda-feira\" \/>\n<meta property=\"og:description\" content=\"Campanha de vacina\u00e7\u00e3o da gripe come\u00e7a na segunda-feira. Mais de 8 milh\u00f5es de mineiros est\u00e3o entre os grupos priorit\u00e1rios a serem vacinados.\" \/>\n<meta property=\"og:url\" content=\"https:\/\/marcelolopes.jor.br\/site\/2022\/03\/31\/campanha-de-vacinacao-da-gripe-comeca-na-segunda-feira\/\" \/>\n<meta property=\"og:site_name\" content=\"Marcelo Lopes\" \/>\n<meta property=\"article:publisher\" content=\"https:\/\/www.facebook.com\/sitedomarcelolopes\" \/>\n<meta property=\"article:published_time\" content=\"2022-03-31T19:00:50+00:00\" \/>\n<meta property=\"article:modified_time\" content=\"2022-08-05T17:47:31+00:00\" \/>\n<meta property=\"og:image\" content=\"https:\/\/marcelolopes.jor.br\/site\/wp-content\/uploads\/2022\/03\/Gripe_3_-_Fabio_Marchetto-SES-MG.jpg\" \/>\n\t<meta property=\"og:image:width\" content=\"1280\" \/>\n\t<meta property=\"og:image:height\" content=\"854\" \/>\n\t<meta property=\"og:image:type\" content=\"image\/jpeg\" \/>\n<meta name=\"author\" content=\"Marcelo Lopes\" \/>\n<meta name=\"twitter:card\" content=\"summary_large_image\" \/>\n<meta name=\"twitter:label1\" content=\"Escrito por\" \/>\n\t<meta name=\"twitter:data1\" content=\"Marcelo Lopes\" \/>\n\t<meta name=\"twitter:label2\" content=\"Est. tempo de leitura\" \/>\n\t<meta name=\"twitter:data2\" content=\"3 minutos\" \/>\n<script type=\"application\/ld+json\" class=\"yoast-schema-graph\">{\"@context\":\"https:\\\/\\\/schema.org\",\"@graph\":[{\"@type\":\"NewsArticle\",\"@id\":\"https:\\\/\\\/marcelolopes.jor.br\\\/site\\\/2022\\\/03\\\/31\\\/campanha-de-vacinacao-da-gripe-comeca-na-segunda-feira\\\/#article\",\"isPartOf\":{\"@id\":\"https:\\\/\\\/marcelolopes.jor.br\\\/site\\\/2022\\\/03\\\/31\\\/campanha-de-vacinacao-da-gripe-comeca-na-segunda-feira\\\/\"},\"author\":{\"name\":\"Marcelo Lopes\",\"@id\":\"https:\\\/\\\/marcelolopes.jor.br\\\/site\\\/#\\\/schema\\\/person\\\/3e7216a35c34d8fdf952b31da3d1f89f\"},\"headline\":\"Campanha de vacina\u00e7\u00e3o da gripe come\u00e7a na segunda-feira\",\"datePublished\":\"2022-03-31T19:00:50+00:00\",\"dateModified\":\"2022-08-05T17:47:31+00:00\",\"mainEntityOfPage\":{\"@id\":\"https:\\\/\\\/marcelolopes.jor.br\\\/site\\\/2022\\\/03\\\/31\\\/campanha-de-vacinacao-da-gripe-comeca-na-segunda-feira\\\/\"},\"wordCount\":604,\"commentCount\":0,\"publisher\":{\"@id\":\"https:\\\/\\\/marcelolopes.jor.br\\\/site\\\/#organization\"},\"image\":{\"@id\":\"https:\\\/\\\/marcelolopes.jor.br\\\/site\\\/2022\\\/03\\\/31\\\/campanha-de-vacinacao-da-gripe-comeca-na-segunda-feira\\\/#primaryimage\"},\"thumbnailUrl\":\"https:\\\/\\\/marcelolopes.jor.br\\\/site\\\/wp-content\\\/uploads\\\/2022\\\/03\\\/Gripe_3_-_Fabio_Marchetto-SES-MG.jpg\",\"keywords\":[\"campanha da vacina\u00e7\u00e3o\",\"vacina contra Influenza\",\"vacina da gripe\",\"vacina\u00e7\u00e3o contra a gripe\"],\"articleSection\":[\"Not\u00edcias\"],\"inLanguage\":\"pt-BR\",\"potentialAction\":[{\"@type\":\"CommentAction\",\"name\":\"Comment\",\"target\":[\"https:\\\/\\\/marcelolopes.jor.br\\\/site\\\/2022\\\/03\\\/31\\\/campanha-de-vacinacao-da-gripe-comeca-na-segunda-feira\\\/#respond\"]}]},{\"@type\":\"WebPage\",\"@id\":\"https:\\\/\\\/marcelolopes.jor.br\\\/site\\\/2022\\\/03\\\/31\\\/campanha-de-vacinacao-da-gripe-comeca-na-segunda-feira\\\/\",\"url\":\"https:\\\/\\\/marcelolopes.jor.br\\\/site\\\/2022\\\/03\\\/31\\\/campanha-de-vacinacao-da-gripe-comeca-na-segunda-feira\\\/\",\"name\":\"Campanha de vacina\u00e7\u00e3o da gripe come\u00e7a na segunda-feira\",\"isPartOf\":{\"@id\":\"https:\\\/\\\/marcelolopes.jor.br\\\/site\\\/#website\"},\"primaryImageOfPage\":{\"@id\":\"https:\\\/\\\/marcelolopes.jor.br\\\/site\\\/2022\\\/03\\\/31\\\/campanha-de-vacinacao-da-gripe-comeca-na-segunda-feira\\\/#primaryimage\"},\"image\":{\"@id\":\"https:\\\/\\\/marcelolopes.jor.br\\\/site\\\/2022\\\/03\\\/31\\\/campanha-de-vacinacao-da-gripe-comeca-na-segunda-feira\\\/#primaryimage\"},\"thumbnailUrl\":\"https:\\\/\\\/marcelolopes.jor.br\\\/site\\\/wp-content\\\/uploads\\\/2022\\\/03\\\/Gripe_3_-_Fabio_Marchetto-SES-MG.jpg\",\"datePublished\":\"2022-03-31T19:00:50+00:00\",\"dateModified\":\"2022-08-05T17:47:31+00:00\",\"description\":\"Campanha de vacina\u00e7\u00e3o da gripe come\u00e7a na segunda-feira. Mais de 8 milh\u00f5es de mineiros est\u00e3o entre os grupos priorit\u00e1rios a serem vacinados.\",\"breadcrumb\":{\"@id\":\"https:\\\/\\\/marcelolopes.jor.br\\\/site\\\/2022\\\/03\\\/31\\\/campanha-de-vacinacao-da-gripe-comeca-na-segunda-feira\\\/#breadcrumb\"},\"inLanguage\":\"pt-BR\",\"potentialAction\":[{\"@type\":\"ReadAction\",\"target\":[\"https:\\\/\\\/marcelolopes.jor.br\\\/site\\\/2022\\\/03\\\/31\\\/campanha-de-vacinacao-da-gripe-comeca-na-segunda-feira\\\/\"]}]},{\"@type\":\"ImageObject\",\"inLanguage\":\"pt-BR\",\"@id\":\"https:\\\/\\\/marcelolopes.jor.br\\\/site\\\/2022\\\/03\\\/31\\\/campanha-de-vacinacao-da-gripe-comeca-na-segunda-feira\\\/#primaryimage\",\"url\":\"https:\\\/\\\/marcelolopes.jor.br\\\/site\\\/wp-content\\\/uploads\\\/2022\\\/03\\\/Gripe_3_-_Fabio_Marchetto-SES-MG.jpg\",\"contentUrl\":\"https:\\\/\\\/marcelolopes.jor.br\\\/site\\\/wp-content\\\/uploads\\\/2022\\\/03\\\/Gripe_3_-_Fabio_Marchetto-SES-MG.jpg\",\"width\":1280,\"height\":854,\"caption\":\"Campanha de vacina\u00e7\u00e3o da\"},{\"@type\":\"BreadcrumbList\",\"@id\":\"https:\\\/\\\/marcelolopes.jor.br\\\/site\\\/2022\\\/03\\\/31\\\/campanha-de-vacinacao-da-gripe-comeca-na-segunda-feira\\\/#breadcrumb\",\"itemListElement\":[{\"@type\":\"ListItem\",\"position\":1,\"name\":\"Home\",\"item\":\"https:\\\/\\\/marcelolopes.jor.br\\\/site\\\/\"},{\"@type\":\"ListItem\",\"position\":2,\"name\":\"Campanha de vacina\u00e7\u00e3o da gripe come\u00e7a na segunda-feira\"}]},{\"@type\":\"WebSite\",\"@id\":\"https:\\\/\\\/marcelolopes.jor.br\\\/site\\\/#website\",\"url\":\"https:\\\/\\\/marcelolopes.jor.br\\\/site\\\/\",\"name\":\"Marcelo Lopes\",\"description\":\"Not\u00edcias de Cataguases e Regi\u00e3o\",\"publisher\":{\"@id\":\"https:\\\/\\\/marcelolopes.jor.br\\\/site\\\/#organization\"},\"potentialAction\":[{\"@type\":\"SearchAction\",\"target\":{\"@type\":\"EntryPoint\",\"urlTemplate\":\"https:\\\/\\\/marcelolopes.jor.br\\\/site\\\/?s={search_term_string}\"},\"query-input\":{\"@type\":\"PropertyValueSpecification\",\"valueRequired\":true,\"valueName\":\"search_term_string\"}}],\"inLanguage\":\"pt-BR\"},{\"@type\":\"Organization\",\"@id\":\"https:\\\/\\\/marcelolopes.jor.br\\\/site\\\/#organization\",\"name\":\"Site do Marcelo Lopes\",\"url\":\"https:\\\/\\\/marcelolopes.jor.br\\\/site\\\/\",\"logo\":{\"@type\":\"ImageObject\",\"inLanguage\":\"pt-BR\",\"@id\":\"https:\\\/\\\/marcelolopes.jor.br\\\/site\\\/#\\\/schema\\\/logo\\\/image\\\/\",\"url\":\"https:\\\/\\\/marcelolopes.jor.br\\\/site\\\/wp-content\\\/uploads\\\/2024\\\/11\\\/logo-1.png\",\"contentUrl\":\"https:\\\/\\\/marcelolopes.jor.br\\\/site\\\/wp-content\\\/uploads\\\/2024\\\/11\\\/logo-1.png\",\"width\":475,\"height\":80,\"caption\":\"Site do Marcelo Lopes\"},\"image\":{\"@id\":\"https:\\\/\\\/marcelolopes.jor.br\\\/site\\\/#\\\/schema\\\/logo\\\/image\\\/\"},\"sameAs\":[\"https:\\\/\\\/www.facebook.com\\\/sitedomarcelolopes\",\"https:\\\/\\\/www.instagram.com\\\/sitedomarcelolopes\\\/\",\"https:\\\/\\\/www.linkedin.com\\\/company\\\/site-do-marcelo-lopes\\\/\",\"https:\\\/\\\/www.youtube.com\\\/user\\\/marcelolopes957\"]},{\"@type\":\"Person\",\"@id\":\"https:\\\/\\\/marcelolopes.jor.br\\\/site\\\/#\\\/schema\\\/person\\\/3e7216a35c34d8fdf952b31da3d1f89f\",\"name\":\"Marcelo Lopes\",\"sameAs\":[\"http:\\\/\\\/www.marcelolopes.jor.br\"],\"url\":\"https:\\\/\\\/marcelolopes.jor.br\\\/site\\\/author\\\/marcelo\\\/\"}]}<\/script>\n<!-- \/ Yoast SEO plugin. -->","yoast_head_json":{"title":"Campanha de vacina\u00e7\u00e3o da gripe come\u00e7a na segunda-feira","description":"Campanha de vacina\u00e7\u00e3o da gripe come\u00e7a na segunda-feira. Mais de 8 milh\u00f5es de mineiros est\u00e3o entre os grupos priorit\u00e1rios a serem vacinados.","robots":{"index":"index","follow":"follow","max-snippet":"max-snippet:-1","max-image-preview":"max-image-preview:large","max-video-preview":"max-video-preview:-1"},"canonical":"https:\/\/marcelolopes.jor.br\/site\/2022\/03\/31\/campanha-de-vacinacao-da-gripe-comeca-na-segunda-feira\/","og_locale":"pt_BR","og_type":"article","og_title":"Campanha de vacina\u00e7\u00e3o da gripe come\u00e7a na segunda-feira","og_description":"Campanha de vacina\u00e7\u00e3o da gripe come\u00e7a na segunda-feira. Mais de 8 milh\u00f5es de mineiros est\u00e3o entre os grupos priorit\u00e1rios a serem vacinados.","og_url":"https:\/\/marcelolopes.jor.br\/site\/2022\/03\/31\/campanha-de-vacinacao-da-gripe-comeca-na-segunda-feira\/","og_site_name":"Marcelo Lopes","article_publisher":"https:\/\/www.facebook.com\/sitedomarcelolopes","article_published_time":"2022-03-31T19:00:50+00:00","article_modified_time":"2022-08-05T17:47:31+00:00","og_image":[{"width":1280,"height":854,"url":"https:\/\/marcelolopes.jor.br\/site\/wp-content\/uploads\/2022\/03\/Gripe_3_-_Fabio_Marchetto-SES-MG.jpg","type":"image\/jpeg"}],"author":"Marcelo Lopes","twitter_card":"summary_large_image","twitter_misc":{"Escrito por":"Marcelo Lopes","Est. tempo de leitura":"3 minutos"},"schema":{"@context":"https:\/\/schema.org","@graph":[{"@type":"NewsArticle","@id":"https:\/\/marcelolopes.jor.br\/site\/2022\/03\/31\/campanha-de-vacinacao-da-gripe-comeca-na-segunda-feira\/#article","isPartOf":{"@id":"https:\/\/marcelolopes.jor.br\/site\/2022\/03\/31\/campanha-de-vacinacao-da-gripe-comeca-na-segunda-feira\/"},"author":{"name":"Marcelo Lopes","@id":"https:\/\/marcelolopes.jor.br\/site\/#\/schema\/person\/3e7216a35c34d8fdf952b31da3d1f89f"},"headline":"Campanha de vacina\u00e7\u00e3o da gripe come\u00e7a na segunda-feira","datePublished":"2022-03-31T19:00:50+00:00","dateModified":"2022-08-05T17:47:31+00:00","mainEntityOfPage":{"@id":"https:\/\/marcelolopes.jor.br\/site\/2022\/03\/31\/campanha-de-vacinacao-da-gripe-comeca-na-segunda-feira\/"},"wordCount":604,"commentCount":0,"publisher":{"@id":"https:\/\/marcelolopes.jor.br\/site\/#organization"},"image":{"@id":"https:\/\/marcelolopes.jor.br\/site\/2022\/03\/31\/campanha-de-vacinacao-da-gripe-comeca-na-segunda-feira\/#primaryimage"},"thumbnailUrl":"https:\/\/marcelolopes.jor.br\/site\/wp-content\/uploads\/2022\/03\/Gripe_3_-_Fabio_Marchetto-SES-MG.jpg","keywords":["campanha da vacina\u00e7\u00e3o","vacina contra Influenza","vacina da gripe","vacina\u00e7\u00e3o contra a gripe"],"articleSection":["Not\u00edcias"],"inLanguage":"pt-BR","potentialAction":[{"@type":"CommentAction","name":"Comment","target":["https:\/\/marcelolopes.jor.br\/site\/2022\/03\/31\/campanha-de-vacinacao-da-gripe-comeca-na-segunda-feira\/#respond"]}]},{"@type":"WebPage","@id":"https:\/\/marcelolopes.jor.br\/site\/2022\/03\/31\/campanha-de-vacinacao-da-gripe-comeca-na-segunda-feira\/","url":"https:\/\/marcelolopes.jor.br\/site\/2022\/03\/31\/campanha-de-vacinacao-da-gripe-comeca-na-segunda-feira\/","name":"Campanha de vacina\u00e7\u00e3o da gripe come\u00e7a na segunda-feira","isPartOf":{"@id":"https:\/\/marcelolopes.jor.br\/site\/#website"},"primaryImageOfPage":{"@id":"https:\/\/marcelolopes.jor.br\/site\/2022\/03\/31\/campanha-de-vacinacao-da-gripe-comeca-na-segunda-feira\/#primaryimage"},"image":{"@id":"https:\/\/marcelolopes.jor.br\/site\/2022\/03\/31\/campanha-de-vacinacao-da-gripe-comeca-na-segunda-feira\/#primaryimage"},"thumbnailUrl":"https:\/\/marcelolopes.jor.br\/site\/wp-content\/uploads\/2022\/03\/Gripe_3_-_Fabio_Marchetto-SES-MG.jpg","datePublished":"2022-03-31T19:00:50+00:00","dateModified":"2022-08-05T17:47:31+00:00","description":"Campanha de vacina\u00e7\u00e3o da gripe come\u00e7a na segunda-feira. Mais de 8 milh\u00f5es de mineiros est\u00e3o entre os grupos priorit\u00e1rios a serem vacinados.","breadcrumb":{"@id":"https:\/\/marcelolopes.jor.br\/site\/2022\/03\/31\/campanha-de-vacinacao-da-gripe-comeca-na-segunda-feira\/#breadcrumb"},"inLanguage":"pt-BR","potentialAction":[{"@type":"ReadAction","target":["https:\/\/marcelolopes.jor.br\/site\/2022\/03\/31\/campanha-de-vacinacao-da-gripe-comeca-na-segunda-feira\/"]}]},{"@type":"ImageObject","inLanguage":"pt-BR","@id":"https:\/\/marcelolopes.jor.br\/site\/2022\/03\/31\/campanha-de-vacinacao-da-gripe-comeca-na-segunda-feira\/#primaryimage","url":"https:\/\/marcelolopes.jor.br\/site\/wp-content\/uploads\/2022\/03\/Gripe_3_-_Fabio_Marchetto-SES-MG.jpg","contentUrl":"https:\/\/marcelolopes.jor.br\/site\/wp-content\/uploads\/2022\/03\/Gripe_3_-_Fabio_Marchetto-SES-MG.jpg","width":1280,"height":854,"caption":"Campanha de vacina\u00e7\u00e3o da"},{"@type":"BreadcrumbList","@id":"https:\/\/marcelolopes.jor.br\/site\/2022\/03\/31\/campanha-de-vacinacao-da-gripe-comeca-na-segunda-feira\/#breadcrumb","itemListElement":[{"@type":"ListItem","position":1,"name":"Home","item":"https:\/\/marcelolopes.jor.br\/site\/"},{"@type":"ListItem","position":2,"name":"Campanha de vacina\u00e7\u00e3o da gripe come\u00e7a na segunda-feira"}]},{"@type":"WebSite","@id":"https:\/\/marcelolopes.jor.br\/site\/#website","url":"https:\/\/marcelolopes.jor.br\/site\/","name":"Marcelo Lopes","description":"Not\u00edcias de Cataguases e Regi\u00e3o","publisher":{"@id":"https:\/\/marcelolopes.jor.br\/site\/#organization"},"potentialAction":[{"@type":"SearchAction","target":{"@type":"EntryPoint","urlTemplate":"https:\/\/marcelolopes.jor.br\/site\/?s={search_term_string}"},"query-input":{"@type":"PropertyValueSpecification","valueRequired":true,"valueName":"search_term_string"}}],"inLanguage":"pt-BR"},{"@type":"Organization","@id":"https:\/\/marcelolopes.jor.br\/site\/#organization","name":"Site do Marcelo Lopes","url":"https:\/\/marcelolopes.jor.br\/site\/","logo":{"@type":"ImageObject","inLanguage":"pt-BR","@id":"https:\/\/marcelolopes.jor.br\/site\/#\/schema\/logo\/image\/","url":"https:\/\/marcelolopes.jor.br\/site\/wp-content\/uploads\/2024\/11\/logo-1.png","contentUrl":"https:\/\/marcelolopes.jor.br\/site\/wp-content\/uploads\/2024\/11\/logo-1.png","width":475,"height":80,"caption":"Site do Marcelo Lopes"},"image":{"@id":"https:\/\/marcelolopes.jor.br\/site\/#\/schema\/logo\/image\/"},"sameAs":["https:\/\/www.facebook.com\/sitedomarcelolopes","https:\/\/www.instagram.com\/sitedomarcelolopes\/","https:\/\/www.linkedin.com\/company\/site-do-marcelo-lopes\/","https:\/\/www.youtube.com\/user\/marcelolopes957"]},{"@type":"Person","@id":"https:\/\/marcelolopes.jor.br\/site\/#\/schema\/person\/3e7216a35c34d8fdf952b31da3d1f89f","name":"Marcelo Lopes","sameAs":["http:\/\/www.marcelolopes.jor.br"],"url":"https:\/\/marcelolopes.jor.br\/site\/author\/marcelo\/"}]}},"wps_subtitle":"Mais de 8 milh\u00f5es de mineiros est\u00e3o entre os grupos priorit\u00e1rios a serem vacinados.","_links":{"self":[{"href":"https:\/\/marcelolopes.jor.br\/site\/wp-json\/wp\/v2\/posts\/32037","targetHints":{"allow":["GET"]}}],"collection":[{"href":"https:\/\/marcelolopes.jor.br\/site\/wp-json\/wp\/v2\/posts"}],"about":[{"href":"https:\/\/marcelolopes.jor.br\/site\/wp-json\/wp\/v2\/types\/post"}],"author":[{"embeddable":true,"href":"https:\/\/marcelolopes.jor.br\/site\/wp-json\/wp\/v2\/users\/2"}],"replies":[{"embeddable":true,"href":"https:\/\/marcelolopes.jor.br\/site\/wp-json\/wp\/v2\/comments?post=32037"}],"version-history":[{"count":0,"href":"https:\/\/marcelolopes.jor.br\/site\/wp-json\/wp\/v2\/posts\/32037\/revisions"}],"wp:featuredmedia":[{"embeddable":true,"href":"https:\/\/marcelolopes.jor.br\/site\/wp-json\/wp\/v2\/media\/32039"}],"wp:attachment":[{"href":"https:\/\/marcelolopes.jor.br\/site\/wp-json\/wp\/v2\/media?parent=32037"}],"wp:term":[{"taxonomy":"category","embeddable":true,"href":"https:\/\/marcelolopes.jor.br\/site\/wp-json\/wp\/v2\/categories?post=32037"},{"taxonomy":"post_tag","embeddable":true,"href":"https:\/\/marcelolopes.jor.br\/site\/wp-json\/wp\/v2\/tags?post=32037"}],"curies":[{"name":"wp","href":"https:\/\/api.w.org\/{rel}","templated":true}]}}