{"id":3187,"date":"2019-07-05T12:02:56","date_gmt":"2019-07-05T15:02:56","guid":{"rendered":"https:\/\/marcelolopes.jor.br\/?p=3187"},"modified":"2019-07-05T12:02:56","modified_gmt":"2019-07-05T15:02:56","slug":"final-da-copa-dos-campeoes-pode-nao-acontecer-em-recreio","status":"publish","type":"post","link":"https:\/\/marcelolopes.jor.br\/site\/2019\/07\/05\/final-da-copa-dos-campeoes-pode-nao-acontecer-em-recreio\/","title":{"rendered":"Final da Copa dos Campe\u00f5es pode n\u00e3o acontecer em Recreio"},"content":{"rendered":"<p style=\"text-align: justify;\">Pela primeira vez na hist\u00f3ria da Copa dos Campe\u00f5es e depois de 51 anos, duas equipes de uma mesma cidade, no caso, Recreio, v\u00e3o se enfrentar em uma final de competi\u00e7\u00e3o. Os arquirrivais Ideal Esporte Clube e Recreio Esporte Clube, v\u00e3o entrar em campo nos dias 14 e 21 de julho, para a t\u00e3o esperada decis\u00e3o. Entretanto, eles ainda n\u00e3o sabem se v\u00e3o jogar em seus respectivos est\u00e1dios. Esta defini\u00e7\u00e3o somente ser\u00e1 conhecida no dia 10 de julho, em reuni\u00e3o que vai acontecer \u00e0s 9 horas no quartel da Pol\u00edcia Militar de Leopoldina, quando o Corpo de Bombeiros vai apresentar um laudo sobre a situa\u00e7\u00e3o dos campos destas equipes.<!--more--><\/p>\n<p style=\"text-align: justify;\">As informa\u00e7\u00f5es s\u00e3o do presidente da Liga Esportiva de Cataguases &#8211; LEC &#8211; Paulo Santana, acrescentando que em caso destes est\u00e1dios n\u00e3o serem aprovados pelos Bombeiros, cada clube poder\u00e1 escolher onde quer jogar a partida em que ter\u00e1 o mando de campo. O presidente da LEC tamb\u00e9m garantiu que as datas n\u00e3o ser\u00e3o alteradas e que a primeira partida ser\u00e1 dia 14 de julho, \u00e0s 15 horas, com previs\u00e3o de ser realizada no campo do Recreio Esporte Clube ou em outro est\u00e1dio que sua diretoria definir. O jogo de volta, vai acontecer no dia 21 de julho, \u00e0s 14h30min, nos gramados do Ideal Esporte Clube, ou no campo que ele definir.<\/p>\n<p style=\"text-align: justify;\">Estas decis\u00f5es foram tomadas em reuni\u00e3o da LEC na noite desta quinta-feira, 04 de julho, com a participa\u00e7\u00e3o dos representantes das duas equipes, acrescentou Paulo. Paralelamente a cidade de Recreio est\u00e1 ansiosa para ver a grande e t\u00e3o esperada partida entre os dois clubes arquirrivais. J\u00e1 que o t\u00edtulo da Copa dos Campe\u00f5es 2019 j\u00e1 \u00e9 da cidade, seus moradores querem ver a disputa que n\u00e3o acontece h\u00e1 51 anos. Por conta disso, at\u00e9 o prefeito Jos\u00e9 Maria Barros entrou em cena e emitiu uma Nota de Esclarecimento informando a posi\u00e7\u00e3o oficial do munic\u00edpio a respeito do assunto.<\/p>\n<p style=\"text-align: justify;\">Para o chefe do Executivo Municipal os jogos devem ser realizados em Recreio &#8220;nos est\u00e1dios Alcides Campos e Euvaldo Lodi&#8221;, justificando a decis\u00e3o com o argumento de que &#8220;estamos prestes a vivenciar um fato hist\u00f3rico no futebol regional, com este jogo que n\u00e3o acontece h\u00e1 51 anos&#8221;, afirma o texto. Chamada a &#8220;final do s\u00e9culo&#8221; por causa da rivalidade envolvida, todos estes ingredientes servem tamb\u00e9m para aumentar a expectativa em torno desta partida repleta, at\u00e9 o momento, de lances inesperados jogados fora das quatro linhas.<\/p>\n<div class=\"bpaui69f76ea63628f\" ><br><\/div><style type=\"text\/css\">\r\n@media screen and (min-width: 1201px) {\r\n.bpaui69f76ea63628f {\r\ndisplay: block;\r\n}\r\n}\r\n@media screen and (min-width: 993px) and (max-width: 1200px) {\r\n.bpaui69f76ea63628f {\r\ndisplay: block;\r\n}\r\n}\r\n@media screen and (min-width: 769px) and (max-width: 992px) {\r\n.bpaui69f76ea63628f {\r\ndisplay: block;\r\n}\r\n}\r\n@media screen and (min-width: 768px) and (max-width: 768px) {\r\n.bpaui69f76ea63628f {\r\ndisplay: block;\r\n}\r\n}\r\n@media screen and (max-width: 767px) {\r\n.bpaui69f76ea63628f {\r\ndisplay: block;\r\n}\r\n}\r\n<\/style>\r\n<div class=\"bfbwd69f76ea63b22b\" ><div id=\"div_destino\"><\/div>\r\n<script src=\"https:\/\/cdn.snsrsv.com\/sdk.js\"><\/script>\r\n<script >\r\n      new sdk(\"464030C30061EA8BE065000000000001\") \r\n          .appendTo(\"div_destino\")\r\n          .disableStyle(true) \r\n          .setCacheBusterMacro(\"%%CACHEBUSTER%%\")\r\n          .setSize(\"800\",\"214\")\r\n          .setClickMacro(\"%%CLICK_URL_ESC%%\") \r\n          .setReferrerUrlMacro(\"%%REFERRER_URL_ESC%%\") \r\n          .start(); \r\n<\/script><\/div><style type=\"text\/css\">\r\n@media screen and (min-width: 1201px) {\r\n.bfbwd69f76ea63b22b {\r\ndisplay: block;\r\n}\r\n}\r\n@media screen and (min-width: 993px) and (max-width: 1200px) {\r\n.bfbwd69f76ea63b22b {\r\ndisplay: block;\r\n}\r\n}\r\n@media screen and (min-width: 769px) and (max-width: 992px) {\r\n.bfbwd69f76ea63b22b {\r\ndisplay: block;\r\n}\r\n}\r\n@media screen and (min-width: 768px) and (max-width: 768px) {\r\n.bfbwd69f76ea63b22b {\r\ndisplay: block;\r\n}\r\n}\r\n@media screen and (max-width: 767px) {\r\n.bfbwd69f76ea63b22b {\r\ndisplay: block;\r\n}\r\n}\r\n<\/style>\r\n","protected":false},"excerpt":{"rendered":"<p>Pela primeira vez na hist\u00f3ria da Copa dos Campe\u00f5es e depois de 51 anos, duas equipes de uma mesma cidade, no caso, Recreio, v\u00e3o se enfrentar em uma final de competi\u00e7\u00e3o. Os arquirrivais Ideal Esporte Clube e Recreio Esporte Clube,<\/p>\n<p class=\"link-more\"><a class=\"more-link\" href=\"https:\/\/marcelolopes.jor.br\/site\/2019\/07\/05\/final-da-copa-dos-campeoes-pode-nao-acontecer-em-recreio\/\">Leia mais <span class=\"screen-reader-text\">Final da Copa dos Campe\u00f5es pode n\u00e3o acontecer em Recreio<\/span><\/a><\/p>\n","protected":false},"author":2,"featured_media":3189,"comment_status":"open","ping_status":"open","sticky":false,"template":"","format":"standard","meta":{"footnotes":""},"categories":[1],"tags":[700,701,702,297],"class_list":["post-3187","post","type-post","status-publish","format-standard","has-post-thumbnail","hentry","category-noticias","tag-copa-dos-campeoes","tag-futebol-amador","tag-partida","tag-recreio","thumb-below-title"],"yoast_head":"<!-- This site is optimized with the Yoast SEO plugin v27.4 - https:\/\/yoast.com\/product\/yoast-seo-wordpress\/ -->\n<title>Final da Copa dos Campe\u00f5es pode n\u00e3o acontecer em Recreio | Marcelo Lopes<\/title>\n<meta name=\"robots\" content=\"index, follow, max-snippet:-1, max-image-preview:large, max-video-preview:-1\" \/>\n<link rel=\"canonical\" href=\"https:\/\/marcelolopes.jor.br\/site\/2019\/07\/05\/final-da-copa-dos-campeoes-pode-nao-acontecer-em-recreio\/\" \/>\n<meta property=\"og:locale\" content=\"pt_BR\" \/>\n<meta property=\"og:type\" content=\"article\" \/>\n<meta property=\"og:title\" content=\"Final da Copa dos Campe\u00f5es pode n\u00e3o acontecer em Recreio | Marcelo Lopes\" \/>\n<meta property=\"og:description\" content=\"Pela primeira vez na hist\u00f3ria da Copa dos Campe\u00f5es e depois de 51 anos, duas equipes de uma mesma cidade, no caso, Recreio, v\u00e3o se enfrentar em uma final de competi\u00e7\u00e3o. Os arquirrivais Ideal Esporte Clube e Recreio Esporte Clube,Leia mais Final da Copa dos Campe\u00f5es pode n\u00e3o acontecer em Recreio\" \/>\n<meta property=\"og:url\" content=\"https:\/\/marcelolopes.jor.br\/site\/2019\/07\/05\/final-da-copa-dos-campeoes-pode-nao-acontecer-em-recreio\/\" \/>\n<meta property=\"og:site_name\" content=\"Marcelo Lopes\" \/>\n<meta property=\"article:publisher\" content=\"https:\/\/www.facebook.com\/sitedomarcelolopes\" \/>\n<meta property=\"article:published_time\" content=\"2019-07-05T15:02:56+00:00\" \/>\n<meta property=\"og:image\" content=\"https:\/\/marcelolopes.jor.br\/site\/wp-content\/uploads\/2019\/07\/Reuni\u00e3o-Liga.jpg\" \/>\n\t<meta property=\"og:image:width\" content=\"654\" \/>\n\t<meta property=\"og:image:height\" content=\"419\" \/>\n\t<meta property=\"og:image:type\" content=\"image\/jpeg\" \/>\n<meta name=\"author\" content=\"Marcelo Lopes\" \/>\n<meta name=\"twitter:card\" content=\"summary_large_image\" \/>\n<meta name=\"twitter:label1\" content=\"Escrito por\" \/>\n\t<meta name=\"twitter:data1\" content=\"Marcelo Lopes\" \/>\n\t<meta name=\"twitter:label2\" content=\"Est. tempo de leitura\" \/>\n\t<meta name=\"twitter:data2\" content=\"2 minutos\" \/>\n<script type=\"application\/ld+json\" class=\"yoast-schema-graph\">{\"@context\":\"https:\\\/\\\/schema.org\",\"@graph\":[{\"@type\":\"NewsArticle\",\"@id\":\"https:\\\/\\\/marcelolopes.jor.br\\\/site\\\/2019\\\/07\\\/05\\\/final-da-copa-dos-campeoes-pode-nao-acontecer-em-recreio\\\/#article\",\"isPartOf\":{\"@id\":\"https:\\\/\\\/marcelolopes.jor.br\\\/site\\\/2019\\\/07\\\/05\\\/final-da-copa-dos-campeoes-pode-nao-acontecer-em-recreio\\\/\"},\"author\":{\"name\":\"Marcelo Lopes\",\"@id\":\"https:\\\/\\\/marcelolopes.jor.br\\\/site\\\/#\\\/schema\\\/person\\\/3e7216a35c34d8fdf952b31da3d1f89f\"},\"headline\":\"Final da Copa dos Campe\u00f5es pode n\u00e3o acontecer em Recreio\",\"datePublished\":\"2019-07-05T15:02:56+00:00\",\"mainEntityOfPage\":{\"@id\":\"https:\\\/\\\/marcelolopes.jor.br\\\/site\\\/2019\\\/07\\\/05\\\/final-da-copa-dos-campeoes-pode-nao-acontecer-em-recreio\\\/\"},\"wordCount\":441,\"commentCount\":0,\"publisher\":{\"@id\":\"https:\\\/\\\/marcelolopes.jor.br\\\/site\\\/#organization\"},\"image\":{\"@id\":\"https:\\\/\\\/marcelolopes.jor.br\\\/site\\\/2019\\\/07\\\/05\\\/final-da-copa-dos-campeoes-pode-nao-acontecer-em-recreio\\\/#primaryimage\"},\"thumbnailUrl\":\"https:\\\/\\\/marcelolopes.jor.br\\\/site\\\/wp-content\\\/uploads\\\/2019\\\/07\\\/Reuni\u00e3o-Liga.jpg\",\"keywords\":[\"Copa dos Campe\u00f5es\",\"futebol amador\",\"partida\",\"Recreio\"],\"articleSection\":[\"Not\u00edcias\"],\"inLanguage\":\"pt-BR\",\"potentialAction\":[{\"@type\":\"CommentAction\",\"name\":\"Comment\",\"target\":[\"https:\\\/\\\/marcelolopes.jor.br\\\/site\\\/2019\\\/07\\\/05\\\/final-da-copa-dos-campeoes-pode-nao-acontecer-em-recreio\\\/#respond\"]}]},{\"@type\":\"WebPage\",\"@id\":\"https:\\\/\\\/marcelolopes.jor.br\\\/site\\\/2019\\\/07\\\/05\\\/final-da-copa-dos-campeoes-pode-nao-acontecer-em-recreio\\\/\",\"url\":\"https:\\\/\\\/marcelolopes.jor.br\\\/site\\\/2019\\\/07\\\/05\\\/final-da-copa-dos-campeoes-pode-nao-acontecer-em-recreio\\\/\",\"name\":\"Final da Copa dos Campe\u00f5es pode n\u00e3o acontecer em Recreio | Marcelo Lopes\",\"isPartOf\":{\"@id\":\"https:\\\/\\\/marcelolopes.jor.br\\\/site\\\/#website\"},\"primaryImageOfPage\":{\"@id\":\"https:\\\/\\\/marcelolopes.jor.br\\\/site\\\/2019\\\/07\\\/05\\\/final-da-copa-dos-campeoes-pode-nao-acontecer-em-recreio\\\/#primaryimage\"},\"image\":{\"@id\":\"https:\\\/\\\/marcelolopes.jor.br\\\/site\\\/2019\\\/07\\\/05\\\/final-da-copa-dos-campeoes-pode-nao-acontecer-em-recreio\\\/#primaryimage\"},\"thumbnailUrl\":\"https:\\\/\\\/marcelolopes.jor.br\\\/site\\\/wp-content\\\/uploads\\\/2019\\\/07\\\/Reuni\u00e3o-Liga.jpg\",\"datePublished\":\"2019-07-05T15:02:56+00:00\",\"breadcrumb\":{\"@id\":\"https:\\\/\\\/marcelolopes.jor.br\\\/site\\\/2019\\\/07\\\/05\\\/final-da-copa-dos-campeoes-pode-nao-acontecer-em-recreio\\\/#breadcrumb\"},\"inLanguage\":\"pt-BR\",\"potentialAction\":[{\"@type\":\"ReadAction\",\"target\":[\"https:\\\/\\\/marcelolopes.jor.br\\\/site\\\/2019\\\/07\\\/05\\\/final-da-copa-dos-campeoes-pode-nao-acontecer-em-recreio\\\/\"]}]},{\"@type\":\"ImageObject\",\"inLanguage\":\"pt-BR\",\"@id\":\"https:\\\/\\\/marcelolopes.jor.br\\\/site\\\/2019\\\/07\\\/05\\\/final-da-copa-dos-campeoes-pode-nao-acontecer-em-recreio\\\/#primaryimage\",\"url\":\"https:\\\/\\\/marcelolopes.jor.br\\\/site\\\/wp-content\\\/uploads\\\/2019\\\/07\\\/Reuni\u00e3o-Liga.jpg\",\"contentUrl\":\"https:\\\/\\\/marcelolopes.jor.br\\\/site\\\/wp-content\\\/uploads\\\/2019\\\/07\\\/Reuni\u00e3o-Liga.jpg\",\"width\":654,\"height\":419},{\"@type\":\"BreadcrumbList\",\"@id\":\"https:\\\/\\\/marcelolopes.jor.br\\\/site\\\/2019\\\/07\\\/05\\\/final-da-copa-dos-campeoes-pode-nao-acontecer-em-recreio\\\/#breadcrumb\",\"itemListElement\":[{\"@type\":\"ListItem\",\"position\":1,\"name\":\"Home\",\"item\":\"https:\\\/\\\/marcelolopes.jor.br\\\/site\\\/\"},{\"@type\":\"ListItem\",\"position\":2,\"name\":\"Final da Copa dos Campe\u00f5es pode n\u00e3o acontecer em Recreio\"}]},{\"@type\":\"WebSite\",\"@id\":\"https:\\\/\\\/marcelolopes.jor.br\\\/site\\\/#website\",\"url\":\"https:\\\/\\\/marcelolopes.jor.br\\\/site\\\/\",\"name\":\"Marcelo Lopes\",\"description\":\"Not\u00edcias de Cataguases e Regi\u00e3o\",\"publisher\":{\"@id\":\"https:\\\/\\\/marcelolopes.jor.br\\\/site\\\/#organization\"},\"potentialAction\":[{\"@type\":\"SearchAction\",\"target\":{\"@type\":\"EntryPoint\",\"urlTemplate\":\"https:\\\/\\\/marcelolopes.jor.br\\\/site\\\/?s={search_term_string}\"},\"query-input\":{\"@type\":\"PropertyValueSpecification\",\"valueRequired\":true,\"valueName\":\"search_term_string\"}}],\"inLanguage\":\"pt-BR\"},{\"@type\":\"Organization\",\"@id\":\"https:\\\/\\\/marcelolopes.jor.br\\\/site\\\/#organization\",\"name\":\"Site do Marcelo Lopes\",\"url\":\"https:\\\/\\\/marcelolopes.jor.br\\\/site\\\/\",\"logo\":{\"@type\":\"ImageObject\",\"inLanguage\":\"pt-BR\",\"@id\":\"https:\\\/\\\/marcelolopes.jor.br\\\/site\\\/#\\\/schema\\\/logo\\\/image\\\/\",\"url\":\"https:\\\/\\\/marcelolopes.jor.br\\\/site\\\/wp-content\\\/uploads\\\/2024\\\/11\\\/logo-1.png\",\"contentUrl\":\"https:\\\/\\\/marcelolopes.jor.br\\\/site\\\/wp-content\\\/uploads\\\/2024\\\/11\\\/logo-1.png\",\"width\":475,\"height\":80,\"caption\":\"Site do Marcelo Lopes\"},\"image\":{\"@id\":\"https:\\\/\\\/marcelolopes.jor.br\\\/site\\\/#\\\/schema\\\/logo\\\/image\\\/\"},\"sameAs\":[\"https:\\\/\\\/www.facebook.com\\\/sitedomarcelolopes\",\"https:\\\/\\\/www.instagram.com\\\/sitedomarcelolopes\\\/\",\"https:\\\/\\\/www.linkedin.com\\\/company\\\/site-do-marcelo-lopes\\\/\",\"https:\\\/\\\/www.youtube.com\\\/user\\\/marcelolopes957\"]},{\"@type\":\"Person\",\"@id\":\"https:\\\/\\\/marcelolopes.jor.br\\\/site\\\/#\\\/schema\\\/person\\\/3e7216a35c34d8fdf952b31da3d1f89f\",\"name\":\"Marcelo Lopes\",\"sameAs\":[\"http:\\\/\\\/www.marcelolopes.jor.br\"],\"url\":\"https:\\\/\\\/marcelolopes.jor.br\\\/site\\\/author\\\/marcelo\\\/\"}]}<\/script>\n<!-- \/ Yoast SEO plugin. -->","yoast_head_json":{"title":"Final da Copa dos Campe\u00f5es pode n\u00e3o acontecer em Recreio | Marcelo Lopes","robots":{"index":"index","follow":"follow","max-snippet":"max-snippet:-1","max-image-preview":"max-image-preview:large","max-video-preview":"max-video-preview:-1"},"canonical":"https:\/\/marcelolopes.jor.br\/site\/2019\/07\/05\/final-da-copa-dos-campeoes-pode-nao-acontecer-em-recreio\/","og_locale":"pt_BR","og_type":"article","og_title":"Final da Copa dos Campe\u00f5es pode n\u00e3o acontecer em Recreio | Marcelo Lopes","og_description":"Pela primeira vez na hist\u00f3ria da Copa dos Campe\u00f5es e depois de 51 anos, duas equipes de uma mesma cidade, no caso, Recreio, v\u00e3o se enfrentar em uma final de competi\u00e7\u00e3o. Os arquirrivais Ideal Esporte Clube e Recreio Esporte Clube,Leia mais Final da Copa dos Campe\u00f5es pode n\u00e3o acontecer em Recreio","og_url":"https:\/\/marcelolopes.jor.br\/site\/2019\/07\/05\/final-da-copa-dos-campeoes-pode-nao-acontecer-em-recreio\/","og_site_name":"Marcelo Lopes","article_publisher":"https:\/\/www.facebook.com\/sitedomarcelolopes","article_published_time":"2019-07-05T15:02:56+00:00","og_image":[{"width":654,"height":419,"url":"https:\/\/marcelolopes.jor.br\/site\/wp-content\/uploads\/2019\/07\/Reuni\u00e3o-Liga.jpg","type":"image\/jpeg"}],"author":"Marcelo Lopes","twitter_card":"summary_large_image","twitter_misc":{"Escrito por":"Marcelo Lopes","Est. tempo de leitura":"2 minutos"},"schema":{"@context":"https:\/\/schema.org","@graph":[{"@type":"NewsArticle","@id":"https:\/\/marcelolopes.jor.br\/site\/2019\/07\/05\/final-da-copa-dos-campeoes-pode-nao-acontecer-em-recreio\/#article","isPartOf":{"@id":"https:\/\/marcelolopes.jor.br\/site\/2019\/07\/05\/final-da-copa-dos-campeoes-pode-nao-acontecer-em-recreio\/"},"author":{"name":"Marcelo Lopes","@id":"https:\/\/marcelolopes.jor.br\/site\/#\/schema\/person\/3e7216a35c34d8fdf952b31da3d1f89f"},"headline":"Final da Copa dos Campe\u00f5es pode n\u00e3o acontecer em Recreio","datePublished":"2019-07-05T15:02:56+00:00","mainEntityOfPage":{"@id":"https:\/\/marcelolopes.jor.br\/site\/2019\/07\/05\/final-da-copa-dos-campeoes-pode-nao-acontecer-em-recreio\/"},"wordCount":441,"commentCount":0,"publisher":{"@id":"https:\/\/marcelolopes.jor.br\/site\/#organization"},"image":{"@id":"https:\/\/marcelolopes.jor.br\/site\/2019\/07\/05\/final-da-copa-dos-campeoes-pode-nao-acontecer-em-recreio\/#primaryimage"},"thumbnailUrl":"https:\/\/marcelolopes.jor.br\/site\/wp-content\/uploads\/2019\/07\/Reuni\u00e3o-Liga.jpg","keywords":["Copa dos Campe\u00f5es","futebol amador","partida","Recreio"],"articleSection":["Not\u00edcias"],"inLanguage":"pt-BR","potentialAction":[{"@type":"CommentAction","name":"Comment","target":["https:\/\/marcelolopes.jor.br\/site\/2019\/07\/05\/final-da-copa-dos-campeoes-pode-nao-acontecer-em-recreio\/#respond"]}]},{"@type":"WebPage","@id":"https:\/\/marcelolopes.jor.br\/site\/2019\/07\/05\/final-da-copa-dos-campeoes-pode-nao-acontecer-em-recreio\/","url":"https:\/\/marcelolopes.jor.br\/site\/2019\/07\/05\/final-da-copa-dos-campeoes-pode-nao-acontecer-em-recreio\/","name":"Final da Copa dos Campe\u00f5es pode n\u00e3o acontecer em Recreio | Marcelo Lopes","isPartOf":{"@id":"https:\/\/marcelolopes.jor.br\/site\/#website"},"primaryImageOfPage":{"@id":"https:\/\/marcelolopes.jor.br\/site\/2019\/07\/05\/final-da-copa-dos-campeoes-pode-nao-acontecer-em-recreio\/#primaryimage"},"image":{"@id":"https:\/\/marcelolopes.jor.br\/site\/2019\/07\/05\/final-da-copa-dos-campeoes-pode-nao-acontecer-em-recreio\/#primaryimage"},"thumbnailUrl":"https:\/\/marcelolopes.jor.br\/site\/wp-content\/uploads\/2019\/07\/Reuni\u00e3o-Liga.jpg","datePublished":"2019-07-05T15:02:56+00:00","breadcrumb":{"@id":"https:\/\/marcelolopes.jor.br\/site\/2019\/07\/05\/final-da-copa-dos-campeoes-pode-nao-acontecer-em-recreio\/#breadcrumb"},"inLanguage":"pt-BR","potentialAction":[{"@type":"ReadAction","target":["https:\/\/marcelolopes.jor.br\/site\/2019\/07\/05\/final-da-copa-dos-campeoes-pode-nao-acontecer-em-recreio\/"]}]},{"@type":"ImageObject","inLanguage":"pt-BR","@id":"https:\/\/marcelolopes.jor.br\/site\/2019\/07\/05\/final-da-copa-dos-campeoes-pode-nao-acontecer-em-recreio\/#primaryimage","url":"https:\/\/marcelolopes.jor.br\/site\/wp-content\/uploads\/2019\/07\/Reuni\u00e3o-Liga.jpg","contentUrl":"https:\/\/marcelolopes.jor.br\/site\/wp-content\/uploads\/2019\/07\/Reuni\u00e3o-Liga.jpg","width":654,"height":419},{"@type":"BreadcrumbList","@id":"https:\/\/marcelolopes.jor.br\/site\/2019\/07\/05\/final-da-copa-dos-campeoes-pode-nao-acontecer-em-recreio\/#breadcrumb","itemListElement":[{"@type":"ListItem","position":1,"name":"Home","item":"https:\/\/marcelolopes.jor.br\/site\/"},{"@type":"ListItem","position":2,"name":"Final da Copa dos Campe\u00f5es pode n\u00e3o acontecer em Recreio"}]},{"@type":"WebSite","@id":"https:\/\/marcelolopes.jor.br\/site\/#website","url":"https:\/\/marcelolopes.jor.br\/site\/","name":"Marcelo Lopes","description":"Not\u00edcias de Cataguases e Regi\u00e3o","publisher":{"@id":"https:\/\/marcelolopes.jor.br\/site\/#organization"},"potentialAction":[{"@type":"SearchAction","target":{"@type":"EntryPoint","urlTemplate":"https:\/\/marcelolopes.jor.br\/site\/?s={search_term_string}"},"query-input":{"@type":"PropertyValueSpecification","valueRequired":true,"valueName":"search_term_string"}}],"inLanguage":"pt-BR"},{"@type":"Organization","@id":"https:\/\/marcelolopes.jor.br\/site\/#organization","name":"Site do Marcelo Lopes","url":"https:\/\/marcelolopes.jor.br\/site\/","logo":{"@type":"ImageObject","inLanguage":"pt-BR","@id":"https:\/\/marcelolopes.jor.br\/site\/#\/schema\/logo\/image\/","url":"https:\/\/marcelolopes.jor.br\/site\/wp-content\/uploads\/2024\/11\/logo-1.png","contentUrl":"https:\/\/marcelolopes.jor.br\/site\/wp-content\/uploads\/2024\/11\/logo-1.png","width":475,"height":80,"caption":"Site do Marcelo Lopes"},"image":{"@id":"https:\/\/marcelolopes.jor.br\/site\/#\/schema\/logo\/image\/"},"sameAs":["https:\/\/www.facebook.com\/sitedomarcelolopes","https:\/\/www.instagram.com\/sitedomarcelolopes\/","https:\/\/www.linkedin.com\/company\/site-do-marcelo-lopes\/","https:\/\/www.youtube.com\/user\/marcelolopes957"]},{"@type":"Person","@id":"https:\/\/marcelolopes.jor.br\/site\/#\/schema\/person\/3e7216a35c34d8fdf952b31da3d1f89f","name":"Marcelo Lopes","sameAs":["http:\/\/www.marcelolopes.jor.br"],"url":"https:\/\/marcelolopes.jor.br\/site\/author\/marcelo\/"}]}},"wps_subtitle":"Cidade levou suas duas equipes \u00e0 grande final, mas a palavra final ser\u00e1 do Corpo de Bombeiros","_links":{"self":[{"href":"https:\/\/marcelolopes.jor.br\/site\/wp-json\/wp\/v2\/posts\/3187","targetHints":{"allow":["GET"]}}],"collection":[{"href":"https:\/\/marcelolopes.jor.br\/site\/wp-json\/wp\/v2\/posts"}],"about":[{"href":"https:\/\/marcelolopes.jor.br\/site\/wp-json\/wp\/v2\/types\/post"}],"author":[{"embeddable":true,"href":"https:\/\/marcelolopes.jor.br\/site\/wp-json\/wp\/v2\/users\/2"}],"replies":[{"embeddable":true,"href":"https:\/\/marcelolopes.jor.br\/site\/wp-json\/wp\/v2\/comments?post=3187"}],"version-history":[{"count":0,"href":"https:\/\/marcelolopes.jor.br\/site\/wp-json\/wp\/v2\/posts\/3187\/revisions"}],"wp:featuredmedia":[{"embeddable":true,"href":"https:\/\/marcelolopes.jor.br\/site\/wp-json\/wp\/v2\/media\/3189"}],"wp:attachment":[{"href":"https:\/\/marcelolopes.jor.br\/site\/wp-json\/wp\/v2\/media?parent=3187"}],"wp:term":[{"taxonomy":"category","embeddable":true,"href":"https:\/\/marcelolopes.jor.br\/site\/wp-json\/wp\/v2\/categories?post=3187"},{"taxonomy":"post_tag","embeddable":true,"href":"https:\/\/marcelolopes.jor.br\/site\/wp-json\/wp\/v2\/tags?post=3187"}],"curies":[{"name":"wp","href":"https:\/\/api.w.org\/{rel}","templated":true}]}}