{"id":31802,"date":"2022-03-25T07:00:56","date_gmt":"2022-03-25T10:00:56","guid":{"rendered":"https:\/\/marcelolopes.jor.br\/?p=31802"},"modified":"2022-03-24T18:17:56","modified_gmt":"2022-03-24T21:17:56","slug":"sicoob-coopemata-recebe-visita-da-central-unica-das-favelas-cufa","status":"publish","type":"post","link":"https:\/\/marcelolopes.jor.br\/site\/2022\/03\/25\/sicoob-coopemata-recebe-visita-da-central-unica-das-favelas-cufa\/","title":{"rendered":"Sicoob Coopemata recebe visita da Central \u00danica das Favelas &#8211; CUFA"},"content":{"rendered":"<p style=\"text-align: justify;\">O Sicoob Coopemata recebe, entre os dias 28 e 29 de mar\u00e7o, em Cataguases, representantes da Central \u00danica das Favelas (CUFA) de Belo Horizonte. O intuito da iniciativa \u00e9 promover um interc\u00e2mbio de conhecimentos, visando estabelecer parcerias futuras em prol das duas institui\u00e7\u00f5es. Na ocasi\u00e3o, ser\u00e3o apresentadas a\u00e7\u00f5es realizadas pelo Centro Cultural Sicoob Coopemata, ser\u00e3o ainda compartilhadas ideias de atua\u00e7\u00e3o entre os participantes, que ter\u00e3o a oportunidade de trocar experi\u00eancias.<!--more--><br \/>\nO Centro Cultural Sicoob Coopemata (CCSC) \u00e9 um espa\u00e7o criado para reunir arte, cultura e educa\u00e7\u00e3o em um mesmo local. Ele atende atualmente mais de 300 pessoas, dando oportunidade para crian\u00e7as, jovens e adultos terem acesso a diversas aulas, como teatro, canto, teclado, flauta, viol\u00e3o, dan\u00e7a, conta\u00e7\u00e3o de hist\u00f3rias, desenho.<\/p>\n<p style=\"text-align: justify;\">J\u00e1 a CUFA \u00e9 uma organiza\u00e7\u00e3o brasileira reconhecida internacionalmente nos \u00e2mbitos pol\u00edtico, social, esportivo e cultural, que existe h\u00e1 20 anos. Foi criada a partir da uni\u00e3o entre jovens de v\u00e1rias favelas, principalmente negros, que buscavam espa\u00e7os para expressarem. A Central promove atividades nas \u00e1reas da educa\u00e7\u00e3o, lazer, esportes, cultura e cidadania, al\u00e9m de outros projetos sociais. Tamb\u00e9m promove, produz, distribui e veicula a cultura hip hop atrav\u00e9s de publica\u00e7\u00f5es, discos, v\u00eddeos, programas de r\u00e1dio, shows, concursos, festivais de m\u00fasica, cinema, oficinas de arte, exposi\u00e7\u00f5es, debates, semin\u00e1rios e outros meios.<\/p>\n<p style=\"text-align: justify;\">Assim, atrav\u00e9s de uma linguagem pr\u00f3pria, a CUFA pretende ampliar suas formas e possibilidades de express\u00e3o e alcance. Deste modo, ela vai difundindo a conscientiza\u00e7\u00e3o das camadas desprivilegiadas da popula\u00e7\u00e3o com oficinas de capacita\u00e7\u00e3o profissional, entre outras atividades, que elevam a autoestima da periferia quando levam conhecimento a ela, oferecendo-lhe novas perspectivas. Agindo como um polo de produ\u00e7\u00e3o cultural e pr\u00e1tica desportiva desde 1999, atrav\u00e9s de parcerias, apoios e patroc\u00ednios, a CUFA forma e informa os cidad\u00e3os do Rio de Janeiro e dos outros 26 Estados brasileiros, al\u00e9m do Distrito Federal e de pa\u00edses como Bol\u00edvia, Alemanha, Chile, Hungria, It\u00e1lia e Estados Unidos.<\/p>\n<p style=\"text-align: justify;\">A equipe CUFA \u00e9 composta, em grande parte, por jovens formados nas oficinas de capacita\u00e7\u00e3o e profissionaliza\u00e7\u00e3o das bases da institui\u00e7\u00e3o e oriundos das camadas menos favorecidas da sociedade; em sua maioria, moradores de comunidades carentes.<\/p>\n<p><img loading=\"lazy\" decoding=\"async\" class=\"aligncenter wp-image-31804 size-full\" src=\"https:\/\/marcelolopes.jor.br\/site\/wp-content\/uploads\/2022\/03\/500px-CUFA_Logo.jpeg\" alt=\"\" width=\"500\" height=\"184\" srcset=\"https:\/\/marcelolopes.jor.br\/site\/wp-content\/uploads\/2022\/03\/500px-CUFA_Logo.jpeg 500w, https:\/\/marcelolopes.jor.br\/site\/wp-content\/uploads\/2022\/03\/500px-CUFA_Logo-300x110.jpeg 300w\" sizes=\"auto, (max-width: 500px) 100vw, 500px\" \/><\/p>\n<p style=\"text-align: justify;\">Fonte: Sicoob Coopemata com informa\u00e7\u00f5es de Wikifavelas<\/p>\n<div class=\"coabz69f73df6ca811\" ><br><\/div><style type=\"text\/css\">\r\n@media screen and (min-width: 1201px) {\r\n.coabz69f73df6ca811 {\r\ndisplay: block;\r\n}\r\n}\r\n@media screen and (min-width: 993px) and (max-width: 1200px) {\r\n.coabz69f73df6ca811 {\r\ndisplay: block;\r\n}\r\n}\r\n@media screen and (min-width: 769px) and (max-width: 992px) {\r\n.coabz69f73df6ca811 {\r\ndisplay: block;\r\n}\r\n}\r\n@media screen and (min-width: 768px) and (max-width: 768px) {\r\n.coabz69f73df6ca811 {\r\ndisplay: block;\r\n}\r\n}\r\n@media screen and (max-width: 767px) {\r\n.coabz69f73df6ca811 {\r\ndisplay: block;\r\n}\r\n}\r\n<\/style>\r\n<div class=\"thfue69f73df6d0a0a\" ><div id=\"div_destino\"><\/div>\r\n<script src=\"https:\/\/cdn.snsrsv.com\/sdk.js\"><\/script>\r\n<script >\r\n      new sdk(\"464030C30061EA8BE065000000000001\") \r\n          .appendTo(\"div_destino\")\r\n          .disableStyle(true) \r\n          .setCacheBusterMacro(\"%%CACHEBUSTER%%\")\r\n          .setSize(\"800\",\"214\")\r\n          .setClickMacro(\"%%CLICK_URL_ESC%%\") \r\n          .setReferrerUrlMacro(\"%%REFERRER_URL_ESC%%\") \r\n          .start(); \r\n<\/script><\/div><style type=\"text\/css\">\r\n@media screen and (min-width: 1201px) {\r\n.thfue69f73df6d0a0a {\r\ndisplay: block;\r\n}\r\n}\r\n@media screen and (min-width: 993px) and (max-width: 1200px) {\r\n.thfue69f73df6d0a0a {\r\ndisplay: block;\r\n}\r\n}\r\n@media screen and (min-width: 769px) and (max-width: 992px) {\r\n.thfue69f73df6d0a0a {\r\ndisplay: block;\r\n}\r\n}\r\n@media screen and (min-width: 768px) and (max-width: 768px) {\r\n.thfue69f73df6d0a0a {\r\ndisplay: block;\r\n}\r\n}\r\n@media screen and (max-width: 767px) {\r\n.thfue69f73df6d0a0a {\r\ndisplay: block;\r\n}\r\n}\r\n<\/style>\r\n","protected":false},"excerpt":{"rendered":"<p>O Sicoob Coopemata recebe, entre os dias 28 e 29 de mar\u00e7o, em Cataguases, representantes da Central \u00danica das Favelas (CUFA) de Belo Horizonte. O intuito da iniciativa \u00e9 promover um interc\u00e2mbio de conhecimentos, visando estabelecer parcerias futuras em prol<\/p>\n<p class=\"link-more\"><a class=\"more-link\" href=\"https:\/\/marcelolopes.jor.br\/site\/2022\/03\/25\/sicoob-coopemata-recebe-visita-da-central-unica-das-favelas-cufa\/\">Leia mais <span class=\"screen-reader-text\">Sicoob Coopemata recebe visita da Central \u00danica das Favelas &#8211; CUFA<\/span><\/a><\/p>\n","protected":false},"author":2,"featured_media":31806,"comment_status":"open","ping_status":"open","sticky":false,"template":"","format":"standard","meta":{"footnotes":""},"categories":[1],"tags":[5687,5685,5686,370],"class_list":["post-31802","post","type-post","status-publish","format-standard","has-post-thumbnail","hentry","category-noticias","tag-ccsc","tag-cufa","tag-favela","tag-sicoob-coopemata","thumb-below-title"],"yoast_head":"<!-- This site is optimized with the Yoast SEO plugin v27.4 - https:\/\/yoast.com\/product\/yoast-seo-wordpress\/ -->\n<title>Sicoob Coopemata recebe visita da Central \u00danica das Favelas - CUFA | Marcelo Lopes<\/title>\n<meta name=\"robots\" content=\"index, follow, max-snippet:-1, max-image-preview:large, max-video-preview:-1\" \/>\n<link rel=\"canonical\" href=\"https:\/\/marcelolopes.jor.br\/site\/2022\/03\/25\/sicoob-coopemata-recebe-visita-da-central-unica-das-favelas-cufa\/\" \/>\n<meta property=\"og:locale\" content=\"pt_BR\" \/>\n<meta property=\"og:type\" content=\"article\" \/>\n<meta property=\"og:title\" content=\"Sicoob Coopemata recebe visita da Central \u00danica das Favelas - CUFA | Marcelo Lopes\" \/>\n<meta property=\"og:description\" content=\"O Sicoob Coopemata recebe, entre os dias 28 e 29 de mar\u00e7o, em Cataguases, representantes da Central \u00danica das Favelas (CUFA) de Belo Horizonte. O intuito da iniciativa \u00e9 promover um interc\u00e2mbio de conhecimentos, visando estabelecer parcerias futuras em prolLeia mais Sicoob Coopemata recebe visita da Central \u00danica das Favelas &#8211; CUFA\" \/>\n<meta property=\"og:url\" content=\"https:\/\/marcelolopes.jor.br\/site\/2022\/03\/25\/sicoob-coopemata-recebe-visita-da-central-unica-das-favelas-cufa\/\" \/>\n<meta property=\"og:site_name\" content=\"Marcelo Lopes\" \/>\n<meta property=\"article:publisher\" content=\"https:\/\/www.facebook.com\/sitedomarcelolopes\" \/>\n<meta property=\"article:published_time\" content=\"2022-03-25T10:00:56+00:00\" \/>\n<meta property=\"og:image\" content=\"https:\/\/marcelolopes.jor.br\/site\/wp-content\/uploads\/2022\/03\/CCSC00003-scaled.jpg\" \/>\n\t<meta property=\"og:image:width\" content=\"2560\" \/>\n\t<meta property=\"og:image:height\" content=\"1440\" \/>\n\t<meta property=\"og:image:type\" content=\"image\/jpeg\" \/>\n<meta name=\"author\" content=\"Marcelo Lopes\" \/>\n<meta name=\"twitter:card\" content=\"summary_large_image\" \/>\n<meta name=\"twitter:label1\" content=\"Escrito por\" \/>\n\t<meta name=\"twitter:data1\" content=\"Marcelo Lopes\" \/>\n\t<meta name=\"twitter:label2\" content=\"Est. tempo de leitura\" \/>\n\t<meta name=\"twitter:data2\" content=\"2 minutos\" \/>\n<script type=\"application\/ld+json\" class=\"yoast-schema-graph\">{\"@context\":\"https:\\\/\\\/schema.org\",\"@graph\":[{\"@type\":\"NewsArticle\",\"@id\":\"https:\\\/\\\/marcelolopes.jor.br\\\/site\\\/2022\\\/03\\\/25\\\/sicoob-coopemata-recebe-visita-da-central-unica-das-favelas-cufa\\\/#article\",\"isPartOf\":{\"@id\":\"https:\\\/\\\/marcelolopes.jor.br\\\/site\\\/2022\\\/03\\\/25\\\/sicoob-coopemata-recebe-visita-da-central-unica-das-favelas-cufa\\\/\"},\"author\":{\"name\":\"Marcelo Lopes\",\"@id\":\"https:\\\/\\\/marcelolopes.jor.br\\\/site\\\/#\\\/schema\\\/person\\\/3e7216a35c34d8fdf952b31da3d1f89f\"},\"headline\":\"Sicoob Coopemata recebe visita da Central \u00danica das Favelas &#8211; CUFA\",\"datePublished\":\"2022-03-25T10:00:56+00:00\",\"mainEntityOfPage\":{\"@id\":\"https:\\\/\\\/marcelolopes.jor.br\\\/site\\\/2022\\\/03\\\/25\\\/sicoob-coopemata-recebe-visita-da-central-unica-das-favelas-cufa\\\/\"},\"wordCount\":408,\"commentCount\":0,\"publisher\":{\"@id\":\"https:\\\/\\\/marcelolopes.jor.br\\\/site\\\/#organization\"},\"image\":{\"@id\":\"https:\\\/\\\/marcelolopes.jor.br\\\/site\\\/2022\\\/03\\\/25\\\/sicoob-coopemata-recebe-visita-da-central-unica-das-favelas-cufa\\\/#primaryimage\"},\"thumbnailUrl\":\"https:\\\/\\\/marcelolopes.jor.br\\\/site\\\/wp-content\\\/uploads\\\/2022\\\/03\\\/CCSC00003-scaled.jpg\",\"keywords\":[\"CCSC\",\"CUFA\",\"favela\",\"Sicoob Coopemata\"],\"articleSection\":[\"Not\u00edcias\"],\"inLanguage\":\"pt-BR\",\"potentialAction\":[{\"@type\":\"CommentAction\",\"name\":\"Comment\",\"target\":[\"https:\\\/\\\/marcelolopes.jor.br\\\/site\\\/2022\\\/03\\\/25\\\/sicoob-coopemata-recebe-visita-da-central-unica-das-favelas-cufa\\\/#respond\"]}]},{\"@type\":\"WebPage\",\"@id\":\"https:\\\/\\\/marcelolopes.jor.br\\\/site\\\/2022\\\/03\\\/25\\\/sicoob-coopemata-recebe-visita-da-central-unica-das-favelas-cufa\\\/\",\"url\":\"https:\\\/\\\/marcelolopes.jor.br\\\/site\\\/2022\\\/03\\\/25\\\/sicoob-coopemata-recebe-visita-da-central-unica-das-favelas-cufa\\\/\",\"name\":\"Sicoob Coopemata recebe visita da Central \u00danica das Favelas - CUFA | Marcelo Lopes\",\"isPartOf\":{\"@id\":\"https:\\\/\\\/marcelolopes.jor.br\\\/site\\\/#website\"},\"primaryImageOfPage\":{\"@id\":\"https:\\\/\\\/marcelolopes.jor.br\\\/site\\\/2022\\\/03\\\/25\\\/sicoob-coopemata-recebe-visita-da-central-unica-das-favelas-cufa\\\/#primaryimage\"},\"image\":{\"@id\":\"https:\\\/\\\/marcelolopes.jor.br\\\/site\\\/2022\\\/03\\\/25\\\/sicoob-coopemata-recebe-visita-da-central-unica-das-favelas-cufa\\\/#primaryimage\"},\"thumbnailUrl\":\"https:\\\/\\\/marcelolopes.jor.br\\\/site\\\/wp-content\\\/uploads\\\/2022\\\/03\\\/CCSC00003-scaled.jpg\",\"datePublished\":\"2022-03-25T10:00:56+00:00\",\"breadcrumb\":{\"@id\":\"https:\\\/\\\/marcelolopes.jor.br\\\/site\\\/2022\\\/03\\\/25\\\/sicoob-coopemata-recebe-visita-da-central-unica-das-favelas-cufa\\\/#breadcrumb\"},\"inLanguage\":\"pt-BR\",\"potentialAction\":[{\"@type\":\"ReadAction\",\"target\":[\"https:\\\/\\\/marcelolopes.jor.br\\\/site\\\/2022\\\/03\\\/25\\\/sicoob-coopemata-recebe-visita-da-central-unica-das-favelas-cufa\\\/\"]}]},{\"@type\":\"ImageObject\",\"inLanguage\":\"pt-BR\",\"@id\":\"https:\\\/\\\/marcelolopes.jor.br\\\/site\\\/2022\\\/03\\\/25\\\/sicoob-coopemata-recebe-visita-da-central-unica-das-favelas-cufa\\\/#primaryimage\",\"url\":\"https:\\\/\\\/marcelolopes.jor.br\\\/site\\\/wp-content\\\/uploads\\\/2022\\\/03\\\/CCSC00003-scaled.jpg\",\"contentUrl\":\"https:\\\/\\\/marcelolopes.jor.br\\\/site\\\/wp-content\\\/uploads\\\/2022\\\/03\\\/CCSC00003-scaled.jpg\",\"width\":2560,\"height\":1440},{\"@type\":\"BreadcrumbList\",\"@id\":\"https:\\\/\\\/marcelolopes.jor.br\\\/site\\\/2022\\\/03\\\/25\\\/sicoob-coopemata-recebe-visita-da-central-unica-das-favelas-cufa\\\/#breadcrumb\",\"itemListElement\":[{\"@type\":\"ListItem\",\"position\":1,\"name\":\"Home\",\"item\":\"https:\\\/\\\/marcelolopes.jor.br\\\/site\\\/\"},{\"@type\":\"ListItem\",\"position\":2,\"name\":\"Sicoob Coopemata recebe visita da Central \u00danica das Favelas &#8211; CUFA\"}]},{\"@type\":\"WebSite\",\"@id\":\"https:\\\/\\\/marcelolopes.jor.br\\\/site\\\/#website\",\"url\":\"https:\\\/\\\/marcelolopes.jor.br\\\/site\\\/\",\"name\":\"Marcelo Lopes\",\"description\":\"Not\u00edcias de Cataguases e Regi\u00e3o\",\"publisher\":{\"@id\":\"https:\\\/\\\/marcelolopes.jor.br\\\/site\\\/#organization\"},\"potentialAction\":[{\"@type\":\"SearchAction\",\"target\":{\"@type\":\"EntryPoint\",\"urlTemplate\":\"https:\\\/\\\/marcelolopes.jor.br\\\/site\\\/?s={search_term_string}\"},\"query-input\":{\"@type\":\"PropertyValueSpecification\",\"valueRequired\":true,\"valueName\":\"search_term_string\"}}],\"inLanguage\":\"pt-BR\"},{\"@type\":\"Organization\",\"@id\":\"https:\\\/\\\/marcelolopes.jor.br\\\/site\\\/#organization\",\"name\":\"Site do Marcelo Lopes\",\"url\":\"https:\\\/\\\/marcelolopes.jor.br\\\/site\\\/\",\"logo\":{\"@type\":\"ImageObject\",\"inLanguage\":\"pt-BR\",\"@id\":\"https:\\\/\\\/marcelolopes.jor.br\\\/site\\\/#\\\/schema\\\/logo\\\/image\\\/\",\"url\":\"https:\\\/\\\/marcelolopes.jor.br\\\/site\\\/wp-content\\\/uploads\\\/2024\\\/11\\\/logo-1.png\",\"contentUrl\":\"https:\\\/\\\/marcelolopes.jor.br\\\/site\\\/wp-content\\\/uploads\\\/2024\\\/11\\\/logo-1.png\",\"width\":475,\"height\":80,\"caption\":\"Site do Marcelo Lopes\"},\"image\":{\"@id\":\"https:\\\/\\\/marcelolopes.jor.br\\\/site\\\/#\\\/schema\\\/logo\\\/image\\\/\"},\"sameAs\":[\"https:\\\/\\\/www.facebook.com\\\/sitedomarcelolopes\",\"https:\\\/\\\/www.instagram.com\\\/sitedomarcelolopes\\\/\",\"https:\\\/\\\/www.linkedin.com\\\/company\\\/site-do-marcelo-lopes\\\/\",\"https:\\\/\\\/www.youtube.com\\\/user\\\/marcelolopes957\"]},{\"@type\":\"Person\",\"@id\":\"https:\\\/\\\/marcelolopes.jor.br\\\/site\\\/#\\\/schema\\\/person\\\/3e7216a35c34d8fdf952b31da3d1f89f\",\"name\":\"Marcelo Lopes\",\"sameAs\":[\"http:\\\/\\\/www.marcelolopes.jor.br\"],\"url\":\"https:\\\/\\\/marcelolopes.jor.br\\\/site\\\/author\\\/marcelo\\\/\"}]}<\/script>\n<!-- \/ Yoast SEO plugin. -->","yoast_head_json":{"title":"Sicoob Coopemata recebe visita da Central \u00danica das Favelas - CUFA | Marcelo Lopes","robots":{"index":"index","follow":"follow","max-snippet":"max-snippet:-1","max-image-preview":"max-image-preview:large","max-video-preview":"max-video-preview:-1"},"canonical":"https:\/\/marcelolopes.jor.br\/site\/2022\/03\/25\/sicoob-coopemata-recebe-visita-da-central-unica-das-favelas-cufa\/","og_locale":"pt_BR","og_type":"article","og_title":"Sicoob Coopemata recebe visita da Central \u00danica das Favelas - CUFA | Marcelo Lopes","og_description":"O Sicoob Coopemata recebe, entre os dias 28 e 29 de mar\u00e7o, em Cataguases, representantes da Central \u00danica das Favelas (CUFA) de Belo Horizonte. O intuito da iniciativa \u00e9 promover um interc\u00e2mbio de conhecimentos, visando estabelecer parcerias futuras em prolLeia mais Sicoob Coopemata recebe visita da Central \u00danica das Favelas &#8211; CUFA","og_url":"https:\/\/marcelolopes.jor.br\/site\/2022\/03\/25\/sicoob-coopemata-recebe-visita-da-central-unica-das-favelas-cufa\/","og_site_name":"Marcelo Lopes","article_publisher":"https:\/\/www.facebook.com\/sitedomarcelolopes","article_published_time":"2022-03-25T10:00:56+00:00","og_image":[{"width":2560,"height":1440,"url":"https:\/\/marcelolopes.jor.br\/site\/wp-content\/uploads\/2022\/03\/CCSC00003-scaled.jpg","type":"image\/jpeg"}],"author":"Marcelo Lopes","twitter_card":"summary_large_image","twitter_misc":{"Escrito por":"Marcelo Lopes","Est. tempo de leitura":"2 minutos"},"schema":{"@context":"https:\/\/schema.org","@graph":[{"@type":"NewsArticle","@id":"https:\/\/marcelolopes.jor.br\/site\/2022\/03\/25\/sicoob-coopemata-recebe-visita-da-central-unica-das-favelas-cufa\/#article","isPartOf":{"@id":"https:\/\/marcelolopes.jor.br\/site\/2022\/03\/25\/sicoob-coopemata-recebe-visita-da-central-unica-das-favelas-cufa\/"},"author":{"name":"Marcelo Lopes","@id":"https:\/\/marcelolopes.jor.br\/site\/#\/schema\/person\/3e7216a35c34d8fdf952b31da3d1f89f"},"headline":"Sicoob Coopemata recebe visita da Central \u00danica das Favelas &#8211; CUFA","datePublished":"2022-03-25T10:00:56+00:00","mainEntityOfPage":{"@id":"https:\/\/marcelolopes.jor.br\/site\/2022\/03\/25\/sicoob-coopemata-recebe-visita-da-central-unica-das-favelas-cufa\/"},"wordCount":408,"commentCount":0,"publisher":{"@id":"https:\/\/marcelolopes.jor.br\/site\/#organization"},"image":{"@id":"https:\/\/marcelolopes.jor.br\/site\/2022\/03\/25\/sicoob-coopemata-recebe-visita-da-central-unica-das-favelas-cufa\/#primaryimage"},"thumbnailUrl":"https:\/\/marcelolopes.jor.br\/site\/wp-content\/uploads\/2022\/03\/CCSC00003-scaled.jpg","keywords":["CCSC","CUFA","favela","Sicoob Coopemata"],"articleSection":["Not\u00edcias"],"inLanguage":"pt-BR","potentialAction":[{"@type":"CommentAction","name":"Comment","target":["https:\/\/marcelolopes.jor.br\/site\/2022\/03\/25\/sicoob-coopemata-recebe-visita-da-central-unica-das-favelas-cufa\/#respond"]}]},{"@type":"WebPage","@id":"https:\/\/marcelolopes.jor.br\/site\/2022\/03\/25\/sicoob-coopemata-recebe-visita-da-central-unica-das-favelas-cufa\/","url":"https:\/\/marcelolopes.jor.br\/site\/2022\/03\/25\/sicoob-coopemata-recebe-visita-da-central-unica-das-favelas-cufa\/","name":"Sicoob Coopemata recebe visita da Central \u00danica das Favelas - CUFA | Marcelo Lopes","isPartOf":{"@id":"https:\/\/marcelolopes.jor.br\/site\/#website"},"primaryImageOfPage":{"@id":"https:\/\/marcelolopes.jor.br\/site\/2022\/03\/25\/sicoob-coopemata-recebe-visita-da-central-unica-das-favelas-cufa\/#primaryimage"},"image":{"@id":"https:\/\/marcelolopes.jor.br\/site\/2022\/03\/25\/sicoob-coopemata-recebe-visita-da-central-unica-das-favelas-cufa\/#primaryimage"},"thumbnailUrl":"https:\/\/marcelolopes.jor.br\/site\/wp-content\/uploads\/2022\/03\/CCSC00003-scaled.jpg","datePublished":"2022-03-25T10:00:56+00:00","breadcrumb":{"@id":"https:\/\/marcelolopes.jor.br\/site\/2022\/03\/25\/sicoob-coopemata-recebe-visita-da-central-unica-das-favelas-cufa\/#breadcrumb"},"inLanguage":"pt-BR","potentialAction":[{"@type":"ReadAction","target":["https:\/\/marcelolopes.jor.br\/site\/2022\/03\/25\/sicoob-coopemata-recebe-visita-da-central-unica-das-favelas-cufa\/"]}]},{"@type":"ImageObject","inLanguage":"pt-BR","@id":"https:\/\/marcelolopes.jor.br\/site\/2022\/03\/25\/sicoob-coopemata-recebe-visita-da-central-unica-das-favelas-cufa\/#primaryimage","url":"https:\/\/marcelolopes.jor.br\/site\/wp-content\/uploads\/2022\/03\/CCSC00003-scaled.jpg","contentUrl":"https:\/\/marcelolopes.jor.br\/site\/wp-content\/uploads\/2022\/03\/CCSC00003-scaled.jpg","width":2560,"height":1440},{"@type":"BreadcrumbList","@id":"https:\/\/marcelolopes.jor.br\/site\/2022\/03\/25\/sicoob-coopemata-recebe-visita-da-central-unica-das-favelas-cufa\/#breadcrumb","itemListElement":[{"@type":"ListItem","position":1,"name":"Home","item":"https:\/\/marcelolopes.jor.br\/site\/"},{"@type":"ListItem","position":2,"name":"Sicoob Coopemata recebe visita da Central \u00danica das Favelas &#8211; CUFA"}]},{"@type":"WebSite","@id":"https:\/\/marcelolopes.jor.br\/site\/#website","url":"https:\/\/marcelolopes.jor.br\/site\/","name":"Marcelo Lopes","description":"Not\u00edcias de Cataguases e Regi\u00e3o","publisher":{"@id":"https:\/\/marcelolopes.jor.br\/site\/#organization"},"potentialAction":[{"@type":"SearchAction","target":{"@type":"EntryPoint","urlTemplate":"https:\/\/marcelolopes.jor.br\/site\/?s={search_term_string}"},"query-input":{"@type":"PropertyValueSpecification","valueRequired":true,"valueName":"search_term_string"}}],"inLanguage":"pt-BR"},{"@type":"Organization","@id":"https:\/\/marcelolopes.jor.br\/site\/#organization","name":"Site do Marcelo Lopes","url":"https:\/\/marcelolopes.jor.br\/site\/","logo":{"@type":"ImageObject","inLanguage":"pt-BR","@id":"https:\/\/marcelolopes.jor.br\/site\/#\/schema\/logo\/image\/","url":"https:\/\/marcelolopes.jor.br\/site\/wp-content\/uploads\/2024\/11\/logo-1.png","contentUrl":"https:\/\/marcelolopes.jor.br\/site\/wp-content\/uploads\/2024\/11\/logo-1.png","width":475,"height":80,"caption":"Site do Marcelo Lopes"},"image":{"@id":"https:\/\/marcelolopes.jor.br\/site\/#\/schema\/logo\/image\/"},"sameAs":["https:\/\/www.facebook.com\/sitedomarcelolopes","https:\/\/www.instagram.com\/sitedomarcelolopes\/","https:\/\/www.linkedin.com\/company\/site-do-marcelo-lopes\/","https:\/\/www.youtube.com\/user\/marcelolopes957"]},{"@type":"Person","@id":"https:\/\/marcelolopes.jor.br\/site\/#\/schema\/person\/3e7216a35c34d8fdf952b31da3d1f89f","name":"Marcelo Lopes","sameAs":["http:\/\/www.marcelolopes.jor.br"],"url":"https:\/\/marcelolopes.jor.br\/site\/author\/marcelo\/"}]}},"wps_subtitle":"Iniciativa busca promover o interc\u00e2mbio cultural entre as duas institui\u00e7\u00f5es.","_links":{"self":[{"href":"https:\/\/marcelolopes.jor.br\/site\/wp-json\/wp\/v2\/posts\/31802","targetHints":{"allow":["GET"]}}],"collection":[{"href":"https:\/\/marcelolopes.jor.br\/site\/wp-json\/wp\/v2\/posts"}],"about":[{"href":"https:\/\/marcelolopes.jor.br\/site\/wp-json\/wp\/v2\/types\/post"}],"author":[{"embeddable":true,"href":"https:\/\/marcelolopes.jor.br\/site\/wp-json\/wp\/v2\/users\/2"}],"replies":[{"embeddable":true,"href":"https:\/\/marcelolopes.jor.br\/site\/wp-json\/wp\/v2\/comments?post=31802"}],"version-history":[{"count":0,"href":"https:\/\/marcelolopes.jor.br\/site\/wp-json\/wp\/v2\/posts\/31802\/revisions"}],"wp:featuredmedia":[{"embeddable":true,"href":"https:\/\/marcelolopes.jor.br\/site\/wp-json\/wp\/v2\/media\/31806"}],"wp:attachment":[{"href":"https:\/\/marcelolopes.jor.br\/site\/wp-json\/wp\/v2\/media?parent=31802"}],"wp:term":[{"taxonomy":"category","embeddable":true,"href":"https:\/\/marcelolopes.jor.br\/site\/wp-json\/wp\/v2\/categories?post=31802"},{"taxonomy":"post_tag","embeddable":true,"href":"https:\/\/marcelolopes.jor.br\/site\/wp-json\/wp\/v2\/tags?post=31802"}],"curies":[{"name":"wp","href":"https:\/\/api.w.org\/{rel}","templated":true}]}}