{"id":31756,"date":"2022-03-22T23:36:41","date_gmt":"2022-03-23T02:36:41","guid":{"rendered":"https:\/\/marcelolopes.jor.br\/?p=31756"},"modified":"2022-03-22T23:36:41","modified_gmt":"2022-03-23T02:36:41","slug":"dupla-rouba-veiculo-na-estrada-proximo-a-pirauba","status":"publish","type":"post","link":"https:\/\/marcelolopes.jor.br\/site\/2022\/03\/22\/dupla-rouba-veiculo-na-estrada-proximo-a-pirauba\/","title":{"rendered":"Dupla rouba ve\u00edculo na estrada pr\u00f3ximo a Pira\u00faba"},"content":{"rendered":"<p class=\"p1\" style=\"text-align: justify;\"><span style=\"font-size: 1rem; -webkit-text-size-adjust: 100%;\">Dois homens, um deles armado, roubaram um Chevrolet Cruze, branco, com placas de Juiz de Fora, na noite desta ter\u00e7a-feira, 22 de mar\u00e7o. O crime aconteceu pr\u00f3ximo a um motel na estrada que liga Pira\u00faba a Rio Pomba (MGC-265). Ningu\u00e9m ficou ferido e os bandidis fugiram.<\/span><br \/>\n<!--more--><\/p>\n<p class=\"p3\" style=\"text-align: justify;\"><span class=\"s2\">De acordo com informa\u00e7\u00f5es divulgadas pelo Portal RKF, o comandante da Pol\u00edcia Militar de Pira\u00faba, sargento Prudente, revelou que a PM foi acionada por clientes de um restaurante pr\u00f3ximo ao trevo daquela cidade.<span class=\"Apple-converted-space\">\u00a0 <\/span>O condutor do Cruze seguia sozinho no ve\u00edculo retornado de Ub\u00e1 para a cidade onde reside, Juiz de Fora.<\/span><\/p>\n<p class=\"p3\" style=\"text-align: justify;\"><span class=\"s2\">Ainda segundo a PM, o ve\u00edculo foi interceptado na rodovia por dois ocupantes de um Chevrolet \u00d4nix preto sendo que um deles, conforme relato da v\u00edtima, portava uma arma de fogo aparentando ser uma pistola. Eles anunciaram o roubo no momento em que a v\u00edtima reduziu a velocidade do ve\u00edculo para passar por um redutor de velocidade sendo ultrapassado pelos criminosos que estavam armados.<\/span><\/p>\n<p class=\"p3\" style=\"text-align: justify;\"><span class=\"s2\">A v\u00edtima disse aos policiais que n\u00e3o conhece bem a regi\u00e3o por ser de Juiz de Fora e que teria ido a Ub\u00e1 na tentativa de trocar seu\u00a0 ve\u00edculo. Ele teria visto o an\u00fancio na internet e foi at\u00e9 uma concession\u00e1ria de ve\u00edculo em Ub\u00e1. A dupla fugiu, sendo um deles no Cruze. Ambos os ve\u00edculos seguiram sentido Pira\u00faba. A PM realizou cerco-bloqueio nas cidades circunvizinhas mas at\u00e9 o momento desta publica\u00e7\u00e3o n\u00e3o havia conseguido localizar o ve\u00edculo, nem os criminosos.<\/span><\/p>\n<p class=\"p3\"><span class=\"s2\">Fonte: Portal RKF com reportagem de Kadu Fontana | Foto: reprodu\u00e7\u00e3o internet<\/span><\/p>\n<div class=\"zitzx69f5f125bf622\" ><br><\/div><style type=\"text\/css\">\r\n@media screen and (min-width: 1201px) {\r\n.zitzx69f5f125bf622 {\r\ndisplay: block;\r\n}\r\n}\r\n@media screen and (min-width: 993px) and (max-width: 1200px) {\r\n.zitzx69f5f125bf622 {\r\ndisplay: block;\r\n}\r\n}\r\n@media screen and (min-width: 769px) and (max-width: 992px) {\r\n.zitzx69f5f125bf622 {\r\ndisplay: block;\r\n}\r\n}\r\n@media screen and (min-width: 768px) and (max-width: 768px) {\r\n.zitzx69f5f125bf622 {\r\ndisplay: block;\r\n}\r\n}\r\n@media screen and (max-width: 767px) {\r\n.zitzx69f5f125bf622 {\r\ndisplay: block;\r\n}\r\n}\r\n<\/style>\r\n<div class=\"ofmbh69f5f125c59ba\" ><div id=\"div_destino\"><\/div>\r\n<script src=\"https:\/\/cdn.snsrsv.com\/sdk.js\"><\/script>\r\n<script >\r\n      new sdk(\"464030C30061EA8BE065000000000001\") \r\n          .appendTo(\"div_destino\")\r\n          .disableStyle(true) \r\n          .setCacheBusterMacro(\"%%CACHEBUSTER%%\")\r\n          .setSize(\"800\",\"214\")\r\n          .setClickMacro(\"%%CLICK_URL_ESC%%\") \r\n          .setReferrerUrlMacro(\"%%REFERRER_URL_ESC%%\") \r\n          .start(); \r\n<\/script><\/div><style type=\"text\/css\">\r\n@media screen and (min-width: 1201px) {\r\n.ofmbh69f5f125c59ba {\r\ndisplay: block;\r\n}\r\n}\r\n@media screen and (min-width: 993px) and (max-width: 1200px) {\r\n.ofmbh69f5f125c59ba {\r\ndisplay: block;\r\n}\r\n}\r\n@media screen and (min-width: 769px) and (max-width: 992px) {\r\n.ofmbh69f5f125c59ba {\r\ndisplay: block;\r\n}\r\n}\r\n@media screen and (min-width: 768px) and (max-width: 768px) {\r\n.ofmbh69f5f125c59ba {\r\ndisplay: block;\r\n}\r\n}\r\n@media screen and (max-width: 767px) {\r\n.ofmbh69f5f125c59ba {\r\ndisplay: block;\r\n}\r\n}\r\n<\/style>\r\n","protected":false},"excerpt":{"rendered":"<p>Dois homens, um deles armado, roubaram um Chevrolet Cruze, branco, com placas de Juiz de Fora, na noite desta ter\u00e7a-feira, 22 de mar\u00e7o. O crime aconteceu pr\u00f3ximo a um motel na estrada que liga Pira\u00faba a Rio Pomba (MGC-265). Ningu\u00e9m<\/p>\n<p class=\"link-more\"><a class=\"more-link\" href=\"https:\/\/marcelolopes.jor.br\/site\/2022\/03\/22\/dupla-rouba-veiculo-na-estrada-proximo-a-pirauba\/\">Leia mais <span class=\"screen-reader-text\">Dupla rouba ve\u00edculo na estrada pr\u00f3ximo a Pira\u00faba<\/span><\/a><\/p>\n","protected":false},"author":2,"featured_media":31757,"comment_status":"open","ping_status":"open","sticky":false,"template":"","format":"standard","meta":{"footnotes":""},"categories":[1],"tags":[106,74,1959,127],"class_list":["post-31756","post","type-post","status-publish","format-standard","has-post-thumbnail","hentry","category-noticias","tag-assalto","tag-crime","tag-pirauba","tag-rodovia","thumb-below-title"],"yoast_head":"<!-- This site is optimized with the Yoast SEO plugin v27.4 - https:\/\/yoast.com\/product\/yoast-seo-wordpress\/ -->\n<title>Dupla rouba ve\u00edculo na estrada pr\u00f3ximo a Pira\u00faba | Marcelo Lopes<\/title>\n<meta name=\"robots\" content=\"index, follow, max-snippet:-1, max-image-preview:large, max-video-preview:-1\" \/>\n<link rel=\"canonical\" href=\"https:\/\/marcelolopes.jor.br\/site\/2022\/03\/22\/dupla-rouba-veiculo-na-estrada-proximo-a-pirauba\/\" \/>\n<meta property=\"og:locale\" content=\"pt_BR\" \/>\n<meta property=\"og:type\" content=\"article\" \/>\n<meta property=\"og:title\" content=\"Dupla rouba ve\u00edculo na estrada pr\u00f3ximo a Pira\u00faba | Marcelo Lopes\" \/>\n<meta property=\"og:description\" content=\"Dois homens, um deles armado, roubaram um Chevrolet Cruze, branco, com placas de Juiz de Fora, na noite desta ter\u00e7a-feira, 22 de mar\u00e7o. O crime aconteceu pr\u00f3ximo a um motel na estrada que liga Pira\u00faba a Rio Pomba (MGC-265). Ningu\u00e9mLeia mais Dupla rouba ve\u00edculo na estrada pr\u00f3ximo a Pira\u00faba\" \/>\n<meta property=\"og:url\" content=\"https:\/\/marcelolopes.jor.br\/site\/2022\/03\/22\/dupla-rouba-veiculo-na-estrada-proximo-a-pirauba\/\" \/>\n<meta property=\"og:site_name\" content=\"Marcelo Lopes\" \/>\n<meta property=\"article:publisher\" content=\"https:\/\/www.facebook.com\/sitedomarcelolopes\" \/>\n<meta property=\"article:published_time\" content=\"2022-03-23T02:36:41+00:00\" \/>\n<meta property=\"og:image\" content=\"https:\/\/marcelolopes.jor.br\/site\/wp-content\/uploads\/2022\/03\/56C1D985-F7F1-4EB7-8474-B4A8A237800F.jpeg\" \/>\n\t<meta property=\"og:image:width\" content=\"679\" \/>\n\t<meta property=\"og:image:height\" content=\"452\" \/>\n\t<meta property=\"og:image:type\" content=\"image\/jpeg\" \/>\n<meta name=\"author\" content=\"Marcelo Lopes\" \/>\n<meta name=\"twitter:card\" content=\"summary_large_image\" \/>\n<meta name=\"twitter:label1\" content=\"Escrito por\" \/>\n\t<meta name=\"twitter:data1\" content=\"Marcelo Lopes\" \/>\n\t<meta name=\"twitter:label2\" content=\"Est. tempo de leitura\" \/>\n\t<meta name=\"twitter:data2\" content=\"1 minuto\" \/>\n<script type=\"application\/ld+json\" class=\"yoast-schema-graph\">{\"@context\":\"https:\\\/\\\/schema.org\",\"@graph\":[{\"@type\":\"NewsArticle\",\"@id\":\"https:\\\/\\\/marcelolopes.jor.br\\\/site\\\/2022\\\/03\\\/22\\\/dupla-rouba-veiculo-na-estrada-proximo-a-pirauba\\\/#article\",\"isPartOf\":{\"@id\":\"https:\\\/\\\/marcelolopes.jor.br\\\/site\\\/2022\\\/03\\\/22\\\/dupla-rouba-veiculo-na-estrada-proximo-a-pirauba\\\/\"},\"author\":{\"name\":\"Marcelo Lopes\",\"@id\":\"https:\\\/\\\/marcelolopes.jor.br\\\/site\\\/#\\\/schema\\\/person\\\/3e7216a35c34d8fdf952b31da3d1f89f\"},\"headline\":\"Dupla rouba ve\u00edculo na estrada pr\u00f3ximo a Pira\u00faba\",\"datePublished\":\"2022-03-23T02:36:41+00:00\",\"mainEntityOfPage\":{\"@id\":\"https:\\\/\\\/marcelolopes.jor.br\\\/site\\\/2022\\\/03\\\/22\\\/dupla-rouba-veiculo-na-estrada-proximo-a-pirauba\\\/\"},\"wordCount\":291,\"commentCount\":0,\"publisher\":{\"@id\":\"https:\\\/\\\/marcelolopes.jor.br\\\/site\\\/#organization\"},\"image\":{\"@id\":\"https:\\\/\\\/marcelolopes.jor.br\\\/site\\\/2022\\\/03\\\/22\\\/dupla-rouba-veiculo-na-estrada-proximo-a-pirauba\\\/#primaryimage\"},\"thumbnailUrl\":\"https:\\\/\\\/marcelolopes.jor.br\\\/site\\\/wp-content\\\/uploads\\\/2022\\\/03\\\/56C1D985-F7F1-4EB7-8474-B4A8A237800F.jpeg\",\"keywords\":[\"assalto\",\"crime\",\"Pira\u00faba\",\"rodovia\"],\"articleSection\":[\"Not\u00edcias\"],\"inLanguage\":\"pt-BR\",\"potentialAction\":[{\"@type\":\"CommentAction\",\"name\":\"Comment\",\"target\":[\"https:\\\/\\\/marcelolopes.jor.br\\\/site\\\/2022\\\/03\\\/22\\\/dupla-rouba-veiculo-na-estrada-proximo-a-pirauba\\\/#respond\"]}]},{\"@type\":\"WebPage\",\"@id\":\"https:\\\/\\\/marcelolopes.jor.br\\\/site\\\/2022\\\/03\\\/22\\\/dupla-rouba-veiculo-na-estrada-proximo-a-pirauba\\\/\",\"url\":\"https:\\\/\\\/marcelolopes.jor.br\\\/site\\\/2022\\\/03\\\/22\\\/dupla-rouba-veiculo-na-estrada-proximo-a-pirauba\\\/\",\"name\":\"Dupla rouba ve\u00edculo na estrada pr\u00f3ximo a Pira\u00faba | Marcelo Lopes\",\"isPartOf\":{\"@id\":\"https:\\\/\\\/marcelolopes.jor.br\\\/site\\\/#website\"},\"primaryImageOfPage\":{\"@id\":\"https:\\\/\\\/marcelolopes.jor.br\\\/site\\\/2022\\\/03\\\/22\\\/dupla-rouba-veiculo-na-estrada-proximo-a-pirauba\\\/#primaryimage\"},\"image\":{\"@id\":\"https:\\\/\\\/marcelolopes.jor.br\\\/site\\\/2022\\\/03\\\/22\\\/dupla-rouba-veiculo-na-estrada-proximo-a-pirauba\\\/#primaryimage\"},\"thumbnailUrl\":\"https:\\\/\\\/marcelolopes.jor.br\\\/site\\\/wp-content\\\/uploads\\\/2022\\\/03\\\/56C1D985-F7F1-4EB7-8474-B4A8A237800F.jpeg\",\"datePublished\":\"2022-03-23T02:36:41+00:00\",\"breadcrumb\":{\"@id\":\"https:\\\/\\\/marcelolopes.jor.br\\\/site\\\/2022\\\/03\\\/22\\\/dupla-rouba-veiculo-na-estrada-proximo-a-pirauba\\\/#breadcrumb\"},\"inLanguage\":\"pt-BR\",\"potentialAction\":[{\"@type\":\"ReadAction\",\"target\":[\"https:\\\/\\\/marcelolopes.jor.br\\\/site\\\/2022\\\/03\\\/22\\\/dupla-rouba-veiculo-na-estrada-proximo-a-pirauba\\\/\"]}]},{\"@type\":\"ImageObject\",\"inLanguage\":\"pt-BR\",\"@id\":\"https:\\\/\\\/marcelolopes.jor.br\\\/site\\\/2022\\\/03\\\/22\\\/dupla-rouba-veiculo-na-estrada-proximo-a-pirauba\\\/#primaryimage\",\"url\":\"https:\\\/\\\/marcelolopes.jor.br\\\/site\\\/wp-content\\\/uploads\\\/2022\\\/03\\\/56C1D985-F7F1-4EB7-8474-B4A8A237800F.jpeg\",\"contentUrl\":\"https:\\\/\\\/marcelolopes.jor.br\\\/site\\\/wp-content\\\/uploads\\\/2022\\\/03\\\/56C1D985-F7F1-4EB7-8474-B4A8A237800F.jpeg\",\"width\":679,\"height\":452},{\"@type\":\"BreadcrumbList\",\"@id\":\"https:\\\/\\\/marcelolopes.jor.br\\\/site\\\/2022\\\/03\\\/22\\\/dupla-rouba-veiculo-na-estrada-proximo-a-pirauba\\\/#breadcrumb\",\"itemListElement\":[{\"@type\":\"ListItem\",\"position\":1,\"name\":\"Home\",\"item\":\"https:\\\/\\\/marcelolopes.jor.br\\\/site\\\/\"},{\"@type\":\"ListItem\",\"position\":2,\"name\":\"Dupla rouba ve\u00edculo na estrada pr\u00f3ximo a Pira\u00faba\"}]},{\"@type\":\"WebSite\",\"@id\":\"https:\\\/\\\/marcelolopes.jor.br\\\/site\\\/#website\",\"url\":\"https:\\\/\\\/marcelolopes.jor.br\\\/site\\\/\",\"name\":\"Marcelo Lopes\",\"description\":\"Not\u00edcias de Cataguases e Regi\u00e3o\",\"publisher\":{\"@id\":\"https:\\\/\\\/marcelolopes.jor.br\\\/site\\\/#organization\"},\"potentialAction\":[{\"@type\":\"SearchAction\",\"target\":{\"@type\":\"EntryPoint\",\"urlTemplate\":\"https:\\\/\\\/marcelolopes.jor.br\\\/site\\\/?s={search_term_string}\"},\"query-input\":{\"@type\":\"PropertyValueSpecification\",\"valueRequired\":true,\"valueName\":\"search_term_string\"}}],\"inLanguage\":\"pt-BR\"},{\"@type\":\"Organization\",\"@id\":\"https:\\\/\\\/marcelolopes.jor.br\\\/site\\\/#organization\",\"name\":\"Site do Marcelo Lopes\",\"url\":\"https:\\\/\\\/marcelolopes.jor.br\\\/site\\\/\",\"logo\":{\"@type\":\"ImageObject\",\"inLanguage\":\"pt-BR\",\"@id\":\"https:\\\/\\\/marcelolopes.jor.br\\\/site\\\/#\\\/schema\\\/logo\\\/image\\\/\",\"url\":\"https:\\\/\\\/marcelolopes.jor.br\\\/site\\\/wp-content\\\/uploads\\\/2024\\\/11\\\/logo-1.png\",\"contentUrl\":\"https:\\\/\\\/marcelolopes.jor.br\\\/site\\\/wp-content\\\/uploads\\\/2024\\\/11\\\/logo-1.png\",\"width\":475,\"height\":80,\"caption\":\"Site do Marcelo Lopes\"},\"image\":{\"@id\":\"https:\\\/\\\/marcelolopes.jor.br\\\/site\\\/#\\\/schema\\\/logo\\\/image\\\/\"},\"sameAs\":[\"https:\\\/\\\/www.facebook.com\\\/sitedomarcelolopes\",\"https:\\\/\\\/www.instagram.com\\\/sitedomarcelolopes\\\/\",\"https:\\\/\\\/www.linkedin.com\\\/company\\\/site-do-marcelo-lopes\\\/\",\"https:\\\/\\\/www.youtube.com\\\/user\\\/marcelolopes957\"]},{\"@type\":\"Person\",\"@id\":\"https:\\\/\\\/marcelolopes.jor.br\\\/site\\\/#\\\/schema\\\/person\\\/3e7216a35c34d8fdf952b31da3d1f89f\",\"name\":\"Marcelo Lopes\",\"sameAs\":[\"http:\\\/\\\/www.marcelolopes.jor.br\"],\"url\":\"https:\\\/\\\/marcelolopes.jor.br\\\/site\\\/author\\\/marcelo\\\/\"}]}<\/script>\n<!-- \/ Yoast SEO plugin. -->","yoast_head_json":{"title":"Dupla rouba ve\u00edculo na estrada pr\u00f3ximo a Pira\u00faba | Marcelo Lopes","robots":{"index":"index","follow":"follow","max-snippet":"max-snippet:-1","max-image-preview":"max-image-preview:large","max-video-preview":"max-video-preview:-1"},"canonical":"https:\/\/marcelolopes.jor.br\/site\/2022\/03\/22\/dupla-rouba-veiculo-na-estrada-proximo-a-pirauba\/","og_locale":"pt_BR","og_type":"article","og_title":"Dupla rouba ve\u00edculo na estrada pr\u00f3ximo a Pira\u00faba | Marcelo Lopes","og_description":"Dois homens, um deles armado, roubaram um Chevrolet Cruze, branco, com placas de Juiz de Fora, na noite desta ter\u00e7a-feira, 22 de mar\u00e7o. O crime aconteceu pr\u00f3ximo a um motel na estrada que liga Pira\u00faba a Rio Pomba (MGC-265). Ningu\u00e9mLeia mais Dupla rouba ve\u00edculo na estrada pr\u00f3ximo a Pira\u00faba","og_url":"https:\/\/marcelolopes.jor.br\/site\/2022\/03\/22\/dupla-rouba-veiculo-na-estrada-proximo-a-pirauba\/","og_site_name":"Marcelo Lopes","article_publisher":"https:\/\/www.facebook.com\/sitedomarcelolopes","article_published_time":"2022-03-23T02:36:41+00:00","og_image":[{"width":679,"height":452,"url":"https:\/\/marcelolopes.jor.br\/site\/wp-content\/uploads\/2022\/03\/56C1D985-F7F1-4EB7-8474-B4A8A237800F.jpeg","type":"image\/jpeg"}],"author":"Marcelo Lopes","twitter_card":"summary_large_image","twitter_misc":{"Escrito por":"Marcelo Lopes","Est. tempo de leitura":"1 minuto"},"schema":{"@context":"https:\/\/schema.org","@graph":[{"@type":"NewsArticle","@id":"https:\/\/marcelolopes.jor.br\/site\/2022\/03\/22\/dupla-rouba-veiculo-na-estrada-proximo-a-pirauba\/#article","isPartOf":{"@id":"https:\/\/marcelolopes.jor.br\/site\/2022\/03\/22\/dupla-rouba-veiculo-na-estrada-proximo-a-pirauba\/"},"author":{"name":"Marcelo Lopes","@id":"https:\/\/marcelolopes.jor.br\/site\/#\/schema\/person\/3e7216a35c34d8fdf952b31da3d1f89f"},"headline":"Dupla rouba ve\u00edculo na estrada pr\u00f3ximo a Pira\u00faba","datePublished":"2022-03-23T02:36:41+00:00","mainEntityOfPage":{"@id":"https:\/\/marcelolopes.jor.br\/site\/2022\/03\/22\/dupla-rouba-veiculo-na-estrada-proximo-a-pirauba\/"},"wordCount":291,"commentCount":0,"publisher":{"@id":"https:\/\/marcelolopes.jor.br\/site\/#organization"},"image":{"@id":"https:\/\/marcelolopes.jor.br\/site\/2022\/03\/22\/dupla-rouba-veiculo-na-estrada-proximo-a-pirauba\/#primaryimage"},"thumbnailUrl":"https:\/\/marcelolopes.jor.br\/site\/wp-content\/uploads\/2022\/03\/56C1D985-F7F1-4EB7-8474-B4A8A237800F.jpeg","keywords":["assalto","crime","Pira\u00faba","rodovia"],"articleSection":["Not\u00edcias"],"inLanguage":"pt-BR","potentialAction":[{"@type":"CommentAction","name":"Comment","target":["https:\/\/marcelolopes.jor.br\/site\/2022\/03\/22\/dupla-rouba-veiculo-na-estrada-proximo-a-pirauba\/#respond"]}]},{"@type":"WebPage","@id":"https:\/\/marcelolopes.jor.br\/site\/2022\/03\/22\/dupla-rouba-veiculo-na-estrada-proximo-a-pirauba\/","url":"https:\/\/marcelolopes.jor.br\/site\/2022\/03\/22\/dupla-rouba-veiculo-na-estrada-proximo-a-pirauba\/","name":"Dupla rouba ve\u00edculo na estrada pr\u00f3ximo a Pira\u00faba | Marcelo Lopes","isPartOf":{"@id":"https:\/\/marcelolopes.jor.br\/site\/#website"},"primaryImageOfPage":{"@id":"https:\/\/marcelolopes.jor.br\/site\/2022\/03\/22\/dupla-rouba-veiculo-na-estrada-proximo-a-pirauba\/#primaryimage"},"image":{"@id":"https:\/\/marcelolopes.jor.br\/site\/2022\/03\/22\/dupla-rouba-veiculo-na-estrada-proximo-a-pirauba\/#primaryimage"},"thumbnailUrl":"https:\/\/marcelolopes.jor.br\/site\/wp-content\/uploads\/2022\/03\/56C1D985-F7F1-4EB7-8474-B4A8A237800F.jpeg","datePublished":"2022-03-23T02:36:41+00:00","breadcrumb":{"@id":"https:\/\/marcelolopes.jor.br\/site\/2022\/03\/22\/dupla-rouba-veiculo-na-estrada-proximo-a-pirauba\/#breadcrumb"},"inLanguage":"pt-BR","potentialAction":[{"@type":"ReadAction","target":["https:\/\/marcelolopes.jor.br\/site\/2022\/03\/22\/dupla-rouba-veiculo-na-estrada-proximo-a-pirauba\/"]}]},{"@type":"ImageObject","inLanguage":"pt-BR","@id":"https:\/\/marcelolopes.jor.br\/site\/2022\/03\/22\/dupla-rouba-veiculo-na-estrada-proximo-a-pirauba\/#primaryimage","url":"https:\/\/marcelolopes.jor.br\/site\/wp-content\/uploads\/2022\/03\/56C1D985-F7F1-4EB7-8474-B4A8A237800F.jpeg","contentUrl":"https:\/\/marcelolopes.jor.br\/site\/wp-content\/uploads\/2022\/03\/56C1D985-F7F1-4EB7-8474-B4A8A237800F.jpeg","width":679,"height":452},{"@type":"BreadcrumbList","@id":"https:\/\/marcelolopes.jor.br\/site\/2022\/03\/22\/dupla-rouba-veiculo-na-estrada-proximo-a-pirauba\/#breadcrumb","itemListElement":[{"@type":"ListItem","position":1,"name":"Home","item":"https:\/\/marcelolopes.jor.br\/site\/"},{"@type":"ListItem","position":2,"name":"Dupla rouba ve\u00edculo na estrada pr\u00f3ximo a Pira\u00faba"}]},{"@type":"WebSite","@id":"https:\/\/marcelolopes.jor.br\/site\/#website","url":"https:\/\/marcelolopes.jor.br\/site\/","name":"Marcelo Lopes","description":"Not\u00edcias de Cataguases e Regi\u00e3o","publisher":{"@id":"https:\/\/marcelolopes.jor.br\/site\/#organization"},"potentialAction":[{"@type":"SearchAction","target":{"@type":"EntryPoint","urlTemplate":"https:\/\/marcelolopes.jor.br\/site\/?s={search_term_string}"},"query-input":{"@type":"PropertyValueSpecification","valueRequired":true,"valueName":"search_term_string"}}],"inLanguage":"pt-BR"},{"@type":"Organization","@id":"https:\/\/marcelolopes.jor.br\/site\/#organization","name":"Site do Marcelo Lopes","url":"https:\/\/marcelolopes.jor.br\/site\/","logo":{"@type":"ImageObject","inLanguage":"pt-BR","@id":"https:\/\/marcelolopes.jor.br\/site\/#\/schema\/logo\/image\/","url":"https:\/\/marcelolopes.jor.br\/site\/wp-content\/uploads\/2024\/11\/logo-1.png","contentUrl":"https:\/\/marcelolopes.jor.br\/site\/wp-content\/uploads\/2024\/11\/logo-1.png","width":475,"height":80,"caption":"Site do Marcelo Lopes"},"image":{"@id":"https:\/\/marcelolopes.jor.br\/site\/#\/schema\/logo\/image\/"},"sameAs":["https:\/\/www.facebook.com\/sitedomarcelolopes","https:\/\/www.instagram.com\/sitedomarcelolopes\/","https:\/\/www.linkedin.com\/company\/site-do-marcelo-lopes\/","https:\/\/www.youtube.com\/user\/marcelolopes957"]},{"@type":"Person","@id":"https:\/\/marcelolopes.jor.br\/site\/#\/schema\/person\/3e7216a35c34d8fdf952b31da3d1f89f","name":"Marcelo Lopes","sameAs":["http:\/\/www.marcelolopes.jor.br"],"url":"https:\/\/marcelolopes.jor.br\/site\/author\/marcelo\/"}]}},"wps_subtitle":"Crime aconteceu nesta noite de ter\u00e7a-feira, 22. Autores fugiram.","_links":{"self":[{"href":"https:\/\/marcelolopes.jor.br\/site\/wp-json\/wp\/v2\/posts\/31756","targetHints":{"allow":["GET"]}}],"collection":[{"href":"https:\/\/marcelolopes.jor.br\/site\/wp-json\/wp\/v2\/posts"}],"about":[{"href":"https:\/\/marcelolopes.jor.br\/site\/wp-json\/wp\/v2\/types\/post"}],"author":[{"embeddable":true,"href":"https:\/\/marcelolopes.jor.br\/site\/wp-json\/wp\/v2\/users\/2"}],"replies":[{"embeddable":true,"href":"https:\/\/marcelolopes.jor.br\/site\/wp-json\/wp\/v2\/comments?post=31756"}],"version-history":[{"count":0,"href":"https:\/\/marcelolopes.jor.br\/site\/wp-json\/wp\/v2\/posts\/31756\/revisions"}],"wp:featuredmedia":[{"embeddable":true,"href":"https:\/\/marcelolopes.jor.br\/site\/wp-json\/wp\/v2\/media\/31757"}],"wp:attachment":[{"href":"https:\/\/marcelolopes.jor.br\/site\/wp-json\/wp\/v2\/media?parent=31756"}],"wp:term":[{"taxonomy":"category","embeddable":true,"href":"https:\/\/marcelolopes.jor.br\/site\/wp-json\/wp\/v2\/categories?post=31756"},{"taxonomy":"post_tag","embeddable":true,"href":"https:\/\/marcelolopes.jor.br\/site\/wp-json\/wp\/v2\/tags?post=31756"}],"curies":[{"name":"wp","href":"https:\/\/api.w.org\/{rel}","templated":true}]}}