{"id":31707,"date":"2022-03-21T16:00:06","date_gmt":"2022-03-21T19:00:06","guid":{"rendered":"https:\/\/marcelolopes.jor.br\/?p=31707"},"modified":"2023-06-26T11:29:40","modified_gmt":"2023-06-26T14:29:40","slug":"mec-divulga-resultado-da-segunda-chamada-do-prouni","status":"publish","type":"post","link":"https:\/\/marcelolopes.jor.br\/site\/2022\/03\/21\/mec-divulga-resultado-da-segunda-chamada-do-prouni\/","title":{"rendered":"MEC divulga resultado da segunda chamada do Prouni"},"content":{"rendered":"<div style=\"text-align: justify;\">A lista de convocados a uma vaga no ensino superior pela segunda chamada pelo Programa Universidade Para Todos (Prouni) j\u00e1 pode ser consultada nesta segunda-feira, 21 de mar\u00e7o, no <a href=\"https:\/\/prounialuno.mec.gov.br\/\"><strong><span style=\"color: #800080;\">portal do Prouni<\/span><\/strong><\/a>. Os estudantes pr\u00e9-aprovados ter\u00e3o at\u00e9 o dia 29 deste m\u00eas para comprovar informa\u00e7\u00f5es como renda familiar e comprovante de conclus\u00e3o do ensino m\u00e9dio, fornecidas no ato de inscri\u00e7\u00e3o.<\/div>\n<p><!--more--><\/p>\n<div style=\"text-align: justify;\">O Prouni seleciona candidatos para bolsas parciais e integrais em universidades particulares. Um dos crit\u00e9rios de sele\u00e7\u00e3o \u00e9 a nota no Exame Nacional do Ensino M\u00e9dio (Enem). Os candidatados que n\u00e3o forem selecionados nesta etapa ainda poder\u00e3o manifestar interesse na lista de espera, em 4 e 5 de abril, pelo site do Prouni.<\/div>\n<div style=\"text-align: justify;\"><\/div>\n<div style=\"text-align: justify;\">Nesse caso, pode pedir para entrar na lista de espera para a primeira op\u00e7\u00e3o de curso: \u00a0estudantes reprovados nas duas chamadas regulares e pr\u00e9-selecionados na segunda op\u00e7\u00e3o de curso, mas reprovados por n\u00e3o forma\u00e7\u00e3o de turma.<\/div>\n<div style=\"text-align: justify;\"><\/div>\n<div style=\"text-align: justify;\">Na lista de espera para a segunda op\u00e7\u00e3o de curso pode se candidatar quem foi reprovado nas duas chamadas regulares (e n\u00e3o houve forma\u00e7\u00e3o de turma na primeira op\u00e7\u00e3o de curso) e os pr\u00e9-selecionados na 1\u00aa op\u00e7\u00e3o, mas reprovados porque n\u00e3o houve forma\u00e7\u00e3o de turma.<\/div>\n<div style=\"text-align: justify;\"><\/div>\n<h3 style=\"text-align: justify;\">Cronograma<\/h3>\n<div style=\"text-align: justify;\"><strong>Segunda chamada:<\/strong> 21 de mar\u00e7o<\/div>\n<div style=\"text-align: justify;\"><strong>Comprova\u00e7\u00e3o das informa\u00e7\u00f5es:<\/strong> 21 a 29 de mar\u00e7o<\/div>\n<div style=\"text-align: justify;\"><strong>Inscri\u00e7\u00e3o na lista de espera:<\/strong> 4 a 5 de abril<\/div>\n<div style=\"text-align: justify;\"><strong>Resultado da lista de espera para as institui\u00e7\u00f5es de ensino:<\/strong> 7 de abril<\/div>\n<div style=\"text-align: justify;\"><strong>Comprova\u00e7\u00e3o das informa\u00e7\u00f5es dos selecionados na lista de espera:<\/strong> 8 a 13 de abril.<\/div>\n<div style=\"text-align: justify;\"><\/div>\n<div style=\"text-align: justify;\">Fonte: Ag\u00eancia Brasil | Foto: Arquivo<\/div>\n<div class=\"vescb69f732bb7351c\" ><br><\/div><style type=\"text\/css\">\r\n@media screen and (min-width: 1201px) {\r\n.vescb69f732bb7351c {\r\ndisplay: block;\r\n}\r\n}\r\n@media screen and (min-width: 993px) and (max-width: 1200px) {\r\n.vescb69f732bb7351c {\r\ndisplay: block;\r\n}\r\n}\r\n@media screen and (min-width: 769px) and (max-width: 992px) {\r\n.vescb69f732bb7351c {\r\ndisplay: block;\r\n}\r\n}\r\n@media screen and (min-width: 768px) and (max-width: 768px) {\r\n.vescb69f732bb7351c {\r\ndisplay: block;\r\n}\r\n}\r\n@media screen and (max-width: 767px) {\r\n.vescb69f732bb7351c {\r\ndisplay: block;\r\n}\r\n}\r\n<\/style>\r\n<div class=\"loxwd69f732bb7911e\" ><div id=\"div_destino\"><\/div>\r\n<script src=\"https:\/\/cdn.snsrsv.com\/sdk.js\"><\/script>\r\n<script >\r\n      new sdk(\"464030C30061EA8BE065000000000001\") \r\n          .appendTo(\"div_destino\")\r\n          .disableStyle(true) \r\n          .setCacheBusterMacro(\"%%CACHEBUSTER%%\")\r\n          .setSize(\"800\",\"214\")\r\n          .setClickMacro(\"%%CLICK_URL_ESC%%\") \r\n          .setReferrerUrlMacro(\"%%REFERRER_URL_ESC%%\") \r\n          .start(); \r\n<\/script><\/div><style type=\"text\/css\">\r\n@media screen and (min-width: 1201px) {\r\n.loxwd69f732bb7911e {\r\ndisplay: block;\r\n}\r\n}\r\n@media screen and (min-width: 993px) and (max-width: 1200px) {\r\n.loxwd69f732bb7911e {\r\ndisplay: block;\r\n}\r\n}\r\n@media screen and (min-width: 769px) and (max-width: 992px) {\r\n.loxwd69f732bb7911e {\r\ndisplay: block;\r\n}\r\n}\r\n@media screen and (min-width: 768px) and (max-width: 768px) {\r\n.loxwd69f732bb7911e {\r\ndisplay: block;\r\n}\r\n}\r\n@media screen and (max-width: 767px) {\r\n.loxwd69f732bb7911e {\r\ndisplay: block;\r\n}\r\n}\r\n<\/style>\r\n","protected":false},"excerpt":{"rendered":"<p>A lista de convocados a uma vaga no ensino superior pela segunda chamada pelo Programa Universidade Para Todos (Prouni) j\u00e1 pode ser consultada nesta segunda-feira, 21 de mar\u00e7o, no portal do Prouni. Os estudantes pr\u00e9-aprovados ter\u00e3o at\u00e9 o dia 29<\/p>\n<p class=\"link-more\"><a class=\"more-link\" href=\"https:\/\/marcelolopes.jor.br\/site\/2022\/03\/21\/mec-divulga-resultado-da-segunda-chamada-do-prouni\/\">Leia mais <span class=\"screen-reader-text\">MEC divulga resultado da segunda chamada do Prouni<\/span><\/a><\/p>\n","protected":false},"author":2,"featured_media":18305,"comment_status":"open","ping_status":"open","sticky":false,"template":"","format":"standard","meta":{"footnotes":""},"categories":[1],"tags":[5669,498,5667,5668],"class_list":["post-31707","post","type-post","status-publish","format-standard","has-post-thumbnail","hentry","category-noticias","tag-ensino-superior","tag-prouni","tag-segunda-chamada","tag-universidade-particular","thumb-below-title"],"yoast_head":"<!-- This site is optimized with the Yoast SEO plugin v27.4 - https:\/\/yoast.com\/product\/yoast-seo-wordpress\/ -->\n<title>MEC divulga resultado da segunda chamada do Prouni<\/title>\n<meta name=\"description\" content=\"MEC divulga resultado da segunda chamada do Prouni. Saiba como consultar a lista que pode ser consultada at\u00e9 o dia 21.\" \/>\n<meta name=\"robots\" content=\"index, follow, max-snippet:-1, max-image-preview:large, max-video-preview:-1\" \/>\n<link rel=\"canonical\" href=\"https:\/\/marcelolopes.jor.br\/site\/2022\/03\/21\/mec-divulga-resultado-da-segunda-chamada-do-prouni\/\" \/>\n<meta property=\"og:locale\" content=\"pt_BR\" \/>\n<meta property=\"og:type\" content=\"article\" \/>\n<meta property=\"og:title\" content=\"MEC divulga resultado da segunda chamada do Prouni\" \/>\n<meta property=\"og:description\" content=\"MEC divulga resultado da segunda chamada do Prouni. Saiba como consultar a lista que pode ser consultada at\u00e9 o dia 21.\" \/>\n<meta property=\"og:url\" content=\"https:\/\/marcelolopes.jor.br\/site\/2022\/03\/21\/mec-divulga-resultado-da-segunda-chamada-do-prouni\/\" \/>\n<meta property=\"og:site_name\" content=\"Marcelo Lopes\" \/>\n<meta property=\"article:publisher\" content=\"https:\/\/www.facebook.com\/sitedomarcelolopes\" \/>\n<meta property=\"article:published_time\" content=\"2022-03-21T19:00:06+00:00\" \/>\n<meta property=\"article:modified_time\" content=\"2023-06-26T14:29:40+00:00\" \/>\n<meta property=\"og:image\" content=\"https:\/\/marcelolopes.jor.br\/site\/wp-content\/uploads\/2020\/10\/Fachada-FIC-1.jpg\" \/>\n\t<meta property=\"og:image:width\" content=\"800\" \/>\n\t<meta property=\"og:image:height\" content=\"450\" \/>\n\t<meta property=\"og:image:type\" content=\"image\/jpeg\" \/>\n<meta name=\"author\" content=\"Marcelo Lopes\" \/>\n<meta name=\"twitter:card\" content=\"summary_large_image\" \/>\n<meta name=\"twitter:label1\" content=\"Escrito por\" \/>\n\t<meta name=\"twitter:data1\" content=\"Marcelo Lopes\" \/>\n\t<meta name=\"twitter:label2\" content=\"Est. tempo de leitura\" \/>\n\t<meta name=\"twitter:data2\" content=\"1 minuto\" \/>\n<script type=\"application\/ld+json\" class=\"yoast-schema-graph\">{\"@context\":\"https:\\\/\\\/schema.org\",\"@graph\":[{\"@type\":\"NewsArticle\",\"@id\":\"https:\\\/\\\/marcelolopes.jor.br\\\/site\\\/2022\\\/03\\\/21\\\/mec-divulga-resultado-da-segunda-chamada-do-prouni\\\/#article\",\"isPartOf\":{\"@id\":\"https:\\\/\\\/marcelolopes.jor.br\\\/site\\\/2022\\\/03\\\/21\\\/mec-divulga-resultado-da-segunda-chamada-do-prouni\\\/\"},\"author\":{\"name\":\"Marcelo Lopes\",\"@id\":\"https:\\\/\\\/marcelolopes.jor.br\\\/site\\\/#\\\/schema\\\/person\\\/3e7216a35c34d8fdf952b31da3d1f89f\"},\"headline\":\"MEC divulga resultado da segunda chamada do Prouni\",\"datePublished\":\"2022-03-21T19:00:06+00:00\",\"dateModified\":\"2023-06-26T14:29:40+00:00\",\"mainEntityOfPage\":{\"@id\":\"https:\\\/\\\/marcelolopes.jor.br\\\/site\\\/2022\\\/03\\\/21\\\/mec-divulga-resultado-da-segunda-chamada-do-prouni\\\/\"},\"wordCount\":279,\"commentCount\":0,\"publisher\":{\"@id\":\"https:\\\/\\\/marcelolopes.jor.br\\\/site\\\/#organization\"},\"image\":{\"@id\":\"https:\\\/\\\/marcelolopes.jor.br\\\/site\\\/2022\\\/03\\\/21\\\/mec-divulga-resultado-da-segunda-chamada-do-prouni\\\/#primaryimage\"},\"thumbnailUrl\":\"https:\\\/\\\/marcelolopes.jor.br\\\/site\\\/wp-content\\\/uploads\\\/2020\\\/10\\\/Fachada-FIC-1.jpg\",\"keywords\":[\"ensino superior\",\"Prouni\",\"segunda chamada\",\"universidade particular\"],\"articleSection\":[\"Not\u00edcias\"],\"inLanguage\":\"pt-BR\",\"potentialAction\":[{\"@type\":\"CommentAction\",\"name\":\"Comment\",\"target\":[\"https:\\\/\\\/marcelolopes.jor.br\\\/site\\\/2022\\\/03\\\/21\\\/mec-divulga-resultado-da-segunda-chamada-do-prouni\\\/#respond\"]}]},{\"@type\":\"WebPage\",\"@id\":\"https:\\\/\\\/marcelolopes.jor.br\\\/site\\\/2022\\\/03\\\/21\\\/mec-divulga-resultado-da-segunda-chamada-do-prouni\\\/\",\"url\":\"https:\\\/\\\/marcelolopes.jor.br\\\/site\\\/2022\\\/03\\\/21\\\/mec-divulga-resultado-da-segunda-chamada-do-prouni\\\/\",\"name\":\"MEC divulga resultado da segunda chamada do Prouni\",\"isPartOf\":{\"@id\":\"https:\\\/\\\/marcelolopes.jor.br\\\/site\\\/#website\"},\"primaryImageOfPage\":{\"@id\":\"https:\\\/\\\/marcelolopes.jor.br\\\/site\\\/2022\\\/03\\\/21\\\/mec-divulga-resultado-da-segunda-chamada-do-prouni\\\/#primaryimage\"},\"image\":{\"@id\":\"https:\\\/\\\/marcelolopes.jor.br\\\/site\\\/2022\\\/03\\\/21\\\/mec-divulga-resultado-da-segunda-chamada-do-prouni\\\/#primaryimage\"},\"thumbnailUrl\":\"https:\\\/\\\/marcelolopes.jor.br\\\/site\\\/wp-content\\\/uploads\\\/2020\\\/10\\\/Fachada-FIC-1.jpg\",\"datePublished\":\"2022-03-21T19:00:06+00:00\",\"dateModified\":\"2023-06-26T14:29:40+00:00\",\"description\":\"MEC divulga resultado da segunda chamada do Prouni. Saiba como consultar a lista que pode ser consultada at\u00e9 o dia 21.\",\"breadcrumb\":{\"@id\":\"https:\\\/\\\/marcelolopes.jor.br\\\/site\\\/2022\\\/03\\\/21\\\/mec-divulga-resultado-da-segunda-chamada-do-prouni\\\/#breadcrumb\"},\"inLanguage\":\"pt-BR\",\"potentialAction\":[{\"@type\":\"ReadAction\",\"target\":[\"https:\\\/\\\/marcelolopes.jor.br\\\/site\\\/2022\\\/03\\\/21\\\/mec-divulga-resultado-da-segunda-chamada-do-prouni\\\/\"]}]},{\"@type\":\"ImageObject\",\"inLanguage\":\"pt-BR\",\"@id\":\"https:\\\/\\\/marcelolopes.jor.br\\\/site\\\/2022\\\/03\\\/21\\\/mec-divulga-resultado-da-segunda-chamada-do-prouni\\\/#primaryimage\",\"url\":\"https:\\\/\\\/marcelolopes.jor.br\\\/site\\\/wp-content\\\/uploads\\\/2020\\\/10\\\/Fachada-FIC-1.jpg\",\"contentUrl\":\"https:\\\/\\\/marcelolopes.jor.br\\\/site\\\/wp-content\\\/uploads\\\/2020\\\/10\\\/Fachada-FIC-1.jpg\",\"width\":800,\"height\":450,\"caption\":\"MEC divulga resultado da\"},{\"@type\":\"BreadcrumbList\",\"@id\":\"https:\\\/\\\/marcelolopes.jor.br\\\/site\\\/2022\\\/03\\\/21\\\/mec-divulga-resultado-da-segunda-chamada-do-prouni\\\/#breadcrumb\",\"itemListElement\":[{\"@type\":\"ListItem\",\"position\":1,\"name\":\"Home\",\"item\":\"https:\\\/\\\/marcelolopes.jor.br\\\/site\\\/\"},{\"@type\":\"ListItem\",\"position\":2,\"name\":\"MEC divulga resultado da segunda chamada do Prouni\"}]},{\"@type\":\"WebSite\",\"@id\":\"https:\\\/\\\/marcelolopes.jor.br\\\/site\\\/#website\",\"url\":\"https:\\\/\\\/marcelolopes.jor.br\\\/site\\\/\",\"name\":\"Marcelo Lopes\",\"description\":\"Not\u00edcias de Cataguases e Regi\u00e3o\",\"publisher\":{\"@id\":\"https:\\\/\\\/marcelolopes.jor.br\\\/site\\\/#organization\"},\"potentialAction\":[{\"@type\":\"SearchAction\",\"target\":{\"@type\":\"EntryPoint\",\"urlTemplate\":\"https:\\\/\\\/marcelolopes.jor.br\\\/site\\\/?s={search_term_string}\"},\"query-input\":{\"@type\":\"PropertyValueSpecification\",\"valueRequired\":true,\"valueName\":\"search_term_string\"}}],\"inLanguage\":\"pt-BR\"},{\"@type\":\"Organization\",\"@id\":\"https:\\\/\\\/marcelolopes.jor.br\\\/site\\\/#organization\",\"name\":\"Site do Marcelo Lopes\",\"url\":\"https:\\\/\\\/marcelolopes.jor.br\\\/site\\\/\",\"logo\":{\"@type\":\"ImageObject\",\"inLanguage\":\"pt-BR\",\"@id\":\"https:\\\/\\\/marcelolopes.jor.br\\\/site\\\/#\\\/schema\\\/logo\\\/image\\\/\",\"url\":\"https:\\\/\\\/marcelolopes.jor.br\\\/site\\\/wp-content\\\/uploads\\\/2024\\\/11\\\/logo-1.png\",\"contentUrl\":\"https:\\\/\\\/marcelolopes.jor.br\\\/site\\\/wp-content\\\/uploads\\\/2024\\\/11\\\/logo-1.png\",\"width\":475,\"height\":80,\"caption\":\"Site do Marcelo Lopes\"},\"image\":{\"@id\":\"https:\\\/\\\/marcelolopes.jor.br\\\/site\\\/#\\\/schema\\\/logo\\\/image\\\/\"},\"sameAs\":[\"https:\\\/\\\/www.facebook.com\\\/sitedomarcelolopes\",\"https:\\\/\\\/www.instagram.com\\\/sitedomarcelolopes\\\/\",\"https:\\\/\\\/www.linkedin.com\\\/company\\\/site-do-marcelo-lopes\\\/\",\"https:\\\/\\\/www.youtube.com\\\/user\\\/marcelolopes957\"]},{\"@type\":\"Person\",\"@id\":\"https:\\\/\\\/marcelolopes.jor.br\\\/site\\\/#\\\/schema\\\/person\\\/3e7216a35c34d8fdf952b31da3d1f89f\",\"name\":\"Marcelo Lopes\",\"sameAs\":[\"http:\\\/\\\/www.marcelolopes.jor.br\"],\"url\":\"https:\\\/\\\/marcelolopes.jor.br\\\/site\\\/author\\\/marcelo\\\/\"}]}<\/script>\n<!-- \/ Yoast SEO plugin. -->","yoast_head_json":{"title":"MEC divulga resultado da segunda chamada do Prouni","description":"MEC divulga resultado da segunda chamada do Prouni. Saiba como consultar a lista que pode ser consultada at\u00e9 o dia 21.","robots":{"index":"index","follow":"follow","max-snippet":"max-snippet:-1","max-image-preview":"max-image-preview:large","max-video-preview":"max-video-preview:-1"},"canonical":"https:\/\/marcelolopes.jor.br\/site\/2022\/03\/21\/mec-divulga-resultado-da-segunda-chamada-do-prouni\/","og_locale":"pt_BR","og_type":"article","og_title":"MEC divulga resultado da segunda chamada do Prouni","og_description":"MEC divulga resultado da segunda chamada do Prouni. Saiba como consultar a lista que pode ser consultada at\u00e9 o dia 21.","og_url":"https:\/\/marcelolopes.jor.br\/site\/2022\/03\/21\/mec-divulga-resultado-da-segunda-chamada-do-prouni\/","og_site_name":"Marcelo Lopes","article_publisher":"https:\/\/www.facebook.com\/sitedomarcelolopes","article_published_time":"2022-03-21T19:00:06+00:00","article_modified_time":"2023-06-26T14:29:40+00:00","og_image":[{"width":800,"height":450,"url":"https:\/\/marcelolopes.jor.br\/site\/wp-content\/uploads\/2020\/10\/Fachada-FIC-1.jpg","type":"image\/jpeg"}],"author":"Marcelo Lopes","twitter_card":"summary_large_image","twitter_misc":{"Escrito por":"Marcelo Lopes","Est. tempo de leitura":"1 minuto"},"schema":{"@context":"https:\/\/schema.org","@graph":[{"@type":"NewsArticle","@id":"https:\/\/marcelolopes.jor.br\/site\/2022\/03\/21\/mec-divulga-resultado-da-segunda-chamada-do-prouni\/#article","isPartOf":{"@id":"https:\/\/marcelolopes.jor.br\/site\/2022\/03\/21\/mec-divulga-resultado-da-segunda-chamada-do-prouni\/"},"author":{"name":"Marcelo Lopes","@id":"https:\/\/marcelolopes.jor.br\/site\/#\/schema\/person\/3e7216a35c34d8fdf952b31da3d1f89f"},"headline":"MEC divulga resultado da segunda chamada do Prouni","datePublished":"2022-03-21T19:00:06+00:00","dateModified":"2023-06-26T14:29:40+00:00","mainEntityOfPage":{"@id":"https:\/\/marcelolopes.jor.br\/site\/2022\/03\/21\/mec-divulga-resultado-da-segunda-chamada-do-prouni\/"},"wordCount":279,"commentCount":0,"publisher":{"@id":"https:\/\/marcelolopes.jor.br\/site\/#organization"},"image":{"@id":"https:\/\/marcelolopes.jor.br\/site\/2022\/03\/21\/mec-divulga-resultado-da-segunda-chamada-do-prouni\/#primaryimage"},"thumbnailUrl":"https:\/\/marcelolopes.jor.br\/site\/wp-content\/uploads\/2020\/10\/Fachada-FIC-1.jpg","keywords":["ensino superior","Prouni","segunda chamada","universidade particular"],"articleSection":["Not\u00edcias"],"inLanguage":"pt-BR","potentialAction":[{"@type":"CommentAction","name":"Comment","target":["https:\/\/marcelolopes.jor.br\/site\/2022\/03\/21\/mec-divulga-resultado-da-segunda-chamada-do-prouni\/#respond"]}]},{"@type":"WebPage","@id":"https:\/\/marcelolopes.jor.br\/site\/2022\/03\/21\/mec-divulga-resultado-da-segunda-chamada-do-prouni\/","url":"https:\/\/marcelolopes.jor.br\/site\/2022\/03\/21\/mec-divulga-resultado-da-segunda-chamada-do-prouni\/","name":"MEC divulga resultado da segunda chamada do Prouni","isPartOf":{"@id":"https:\/\/marcelolopes.jor.br\/site\/#website"},"primaryImageOfPage":{"@id":"https:\/\/marcelolopes.jor.br\/site\/2022\/03\/21\/mec-divulga-resultado-da-segunda-chamada-do-prouni\/#primaryimage"},"image":{"@id":"https:\/\/marcelolopes.jor.br\/site\/2022\/03\/21\/mec-divulga-resultado-da-segunda-chamada-do-prouni\/#primaryimage"},"thumbnailUrl":"https:\/\/marcelolopes.jor.br\/site\/wp-content\/uploads\/2020\/10\/Fachada-FIC-1.jpg","datePublished":"2022-03-21T19:00:06+00:00","dateModified":"2023-06-26T14:29:40+00:00","description":"MEC divulga resultado da segunda chamada do Prouni. Saiba como consultar a lista que pode ser consultada at\u00e9 o dia 21.","breadcrumb":{"@id":"https:\/\/marcelolopes.jor.br\/site\/2022\/03\/21\/mec-divulga-resultado-da-segunda-chamada-do-prouni\/#breadcrumb"},"inLanguage":"pt-BR","potentialAction":[{"@type":"ReadAction","target":["https:\/\/marcelolopes.jor.br\/site\/2022\/03\/21\/mec-divulga-resultado-da-segunda-chamada-do-prouni\/"]}]},{"@type":"ImageObject","inLanguage":"pt-BR","@id":"https:\/\/marcelolopes.jor.br\/site\/2022\/03\/21\/mec-divulga-resultado-da-segunda-chamada-do-prouni\/#primaryimage","url":"https:\/\/marcelolopes.jor.br\/site\/wp-content\/uploads\/2020\/10\/Fachada-FIC-1.jpg","contentUrl":"https:\/\/marcelolopes.jor.br\/site\/wp-content\/uploads\/2020\/10\/Fachada-FIC-1.jpg","width":800,"height":450,"caption":"MEC divulga resultado da"},{"@type":"BreadcrumbList","@id":"https:\/\/marcelolopes.jor.br\/site\/2022\/03\/21\/mec-divulga-resultado-da-segunda-chamada-do-prouni\/#breadcrumb","itemListElement":[{"@type":"ListItem","position":1,"name":"Home","item":"https:\/\/marcelolopes.jor.br\/site\/"},{"@type":"ListItem","position":2,"name":"MEC divulga resultado da segunda chamada do Prouni"}]},{"@type":"WebSite","@id":"https:\/\/marcelolopes.jor.br\/site\/#website","url":"https:\/\/marcelolopes.jor.br\/site\/","name":"Marcelo Lopes","description":"Not\u00edcias de Cataguases e Regi\u00e3o","publisher":{"@id":"https:\/\/marcelolopes.jor.br\/site\/#organization"},"potentialAction":[{"@type":"SearchAction","target":{"@type":"EntryPoint","urlTemplate":"https:\/\/marcelolopes.jor.br\/site\/?s={search_term_string}"},"query-input":{"@type":"PropertyValueSpecification","valueRequired":true,"valueName":"search_term_string"}}],"inLanguage":"pt-BR"},{"@type":"Organization","@id":"https:\/\/marcelolopes.jor.br\/site\/#organization","name":"Site do Marcelo Lopes","url":"https:\/\/marcelolopes.jor.br\/site\/","logo":{"@type":"ImageObject","inLanguage":"pt-BR","@id":"https:\/\/marcelolopes.jor.br\/site\/#\/schema\/logo\/image\/","url":"https:\/\/marcelolopes.jor.br\/site\/wp-content\/uploads\/2024\/11\/logo-1.png","contentUrl":"https:\/\/marcelolopes.jor.br\/site\/wp-content\/uploads\/2024\/11\/logo-1.png","width":475,"height":80,"caption":"Site do Marcelo Lopes"},"image":{"@id":"https:\/\/marcelolopes.jor.br\/site\/#\/schema\/logo\/image\/"},"sameAs":["https:\/\/www.facebook.com\/sitedomarcelolopes","https:\/\/www.instagram.com\/sitedomarcelolopes\/","https:\/\/www.linkedin.com\/company\/site-do-marcelo-lopes\/","https:\/\/www.youtube.com\/user\/marcelolopes957"]},{"@type":"Person","@id":"https:\/\/marcelolopes.jor.br\/site\/#\/schema\/person\/3e7216a35c34d8fdf952b31da3d1f89f","name":"Marcelo Lopes","sameAs":["http:\/\/www.marcelolopes.jor.br"],"url":"https:\/\/marcelolopes.jor.br\/site\/author\/marcelo\/"}]}},"wps_subtitle":"Saiba como consultar a lista.","_links":{"self":[{"href":"https:\/\/marcelolopes.jor.br\/site\/wp-json\/wp\/v2\/posts\/31707","targetHints":{"allow":["GET"]}}],"collection":[{"href":"https:\/\/marcelolopes.jor.br\/site\/wp-json\/wp\/v2\/posts"}],"about":[{"href":"https:\/\/marcelolopes.jor.br\/site\/wp-json\/wp\/v2\/types\/post"}],"author":[{"embeddable":true,"href":"https:\/\/marcelolopes.jor.br\/site\/wp-json\/wp\/v2\/users\/2"}],"replies":[{"embeddable":true,"href":"https:\/\/marcelolopes.jor.br\/site\/wp-json\/wp\/v2\/comments?post=31707"}],"version-history":[{"count":0,"href":"https:\/\/marcelolopes.jor.br\/site\/wp-json\/wp\/v2\/posts\/31707\/revisions"}],"wp:featuredmedia":[{"embeddable":true,"href":"https:\/\/marcelolopes.jor.br\/site\/wp-json\/wp\/v2\/media\/18305"}],"wp:attachment":[{"href":"https:\/\/marcelolopes.jor.br\/site\/wp-json\/wp\/v2\/media?parent=31707"}],"wp:term":[{"taxonomy":"category","embeddable":true,"href":"https:\/\/marcelolopes.jor.br\/site\/wp-json\/wp\/v2\/categories?post=31707"},{"taxonomy":"post_tag","embeddable":true,"href":"https:\/\/marcelolopes.jor.br\/site\/wp-json\/wp\/v2\/tags?post=31707"}],"curies":[{"name":"wp","href":"https:\/\/api.w.org\/{rel}","templated":true}]}}