{"id":31677,"date":"2022-03-19T19:00:25","date_gmt":"2022-03-19T22:00:25","guid":{"rendered":"https:\/\/marcelolopes.jor.br\/?p=31677"},"modified":"2022-03-19T17:46:55","modified_gmt":"2022-03-19T20:46:55","slug":"centro-cultural-sicoob-coopemata-comemora-quatro-anos-de-historia","status":"publish","type":"post","link":"https:\/\/marcelolopes.jor.br\/site\/2022\/03\/19\/centro-cultural-sicoob-coopemata-comemora-quatro-anos-de-historia\/","title":{"rendered":"Centro Cultural Sicoob Coopemata comemora quatro anos de hist\u00f3ria"},"content":{"rendered":"<p style=\"text-align: justify;\">O Centro Cultural Sicoob Coopemata (CCSC) celebra neste s\u00e1bado, dia 19 de mar\u00e7o, quatro anos de exist\u00eancia. O espa\u00e7o \u00e9 uma iniciativa criada para reunir arte, cultura e educa\u00e7\u00e3o em um mesmo local. \u00a0O CCSC atende atualmente mais de 300 pessoas, dando oportunidade para diversas crian\u00e7as, jovens e adultos terem acesso a diversas aulas, como teatro, canto, teclado, flauta, viol\u00e3o, dan\u00e7a, conta\u00e7\u00e3o de hist\u00f3rias, desenho.<!--more--><\/p>\n<p style=\"text-align: justify;\">\u201c\u00c9 com muita alegria e orgulho que comemoramos os quatro anos de hist\u00f3ria do Centro Cultural Sicoob Coopemata, com o prop\u00f3sito de fazer a diferen\u00e7a, ajudar os pais no desenvolvimento de nossas crian\u00e7as e jovens, por meio da m\u00fasica, cultura, artes\u201d, ressaltou o presidente do Conselho de Administra\u00e7\u00e3o do Sicoob Coopemata, C\u00e9sar Augusto Mattos.<\/p>\n<p style=\"text-align: justify;\">Ele aproveitou a data para parabenizar e agradecer aos professores, pais e alunos pela propaga\u00e7\u00e3o dos valores e inten\u00e7\u00f5es do Centro Cultural. \u201cTemos plena convic\u00e7\u00e3o do papel transformador do conhecimento disponibilizado nesse espa\u00e7o para as futuras gera\u00e7\u00f5es da cidade e regi\u00e3o, que vivenciam o cooperativismo\u201d, finalizou C\u00e9sar Mattos.<\/p>\n<p>De acordo com o diretor do Centro Cultural, Geraldo Majella Mazini, \u00e9 mais que um somat\u00f3rio de dias, mas sim a celebra\u00e7\u00e3o da viv\u00eancia e conviv\u00eancia que a institui\u00e7\u00e3o oportuniza. \u201cO aprendizado de uma modalidade \u00e9 apenas o in\u00edcio de uma caminhada, convidando ao desenvolvimento integral cada um que tem a oportunidade de aqui estar\u201d, destacou Majella.<\/p>\n<p style=\"text-align: justify;\">Assista abaixo ao v\u00eddeo de celebra\u00e7\u00e3o dos quatro anos do Centro Cultural Sicoob Coopemata.<\/p>\n<p><iframe loading=\"lazy\" title=\"Anivers\u00e1rio de 4 anos Centro Cultural Sicoob Coopemata\" width=\"880\" height=\"495\" src=\"https:\/\/www.youtube.com\/embed\/k070TxWlYiw?feature=oembed\" frameborder=\"0\" allow=\"accelerometer; autoplay; clipboard-write; encrypted-media; gyroscope; picture-in-picture\" allowfullscreen><\/iframe><\/p>\n<h3 style=\"text-align: justify;\">Hist\u00f3ria<\/h3>\n<p style=\"text-align: justify;\">Engajado no 7\u00ba princ\u00edpio do cooperativismo, Interesse pela Comunidade, o Sicoob Coopemata &#8211; desde de 2014 &#8211; mant\u00e9m um projeto direcionado para a forma\u00e7\u00e3o integral de crian\u00e7as e jovens por meio da m\u00fasica e demais formas art\u00edsticas.<\/p>\n<p style=\"text-align: justify;\">Durante os quatro primeiros anos, o projeto aconteceu em um sal\u00e3o paroquial, depois nas sedes administrativas do Sicoob Coopemata, mas com o crescimento e amadurecimento da iniciativa, requereu ent\u00e3o um espa\u00e7o mais adequado para receb\u00ea-lo.<\/p>\n<p style=\"text-align: justify;\">Movido por essa raz\u00e3o e com a possibilidade de ampliar ainda mais os trabalhos realizados pelo Sicoob Coopemata no \u00e2mbito social, em parceria com a Diocese de Leopoldina, por meio de um contrato de comodato, na data de 19 de mar\u00e7o de 2018, foi inaugurado o Centro Cultural Sicoob Coopemata (CCSC).<\/p>\n<p style=\"text-align: justify;\">O espa\u00e7o desenvolve suas atividades em um im\u00f3vel tombado pelo Instituto do Patrim\u00f4nio Hist\u00f3rico e Art\u00edstico Nacional (IPHAN), por ser uma refer\u00eancia da arquitetura modernista que fica situado na Avenida Astolfo Dutra, 166 &#8211; Centro, em Cataguases\/MG.<\/p>\n<p><img loading=\"lazy\" decoding=\"async\" class=\"aligncenter wp-image-31679 size-full\" src=\"https:\/\/marcelolopes.jor.br\/site\/wp-content\/uploads\/2022\/03\/Banda.jpg\" alt=\"\" width=\"700\" height=\"444\" srcset=\"https:\/\/marcelolopes.jor.br\/site\/wp-content\/uploads\/2022\/03\/Banda.jpg 700w, https:\/\/marcelolopes.jor.br\/site\/wp-content\/uploads\/2022\/03\/Banda-300x190.jpg 300w\" sizes=\"auto, (max-width: 700px) 100vw, 700px\" \/><\/p>\n<p style=\"text-align: justify;\">Texto: Heldnea Sim\u00f5es | Foto: Arquivo | V\u00eddeo: CCSC<\/p>\n<div class=\"zvytn69f75dbb9bb83\" ><br><\/div><style type=\"text\/css\">\r\n@media screen and (min-width: 1201px) {\r\n.zvytn69f75dbb9bb83 {\r\ndisplay: block;\r\n}\r\n}\r\n@media screen and (min-width: 993px) and (max-width: 1200px) {\r\n.zvytn69f75dbb9bb83 {\r\ndisplay: block;\r\n}\r\n}\r\n@media screen and (min-width: 769px) and (max-width: 992px) {\r\n.zvytn69f75dbb9bb83 {\r\ndisplay: block;\r\n}\r\n}\r\n@media screen and (min-width: 768px) and (max-width: 768px) {\r\n.zvytn69f75dbb9bb83 {\r\ndisplay: block;\r\n}\r\n}\r\n@media screen and (max-width: 767px) {\r\n.zvytn69f75dbb9bb83 {\r\ndisplay: block;\r\n}\r\n}\r\n<\/style>\r\n<div class=\"otrgj69f75dbba17a7\" ><div id=\"div_destino\"><\/div>\r\n<script src=\"https:\/\/cdn.snsrsv.com\/sdk.js\"><\/script>\r\n<script >\r\n      new sdk(\"464030C30061EA8BE065000000000001\") \r\n          .appendTo(\"div_destino\")\r\n          .disableStyle(true) \r\n          .setCacheBusterMacro(\"%%CACHEBUSTER%%\")\r\n          .setSize(\"800\",\"214\")\r\n          .setClickMacro(\"%%CLICK_URL_ESC%%\") \r\n          .setReferrerUrlMacro(\"%%REFERRER_URL_ESC%%\") \r\n          .start(); \r\n<\/script><\/div><style type=\"text\/css\">\r\n@media screen and (min-width: 1201px) {\r\n.otrgj69f75dbba17a7 {\r\ndisplay: block;\r\n}\r\n}\r\n@media screen and (min-width: 993px) and (max-width: 1200px) {\r\n.otrgj69f75dbba17a7 {\r\ndisplay: block;\r\n}\r\n}\r\n@media screen and (min-width: 769px) and (max-width: 992px) {\r\n.otrgj69f75dbba17a7 {\r\ndisplay: block;\r\n}\r\n}\r\n@media screen and (min-width: 768px) and (max-width: 768px) {\r\n.otrgj69f75dbba17a7 {\r\ndisplay: block;\r\n}\r\n}\r\n@media screen and (max-width: 767px) {\r\n.otrgj69f75dbba17a7 {\r\ndisplay: block;\r\n}\r\n}\r\n<\/style>\r\n","protected":false},"excerpt":{"rendered":"<p>O Centro Cultural Sicoob Coopemata (CCSC) celebra neste s\u00e1bado, dia 19 de mar\u00e7o, quatro anos de exist\u00eancia. O espa\u00e7o \u00e9 uma iniciativa criada para reunir arte, cultura e educa\u00e7\u00e3o em um mesmo local. \u00a0O CCSC atende atualmente mais de 300<\/p>\n<p class=\"link-more\"><a class=\"more-link\" href=\"https:\/\/marcelolopes.jor.br\/site\/2022\/03\/19\/centro-cultural-sicoob-coopemata-comemora-quatro-anos-de-historia\/\">Leia mais <span class=\"screen-reader-text\">Centro Cultural Sicoob Coopemata comemora quatro anos de hist\u00f3ria<\/span><\/a><\/p>\n","protected":false},"author":2,"featured_media":25853,"comment_status":"open","ping_status":"open","sticky":false,"template":"","format":"standard","meta":{"footnotes":""},"categories":[1],"tags":[5663,3309,3761,370],"class_list":["post-31677","post","type-post","status-publish","format-standard","has-post-thumbnail","hentry","category-noticias","tag-aniversario-do-centro-cultural-sicoob-coopemata","tag-centro-cultural-sicoob","tag-cultura-e-arte","tag-sicoob-coopemata","thumb-below-title"],"yoast_head":"<!-- This site is optimized with the Yoast SEO plugin v27.4 - https:\/\/yoast.com\/product\/yoast-seo-wordpress\/ -->\n<title>Centro Cultural Sicoob Coopemata comemora quatro anos de hist\u00f3ria | Marcelo Lopes<\/title>\n<meta name=\"robots\" content=\"index, follow, max-snippet:-1, max-image-preview:large, max-video-preview:-1\" \/>\n<link rel=\"canonical\" href=\"https:\/\/marcelolopes.jor.br\/site\/2022\/03\/19\/centro-cultural-sicoob-coopemata-comemora-quatro-anos-de-historia\/\" \/>\n<meta property=\"og:locale\" content=\"pt_BR\" \/>\n<meta property=\"og:type\" content=\"article\" \/>\n<meta property=\"og:title\" content=\"Centro Cultural Sicoob Coopemata comemora quatro anos de hist\u00f3ria | Marcelo Lopes\" \/>\n<meta property=\"og:description\" content=\"O Centro Cultural Sicoob Coopemata (CCSC) celebra neste s\u00e1bado, dia 19 de mar\u00e7o, quatro anos de exist\u00eancia. O espa\u00e7o \u00e9 uma iniciativa criada para reunir arte, cultura e educa\u00e7\u00e3o em um mesmo local. \u00a0O CCSC atende atualmente mais de 300Leia mais Centro Cultural Sicoob Coopemata comemora quatro anos de hist\u00f3ria\" \/>\n<meta property=\"og:url\" content=\"https:\/\/marcelolopes.jor.br\/site\/2022\/03\/19\/centro-cultural-sicoob-coopemata-comemora-quatro-anos-de-historia\/\" \/>\n<meta property=\"og:site_name\" content=\"Marcelo Lopes\" \/>\n<meta property=\"article:publisher\" content=\"https:\/\/www.facebook.com\/sitedomarcelolopes\" \/>\n<meta property=\"article:published_time\" content=\"2022-03-19T22:00:25+00:00\" \/>\n<meta property=\"og:image\" content=\"https:\/\/marcelolopes.jor.br\/site\/wp-content\/uploads\/2021\/08\/Fachada-Sicoob-Cultural.jpg\" \/>\n\t<meta property=\"og:image:width\" content=\"800\" \/>\n\t<meta property=\"og:image:height\" content=\"450\" \/>\n\t<meta property=\"og:image:type\" content=\"image\/jpeg\" \/>\n<meta name=\"author\" content=\"Marcelo Lopes\" \/>\n<meta name=\"twitter:card\" content=\"summary_large_image\" \/>\n<meta name=\"twitter:label1\" content=\"Escrito por\" \/>\n\t<meta name=\"twitter:data1\" content=\"Marcelo Lopes\" \/>\n\t<meta name=\"twitter:label2\" content=\"Est. tempo de leitura\" \/>\n\t<meta name=\"twitter:data2\" content=\"2 minutos\" \/>\n<script type=\"application\/ld+json\" class=\"yoast-schema-graph\">{\"@context\":\"https:\\\/\\\/schema.org\",\"@graph\":[{\"@type\":\"NewsArticle\",\"@id\":\"https:\\\/\\\/marcelolopes.jor.br\\\/site\\\/2022\\\/03\\\/19\\\/centro-cultural-sicoob-coopemata-comemora-quatro-anos-de-historia\\\/#article\",\"isPartOf\":{\"@id\":\"https:\\\/\\\/marcelolopes.jor.br\\\/site\\\/2022\\\/03\\\/19\\\/centro-cultural-sicoob-coopemata-comemora-quatro-anos-de-historia\\\/\"},\"author\":{\"name\":\"Marcelo Lopes\",\"@id\":\"https:\\\/\\\/marcelolopes.jor.br\\\/site\\\/#\\\/schema\\\/person\\\/3e7216a35c34d8fdf952b31da3d1f89f\"},\"headline\":\"Centro Cultural Sicoob Coopemata comemora quatro anos de hist\u00f3ria\",\"datePublished\":\"2022-03-19T22:00:25+00:00\",\"mainEntityOfPage\":{\"@id\":\"https:\\\/\\\/marcelolopes.jor.br\\\/site\\\/2022\\\/03\\\/19\\\/centro-cultural-sicoob-coopemata-comemora-quatro-anos-de-historia\\\/\"},\"wordCount\":464,\"commentCount\":0,\"publisher\":{\"@id\":\"https:\\\/\\\/marcelolopes.jor.br\\\/site\\\/#organization\"},\"image\":{\"@id\":\"https:\\\/\\\/marcelolopes.jor.br\\\/site\\\/2022\\\/03\\\/19\\\/centro-cultural-sicoob-coopemata-comemora-quatro-anos-de-historia\\\/#primaryimage\"},\"thumbnailUrl\":\"https:\\\/\\\/marcelolopes.jor.br\\\/site\\\/wp-content\\\/uploads\\\/2021\\\/08\\\/Fachada-Sicoob-Cultural.jpg\",\"keywords\":[\"anivers\u00e1rio do Centro Cultural Sicoob Coopemata\",\"Centro Cultural Sicoob\",\"cultura e arte\",\"Sicoob Coopemata\"],\"articleSection\":[\"Not\u00edcias\"],\"inLanguage\":\"pt-BR\",\"potentialAction\":[{\"@type\":\"CommentAction\",\"name\":\"Comment\",\"target\":[\"https:\\\/\\\/marcelolopes.jor.br\\\/site\\\/2022\\\/03\\\/19\\\/centro-cultural-sicoob-coopemata-comemora-quatro-anos-de-historia\\\/#respond\"]}]},{\"@type\":\"WebPage\",\"@id\":\"https:\\\/\\\/marcelolopes.jor.br\\\/site\\\/2022\\\/03\\\/19\\\/centro-cultural-sicoob-coopemata-comemora-quatro-anos-de-historia\\\/\",\"url\":\"https:\\\/\\\/marcelolopes.jor.br\\\/site\\\/2022\\\/03\\\/19\\\/centro-cultural-sicoob-coopemata-comemora-quatro-anos-de-historia\\\/\",\"name\":\"Centro Cultural Sicoob Coopemata comemora quatro anos de hist\u00f3ria | Marcelo Lopes\",\"isPartOf\":{\"@id\":\"https:\\\/\\\/marcelolopes.jor.br\\\/site\\\/#website\"},\"primaryImageOfPage\":{\"@id\":\"https:\\\/\\\/marcelolopes.jor.br\\\/site\\\/2022\\\/03\\\/19\\\/centro-cultural-sicoob-coopemata-comemora-quatro-anos-de-historia\\\/#primaryimage\"},\"image\":{\"@id\":\"https:\\\/\\\/marcelolopes.jor.br\\\/site\\\/2022\\\/03\\\/19\\\/centro-cultural-sicoob-coopemata-comemora-quatro-anos-de-historia\\\/#primaryimage\"},\"thumbnailUrl\":\"https:\\\/\\\/marcelolopes.jor.br\\\/site\\\/wp-content\\\/uploads\\\/2021\\\/08\\\/Fachada-Sicoob-Cultural.jpg\",\"datePublished\":\"2022-03-19T22:00:25+00:00\",\"breadcrumb\":{\"@id\":\"https:\\\/\\\/marcelolopes.jor.br\\\/site\\\/2022\\\/03\\\/19\\\/centro-cultural-sicoob-coopemata-comemora-quatro-anos-de-historia\\\/#breadcrumb\"},\"inLanguage\":\"pt-BR\",\"potentialAction\":[{\"@type\":\"ReadAction\",\"target\":[\"https:\\\/\\\/marcelolopes.jor.br\\\/site\\\/2022\\\/03\\\/19\\\/centro-cultural-sicoob-coopemata-comemora-quatro-anos-de-historia\\\/\"]}]},{\"@type\":\"ImageObject\",\"inLanguage\":\"pt-BR\",\"@id\":\"https:\\\/\\\/marcelolopes.jor.br\\\/site\\\/2022\\\/03\\\/19\\\/centro-cultural-sicoob-coopemata-comemora-quatro-anos-de-historia\\\/#primaryimage\",\"url\":\"https:\\\/\\\/marcelolopes.jor.br\\\/site\\\/wp-content\\\/uploads\\\/2021\\\/08\\\/Fachada-Sicoob-Cultural.jpg\",\"contentUrl\":\"https:\\\/\\\/marcelolopes.jor.br\\\/site\\\/wp-content\\\/uploads\\\/2021\\\/08\\\/Fachada-Sicoob-Cultural.jpg\",\"width\":800,\"height\":450},{\"@type\":\"BreadcrumbList\",\"@id\":\"https:\\\/\\\/marcelolopes.jor.br\\\/site\\\/2022\\\/03\\\/19\\\/centro-cultural-sicoob-coopemata-comemora-quatro-anos-de-historia\\\/#breadcrumb\",\"itemListElement\":[{\"@type\":\"ListItem\",\"position\":1,\"name\":\"Home\",\"item\":\"https:\\\/\\\/marcelolopes.jor.br\\\/site\\\/\"},{\"@type\":\"ListItem\",\"position\":2,\"name\":\"Centro Cultural Sicoob Coopemata comemora quatro anos de hist\u00f3ria\"}]},{\"@type\":\"WebSite\",\"@id\":\"https:\\\/\\\/marcelolopes.jor.br\\\/site\\\/#website\",\"url\":\"https:\\\/\\\/marcelolopes.jor.br\\\/site\\\/\",\"name\":\"Marcelo Lopes\",\"description\":\"Not\u00edcias de Cataguases e Regi\u00e3o\",\"publisher\":{\"@id\":\"https:\\\/\\\/marcelolopes.jor.br\\\/site\\\/#organization\"},\"potentialAction\":[{\"@type\":\"SearchAction\",\"target\":{\"@type\":\"EntryPoint\",\"urlTemplate\":\"https:\\\/\\\/marcelolopes.jor.br\\\/site\\\/?s={search_term_string}\"},\"query-input\":{\"@type\":\"PropertyValueSpecification\",\"valueRequired\":true,\"valueName\":\"search_term_string\"}}],\"inLanguage\":\"pt-BR\"},{\"@type\":\"Organization\",\"@id\":\"https:\\\/\\\/marcelolopes.jor.br\\\/site\\\/#organization\",\"name\":\"Site do Marcelo Lopes\",\"url\":\"https:\\\/\\\/marcelolopes.jor.br\\\/site\\\/\",\"logo\":{\"@type\":\"ImageObject\",\"inLanguage\":\"pt-BR\",\"@id\":\"https:\\\/\\\/marcelolopes.jor.br\\\/site\\\/#\\\/schema\\\/logo\\\/image\\\/\",\"url\":\"https:\\\/\\\/marcelolopes.jor.br\\\/site\\\/wp-content\\\/uploads\\\/2024\\\/11\\\/logo-1.png\",\"contentUrl\":\"https:\\\/\\\/marcelolopes.jor.br\\\/site\\\/wp-content\\\/uploads\\\/2024\\\/11\\\/logo-1.png\",\"width\":475,\"height\":80,\"caption\":\"Site do Marcelo Lopes\"},\"image\":{\"@id\":\"https:\\\/\\\/marcelolopes.jor.br\\\/site\\\/#\\\/schema\\\/logo\\\/image\\\/\"},\"sameAs\":[\"https:\\\/\\\/www.facebook.com\\\/sitedomarcelolopes\",\"https:\\\/\\\/www.instagram.com\\\/sitedomarcelolopes\\\/\",\"https:\\\/\\\/www.linkedin.com\\\/company\\\/site-do-marcelo-lopes\\\/\",\"https:\\\/\\\/www.youtube.com\\\/user\\\/marcelolopes957\"]},{\"@type\":\"Person\",\"@id\":\"https:\\\/\\\/marcelolopes.jor.br\\\/site\\\/#\\\/schema\\\/person\\\/3e7216a35c34d8fdf952b31da3d1f89f\",\"name\":\"Marcelo Lopes\",\"sameAs\":[\"http:\\\/\\\/www.marcelolopes.jor.br\"],\"url\":\"https:\\\/\\\/marcelolopes.jor.br\\\/site\\\/author\\\/marcelo\\\/\"}]}<\/script>\n<!-- \/ Yoast SEO plugin. -->","yoast_head_json":{"title":"Centro Cultural Sicoob Coopemata comemora quatro anos de hist\u00f3ria | Marcelo Lopes","robots":{"index":"index","follow":"follow","max-snippet":"max-snippet:-1","max-image-preview":"max-image-preview:large","max-video-preview":"max-video-preview:-1"},"canonical":"https:\/\/marcelolopes.jor.br\/site\/2022\/03\/19\/centro-cultural-sicoob-coopemata-comemora-quatro-anos-de-historia\/","og_locale":"pt_BR","og_type":"article","og_title":"Centro Cultural Sicoob Coopemata comemora quatro anos de hist\u00f3ria | Marcelo Lopes","og_description":"O Centro Cultural Sicoob Coopemata (CCSC) celebra neste s\u00e1bado, dia 19 de mar\u00e7o, quatro anos de exist\u00eancia. O espa\u00e7o \u00e9 uma iniciativa criada para reunir arte, cultura e educa\u00e7\u00e3o em um mesmo local. \u00a0O CCSC atende atualmente mais de 300Leia mais Centro Cultural Sicoob Coopemata comemora quatro anos de hist\u00f3ria","og_url":"https:\/\/marcelolopes.jor.br\/site\/2022\/03\/19\/centro-cultural-sicoob-coopemata-comemora-quatro-anos-de-historia\/","og_site_name":"Marcelo Lopes","article_publisher":"https:\/\/www.facebook.com\/sitedomarcelolopes","article_published_time":"2022-03-19T22:00:25+00:00","og_image":[{"width":800,"height":450,"url":"https:\/\/marcelolopes.jor.br\/site\/wp-content\/uploads\/2021\/08\/Fachada-Sicoob-Cultural.jpg","type":"image\/jpeg"}],"author":"Marcelo Lopes","twitter_card":"summary_large_image","twitter_misc":{"Escrito por":"Marcelo Lopes","Est. tempo de leitura":"2 minutos"},"schema":{"@context":"https:\/\/schema.org","@graph":[{"@type":"NewsArticle","@id":"https:\/\/marcelolopes.jor.br\/site\/2022\/03\/19\/centro-cultural-sicoob-coopemata-comemora-quatro-anos-de-historia\/#article","isPartOf":{"@id":"https:\/\/marcelolopes.jor.br\/site\/2022\/03\/19\/centro-cultural-sicoob-coopemata-comemora-quatro-anos-de-historia\/"},"author":{"name":"Marcelo Lopes","@id":"https:\/\/marcelolopes.jor.br\/site\/#\/schema\/person\/3e7216a35c34d8fdf952b31da3d1f89f"},"headline":"Centro Cultural Sicoob Coopemata comemora quatro anos de hist\u00f3ria","datePublished":"2022-03-19T22:00:25+00:00","mainEntityOfPage":{"@id":"https:\/\/marcelolopes.jor.br\/site\/2022\/03\/19\/centro-cultural-sicoob-coopemata-comemora-quatro-anos-de-historia\/"},"wordCount":464,"commentCount":0,"publisher":{"@id":"https:\/\/marcelolopes.jor.br\/site\/#organization"},"image":{"@id":"https:\/\/marcelolopes.jor.br\/site\/2022\/03\/19\/centro-cultural-sicoob-coopemata-comemora-quatro-anos-de-historia\/#primaryimage"},"thumbnailUrl":"https:\/\/marcelolopes.jor.br\/site\/wp-content\/uploads\/2021\/08\/Fachada-Sicoob-Cultural.jpg","keywords":["anivers\u00e1rio do Centro Cultural Sicoob Coopemata","Centro Cultural Sicoob","cultura e arte","Sicoob Coopemata"],"articleSection":["Not\u00edcias"],"inLanguage":"pt-BR","potentialAction":[{"@type":"CommentAction","name":"Comment","target":["https:\/\/marcelolopes.jor.br\/site\/2022\/03\/19\/centro-cultural-sicoob-coopemata-comemora-quatro-anos-de-historia\/#respond"]}]},{"@type":"WebPage","@id":"https:\/\/marcelolopes.jor.br\/site\/2022\/03\/19\/centro-cultural-sicoob-coopemata-comemora-quatro-anos-de-historia\/","url":"https:\/\/marcelolopes.jor.br\/site\/2022\/03\/19\/centro-cultural-sicoob-coopemata-comemora-quatro-anos-de-historia\/","name":"Centro Cultural Sicoob Coopemata comemora quatro anos de hist\u00f3ria | Marcelo Lopes","isPartOf":{"@id":"https:\/\/marcelolopes.jor.br\/site\/#website"},"primaryImageOfPage":{"@id":"https:\/\/marcelolopes.jor.br\/site\/2022\/03\/19\/centro-cultural-sicoob-coopemata-comemora-quatro-anos-de-historia\/#primaryimage"},"image":{"@id":"https:\/\/marcelolopes.jor.br\/site\/2022\/03\/19\/centro-cultural-sicoob-coopemata-comemora-quatro-anos-de-historia\/#primaryimage"},"thumbnailUrl":"https:\/\/marcelolopes.jor.br\/site\/wp-content\/uploads\/2021\/08\/Fachada-Sicoob-Cultural.jpg","datePublished":"2022-03-19T22:00:25+00:00","breadcrumb":{"@id":"https:\/\/marcelolopes.jor.br\/site\/2022\/03\/19\/centro-cultural-sicoob-coopemata-comemora-quatro-anos-de-historia\/#breadcrumb"},"inLanguage":"pt-BR","potentialAction":[{"@type":"ReadAction","target":["https:\/\/marcelolopes.jor.br\/site\/2022\/03\/19\/centro-cultural-sicoob-coopemata-comemora-quatro-anos-de-historia\/"]}]},{"@type":"ImageObject","inLanguage":"pt-BR","@id":"https:\/\/marcelolopes.jor.br\/site\/2022\/03\/19\/centro-cultural-sicoob-coopemata-comemora-quatro-anos-de-historia\/#primaryimage","url":"https:\/\/marcelolopes.jor.br\/site\/wp-content\/uploads\/2021\/08\/Fachada-Sicoob-Cultural.jpg","contentUrl":"https:\/\/marcelolopes.jor.br\/site\/wp-content\/uploads\/2021\/08\/Fachada-Sicoob-Cultural.jpg","width":800,"height":450},{"@type":"BreadcrumbList","@id":"https:\/\/marcelolopes.jor.br\/site\/2022\/03\/19\/centro-cultural-sicoob-coopemata-comemora-quatro-anos-de-historia\/#breadcrumb","itemListElement":[{"@type":"ListItem","position":1,"name":"Home","item":"https:\/\/marcelolopes.jor.br\/site\/"},{"@type":"ListItem","position":2,"name":"Centro Cultural Sicoob Coopemata comemora quatro anos de hist\u00f3ria"}]},{"@type":"WebSite","@id":"https:\/\/marcelolopes.jor.br\/site\/#website","url":"https:\/\/marcelolopes.jor.br\/site\/","name":"Marcelo Lopes","description":"Not\u00edcias de Cataguases e Regi\u00e3o","publisher":{"@id":"https:\/\/marcelolopes.jor.br\/site\/#organization"},"potentialAction":[{"@type":"SearchAction","target":{"@type":"EntryPoint","urlTemplate":"https:\/\/marcelolopes.jor.br\/site\/?s={search_term_string}"},"query-input":{"@type":"PropertyValueSpecification","valueRequired":true,"valueName":"search_term_string"}}],"inLanguage":"pt-BR"},{"@type":"Organization","@id":"https:\/\/marcelolopes.jor.br\/site\/#organization","name":"Site do Marcelo Lopes","url":"https:\/\/marcelolopes.jor.br\/site\/","logo":{"@type":"ImageObject","inLanguage":"pt-BR","@id":"https:\/\/marcelolopes.jor.br\/site\/#\/schema\/logo\/image\/","url":"https:\/\/marcelolopes.jor.br\/site\/wp-content\/uploads\/2024\/11\/logo-1.png","contentUrl":"https:\/\/marcelolopes.jor.br\/site\/wp-content\/uploads\/2024\/11\/logo-1.png","width":475,"height":80,"caption":"Site do Marcelo Lopes"},"image":{"@id":"https:\/\/marcelolopes.jor.br\/site\/#\/schema\/logo\/image\/"},"sameAs":["https:\/\/www.facebook.com\/sitedomarcelolopes","https:\/\/www.instagram.com\/sitedomarcelolopes\/","https:\/\/www.linkedin.com\/company\/site-do-marcelo-lopes\/","https:\/\/www.youtube.com\/user\/marcelolopes957"]},{"@type":"Person","@id":"https:\/\/marcelolopes.jor.br\/site\/#\/schema\/person\/3e7216a35c34d8fdf952b31da3d1f89f","name":"Marcelo Lopes","sameAs":["http:\/\/www.marcelolopes.jor.br"],"url":"https:\/\/marcelolopes.jor.br\/site\/author\/marcelo\/"}]}},"wps_subtitle":"Espa\u00e7o atende atualmente mais de 300 pessoas, entre crian\u00e7as, jovens e adultos.","_links":{"self":[{"href":"https:\/\/marcelolopes.jor.br\/site\/wp-json\/wp\/v2\/posts\/31677","targetHints":{"allow":["GET"]}}],"collection":[{"href":"https:\/\/marcelolopes.jor.br\/site\/wp-json\/wp\/v2\/posts"}],"about":[{"href":"https:\/\/marcelolopes.jor.br\/site\/wp-json\/wp\/v2\/types\/post"}],"author":[{"embeddable":true,"href":"https:\/\/marcelolopes.jor.br\/site\/wp-json\/wp\/v2\/users\/2"}],"replies":[{"embeddable":true,"href":"https:\/\/marcelolopes.jor.br\/site\/wp-json\/wp\/v2\/comments?post=31677"}],"version-history":[{"count":0,"href":"https:\/\/marcelolopes.jor.br\/site\/wp-json\/wp\/v2\/posts\/31677\/revisions"}],"wp:featuredmedia":[{"embeddable":true,"href":"https:\/\/marcelolopes.jor.br\/site\/wp-json\/wp\/v2\/media\/25853"}],"wp:attachment":[{"href":"https:\/\/marcelolopes.jor.br\/site\/wp-json\/wp\/v2\/media?parent=31677"}],"wp:term":[{"taxonomy":"category","embeddable":true,"href":"https:\/\/marcelolopes.jor.br\/site\/wp-json\/wp\/v2\/categories?post=31677"},{"taxonomy":"post_tag","embeddable":true,"href":"https:\/\/marcelolopes.jor.br\/site\/wp-json\/wp\/v2\/tags?post=31677"}],"curies":[{"name":"wp","href":"https:\/\/api.w.org\/{rel}","templated":true}]}}